{"id":9944,"date":"2010-10-08T10:41:59","date_gmt":"2010-10-08T08:41:59","guid":{"rendered":"http:\/\/www.tribur.de\/blog\/?p=9944"},"modified":"2010-10-08T10:41:59","modified_gmt":"2010-10-08T08:41:59","slug":"ausstellungstagebuch-t-6-doch-nicht-grmpfff","status":"publish","type":"post","link":"https:\/\/www.tribur.de\/blog\/2010\/10\/08\/ausstellungstagebuch-t-6-doch-nicht-grmpfff\/","title":{"rendered":"Ausstellungstagebuch T-6: doch nicht Grmpfff!"},"content":{"rendered":"<p><a href=\"https:\/\/i0.wp.com\/www.tribur.de\/blog\/wp-content\/uploads\/2010\/10\/uploadmuseum2.jpg?ssl=1\"><img data-recalc-dims=\"1\" loading=\"lazy\" decoding=\"async\" class=\"alignleft size-full wp-image-9945\" title=\"uploadmuseum2\" src=\"https:\/\/i0.wp.com\/www.tribur.de\/blog\/wp-content\/uploads\/2010\/10\/uploadmuseum2.jpg?resize=400%2C268&#038;ssl=1\" alt=\"\" width=\"400\" height=\"268\" srcset=\"https:\/\/i0.wp.com\/www.tribur.de\/blog\/wp-content\/uploads\/2010\/10\/uploadmuseum2.jpg?w=400&amp;ssl=1 400w, https:\/\/i0.wp.com\/www.tribur.de\/blog\/wp-content\/uploads\/2010\/10\/uploadmuseum2.jpg?resize=300%2C201&amp;ssl=1 300w\" sizes=\"auto, (max-width: 400px) 100vw, 400px\" \/><\/a>Sorry, das ich momentan so oft von der Ausstellung schreibe, aber es bestimmt im Moment mein Leben. bis auf 2 Tage ware ich in den vergangenen 2 Wochen jeden Abend nach der Arbeit im Museum. Ich muss sagen das da eine Menge Herzblut drin steckt. Die Probleme die ich gestern hatte haben sich in Wohlgefallen aufgel\u00f6st. Alle Plakate sind gerahmt und h\u00e4ngen nun an den Pl\u00e4tzen die ich daf\u00fcr aus erchoren habe. Der Rechner und der Monitor stehen an dem daf\u00fcr vorgesehenen Platz. Die Videos laufen gut.<br \/>\nEinige Schildchen f\u00fcr Ausstellungsst\u00fccke m\u00fcssen noch geschrieben und Ausgedruckt werden.<\/p>\n<p>Am Montag kommen noch einige Sachen, eine Fanziska und so Zeug. Aber es sieht alles mal gut aus! Samstag kommt dann die Presse und darf sich mal so ein kleinen Vorabeindruck schaffen.<\/p>\n<p>Wir hatten gestern noch ein bisschen mit der Beleuchtung gespielt und schon mal geschaut wie es alles so wirkt. nat\u00fcrlich steht noch ein Arbeitstisch da und nichts ist aufgr\u00e4umt. Auf den Vitrinen sind noch Fingertatscher, aber man sieht schon was es werden soll. Gestern hab ich dann auch schon mal Vorschu\u00dflorbeeren w\u00e4hrend eines Telefonates von einem Historiker bekommen , der meine Arbeit kennt. Und ich war schon ein bisschen stolz. Hab im Auto, als ich um 22:00 Uhr nach Hause gefahren bin, dann auch ein Tr\u00e4nchen verdr\u00fcckt.<\/p>\n<p>Ich hoff mal das der Stress in den n\u00e4chsten Tagen etwas von mir abf\u00e4llt, aber ich bef\u00fcrchte ich werde noch 100.000 Ideen in der letzten Sekunde haben, wie man noch mehr aus den kleinen Ausstellungsr\u00e4umen rausholen k\u00f6nnte.<\/p>\n<p>In den n\u00e4chsten Tagen werde ich vielleicht noch einen kleinen F\u00fchrer durch die Ausstellung schreiben. Ich dachte das w\u00e4re vielleicht hilfreich wenn jemand kommt und so ein bisschen das\u00a0Konzept\u00a0sucht, \u00a0er k\u00f6nnte sich dann so einen laminierten A4 Zettel schnappen, der im sagt: Raum1 \u00a0Memoria (Gedenkraum) Hier finden sie alle K\u00f6nigsaufenthalte und Kurzbiographien zu den Herrschern , die die Pfalz Tribur besuchten. Auf dem Monitor sehen Sie eine Animation zur Baugeschichte der Laurentiuskirche und ein Video \u00fcber Mathilde von Tuszien. Dominiert wird der Raum von einem Thron der dem Aachener Thron \u00a0nachempfunden ist. Er steht symbolisch f\u00fcr den Ort der Herrschaft. In der linken Ecke sehen sie eine bearbeiten Stein, der m\u00f6glicherweise eine S\u00e4ulenbasis darstellt. Er wurde im Pfalzbereich gefunden, seine Herkunft ist aber unklar&#8230;<\/p>\n<p>Irgendwie so&#8230; mal sehen<\/p>\n","protected":false},"excerpt":{"rendered":"<p>Sorry, das ich momentan so oft von der Ausstellung schreibe, aber es bestimmt im Moment mein Leben. bis auf 2 Tage ware ich in den vergangenen 2 Wochen jeden Abend nach der Arbeit im&#46;&#46;&#46;<\/p>\n","protected":false},"author":2,"featured_media":0,"comment_status":"open","ping_status":"open","sticky":false,"template":"","format":"standard","meta":{"jetpack_post_was_ever_published":false,"_jetpack_newsletter_access":"","_jetpack_dont_email_post_to_subs":false,"_jetpack_newsletter_tier_id":0,"_jetpack_memberships_contains_paywalled_content":false,"_jetpack_memberships_contains_paid_content":false,"footnotes":"","jetpack_publicize_message":"","jetpack_publicize_feature_enabled":true,"jetpack_social_post_already_shared":false,"jetpack_social_options":{"image_generator_settings":{"template":"highway","default_image_id":0,"font":"","enabled":false},"version":2}},"categories":[1],"tags":[28,32,46,35,47,16],"class_list":["post-9944","post","type-post","status-publish","format-standard","hentry","category-geschichte","tag-ausstellung","tag-karolingisch","tag-ottonisch","tag-pfalz","tag-salisch","tag-trebur"],"yoast_head":"<!-- This site is optimized with the Yoast SEO plugin v27.5 - https:\/\/yoast.com\/product\/yoast-seo-wordpress\/ -->\n<title>Ausstellungstagebuch T-6: doch nicht Grmpfff! - Tribur.de<\/title>\n<meta name=\"robots\" content=\"index, follow, max-snippet:-1, max-image-preview:large, max-video-preview:-1\" \/>\n<link rel=\"canonical\" href=\"https:\/\/www.tribur.de\/blog\/2010\/10\/08\/ausstellungstagebuch-t-6-doch-nicht-grmpfff\/\" \/>\n<meta property=\"og:locale\" content=\"de_DE\" \/>\n<meta property=\"og:type\" content=\"article\" \/>\n<meta property=\"og:title\" content=\"Ausstellungstagebuch T-6: doch nicht Grmpfff! - Tribur.de\" \/>\n<meta property=\"og:description\" content=\"Sorry, das ich momentan so oft von der Ausstellung schreibe, aber es bestimmt im Moment mein Leben. bis auf 2 Tage ware ich in den vergangenen 2 Wochen jeden Abend nach der Arbeit im&#046;&#046;&#046;\" \/>\n<meta property=\"og:url\" content=\"https:\/\/www.tribur.de\/blog\/2010\/10\/08\/ausstellungstagebuch-t-6-doch-nicht-grmpfff\/\" \/>\n<meta property=\"og:site_name\" content=\"Tribur.de\" \/>\n<meta property=\"article:publisher\" content=\"http:\/\/www.facebook.com\/pages\/Triburde\/184352328288771\" \/>\n<meta property=\"article:author\" content=\"http:\/\/www.facebook.com\/pages\/Triburde\/184352328288771\" \/>\n<meta property=\"article:published_time\" content=\"2010-10-08T08:41:59+00:00\" \/>\n<meta property=\"og:image\" content=\"http:\/\/www.tribur.de\/blog\/wp-content\/uploads\/2010\/10\/uploadmuseum2.jpg\" \/>\n<meta name=\"author\" content=\"Markus Zwittmeier\" \/>\n<meta name=\"twitter:card\" content=\"summary_large_image\" \/>\n<meta name=\"twitter:creator\" content=\"@https:\/\/twitter.com\/tribur\" \/>\n<meta name=\"twitter:site\" content=\"@tribur\" \/>\n<meta name=\"twitter:label1\" content=\"Verfasst von\" \/>\n\t<meta name=\"twitter:data1\" content=\"Markus Zwittmeier\" \/>\n\t<meta name=\"twitter:label2\" content=\"Gesch\u00e4tzte Lesezeit\" \/>\n\t<meta name=\"twitter:data2\" content=\"2\u00a0Minuten\" \/>\n<script type=\"application\/ld+json\" class=\"yoast-schema-graph\">{\"@context\":\"https:\\\/\\\/schema.org\",\"@graph\":[{\"@type\":\"Article\",\"@id\":\"https:\\\/\\\/www.tribur.de\\\/blog\\\/2010\\\/10\\\/08\\\/ausstellungstagebuch-t-6-doch-nicht-grmpfff\\\/#article\",\"isPartOf\":{\"@id\":\"https:\\\/\\\/www.tribur.de\\\/blog\\\/2010\\\/10\\\/08\\\/ausstellungstagebuch-t-6-doch-nicht-grmpfff\\\/\"},\"author\":{\"name\":\"Markus Zwittmeier\",\"@id\":\"https:\\\/\\\/www.tribur.de\\\/blog\\\/#\\\/schema\\\/person\\\/3119997f09f43791809c2d1af27bba6c\"},\"headline\":\"Ausstellungstagebuch T-6: doch nicht Grmpfff!\",\"datePublished\":\"2010-10-08T08:41:59+00:00\",\"mainEntityOfPage\":{\"@id\":\"https:\\\/\\\/www.tribur.de\\\/blog\\\/2010\\\/10\\\/08\\\/ausstellungstagebuch-t-6-doch-nicht-grmpfff\\\/\"},\"wordCount\":409,\"commentCount\":0,\"publisher\":{\"@id\":\"https:\\\/\\\/www.tribur.de\\\/blog\\\/#\\\/schema\\\/person\\\/3119997f09f43791809c2d1af27bba6c\"},\"image\":{\"@id\":\"https:\\\/\\\/www.tribur.de\\\/blog\\\/2010\\\/10\\\/08\\\/ausstellungstagebuch-t-6-doch-nicht-grmpfff\\\/#primaryimage\"},\"thumbnailUrl\":\"http:\\\/\\\/www.tribur.de\\\/blog\\\/wp-content\\\/uploads\\\/2010\\\/10\\\/uploadmuseum2.jpg\",\"keywords\":[\"Ausstellung\",\"karolingisch\",\"ottonisch\",\"Pfalz\",\"salisch\",\"Trebur\\\/Tribur\"],\"articleSection\":[\"Geschichte\"],\"inLanguage\":\"de\",\"potentialAction\":[{\"@type\":\"CommentAction\",\"name\":\"Comment\",\"target\":[\"https:\\\/\\\/www.tribur.de\\\/blog\\\/2010\\\/10\\\/08\\\/ausstellungstagebuch-t-6-doch-nicht-grmpfff\\\/#respond\"]}]},{\"@type\":\"WebPage\",\"@id\":\"https:\\\/\\\/www.tribur.de\\\/blog\\\/2010\\\/10\\\/08\\\/ausstellungstagebuch-t-6-doch-nicht-grmpfff\\\/\",\"url\":\"https:\\\/\\\/www.tribur.de\\\/blog\\\/2010\\\/10\\\/08\\\/ausstellungstagebuch-t-6-doch-nicht-grmpfff\\\/\",\"name\":\"Ausstellungstagebuch T-6: doch nicht Grmpfff! - Tribur.de\",\"isPartOf\":{\"@id\":\"https:\\\/\\\/www.tribur.de\\\/blog\\\/#website\"},\"primaryImageOfPage\":{\"@id\":\"https:\\\/\\\/www.tribur.de\\\/blog\\\/2010\\\/10\\\/08\\\/ausstellungstagebuch-t-6-doch-nicht-grmpfff\\\/#primaryimage\"},\"image\":{\"@id\":\"https:\\\/\\\/www.tribur.de\\\/blog\\\/2010\\\/10\\\/08\\\/ausstellungstagebuch-t-6-doch-nicht-grmpfff\\\/#primaryimage\"},\"thumbnailUrl\":\"http:\\\/\\\/www.tribur.de\\\/blog\\\/wp-content\\\/uploads\\\/2010\\\/10\\\/uploadmuseum2.jpg\",\"datePublished\":\"2010-10-08T08:41:59+00:00\",\"breadcrumb\":{\"@id\":\"https:\\\/\\\/www.tribur.de\\\/blog\\\/2010\\\/10\\\/08\\\/ausstellungstagebuch-t-6-doch-nicht-grmpfff\\\/#breadcrumb\"},\"inLanguage\":\"de\",\"potentialAction\":[{\"@type\":\"ReadAction\",\"target\":[\"https:\\\/\\\/www.tribur.de\\\/blog\\\/2010\\\/10\\\/08\\\/ausstellungstagebuch-t-6-doch-nicht-grmpfff\\\/\"]}]},{\"@type\":\"ImageObject\",\"inLanguage\":\"de\",\"@id\":\"https:\\\/\\\/www.tribur.de\\\/blog\\\/2010\\\/10\\\/08\\\/ausstellungstagebuch-t-6-doch-nicht-grmpfff\\\/#primaryimage\",\"url\":\"https:\\\/\\\/i0.wp.com\\\/www.tribur.de\\\/blog\\\/wp-content\\\/uploads\\\/2010\\\/10\\\/uploadmuseum2.jpg?fit=400%2C268&ssl=1\",\"contentUrl\":\"https:\\\/\\\/i0.wp.com\\\/www.tribur.de\\\/blog\\\/wp-content\\\/uploads\\\/2010\\\/10\\\/uploadmuseum2.jpg?fit=400%2C268&ssl=1\",\"width\":\"400\",\"height\":\"268\"},{\"@type\":\"BreadcrumbList\",\"@id\":\"https:\\\/\\\/www.tribur.de\\\/blog\\\/2010\\\/10\\\/08\\\/ausstellungstagebuch-t-6-doch-nicht-grmpfff\\\/#breadcrumb\",\"itemListElement\":[{\"@type\":\"ListItem\",\"position\":1,\"name\":\"Home\",\"item\":\"https:\\\/\\\/www.tribur.de\\\/blog\\\/\"},{\"@type\":\"ListItem\",\"position\":2,\"name\":\"Ausstellungstagebuch T-6: doch nicht Grmpfff!\"}]},{\"@type\":\"WebSite\",\"@id\":\"https:\\\/\\\/www.tribur.de\\\/blog\\\/#website\",\"url\":\"https:\\\/\\\/www.tribur.de\\\/blog\\\/\",\"name\":\"Tribur.de\",\"description\":\"Tribur.de - Geschichte und so Zeugs\",\"publisher\":{\"@id\":\"https:\\\/\\\/www.tribur.de\\\/blog\\\/#\\\/schema\\\/person\\\/3119997f09f43791809c2d1af27bba6c\"},\"potentialAction\":[{\"@type\":\"SearchAction\",\"target\":{\"@type\":\"EntryPoint\",\"urlTemplate\":\"https:\\\/\\\/www.tribur.de\\\/blog\\\/?s={search_term_string}\"},\"query-input\":{\"@type\":\"PropertyValueSpecification\",\"valueRequired\":true,\"valueName\":\"search_term_string\"}}],\"inLanguage\":\"de\"},{\"@type\":[\"Person\",\"Organization\"],\"@id\":\"https:\\\/\\\/www.tribur.de\\\/blog\\\/#\\\/schema\\\/person\\\/3119997f09f43791809c2d1af27bba6c\",\"name\":\"Markus Zwittmeier\",\"image\":{\"@type\":\"ImageObject\",\"inLanguage\":\"de\",\"@id\":\"https:\\\/\\\/i0.wp.com\\\/www.tribur.de\\\/blog\\\/wp-content\\\/uploads\\\/2018\\\/09\\\/cropped-logotest-4.jpg?fit=200%2C200&ssl=1\",\"url\":\"https:\\\/\\\/i0.wp.com\\\/www.tribur.de\\\/blog\\\/wp-content\\\/uploads\\\/2018\\\/09\\\/cropped-logotest-4.jpg?fit=200%2C200&ssl=1\",\"contentUrl\":\"https:\\\/\\\/i0.wp.com\\\/www.tribur.de\\\/blog\\\/wp-content\\\/uploads\\\/2018\\\/09\\\/cropped-logotest-4.jpg?fit=200%2C200&ssl=1\",\"width\":200,\"height\":200,\"caption\":\"Markus Zwittmeier\"},\"logo\":{\"@id\":\"https:\\\/\\\/i0.wp.com\\\/www.tribur.de\\\/blog\\\/wp-content\\\/uploads\\\/2018\\\/09\\\/cropped-logotest-4.jpg?fit=200%2C200&ssl=1\"},\"sameAs\":[\"http:\\\/\\\/www.Tribur.de\",\"http:\\\/\\\/www.facebook.com\\\/pages\\\/Triburde\\\/184352328288771\",\"https:\\\/\\\/www.instagram.com\\\/tribur.de\\\/\",\"https:\\\/\\\/x.com\\\/https:\\\/\\\/twitter.com\\\/tribur\",\"https:\\\/\\\/www.youtube.com\\\/channel\\\/UCnEonou-x6_P4XPjBk2htCA\"],\"url\":\"https:\\\/\\\/www.tribur.de\\\/blog\\\/author\\\/markus\\\/\"}]}<\/script>\n<!-- \/ Yoast SEO plugin. -->","yoast_head_json":{"title":"Ausstellungstagebuch T-6: doch nicht Grmpfff! - Tribur.de","robots":{"index":"index","follow":"follow","max-snippet":"max-snippet:-1","max-image-preview":"max-image-preview:large","max-video-preview":"max-video-preview:-1"},"canonical":"https:\/\/www.tribur.de\/blog\/2010\/10\/08\/ausstellungstagebuch-t-6-doch-nicht-grmpfff\/","og_locale":"de_DE","og_type":"article","og_title":"Ausstellungstagebuch T-6: doch nicht Grmpfff! - Tribur.de","og_description":"Sorry, das ich momentan so oft von der Ausstellung schreibe, aber es bestimmt im Moment mein Leben. bis auf 2 Tage ware ich in den vergangenen 2 Wochen jeden Abend nach der Arbeit im&#46;&#46;&#46;","og_url":"https:\/\/www.tribur.de\/blog\/2010\/10\/08\/ausstellungstagebuch-t-6-doch-nicht-grmpfff\/","og_site_name":"Tribur.de","article_publisher":"http:\/\/www.facebook.com\/pages\/Triburde\/184352328288771","article_author":"http:\/\/www.facebook.com\/pages\/Triburde\/184352328288771","article_published_time":"2010-10-08T08:41:59+00:00","og_image":[{"url":"http:\/\/www.tribur.de\/blog\/wp-content\/uploads\/2010\/10\/uploadmuseum2.jpg","type":"","width":"","height":""}],"author":"Markus Zwittmeier","twitter_card":"summary_large_image","twitter_creator":"@https:\/\/twitter.com\/tribur","twitter_site":"@tribur","twitter_misc":{"Verfasst von":"Markus Zwittmeier","Gesch\u00e4tzte Lesezeit":"2\u00a0Minuten"},"schema":{"@context":"https:\/\/schema.org","@graph":[{"@type":"Article","@id":"https:\/\/www.tribur.de\/blog\/2010\/10\/08\/ausstellungstagebuch-t-6-doch-nicht-grmpfff\/#article","isPartOf":{"@id":"https:\/\/www.tribur.de\/blog\/2010\/10\/08\/ausstellungstagebuch-t-6-doch-nicht-grmpfff\/"},"author":{"name":"Markus Zwittmeier","@id":"https:\/\/www.tribur.de\/blog\/#\/schema\/person\/3119997f09f43791809c2d1af27bba6c"},"headline":"Ausstellungstagebuch T-6: doch nicht Grmpfff!","datePublished":"2010-10-08T08:41:59+00:00","mainEntityOfPage":{"@id":"https:\/\/www.tribur.de\/blog\/2010\/10\/08\/ausstellungstagebuch-t-6-doch-nicht-grmpfff\/"},"wordCount":409,"commentCount":0,"publisher":{"@id":"https:\/\/www.tribur.de\/blog\/#\/schema\/person\/3119997f09f43791809c2d1af27bba6c"},"image":{"@id":"https:\/\/www.tribur.de\/blog\/2010\/10\/08\/ausstellungstagebuch-t-6-doch-nicht-grmpfff\/#primaryimage"},"thumbnailUrl":"http:\/\/www.tribur.de\/blog\/wp-content\/uploads\/2010\/10\/uploadmuseum2.jpg","keywords":["Ausstellung","karolingisch","ottonisch","Pfalz","salisch","Trebur\/Tribur"],"articleSection":["Geschichte"],"inLanguage":"de","potentialAction":[{"@type":"CommentAction","name":"Comment","target":["https:\/\/www.tribur.de\/blog\/2010\/10\/08\/ausstellungstagebuch-t-6-doch-nicht-grmpfff\/#respond"]}]},{"@type":"WebPage","@id":"https:\/\/www.tribur.de\/blog\/2010\/10\/08\/ausstellungstagebuch-t-6-doch-nicht-grmpfff\/","url":"https:\/\/www.tribur.de\/blog\/2010\/10\/08\/ausstellungstagebuch-t-6-doch-nicht-grmpfff\/","name":"Ausstellungstagebuch T-6: doch nicht Grmpfff! - Tribur.de","isPartOf":{"@id":"https:\/\/www.tribur.de\/blog\/#website"},"primaryImageOfPage":{"@id":"https:\/\/www.tribur.de\/blog\/2010\/10\/08\/ausstellungstagebuch-t-6-doch-nicht-grmpfff\/#primaryimage"},"image":{"@id":"https:\/\/www.tribur.de\/blog\/2010\/10\/08\/ausstellungstagebuch-t-6-doch-nicht-grmpfff\/#primaryimage"},"thumbnailUrl":"http:\/\/www.tribur.de\/blog\/wp-content\/uploads\/2010\/10\/uploadmuseum2.jpg","datePublished":"2010-10-08T08:41:59+00:00","breadcrumb":{"@id":"https:\/\/www.tribur.de\/blog\/2010\/10\/08\/ausstellungstagebuch-t-6-doch-nicht-grmpfff\/#breadcrumb"},"inLanguage":"de","potentialAction":[{"@type":"ReadAction","target":["https:\/\/www.tribur.de\/blog\/2010\/10\/08\/ausstellungstagebuch-t-6-doch-nicht-grmpfff\/"]}]},{"@type":"ImageObject","inLanguage":"de","@id":"https:\/\/www.tribur.de\/blog\/2010\/10\/08\/ausstellungstagebuch-t-6-doch-nicht-grmpfff\/#primaryimage","url":"https:\/\/i0.wp.com\/www.tribur.de\/blog\/wp-content\/uploads\/2010\/10\/uploadmuseum2.jpg?fit=400%2C268&ssl=1","contentUrl":"https:\/\/i0.wp.com\/www.tribur.de\/blog\/wp-content\/uploads\/2010\/10\/uploadmuseum2.jpg?fit=400%2C268&ssl=1","width":"400","height":"268"},{"@type":"BreadcrumbList","@id":"https:\/\/www.tribur.de\/blog\/2010\/10\/08\/ausstellungstagebuch-t-6-doch-nicht-grmpfff\/#breadcrumb","itemListElement":[{"@type":"ListItem","position":1,"name":"Home","item":"https:\/\/www.tribur.de\/blog\/"},{"@type":"ListItem","position":2,"name":"Ausstellungstagebuch T-6: doch nicht Grmpfff!"}]},{"@type":"WebSite","@id":"https:\/\/www.tribur.de\/blog\/#website","url":"https:\/\/www.tribur.de\/blog\/","name":"Tribur.de","description":"Tribur.de - Geschichte und so Zeugs","publisher":{"@id":"https:\/\/www.tribur.de\/blog\/#\/schema\/person\/3119997f09f43791809c2d1af27bba6c"},"potentialAction":[{"@type":"SearchAction","target":{"@type":"EntryPoint","urlTemplate":"https:\/\/www.tribur.de\/blog\/?s={search_term_string}"},"query-input":{"@type":"PropertyValueSpecification","valueRequired":true,"valueName":"search_term_string"}}],"inLanguage":"de"},{"@type":["Person","Organization"],"@id":"https:\/\/www.tribur.de\/blog\/#\/schema\/person\/3119997f09f43791809c2d1af27bba6c","name":"Markus Zwittmeier","image":{"@type":"ImageObject","inLanguage":"de","@id":"https:\/\/i0.wp.com\/www.tribur.de\/blog\/wp-content\/uploads\/2018\/09\/cropped-logotest-4.jpg?fit=200%2C200&ssl=1","url":"https:\/\/i0.wp.com\/www.tribur.de\/blog\/wp-content\/uploads\/2018\/09\/cropped-logotest-4.jpg?fit=200%2C200&ssl=1","contentUrl":"https:\/\/i0.wp.com\/www.tribur.de\/blog\/wp-content\/uploads\/2018\/09\/cropped-logotest-4.jpg?fit=200%2C200&ssl=1","width":200,"height":200,"caption":"Markus Zwittmeier"},"logo":{"@id":"https:\/\/i0.wp.com\/www.tribur.de\/blog\/wp-content\/uploads\/2018\/09\/cropped-logotest-4.jpg?fit=200%2C200&ssl=1"},"sameAs":["http:\/\/www.Tribur.de","http:\/\/www.facebook.com\/pages\/Triburde\/184352328288771","https:\/\/www.instagram.com\/tribur.de\/","https:\/\/x.com\/https:\/\/twitter.com\/tribur","https:\/\/www.youtube.com\/channel\/UCnEonou-x6_P4XPjBk2htCA"],"url":"https:\/\/www.tribur.de\/blog\/author\/markus\/"}]}},"jetpack_publicize_connections":[],"jetpack_featured_media_url":"","jetpack_shortlink":"https:\/\/wp.me\/p1mHPu-2Ao","jetpack_sharing_enabled":true,"_links":{"self":[{"href":"https:\/\/www.tribur.de\/blog\/wp-json\/wp\/v2\/posts\/9944","targetHints":{"allow":["GET"]}}],"collection":[{"href":"https:\/\/www.tribur.de\/blog\/wp-json\/wp\/v2\/posts"}],"about":[{"href":"https:\/\/www.tribur.de\/blog\/wp-json\/wp\/v2\/types\/post"}],"author":[{"embeddable":true,"href":"https:\/\/www.tribur.de\/blog\/wp-json\/wp\/v2\/users\/2"}],"replies":[{"embeddable":true,"href":"https:\/\/www.tribur.de\/blog\/wp-json\/wp\/v2\/comments?post=9944"}],"version-history":[{"count":7,"href":"https:\/\/www.tribur.de\/blog\/wp-json\/wp\/v2\/posts\/9944\/revisions"}],"predecessor-version":[{"id":9952,"href":"https:\/\/www.tribur.de\/blog\/wp-json\/wp\/v2\/posts\/9944\/revisions\/9952"}],"wp:attachment":[{"href":"https:\/\/www.tribur.de\/blog\/wp-json\/wp\/v2\/media?parent=9944"}],"wp:term":[{"taxonomy":"category","embeddable":true,"href":"https:\/\/www.tribur.de\/blog\/wp-json\/wp\/v2\/categories?post=9944"},{"taxonomy":"post_tag","embeddable":true,"href":"https:\/\/www.tribur.de\/blog\/wp-json\/wp\/v2\/tags?post=9944"}],"curies":[{"name":"wp","href":"https:\/\/api.w.org\/{rel}","templated":true}]}}