{"id":9832,"date":"2010-10-03T17:38:50","date_gmt":"2010-10-03T15:38:50","guid":{"rendered":"http:\/\/www.tribur.de\/blog\/?p=9832"},"modified":"2010-10-03T17:38:50","modified_gmt":"2010-10-03T15:38:50","slug":"fruhmittelalterliches-dorf-im-geschichtspark-barnau-tachov","status":"publish","type":"post","link":"https:\/\/www.tribur.de\/blog\/2010\/10\/03\/fruhmittelalterliches-dorf-im-geschichtspark-barnau-tachov\/","title":{"rendered":"Fr\u00fchmittelalterliches Dorf im Geschichtspark B\u00e4rnau-Tachov"},"content":{"rendered":"<p>Der Geschichtspark B\u00e4rnau-Tachov im Landkreis Tirschenreuth ist noch im entstehen. Bis 2013 soll dort ein fr\u00fchmittelalterliches Dorf, eine Motte, und ein hochmittelalterliches Dorf gebaut werden.<br \/>\nDie Schauh\u00fctte hat nun die Visualisierung des fr\u00fchmittelalterlichen Dorfes mit Blick auf die Motte vorgelegt.<br \/>\nSieht super interessant aus.<\/p>\n<p><a href=\"http:\/\/www.schauhuette.de\/blog\/archives\/350\" target=\"_blank\">Hier der Artikel in der Schauette<\/a>, und <a href=\"http:\/\/www.geschichtspark.de\/\" target=\"_blank\">hier die Seite des Geschichtsparks<\/a><\/p>\n","protected":false},"excerpt":{"rendered":"<p>Der Geschichtspark B\u00e4rnau-Tachov im Landkreis Tirschenreuth ist noch im entstehen. Bis 2013 soll dort ein fr\u00fchmittelalterliches Dorf, eine Motte, und ein hochmittelalterliches Dorf gebaut werden. Die Schauh\u00fctte hat nun die Visualisierung des fr\u00fchmittelalterlichen Dorfes&#46;&#46;&#46;<\/p>\n","protected":false},"author":2,"featured_media":0,"comment_status":"open","ping_status":"open","sticky":false,"template":"","format":"standard","meta":{"jetpack_post_was_ever_published":false,"_jetpack_newsletter_access":"","_jetpack_dont_email_post_to_subs":false,"_jetpack_newsletter_tier_id":0,"_jetpack_memberships_contains_paywalled_content":false,"_jetpack_memberships_contains_paid_content":false,"footnotes":"","jetpack_publicize_message":"","jetpack_publicize_feature_enabled":true,"jetpack_social_post_already_shared":false,"jetpack_social_options":{"image_generator_settings":{"template":"highway","default_image_id":0,"font":"","enabled":false},"version":2}},"categories":[1],"tags":[28,15,11,12,52,41,18],"class_list":["post-9832","post","type-post","status-publish","format-standard","hentry","category-geschichte","tag-ausstellung","tag-bilder","tag-fruhmittelalter","tag-hochmittelalter","tag-living-history","tag-reenactment","tag-rekonstruktion"],"yoast_head":"<!-- This site is optimized with the Yoast SEO plugin v27.5 - https:\/\/yoast.com\/product\/yoast-seo-wordpress\/ -->\n<title>Fr\u00fchmittelalterliches Dorf im Geschichtspark B\u00e4rnau-Tachov - Tribur.de<\/title>\n<meta name=\"robots\" content=\"index, follow, max-snippet:-1, max-image-preview:large, max-video-preview:-1\" \/>\n<link rel=\"canonical\" href=\"https:\/\/www.tribur.de\/blog\/2010\/10\/03\/fruhmittelalterliches-dorf-im-geschichtspark-barnau-tachov\/\" \/>\n<meta property=\"og:locale\" content=\"de_DE\" \/>\n<meta property=\"og:type\" content=\"article\" \/>\n<meta property=\"og:title\" content=\"Fr\u00fchmittelalterliches Dorf im Geschichtspark B\u00e4rnau-Tachov - Tribur.de\" \/>\n<meta property=\"og:description\" content=\"Der Geschichtspark B\u00e4rnau-Tachov im Landkreis Tirschenreuth ist noch im entstehen. Bis 2013 soll dort ein fr\u00fchmittelalterliches Dorf, eine Motte, und ein hochmittelalterliches Dorf gebaut werden. Die Schauh\u00fctte hat nun die Visualisierung des fr\u00fchmittelalterlichen Dorfes&#046;&#046;&#046;\" \/>\n<meta property=\"og:url\" content=\"https:\/\/www.tribur.de\/blog\/2010\/10\/03\/fruhmittelalterliches-dorf-im-geschichtspark-barnau-tachov\/\" \/>\n<meta property=\"og:site_name\" content=\"Tribur.de\" \/>\n<meta property=\"article:publisher\" content=\"http:\/\/www.facebook.com\/pages\/Triburde\/184352328288771\" \/>\n<meta property=\"article:author\" content=\"http:\/\/www.facebook.com\/pages\/Triburde\/184352328288771\" \/>\n<meta property=\"article:published_time\" content=\"2010-10-03T15:38:50+00:00\" \/>\n<meta property=\"og:image\" content=\"https:\/\/i0.wp.com\/www.tribur.de\/blog\/wp-content\/uploads\/2018\/09\/cropped-logotest-2.jpg?fit=200%2C200&ssl=1\" \/>\n\t<meta property=\"og:image:width\" content=\"200\" \/>\n\t<meta property=\"og:image:height\" content=\"200\" \/>\n\t<meta property=\"og:image:type\" content=\"image\/jpeg\" \/>\n<meta name=\"author\" content=\"Markus Zwittmeier\" \/>\n<meta name=\"twitter:card\" content=\"summary_large_image\" \/>\n<meta name=\"twitter:creator\" content=\"@https:\/\/twitter.com\/tribur\" \/>\n<meta name=\"twitter:site\" content=\"@tribur\" \/>\n<meta name=\"twitter:label1\" content=\"Verfasst von\" \/>\n\t<meta name=\"twitter:data1\" content=\"Markus Zwittmeier\" \/>\n<script type=\"application\/ld+json\" class=\"yoast-schema-graph\">{\"@context\":\"https:\\\/\\\/schema.org\",\"@graph\":[{\"@type\":\"Article\",\"@id\":\"https:\\\/\\\/www.tribur.de\\\/blog\\\/2010\\\/10\\\/03\\\/fruhmittelalterliches-dorf-im-geschichtspark-barnau-tachov\\\/#article\",\"isPartOf\":{\"@id\":\"https:\\\/\\\/www.tribur.de\\\/blog\\\/2010\\\/10\\\/03\\\/fruhmittelalterliches-dorf-im-geschichtspark-barnau-tachov\\\/\"},\"author\":{\"name\":\"Markus Zwittmeier\",\"@id\":\"https:\\\/\\\/www.tribur.de\\\/blog\\\/#\\\/schema\\\/person\\\/3119997f09f43791809c2d1af27bba6c\"},\"headline\":\"Fr\u00fchmittelalterliches Dorf im Geschichtspark B\u00e4rnau-Tachov\",\"datePublished\":\"2010-10-03T15:38:50+00:00\",\"mainEntityOfPage\":{\"@id\":\"https:\\\/\\\/www.tribur.de\\\/blog\\\/2010\\\/10\\\/03\\\/fruhmittelalterliches-dorf-im-geschichtspark-barnau-tachov\\\/\"},\"wordCount\":66,\"commentCount\":0,\"publisher\":{\"@id\":\"https:\\\/\\\/www.tribur.de\\\/blog\\\/#\\\/schema\\\/person\\\/3119997f09f43791809c2d1af27bba6c\"},\"keywords\":[\"Ausstellung\",\"Bilder\",\"Fr\u00fchmittelalter\",\"Hochmittelalter\",\"Living History\",\"Reenactment\",\"Rekonstruktion\"],\"articleSection\":[\"Geschichte\"],\"inLanguage\":\"de\",\"potentialAction\":[{\"@type\":\"CommentAction\",\"name\":\"Comment\",\"target\":[\"https:\\\/\\\/www.tribur.de\\\/blog\\\/2010\\\/10\\\/03\\\/fruhmittelalterliches-dorf-im-geschichtspark-barnau-tachov\\\/#respond\"]}]},{\"@type\":\"WebPage\",\"@id\":\"https:\\\/\\\/www.tribur.de\\\/blog\\\/2010\\\/10\\\/03\\\/fruhmittelalterliches-dorf-im-geschichtspark-barnau-tachov\\\/\",\"url\":\"https:\\\/\\\/www.tribur.de\\\/blog\\\/2010\\\/10\\\/03\\\/fruhmittelalterliches-dorf-im-geschichtspark-barnau-tachov\\\/\",\"name\":\"Fr\u00fchmittelalterliches Dorf im Geschichtspark B\u00e4rnau-Tachov - Tribur.de\",\"isPartOf\":{\"@id\":\"https:\\\/\\\/www.tribur.de\\\/blog\\\/#website\"},\"datePublished\":\"2010-10-03T15:38:50+00:00\",\"breadcrumb\":{\"@id\":\"https:\\\/\\\/www.tribur.de\\\/blog\\\/2010\\\/10\\\/03\\\/fruhmittelalterliches-dorf-im-geschichtspark-barnau-tachov\\\/#breadcrumb\"},\"inLanguage\":\"de\",\"potentialAction\":[{\"@type\":\"ReadAction\",\"target\":[\"https:\\\/\\\/www.tribur.de\\\/blog\\\/2010\\\/10\\\/03\\\/fruhmittelalterliches-dorf-im-geschichtspark-barnau-tachov\\\/\"]}]},{\"@type\":\"BreadcrumbList\",\"@id\":\"https:\\\/\\\/www.tribur.de\\\/blog\\\/2010\\\/10\\\/03\\\/fruhmittelalterliches-dorf-im-geschichtspark-barnau-tachov\\\/#breadcrumb\",\"itemListElement\":[{\"@type\":\"ListItem\",\"position\":1,\"name\":\"Home\",\"item\":\"https:\\\/\\\/www.tribur.de\\\/blog\\\/\"},{\"@type\":\"ListItem\",\"position\":2,\"name\":\"Fr\u00fchmittelalterliches Dorf im Geschichtspark B\u00e4rnau-Tachov\"}]},{\"@type\":\"WebSite\",\"@id\":\"https:\\\/\\\/www.tribur.de\\\/blog\\\/#website\",\"url\":\"https:\\\/\\\/www.tribur.de\\\/blog\\\/\",\"name\":\"Tribur.de\",\"description\":\"Tribur.de - Geschichte und so Zeugs\",\"publisher\":{\"@id\":\"https:\\\/\\\/www.tribur.de\\\/blog\\\/#\\\/schema\\\/person\\\/3119997f09f43791809c2d1af27bba6c\"},\"potentialAction\":[{\"@type\":\"SearchAction\",\"target\":{\"@type\":\"EntryPoint\",\"urlTemplate\":\"https:\\\/\\\/www.tribur.de\\\/blog\\\/?s={search_term_string}\"},\"query-input\":{\"@type\":\"PropertyValueSpecification\",\"valueRequired\":true,\"valueName\":\"search_term_string\"}}],\"inLanguage\":\"de\"},{\"@type\":[\"Person\",\"Organization\"],\"@id\":\"https:\\\/\\\/www.tribur.de\\\/blog\\\/#\\\/schema\\\/person\\\/3119997f09f43791809c2d1af27bba6c\",\"name\":\"Markus Zwittmeier\",\"image\":{\"@type\":\"ImageObject\",\"inLanguage\":\"de\",\"@id\":\"https:\\\/\\\/i0.wp.com\\\/www.tribur.de\\\/blog\\\/wp-content\\\/uploads\\\/2018\\\/09\\\/cropped-logotest-4.jpg?fit=200%2C200&ssl=1\",\"url\":\"https:\\\/\\\/i0.wp.com\\\/www.tribur.de\\\/blog\\\/wp-content\\\/uploads\\\/2018\\\/09\\\/cropped-logotest-4.jpg?fit=200%2C200&ssl=1\",\"contentUrl\":\"https:\\\/\\\/i0.wp.com\\\/www.tribur.de\\\/blog\\\/wp-content\\\/uploads\\\/2018\\\/09\\\/cropped-logotest-4.jpg?fit=200%2C200&ssl=1\",\"width\":200,\"height\":200,\"caption\":\"Markus Zwittmeier\"},\"logo\":{\"@id\":\"https:\\\/\\\/i0.wp.com\\\/www.tribur.de\\\/blog\\\/wp-content\\\/uploads\\\/2018\\\/09\\\/cropped-logotest-4.jpg?fit=200%2C200&ssl=1\"},\"sameAs\":[\"http:\\\/\\\/www.Tribur.de\",\"http:\\\/\\\/www.facebook.com\\\/pages\\\/Triburde\\\/184352328288771\",\"https:\\\/\\\/www.instagram.com\\\/tribur.de\\\/\",\"https:\\\/\\\/x.com\\\/https:\\\/\\\/twitter.com\\\/tribur\",\"https:\\\/\\\/www.youtube.com\\\/channel\\\/UCnEonou-x6_P4XPjBk2htCA\"],\"url\":\"https:\\\/\\\/www.tribur.de\\\/blog\\\/author\\\/markus\\\/\"}]}<\/script>\n<!-- \/ Yoast SEO plugin. -->","yoast_head_json":{"title":"Fr\u00fchmittelalterliches Dorf im Geschichtspark B\u00e4rnau-Tachov - Tribur.de","robots":{"index":"index","follow":"follow","max-snippet":"max-snippet:-1","max-image-preview":"max-image-preview:large","max-video-preview":"max-video-preview:-1"},"canonical":"https:\/\/www.tribur.de\/blog\/2010\/10\/03\/fruhmittelalterliches-dorf-im-geschichtspark-barnau-tachov\/","og_locale":"de_DE","og_type":"article","og_title":"Fr\u00fchmittelalterliches Dorf im Geschichtspark B\u00e4rnau-Tachov - Tribur.de","og_description":"Der Geschichtspark B\u00e4rnau-Tachov im Landkreis Tirschenreuth ist noch im entstehen. Bis 2013 soll dort ein fr\u00fchmittelalterliches Dorf, eine Motte, und ein hochmittelalterliches Dorf gebaut werden. Die Schauh\u00fctte hat nun die Visualisierung des fr\u00fchmittelalterlichen Dorfes&#46;&#46;&#46;","og_url":"https:\/\/www.tribur.de\/blog\/2010\/10\/03\/fruhmittelalterliches-dorf-im-geschichtspark-barnau-tachov\/","og_site_name":"Tribur.de","article_publisher":"http:\/\/www.facebook.com\/pages\/Triburde\/184352328288771","article_author":"http:\/\/www.facebook.com\/pages\/Triburde\/184352328288771","article_published_time":"2010-10-03T15:38:50+00:00","og_image":[{"width":200,"height":200,"url":"https:\/\/i0.wp.com\/www.tribur.de\/blog\/wp-content\/uploads\/2018\/09\/cropped-logotest-2.jpg?fit=200%2C200&ssl=1","type":"image\/jpeg"}],"author":"Markus Zwittmeier","twitter_card":"summary_large_image","twitter_creator":"@https:\/\/twitter.com\/tribur","twitter_site":"@tribur","twitter_misc":{"Verfasst von":"Markus Zwittmeier"},"schema":{"@context":"https:\/\/schema.org","@graph":[{"@type":"Article","@id":"https:\/\/www.tribur.de\/blog\/2010\/10\/03\/fruhmittelalterliches-dorf-im-geschichtspark-barnau-tachov\/#article","isPartOf":{"@id":"https:\/\/www.tribur.de\/blog\/2010\/10\/03\/fruhmittelalterliches-dorf-im-geschichtspark-barnau-tachov\/"},"author":{"name":"Markus Zwittmeier","@id":"https:\/\/www.tribur.de\/blog\/#\/schema\/person\/3119997f09f43791809c2d1af27bba6c"},"headline":"Fr\u00fchmittelalterliches Dorf im Geschichtspark B\u00e4rnau-Tachov","datePublished":"2010-10-03T15:38:50+00:00","mainEntityOfPage":{"@id":"https:\/\/www.tribur.de\/blog\/2010\/10\/03\/fruhmittelalterliches-dorf-im-geschichtspark-barnau-tachov\/"},"wordCount":66,"commentCount":0,"publisher":{"@id":"https:\/\/www.tribur.de\/blog\/#\/schema\/person\/3119997f09f43791809c2d1af27bba6c"},"keywords":["Ausstellung","Bilder","Fr\u00fchmittelalter","Hochmittelalter","Living History","Reenactment","Rekonstruktion"],"articleSection":["Geschichte"],"inLanguage":"de","potentialAction":[{"@type":"CommentAction","name":"Comment","target":["https:\/\/www.tribur.de\/blog\/2010\/10\/03\/fruhmittelalterliches-dorf-im-geschichtspark-barnau-tachov\/#respond"]}]},{"@type":"WebPage","@id":"https:\/\/www.tribur.de\/blog\/2010\/10\/03\/fruhmittelalterliches-dorf-im-geschichtspark-barnau-tachov\/","url":"https:\/\/www.tribur.de\/blog\/2010\/10\/03\/fruhmittelalterliches-dorf-im-geschichtspark-barnau-tachov\/","name":"Fr\u00fchmittelalterliches Dorf im Geschichtspark B\u00e4rnau-Tachov - Tribur.de","isPartOf":{"@id":"https:\/\/www.tribur.de\/blog\/#website"},"datePublished":"2010-10-03T15:38:50+00:00","breadcrumb":{"@id":"https:\/\/www.tribur.de\/blog\/2010\/10\/03\/fruhmittelalterliches-dorf-im-geschichtspark-barnau-tachov\/#breadcrumb"},"inLanguage":"de","potentialAction":[{"@type":"ReadAction","target":["https:\/\/www.tribur.de\/blog\/2010\/10\/03\/fruhmittelalterliches-dorf-im-geschichtspark-barnau-tachov\/"]}]},{"@type":"BreadcrumbList","@id":"https:\/\/www.tribur.de\/blog\/2010\/10\/03\/fruhmittelalterliches-dorf-im-geschichtspark-barnau-tachov\/#breadcrumb","itemListElement":[{"@type":"ListItem","position":1,"name":"Home","item":"https:\/\/www.tribur.de\/blog\/"},{"@type":"ListItem","position":2,"name":"Fr\u00fchmittelalterliches Dorf im Geschichtspark B\u00e4rnau-Tachov"}]},{"@type":"WebSite","@id":"https:\/\/www.tribur.de\/blog\/#website","url":"https:\/\/www.tribur.de\/blog\/","name":"Tribur.de","description":"Tribur.de - Geschichte und so Zeugs","publisher":{"@id":"https:\/\/www.tribur.de\/blog\/#\/schema\/person\/3119997f09f43791809c2d1af27bba6c"},"potentialAction":[{"@type":"SearchAction","target":{"@type":"EntryPoint","urlTemplate":"https:\/\/www.tribur.de\/blog\/?s={search_term_string}"},"query-input":{"@type":"PropertyValueSpecification","valueRequired":true,"valueName":"search_term_string"}}],"inLanguage":"de"},{"@type":["Person","Organization"],"@id":"https:\/\/www.tribur.de\/blog\/#\/schema\/person\/3119997f09f43791809c2d1af27bba6c","name":"Markus Zwittmeier","image":{"@type":"ImageObject","inLanguage":"de","@id":"https:\/\/i0.wp.com\/www.tribur.de\/blog\/wp-content\/uploads\/2018\/09\/cropped-logotest-4.jpg?fit=200%2C200&ssl=1","url":"https:\/\/i0.wp.com\/www.tribur.de\/blog\/wp-content\/uploads\/2018\/09\/cropped-logotest-4.jpg?fit=200%2C200&ssl=1","contentUrl":"https:\/\/i0.wp.com\/www.tribur.de\/blog\/wp-content\/uploads\/2018\/09\/cropped-logotest-4.jpg?fit=200%2C200&ssl=1","width":200,"height":200,"caption":"Markus Zwittmeier"},"logo":{"@id":"https:\/\/i0.wp.com\/www.tribur.de\/blog\/wp-content\/uploads\/2018\/09\/cropped-logotest-4.jpg?fit=200%2C200&ssl=1"},"sameAs":["http:\/\/www.Tribur.de","http:\/\/www.facebook.com\/pages\/Triburde\/184352328288771","https:\/\/www.instagram.com\/tribur.de\/","https:\/\/x.com\/https:\/\/twitter.com\/tribur","https:\/\/www.youtube.com\/channel\/UCnEonou-x6_P4XPjBk2htCA"],"url":"https:\/\/www.tribur.de\/blog\/author\/markus\/"}]}},"jetpack_publicize_connections":[],"jetpack_featured_media_url":"","jetpack_shortlink":"https:\/\/wp.me\/p1mHPu-2yA","jetpack_sharing_enabled":true,"_links":{"self":[{"href":"https:\/\/www.tribur.de\/blog\/wp-json\/wp\/v2\/posts\/9832","targetHints":{"allow":["GET"]}}],"collection":[{"href":"https:\/\/www.tribur.de\/blog\/wp-json\/wp\/v2\/posts"}],"about":[{"href":"https:\/\/www.tribur.de\/blog\/wp-json\/wp\/v2\/types\/post"}],"author":[{"embeddable":true,"href":"https:\/\/www.tribur.de\/blog\/wp-json\/wp\/v2\/users\/2"}],"replies":[{"embeddable":true,"href":"https:\/\/www.tribur.de\/blog\/wp-json\/wp\/v2\/comments?post=9832"}],"version-history":[{"count":3,"href":"https:\/\/www.tribur.de\/blog\/wp-json\/wp\/v2\/posts\/9832\/revisions"}],"predecessor-version":[{"id":9835,"href":"https:\/\/www.tribur.de\/blog\/wp-json\/wp\/v2\/posts\/9832\/revisions\/9835"}],"wp:attachment":[{"href":"https:\/\/www.tribur.de\/blog\/wp-json\/wp\/v2\/media?parent=9832"}],"wp:term":[{"taxonomy":"category","embeddable":true,"href":"https:\/\/www.tribur.de\/blog\/wp-json\/wp\/v2\/categories?post=9832"},{"taxonomy":"post_tag","embeddable":true,"href":"https:\/\/www.tribur.de\/blog\/wp-json\/wp\/v2\/tags?post=9832"}],"curies":[{"name":"wp","href":"https:\/\/api.w.org\/{rel}","templated":true}]}}