{"id":9769,"date":"2010-10-02T10:31:35","date_gmt":"2010-10-02T08:31:35","guid":{"rendered":"http:\/\/www.tribur.de\/blog\/?p=9769"},"modified":"2010-10-02T10:55:17","modified_gmt":"2010-10-02T08:55:17","slug":"ausstellungstagebuch-t-13-noch-13-tage","status":"publish","type":"post","link":"https:\/\/www.tribur.de\/blog\/2010\/10\/02\/ausstellungstagebuch-t-13-noch-13-tage\/","title":{"rendered":"Ausstellungstagebuch T-13 Noch 13 Tage&#8230;"},"content":{"rendered":"<div id=\"attachment_9770\" style=\"width: 250px\" class=\"wp-caption alignleft\"><a href=\"https:\/\/i0.wp.com\/www.tribur.de\/blog\/wp-content\/uploads\/2010\/09\/uploadcanossa.jpg?ssl=1\"><img data-recalc-dims=\"1\" loading=\"lazy\" decoding=\"async\" aria-describedby=\"caption-attachment-9770\" class=\"size-full wp-image-9770\" title=\"uploadcanossa\" src=\"https:\/\/i0.wp.com\/www.tribur.de\/blog\/wp-content\/uploads\/2010\/09\/uploadcanossa.jpg?resize=240%2C359&#038;ssl=1\" alt=\"\" width=\"240\" height=\"359\" srcset=\"https:\/\/i0.wp.com\/www.tribur.de\/blog\/wp-content\/uploads\/2010\/09\/uploadcanossa.jpg?w=400&amp;ssl=1 400w, https:\/\/i0.wp.com\/www.tribur.de\/blog\/wp-content\/uploads\/2010\/09\/uploadcanossa.jpg?resize=200%2C300&amp;ssl=1 200w\" sizes=\"auto, (max-width: 240px) 100vw, 240px\" \/><\/a><p id=\"caption-attachment-9770\" class=\"wp-caption-text\">Steine und Bohrkern aus der Burg von Canossa<\/p><\/div>\n<p>Die ganze Woche war ich , zum Teil trotz eines beschissenen Migr\u00e4neschubs, \u00a0im Museum. Die ersten Biographien und K\u00f6nigsaufenthalte habe ich abgeliefert, die werden jetzt\u00a0gerahmt, dekoriert usw. Auch einige Schildchen f\u00fcr die Ausstellungst\u00fccke habe ich vor Ort ins Netbook getippt.und am n\u00e4chsten Tag hingebracht. Repliken und andere Sachen von anderen Museen kommen erst am 10. Oktober nach Trebur.<\/p>\n<p>Ein Teil des Vereins war ja in Canossa, dort wurde ein Video wurde in Canossa erworben und die Italiener haben die Genehmigung erteilt es in der Ausstellung vorf\u00fchren zu d\u00fcrfen.<\/p>\n<p>Die Zeitung hat auch wieder \u00fcber die Ausstellung geschrieben, aber da hat dann jemand Mist gebaut. Keine Ahnung ob es die Gemeinde oder die Presse war, denn da Stand alle Informationen liefere die Gemeinde und der Geschichtsverein ist nur am Rande beteiligt&#8230;<\/p>\n<p>Interessant war, dass es Gen\u00f6hle wegen einer meiner Vitrinen gab. Und zwar wegen des Zitates &#8222;Der Heuschreckenschwarm verl\u00e4sst die Pfalz&#8230;&#8220;. Es hatte wohl jemand bedenken da die Sparkasse als Sponsor auftritt und sie sich mit &#8222;Heuschrecken&#8220; angesprochen f\u00fchlen k\u00f6nnte&#8230; Das w\u00fcrde die dann wohl eher selbst disqualifizieren. Alsosteht darunter das das Zitat 1000 Jahre alt ist, \u00a0sich dann an einem 1000 Jahre alten Zitat hochjuckeln das genau zum Thema passt, nur weil irgendein Politiker&#8230; ach egal, Zitat bleibt!<\/p>\n<p>Heute oder morgen werde ich versuchen meine Puppe fertig anzuziehen und meine Biografien und Regesten fertig machen. Es fehlt nur noch Heinrich IV \ud83d\ude09<\/p>\n","protected":false},"excerpt":{"rendered":"<p>Die ganze Woche war ich , zum Teil trotz eines beschissenen Migr\u00e4neschubs, \u00a0im Museum. Die ersten Biographien und K\u00f6nigsaufenthalte habe ich abgeliefert, die werden jetzt\u00a0gerahmt, dekoriert usw. Auch einige Schildchen f\u00fcr die Ausstellungst\u00fccke habe&#46;&#46;&#46;<\/p>\n","protected":false},"author":2,"featured_media":0,"comment_status":"open","ping_status":"open","sticky":false,"template":"","format":"standard","meta":{"jetpack_post_was_ever_published":false,"_jetpack_newsletter_access":"","_jetpack_dont_email_post_to_subs":false,"_jetpack_newsletter_tier_id":0,"_jetpack_memberships_contains_paywalled_content":false,"_jetpack_memberships_contains_paid_content":false,"footnotes":"","jetpack_publicize_message":"","jetpack_publicize_feature_enabled":true,"jetpack_social_post_already_shared":false,"jetpack_social_options":{"image_generator_settings":{"template":"highway","default_image_id":0,"font":"","enabled":false},"version":2}},"categories":[1],"tags":[28,35,16],"class_list":["post-9769","post","type-post","status-publish","format-standard","hentry","category-geschichte","tag-ausstellung","tag-pfalz","tag-trebur"],"yoast_head":"<!-- This site is optimized with the Yoast SEO plugin v27.5 - https:\/\/yoast.com\/product\/yoast-seo-wordpress\/ -->\n<title>Ausstellungstagebuch T-13 Noch 13 Tage... - Tribur.de<\/title>\n<meta name=\"robots\" content=\"index, follow, max-snippet:-1, max-image-preview:large, max-video-preview:-1\" \/>\n<link rel=\"canonical\" href=\"https:\/\/www.tribur.de\/blog\/2010\/10\/02\/ausstellungstagebuch-t-13-noch-13-tage\/\" \/>\n<meta property=\"og:locale\" content=\"de_DE\" \/>\n<meta property=\"og:type\" content=\"article\" \/>\n<meta property=\"og:title\" content=\"Ausstellungstagebuch T-13 Noch 13 Tage... - Tribur.de\" \/>\n<meta property=\"og:description\" content=\"Die ganze Woche war ich , zum Teil trotz eines beschissenen Migr\u00e4neschubs, \u00a0im Museum. Die ersten Biographien und K\u00f6nigsaufenthalte habe ich abgeliefert, die werden jetzt\u00a0gerahmt, dekoriert usw. Auch einige Schildchen f\u00fcr die Ausstellungst\u00fccke habe&#046;&#046;&#046;\" \/>\n<meta property=\"og:url\" content=\"https:\/\/www.tribur.de\/blog\/2010\/10\/02\/ausstellungstagebuch-t-13-noch-13-tage\/\" \/>\n<meta property=\"og:site_name\" content=\"Tribur.de\" \/>\n<meta property=\"article:publisher\" content=\"http:\/\/www.facebook.com\/pages\/Triburde\/184352328288771\" \/>\n<meta property=\"article:author\" content=\"http:\/\/www.facebook.com\/pages\/Triburde\/184352328288771\" \/>\n<meta property=\"article:published_time\" content=\"2010-10-02T08:31:35+00:00\" \/>\n<meta property=\"article:modified_time\" content=\"2010-10-02T08:55:17+00:00\" \/>\n<meta property=\"og:image\" content=\"http:\/\/www.tribur.de\/blog\/wp-content\/uploads\/2010\/09\/uploadcanossa.jpg\" \/>\n<meta name=\"author\" content=\"Markus Zwittmeier\" \/>\n<meta name=\"twitter:card\" content=\"summary_large_image\" \/>\n<meta name=\"twitter:creator\" content=\"@https:\/\/twitter.com\/tribur\" \/>\n<meta name=\"twitter:site\" content=\"@tribur\" \/>\n<meta name=\"twitter:label1\" content=\"Verfasst von\" \/>\n\t<meta name=\"twitter:data1\" content=\"Markus Zwittmeier\" \/>\n\t<meta name=\"twitter:label2\" content=\"Gesch\u00e4tzte Lesezeit\" \/>\n\t<meta name=\"twitter:data2\" content=\"1\u00a0Minute\" \/>\n<script type=\"application\/ld+json\" class=\"yoast-schema-graph\">{\"@context\":\"https:\\\/\\\/schema.org\",\"@graph\":[{\"@type\":\"Article\",\"@id\":\"https:\\\/\\\/www.tribur.de\\\/blog\\\/2010\\\/10\\\/02\\\/ausstellungstagebuch-t-13-noch-13-tage\\\/#article\",\"isPartOf\":{\"@id\":\"https:\\\/\\\/www.tribur.de\\\/blog\\\/2010\\\/10\\\/02\\\/ausstellungstagebuch-t-13-noch-13-tage\\\/\"},\"author\":{\"name\":\"Markus Zwittmeier\",\"@id\":\"https:\\\/\\\/www.tribur.de\\\/blog\\\/#\\\/schema\\\/person\\\/3119997f09f43791809c2d1af27bba6c\"},\"headline\":\"Ausstellungstagebuch T-13 Noch 13 Tage&#8230;\",\"datePublished\":\"2010-10-02T08:31:35+00:00\",\"dateModified\":\"2010-10-02T08:55:17+00:00\",\"mainEntityOfPage\":{\"@id\":\"https:\\\/\\\/www.tribur.de\\\/blog\\\/2010\\\/10\\\/02\\\/ausstellungstagebuch-t-13-noch-13-tage\\\/\"},\"wordCount\":262,\"commentCount\":0,\"publisher\":{\"@id\":\"https:\\\/\\\/www.tribur.de\\\/blog\\\/#\\\/schema\\\/person\\\/3119997f09f43791809c2d1af27bba6c\"},\"image\":{\"@id\":\"https:\\\/\\\/www.tribur.de\\\/blog\\\/2010\\\/10\\\/02\\\/ausstellungstagebuch-t-13-noch-13-tage\\\/#primaryimage\"},\"thumbnailUrl\":\"http:\\\/\\\/www.tribur.de\\\/blog\\\/wp-content\\\/uploads\\\/2010\\\/09\\\/uploadcanossa.jpg\",\"keywords\":[\"Ausstellung\",\"Pfalz\",\"Trebur\\\/Tribur\"],\"articleSection\":[\"Geschichte\"],\"inLanguage\":\"de\",\"potentialAction\":[{\"@type\":\"CommentAction\",\"name\":\"Comment\",\"target\":[\"https:\\\/\\\/www.tribur.de\\\/blog\\\/2010\\\/10\\\/02\\\/ausstellungstagebuch-t-13-noch-13-tage\\\/#respond\"]}]},{\"@type\":\"WebPage\",\"@id\":\"https:\\\/\\\/www.tribur.de\\\/blog\\\/2010\\\/10\\\/02\\\/ausstellungstagebuch-t-13-noch-13-tage\\\/\",\"url\":\"https:\\\/\\\/www.tribur.de\\\/blog\\\/2010\\\/10\\\/02\\\/ausstellungstagebuch-t-13-noch-13-tage\\\/\",\"name\":\"Ausstellungstagebuch T-13 Noch 13 Tage... - Tribur.de\",\"isPartOf\":{\"@id\":\"https:\\\/\\\/www.tribur.de\\\/blog\\\/#website\"},\"primaryImageOfPage\":{\"@id\":\"https:\\\/\\\/www.tribur.de\\\/blog\\\/2010\\\/10\\\/02\\\/ausstellungstagebuch-t-13-noch-13-tage\\\/#primaryimage\"},\"image\":{\"@id\":\"https:\\\/\\\/www.tribur.de\\\/blog\\\/2010\\\/10\\\/02\\\/ausstellungstagebuch-t-13-noch-13-tage\\\/#primaryimage\"},\"thumbnailUrl\":\"http:\\\/\\\/www.tribur.de\\\/blog\\\/wp-content\\\/uploads\\\/2010\\\/09\\\/uploadcanossa.jpg\",\"datePublished\":\"2010-10-02T08:31:35+00:00\",\"dateModified\":\"2010-10-02T08:55:17+00:00\",\"breadcrumb\":{\"@id\":\"https:\\\/\\\/www.tribur.de\\\/blog\\\/2010\\\/10\\\/02\\\/ausstellungstagebuch-t-13-noch-13-tage\\\/#breadcrumb\"},\"inLanguage\":\"de\",\"potentialAction\":[{\"@type\":\"ReadAction\",\"target\":[\"https:\\\/\\\/www.tribur.de\\\/blog\\\/2010\\\/10\\\/02\\\/ausstellungstagebuch-t-13-noch-13-tage\\\/\"]}]},{\"@type\":\"ImageObject\",\"inLanguage\":\"de\",\"@id\":\"https:\\\/\\\/www.tribur.de\\\/blog\\\/2010\\\/10\\\/02\\\/ausstellungstagebuch-t-13-noch-13-tage\\\/#primaryimage\",\"url\":\"https:\\\/\\\/i0.wp.com\\\/www.tribur.de\\\/blog\\\/wp-content\\\/uploads\\\/2010\\\/09\\\/uploadcanossa.jpg?fit=400%2C598&ssl=1\",\"contentUrl\":\"https:\\\/\\\/i0.wp.com\\\/www.tribur.de\\\/blog\\\/wp-content\\\/uploads\\\/2010\\\/09\\\/uploadcanossa.jpg?fit=400%2C598&ssl=1\",\"width\":\"400\",\"height\":\"598\"},{\"@type\":\"BreadcrumbList\",\"@id\":\"https:\\\/\\\/www.tribur.de\\\/blog\\\/2010\\\/10\\\/02\\\/ausstellungstagebuch-t-13-noch-13-tage\\\/#breadcrumb\",\"itemListElement\":[{\"@type\":\"ListItem\",\"position\":1,\"name\":\"Home\",\"item\":\"https:\\\/\\\/www.tribur.de\\\/blog\\\/\"},{\"@type\":\"ListItem\",\"position\":2,\"name\":\"Ausstellungstagebuch T-13 Noch 13 Tage&#8230;\"}]},{\"@type\":\"WebSite\",\"@id\":\"https:\\\/\\\/www.tribur.de\\\/blog\\\/#website\",\"url\":\"https:\\\/\\\/www.tribur.de\\\/blog\\\/\",\"name\":\"Tribur.de\",\"description\":\"Tribur.de - Geschichte und so Zeugs\",\"publisher\":{\"@id\":\"https:\\\/\\\/www.tribur.de\\\/blog\\\/#\\\/schema\\\/person\\\/3119997f09f43791809c2d1af27bba6c\"},\"potentialAction\":[{\"@type\":\"SearchAction\",\"target\":{\"@type\":\"EntryPoint\",\"urlTemplate\":\"https:\\\/\\\/www.tribur.de\\\/blog\\\/?s={search_term_string}\"},\"query-input\":{\"@type\":\"PropertyValueSpecification\",\"valueRequired\":true,\"valueName\":\"search_term_string\"}}],\"inLanguage\":\"de\"},{\"@type\":[\"Person\",\"Organization\"],\"@id\":\"https:\\\/\\\/www.tribur.de\\\/blog\\\/#\\\/schema\\\/person\\\/3119997f09f43791809c2d1af27bba6c\",\"name\":\"Markus Zwittmeier\",\"image\":{\"@type\":\"ImageObject\",\"inLanguage\":\"de\",\"@id\":\"https:\\\/\\\/i0.wp.com\\\/www.tribur.de\\\/blog\\\/wp-content\\\/uploads\\\/2018\\\/09\\\/cropped-logotest-4.jpg?fit=200%2C200&ssl=1\",\"url\":\"https:\\\/\\\/i0.wp.com\\\/www.tribur.de\\\/blog\\\/wp-content\\\/uploads\\\/2018\\\/09\\\/cropped-logotest-4.jpg?fit=200%2C200&ssl=1\",\"contentUrl\":\"https:\\\/\\\/i0.wp.com\\\/www.tribur.de\\\/blog\\\/wp-content\\\/uploads\\\/2018\\\/09\\\/cropped-logotest-4.jpg?fit=200%2C200&ssl=1\",\"width\":200,\"height\":200,\"caption\":\"Markus Zwittmeier\"},\"logo\":{\"@id\":\"https:\\\/\\\/i0.wp.com\\\/www.tribur.de\\\/blog\\\/wp-content\\\/uploads\\\/2018\\\/09\\\/cropped-logotest-4.jpg?fit=200%2C200&ssl=1\"},\"sameAs\":[\"http:\\\/\\\/www.Tribur.de\",\"http:\\\/\\\/www.facebook.com\\\/pages\\\/Triburde\\\/184352328288771\",\"https:\\\/\\\/www.instagram.com\\\/tribur.de\\\/\",\"https:\\\/\\\/x.com\\\/https:\\\/\\\/twitter.com\\\/tribur\",\"https:\\\/\\\/www.youtube.com\\\/channel\\\/UCnEonou-x6_P4XPjBk2htCA\"],\"url\":\"https:\\\/\\\/www.tribur.de\\\/blog\\\/author\\\/markus\\\/\"}]}<\/script>\n<!-- \/ Yoast SEO plugin. -->","yoast_head_json":{"title":"Ausstellungstagebuch T-13 Noch 13 Tage... - Tribur.de","robots":{"index":"index","follow":"follow","max-snippet":"max-snippet:-1","max-image-preview":"max-image-preview:large","max-video-preview":"max-video-preview:-1"},"canonical":"https:\/\/www.tribur.de\/blog\/2010\/10\/02\/ausstellungstagebuch-t-13-noch-13-tage\/","og_locale":"de_DE","og_type":"article","og_title":"Ausstellungstagebuch T-13 Noch 13 Tage... - Tribur.de","og_description":"Die ganze Woche war ich , zum Teil trotz eines beschissenen Migr\u00e4neschubs, \u00a0im Museum. Die ersten Biographien und K\u00f6nigsaufenthalte habe ich abgeliefert, die werden jetzt\u00a0gerahmt, dekoriert usw. Auch einige Schildchen f\u00fcr die Ausstellungst\u00fccke habe&#46;&#46;&#46;","og_url":"https:\/\/www.tribur.de\/blog\/2010\/10\/02\/ausstellungstagebuch-t-13-noch-13-tage\/","og_site_name":"Tribur.de","article_publisher":"http:\/\/www.facebook.com\/pages\/Triburde\/184352328288771","article_author":"http:\/\/www.facebook.com\/pages\/Triburde\/184352328288771","article_published_time":"2010-10-02T08:31:35+00:00","article_modified_time":"2010-10-02T08:55:17+00:00","og_image":[{"url":"http:\/\/www.tribur.de\/blog\/wp-content\/uploads\/2010\/09\/uploadcanossa.jpg","type":"","width":"","height":""}],"author":"Markus Zwittmeier","twitter_card":"summary_large_image","twitter_creator":"@https:\/\/twitter.com\/tribur","twitter_site":"@tribur","twitter_misc":{"Verfasst von":"Markus Zwittmeier","Gesch\u00e4tzte Lesezeit":"1\u00a0Minute"},"schema":{"@context":"https:\/\/schema.org","@graph":[{"@type":"Article","@id":"https:\/\/www.tribur.de\/blog\/2010\/10\/02\/ausstellungstagebuch-t-13-noch-13-tage\/#article","isPartOf":{"@id":"https:\/\/www.tribur.de\/blog\/2010\/10\/02\/ausstellungstagebuch-t-13-noch-13-tage\/"},"author":{"name":"Markus Zwittmeier","@id":"https:\/\/www.tribur.de\/blog\/#\/schema\/person\/3119997f09f43791809c2d1af27bba6c"},"headline":"Ausstellungstagebuch T-13 Noch 13 Tage&#8230;","datePublished":"2010-10-02T08:31:35+00:00","dateModified":"2010-10-02T08:55:17+00:00","mainEntityOfPage":{"@id":"https:\/\/www.tribur.de\/blog\/2010\/10\/02\/ausstellungstagebuch-t-13-noch-13-tage\/"},"wordCount":262,"commentCount":0,"publisher":{"@id":"https:\/\/www.tribur.de\/blog\/#\/schema\/person\/3119997f09f43791809c2d1af27bba6c"},"image":{"@id":"https:\/\/www.tribur.de\/blog\/2010\/10\/02\/ausstellungstagebuch-t-13-noch-13-tage\/#primaryimage"},"thumbnailUrl":"http:\/\/www.tribur.de\/blog\/wp-content\/uploads\/2010\/09\/uploadcanossa.jpg","keywords":["Ausstellung","Pfalz","Trebur\/Tribur"],"articleSection":["Geschichte"],"inLanguage":"de","potentialAction":[{"@type":"CommentAction","name":"Comment","target":["https:\/\/www.tribur.de\/blog\/2010\/10\/02\/ausstellungstagebuch-t-13-noch-13-tage\/#respond"]}]},{"@type":"WebPage","@id":"https:\/\/www.tribur.de\/blog\/2010\/10\/02\/ausstellungstagebuch-t-13-noch-13-tage\/","url":"https:\/\/www.tribur.de\/blog\/2010\/10\/02\/ausstellungstagebuch-t-13-noch-13-tage\/","name":"Ausstellungstagebuch T-13 Noch 13 Tage... - Tribur.de","isPartOf":{"@id":"https:\/\/www.tribur.de\/blog\/#website"},"primaryImageOfPage":{"@id":"https:\/\/www.tribur.de\/blog\/2010\/10\/02\/ausstellungstagebuch-t-13-noch-13-tage\/#primaryimage"},"image":{"@id":"https:\/\/www.tribur.de\/blog\/2010\/10\/02\/ausstellungstagebuch-t-13-noch-13-tage\/#primaryimage"},"thumbnailUrl":"http:\/\/www.tribur.de\/blog\/wp-content\/uploads\/2010\/09\/uploadcanossa.jpg","datePublished":"2010-10-02T08:31:35+00:00","dateModified":"2010-10-02T08:55:17+00:00","breadcrumb":{"@id":"https:\/\/www.tribur.de\/blog\/2010\/10\/02\/ausstellungstagebuch-t-13-noch-13-tage\/#breadcrumb"},"inLanguage":"de","potentialAction":[{"@type":"ReadAction","target":["https:\/\/www.tribur.de\/blog\/2010\/10\/02\/ausstellungstagebuch-t-13-noch-13-tage\/"]}]},{"@type":"ImageObject","inLanguage":"de","@id":"https:\/\/www.tribur.de\/blog\/2010\/10\/02\/ausstellungstagebuch-t-13-noch-13-tage\/#primaryimage","url":"https:\/\/i0.wp.com\/www.tribur.de\/blog\/wp-content\/uploads\/2010\/09\/uploadcanossa.jpg?fit=400%2C598&ssl=1","contentUrl":"https:\/\/i0.wp.com\/www.tribur.de\/blog\/wp-content\/uploads\/2010\/09\/uploadcanossa.jpg?fit=400%2C598&ssl=1","width":"400","height":"598"},{"@type":"BreadcrumbList","@id":"https:\/\/www.tribur.de\/blog\/2010\/10\/02\/ausstellungstagebuch-t-13-noch-13-tage\/#breadcrumb","itemListElement":[{"@type":"ListItem","position":1,"name":"Home","item":"https:\/\/www.tribur.de\/blog\/"},{"@type":"ListItem","position":2,"name":"Ausstellungstagebuch T-13 Noch 13 Tage&#8230;"}]},{"@type":"WebSite","@id":"https:\/\/www.tribur.de\/blog\/#website","url":"https:\/\/www.tribur.de\/blog\/","name":"Tribur.de","description":"Tribur.de - Geschichte und so Zeugs","publisher":{"@id":"https:\/\/www.tribur.de\/blog\/#\/schema\/person\/3119997f09f43791809c2d1af27bba6c"},"potentialAction":[{"@type":"SearchAction","target":{"@type":"EntryPoint","urlTemplate":"https:\/\/www.tribur.de\/blog\/?s={search_term_string}"},"query-input":{"@type":"PropertyValueSpecification","valueRequired":true,"valueName":"search_term_string"}}],"inLanguage":"de"},{"@type":["Person","Organization"],"@id":"https:\/\/www.tribur.de\/blog\/#\/schema\/person\/3119997f09f43791809c2d1af27bba6c","name":"Markus Zwittmeier","image":{"@type":"ImageObject","inLanguage":"de","@id":"https:\/\/i0.wp.com\/www.tribur.de\/blog\/wp-content\/uploads\/2018\/09\/cropped-logotest-4.jpg?fit=200%2C200&ssl=1","url":"https:\/\/i0.wp.com\/www.tribur.de\/blog\/wp-content\/uploads\/2018\/09\/cropped-logotest-4.jpg?fit=200%2C200&ssl=1","contentUrl":"https:\/\/i0.wp.com\/www.tribur.de\/blog\/wp-content\/uploads\/2018\/09\/cropped-logotest-4.jpg?fit=200%2C200&ssl=1","width":200,"height":200,"caption":"Markus Zwittmeier"},"logo":{"@id":"https:\/\/i0.wp.com\/www.tribur.de\/blog\/wp-content\/uploads\/2018\/09\/cropped-logotest-4.jpg?fit=200%2C200&ssl=1"},"sameAs":["http:\/\/www.Tribur.de","http:\/\/www.facebook.com\/pages\/Triburde\/184352328288771","https:\/\/www.instagram.com\/tribur.de\/","https:\/\/x.com\/https:\/\/twitter.com\/tribur","https:\/\/www.youtube.com\/channel\/UCnEonou-x6_P4XPjBk2htCA"],"url":"https:\/\/www.tribur.de\/blog\/author\/markus\/"}]}},"jetpack_publicize_connections":[],"jetpack_featured_media_url":"","jetpack_shortlink":"https:\/\/wp.me\/p1mHPu-2xz","jetpack_sharing_enabled":true,"_links":{"self":[{"href":"https:\/\/www.tribur.de\/blog\/wp-json\/wp\/v2\/posts\/9769","targetHints":{"allow":["GET"]}}],"collection":[{"href":"https:\/\/www.tribur.de\/blog\/wp-json\/wp\/v2\/posts"}],"about":[{"href":"https:\/\/www.tribur.de\/blog\/wp-json\/wp\/v2\/types\/post"}],"author":[{"embeddable":true,"href":"https:\/\/www.tribur.de\/blog\/wp-json\/wp\/v2\/users\/2"}],"replies":[{"embeddable":true,"href":"https:\/\/www.tribur.de\/blog\/wp-json\/wp\/v2\/comments?post=9769"}],"version-history":[{"count":11,"href":"https:\/\/www.tribur.de\/blog\/wp-json\/wp\/v2\/posts\/9769\/revisions"}],"predecessor-version":[{"id":9822,"href":"https:\/\/www.tribur.de\/blog\/wp-json\/wp\/v2\/posts\/9769\/revisions\/9822"}],"wp:attachment":[{"href":"https:\/\/www.tribur.de\/blog\/wp-json\/wp\/v2\/media?parent=9769"}],"wp:term":[{"taxonomy":"category","embeddable":true,"href":"https:\/\/www.tribur.de\/blog\/wp-json\/wp\/v2\/categories?post=9769"},{"taxonomy":"post_tag","embeddable":true,"href":"https:\/\/www.tribur.de\/blog\/wp-json\/wp\/v2\/tags?post=9769"}],"curies":[{"name":"wp","href":"https:\/\/api.w.org\/{rel}","templated":true}]}}