{"id":9553,"date":"2010-09-22T10:24:58","date_gmt":"2010-09-22T08:24:58","guid":{"rendered":"http:\/\/www.tribur.de\/blog\/?p=9553"},"modified":"2010-09-22T10:24:58","modified_gmt":"2010-09-22T08:24:58","slug":"der-rhein-in-der-geschichte-von-schweden-und-spaniern","status":"publish","type":"post","link":"https:\/\/www.tribur.de\/blog\/2010\/09\/22\/der-rhein-in-der-geschichte-von-schweden-und-spaniern\/","title":{"rendered":"Der Rhein in der Geschichte &#8211; Von Schweden und Spaniern"},"content":{"rendered":"<p><a href=\"https:\/\/i0.wp.com\/www.tribur.de\/blog\/wp-content\/uploads\/2010\/06\/sternschanzemerian.jpg?ssl=1\"><img data-recalc-dims=\"1\" loading=\"lazy\" decoding=\"async\" class=\"alignleft size-full wp-image-6796\" title=\"sternschanzemerian\" src=\"https:\/\/i0.wp.com\/www.tribur.de\/blog\/wp-content\/uploads\/2010\/06\/sternschanzemerian.jpg?resize=400%2C301&#038;ssl=1\" alt=\"\" width=\"400\" height=\"301\" srcset=\"https:\/\/i0.wp.com\/www.tribur.de\/blog\/wp-content\/uploads\/2010\/06\/sternschanzemerian.jpg?w=400&amp;ssl=1 400w, https:\/\/i0.wp.com\/www.tribur.de\/blog\/wp-content\/uploads\/2010\/06\/sternschanzemerian.jpg?resize=300%2C225&amp;ssl=1 300w\" sizes=\"auto, (max-width: 400px) 100vw, 400px\" \/><\/a>Am Rhein\u00fcbergang des Kornsands bestand im 30 J\u00e4hrig Krieg eine Sternschanze, die von spanisch kaiserlichen Truppen gehalten wurde. Sie sollte den \u00dcbergang nach Oppenheim und damit den  Weg nach Mainz sch\u00fctzen.<br \/>\nGustav II. Adolf von Schweden erkannte das strategische Hindernis und beschloss es zu umgehen, bzw. einzukesseln.<br \/>\nAm 21.12.1631 lies er s\u00e4mtliche Scheunentore Erfeldens und der Umgebung aush\u00e4ngen und an den Rhein schaffen. An der Rheinschleife bei Erfelden \u00fcberquerte er in einer Nacht und Nebel Aktion den Rhein auf das heutige Naturschutzgebiet K\u00fchkopf besiegte die spanischen Truppen und Schnitt der Schanze den Nachschub ab, W\u00e4hrend von Stockstadt her ein Scheinangriff auf die Schanze begann.<br \/>\nEhe die Spanier  in der Sternschanze wu\u00dften wie ihnen Geschah waren sie nun von beiden Seiten umzingelt.<br \/>\nAm 23.12. ergab sich Mainz kampflos und Gustav II. Adolf nahm Winterquartier.<br \/>\nGustav II. Adolf hatte die Strategische Lage der Region, gesch\u00fctzt durch Rhein und Main erkannt. Er lies beim heutigen Gustavsburg die Burg selben namens errichten. Eine Sternschanze&#8230;. Was ihm bei der Schlacht von L\u00fctzen 1632 aber auch nicht mehr half als ihn eine Kugel traf.<\/p>\n","protected":false},"excerpt":{"rendered":"<p>Am Rhein\u00fcbergang des Kornsands bestand im 30 J\u00e4hrig Krieg eine Sternschanze, die von spanisch kaiserlichen Truppen gehalten wurde. Sie sollte den \u00dcbergang nach Oppenheim und damit den Weg nach Mainz sch\u00fctzen. Gustav II. Adolf&#46;&#46;&#46;<\/p>\n","protected":false},"author":2,"featured_media":0,"comment_status":"open","ping_status":"open","sticky":false,"template":"","format":"standard","meta":{"jetpack_post_was_ever_published":false,"_jetpack_newsletter_access":"","_jetpack_dont_email_post_to_subs":false,"_jetpack_newsletter_tier_id":0,"_jetpack_memberships_contains_paywalled_content":false,"_jetpack_memberships_contains_paid_content":false,"footnotes":"","jetpack_publicize_message":"","jetpack_publicize_feature_enabled":true,"jetpack_social_post_already_shared":false,"jetpack_social_options":{"image_generator_settings":{"template":"highway","default_image_id":0,"font":"","enabled":false},"version":2}},"categories":[1],"tags":[8,16],"class_list":["post-9553","post","type-post","status-publish","format-standard","hentry","category-geschichte","tag-neuzeit","tag-trebur"],"yoast_head":"<!-- This site is optimized with the Yoast SEO plugin v27.5 - https:\/\/yoast.com\/product\/yoast-seo-wordpress\/ -->\n<title>Der Rhein in der Geschichte - Von Schweden und Spaniern - Tribur.de<\/title>\n<meta name=\"robots\" content=\"index, follow, max-snippet:-1, max-image-preview:large, max-video-preview:-1\" \/>\n<link rel=\"canonical\" href=\"https:\/\/www.tribur.de\/blog\/2010\/09\/22\/der-rhein-in-der-geschichte-von-schweden-und-spaniern\/\" \/>\n<meta property=\"og:locale\" content=\"de_DE\" \/>\n<meta property=\"og:type\" content=\"article\" \/>\n<meta property=\"og:title\" content=\"Der Rhein in der Geschichte - Von Schweden und Spaniern - Tribur.de\" \/>\n<meta property=\"og:description\" content=\"Am Rhein\u00fcbergang des Kornsands bestand im 30 J\u00e4hrig Krieg eine Sternschanze, die von spanisch kaiserlichen Truppen gehalten wurde. Sie sollte den \u00dcbergang nach Oppenheim und damit den Weg nach Mainz sch\u00fctzen. Gustav II. Adolf&#046;&#046;&#046;\" \/>\n<meta property=\"og:url\" content=\"https:\/\/www.tribur.de\/blog\/2010\/09\/22\/der-rhein-in-der-geschichte-von-schweden-und-spaniern\/\" \/>\n<meta property=\"og:site_name\" content=\"Tribur.de\" \/>\n<meta property=\"article:publisher\" content=\"http:\/\/www.facebook.com\/pages\/Triburde\/184352328288771\" \/>\n<meta property=\"article:author\" content=\"http:\/\/www.facebook.com\/pages\/Triburde\/184352328288771\" \/>\n<meta property=\"article:published_time\" content=\"2010-09-22T08:24:58+00:00\" \/>\n<meta property=\"og:image\" content=\"http:\/\/www.tribur.de\/blog\/wp-content\/uploads\/2010\/06\/sternschanzemerian.jpg\" \/>\n<meta name=\"author\" content=\"Markus Zwittmeier\" \/>\n<meta name=\"twitter:card\" content=\"summary_large_image\" \/>\n<meta name=\"twitter:creator\" content=\"@https:\/\/twitter.com\/tribur\" \/>\n<meta name=\"twitter:site\" content=\"@tribur\" \/>\n<meta name=\"twitter:label1\" content=\"Verfasst von\" \/>\n\t<meta name=\"twitter:data1\" content=\"Markus Zwittmeier\" \/>\n\t<meta name=\"twitter:label2\" content=\"Gesch\u00e4tzte Lesezeit\" \/>\n\t<meta name=\"twitter:data2\" content=\"1\u00a0Minute\" \/>\n<script type=\"application\/ld+json\" class=\"yoast-schema-graph\">{\"@context\":\"https:\\\/\\\/schema.org\",\"@graph\":[{\"@type\":\"Article\",\"@id\":\"https:\\\/\\\/www.tribur.de\\\/blog\\\/2010\\\/09\\\/22\\\/der-rhein-in-der-geschichte-von-schweden-und-spaniern\\\/#article\",\"isPartOf\":{\"@id\":\"https:\\\/\\\/www.tribur.de\\\/blog\\\/2010\\\/09\\\/22\\\/der-rhein-in-der-geschichte-von-schweden-und-spaniern\\\/\"},\"author\":{\"name\":\"Markus Zwittmeier\",\"@id\":\"https:\\\/\\\/www.tribur.de\\\/blog\\\/#\\\/schema\\\/person\\\/3119997f09f43791809c2d1af27bba6c\"},\"headline\":\"Der Rhein in der Geschichte &#8211; Von Schweden und Spaniern\",\"datePublished\":\"2010-09-22T08:24:58+00:00\",\"mainEntityOfPage\":{\"@id\":\"https:\\\/\\\/www.tribur.de\\\/blog\\\/2010\\\/09\\\/22\\\/der-rhein-in-der-geschichte-von-schweden-und-spaniern\\\/\"},\"wordCount\":194,\"commentCount\":0,\"publisher\":{\"@id\":\"https:\\\/\\\/www.tribur.de\\\/blog\\\/#\\\/schema\\\/person\\\/3119997f09f43791809c2d1af27bba6c\"},\"image\":{\"@id\":\"https:\\\/\\\/www.tribur.de\\\/blog\\\/2010\\\/09\\\/22\\\/der-rhein-in-der-geschichte-von-schweden-und-spaniern\\\/#primaryimage\"},\"thumbnailUrl\":\"http:\\\/\\\/www.tribur.de\\\/blog\\\/wp-content\\\/uploads\\\/2010\\\/06\\\/sternschanzemerian.jpg\",\"keywords\":[\"Neuzeit\",\"Trebur\\\/Tribur\"],\"articleSection\":[\"Geschichte\"],\"inLanguage\":\"de\",\"potentialAction\":[{\"@type\":\"CommentAction\",\"name\":\"Comment\",\"target\":[\"https:\\\/\\\/www.tribur.de\\\/blog\\\/2010\\\/09\\\/22\\\/der-rhein-in-der-geschichte-von-schweden-und-spaniern\\\/#respond\"]}]},{\"@type\":\"WebPage\",\"@id\":\"https:\\\/\\\/www.tribur.de\\\/blog\\\/2010\\\/09\\\/22\\\/der-rhein-in-der-geschichte-von-schweden-und-spaniern\\\/\",\"url\":\"https:\\\/\\\/www.tribur.de\\\/blog\\\/2010\\\/09\\\/22\\\/der-rhein-in-der-geschichte-von-schweden-und-spaniern\\\/\",\"name\":\"Der Rhein in der Geschichte - Von Schweden und Spaniern - Tribur.de\",\"isPartOf\":{\"@id\":\"https:\\\/\\\/www.tribur.de\\\/blog\\\/#website\"},\"primaryImageOfPage\":{\"@id\":\"https:\\\/\\\/www.tribur.de\\\/blog\\\/2010\\\/09\\\/22\\\/der-rhein-in-der-geschichte-von-schweden-und-spaniern\\\/#primaryimage\"},\"image\":{\"@id\":\"https:\\\/\\\/www.tribur.de\\\/blog\\\/2010\\\/09\\\/22\\\/der-rhein-in-der-geschichte-von-schweden-und-spaniern\\\/#primaryimage\"},\"thumbnailUrl\":\"http:\\\/\\\/www.tribur.de\\\/blog\\\/wp-content\\\/uploads\\\/2010\\\/06\\\/sternschanzemerian.jpg\",\"datePublished\":\"2010-09-22T08:24:58+00:00\",\"breadcrumb\":{\"@id\":\"https:\\\/\\\/www.tribur.de\\\/blog\\\/2010\\\/09\\\/22\\\/der-rhein-in-der-geschichte-von-schweden-und-spaniern\\\/#breadcrumb\"},\"inLanguage\":\"de\",\"potentialAction\":[{\"@type\":\"ReadAction\",\"target\":[\"https:\\\/\\\/www.tribur.de\\\/blog\\\/2010\\\/09\\\/22\\\/der-rhein-in-der-geschichte-von-schweden-und-spaniern\\\/\"]}]},{\"@type\":\"ImageObject\",\"inLanguage\":\"de\",\"@id\":\"https:\\\/\\\/www.tribur.de\\\/blog\\\/2010\\\/09\\\/22\\\/der-rhein-in-der-geschichte-von-schweden-und-spaniern\\\/#primaryimage\",\"url\":\"https:\\\/\\\/i0.wp.com\\\/www.tribur.de\\\/blog\\\/wp-content\\\/uploads\\\/2010\\\/06\\\/sternschanzemerian.jpg?fit=400%2C301&ssl=1\",\"contentUrl\":\"https:\\\/\\\/i0.wp.com\\\/www.tribur.de\\\/blog\\\/wp-content\\\/uploads\\\/2010\\\/06\\\/sternschanzemerian.jpg?fit=400%2C301&ssl=1\",\"width\":\"400\",\"height\":\"301\"},{\"@type\":\"BreadcrumbList\",\"@id\":\"https:\\\/\\\/www.tribur.de\\\/blog\\\/2010\\\/09\\\/22\\\/der-rhein-in-der-geschichte-von-schweden-und-spaniern\\\/#breadcrumb\",\"itemListElement\":[{\"@type\":\"ListItem\",\"position\":1,\"name\":\"Home\",\"item\":\"https:\\\/\\\/www.tribur.de\\\/blog\\\/\"},{\"@type\":\"ListItem\",\"position\":2,\"name\":\"Der Rhein in der Geschichte &#8211; Von Schweden und Spaniern\"}]},{\"@type\":\"WebSite\",\"@id\":\"https:\\\/\\\/www.tribur.de\\\/blog\\\/#website\",\"url\":\"https:\\\/\\\/www.tribur.de\\\/blog\\\/\",\"name\":\"Tribur.de\",\"description\":\"Tribur.de - Geschichte und so Zeugs\",\"publisher\":{\"@id\":\"https:\\\/\\\/www.tribur.de\\\/blog\\\/#\\\/schema\\\/person\\\/3119997f09f43791809c2d1af27bba6c\"},\"potentialAction\":[{\"@type\":\"SearchAction\",\"target\":{\"@type\":\"EntryPoint\",\"urlTemplate\":\"https:\\\/\\\/www.tribur.de\\\/blog\\\/?s={search_term_string}\"},\"query-input\":{\"@type\":\"PropertyValueSpecification\",\"valueRequired\":true,\"valueName\":\"search_term_string\"}}],\"inLanguage\":\"de\"},{\"@type\":[\"Person\",\"Organization\"],\"@id\":\"https:\\\/\\\/www.tribur.de\\\/blog\\\/#\\\/schema\\\/person\\\/3119997f09f43791809c2d1af27bba6c\",\"name\":\"Markus Zwittmeier\",\"image\":{\"@type\":\"ImageObject\",\"inLanguage\":\"de\",\"@id\":\"https:\\\/\\\/i0.wp.com\\\/www.tribur.de\\\/blog\\\/wp-content\\\/uploads\\\/2018\\\/09\\\/cropped-logotest-4.jpg?fit=200%2C200&ssl=1\",\"url\":\"https:\\\/\\\/i0.wp.com\\\/www.tribur.de\\\/blog\\\/wp-content\\\/uploads\\\/2018\\\/09\\\/cropped-logotest-4.jpg?fit=200%2C200&ssl=1\",\"contentUrl\":\"https:\\\/\\\/i0.wp.com\\\/www.tribur.de\\\/blog\\\/wp-content\\\/uploads\\\/2018\\\/09\\\/cropped-logotest-4.jpg?fit=200%2C200&ssl=1\",\"width\":200,\"height\":200,\"caption\":\"Markus Zwittmeier\"},\"logo\":{\"@id\":\"https:\\\/\\\/i0.wp.com\\\/www.tribur.de\\\/blog\\\/wp-content\\\/uploads\\\/2018\\\/09\\\/cropped-logotest-4.jpg?fit=200%2C200&ssl=1\"},\"sameAs\":[\"http:\\\/\\\/www.Tribur.de\",\"http:\\\/\\\/www.facebook.com\\\/pages\\\/Triburde\\\/184352328288771\",\"https:\\\/\\\/www.instagram.com\\\/tribur.de\\\/\",\"https:\\\/\\\/x.com\\\/https:\\\/\\\/twitter.com\\\/tribur\",\"https:\\\/\\\/www.youtube.com\\\/channel\\\/UCnEonou-x6_P4XPjBk2htCA\"],\"url\":\"https:\\\/\\\/www.tribur.de\\\/blog\\\/author\\\/markus\\\/\"}]}<\/script>\n<!-- \/ Yoast SEO plugin. -->","yoast_head_json":{"title":"Der Rhein in der Geschichte - Von Schweden und Spaniern - Tribur.de","robots":{"index":"index","follow":"follow","max-snippet":"max-snippet:-1","max-image-preview":"max-image-preview:large","max-video-preview":"max-video-preview:-1"},"canonical":"https:\/\/www.tribur.de\/blog\/2010\/09\/22\/der-rhein-in-der-geschichte-von-schweden-und-spaniern\/","og_locale":"de_DE","og_type":"article","og_title":"Der Rhein in der Geschichte - Von Schweden und Spaniern - Tribur.de","og_description":"Am Rhein\u00fcbergang des Kornsands bestand im 30 J\u00e4hrig Krieg eine Sternschanze, die von spanisch kaiserlichen Truppen gehalten wurde. Sie sollte den \u00dcbergang nach Oppenheim und damit den Weg nach Mainz sch\u00fctzen. Gustav II. Adolf&#46;&#46;&#46;","og_url":"https:\/\/www.tribur.de\/blog\/2010\/09\/22\/der-rhein-in-der-geschichte-von-schweden-und-spaniern\/","og_site_name":"Tribur.de","article_publisher":"http:\/\/www.facebook.com\/pages\/Triburde\/184352328288771","article_author":"http:\/\/www.facebook.com\/pages\/Triburde\/184352328288771","article_published_time":"2010-09-22T08:24:58+00:00","og_image":[{"url":"http:\/\/www.tribur.de\/blog\/wp-content\/uploads\/2010\/06\/sternschanzemerian.jpg","type":"","width":"","height":""}],"author":"Markus Zwittmeier","twitter_card":"summary_large_image","twitter_creator":"@https:\/\/twitter.com\/tribur","twitter_site":"@tribur","twitter_misc":{"Verfasst von":"Markus Zwittmeier","Gesch\u00e4tzte Lesezeit":"1\u00a0Minute"},"schema":{"@context":"https:\/\/schema.org","@graph":[{"@type":"Article","@id":"https:\/\/www.tribur.de\/blog\/2010\/09\/22\/der-rhein-in-der-geschichte-von-schweden-und-spaniern\/#article","isPartOf":{"@id":"https:\/\/www.tribur.de\/blog\/2010\/09\/22\/der-rhein-in-der-geschichte-von-schweden-und-spaniern\/"},"author":{"name":"Markus Zwittmeier","@id":"https:\/\/www.tribur.de\/blog\/#\/schema\/person\/3119997f09f43791809c2d1af27bba6c"},"headline":"Der Rhein in der Geschichte &#8211; Von Schweden und Spaniern","datePublished":"2010-09-22T08:24:58+00:00","mainEntityOfPage":{"@id":"https:\/\/www.tribur.de\/blog\/2010\/09\/22\/der-rhein-in-der-geschichte-von-schweden-und-spaniern\/"},"wordCount":194,"commentCount":0,"publisher":{"@id":"https:\/\/www.tribur.de\/blog\/#\/schema\/person\/3119997f09f43791809c2d1af27bba6c"},"image":{"@id":"https:\/\/www.tribur.de\/blog\/2010\/09\/22\/der-rhein-in-der-geschichte-von-schweden-und-spaniern\/#primaryimage"},"thumbnailUrl":"http:\/\/www.tribur.de\/blog\/wp-content\/uploads\/2010\/06\/sternschanzemerian.jpg","keywords":["Neuzeit","Trebur\/Tribur"],"articleSection":["Geschichte"],"inLanguage":"de","potentialAction":[{"@type":"CommentAction","name":"Comment","target":["https:\/\/www.tribur.de\/blog\/2010\/09\/22\/der-rhein-in-der-geschichte-von-schweden-und-spaniern\/#respond"]}]},{"@type":"WebPage","@id":"https:\/\/www.tribur.de\/blog\/2010\/09\/22\/der-rhein-in-der-geschichte-von-schweden-und-spaniern\/","url":"https:\/\/www.tribur.de\/blog\/2010\/09\/22\/der-rhein-in-der-geschichte-von-schweden-und-spaniern\/","name":"Der Rhein in der Geschichte - Von Schweden und Spaniern - Tribur.de","isPartOf":{"@id":"https:\/\/www.tribur.de\/blog\/#website"},"primaryImageOfPage":{"@id":"https:\/\/www.tribur.de\/blog\/2010\/09\/22\/der-rhein-in-der-geschichte-von-schweden-und-spaniern\/#primaryimage"},"image":{"@id":"https:\/\/www.tribur.de\/blog\/2010\/09\/22\/der-rhein-in-der-geschichte-von-schweden-und-spaniern\/#primaryimage"},"thumbnailUrl":"http:\/\/www.tribur.de\/blog\/wp-content\/uploads\/2010\/06\/sternschanzemerian.jpg","datePublished":"2010-09-22T08:24:58+00:00","breadcrumb":{"@id":"https:\/\/www.tribur.de\/blog\/2010\/09\/22\/der-rhein-in-der-geschichte-von-schweden-und-spaniern\/#breadcrumb"},"inLanguage":"de","potentialAction":[{"@type":"ReadAction","target":["https:\/\/www.tribur.de\/blog\/2010\/09\/22\/der-rhein-in-der-geschichte-von-schweden-und-spaniern\/"]}]},{"@type":"ImageObject","inLanguage":"de","@id":"https:\/\/www.tribur.de\/blog\/2010\/09\/22\/der-rhein-in-der-geschichte-von-schweden-und-spaniern\/#primaryimage","url":"https:\/\/i0.wp.com\/www.tribur.de\/blog\/wp-content\/uploads\/2010\/06\/sternschanzemerian.jpg?fit=400%2C301&ssl=1","contentUrl":"https:\/\/i0.wp.com\/www.tribur.de\/blog\/wp-content\/uploads\/2010\/06\/sternschanzemerian.jpg?fit=400%2C301&ssl=1","width":"400","height":"301"},{"@type":"BreadcrumbList","@id":"https:\/\/www.tribur.de\/blog\/2010\/09\/22\/der-rhein-in-der-geschichte-von-schweden-und-spaniern\/#breadcrumb","itemListElement":[{"@type":"ListItem","position":1,"name":"Home","item":"https:\/\/www.tribur.de\/blog\/"},{"@type":"ListItem","position":2,"name":"Der Rhein in der Geschichte &#8211; Von Schweden und Spaniern"}]},{"@type":"WebSite","@id":"https:\/\/www.tribur.de\/blog\/#website","url":"https:\/\/www.tribur.de\/blog\/","name":"Tribur.de","description":"Tribur.de - Geschichte und so Zeugs","publisher":{"@id":"https:\/\/www.tribur.de\/blog\/#\/schema\/person\/3119997f09f43791809c2d1af27bba6c"},"potentialAction":[{"@type":"SearchAction","target":{"@type":"EntryPoint","urlTemplate":"https:\/\/www.tribur.de\/blog\/?s={search_term_string}"},"query-input":{"@type":"PropertyValueSpecification","valueRequired":true,"valueName":"search_term_string"}}],"inLanguage":"de"},{"@type":["Person","Organization"],"@id":"https:\/\/www.tribur.de\/blog\/#\/schema\/person\/3119997f09f43791809c2d1af27bba6c","name":"Markus Zwittmeier","image":{"@type":"ImageObject","inLanguage":"de","@id":"https:\/\/i0.wp.com\/www.tribur.de\/blog\/wp-content\/uploads\/2018\/09\/cropped-logotest-4.jpg?fit=200%2C200&ssl=1","url":"https:\/\/i0.wp.com\/www.tribur.de\/blog\/wp-content\/uploads\/2018\/09\/cropped-logotest-4.jpg?fit=200%2C200&ssl=1","contentUrl":"https:\/\/i0.wp.com\/www.tribur.de\/blog\/wp-content\/uploads\/2018\/09\/cropped-logotest-4.jpg?fit=200%2C200&ssl=1","width":200,"height":200,"caption":"Markus Zwittmeier"},"logo":{"@id":"https:\/\/i0.wp.com\/www.tribur.de\/blog\/wp-content\/uploads\/2018\/09\/cropped-logotest-4.jpg?fit=200%2C200&ssl=1"},"sameAs":["http:\/\/www.Tribur.de","http:\/\/www.facebook.com\/pages\/Triburde\/184352328288771","https:\/\/www.instagram.com\/tribur.de\/","https:\/\/x.com\/https:\/\/twitter.com\/tribur","https:\/\/www.youtube.com\/channel\/UCnEonou-x6_P4XPjBk2htCA"],"url":"https:\/\/www.tribur.de\/blog\/author\/markus\/"}]}},"jetpack_publicize_connections":[],"jetpack_featured_media_url":"","jetpack_shortlink":"https:\/\/wp.me\/p1mHPu-2u5","jetpack_sharing_enabled":true,"_links":{"self":[{"href":"https:\/\/www.tribur.de\/blog\/wp-json\/wp\/v2\/posts\/9553","targetHints":{"allow":["GET"]}}],"collection":[{"href":"https:\/\/www.tribur.de\/blog\/wp-json\/wp\/v2\/posts"}],"about":[{"href":"https:\/\/www.tribur.de\/blog\/wp-json\/wp\/v2\/types\/post"}],"author":[{"embeddable":true,"href":"https:\/\/www.tribur.de\/blog\/wp-json\/wp\/v2\/users\/2"}],"replies":[{"embeddable":true,"href":"https:\/\/www.tribur.de\/blog\/wp-json\/wp\/v2\/comments?post=9553"}],"version-history":[{"count":6,"href":"https:\/\/www.tribur.de\/blog\/wp-json\/wp\/v2\/posts\/9553\/revisions"}],"predecessor-version":[{"id":9587,"href":"https:\/\/www.tribur.de\/blog\/wp-json\/wp\/v2\/posts\/9553\/revisions\/9587"}],"wp:attachment":[{"href":"https:\/\/www.tribur.de\/blog\/wp-json\/wp\/v2\/media?parent=9553"}],"wp:term":[{"taxonomy":"category","embeddable":true,"href":"https:\/\/www.tribur.de\/blog\/wp-json\/wp\/v2\/categories?post=9553"},{"taxonomy":"post_tag","embeddable":true,"href":"https:\/\/www.tribur.de\/blog\/wp-json\/wp\/v2\/tags?post=9553"}],"curies":[{"name":"wp","href":"https:\/\/api.w.org\/{rel}","templated":true}]}}