{"id":9540,"date":"2010-09-21T10:38:04","date_gmt":"2010-09-21T08:38:04","guid":{"rendered":"http:\/\/www.tribur.de\/blog\/?p=9540"},"modified":"2010-09-21T10:38:04","modified_gmt":"2010-09-21T08:38:04","slug":"ausstellungstagebuch-t-23-tage-das-museum-fullt-sich","status":"publish","type":"post","link":"https:\/\/www.tribur.de\/blog\/2010\/09\/21\/ausstellungstagebuch-t-23-tage-das-museum-fullt-sich\/","title":{"rendered":"Ausstellungstagebuch T-23 Tage &#8211; Das Museum f\u00fcllt sich"},"content":{"rendered":"<p><a href=\"https:\/\/i0.wp.com\/www.tribur.de\/blog\/wp-content\/uploads\/2010\/09\/uploadwand.jpg?ssl=1\"><img data-recalc-dims=\"1\" loading=\"lazy\" decoding=\"async\" class=\"alignleft size-full wp-image-9541\" title=\"uploadwand\" src=\"https:\/\/i0.wp.com\/www.tribur.de\/blog\/wp-content\/uploads\/2010\/09\/uploadwand.jpg?resize=400%2C266&#038;ssl=1\" alt=\"\" width=\"400\" height=\"266\" srcset=\"https:\/\/i0.wp.com\/www.tribur.de\/blog\/wp-content\/uploads\/2010\/09\/uploadwand.jpg?w=400&amp;ssl=1 400w, https:\/\/i0.wp.com\/www.tribur.de\/blog\/wp-content\/uploads\/2010\/09\/uploadwand.jpg?resize=300%2C199&amp;ssl=1 300w\" sizes=\"auto, (max-width: 400px) 100vw, 400px\" \/><\/a>So, seit gestern h\u00e4ngt meine Thronwand, der Thron steht aber noch nicht mdas ist nur ein Stuhl auf dem Bild!<\/p>\n<p>Einer Schaufensterpuppe habe ich gestern meine Tunika verpasst. Meine Kiteschild steht jetzt auch da rum. Die S\u00e4ulenbasis wurde zu f\u00fcnft in die R\u00e4umlichkeiten geschleppt.<\/p>\n<p>einige Replika bekommen wir von anderen Museen gestellt und Gro\u00df Gerau gibt s\u00e4mtliche Funde aus Trebur die fr\u00fcher mal dort gelandet sind nach Trebur zur\u00fcck. Zwar nach und nach, aber daf\u00fcr f\u00fcr immer. Kann also gut sein das die Ausstellung schon l\u00e4uft und ich noch ein paar Sachen mal nachtr\u00e4glich einr\u00e4umen werde.<\/p>\n<p>Am Wochenende wurde ich auch mit den Schautafeln fertig und hab sie jetzt zum Druck freigegeben. Das wird schon. (Ich muss mir\u00a0selbst\u00a0ein wenig mut machen, denn ich bin fast vom Hocker gekippt als ich gesehen hab das es nur noch 23 Tage sind!)<\/p>\n","protected":false},"excerpt":{"rendered":"<p>So, seit gestern h\u00e4ngt meine Thronwand, der Thron steht aber noch nicht mdas ist nur ein Stuhl auf dem Bild! Einer Schaufensterpuppe habe ich gestern meine Tunika verpasst. Meine Kiteschild steht jetzt auch da&#46;&#46;&#46;<\/p>\n","protected":false},"author":2,"featured_media":0,"comment_status":"open","ping_status":"open","sticky":false,"template":"","format":"standard","meta":{"jetpack_post_was_ever_published":false,"_jetpack_newsletter_access":"","_jetpack_dont_email_post_to_subs":false,"_jetpack_newsletter_tier_id":0,"_jetpack_memberships_contains_paywalled_content":false,"_jetpack_memberships_contains_paid_content":false,"footnotes":"","jetpack_publicize_message":"","jetpack_publicize_feature_enabled":true,"jetpack_social_post_already_shared":false,"jetpack_social_options":{"image_generator_settings":{"template":"highway","default_image_id":0,"font":"","enabled":false},"version":2}},"categories":[1],"tags":[28,35,16],"class_list":["post-9540","post","type-post","status-publish","format-standard","hentry","category-geschichte","tag-ausstellung","tag-pfalz","tag-trebur"],"yoast_head":"<!-- This site is optimized with the Yoast SEO plugin v27.5 - https:\/\/yoast.com\/product\/yoast-seo-wordpress\/ -->\n<title>Ausstellungstagebuch T-23 Tage - Das Museum f\u00fcllt sich - Tribur.de<\/title>\n<meta name=\"robots\" content=\"index, follow, max-snippet:-1, max-image-preview:large, max-video-preview:-1\" \/>\n<link rel=\"canonical\" href=\"https:\/\/www.tribur.de\/blog\/2010\/09\/21\/ausstellungstagebuch-t-23-tage-das-museum-fullt-sich\/\" \/>\n<meta property=\"og:locale\" content=\"de_DE\" \/>\n<meta property=\"og:type\" content=\"article\" \/>\n<meta property=\"og:title\" content=\"Ausstellungstagebuch T-23 Tage - Das Museum f\u00fcllt sich - Tribur.de\" \/>\n<meta property=\"og:description\" content=\"So, seit gestern h\u00e4ngt meine Thronwand, der Thron steht aber noch nicht mdas ist nur ein Stuhl auf dem Bild! Einer Schaufensterpuppe habe ich gestern meine Tunika verpasst. Meine Kiteschild steht jetzt auch da&#046;&#046;&#046;\" \/>\n<meta property=\"og:url\" content=\"https:\/\/www.tribur.de\/blog\/2010\/09\/21\/ausstellungstagebuch-t-23-tage-das-museum-fullt-sich\/\" \/>\n<meta property=\"og:site_name\" content=\"Tribur.de\" \/>\n<meta property=\"article:publisher\" content=\"http:\/\/www.facebook.com\/pages\/Triburde\/184352328288771\" \/>\n<meta property=\"article:author\" content=\"http:\/\/www.facebook.com\/pages\/Triburde\/184352328288771\" \/>\n<meta property=\"article:published_time\" content=\"2010-09-21T08:38:04+00:00\" \/>\n<meta property=\"og:image\" content=\"http:\/\/www.tribur.de\/blog\/wp-content\/uploads\/2010\/09\/uploadwand.jpg\" \/>\n<meta name=\"author\" content=\"Markus Zwittmeier\" \/>\n<meta name=\"twitter:card\" content=\"summary_large_image\" \/>\n<meta name=\"twitter:creator\" content=\"@https:\/\/twitter.com\/tribur\" \/>\n<meta name=\"twitter:site\" content=\"@tribur\" \/>\n<meta name=\"twitter:label1\" content=\"Verfasst von\" \/>\n\t<meta name=\"twitter:data1\" content=\"Markus Zwittmeier\" \/>\n\t<meta name=\"twitter:label2\" content=\"Gesch\u00e4tzte Lesezeit\" \/>\n\t<meta name=\"twitter:data2\" content=\"1\u00a0Minute\" \/>\n<script type=\"application\/ld+json\" class=\"yoast-schema-graph\">{\"@context\":\"https:\\\/\\\/schema.org\",\"@graph\":[{\"@type\":\"Article\",\"@id\":\"https:\\\/\\\/www.tribur.de\\\/blog\\\/2010\\\/09\\\/21\\\/ausstellungstagebuch-t-23-tage-das-museum-fullt-sich\\\/#article\",\"isPartOf\":{\"@id\":\"https:\\\/\\\/www.tribur.de\\\/blog\\\/2010\\\/09\\\/21\\\/ausstellungstagebuch-t-23-tage-das-museum-fullt-sich\\\/\"},\"author\":{\"name\":\"Markus Zwittmeier\",\"@id\":\"https:\\\/\\\/www.tribur.de\\\/blog\\\/#\\\/schema\\\/person\\\/3119997f09f43791809c2d1af27bba6c\"},\"headline\":\"Ausstellungstagebuch T-23 Tage &#8211; Das Museum f\u00fcllt sich\",\"datePublished\":\"2010-09-21T08:38:04+00:00\",\"mainEntityOfPage\":{\"@id\":\"https:\\\/\\\/www.tribur.de\\\/blog\\\/2010\\\/09\\\/21\\\/ausstellungstagebuch-t-23-tage-das-museum-fullt-sich\\\/\"},\"wordCount\":161,\"commentCount\":0,\"publisher\":{\"@id\":\"https:\\\/\\\/www.tribur.de\\\/blog\\\/#\\\/schema\\\/person\\\/3119997f09f43791809c2d1af27bba6c\"},\"image\":{\"@id\":\"https:\\\/\\\/www.tribur.de\\\/blog\\\/2010\\\/09\\\/21\\\/ausstellungstagebuch-t-23-tage-das-museum-fullt-sich\\\/#primaryimage\"},\"thumbnailUrl\":\"http:\\\/\\\/www.tribur.de\\\/blog\\\/wp-content\\\/uploads\\\/2010\\\/09\\\/uploadwand.jpg\",\"keywords\":[\"Ausstellung\",\"Pfalz\",\"Trebur\\\/Tribur\"],\"articleSection\":[\"Geschichte\"],\"inLanguage\":\"de\",\"potentialAction\":[{\"@type\":\"CommentAction\",\"name\":\"Comment\",\"target\":[\"https:\\\/\\\/www.tribur.de\\\/blog\\\/2010\\\/09\\\/21\\\/ausstellungstagebuch-t-23-tage-das-museum-fullt-sich\\\/#respond\"]}]},{\"@type\":\"WebPage\",\"@id\":\"https:\\\/\\\/www.tribur.de\\\/blog\\\/2010\\\/09\\\/21\\\/ausstellungstagebuch-t-23-tage-das-museum-fullt-sich\\\/\",\"url\":\"https:\\\/\\\/www.tribur.de\\\/blog\\\/2010\\\/09\\\/21\\\/ausstellungstagebuch-t-23-tage-das-museum-fullt-sich\\\/\",\"name\":\"Ausstellungstagebuch T-23 Tage - Das Museum f\u00fcllt sich - Tribur.de\",\"isPartOf\":{\"@id\":\"https:\\\/\\\/www.tribur.de\\\/blog\\\/#website\"},\"primaryImageOfPage\":{\"@id\":\"https:\\\/\\\/www.tribur.de\\\/blog\\\/2010\\\/09\\\/21\\\/ausstellungstagebuch-t-23-tage-das-museum-fullt-sich\\\/#primaryimage\"},\"image\":{\"@id\":\"https:\\\/\\\/www.tribur.de\\\/blog\\\/2010\\\/09\\\/21\\\/ausstellungstagebuch-t-23-tage-das-museum-fullt-sich\\\/#primaryimage\"},\"thumbnailUrl\":\"http:\\\/\\\/www.tribur.de\\\/blog\\\/wp-content\\\/uploads\\\/2010\\\/09\\\/uploadwand.jpg\",\"datePublished\":\"2010-09-21T08:38:04+00:00\",\"breadcrumb\":{\"@id\":\"https:\\\/\\\/www.tribur.de\\\/blog\\\/2010\\\/09\\\/21\\\/ausstellungstagebuch-t-23-tage-das-museum-fullt-sich\\\/#breadcrumb\"},\"inLanguage\":\"de\",\"potentialAction\":[{\"@type\":\"ReadAction\",\"target\":[\"https:\\\/\\\/www.tribur.de\\\/blog\\\/2010\\\/09\\\/21\\\/ausstellungstagebuch-t-23-tage-das-museum-fullt-sich\\\/\"]}]},{\"@type\":\"ImageObject\",\"inLanguage\":\"de\",\"@id\":\"https:\\\/\\\/www.tribur.de\\\/blog\\\/2010\\\/09\\\/21\\\/ausstellungstagebuch-t-23-tage-das-museum-fullt-sich\\\/#primaryimage\",\"url\":\"https:\\\/\\\/i0.wp.com\\\/www.tribur.de\\\/blog\\\/wp-content\\\/uploads\\\/2010\\\/09\\\/uploadwand.jpg?fit=400%2C266&ssl=1\",\"contentUrl\":\"https:\\\/\\\/i0.wp.com\\\/www.tribur.de\\\/blog\\\/wp-content\\\/uploads\\\/2010\\\/09\\\/uploadwand.jpg?fit=400%2C266&ssl=1\",\"width\":\"400\",\"height\":\"266\"},{\"@type\":\"BreadcrumbList\",\"@id\":\"https:\\\/\\\/www.tribur.de\\\/blog\\\/2010\\\/09\\\/21\\\/ausstellungstagebuch-t-23-tage-das-museum-fullt-sich\\\/#breadcrumb\",\"itemListElement\":[{\"@type\":\"ListItem\",\"position\":1,\"name\":\"Home\",\"item\":\"https:\\\/\\\/www.tribur.de\\\/blog\\\/\"},{\"@type\":\"ListItem\",\"position\":2,\"name\":\"Ausstellungstagebuch T-23 Tage &#8211; Das Museum f\u00fcllt sich\"}]},{\"@type\":\"WebSite\",\"@id\":\"https:\\\/\\\/www.tribur.de\\\/blog\\\/#website\",\"url\":\"https:\\\/\\\/www.tribur.de\\\/blog\\\/\",\"name\":\"Tribur.de\",\"description\":\"Tribur.de - Geschichte und so Zeugs\",\"publisher\":{\"@id\":\"https:\\\/\\\/www.tribur.de\\\/blog\\\/#\\\/schema\\\/person\\\/3119997f09f43791809c2d1af27bba6c\"},\"potentialAction\":[{\"@type\":\"SearchAction\",\"target\":{\"@type\":\"EntryPoint\",\"urlTemplate\":\"https:\\\/\\\/www.tribur.de\\\/blog\\\/?s={search_term_string}\"},\"query-input\":{\"@type\":\"PropertyValueSpecification\",\"valueRequired\":true,\"valueName\":\"search_term_string\"}}],\"inLanguage\":\"de\"},{\"@type\":[\"Person\",\"Organization\"],\"@id\":\"https:\\\/\\\/www.tribur.de\\\/blog\\\/#\\\/schema\\\/person\\\/3119997f09f43791809c2d1af27bba6c\",\"name\":\"Markus Zwittmeier\",\"image\":{\"@type\":\"ImageObject\",\"inLanguage\":\"de\",\"@id\":\"https:\\\/\\\/i0.wp.com\\\/www.tribur.de\\\/blog\\\/wp-content\\\/uploads\\\/2018\\\/09\\\/cropped-logotest-4.jpg?fit=200%2C200&ssl=1\",\"url\":\"https:\\\/\\\/i0.wp.com\\\/www.tribur.de\\\/blog\\\/wp-content\\\/uploads\\\/2018\\\/09\\\/cropped-logotest-4.jpg?fit=200%2C200&ssl=1\",\"contentUrl\":\"https:\\\/\\\/i0.wp.com\\\/www.tribur.de\\\/blog\\\/wp-content\\\/uploads\\\/2018\\\/09\\\/cropped-logotest-4.jpg?fit=200%2C200&ssl=1\",\"width\":200,\"height\":200,\"caption\":\"Markus Zwittmeier\"},\"logo\":{\"@id\":\"https:\\\/\\\/i0.wp.com\\\/www.tribur.de\\\/blog\\\/wp-content\\\/uploads\\\/2018\\\/09\\\/cropped-logotest-4.jpg?fit=200%2C200&ssl=1\"},\"sameAs\":[\"http:\\\/\\\/www.Tribur.de\",\"http:\\\/\\\/www.facebook.com\\\/pages\\\/Triburde\\\/184352328288771\",\"https:\\\/\\\/www.instagram.com\\\/tribur.de\\\/\",\"https:\\\/\\\/x.com\\\/https:\\\/\\\/twitter.com\\\/tribur\",\"https:\\\/\\\/www.youtube.com\\\/channel\\\/UCnEonou-x6_P4XPjBk2htCA\"],\"url\":\"https:\\\/\\\/www.tribur.de\\\/blog\\\/author\\\/markus\\\/\"}]}<\/script>\n<!-- \/ Yoast SEO plugin. -->","yoast_head_json":{"title":"Ausstellungstagebuch T-23 Tage - Das Museum f\u00fcllt sich - Tribur.de","robots":{"index":"index","follow":"follow","max-snippet":"max-snippet:-1","max-image-preview":"max-image-preview:large","max-video-preview":"max-video-preview:-1"},"canonical":"https:\/\/www.tribur.de\/blog\/2010\/09\/21\/ausstellungstagebuch-t-23-tage-das-museum-fullt-sich\/","og_locale":"de_DE","og_type":"article","og_title":"Ausstellungstagebuch T-23 Tage - Das Museum f\u00fcllt sich - Tribur.de","og_description":"So, seit gestern h\u00e4ngt meine Thronwand, der Thron steht aber noch nicht mdas ist nur ein Stuhl auf dem Bild! Einer Schaufensterpuppe habe ich gestern meine Tunika verpasst. Meine Kiteschild steht jetzt auch da&#46;&#46;&#46;","og_url":"https:\/\/www.tribur.de\/blog\/2010\/09\/21\/ausstellungstagebuch-t-23-tage-das-museum-fullt-sich\/","og_site_name":"Tribur.de","article_publisher":"http:\/\/www.facebook.com\/pages\/Triburde\/184352328288771","article_author":"http:\/\/www.facebook.com\/pages\/Triburde\/184352328288771","article_published_time":"2010-09-21T08:38:04+00:00","og_image":[{"url":"http:\/\/www.tribur.de\/blog\/wp-content\/uploads\/2010\/09\/uploadwand.jpg","type":"","width":"","height":""}],"author":"Markus Zwittmeier","twitter_card":"summary_large_image","twitter_creator":"@https:\/\/twitter.com\/tribur","twitter_site":"@tribur","twitter_misc":{"Verfasst von":"Markus Zwittmeier","Gesch\u00e4tzte Lesezeit":"1\u00a0Minute"},"schema":{"@context":"https:\/\/schema.org","@graph":[{"@type":"Article","@id":"https:\/\/www.tribur.de\/blog\/2010\/09\/21\/ausstellungstagebuch-t-23-tage-das-museum-fullt-sich\/#article","isPartOf":{"@id":"https:\/\/www.tribur.de\/blog\/2010\/09\/21\/ausstellungstagebuch-t-23-tage-das-museum-fullt-sich\/"},"author":{"name":"Markus Zwittmeier","@id":"https:\/\/www.tribur.de\/blog\/#\/schema\/person\/3119997f09f43791809c2d1af27bba6c"},"headline":"Ausstellungstagebuch T-23 Tage &#8211; Das Museum f\u00fcllt sich","datePublished":"2010-09-21T08:38:04+00:00","mainEntityOfPage":{"@id":"https:\/\/www.tribur.de\/blog\/2010\/09\/21\/ausstellungstagebuch-t-23-tage-das-museum-fullt-sich\/"},"wordCount":161,"commentCount":0,"publisher":{"@id":"https:\/\/www.tribur.de\/blog\/#\/schema\/person\/3119997f09f43791809c2d1af27bba6c"},"image":{"@id":"https:\/\/www.tribur.de\/blog\/2010\/09\/21\/ausstellungstagebuch-t-23-tage-das-museum-fullt-sich\/#primaryimage"},"thumbnailUrl":"http:\/\/www.tribur.de\/blog\/wp-content\/uploads\/2010\/09\/uploadwand.jpg","keywords":["Ausstellung","Pfalz","Trebur\/Tribur"],"articleSection":["Geschichte"],"inLanguage":"de","potentialAction":[{"@type":"CommentAction","name":"Comment","target":["https:\/\/www.tribur.de\/blog\/2010\/09\/21\/ausstellungstagebuch-t-23-tage-das-museum-fullt-sich\/#respond"]}]},{"@type":"WebPage","@id":"https:\/\/www.tribur.de\/blog\/2010\/09\/21\/ausstellungstagebuch-t-23-tage-das-museum-fullt-sich\/","url":"https:\/\/www.tribur.de\/blog\/2010\/09\/21\/ausstellungstagebuch-t-23-tage-das-museum-fullt-sich\/","name":"Ausstellungstagebuch T-23 Tage - Das Museum f\u00fcllt sich - Tribur.de","isPartOf":{"@id":"https:\/\/www.tribur.de\/blog\/#website"},"primaryImageOfPage":{"@id":"https:\/\/www.tribur.de\/blog\/2010\/09\/21\/ausstellungstagebuch-t-23-tage-das-museum-fullt-sich\/#primaryimage"},"image":{"@id":"https:\/\/www.tribur.de\/blog\/2010\/09\/21\/ausstellungstagebuch-t-23-tage-das-museum-fullt-sich\/#primaryimage"},"thumbnailUrl":"http:\/\/www.tribur.de\/blog\/wp-content\/uploads\/2010\/09\/uploadwand.jpg","datePublished":"2010-09-21T08:38:04+00:00","breadcrumb":{"@id":"https:\/\/www.tribur.de\/blog\/2010\/09\/21\/ausstellungstagebuch-t-23-tage-das-museum-fullt-sich\/#breadcrumb"},"inLanguage":"de","potentialAction":[{"@type":"ReadAction","target":["https:\/\/www.tribur.de\/blog\/2010\/09\/21\/ausstellungstagebuch-t-23-tage-das-museum-fullt-sich\/"]}]},{"@type":"ImageObject","inLanguage":"de","@id":"https:\/\/www.tribur.de\/blog\/2010\/09\/21\/ausstellungstagebuch-t-23-tage-das-museum-fullt-sich\/#primaryimage","url":"https:\/\/i0.wp.com\/www.tribur.de\/blog\/wp-content\/uploads\/2010\/09\/uploadwand.jpg?fit=400%2C266&ssl=1","contentUrl":"https:\/\/i0.wp.com\/www.tribur.de\/blog\/wp-content\/uploads\/2010\/09\/uploadwand.jpg?fit=400%2C266&ssl=1","width":"400","height":"266"},{"@type":"BreadcrumbList","@id":"https:\/\/www.tribur.de\/blog\/2010\/09\/21\/ausstellungstagebuch-t-23-tage-das-museum-fullt-sich\/#breadcrumb","itemListElement":[{"@type":"ListItem","position":1,"name":"Home","item":"https:\/\/www.tribur.de\/blog\/"},{"@type":"ListItem","position":2,"name":"Ausstellungstagebuch T-23 Tage &#8211; Das Museum f\u00fcllt sich"}]},{"@type":"WebSite","@id":"https:\/\/www.tribur.de\/blog\/#website","url":"https:\/\/www.tribur.de\/blog\/","name":"Tribur.de","description":"Tribur.de - Geschichte und so Zeugs","publisher":{"@id":"https:\/\/www.tribur.de\/blog\/#\/schema\/person\/3119997f09f43791809c2d1af27bba6c"},"potentialAction":[{"@type":"SearchAction","target":{"@type":"EntryPoint","urlTemplate":"https:\/\/www.tribur.de\/blog\/?s={search_term_string}"},"query-input":{"@type":"PropertyValueSpecification","valueRequired":true,"valueName":"search_term_string"}}],"inLanguage":"de"},{"@type":["Person","Organization"],"@id":"https:\/\/www.tribur.de\/blog\/#\/schema\/person\/3119997f09f43791809c2d1af27bba6c","name":"Markus Zwittmeier","image":{"@type":"ImageObject","inLanguage":"de","@id":"https:\/\/i0.wp.com\/www.tribur.de\/blog\/wp-content\/uploads\/2018\/09\/cropped-logotest-4.jpg?fit=200%2C200&ssl=1","url":"https:\/\/i0.wp.com\/www.tribur.de\/blog\/wp-content\/uploads\/2018\/09\/cropped-logotest-4.jpg?fit=200%2C200&ssl=1","contentUrl":"https:\/\/i0.wp.com\/www.tribur.de\/blog\/wp-content\/uploads\/2018\/09\/cropped-logotest-4.jpg?fit=200%2C200&ssl=1","width":200,"height":200,"caption":"Markus Zwittmeier"},"logo":{"@id":"https:\/\/i0.wp.com\/www.tribur.de\/blog\/wp-content\/uploads\/2018\/09\/cropped-logotest-4.jpg?fit=200%2C200&ssl=1"},"sameAs":["http:\/\/www.Tribur.de","http:\/\/www.facebook.com\/pages\/Triburde\/184352328288771","https:\/\/www.instagram.com\/tribur.de\/","https:\/\/x.com\/https:\/\/twitter.com\/tribur","https:\/\/www.youtube.com\/channel\/UCnEonou-x6_P4XPjBk2htCA"],"url":"https:\/\/www.tribur.de\/blog\/author\/markus\/"}]}},"jetpack_publicize_connections":[],"jetpack_featured_media_url":"","jetpack_shortlink":"https:\/\/wp.me\/p1mHPu-2tS","jetpack_sharing_enabled":true,"_links":{"self":[{"href":"https:\/\/www.tribur.de\/blog\/wp-json\/wp\/v2\/posts\/9540","targetHints":{"allow":["GET"]}}],"collection":[{"href":"https:\/\/www.tribur.de\/blog\/wp-json\/wp\/v2\/posts"}],"about":[{"href":"https:\/\/www.tribur.de\/blog\/wp-json\/wp\/v2\/types\/post"}],"author":[{"embeddable":true,"href":"https:\/\/www.tribur.de\/blog\/wp-json\/wp\/v2\/users\/2"}],"replies":[{"embeddable":true,"href":"https:\/\/www.tribur.de\/blog\/wp-json\/wp\/v2\/comments?post=9540"}],"version-history":[{"count":2,"href":"https:\/\/www.tribur.de\/blog\/wp-json\/wp\/v2\/posts\/9540\/revisions"}],"predecessor-version":[{"id":9561,"href":"https:\/\/www.tribur.de\/blog\/wp-json\/wp\/v2\/posts\/9540\/revisions\/9561"}],"wp:attachment":[{"href":"https:\/\/www.tribur.de\/blog\/wp-json\/wp\/v2\/media?parent=9540"}],"wp:term":[{"taxonomy":"category","embeddable":true,"href":"https:\/\/www.tribur.de\/blog\/wp-json\/wp\/v2\/categories?post=9540"},{"taxonomy":"post_tag","embeddable":true,"href":"https:\/\/www.tribur.de\/blog\/wp-json\/wp\/v2\/tags?post=9540"}],"curies":[{"name":"wp","href":"https:\/\/api.w.org\/{rel}","templated":true}]}}