{"id":9213,"date":"2010-09-11T17:19:26","date_gmt":"2010-09-11T15:19:26","guid":{"rendered":"http:\/\/www.tribur.de\/blog\/?p=9213"},"modified":"2010-09-13T14:35:28","modified_gmt":"2010-09-13T12:35:28","slug":"veranstaltungsempfehlung-wilhaim-1010","status":"publish","type":"post","link":"https:\/\/www.tribur.de\/blog\/2010\/09\/11\/veranstaltungsempfehlung-wilhaim-1010\/","title":{"rendered":"Veranstaltungsempfehlung: Wilhaim 1010"},"content":{"rendered":"<p><a href=\"https:\/\/i0.wp.com\/www.tribur.de\/blog\/wp-content\/uploads\/2010\/09\/2010_Lager.jpg?ssl=1\"><img data-recalc-dims=\"1\" loading=\"lazy\" decoding=\"async\" class=\"alignleft size-full wp-image-9214\" title=\"2010_Lager\" src=\"https:\/\/i0.wp.com\/www.tribur.de\/blog\/wp-content\/uploads\/2010\/09\/2010_Lager.jpg?resize=371%2C537&#038;ssl=1\" alt=\"\" width=\"371\" height=\"537\" srcset=\"https:\/\/i0.wp.com\/www.tribur.de\/blog\/wp-content\/uploads\/2010\/09\/2010_Lager.jpg?w=530&amp;ssl=1 530w, https:\/\/i0.wp.com\/www.tribur.de\/blog\/wp-content\/uploads\/2010\/09\/2010_Lager.jpg?resize=207%2C300&amp;ssl=1 207w\" sizes=\"auto, (max-width: 371px) 100vw, 371px\" \/><\/a>Wenn ich schon mal eine Veranstaltung empfehle, dann muss es auch Hand und Fu\u00df haben!<\/p>\n<p>So wird es bei dieser Veranstaltung sein. Versprochen, denn Organisator ist kein geringerer als Gerald der Uhl zu Wilhaim \u00a0, Lager- und Waffenmeister des FFC und mit Referenzen vom 8.-11. Jahrhundert ( und auch vom 1.Jh.) gesegnet, und seine Frau Kerstin.<\/p>\n<p>Grund f\u00fcr die Veranstaltung ist die 1000-Jahr-Feier Weilheims (Oberbayern), die die Stadt mit einigen Veranstaltungen feiert. Neben dem Heerbann Heinrich II. ist dies auch ein Mittelaltermarkt, den wir aber ganz schnell wieder vergessen, denn geh\u00f6rt mal garnicht dazu!<\/p>\n<p>Den historischen Hintergrund f\u00fcr die Veranstaltung liefert \u00a0einer der (Verh\u00e4ltnis\u00a0m\u00e4\u00dfig wenigen) Heerz\u00fcge Heinrich II. nach Italien.<\/p>\n<p>Etwa 100 Darsteller werden zu gegen sein, darunter bekannte Gruppen wie die<a href=\"http:\/\/www.ottonenzeit.de\/\" target=\"_blank\"> Ottonenzeit<\/a>, die <a href=\"http:\/\/www.dorrenberger.de\/\" target=\"_blank\">Dorrenberger<\/a> oder der <a href=\"http:\/\/www.heribu.de\/\" target=\"_blank\">Hessische Ritterbund<\/a>. Diese Lagern am Ufer der Ammer und gehen den T\u00e4tigkeiten nach, denen wohl auch die Mitglieder in Heinrichs Truppen nachgingen. Das Material wird ausgebessert, Verpflegung wird zubereitet u.s.w.<\/p>\n<p>Es handelt sich also nicht um eine &#8222;Ich-zieh-mir-einen-Kartoffelsack-an-und-bin-Ridd\u00e4&#8220;-Veranstaltung! Also wenn ihr was von Leonardo Carbonara zuhause habt, lasst es da und wenn ihr was selbstgef\u00e4rbtes und gen\u00e4htes besitzt ist das sch\u00f6n, bleibt aber auch zuhause! Das hier wird eine museale Living-History-VA mit Anspruch!<\/p>\n<p>Wenn Ihr aber etwas mit Anspruch sehen wollt, euch Informationen \u00fcber Reenactment, Living History besorgen wollt, oder einfach wissen m\u00f6chtet wie die Menschen sich im fr\u00fchen 11. Jahrhundert kleideten, seit Ihr hier genau richtig!<\/p>\n<p><strong>Am 17-19.9.2010 in Weilheim Oberbayern. Informationen gibts <\/strong><a href=\"http:\/\/weilheim.de\/index.asp?tid=1&amp;cid=13792&amp;nid=16&amp;detail=true&amp;cn=&amp;caid=13792\" target=\"_blank\"><strong>hier<\/strong><\/a><strong>, oder direkt bei <\/strong><a href=\"http:\/\/www.wilhaim.de\/wilhaim-1010-ein-heerlager-heinrich-ii\/infos-fur-die-darsteller\" target=\"_blank\"><strong>Gerald Uhl <\/strong><\/a>(bei dem sich \u00fcbrigens auch ein\u00a0hervorragender\u00a0Kitguide f\u00fcr die Ottonik findet, falls jemand Lust auf die Zeit bekommen sollte)<\/p>\n<p>Musik wird \u00fcbrigens von Musica Vulgaris beigesteuert, die dem ein oder Anderen vielleicht noch durch die <a href=\"http:\/\/www.youtube.com\/watch?v=7qJCHw4R5Oc\" target=\"_blank\">k\u00fcbelnden Normannen<\/a> im Kopf sind<\/p>\n","protected":false},"excerpt":{"rendered":"<p>Wenn ich schon mal eine Veranstaltung empfehle, dann muss es auch Hand und Fu\u00df haben! So wird es bei dieser Veranstaltung sein. Versprochen, denn Organisator ist kein geringerer als Gerald der Uhl zu Wilhaim&#46;&#46;&#46;<\/p>\n","protected":false},"author":2,"featured_media":0,"comment_status":"open","ping_status":"open","sticky":false,"template":"","format":"standard","meta":{"jetpack_post_was_ever_published":false,"_jetpack_newsletter_access":"","_jetpack_dont_email_post_to_subs":false,"_jetpack_newsletter_tier_id":0,"_jetpack_memberships_contains_paywalled_content":false,"_jetpack_memberships_contains_paid_content":false,"footnotes":"","jetpack_publicize_message":"","jetpack_publicize_feature_enabled":true,"jetpack_social_post_already_shared":false,"jetpack_social_options":{"image_generator_settings":{"template":"highway","default_image_id":0,"font":"","enabled":false},"version":2}},"categories":[1],"tags":[28,11,12,52,46,41],"class_list":["post-9213","post","type-post","status-publish","format-standard","hentry","category-geschichte","tag-ausstellung","tag-fruhmittelalter","tag-hochmittelalter","tag-living-history","tag-ottonisch","tag-reenactment"],"yoast_head":"<!-- This site is optimized with the Yoast SEO plugin v27.5 - https:\/\/yoast.com\/product\/yoast-seo-wordpress\/ -->\n<title>Veranstaltungsempfehlung: Wilhaim 1010 - Tribur.de<\/title>\n<meta name=\"robots\" content=\"index, follow, max-snippet:-1, max-image-preview:large, max-video-preview:-1\" \/>\n<link rel=\"canonical\" href=\"https:\/\/www.tribur.de\/blog\/2010\/09\/11\/veranstaltungsempfehlung-wilhaim-1010\/\" \/>\n<meta property=\"og:locale\" content=\"de_DE\" \/>\n<meta property=\"og:type\" content=\"article\" \/>\n<meta property=\"og:title\" content=\"Veranstaltungsempfehlung: Wilhaim 1010 - Tribur.de\" \/>\n<meta property=\"og:description\" content=\"Wenn ich schon mal eine Veranstaltung empfehle, dann muss es auch Hand und Fu\u00df haben! So wird es bei dieser Veranstaltung sein. Versprochen, denn Organisator ist kein geringerer als Gerald der Uhl zu Wilhaim&#046;&#046;&#046;\" \/>\n<meta property=\"og:url\" content=\"https:\/\/www.tribur.de\/blog\/2010\/09\/11\/veranstaltungsempfehlung-wilhaim-1010\/\" \/>\n<meta property=\"og:site_name\" content=\"Tribur.de\" \/>\n<meta property=\"article:publisher\" content=\"http:\/\/www.facebook.com\/pages\/Triburde\/184352328288771\" \/>\n<meta property=\"article:author\" content=\"http:\/\/www.facebook.com\/pages\/Triburde\/184352328288771\" \/>\n<meta property=\"article:published_time\" content=\"2010-09-11T15:19:26+00:00\" \/>\n<meta property=\"article:modified_time\" content=\"2010-09-13T12:35:28+00:00\" \/>\n<meta property=\"og:image\" content=\"http:\/\/www.tribur.de\/blog\/wp-content\/uploads\/2010\/09\/2010_Lager.jpg\" \/>\n<meta name=\"author\" content=\"Markus Zwittmeier\" \/>\n<meta name=\"twitter:card\" content=\"summary_large_image\" \/>\n<meta name=\"twitter:creator\" content=\"@https:\/\/twitter.com\/tribur\" \/>\n<meta name=\"twitter:site\" content=\"@tribur\" \/>\n<meta name=\"twitter:label1\" content=\"Verfasst von\" \/>\n\t<meta name=\"twitter:data1\" content=\"Markus Zwittmeier\" \/>\n\t<meta name=\"twitter:label2\" content=\"Gesch\u00e4tzte Lesezeit\" \/>\n\t<meta name=\"twitter:data2\" content=\"2\u00a0Minuten\" \/>\n<script type=\"application\/ld+json\" class=\"yoast-schema-graph\">{\"@context\":\"https:\\\/\\\/schema.org\",\"@graph\":[{\"@type\":\"Article\",\"@id\":\"https:\\\/\\\/www.tribur.de\\\/blog\\\/2010\\\/09\\\/11\\\/veranstaltungsempfehlung-wilhaim-1010\\\/#article\",\"isPartOf\":{\"@id\":\"https:\\\/\\\/www.tribur.de\\\/blog\\\/2010\\\/09\\\/11\\\/veranstaltungsempfehlung-wilhaim-1010\\\/\"},\"author\":{\"name\":\"Markus Zwittmeier\",\"@id\":\"https:\\\/\\\/www.tribur.de\\\/blog\\\/#\\\/schema\\\/person\\\/3119997f09f43791809c2d1af27bba6c\"},\"headline\":\"Veranstaltungsempfehlung: Wilhaim 1010\",\"datePublished\":\"2010-09-11T15:19:26+00:00\",\"dateModified\":\"2010-09-13T12:35:28+00:00\",\"mainEntityOfPage\":{\"@id\":\"https:\\\/\\\/www.tribur.de\\\/blog\\\/2010\\\/09\\\/11\\\/veranstaltungsempfehlung-wilhaim-1010\\\/\"},\"wordCount\":304,\"commentCount\":0,\"publisher\":{\"@id\":\"https:\\\/\\\/www.tribur.de\\\/blog\\\/#\\\/schema\\\/person\\\/3119997f09f43791809c2d1af27bba6c\"},\"image\":{\"@id\":\"https:\\\/\\\/www.tribur.de\\\/blog\\\/2010\\\/09\\\/11\\\/veranstaltungsempfehlung-wilhaim-1010\\\/#primaryimage\"},\"thumbnailUrl\":\"http:\\\/\\\/www.tribur.de\\\/blog\\\/wp-content\\\/uploads\\\/2010\\\/09\\\/2010_Lager.jpg\",\"keywords\":[\"Ausstellung\",\"Fr\u00fchmittelalter\",\"Hochmittelalter\",\"Living History\",\"ottonisch\",\"Reenactment\"],\"articleSection\":[\"Geschichte\"],\"inLanguage\":\"de\",\"potentialAction\":[{\"@type\":\"CommentAction\",\"name\":\"Comment\",\"target\":[\"https:\\\/\\\/www.tribur.de\\\/blog\\\/2010\\\/09\\\/11\\\/veranstaltungsempfehlung-wilhaim-1010\\\/#respond\"]}]},{\"@type\":\"WebPage\",\"@id\":\"https:\\\/\\\/www.tribur.de\\\/blog\\\/2010\\\/09\\\/11\\\/veranstaltungsempfehlung-wilhaim-1010\\\/\",\"url\":\"https:\\\/\\\/www.tribur.de\\\/blog\\\/2010\\\/09\\\/11\\\/veranstaltungsempfehlung-wilhaim-1010\\\/\",\"name\":\"Veranstaltungsempfehlung: Wilhaim 1010 - Tribur.de\",\"isPartOf\":{\"@id\":\"https:\\\/\\\/www.tribur.de\\\/blog\\\/#website\"},\"primaryImageOfPage\":{\"@id\":\"https:\\\/\\\/www.tribur.de\\\/blog\\\/2010\\\/09\\\/11\\\/veranstaltungsempfehlung-wilhaim-1010\\\/#primaryimage\"},\"image\":{\"@id\":\"https:\\\/\\\/www.tribur.de\\\/blog\\\/2010\\\/09\\\/11\\\/veranstaltungsempfehlung-wilhaim-1010\\\/#primaryimage\"},\"thumbnailUrl\":\"http:\\\/\\\/www.tribur.de\\\/blog\\\/wp-content\\\/uploads\\\/2010\\\/09\\\/2010_Lager.jpg\",\"datePublished\":\"2010-09-11T15:19:26+00:00\",\"dateModified\":\"2010-09-13T12:35:28+00:00\",\"breadcrumb\":{\"@id\":\"https:\\\/\\\/www.tribur.de\\\/blog\\\/2010\\\/09\\\/11\\\/veranstaltungsempfehlung-wilhaim-1010\\\/#breadcrumb\"},\"inLanguage\":\"de\",\"potentialAction\":[{\"@type\":\"ReadAction\",\"target\":[\"https:\\\/\\\/www.tribur.de\\\/blog\\\/2010\\\/09\\\/11\\\/veranstaltungsempfehlung-wilhaim-1010\\\/\"]}]},{\"@type\":\"ImageObject\",\"inLanguage\":\"de\",\"@id\":\"https:\\\/\\\/www.tribur.de\\\/blog\\\/2010\\\/09\\\/11\\\/veranstaltungsempfehlung-wilhaim-1010\\\/#primaryimage\",\"url\":\"https:\\\/\\\/i0.wp.com\\\/www.tribur.de\\\/blog\\\/wp-content\\\/uploads\\\/2010\\\/09\\\/2010_Lager.jpg?fit=530%2C767&ssl=1\",\"contentUrl\":\"https:\\\/\\\/i0.wp.com\\\/www.tribur.de\\\/blog\\\/wp-content\\\/uploads\\\/2010\\\/09\\\/2010_Lager.jpg?fit=530%2C767&ssl=1\",\"width\":\"530\",\"height\":\"767\"},{\"@type\":\"BreadcrumbList\",\"@id\":\"https:\\\/\\\/www.tribur.de\\\/blog\\\/2010\\\/09\\\/11\\\/veranstaltungsempfehlung-wilhaim-1010\\\/#breadcrumb\",\"itemListElement\":[{\"@type\":\"ListItem\",\"position\":1,\"name\":\"Home\",\"item\":\"https:\\\/\\\/www.tribur.de\\\/blog\\\/\"},{\"@type\":\"ListItem\",\"position\":2,\"name\":\"Veranstaltungsempfehlung: Wilhaim 1010\"}]},{\"@type\":\"WebSite\",\"@id\":\"https:\\\/\\\/www.tribur.de\\\/blog\\\/#website\",\"url\":\"https:\\\/\\\/www.tribur.de\\\/blog\\\/\",\"name\":\"Tribur.de\",\"description\":\"Tribur.de - Geschichte und so Zeugs\",\"publisher\":{\"@id\":\"https:\\\/\\\/www.tribur.de\\\/blog\\\/#\\\/schema\\\/person\\\/3119997f09f43791809c2d1af27bba6c\"},\"potentialAction\":[{\"@type\":\"SearchAction\",\"target\":{\"@type\":\"EntryPoint\",\"urlTemplate\":\"https:\\\/\\\/www.tribur.de\\\/blog\\\/?s={search_term_string}\"},\"query-input\":{\"@type\":\"PropertyValueSpecification\",\"valueRequired\":true,\"valueName\":\"search_term_string\"}}],\"inLanguage\":\"de\"},{\"@type\":[\"Person\",\"Organization\"],\"@id\":\"https:\\\/\\\/www.tribur.de\\\/blog\\\/#\\\/schema\\\/person\\\/3119997f09f43791809c2d1af27bba6c\",\"name\":\"Markus Zwittmeier\",\"image\":{\"@type\":\"ImageObject\",\"inLanguage\":\"de\",\"@id\":\"https:\\\/\\\/i0.wp.com\\\/www.tribur.de\\\/blog\\\/wp-content\\\/uploads\\\/2018\\\/09\\\/cropped-logotest-4.jpg?fit=200%2C200&ssl=1\",\"url\":\"https:\\\/\\\/i0.wp.com\\\/www.tribur.de\\\/blog\\\/wp-content\\\/uploads\\\/2018\\\/09\\\/cropped-logotest-4.jpg?fit=200%2C200&ssl=1\",\"contentUrl\":\"https:\\\/\\\/i0.wp.com\\\/www.tribur.de\\\/blog\\\/wp-content\\\/uploads\\\/2018\\\/09\\\/cropped-logotest-4.jpg?fit=200%2C200&ssl=1\",\"width\":200,\"height\":200,\"caption\":\"Markus Zwittmeier\"},\"logo\":{\"@id\":\"https:\\\/\\\/i0.wp.com\\\/www.tribur.de\\\/blog\\\/wp-content\\\/uploads\\\/2018\\\/09\\\/cropped-logotest-4.jpg?fit=200%2C200&ssl=1\"},\"sameAs\":[\"http:\\\/\\\/www.Tribur.de\",\"http:\\\/\\\/www.facebook.com\\\/pages\\\/Triburde\\\/184352328288771\",\"https:\\\/\\\/www.instagram.com\\\/tribur.de\\\/\",\"https:\\\/\\\/x.com\\\/https:\\\/\\\/twitter.com\\\/tribur\",\"https:\\\/\\\/www.youtube.com\\\/channel\\\/UCnEonou-x6_P4XPjBk2htCA\"],\"url\":\"https:\\\/\\\/www.tribur.de\\\/blog\\\/author\\\/markus\\\/\"}]}<\/script>\n<!-- \/ Yoast SEO plugin. -->","yoast_head_json":{"title":"Veranstaltungsempfehlung: Wilhaim 1010 - Tribur.de","robots":{"index":"index","follow":"follow","max-snippet":"max-snippet:-1","max-image-preview":"max-image-preview:large","max-video-preview":"max-video-preview:-1"},"canonical":"https:\/\/www.tribur.de\/blog\/2010\/09\/11\/veranstaltungsempfehlung-wilhaim-1010\/","og_locale":"de_DE","og_type":"article","og_title":"Veranstaltungsempfehlung: Wilhaim 1010 - Tribur.de","og_description":"Wenn ich schon mal eine Veranstaltung empfehle, dann muss es auch Hand und Fu\u00df haben! So wird es bei dieser Veranstaltung sein. Versprochen, denn Organisator ist kein geringerer als Gerald der Uhl zu Wilhaim&#46;&#46;&#46;","og_url":"https:\/\/www.tribur.de\/blog\/2010\/09\/11\/veranstaltungsempfehlung-wilhaim-1010\/","og_site_name":"Tribur.de","article_publisher":"http:\/\/www.facebook.com\/pages\/Triburde\/184352328288771","article_author":"http:\/\/www.facebook.com\/pages\/Triburde\/184352328288771","article_published_time":"2010-09-11T15:19:26+00:00","article_modified_time":"2010-09-13T12:35:28+00:00","og_image":[{"url":"http:\/\/www.tribur.de\/blog\/wp-content\/uploads\/2010\/09\/2010_Lager.jpg","type":"","width":"","height":""}],"author":"Markus Zwittmeier","twitter_card":"summary_large_image","twitter_creator":"@https:\/\/twitter.com\/tribur","twitter_site":"@tribur","twitter_misc":{"Verfasst von":"Markus Zwittmeier","Gesch\u00e4tzte Lesezeit":"2\u00a0Minuten"},"schema":{"@context":"https:\/\/schema.org","@graph":[{"@type":"Article","@id":"https:\/\/www.tribur.de\/blog\/2010\/09\/11\/veranstaltungsempfehlung-wilhaim-1010\/#article","isPartOf":{"@id":"https:\/\/www.tribur.de\/blog\/2010\/09\/11\/veranstaltungsempfehlung-wilhaim-1010\/"},"author":{"name":"Markus Zwittmeier","@id":"https:\/\/www.tribur.de\/blog\/#\/schema\/person\/3119997f09f43791809c2d1af27bba6c"},"headline":"Veranstaltungsempfehlung: Wilhaim 1010","datePublished":"2010-09-11T15:19:26+00:00","dateModified":"2010-09-13T12:35:28+00:00","mainEntityOfPage":{"@id":"https:\/\/www.tribur.de\/blog\/2010\/09\/11\/veranstaltungsempfehlung-wilhaim-1010\/"},"wordCount":304,"commentCount":0,"publisher":{"@id":"https:\/\/www.tribur.de\/blog\/#\/schema\/person\/3119997f09f43791809c2d1af27bba6c"},"image":{"@id":"https:\/\/www.tribur.de\/blog\/2010\/09\/11\/veranstaltungsempfehlung-wilhaim-1010\/#primaryimage"},"thumbnailUrl":"http:\/\/www.tribur.de\/blog\/wp-content\/uploads\/2010\/09\/2010_Lager.jpg","keywords":["Ausstellung","Fr\u00fchmittelalter","Hochmittelalter","Living History","ottonisch","Reenactment"],"articleSection":["Geschichte"],"inLanguage":"de","potentialAction":[{"@type":"CommentAction","name":"Comment","target":["https:\/\/www.tribur.de\/blog\/2010\/09\/11\/veranstaltungsempfehlung-wilhaim-1010\/#respond"]}]},{"@type":"WebPage","@id":"https:\/\/www.tribur.de\/blog\/2010\/09\/11\/veranstaltungsempfehlung-wilhaim-1010\/","url":"https:\/\/www.tribur.de\/blog\/2010\/09\/11\/veranstaltungsempfehlung-wilhaim-1010\/","name":"Veranstaltungsempfehlung: Wilhaim 1010 - Tribur.de","isPartOf":{"@id":"https:\/\/www.tribur.de\/blog\/#website"},"primaryImageOfPage":{"@id":"https:\/\/www.tribur.de\/blog\/2010\/09\/11\/veranstaltungsempfehlung-wilhaim-1010\/#primaryimage"},"image":{"@id":"https:\/\/www.tribur.de\/blog\/2010\/09\/11\/veranstaltungsempfehlung-wilhaim-1010\/#primaryimage"},"thumbnailUrl":"http:\/\/www.tribur.de\/blog\/wp-content\/uploads\/2010\/09\/2010_Lager.jpg","datePublished":"2010-09-11T15:19:26+00:00","dateModified":"2010-09-13T12:35:28+00:00","breadcrumb":{"@id":"https:\/\/www.tribur.de\/blog\/2010\/09\/11\/veranstaltungsempfehlung-wilhaim-1010\/#breadcrumb"},"inLanguage":"de","potentialAction":[{"@type":"ReadAction","target":["https:\/\/www.tribur.de\/blog\/2010\/09\/11\/veranstaltungsempfehlung-wilhaim-1010\/"]}]},{"@type":"ImageObject","inLanguage":"de","@id":"https:\/\/www.tribur.de\/blog\/2010\/09\/11\/veranstaltungsempfehlung-wilhaim-1010\/#primaryimage","url":"https:\/\/i0.wp.com\/www.tribur.de\/blog\/wp-content\/uploads\/2010\/09\/2010_Lager.jpg?fit=530%2C767&ssl=1","contentUrl":"https:\/\/i0.wp.com\/www.tribur.de\/blog\/wp-content\/uploads\/2010\/09\/2010_Lager.jpg?fit=530%2C767&ssl=1","width":"530","height":"767"},{"@type":"BreadcrumbList","@id":"https:\/\/www.tribur.de\/blog\/2010\/09\/11\/veranstaltungsempfehlung-wilhaim-1010\/#breadcrumb","itemListElement":[{"@type":"ListItem","position":1,"name":"Home","item":"https:\/\/www.tribur.de\/blog\/"},{"@type":"ListItem","position":2,"name":"Veranstaltungsempfehlung: Wilhaim 1010"}]},{"@type":"WebSite","@id":"https:\/\/www.tribur.de\/blog\/#website","url":"https:\/\/www.tribur.de\/blog\/","name":"Tribur.de","description":"Tribur.de - Geschichte und so Zeugs","publisher":{"@id":"https:\/\/www.tribur.de\/blog\/#\/schema\/person\/3119997f09f43791809c2d1af27bba6c"},"potentialAction":[{"@type":"SearchAction","target":{"@type":"EntryPoint","urlTemplate":"https:\/\/www.tribur.de\/blog\/?s={search_term_string}"},"query-input":{"@type":"PropertyValueSpecification","valueRequired":true,"valueName":"search_term_string"}}],"inLanguage":"de"},{"@type":["Person","Organization"],"@id":"https:\/\/www.tribur.de\/blog\/#\/schema\/person\/3119997f09f43791809c2d1af27bba6c","name":"Markus Zwittmeier","image":{"@type":"ImageObject","inLanguage":"de","@id":"https:\/\/i0.wp.com\/www.tribur.de\/blog\/wp-content\/uploads\/2018\/09\/cropped-logotest-4.jpg?fit=200%2C200&ssl=1","url":"https:\/\/i0.wp.com\/www.tribur.de\/blog\/wp-content\/uploads\/2018\/09\/cropped-logotest-4.jpg?fit=200%2C200&ssl=1","contentUrl":"https:\/\/i0.wp.com\/www.tribur.de\/blog\/wp-content\/uploads\/2018\/09\/cropped-logotest-4.jpg?fit=200%2C200&ssl=1","width":200,"height":200,"caption":"Markus Zwittmeier"},"logo":{"@id":"https:\/\/i0.wp.com\/www.tribur.de\/blog\/wp-content\/uploads\/2018\/09\/cropped-logotest-4.jpg?fit=200%2C200&ssl=1"},"sameAs":["http:\/\/www.Tribur.de","http:\/\/www.facebook.com\/pages\/Triburde\/184352328288771","https:\/\/www.instagram.com\/tribur.de\/","https:\/\/x.com\/https:\/\/twitter.com\/tribur","https:\/\/www.youtube.com\/channel\/UCnEonou-x6_P4XPjBk2htCA"],"url":"https:\/\/www.tribur.de\/blog\/author\/markus\/"}]}},"jetpack_publicize_connections":[],"jetpack_featured_media_url":"","jetpack_shortlink":"https:\/\/wp.me\/p1mHPu-2oB","jetpack_sharing_enabled":true,"_links":{"self":[{"href":"https:\/\/www.tribur.de\/blog\/wp-json\/wp\/v2\/posts\/9213","targetHints":{"allow":["GET"]}}],"collection":[{"href":"https:\/\/www.tribur.de\/blog\/wp-json\/wp\/v2\/posts"}],"about":[{"href":"https:\/\/www.tribur.de\/blog\/wp-json\/wp\/v2\/types\/post"}],"author":[{"embeddable":true,"href":"https:\/\/www.tribur.de\/blog\/wp-json\/wp\/v2\/users\/2"}],"replies":[{"embeddable":true,"href":"https:\/\/www.tribur.de\/blog\/wp-json\/wp\/v2\/comments?post=9213"}],"version-history":[{"count":14,"href":"https:\/\/www.tribur.de\/blog\/wp-json\/wp\/v2\/posts\/9213\/revisions"}],"predecessor-version":[{"id":9225,"href":"https:\/\/www.tribur.de\/blog\/wp-json\/wp\/v2\/posts\/9213\/revisions\/9225"}],"wp:attachment":[{"href":"https:\/\/www.tribur.de\/blog\/wp-json\/wp\/v2\/media?parent=9213"}],"wp:term":[{"taxonomy":"category","embeddable":true,"href":"https:\/\/www.tribur.de\/blog\/wp-json\/wp\/v2\/categories?post=9213"},{"taxonomy":"post_tag","embeddable":true,"href":"https:\/\/www.tribur.de\/blog\/wp-json\/wp\/v2\/tags?post=9213"}],"curies":[{"name":"wp","href":"https:\/\/api.w.org\/{rel}","templated":true}]}}