{"id":8701,"date":"2010-08-20T13:29:41","date_gmt":"2010-08-20T11:29:41","guid":{"rendered":"http:\/\/www.tribur.de\/blog\/?p=8701"},"modified":"2010-08-20T17:33:55","modified_gmt":"2010-08-20T15:33:55","slug":"ausstellungstagebuch-t-55-mein-thron-meine-aula","status":"publish","type":"post","link":"https:\/\/www.tribur.de\/blog\/2010\/08\/20\/ausstellungstagebuch-t-55-mein-thron-meine-aula\/","title":{"rendered":"Ausstellungstagebuch: T-55, Mein Thron, meine Aula&#8230; [Update]"},"content":{"rendered":"<p><a href=\"https:\/\/i0.wp.com\/www.tribur.de\/blog\/wp-content\/uploads\/2010\/08\/uploadtapete.jpg?ssl=1\"><img data-recalc-dims=\"1\" loading=\"lazy\" decoding=\"async\" class=\"alignleft size-full wp-image-8702\" title=\"uploadtapete\" src=\"https:\/\/i0.wp.com\/www.tribur.de\/blog\/wp-content\/uploads\/2010\/08\/uploadtapete.jpg?resize=180%2C323&#038;ssl=1\" alt=\"\" width=\"180\" height=\"323\" srcset=\"https:\/\/i0.wp.com\/www.tribur.de\/blog\/wp-content\/uploads\/2010\/08\/uploadtapete.jpg?w=300&amp;ssl=1 300w, https:\/\/i0.wp.com\/www.tribur.de\/blog\/wp-content\/uploads\/2010\/08\/uploadtapete.jpg?resize=167%2C300&amp;ssl=1 167w\" sizes=\"auto, (max-width: 180px) 100vw, 180px\" \/><\/a>Ja, es geht diesesmal schnell, dass ich mich wieder zur Ausstellung \u00a0melde, hat aber seinen Grund.<\/p>\n<p>Gestern Abend gabs, f\u00fcr mich etwas \u00fcberraschend, wieder eine Sitzung. Leider konnte ich nicht die ganze Zeit anwesend sein, da ich etwas in Eile war.<\/p>\n<p>Aber einige Sachen konnten gekl\u00e4rt werden. Z.B. wurde der Dummy f\u00fcr den Flyer bzw. das Programmheft pr\u00e4sentiert. Und ich hatte mal nichts zu n\u00f6rgeln \ud83d\ude09 sogar die Farbe gef\u00e4llt mir.<\/p>\n<p>Der Termin f\u00fcr die Pressekonferenz wurde noch mal abgesprochen. Das Museum ist jetzt so gut wie leer, die Vitrinen geputzt und fast schon bereit einger\u00e4umt zu werden.<\/p>\n<p>Die Deko-R\u00fcckwand meiner Aula nimmt auch Gestalt an, wie man links sieht. Oben ist die Borte die den oberen\u00a0Abschluss bildet und die farbigen Quadrate unten bilden den Rand zum Boden. Vorbild f\u00fcr die ist \u00fcbrigens die Ausmalung der Torhalle in Lorsch. Ich finde das sieht ganz gut aus. Nee, eigentlich find ichs super!<\/p>\n<p>Mein Thron wird auch was. Die Planung, wenn man das so nennen kann ist abgeschlossen, jetzt wird das Material besorgt. Der Einfachheit halber hatte ich das Ding schon mal am Rechner zusammengeschraubt.<\/p>\n<p><a href=\"https:\/\/i0.wp.com\/www.tribur.de\/blog\/wp-content\/uploads\/2010\/08\/thron1.jpg?ssl=1\"><img data-recalc-dims=\"1\" loading=\"lazy\" decoding=\"async\" class=\"alignleft size-full wp-image-8703\" title=\"thron1\" src=\"https:\/\/i0.wp.com\/www.tribur.de\/blog\/wp-content\/uploads\/2010\/08\/thron1.jpg?resize=159%2C198&#038;ssl=1\" alt=\"\" width=\"159\" height=\"198\" \/><\/a>Der Startplan f\u00fcr die neue Homepage des Geschichtsvereins ist auch vorverlegt worden. Sie wird nun am \u00a0Wochenende starten. Zum Gl\u00fcck hatte ich die schon fertig. Lediglich die fixen Termin f\u00fcr Vortr\u00e4ge usw. kommen erst noch. Wenn ich sie Online hab geb ich hier mal Meldung durch, damit sich mal jemand hin verirrt.<\/p>\n<p>So, jetzt muss ich fast nur noch mit meinen Schautafeln fertig werden.<\/p>\n<p><strong>[Update] <\/strong>Gerade die CD mit den original Logos f\u00fcr die Schautafeln und die Internetseite bekommen. Das die Daten in Illustrator, \u00a0EPS und PDF vorliegen ist auch ok. Das der verwendete Font &#8222;ITF Weidemann&#8220; dabei ist ist auch super. Das er die Gr\u00f6\u00dfe von 0 Byte hat ist eher doof&#8230;. arghhh!<\/p>\n","protected":false},"excerpt":{"rendered":"<p>Ja, es geht diesesmal schnell, dass ich mich wieder zur Ausstellung \u00a0melde, hat aber seinen Grund. Gestern Abend gabs, f\u00fcr mich etwas \u00fcberraschend, wieder eine Sitzung. Leider konnte ich nicht die ganze Zeit anwesend&#46;&#46;&#46;<\/p>\n","protected":false},"author":2,"featured_media":0,"comment_status":"open","ping_status":"open","sticky":false,"template":"","format":"standard","meta":{"jetpack_post_was_ever_published":false,"_jetpack_newsletter_access":"","_jetpack_dont_email_post_to_subs":false,"_jetpack_newsletter_tier_id":0,"_jetpack_memberships_contains_paywalled_content":false,"_jetpack_memberships_contains_paid_content":false,"footnotes":"","jetpack_publicize_message":"","jetpack_publicize_feature_enabled":true,"jetpack_social_post_already_shared":false,"jetpack_social_options":{"image_generator_settings":{"template":"highway","default_image_id":0,"font":"","enabled":false},"version":2}},"categories":[1],"tags":[28,11,12,32,46,35,47,16],"class_list":["post-8701","post","type-post","status-publish","format-standard","hentry","category-geschichte","tag-ausstellung","tag-fruhmittelalter","tag-hochmittelalter","tag-karolingisch","tag-ottonisch","tag-pfalz","tag-salisch","tag-trebur"],"yoast_head":"<!-- This site is optimized with the Yoast SEO plugin v27.5 - https:\/\/yoast.com\/product\/yoast-seo-wordpress\/ -->\n<title>Ausstellungstagebuch: T-55, Mein Thron, meine Aula... [Update] - Tribur.de<\/title>\n<meta name=\"robots\" content=\"index, follow, max-snippet:-1, max-image-preview:large, max-video-preview:-1\" \/>\n<link rel=\"canonical\" href=\"https:\/\/www.tribur.de\/blog\/2010\/08\/20\/ausstellungstagebuch-t-55-mein-thron-meine-aula\/\" \/>\n<meta property=\"og:locale\" content=\"de_DE\" \/>\n<meta property=\"og:type\" content=\"article\" \/>\n<meta property=\"og:title\" content=\"Ausstellungstagebuch: T-55, Mein Thron, meine Aula... [Update] - Tribur.de\" \/>\n<meta property=\"og:description\" content=\"Ja, es geht diesesmal schnell, dass ich mich wieder zur Ausstellung \u00a0melde, hat aber seinen Grund. Gestern Abend gabs, f\u00fcr mich etwas \u00fcberraschend, wieder eine Sitzung. Leider konnte ich nicht die ganze Zeit anwesend&#046;&#046;&#046;\" \/>\n<meta property=\"og:url\" content=\"https:\/\/www.tribur.de\/blog\/2010\/08\/20\/ausstellungstagebuch-t-55-mein-thron-meine-aula\/\" \/>\n<meta property=\"og:site_name\" content=\"Tribur.de\" \/>\n<meta property=\"article:publisher\" content=\"http:\/\/www.facebook.com\/pages\/Triburde\/184352328288771\" \/>\n<meta property=\"article:author\" content=\"http:\/\/www.facebook.com\/pages\/Triburde\/184352328288771\" \/>\n<meta property=\"article:published_time\" content=\"2010-08-20T11:29:41+00:00\" \/>\n<meta property=\"article:modified_time\" content=\"2010-08-20T15:33:55+00:00\" \/>\n<meta property=\"og:image\" content=\"http:\/\/www.tribur.de\/blog\/wp-content\/uploads\/2010\/08\/uploadtapete.jpg\" \/>\n<meta name=\"author\" content=\"Markus Zwittmeier\" \/>\n<meta name=\"twitter:card\" content=\"summary_large_image\" \/>\n<meta name=\"twitter:creator\" content=\"@https:\/\/twitter.com\/tribur\" \/>\n<meta name=\"twitter:site\" content=\"@tribur\" \/>\n<meta name=\"twitter:label1\" content=\"Verfasst von\" \/>\n\t<meta name=\"twitter:data1\" content=\"Markus Zwittmeier\" \/>\n\t<meta name=\"twitter:label2\" content=\"Gesch\u00e4tzte Lesezeit\" \/>\n\t<meta name=\"twitter:data2\" content=\"2\u00a0Minuten\" \/>\n<script type=\"application\/ld+json\" class=\"yoast-schema-graph\">{\"@context\":\"https:\\\/\\\/schema.org\",\"@graph\":[{\"@type\":\"Article\",\"@id\":\"https:\\\/\\\/www.tribur.de\\\/blog\\\/2010\\\/08\\\/20\\\/ausstellungstagebuch-t-55-mein-thron-meine-aula\\\/#article\",\"isPartOf\":{\"@id\":\"https:\\\/\\\/www.tribur.de\\\/blog\\\/2010\\\/08\\\/20\\\/ausstellungstagebuch-t-55-mein-thron-meine-aula\\\/\"},\"author\":{\"name\":\"Markus Zwittmeier\",\"@id\":\"https:\\\/\\\/www.tribur.de\\\/blog\\\/#\\\/schema\\\/person\\\/3119997f09f43791809c2d1af27bba6c\"},\"headline\":\"Ausstellungstagebuch: T-55, Mein Thron, meine Aula&#8230; [Update]\",\"datePublished\":\"2010-08-20T11:29:41+00:00\",\"dateModified\":\"2010-08-20T15:33:55+00:00\",\"mainEntityOfPage\":{\"@id\":\"https:\\\/\\\/www.tribur.de\\\/blog\\\/2010\\\/08\\\/20\\\/ausstellungstagebuch-t-55-mein-thron-meine-aula\\\/\"},\"wordCount\":321,\"commentCount\":0,\"publisher\":{\"@id\":\"https:\\\/\\\/www.tribur.de\\\/blog\\\/#\\\/schema\\\/person\\\/3119997f09f43791809c2d1af27bba6c\"},\"image\":{\"@id\":\"https:\\\/\\\/www.tribur.de\\\/blog\\\/2010\\\/08\\\/20\\\/ausstellungstagebuch-t-55-mein-thron-meine-aula\\\/#primaryimage\"},\"thumbnailUrl\":\"http:\\\/\\\/www.tribur.de\\\/blog\\\/wp-content\\\/uploads\\\/2010\\\/08\\\/uploadtapete.jpg\",\"keywords\":[\"Ausstellung\",\"Fr\u00fchmittelalter\",\"Hochmittelalter\",\"karolingisch\",\"ottonisch\",\"Pfalz\",\"salisch\",\"Trebur\\\/Tribur\"],\"articleSection\":[\"Geschichte\"],\"inLanguage\":\"de\",\"potentialAction\":[{\"@type\":\"CommentAction\",\"name\":\"Comment\",\"target\":[\"https:\\\/\\\/www.tribur.de\\\/blog\\\/2010\\\/08\\\/20\\\/ausstellungstagebuch-t-55-mein-thron-meine-aula\\\/#respond\"]}]},{\"@type\":\"WebPage\",\"@id\":\"https:\\\/\\\/www.tribur.de\\\/blog\\\/2010\\\/08\\\/20\\\/ausstellungstagebuch-t-55-mein-thron-meine-aula\\\/\",\"url\":\"https:\\\/\\\/www.tribur.de\\\/blog\\\/2010\\\/08\\\/20\\\/ausstellungstagebuch-t-55-mein-thron-meine-aula\\\/\",\"name\":\"Ausstellungstagebuch: T-55, Mein Thron, meine Aula... [Update] - Tribur.de\",\"isPartOf\":{\"@id\":\"https:\\\/\\\/www.tribur.de\\\/blog\\\/#website\"},\"primaryImageOfPage\":{\"@id\":\"https:\\\/\\\/www.tribur.de\\\/blog\\\/2010\\\/08\\\/20\\\/ausstellungstagebuch-t-55-mein-thron-meine-aula\\\/#primaryimage\"},\"image\":{\"@id\":\"https:\\\/\\\/www.tribur.de\\\/blog\\\/2010\\\/08\\\/20\\\/ausstellungstagebuch-t-55-mein-thron-meine-aula\\\/#primaryimage\"},\"thumbnailUrl\":\"http:\\\/\\\/www.tribur.de\\\/blog\\\/wp-content\\\/uploads\\\/2010\\\/08\\\/uploadtapete.jpg\",\"datePublished\":\"2010-08-20T11:29:41+00:00\",\"dateModified\":\"2010-08-20T15:33:55+00:00\",\"breadcrumb\":{\"@id\":\"https:\\\/\\\/www.tribur.de\\\/blog\\\/2010\\\/08\\\/20\\\/ausstellungstagebuch-t-55-mein-thron-meine-aula\\\/#breadcrumb\"},\"inLanguage\":\"de\",\"potentialAction\":[{\"@type\":\"ReadAction\",\"target\":[\"https:\\\/\\\/www.tribur.de\\\/blog\\\/2010\\\/08\\\/20\\\/ausstellungstagebuch-t-55-mein-thron-meine-aula\\\/\"]}]},{\"@type\":\"ImageObject\",\"inLanguage\":\"de\",\"@id\":\"https:\\\/\\\/www.tribur.de\\\/blog\\\/2010\\\/08\\\/20\\\/ausstellungstagebuch-t-55-mein-thron-meine-aula\\\/#primaryimage\",\"url\":\"https:\\\/\\\/i0.wp.com\\\/www.tribur.de\\\/blog\\\/wp-content\\\/uploads\\\/2010\\\/08\\\/uploadtapete.jpg?fit=300%2C538&ssl=1\",\"contentUrl\":\"https:\\\/\\\/i0.wp.com\\\/www.tribur.de\\\/blog\\\/wp-content\\\/uploads\\\/2010\\\/08\\\/uploadtapete.jpg?fit=300%2C538&ssl=1\",\"width\":\"300\",\"height\":\"538\"},{\"@type\":\"BreadcrumbList\",\"@id\":\"https:\\\/\\\/www.tribur.de\\\/blog\\\/2010\\\/08\\\/20\\\/ausstellungstagebuch-t-55-mein-thron-meine-aula\\\/#breadcrumb\",\"itemListElement\":[{\"@type\":\"ListItem\",\"position\":1,\"name\":\"Home\",\"item\":\"https:\\\/\\\/www.tribur.de\\\/blog\\\/\"},{\"@type\":\"ListItem\",\"position\":2,\"name\":\"Ausstellungstagebuch: T-55, Mein Thron, meine Aula&#8230; [Update]\"}]},{\"@type\":\"WebSite\",\"@id\":\"https:\\\/\\\/www.tribur.de\\\/blog\\\/#website\",\"url\":\"https:\\\/\\\/www.tribur.de\\\/blog\\\/\",\"name\":\"Tribur.de\",\"description\":\"Tribur.de - Geschichte und so Zeugs\",\"publisher\":{\"@id\":\"https:\\\/\\\/www.tribur.de\\\/blog\\\/#\\\/schema\\\/person\\\/3119997f09f43791809c2d1af27bba6c\"},\"potentialAction\":[{\"@type\":\"SearchAction\",\"target\":{\"@type\":\"EntryPoint\",\"urlTemplate\":\"https:\\\/\\\/www.tribur.de\\\/blog\\\/?s={search_term_string}\"},\"query-input\":{\"@type\":\"PropertyValueSpecification\",\"valueRequired\":true,\"valueName\":\"search_term_string\"}}],\"inLanguage\":\"de\"},{\"@type\":[\"Person\",\"Organization\"],\"@id\":\"https:\\\/\\\/www.tribur.de\\\/blog\\\/#\\\/schema\\\/person\\\/3119997f09f43791809c2d1af27bba6c\",\"name\":\"Markus Zwittmeier\",\"image\":{\"@type\":\"ImageObject\",\"inLanguage\":\"de\",\"@id\":\"https:\\\/\\\/i0.wp.com\\\/www.tribur.de\\\/blog\\\/wp-content\\\/uploads\\\/2018\\\/09\\\/cropped-logotest-4.jpg?fit=200%2C200&ssl=1\",\"url\":\"https:\\\/\\\/i0.wp.com\\\/www.tribur.de\\\/blog\\\/wp-content\\\/uploads\\\/2018\\\/09\\\/cropped-logotest-4.jpg?fit=200%2C200&ssl=1\",\"contentUrl\":\"https:\\\/\\\/i0.wp.com\\\/www.tribur.de\\\/blog\\\/wp-content\\\/uploads\\\/2018\\\/09\\\/cropped-logotest-4.jpg?fit=200%2C200&ssl=1\",\"width\":200,\"height\":200,\"caption\":\"Markus Zwittmeier\"},\"logo\":{\"@id\":\"https:\\\/\\\/i0.wp.com\\\/www.tribur.de\\\/blog\\\/wp-content\\\/uploads\\\/2018\\\/09\\\/cropped-logotest-4.jpg?fit=200%2C200&ssl=1\"},\"sameAs\":[\"http:\\\/\\\/www.Tribur.de\",\"http:\\\/\\\/www.facebook.com\\\/pages\\\/Triburde\\\/184352328288771\",\"https:\\\/\\\/www.instagram.com\\\/tribur.de\\\/\",\"https:\\\/\\\/x.com\\\/https:\\\/\\\/twitter.com\\\/tribur\",\"https:\\\/\\\/www.youtube.com\\\/channel\\\/UCnEonou-x6_P4XPjBk2htCA\"],\"url\":\"https:\\\/\\\/www.tribur.de\\\/blog\\\/author\\\/markus\\\/\"}]}<\/script>\n<!-- \/ Yoast SEO plugin. -->","yoast_head_json":{"title":"Ausstellungstagebuch: T-55, Mein Thron, meine Aula... [Update] - Tribur.de","robots":{"index":"index","follow":"follow","max-snippet":"max-snippet:-1","max-image-preview":"max-image-preview:large","max-video-preview":"max-video-preview:-1"},"canonical":"https:\/\/www.tribur.de\/blog\/2010\/08\/20\/ausstellungstagebuch-t-55-mein-thron-meine-aula\/","og_locale":"de_DE","og_type":"article","og_title":"Ausstellungstagebuch: T-55, Mein Thron, meine Aula... [Update] - Tribur.de","og_description":"Ja, es geht diesesmal schnell, dass ich mich wieder zur Ausstellung \u00a0melde, hat aber seinen Grund. Gestern Abend gabs, f\u00fcr mich etwas \u00fcberraschend, wieder eine Sitzung. Leider konnte ich nicht die ganze Zeit anwesend&#46;&#46;&#46;","og_url":"https:\/\/www.tribur.de\/blog\/2010\/08\/20\/ausstellungstagebuch-t-55-mein-thron-meine-aula\/","og_site_name":"Tribur.de","article_publisher":"http:\/\/www.facebook.com\/pages\/Triburde\/184352328288771","article_author":"http:\/\/www.facebook.com\/pages\/Triburde\/184352328288771","article_published_time":"2010-08-20T11:29:41+00:00","article_modified_time":"2010-08-20T15:33:55+00:00","og_image":[{"url":"http:\/\/www.tribur.de\/blog\/wp-content\/uploads\/2010\/08\/uploadtapete.jpg","type":"","width":"","height":""}],"author":"Markus Zwittmeier","twitter_card":"summary_large_image","twitter_creator":"@https:\/\/twitter.com\/tribur","twitter_site":"@tribur","twitter_misc":{"Verfasst von":"Markus Zwittmeier","Gesch\u00e4tzte Lesezeit":"2\u00a0Minuten"},"schema":{"@context":"https:\/\/schema.org","@graph":[{"@type":"Article","@id":"https:\/\/www.tribur.de\/blog\/2010\/08\/20\/ausstellungstagebuch-t-55-mein-thron-meine-aula\/#article","isPartOf":{"@id":"https:\/\/www.tribur.de\/blog\/2010\/08\/20\/ausstellungstagebuch-t-55-mein-thron-meine-aula\/"},"author":{"name":"Markus Zwittmeier","@id":"https:\/\/www.tribur.de\/blog\/#\/schema\/person\/3119997f09f43791809c2d1af27bba6c"},"headline":"Ausstellungstagebuch: T-55, Mein Thron, meine Aula&#8230; [Update]","datePublished":"2010-08-20T11:29:41+00:00","dateModified":"2010-08-20T15:33:55+00:00","mainEntityOfPage":{"@id":"https:\/\/www.tribur.de\/blog\/2010\/08\/20\/ausstellungstagebuch-t-55-mein-thron-meine-aula\/"},"wordCount":321,"commentCount":0,"publisher":{"@id":"https:\/\/www.tribur.de\/blog\/#\/schema\/person\/3119997f09f43791809c2d1af27bba6c"},"image":{"@id":"https:\/\/www.tribur.de\/blog\/2010\/08\/20\/ausstellungstagebuch-t-55-mein-thron-meine-aula\/#primaryimage"},"thumbnailUrl":"http:\/\/www.tribur.de\/blog\/wp-content\/uploads\/2010\/08\/uploadtapete.jpg","keywords":["Ausstellung","Fr\u00fchmittelalter","Hochmittelalter","karolingisch","ottonisch","Pfalz","salisch","Trebur\/Tribur"],"articleSection":["Geschichte"],"inLanguage":"de","potentialAction":[{"@type":"CommentAction","name":"Comment","target":["https:\/\/www.tribur.de\/blog\/2010\/08\/20\/ausstellungstagebuch-t-55-mein-thron-meine-aula\/#respond"]}]},{"@type":"WebPage","@id":"https:\/\/www.tribur.de\/blog\/2010\/08\/20\/ausstellungstagebuch-t-55-mein-thron-meine-aula\/","url":"https:\/\/www.tribur.de\/blog\/2010\/08\/20\/ausstellungstagebuch-t-55-mein-thron-meine-aula\/","name":"Ausstellungstagebuch: T-55, Mein Thron, meine Aula... [Update] - Tribur.de","isPartOf":{"@id":"https:\/\/www.tribur.de\/blog\/#website"},"primaryImageOfPage":{"@id":"https:\/\/www.tribur.de\/blog\/2010\/08\/20\/ausstellungstagebuch-t-55-mein-thron-meine-aula\/#primaryimage"},"image":{"@id":"https:\/\/www.tribur.de\/blog\/2010\/08\/20\/ausstellungstagebuch-t-55-mein-thron-meine-aula\/#primaryimage"},"thumbnailUrl":"http:\/\/www.tribur.de\/blog\/wp-content\/uploads\/2010\/08\/uploadtapete.jpg","datePublished":"2010-08-20T11:29:41+00:00","dateModified":"2010-08-20T15:33:55+00:00","breadcrumb":{"@id":"https:\/\/www.tribur.de\/blog\/2010\/08\/20\/ausstellungstagebuch-t-55-mein-thron-meine-aula\/#breadcrumb"},"inLanguage":"de","potentialAction":[{"@type":"ReadAction","target":["https:\/\/www.tribur.de\/blog\/2010\/08\/20\/ausstellungstagebuch-t-55-mein-thron-meine-aula\/"]}]},{"@type":"ImageObject","inLanguage":"de","@id":"https:\/\/www.tribur.de\/blog\/2010\/08\/20\/ausstellungstagebuch-t-55-mein-thron-meine-aula\/#primaryimage","url":"https:\/\/i0.wp.com\/www.tribur.de\/blog\/wp-content\/uploads\/2010\/08\/uploadtapete.jpg?fit=300%2C538&ssl=1","contentUrl":"https:\/\/i0.wp.com\/www.tribur.de\/blog\/wp-content\/uploads\/2010\/08\/uploadtapete.jpg?fit=300%2C538&ssl=1","width":"300","height":"538"},{"@type":"BreadcrumbList","@id":"https:\/\/www.tribur.de\/blog\/2010\/08\/20\/ausstellungstagebuch-t-55-mein-thron-meine-aula\/#breadcrumb","itemListElement":[{"@type":"ListItem","position":1,"name":"Home","item":"https:\/\/www.tribur.de\/blog\/"},{"@type":"ListItem","position":2,"name":"Ausstellungstagebuch: T-55, Mein Thron, meine Aula&#8230; [Update]"}]},{"@type":"WebSite","@id":"https:\/\/www.tribur.de\/blog\/#website","url":"https:\/\/www.tribur.de\/blog\/","name":"Tribur.de","description":"Tribur.de - Geschichte und so Zeugs","publisher":{"@id":"https:\/\/www.tribur.de\/blog\/#\/schema\/person\/3119997f09f43791809c2d1af27bba6c"},"potentialAction":[{"@type":"SearchAction","target":{"@type":"EntryPoint","urlTemplate":"https:\/\/www.tribur.de\/blog\/?s={search_term_string}"},"query-input":{"@type":"PropertyValueSpecification","valueRequired":true,"valueName":"search_term_string"}}],"inLanguage":"de"},{"@type":["Person","Organization"],"@id":"https:\/\/www.tribur.de\/blog\/#\/schema\/person\/3119997f09f43791809c2d1af27bba6c","name":"Markus Zwittmeier","image":{"@type":"ImageObject","inLanguage":"de","@id":"https:\/\/i0.wp.com\/www.tribur.de\/blog\/wp-content\/uploads\/2018\/09\/cropped-logotest-4.jpg?fit=200%2C200&ssl=1","url":"https:\/\/i0.wp.com\/www.tribur.de\/blog\/wp-content\/uploads\/2018\/09\/cropped-logotest-4.jpg?fit=200%2C200&ssl=1","contentUrl":"https:\/\/i0.wp.com\/www.tribur.de\/blog\/wp-content\/uploads\/2018\/09\/cropped-logotest-4.jpg?fit=200%2C200&ssl=1","width":200,"height":200,"caption":"Markus Zwittmeier"},"logo":{"@id":"https:\/\/i0.wp.com\/www.tribur.de\/blog\/wp-content\/uploads\/2018\/09\/cropped-logotest-4.jpg?fit=200%2C200&ssl=1"},"sameAs":["http:\/\/www.Tribur.de","http:\/\/www.facebook.com\/pages\/Triburde\/184352328288771","https:\/\/www.instagram.com\/tribur.de\/","https:\/\/x.com\/https:\/\/twitter.com\/tribur","https:\/\/www.youtube.com\/channel\/UCnEonou-x6_P4XPjBk2htCA"],"url":"https:\/\/www.tribur.de\/blog\/author\/markus\/"}]}},"jetpack_publicize_connections":[],"jetpack_featured_media_url":"","jetpack_shortlink":"https:\/\/wp.me\/p1mHPu-2gl","jetpack_sharing_enabled":true,"_links":{"self":[{"href":"https:\/\/www.tribur.de\/blog\/wp-json\/wp\/v2\/posts\/8701","targetHints":{"allow":["GET"]}}],"collection":[{"href":"https:\/\/www.tribur.de\/blog\/wp-json\/wp\/v2\/posts"}],"about":[{"href":"https:\/\/www.tribur.de\/blog\/wp-json\/wp\/v2\/types\/post"}],"author":[{"embeddable":true,"href":"https:\/\/www.tribur.de\/blog\/wp-json\/wp\/v2\/users\/2"}],"replies":[{"embeddable":true,"href":"https:\/\/www.tribur.de\/blog\/wp-json\/wp\/v2\/comments?post=8701"}],"version-history":[{"count":11,"href":"https:\/\/www.tribur.de\/blog\/wp-json\/wp\/v2\/posts\/8701\/revisions"}],"predecessor-version":[{"id":8720,"href":"https:\/\/www.tribur.de\/blog\/wp-json\/wp\/v2\/posts\/8701\/revisions\/8720"}],"wp:attachment":[{"href":"https:\/\/www.tribur.de\/blog\/wp-json\/wp\/v2\/media?parent=8701"}],"wp:term":[{"taxonomy":"category","embeddable":true,"href":"https:\/\/www.tribur.de\/blog\/wp-json\/wp\/v2\/categories?post=8701"},{"taxonomy":"post_tag","embeddable":true,"href":"https:\/\/www.tribur.de\/blog\/wp-json\/wp\/v2\/tags?post=8701"}],"curies":[{"name":"wp","href":"https:\/\/api.w.org\/{rel}","templated":true}]}}