{"id":7514,"date":"2010-07-02T18:06:20","date_gmt":"2010-07-02T16:06:20","guid":{"rendered":"http:\/\/www.tribur.de\/blog\/?p=7514"},"modified":"2010-07-02T18:06:20","modified_gmt":"2010-07-02T16:06:20","slug":"archaonews-02-07-2010-was-passiert-mit-dem-konigshof-zizers-archaologische-parks-und-garten","status":"publish","type":"post","link":"https:\/\/www.tribur.de\/blog\/2010\/07\/02\/archaonews-02-07-2010-was-passiert-mit-dem-konigshof-zizers-archaologische-parks-und-garten\/","title":{"rendered":"Arch\u00e4onews 02.07.2010  Was passiert mit dem K\u00f6nigshof Zizers, Arch\u00e4ologische Parks und G\u00e4rten"},"content":{"rendered":"<ul>\n<li>Arch\u00e4ologischer Park in der Basilika St. Paul vor denMauern in Rom eingeweiht, schreibt <a href=\"http:\/\/www.zenit.org\/article-20948?l=german&amp;utm_campaign=germanweb&amp;utm_medium=article&amp;utm_source=zenit.org\/g-20948\" target=\"_blank\">Zenit.org<\/a><\/li>\n<li>Und die <a href=\"http:\/\/www.augsburger-allgemeine.de\/Home\/Nachrichten\/Startseite\/Artikel,-Archaeologischer-Garten-im-Domviertel-_arid,2184574_regid,2_puid,2_pageid,4288.html\" target=\"_blank\">Augsburger Allgemeine<\/a> schreibt auch \u00fcber einen Arch\u00e4ologischen Garten, der in Augsburg entstehen soll<\/li>\n<li>Wie das <a href=\"http:\/\/www.abendblatt.de\/region\/harburg\/article1553820\/Raetsel-um-ein-Pferdeopfer.html\" target=\"_blank\">Hamburger Abendblatt<\/a> schreibt soll in Elbsdorf erneut gegraben werden um das Geheimnis eines Pferdeopfers zu kl\u00e4ren<\/li>\n<li>Bei einer Ausgrabung wurden r\u00f6mische M\u00fcnzen gestohlen, dasschreibt der <a href=\"http:\/\/www.suedkurier.de\/region\/bodenseekreis-oberschwaben\/vorarlberg\/Roemische-Muenzen-aus-Ausgrabung-gestohlen%3Bart372497,4358316\" target=\"_blank\">suedkurier<\/a><\/li>\n<\/ul>\n<p>und f\u00fcr mich besonders interessant<\/p>\n<ul>\n<li>In Zizers in der Schweiz fragt man sich was mit dem ergrabenen K\u00f6nigshof geschieht. Zizers w\u00fcrde in gerne erhalten!\u00a0 Die Suedostschweiz.ch schreibt <a href=\"http:\/\/www.suedostschweiz.ch\/medien\/sogr\/index_detail.cfm?id=732838\" target=\"_blank\">hier<\/a> und <a href=\"http:\/\/www.suedostschweiz.ch\/newsticker\/index.cfm?id=44499&amp;newsRessort=10&amp;newsRegion=&amp;newsSearch=&amp;startrow=1\" target=\"_blank\">hier<\/a> . Und ich h\u00e4tte gerne die genau Bema\u00dfung von dem Ding \ud83d\ude09<\/li>\n<\/ul>\n","protected":false},"excerpt":{"rendered":"<p>Arch\u00e4ologischer Park in der Basilika St. Paul vor denMauern in Rom eingeweiht, schreibt Zenit.org Und die Augsburger Allgemeine schreibt auch \u00fcber einen Arch\u00e4ologischen Garten, der in Augsburg entstehen soll Wie das Hamburger Abendblatt schreibt&#46;&#46;&#46;<\/p>\n","protected":false},"author":2,"featured_media":0,"comment_status":"open","ping_status":"open","sticky":false,"template":"","format":"standard","meta":{"jetpack_post_was_ever_published":false,"_jetpack_newsletter_access":"","_jetpack_dont_email_post_to_subs":false,"_jetpack_newsletter_tier_id":0,"_jetpack_memberships_contains_paywalled_content":false,"_jetpack_memberships_contains_paid_content":false,"footnotes":"","jetpack_publicize_message":"","jetpack_publicize_feature_enabled":true,"jetpack_social_post_already_shared":false,"jetpack_social_options":{"image_generator_settings":{"template":"highway","default_image_id":0,"font":"","enabled":false},"version":2}},"categories":[1],"tags":[54,33,11,12,46,35],"class_list":["post-7514","post","type-post","status-publish","format-standard","hentry","category-geschichte","tag-archaologie","tag-ausgrabung","tag-fruhmittelalter","tag-hochmittelalter","tag-ottonisch","tag-pfalz"],"yoast_head":"<!-- This site is optimized with the Yoast SEO plugin v27.5 - https:\/\/yoast.com\/product\/yoast-seo-wordpress\/ -->\n<title>Arch\u00e4onews 02.07.2010 Was passiert mit dem K\u00f6nigshof Zizers, Arch\u00e4ologische Parks und G\u00e4rten - Tribur.de<\/title>\n<meta name=\"robots\" content=\"index, follow, max-snippet:-1, max-image-preview:large, max-video-preview:-1\" \/>\n<link rel=\"canonical\" href=\"https:\/\/www.tribur.de\/blog\/2010\/07\/02\/archaonews-02-07-2010-was-passiert-mit-dem-konigshof-zizers-archaologische-parks-und-garten\/\" \/>\n<meta property=\"og:locale\" content=\"de_DE\" \/>\n<meta property=\"og:type\" content=\"article\" \/>\n<meta property=\"og:title\" content=\"Arch\u00e4onews 02.07.2010 Was passiert mit dem K\u00f6nigshof Zizers, Arch\u00e4ologische Parks und G\u00e4rten - Tribur.de\" \/>\n<meta property=\"og:description\" content=\"Arch\u00e4ologischer Park in der Basilika St. Paul vor denMauern in Rom eingeweiht, schreibt Zenit.org Und die Augsburger Allgemeine schreibt auch \u00fcber einen Arch\u00e4ologischen Garten, der in Augsburg entstehen soll Wie das Hamburger Abendblatt schreibt&#046;&#046;&#046;\" \/>\n<meta property=\"og:url\" content=\"https:\/\/www.tribur.de\/blog\/2010\/07\/02\/archaonews-02-07-2010-was-passiert-mit-dem-konigshof-zizers-archaologische-parks-und-garten\/\" \/>\n<meta property=\"og:site_name\" content=\"Tribur.de\" \/>\n<meta property=\"article:publisher\" content=\"http:\/\/www.facebook.com\/pages\/Triburde\/184352328288771\" \/>\n<meta property=\"article:author\" content=\"http:\/\/www.facebook.com\/pages\/Triburde\/184352328288771\" \/>\n<meta property=\"article:published_time\" content=\"2010-07-02T16:06:20+00:00\" \/>\n<meta property=\"og:image\" content=\"https:\/\/i0.wp.com\/www.tribur.de\/blog\/wp-content\/uploads\/2018\/09\/cropped-logotest-2.jpg?fit=200%2C200&ssl=1\" \/>\n\t<meta property=\"og:image:width\" content=\"200\" \/>\n\t<meta property=\"og:image:height\" content=\"200\" \/>\n\t<meta property=\"og:image:type\" content=\"image\/jpeg\" \/>\n<meta name=\"author\" content=\"Markus Zwittmeier\" \/>\n<meta name=\"twitter:card\" content=\"summary_large_image\" \/>\n<meta name=\"twitter:creator\" content=\"@https:\/\/twitter.com\/tribur\" \/>\n<meta name=\"twitter:site\" content=\"@tribur\" \/>\n<meta name=\"twitter:label1\" content=\"Verfasst von\" \/>\n\t<meta name=\"twitter:data1\" content=\"Markus Zwittmeier\" \/>\n\t<meta name=\"twitter:label2\" content=\"Gesch\u00e4tzte Lesezeit\" \/>\n\t<meta name=\"twitter:data2\" content=\"1\u00a0Minute\" \/>\n<script type=\"application\/ld+json\" class=\"yoast-schema-graph\">{\"@context\":\"https:\\\/\\\/schema.org\",\"@graph\":[{\"@type\":\"Article\",\"@id\":\"https:\\\/\\\/www.tribur.de\\\/blog\\\/2010\\\/07\\\/02\\\/archaonews-02-07-2010-was-passiert-mit-dem-konigshof-zizers-archaologische-parks-und-garten\\\/#article\",\"isPartOf\":{\"@id\":\"https:\\\/\\\/www.tribur.de\\\/blog\\\/2010\\\/07\\\/02\\\/archaonews-02-07-2010-was-passiert-mit-dem-konigshof-zizers-archaologische-parks-und-garten\\\/\"},\"author\":{\"name\":\"Markus Zwittmeier\",\"@id\":\"https:\\\/\\\/www.tribur.de\\\/blog\\\/#\\\/schema\\\/person\\\/3119997f09f43791809c2d1af27bba6c\"},\"headline\":\"Arch\u00e4onews 02.07.2010 Was passiert mit dem K\u00f6nigshof Zizers, Arch\u00e4ologische Parks und G\u00e4rten\",\"datePublished\":\"2010-07-02T16:06:20+00:00\",\"mainEntityOfPage\":{\"@id\":\"https:\\\/\\\/www.tribur.de\\\/blog\\\/2010\\\/07\\\/02\\\/archaonews-02-07-2010-was-passiert-mit-dem-konigshof-zizers-archaologische-parks-und-garten\\\/\"},\"wordCount\":125,\"commentCount\":0,\"publisher\":{\"@id\":\"https:\\\/\\\/www.tribur.de\\\/blog\\\/#\\\/schema\\\/person\\\/3119997f09f43791809c2d1af27bba6c\"},\"keywords\":[\"Arch\u00e4ologie\",\"Ausgrabung\",\"Fr\u00fchmittelalter\",\"Hochmittelalter\",\"ottonisch\",\"Pfalz\"],\"articleSection\":[\"Geschichte\"],\"inLanguage\":\"de\",\"potentialAction\":[{\"@type\":\"CommentAction\",\"name\":\"Comment\",\"target\":[\"https:\\\/\\\/www.tribur.de\\\/blog\\\/2010\\\/07\\\/02\\\/archaonews-02-07-2010-was-passiert-mit-dem-konigshof-zizers-archaologische-parks-und-garten\\\/#respond\"]}]},{\"@type\":\"WebPage\",\"@id\":\"https:\\\/\\\/www.tribur.de\\\/blog\\\/2010\\\/07\\\/02\\\/archaonews-02-07-2010-was-passiert-mit-dem-konigshof-zizers-archaologische-parks-und-garten\\\/\",\"url\":\"https:\\\/\\\/www.tribur.de\\\/blog\\\/2010\\\/07\\\/02\\\/archaonews-02-07-2010-was-passiert-mit-dem-konigshof-zizers-archaologische-parks-und-garten\\\/\",\"name\":\"Arch\u00e4onews 02.07.2010 Was passiert mit dem K\u00f6nigshof Zizers, Arch\u00e4ologische Parks und G\u00e4rten - Tribur.de\",\"isPartOf\":{\"@id\":\"https:\\\/\\\/www.tribur.de\\\/blog\\\/#website\"},\"datePublished\":\"2010-07-02T16:06:20+00:00\",\"breadcrumb\":{\"@id\":\"https:\\\/\\\/www.tribur.de\\\/blog\\\/2010\\\/07\\\/02\\\/archaonews-02-07-2010-was-passiert-mit-dem-konigshof-zizers-archaologische-parks-und-garten\\\/#breadcrumb\"},\"inLanguage\":\"de\",\"potentialAction\":[{\"@type\":\"ReadAction\",\"target\":[\"https:\\\/\\\/www.tribur.de\\\/blog\\\/2010\\\/07\\\/02\\\/archaonews-02-07-2010-was-passiert-mit-dem-konigshof-zizers-archaologische-parks-und-garten\\\/\"]}]},{\"@type\":\"BreadcrumbList\",\"@id\":\"https:\\\/\\\/www.tribur.de\\\/blog\\\/2010\\\/07\\\/02\\\/archaonews-02-07-2010-was-passiert-mit-dem-konigshof-zizers-archaologische-parks-und-garten\\\/#breadcrumb\",\"itemListElement\":[{\"@type\":\"ListItem\",\"position\":1,\"name\":\"Home\",\"item\":\"https:\\\/\\\/www.tribur.de\\\/blog\\\/\"},{\"@type\":\"ListItem\",\"position\":2,\"name\":\"Arch\u00e4onews 02.07.2010 Was passiert mit dem K\u00f6nigshof Zizers, Arch\u00e4ologische Parks und G\u00e4rten\"}]},{\"@type\":\"WebSite\",\"@id\":\"https:\\\/\\\/www.tribur.de\\\/blog\\\/#website\",\"url\":\"https:\\\/\\\/www.tribur.de\\\/blog\\\/\",\"name\":\"Tribur.de\",\"description\":\"Tribur.de - Geschichte und so Zeugs\",\"publisher\":{\"@id\":\"https:\\\/\\\/www.tribur.de\\\/blog\\\/#\\\/schema\\\/person\\\/3119997f09f43791809c2d1af27bba6c\"},\"potentialAction\":[{\"@type\":\"SearchAction\",\"target\":{\"@type\":\"EntryPoint\",\"urlTemplate\":\"https:\\\/\\\/www.tribur.de\\\/blog\\\/?s={search_term_string}\"},\"query-input\":{\"@type\":\"PropertyValueSpecification\",\"valueRequired\":true,\"valueName\":\"search_term_string\"}}],\"inLanguage\":\"de\"},{\"@type\":[\"Person\",\"Organization\"],\"@id\":\"https:\\\/\\\/www.tribur.de\\\/blog\\\/#\\\/schema\\\/person\\\/3119997f09f43791809c2d1af27bba6c\",\"name\":\"Markus Zwittmeier\",\"image\":{\"@type\":\"ImageObject\",\"inLanguage\":\"de\",\"@id\":\"https:\\\/\\\/i0.wp.com\\\/www.tribur.de\\\/blog\\\/wp-content\\\/uploads\\\/2018\\\/09\\\/cropped-logotest-4.jpg?fit=200%2C200&ssl=1\",\"url\":\"https:\\\/\\\/i0.wp.com\\\/www.tribur.de\\\/blog\\\/wp-content\\\/uploads\\\/2018\\\/09\\\/cropped-logotest-4.jpg?fit=200%2C200&ssl=1\",\"contentUrl\":\"https:\\\/\\\/i0.wp.com\\\/www.tribur.de\\\/blog\\\/wp-content\\\/uploads\\\/2018\\\/09\\\/cropped-logotest-4.jpg?fit=200%2C200&ssl=1\",\"width\":200,\"height\":200,\"caption\":\"Markus Zwittmeier\"},\"logo\":{\"@id\":\"https:\\\/\\\/i0.wp.com\\\/www.tribur.de\\\/blog\\\/wp-content\\\/uploads\\\/2018\\\/09\\\/cropped-logotest-4.jpg?fit=200%2C200&ssl=1\"},\"sameAs\":[\"http:\\\/\\\/www.Tribur.de\",\"http:\\\/\\\/www.facebook.com\\\/pages\\\/Triburde\\\/184352328288771\",\"https:\\\/\\\/www.instagram.com\\\/tribur.de\\\/\",\"https:\\\/\\\/x.com\\\/https:\\\/\\\/twitter.com\\\/tribur\",\"https:\\\/\\\/www.youtube.com\\\/channel\\\/UCnEonou-x6_P4XPjBk2htCA\"],\"url\":\"https:\\\/\\\/www.tribur.de\\\/blog\\\/author\\\/markus\\\/\"}]}<\/script>\n<!-- \/ Yoast SEO plugin. -->","yoast_head_json":{"title":"Arch\u00e4onews 02.07.2010 Was passiert mit dem K\u00f6nigshof Zizers, Arch\u00e4ologische Parks und G\u00e4rten - Tribur.de","robots":{"index":"index","follow":"follow","max-snippet":"max-snippet:-1","max-image-preview":"max-image-preview:large","max-video-preview":"max-video-preview:-1"},"canonical":"https:\/\/www.tribur.de\/blog\/2010\/07\/02\/archaonews-02-07-2010-was-passiert-mit-dem-konigshof-zizers-archaologische-parks-und-garten\/","og_locale":"de_DE","og_type":"article","og_title":"Arch\u00e4onews 02.07.2010 Was passiert mit dem K\u00f6nigshof Zizers, Arch\u00e4ologische Parks und G\u00e4rten - Tribur.de","og_description":"Arch\u00e4ologischer Park in der Basilika St. Paul vor denMauern in Rom eingeweiht, schreibt Zenit.org Und die Augsburger Allgemeine schreibt auch \u00fcber einen Arch\u00e4ologischen Garten, der in Augsburg entstehen soll Wie das Hamburger Abendblatt schreibt&#46;&#46;&#46;","og_url":"https:\/\/www.tribur.de\/blog\/2010\/07\/02\/archaonews-02-07-2010-was-passiert-mit-dem-konigshof-zizers-archaologische-parks-und-garten\/","og_site_name":"Tribur.de","article_publisher":"http:\/\/www.facebook.com\/pages\/Triburde\/184352328288771","article_author":"http:\/\/www.facebook.com\/pages\/Triburde\/184352328288771","article_published_time":"2010-07-02T16:06:20+00:00","og_image":[{"width":200,"height":200,"url":"https:\/\/i0.wp.com\/www.tribur.de\/blog\/wp-content\/uploads\/2018\/09\/cropped-logotest-2.jpg?fit=200%2C200&ssl=1","type":"image\/jpeg"}],"author":"Markus Zwittmeier","twitter_card":"summary_large_image","twitter_creator":"@https:\/\/twitter.com\/tribur","twitter_site":"@tribur","twitter_misc":{"Verfasst von":"Markus Zwittmeier","Gesch\u00e4tzte Lesezeit":"1\u00a0Minute"},"schema":{"@context":"https:\/\/schema.org","@graph":[{"@type":"Article","@id":"https:\/\/www.tribur.de\/blog\/2010\/07\/02\/archaonews-02-07-2010-was-passiert-mit-dem-konigshof-zizers-archaologische-parks-und-garten\/#article","isPartOf":{"@id":"https:\/\/www.tribur.de\/blog\/2010\/07\/02\/archaonews-02-07-2010-was-passiert-mit-dem-konigshof-zizers-archaologische-parks-und-garten\/"},"author":{"name":"Markus Zwittmeier","@id":"https:\/\/www.tribur.de\/blog\/#\/schema\/person\/3119997f09f43791809c2d1af27bba6c"},"headline":"Arch\u00e4onews 02.07.2010 Was passiert mit dem K\u00f6nigshof Zizers, Arch\u00e4ologische Parks und G\u00e4rten","datePublished":"2010-07-02T16:06:20+00:00","mainEntityOfPage":{"@id":"https:\/\/www.tribur.de\/blog\/2010\/07\/02\/archaonews-02-07-2010-was-passiert-mit-dem-konigshof-zizers-archaologische-parks-und-garten\/"},"wordCount":125,"commentCount":0,"publisher":{"@id":"https:\/\/www.tribur.de\/blog\/#\/schema\/person\/3119997f09f43791809c2d1af27bba6c"},"keywords":["Arch\u00e4ologie","Ausgrabung","Fr\u00fchmittelalter","Hochmittelalter","ottonisch","Pfalz"],"articleSection":["Geschichte"],"inLanguage":"de","potentialAction":[{"@type":"CommentAction","name":"Comment","target":["https:\/\/www.tribur.de\/blog\/2010\/07\/02\/archaonews-02-07-2010-was-passiert-mit-dem-konigshof-zizers-archaologische-parks-und-garten\/#respond"]}]},{"@type":"WebPage","@id":"https:\/\/www.tribur.de\/blog\/2010\/07\/02\/archaonews-02-07-2010-was-passiert-mit-dem-konigshof-zizers-archaologische-parks-und-garten\/","url":"https:\/\/www.tribur.de\/blog\/2010\/07\/02\/archaonews-02-07-2010-was-passiert-mit-dem-konigshof-zizers-archaologische-parks-und-garten\/","name":"Arch\u00e4onews 02.07.2010 Was passiert mit dem K\u00f6nigshof Zizers, Arch\u00e4ologische Parks und G\u00e4rten - Tribur.de","isPartOf":{"@id":"https:\/\/www.tribur.de\/blog\/#website"},"datePublished":"2010-07-02T16:06:20+00:00","breadcrumb":{"@id":"https:\/\/www.tribur.de\/blog\/2010\/07\/02\/archaonews-02-07-2010-was-passiert-mit-dem-konigshof-zizers-archaologische-parks-und-garten\/#breadcrumb"},"inLanguage":"de","potentialAction":[{"@type":"ReadAction","target":["https:\/\/www.tribur.de\/blog\/2010\/07\/02\/archaonews-02-07-2010-was-passiert-mit-dem-konigshof-zizers-archaologische-parks-und-garten\/"]}]},{"@type":"BreadcrumbList","@id":"https:\/\/www.tribur.de\/blog\/2010\/07\/02\/archaonews-02-07-2010-was-passiert-mit-dem-konigshof-zizers-archaologische-parks-und-garten\/#breadcrumb","itemListElement":[{"@type":"ListItem","position":1,"name":"Home","item":"https:\/\/www.tribur.de\/blog\/"},{"@type":"ListItem","position":2,"name":"Arch\u00e4onews 02.07.2010 Was passiert mit dem K\u00f6nigshof Zizers, Arch\u00e4ologische Parks und G\u00e4rten"}]},{"@type":"WebSite","@id":"https:\/\/www.tribur.de\/blog\/#website","url":"https:\/\/www.tribur.de\/blog\/","name":"Tribur.de","description":"Tribur.de - Geschichte und so Zeugs","publisher":{"@id":"https:\/\/www.tribur.de\/blog\/#\/schema\/person\/3119997f09f43791809c2d1af27bba6c"},"potentialAction":[{"@type":"SearchAction","target":{"@type":"EntryPoint","urlTemplate":"https:\/\/www.tribur.de\/blog\/?s={search_term_string}"},"query-input":{"@type":"PropertyValueSpecification","valueRequired":true,"valueName":"search_term_string"}}],"inLanguage":"de"},{"@type":["Person","Organization"],"@id":"https:\/\/www.tribur.de\/blog\/#\/schema\/person\/3119997f09f43791809c2d1af27bba6c","name":"Markus Zwittmeier","image":{"@type":"ImageObject","inLanguage":"de","@id":"https:\/\/i0.wp.com\/www.tribur.de\/blog\/wp-content\/uploads\/2018\/09\/cropped-logotest-4.jpg?fit=200%2C200&ssl=1","url":"https:\/\/i0.wp.com\/www.tribur.de\/blog\/wp-content\/uploads\/2018\/09\/cropped-logotest-4.jpg?fit=200%2C200&ssl=1","contentUrl":"https:\/\/i0.wp.com\/www.tribur.de\/blog\/wp-content\/uploads\/2018\/09\/cropped-logotest-4.jpg?fit=200%2C200&ssl=1","width":200,"height":200,"caption":"Markus Zwittmeier"},"logo":{"@id":"https:\/\/i0.wp.com\/www.tribur.de\/blog\/wp-content\/uploads\/2018\/09\/cropped-logotest-4.jpg?fit=200%2C200&ssl=1"},"sameAs":["http:\/\/www.Tribur.de","http:\/\/www.facebook.com\/pages\/Triburde\/184352328288771","https:\/\/www.instagram.com\/tribur.de\/","https:\/\/x.com\/https:\/\/twitter.com\/tribur","https:\/\/www.youtube.com\/channel\/UCnEonou-x6_P4XPjBk2htCA"],"url":"https:\/\/www.tribur.de\/blog\/author\/markus\/"}]}},"jetpack_publicize_connections":[],"jetpack_featured_media_url":"","jetpack_shortlink":"https:\/\/wp.me\/p1mHPu-1Xc","jetpack_sharing_enabled":true,"_links":{"self":[{"href":"https:\/\/www.tribur.de\/blog\/wp-json\/wp\/v2\/posts\/7514","targetHints":{"allow":["GET"]}}],"collection":[{"href":"https:\/\/www.tribur.de\/blog\/wp-json\/wp\/v2\/posts"}],"about":[{"href":"https:\/\/www.tribur.de\/blog\/wp-json\/wp\/v2\/types\/post"}],"author":[{"embeddable":true,"href":"https:\/\/www.tribur.de\/blog\/wp-json\/wp\/v2\/users\/2"}],"replies":[{"embeddable":true,"href":"https:\/\/www.tribur.de\/blog\/wp-json\/wp\/v2\/comments?post=7514"}],"version-history":[{"count":4,"href":"https:\/\/www.tribur.de\/blog\/wp-json\/wp\/v2\/posts\/7514\/revisions"}],"predecessor-version":[{"id":7518,"href":"https:\/\/www.tribur.de\/blog\/wp-json\/wp\/v2\/posts\/7514\/revisions\/7518"}],"wp:attachment":[{"href":"https:\/\/www.tribur.de\/blog\/wp-json\/wp\/v2\/media?parent=7514"}],"wp:term":[{"taxonomy":"category","embeddable":true,"href":"https:\/\/www.tribur.de\/blog\/wp-json\/wp\/v2\/categories?post=7514"},{"taxonomy":"post_tag","embeddable":true,"href":"https:\/\/www.tribur.de\/blog\/wp-json\/wp\/v2\/tags?post=7514"}],"curies":[{"name":"wp","href":"https:\/\/api.w.org\/{rel}","templated":true}]}}