{"id":7473,"date":"2010-07-01T13:52:14","date_gmt":"2010-07-01T11:52:14","guid":{"rendered":"http:\/\/www.tribur.de\/blog\/?p=7473"},"modified":"2010-07-01T13:52:14","modified_gmt":"2010-07-01T11:52:14","slug":"diskussion-um-ein-geplantes-alamannendorf","status":"publish","type":"post","link":"https:\/\/www.tribur.de\/blog\/2010\/07\/01\/diskussion-um-ein-geplantes-alamannendorf\/","title":{"rendered":"Diskussion um ein geplantes Alamannendorf"},"content":{"rendered":"<p>Vor 3 Jahren hatte die Holcim Kies und Beton AG bei ihrer Kiesgube in H\u00fcntwangen (Schweiz) \u00a0dem Naturschutz ein 20 Hektar Areal \u00fcberlassen das renaturiert und zu Magerwiesen umgewandelt wurde. Hier, wo schon ein mietbares Amphitheater gebaut wurde, m\u00f6chte ein Alamannenverein 2 Hektar abzwacken um dort 2  Hofanlagen nach arch\u00e4ologischen Befunden des 7. Jahrhunderts zu erstellen.<\/p>\n<p>W\u00e4hrend Peter M\u00e4der vom Alamennendorf sagt er habe eine m\u00fcndliche Zusage erhalten, legt nun Kreisplaner Balthasar Thalmann Einspruch ein und mahnt den Naturschutz an.<\/p>\n<blockquote><p>\u00abDer Naturschutz ist nur ein Aspekt, durch die intensivere Nutzung des Gebiets wird sein Charakter stark ver\u00e4ndert\u00bb, erkl\u00e4rt er. Er stehe dem Vorhaben kritisch gegen\u00fcber. Als Voraussetzung f\u00fcr die Realisierung des Projekts m\u00fcsste je nachdem die Nutzungsplanung ge\u00e4ndert werden, eventuell sogar der regionale Richtplan. Konkretere Aussagen k\u00f6nne er nicht machen, weil das Konzept noch nicht zur Pr\u00fcfung eingereicht worden sei. Positiver sieht es der B\u00fclacher Stadtpr\u00e4sident Walter Bosshard, der sich bei der Holcim AG f\u00fcr das Projekt starkmachen will. \u00abIch war zuerst auch etwas skeptisch, aber als ich das Konzept sah, hat es mich total \u00fcberzeugt\u00bb, sagt er.<\/p><\/blockquote>\n<p>Das ist wieder so ein Fall, bei dem man zwischen Living History und Naturschutz hin und her gerissen ist. Jedoch frage ich mich in wieweit dieses Konzept den Umweltschutz durch Verkehr oder \u00e4hnliches  gef\u00e4hrdet w\u00e4hrend neben an in dem Amphitheater Veranstaltungen wie &#8222;Rock am Phi&#8220; oder das &#8222;Internationale Trabitreffen&#8220; stattfinden? Im Regelfall sind Living History Enthusiasten und Reenactors umweltfreundlicher als Trabis \ud83d\ude09<\/p>\n<p><a href=\"http:\/\/www.zuonline.ch\/storys\/storys.cfm?vID=15684\" target=\"_blank\">Hier die News Meldung bei beim Z\u00fcrcher Unterl\u00e4nder<\/a><br \/>\n<a href=\"http:\/\/www.alemannendorf.ch\/\" target=\"_blank\"> Hier die Seite von alemannendorf.ch<\/a><br \/>\n<a href=\"http:\/\/www.amphitheater-huentwangen.ch\/\" target=\"_blank\"> und hier noch das Amphitheater<\/a><\/p>\n","protected":false},"excerpt":{"rendered":"<p>Vor 3 Jahren hatte die Holcim Kies und Beton AG bei ihrer Kiesgube in H\u00fcntwangen (Schweiz) \u00a0dem Naturschutz ein 20 Hektar Areal \u00fcberlassen das renaturiert und zu Magerwiesen umgewandelt wurde. Hier, wo schon ein&#46;&#46;&#46;<\/p>\n","protected":false},"author":2,"featured_media":0,"comment_status":"open","ping_status":"open","sticky":false,"template":"","format":"standard","meta":{"jetpack_post_was_ever_published":false,"_jetpack_newsletter_access":"","_jetpack_dont_email_post_to_subs":false,"_jetpack_newsletter_tier_id":0,"_jetpack_memberships_contains_paywalled_content":false,"_jetpack_memberships_contains_paid_content":false,"footnotes":"","jetpack_publicize_message":"","jetpack_publicize_feature_enabled":true,"jetpack_social_post_already_shared":false,"jetpack_social_options":{"image_generator_settings":{"template":"highway","default_image_id":0,"font":"","enabled":false},"version":2}},"categories":[1],"tags":[28,43,52,18],"class_list":["post-7473","post","type-post","status-publish","format-standard","hentry","category-geschichte","tag-ausstellung","tag-kase","tag-living-history","tag-rekonstruktion"],"yoast_head":"<!-- This site is optimized with the Yoast SEO plugin v27.5 - https:\/\/yoast.com\/product\/yoast-seo-wordpress\/ -->\n<title>Diskussion um ein geplantes Alamannendorf - Tribur.de<\/title>\n<meta name=\"robots\" content=\"index, follow, max-snippet:-1, max-image-preview:large, max-video-preview:-1\" \/>\n<link rel=\"canonical\" href=\"https:\/\/www.tribur.de\/blog\/2010\/07\/01\/diskussion-um-ein-geplantes-alamannendorf\/\" \/>\n<meta property=\"og:locale\" content=\"de_DE\" \/>\n<meta property=\"og:type\" content=\"article\" \/>\n<meta property=\"og:title\" content=\"Diskussion um ein geplantes Alamannendorf - Tribur.de\" \/>\n<meta property=\"og:description\" content=\"Vor 3 Jahren hatte die Holcim Kies und Beton AG bei ihrer Kiesgube in H\u00fcntwangen (Schweiz) \u00a0dem Naturschutz ein 20 Hektar Areal \u00fcberlassen das renaturiert und zu Magerwiesen umgewandelt wurde. Hier, wo schon ein&#046;&#046;&#046;\" \/>\n<meta property=\"og:url\" content=\"https:\/\/www.tribur.de\/blog\/2010\/07\/01\/diskussion-um-ein-geplantes-alamannendorf\/\" \/>\n<meta property=\"og:site_name\" content=\"Tribur.de\" \/>\n<meta property=\"article:publisher\" content=\"http:\/\/www.facebook.com\/pages\/Triburde\/184352328288771\" \/>\n<meta property=\"article:author\" content=\"http:\/\/www.facebook.com\/pages\/Triburde\/184352328288771\" \/>\n<meta property=\"article:published_time\" content=\"2010-07-01T11:52:14+00:00\" \/>\n<meta property=\"og:image\" content=\"https:\/\/i0.wp.com\/www.tribur.de\/blog\/wp-content\/uploads\/2018\/09\/cropped-logotest-2.jpg?fit=200%2C200&ssl=1\" \/>\n\t<meta property=\"og:image:width\" content=\"200\" \/>\n\t<meta property=\"og:image:height\" content=\"200\" \/>\n\t<meta property=\"og:image:type\" content=\"image\/jpeg\" \/>\n<meta name=\"author\" content=\"Markus Zwittmeier\" \/>\n<meta name=\"twitter:card\" content=\"summary_large_image\" \/>\n<meta name=\"twitter:creator\" content=\"@https:\/\/twitter.com\/tribur\" \/>\n<meta name=\"twitter:site\" content=\"@tribur\" \/>\n<meta name=\"twitter:label1\" content=\"Verfasst von\" \/>\n\t<meta name=\"twitter:data1\" content=\"Markus Zwittmeier\" \/>\n\t<meta name=\"twitter:label2\" content=\"Gesch\u00e4tzte Lesezeit\" \/>\n\t<meta name=\"twitter:data2\" content=\"1\u00a0Minute\" \/>\n<script type=\"application\/ld+json\" class=\"yoast-schema-graph\">{\"@context\":\"https:\\\/\\\/schema.org\",\"@graph\":[{\"@type\":\"Article\",\"@id\":\"https:\\\/\\\/www.tribur.de\\\/blog\\\/2010\\\/07\\\/01\\\/diskussion-um-ein-geplantes-alamannendorf\\\/#article\",\"isPartOf\":{\"@id\":\"https:\\\/\\\/www.tribur.de\\\/blog\\\/2010\\\/07\\\/01\\\/diskussion-um-ein-geplantes-alamannendorf\\\/\"},\"author\":{\"name\":\"Markus Zwittmeier\",\"@id\":\"https:\\\/\\\/www.tribur.de\\\/blog\\\/#\\\/schema\\\/person\\\/3119997f09f43791809c2d1af27bba6c\"},\"headline\":\"Diskussion um ein geplantes Alamannendorf\",\"datePublished\":\"2010-07-01T11:52:14+00:00\",\"mainEntityOfPage\":{\"@id\":\"https:\\\/\\\/www.tribur.de\\\/blog\\\/2010\\\/07\\\/01\\\/diskussion-um-ein-geplantes-alamannendorf\\\/\"},\"wordCount\":280,\"commentCount\":1,\"publisher\":{\"@id\":\"https:\\\/\\\/www.tribur.de\\\/blog\\\/#\\\/schema\\\/person\\\/3119997f09f43791809c2d1af27bba6c\"},\"keywords\":[\"Ausstellung\",\"K\u00e4se\",\"Living History\",\"Rekonstruktion\"],\"articleSection\":[\"Geschichte\"],\"inLanguage\":\"de\",\"potentialAction\":[{\"@type\":\"CommentAction\",\"name\":\"Comment\",\"target\":[\"https:\\\/\\\/www.tribur.de\\\/blog\\\/2010\\\/07\\\/01\\\/diskussion-um-ein-geplantes-alamannendorf\\\/#respond\"]}]},{\"@type\":\"WebPage\",\"@id\":\"https:\\\/\\\/www.tribur.de\\\/blog\\\/2010\\\/07\\\/01\\\/diskussion-um-ein-geplantes-alamannendorf\\\/\",\"url\":\"https:\\\/\\\/www.tribur.de\\\/blog\\\/2010\\\/07\\\/01\\\/diskussion-um-ein-geplantes-alamannendorf\\\/\",\"name\":\"Diskussion um ein geplantes Alamannendorf - Tribur.de\",\"isPartOf\":{\"@id\":\"https:\\\/\\\/www.tribur.de\\\/blog\\\/#website\"},\"datePublished\":\"2010-07-01T11:52:14+00:00\",\"breadcrumb\":{\"@id\":\"https:\\\/\\\/www.tribur.de\\\/blog\\\/2010\\\/07\\\/01\\\/diskussion-um-ein-geplantes-alamannendorf\\\/#breadcrumb\"},\"inLanguage\":\"de\",\"potentialAction\":[{\"@type\":\"ReadAction\",\"target\":[\"https:\\\/\\\/www.tribur.de\\\/blog\\\/2010\\\/07\\\/01\\\/diskussion-um-ein-geplantes-alamannendorf\\\/\"]}]},{\"@type\":\"BreadcrumbList\",\"@id\":\"https:\\\/\\\/www.tribur.de\\\/blog\\\/2010\\\/07\\\/01\\\/diskussion-um-ein-geplantes-alamannendorf\\\/#breadcrumb\",\"itemListElement\":[{\"@type\":\"ListItem\",\"position\":1,\"name\":\"Home\",\"item\":\"https:\\\/\\\/www.tribur.de\\\/blog\\\/\"},{\"@type\":\"ListItem\",\"position\":2,\"name\":\"Diskussion um ein geplantes Alamannendorf\"}]},{\"@type\":\"WebSite\",\"@id\":\"https:\\\/\\\/www.tribur.de\\\/blog\\\/#website\",\"url\":\"https:\\\/\\\/www.tribur.de\\\/blog\\\/\",\"name\":\"Tribur.de\",\"description\":\"Tribur.de - Geschichte und so Zeugs\",\"publisher\":{\"@id\":\"https:\\\/\\\/www.tribur.de\\\/blog\\\/#\\\/schema\\\/person\\\/3119997f09f43791809c2d1af27bba6c\"},\"potentialAction\":[{\"@type\":\"SearchAction\",\"target\":{\"@type\":\"EntryPoint\",\"urlTemplate\":\"https:\\\/\\\/www.tribur.de\\\/blog\\\/?s={search_term_string}\"},\"query-input\":{\"@type\":\"PropertyValueSpecification\",\"valueRequired\":true,\"valueName\":\"search_term_string\"}}],\"inLanguage\":\"de\"},{\"@type\":[\"Person\",\"Organization\"],\"@id\":\"https:\\\/\\\/www.tribur.de\\\/blog\\\/#\\\/schema\\\/person\\\/3119997f09f43791809c2d1af27bba6c\",\"name\":\"Markus Zwittmeier\",\"image\":{\"@type\":\"ImageObject\",\"inLanguage\":\"de\",\"@id\":\"https:\\\/\\\/i0.wp.com\\\/www.tribur.de\\\/blog\\\/wp-content\\\/uploads\\\/2018\\\/09\\\/cropped-logotest-4.jpg?fit=200%2C200&ssl=1\",\"url\":\"https:\\\/\\\/i0.wp.com\\\/www.tribur.de\\\/blog\\\/wp-content\\\/uploads\\\/2018\\\/09\\\/cropped-logotest-4.jpg?fit=200%2C200&ssl=1\",\"contentUrl\":\"https:\\\/\\\/i0.wp.com\\\/www.tribur.de\\\/blog\\\/wp-content\\\/uploads\\\/2018\\\/09\\\/cropped-logotest-4.jpg?fit=200%2C200&ssl=1\",\"width\":200,\"height\":200,\"caption\":\"Markus Zwittmeier\"},\"logo\":{\"@id\":\"https:\\\/\\\/i0.wp.com\\\/www.tribur.de\\\/blog\\\/wp-content\\\/uploads\\\/2018\\\/09\\\/cropped-logotest-4.jpg?fit=200%2C200&ssl=1\"},\"sameAs\":[\"http:\\\/\\\/www.Tribur.de\",\"http:\\\/\\\/www.facebook.com\\\/pages\\\/Triburde\\\/184352328288771\",\"https:\\\/\\\/www.instagram.com\\\/tribur.de\\\/\",\"https:\\\/\\\/x.com\\\/https:\\\/\\\/twitter.com\\\/tribur\",\"https:\\\/\\\/www.youtube.com\\\/channel\\\/UCnEonou-x6_P4XPjBk2htCA\"],\"url\":\"https:\\\/\\\/www.tribur.de\\\/blog\\\/author\\\/markus\\\/\"}]}<\/script>\n<!-- \/ Yoast SEO plugin. -->","yoast_head_json":{"title":"Diskussion um ein geplantes Alamannendorf - Tribur.de","robots":{"index":"index","follow":"follow","max-snippet":"max-snippet:-1","max-image-preview":"max-image-preview:large","max-video-preview":"max-video-preview:-1"},"canonical":"https:\/\/www.tribur.de\/blog\/2010\/07\/01\/diskussion-um-ein-geplantes-alamannendorf\/","og_locale":"de_DE","og_type":"article","og_title":"Diskussion um ein geplantes Alamannendorf - Tribur.de","og_description":"Vor 3 Jahren hatte die Holcim Kies und Beton AG bei ihrer Kiesgube in H\u00fcntwangen (Schweiz) \u00a0dem Naturschutz ein 20 Hektar Areal \u00fcberlassen das renaturiert und zu Magerwiesen umgewandelt wurde. Hier, wo schon ein&#46;&#46;&#46;","og_url":"https:\/\/www.tribur.de\/blog\/2010\/07\/01\/diskussion-um-ein-geplantes-alamannendorf\/","og_site_name":"Tribur.de","article_publisher":"http:\/\/www.facebook.com\/pages\/Triburde\/184352328288771","article_author":"http:\/\/www.facebook.com\/pages\/Triburde\/184352328288771","article_published_time":"2010-07-01T11:52:14+00:00","og_image":[{"width":200,"height":200,"url":"https:\/\/i0.wp.com\/www.tribur.de\/blog\/wp-content\/uploads\/2018\/09\/cropped-logotest-2.jpg?fit=200%2C200&ssl=1","type":"image\/jpeg"}],"author":"Markus Zwittmeier","twitter_card":"summary_large_image","twitter_creator":"@https:\/\/twitter.com\/tribur","twitter_site":"@tribur","twitter_misc":{"Verfasst von":"Markus Zwittmeier","Gesch\u00e4tzte Lesezeit":"1\u00a0Minute"},"schema":{"@context":"https:\/\/schema.org","@graph":[{"@type":"Article","@id":"https:\/\/www.tribur.de\/blog\/2010\/07\/01\/diskussion-um-ein-geplantes-alamannendorf\/#article","isPartOf":{"@id":"https:\/\/www.tribur.de\/blog\/2010\/07\/01\/diskussion-um-ein-geplantes-alamannendorf\/"},"author":{"name":"Markus Zwittmeier","@id":"https:\/\/www.tribur.de\/blog\/#\/schema\/person\/3119997f09f43791809c2d1af27bba6c"},"headline":"Diskussion um ein geplantes Alamannendorf","datePublished":"2010-07-01T11:52:14+00:00","mainEntityOfPage":{"@id":"https:\/\/www.tribur.de\/blog\/2010\/07\/01\/diskussion-um-ein-geplantes-alamannendorf\/"},"wordCount":280,"commentCount":1,"publisher":{"@id":"https:\/\/www.tribur.de\/blog\/#\/schema\/person\/3119997f09f43791809c2d1af27bba6c"},"keywords":["Ausstellung","K\u00e4se","Living History","Rekonstruktion"],"articleSection":["Geschichte"],"inLanguage":"de","potentialAction":[{"@type":"CommentAction","name":"Comment","target":["https:\/\/www.tribur.de\/blog\/2010\/07\/01\/diskussion-um-ein-geplantes-alamannendorf\/#respond"]}]},{"@type":"WebPage","@id":"https:\/\/www.tribur.de\/blog\/2010\/07\/01\/diskussion-um-ein-geplantes-alamannendorf\/","url":"https:\/\/www.tribur.de\/blog\/2010\/07\/01\/diskussion-um-ein-geplantes-alamannendorf\/","name":"Diskussion um ein geplantes Alamannendorf - Tribur.de","isPartOf":{"@id":"https:\/\/www.tribur.de\/blog\/#website"},"datePublished":"2010-07-01T11:52:14+00:00","breadcrumb":{"@id":"https:\/\/www.tribur.de\/blog\/2010\/07\/01\/diskussion-um-ein-geplantes-alamannendorf\/#breadcrumb"},"inLanguage":"de","potentialAction":[{"@type":"ReadAction","target":["https:\/\/www.tribur.de\/blog\/2010\/07\/01\/diskussion-um-ein-geplantes-alamannendorf\/"]}]},{"@type":"BreadcrumbList","@id":"https:\/\/www.tribur.de\/blog\/2010\/07\/01\/diskussion-um-ein-geplantes-alamannendorf\/#breadcrumb","itemListElement":[{"@type":"ListItem","position":1,"name":"Home","item":"https:\/\/www.tribur.de\/blog\/"},{"@type":"ListItem","position":2,"name":"Diskussion um ein geplantes Alamannendorf"}]},{"@type":"WebSite","@id":"https:\/\/www.tribur.de\/blog\/#website","url":"https:\/\/www.tribur.de\/blog\/","name":"Tribur.de","description":"Tribur.de - Geschichte und so Zeugs","publisher":{"@id":"https:\/\/www.tribur.de\/blog\/#\/schema\/person\/3119997f09f43791809c2d1af27bba6c"},"potentialAction":[{"@type":"SearchAction","target":{"@type":"EntryPoint","urlTemplate":"https:\/\/www.tribur.de\/blog\/?s={search_term_string}"},"query-input":{"@type":"PropertyValueSpecification","valueRequired":true,"valueName":"search_term_string"}}],"inLanguage":"de"},{"@type":["Person","Organization"],"@id":"https:\/\/www.tribur.de\/blog\/#\/schema\/person\/3119997f09f43791809c2d1af27bba6c","name":"Markus Zwittmeier","image":{"@type":"ImageObject","inLanguage":"de","@id":"https:\/\/i0.wp.com\/www.tribur.de\/blog\/wp-content\/uploads\/2018\/09\/cropped-logotest-4.jpg?fit=200%2C200&ssl=1","url":"https:\/\/i0.wp.com\/www.tribur.de\/blog\/wp-content\/uploads\/2018\/09\/cropped-logotest-4.jpg?fit=200%2C200&ssl=1","contentUrl":"https:\/\/i0.wp.com\/www.tribur.de\/blog\/wp-content\/uploads\/2018\/09\/cropped-logotest-4.jpg?fit=200%2C200&ssl=1","width":200,"height":200,"caption":"Markus Zwittmeier"},"logo":{"@id":"https:\/\/i0.wp.com\/www.tribur.de\/blog\/wp-content\/uploads\/2018\/09\/cropped-logotest-4.jpg?fit=200%2C200&ssl=1"},"sameAs":["http:\/\/www.Tribur.de","http:\/\/www.facebook.com\/pages\/Triburde\/184352328288771","https:\/\/www.instagram.com\/tribur.de\/","https:\/\/x.com\/https:\/\/twitter.com\/tribur","https:\/\/www.youtube.com\/channel\/UCnEonou-x6_P4XPjBk2htCA"],"url":"https:\/\/www.tribur.de\/blog\/author\/markus\/"}]}},"jetpack_publicize_connections":[],"jetpack_featured_media_url":"","jetpack_shortlink":"https:\/\/wp.me\/p1mHPu-1Wx","jetpack_sharing_enabled":true,"_links":{"self":[{"href":"https:\/\/www.tribur.de\/blog\/wp-json\/wp\/v2\/posts\/7473","targetHints":{"allow":["GET"]}}],"collection":[{"href":"https:\/\/www.tribur.de\/blog\/wp-json\/wp\/v2\/posts"}],"about":[{"href":"https:\/\/www.tribur.de\/blog\/wp-json\/wp\/v2\/types\/post"}],"author":[{"embeddable":true,"href":"https:\/\/www.tribur.de\/blog\/wp-json\/wp\/v2\/users\/2"}],"replies":[{"embeddable":true,"href":"https:\/\/www.tribur.de\/blog\/wp-json\/wp\/v2\/comments?post=7473"}],"version-history":[{"count":8,"href":"https:\/\/www.tribur.de\/blog\/wp-json\/wp\/v2\/posts\/7473\/revisions"}],"predecessor-version":[{"id":7494,"href":"https:\/\/www.tribur.de\/blog\/wp-json\/wp\/v2\/posts\/7473\/revisions\/7494"}],"wp:attachment":[{"href":"https:\/\/www.tribur.de\/blog\/wp-json\/wp\/v2\/media?parent=7473"}],"wp:term":[{"taxonomy":"category","embeddable":true,"href":"https:\/\/www.tribur.de\/blog\/wp-json\/wp\/v2\/categories?post=7473"},{"taxonomy":"post_tag","embeddable":true,"href":"https:\/\/www.tribur.de\/blog\/wp-json\/wp\/v2\/tags?post=7473"}],"curies":[{"name":"wp","href":"https:\/\/api.w.org\/{rel}","templated":true}]}}