{"id":6955,"date":"2011-10-12T14:29:46","date_gmt":"2011-10-12T12:29:46","guid":{"rendered":"http:\/\/www.tribur.de\/blog\/?p=6955"},"modified":"2011-10-12T14:29:46","modified_gmt":"2011-10-12T12:29:46","slug":"geschichtsunterricht-in-der-schule","status":"publish","type":"post","link":"https:\/\/www.tribur.de\/blog\/2011\/10\/12\/geschichtsunterricht-in-der-schule\/","title":{"rendered":"Geschichtsunterricht in der Schule"},"content":{"rendered":"<p>Dieser Artikel erwuchs \u00a0aus der Frage, was von meinem Geschichtswissen eigentlich aus meiner Schulzeit stammt. \u00a0\u00a0Man muss dazu wissen, das ich in der Schule zwar Geschichte als Wahlpflichtfach in der 11. Klasse hatte, aber dann als Leistungskurs Kunst und Biologie gew\u00e4hlt habe und inzwischen seit mehr als \u00a015 Jahren\u00a0 aus der Schule bin.<\/p>\n<p>Also hab ich mir Zettel und Stift genommen und mich hingesetzt und aufgeschrieben was vom Fr\u00fchmittelalter und sonst so eindeutig aus der Schulzeit h\u00e4ngen blieb. Bis auf einige Witzchen wegen der Namens\u00e4hnlichkeit einer historischen Pers\u00f6nlichkeit und der eines Lehrers, Drei-Felder-Wirtschaft und Lehnspyramiden\u00a0fiel\u00a0mir aber tats\u00e4chlich nicht viel \u00a0ein.<\/p>\n<p>Nach dem ich schon einige Ans\u00e4tze nahm um dies zu einem Artikel zu verarbeiten und mir einige Informationen besorgt hatte dachte ich, ich frage einfach mal bei anderen nach. Ich wollte jedoch nicht direkt nach dem Gef\u00fchl fragen, das man hat, wenn man an seinen Geschichtsunterricht denkt. Ich wollte nicht klar machen worauf ich hinaus wollte.<br \/>\nVielleicht kann sich der ein oder andere noch an die Fragen erinnern, die ich am am 2.9. stellte. Die Erste war: <em>Woher kommt Euer Interesse an Geschichte<\/em>, Die Zweite lautete: <em>Woher stammt Euer Grundstock an Geschichtsbildung<\/em>.<br \/>\nEs waren zwar nur 18 Personen die die Antworten klickten, aber bei der ersten Frage Antwortete keiner mit &#8222;Schule&#8220; (aber 2 mit Comics!), bei der zweiten Frage waren es immerhin 2 Personen, die die Schule w\u00e4hlten.<\/p>\n<p>Selbst bei nur 18 Personen ist dies kein sonderlich gutes Abschneiden f\u00fcr die Schule, was meine Gedanken best\u00e4tigte. Nun gehe ich mal davon aus das eher geschichtsinteressierte Personen das Blog lesen und vielleicht hat der Ein oder Andere auch beruflich damit zu tun. Kurzum das Ergebnis verwundert und l\u00e4sst die Schule etwas schlecht aussehen.<\/p>\n<p>Doch woran k\u00f6nnte das liegen?<br \/>\nIch wei\u00df nicht wie es sich bei Anderen verh\u00e4lt, wahrscheinlich nicht un\u00e4hnlich. Bei uns war das Aufst\u00f6hnen immer gro\u00df, wenn die Thematik 3. Reich angesprochen wurde. Da fielen S\u00e4tze wie &#8222;Uh, nicht schon wieder&#8220; und &#8222;Immer die gleiche alte Leier&#8220;. Ich kann mich noch erinnern das wir unsere Lehrer einmal fragten ob man nicht auch mal Geschichte von Japan lernen k\u00f6nnte um die Kultur besser zu verstehen, wenn man dorthin mal Gesch\u00e4ftsbeziehungen haben sollte, das wurde aber abgewiesen, weil nicht im Lehrplan.<\/p>\n<p>Kulturelle Zusammenh\u00e4nge und logische Schlu\u00dffolgerungen die sich ergeben, zum Beispiel die Entwicklung von Milit\u00e4r und Architektur auf unterschiedliche Feinde (Als m\u00f6gliche \u00a0Reaktion auf die Awaren werden im Capitulare de Villis die K\u00f6nigshofe dazu verdonnert B\u00f6gen auf Lager zu haben) oder Entwicklungen politischen oder religi\u00f6sen Ursprungs die \u00fcber lange Zeitr\u00e4ume ablaufen (fr\u00e4nkisches Eigenkirchenwesen bis zum Wormser Konkordat) habe ich erst sehr viel sp\u00e4ter, nach der Schule, erkannt. Und erst als ich Zusammenh\u00e4nge selbst erkannte und ein Gef\u00fchl f\u00fcr die Vergangenheit entwickelte, \u00a0fing Geschichte \u00a0f\u00fcr mich\u00a0an richtig\u00a0Spa\u00df zu machen.<\/p>\n<p>Wie bereits gesagt informierte ich mich. Als ich begann f\u00fcr diesen Post zu recherchieren war noch der 2009er Lehrplan in Kraft, der sich aber nicht wesentlich von dem aktuellen f\u00fcr die Jahrgangsstufen 6-13 unterscheidet, den ich mir angesehen habee. Hier ist im kleinste\u00a0aufgegliedert\u00a0 welcher Gestalt, welchem Ereignis des Mittelalters sich der Lehrer zuzuwenden hat, in den\u00a015 bzw. 22 Schulstunden (Je nach G8 od. G9)., wobei ich anmerken muss das Lehrer bei G8 etwas mehr Freiheit in der Gestaltung haben, was aber dem k\u00fcrzeren Zeitraum geschuldet ist. Freiheiten werden dem Lehrer nur geboten wenn er Zeit \u00fcber hatte. Dabei kommt es zu skurrilen\u00a0Konstruktionen. &#8222;F\u00fcrstliche Territorialgewalt&#8220; beginnt erst mit Friedrich II, ein Hinweg vom Ministerialenwesen wird hier ausgeklammert.<br \/>\nDer Merowinger Chlodwig, wird hier noch immer als Chlodowech bezeichnet. Eine Namensform die man heute in keinem modernen Buch mehr findet und Otto der Gro\u00dfe wird auch nur durchgenommen wenn der Lehrer Zeit \u00fcber hat.<\/p>\n<p>Der Lehrplan h\u00e4lt auch einige \u00dcberraschung parat.\u00a0Einen riesen Br\u00fcller finde ich \u00a0dieses Zitat:<\/p>\n<blockquote><p>Besonderes Gewicht sollte darauf gelegt werden, Ausgrabungen, Museen und &#8211; in den Jahrgangs-stufen 9 und 10 &#8211; Archive im Sinne regionalgeschichtlicher Betrachtungsweise in den Unterricht einzubeziehen. Anregungen dazu finden sich in der Spalte &#8222;Hinweise und Erl\u00e4uterungen&#8220;.<\/p><\/blockquote>\n<p>Die Erl\u00e4uterungen lauten dann wie folgt:<\/p>\n<blockquote><p>Exkursion zu einer Pfalz; Wiederholung: Aufl\u00f6sung des r\u00f6m. Reiches; Judentum, Christentum, Islam<br \/>\n\u00dcbung: Quelleninterpretation, Karteninterpretation; Internetrecherche und Einsatz fachspezifischer CD-ROMs<\/p><\/blockquote>\n<p>Ich habe weder eine Grabung noch ein Museeum (ausserhalb von Klassenfahrten) besucht, das auch nur im Hauch mit dem Geschichtsunterricht zu tun hatte. Wir haben aber mal die Hessische Landesbiblithek in Darmstadt besucht, aber das im Rahmen des Deutschunterrichts. Von CD-ROMs in einer Zeit in der die Schule froh war \u00fcberhaupt 286er zu haben und ich zuhause einen 386er und 486er hatte, wollen wir nicht reden.\u00a0 Aber wo wollte man hin und wann sollte man das machen? Zu welcher hessischen, fr\u00fchmittelalterlichen Pfalz wollte man denn? Einen Tagesausflug mit Geschichte? Bei solchen Vorschl\u00e4gen wurde zu unserer Zeit von Lehrern nur gel\u00e4chelt. Kein wichtiges Fach (Mathematik, Englisch, Deutsch&#8230;) h\u00e4tte seine Stunden daf\u00fcr hergegeben. Und auch heute noch erscheinen mir diese Vorstellung nicht\u00a0durchf\u00fchrbar. Zumal es als fr\u00fchmittelalterliche\/karolingische Pfalz nur Frankfurt g\u00e4be und Gelnhausen und Seligenstadt, so sch\u00f6n sie sind, am Thema vorbeirauschen w\u00fcrden. Ich m\u00f6chte einen Kasseler Leher sehen der den Eltern seiner Sch\u00fcler mitteilt das sie Geld rausr\u00fccken sollen, damit die Sch\u00fcler \u00a0in Frankfurt\/Main sich die Mauern auf dem Domh\u00fcgel und das Arch\u00e4ologische Museum ansehen!<\/p>\n<p>Aber zur\u00fcck in die Gegenwart. Immer wieder tauchen im Lehrplan Formulierungen wie<\/p>\n<blockquote><p>Sie (Die Sch\u00fcler) verstehen, dass Glaube und Herrschaftsstrukturen das Leben der Menschen im Mittelalter bestimmten und setzen sich mit der mittelalterlichen Denkweise und der mit ihr verbundenen Weltsicht kontrastierend zu ihrer eigenen auseinander<\/p><\/blockquote>\n<p>Ich halte diese Gegen\u00fcberstellung f\u00fcr ausgemachten Bl\u00f6dsinn. Es ist genau das was Pro7 Galileo gemacht hat, als sie einen Produktionsleiter aus der Papierindustrie Papier sch\u00f6pfen lie\u00dfen oder einem<a href=\"http:\/\/www.prosieben.de\/cm\/2.302\/tv\/galileo\/videos\/clip\/222238-history-now-essen-wie-die-wikinger-1.2916419\/\" target=\"_blank\"> Koch in Haithabu &#8222;Wikinger&#8220;-Essen vorsetzten<\/a>. Es ist am\u00fcsant, es zeigt Unterschiede, hat aber \u00fcberhaupt nichts mit Verstehen zu tun.<br \/>\nIch denke dabei daran wie der Lehrer die Geschichte von Karl dem Gro\u00dfen als &#8222;Sachsenschl\u00e4chter&#8220; erz\u00e4hlt, man vielleicht die Pros und Cons dazu erf\u00e4hrt und sich die Quellen ansieht. Man vergleicht es vielleicht mit der n\u00e4heren Gegenwart und dann? Dann kommt vielleicht noch der Spruch &#8222;Es waren halt andere Zeiten.&#8220; Ja, aber was f\u00fcr Zeiten? Es wird hier kein Verstehen stattfinden.<\/p>\n<p>Das Grundproblem des Geschichtsunterrichts \u00a0in Schulen\u00a0\u00fcberhaupt\u00a0entsteht m.E. bereits bei der Grundauffassung von Geschichte. W\u00e4hrend f\u00fcr mich Geschichte etwas eigenst\u00e4ndiges und hoch komplexes darstellt, ist es in der Schule nur ein &#8222;Hilfsfach&#8220;. \u00a0Geschichtsbewuststein scheint hier nur Nebeneffekt zu sein. Und das wei\u00df auch das Fach\/ das Schulamt, wenn es schreibt:<\/p>\n<blockquote><p>Das Fach Geschichte tr\u00e4gt gemeinsam mit den F\u00e4chern Erdkunde und Sozialkunde zur politischen Bildung bei. Die Besch\u00e4ftigung mit politischen, wirtschaftlichen, gesellschaftlichen und kulturellen Strukturen, Ereignissen und Prozessen der Vergangenheit erm\u00f6glicht die Entwicklung von Geschichtsbewusstsein. Dieses bietet Hilfe zur Standortfindung, Standortbestimmung und Teilhabe am demokratischen und sozialen Rechtsstaat, in der gegenw\u00e4rtigen Gesellschaft und in einer sich schnell ver\u00e4ndernden Welt.<\/p><\/blockquote>\n<p><em>Hessischer Lehrplan, Teil A, 1 Aufgaben und Ziele des Faches Geschichte<\/em><\/p>\n<p>Geschichte ist also kein Fach das \u00fcber Geschichte informieren soll. Auch aktuelle geschichtliche, arch\u00e4ologische Erkenntnisse wird das Fach nicht vermittel und ich denke mal Geschichtslehrer werden auch zugeben m\u00fcssen das sie das gar nicht k\u00f6nnen!<\/p>\n<p>Das letzte Zitat beinhaltet da fast schon alle Probleme. Geschichte wird hier Linear begriffen, die einen Weg beschreibt der unausweichlich zum Nationalsozialismus als gro\u00dfes Finale m\u00fcndet das erstmals direkt in der 10. Klasse und quasi als &#8222;Reprise&#8220; noch einmal in der 12. Klasse erscheint.\u00a0Dies spiegelt sich nat\u00fcrlich auch in den<a href=\"http:\/\/www.kmk.org\/fileadmin\/veroeffentlichungen_beschluesse\/1989\/1989_12_01-EPA-Geschichte.pdf\" target=\"_blank\">\u00a0Abituraufgaben<\/a>\u00a0wieder. Keine Frage das dieses Thema wichtig ist, dass m\u00f6chte ich auch gar nicht in Frage stellen. Nur ist die Frage ob Geschichte als Fach, in dieser dieser Auffassung vermittelt, \u00a0\u00fcberhaupt Verst\u00e4ndnis f\u00fcr eine andere Epoche vermitteln kann?<\/p>\n<p>Vielleicht hatte der bei Adorno habilitierte Ludwig von Friedemann (hess. Kultusminister von 1969-74) recht, als er das Fach Geschichte zugunsten des neuen Fachs Gesellschaftslehre abschaffen wollte. Es h\u00e4tte den Punkt von dem was Geschichte in der Schule heute ist besser getroffen.<\/p>\n<p>Leider habe ich f\u00fcr dieses Problem auch keine L\u00f6sung. Es w\u00e4re aber ein radikales umdenken notwendig, eine andere Form der Wissensvermittlung und ich denke hier nicht an die Unterichtsmaterialien die Knopps &#8222;die Deutschen&#8220; anbietet! (sie dazu den <a href=\"http:\/\/geschichtsunterricht.wordpress.com\/2011\/03\/20\/zdf-serie-die-deutschen-im-geschichtsunterricht\/\" target=\"_blank\">Artikel <\/a>in dem ausgezeichneten Blog zum Thema von Daniel Bernsen). Vielleicht w\u00fcrden LH-Projekte helfen oder mal einen Besuch eines Arch\u00e4ologen oder Historikers.<\/p>\n<p>Wahrscheinlich aber betrifft diese Problematik nicht nur Geschichte, sondern alle Nebenf\u00e4cher.<\/p>\n<p>Zum Abschluss m\u00f6chte ich noch auf eine Klassenarbeit Geschichte 7. Klasse Thema Karl der Gro\u00dfe verweisen, die ich bei <a href=\"http:\/\/www.klassenarbeiten.de\/klassenarbeiten\/klasse7\/geschichte\/klassenarbeit716_karldergrosse.htm\" target=\"_blank\">Klassenarbeiten.de<\/a> fand.<\/p>\n<p>Die letzte Frage des Tests lautet:<\/p>\n<blockquote><p>Lies die Meldung, die am 13. November 2007 in fast allen deutschen Zeitungen zu lesen war. Begr\u00fcnde den Namen des Preises und den Ort der Preisverleihung. Bundeskanzlerein Merkel erh\u00e4lt Karlspreis 2008. Der Internationale Karlspreis der Stadt Aachen geht im n\u00e4chsten Jahr an Bundeskanzlerin Merkel. Sie werde f\u00fcr Ihre Verdienste umd die Weiterentwicklung der Europ\u00e4ischen Union geehrt, teilte die Jury mit (&#8230;) Der Karlspreis wird seit 1950 f\u00fcr besondere Verdienste um die europ\u00e4ische Einigung verliehen.<\/p><\/blockquote>\n<p>Das ist genau das , was ich meine! Mit Geschichte und Karl dem Gro\u00dfen hat das f\u00fcr mich nur am Rande zu tun! Au\u00dferdem bedient sich die Sache sowieso dem altbekannten Problem des<em> Pater Europae<\/em> (Vater Europas), das ein vollkommen anderes Bild Europas des Fr\u00fchmittelalters (christiches, west-r\u00f6misches, Kaisertum und Gottesstaat) \u00a0mit der heutigen EU gleichsetzt und davon zeugt, das hier nur bedingtes Verstehen der historischen Thematik vorliegt. Die richtige Antwort w\u00e4re \u00fcbrigens: <em>Der Preis wurde nach Karl dem Gro\u00dfen benannt, weil er schon damals ein gro\u00dfes einiges Europa haben wollte. Als ein weiteres Zeichen mit der \u00a0Verbundenheit seiner Idee wurde Aachen, als Karls Lieblingpfalz und Todesort gew\u00e4hlt. <\/em>( Das die Gr\u00fcnder des Preises aus Aachen kamen und auch wirtschaftliche Interessen gehabt haben k\u00f6nnten, scheint keine Rolle gespielt zu haben)<\/p>\n","protected":false},"excerpt":{"rendered":"<p>Dieser Artikel erwuchs \u00a0aus der Frage, was von meinem Geschichtswissen eigentlich aus meiner Schulzeit stammt. \u00a0\u00a0Man muss dazu wissen, das ich in der Schule zwar Geschichte als Wahlpflichtfach in der 11. Klasse hatte, aber&#46;&#46;&#46;<\/p>\n","protected":false},"author":2,"featured_media":0,"comment_status":"open","ping_status":"open","sticky":false,"template":"","format":"standard","meta":{"jetpack_post_was_ever_published":false,"_jetpack_newsletter_access":"","_jetpack_dont_email_post_to_subs":false,"_jetpack_newsletter_tier_id":0,"_jetpack_memberships_contains_paywalled_content":false,"_jetpack_memberships_contains_paid_content":false,"footnotes":"","jetpack_publicize_message":"","jetpack_publicize_feature_enabled":true,"jetpack_social_post_already_shared":false,"jetpack_social_options":{"image_generator_settings":{"template":"highway","default_image_id":0,"font":"","enabled":false},"version":2}},"categories":[1,4],"tags":[43,26],"class_list":["post-6955","post","type-post","status-publish","format-standard","hentry","category-geschichte","category-sonstiges","tag-kase","tag-vortrag"],"yoast_head":"<!-- This site is optimized with the Yoast SEO plugin v27.4 - https:\/\/yoast.com\/product\/yoast-seo-wordpress\/ -->\n<title>Geschichtsunterricht in der Schule - Tribur.de<\/title>\n<meta name=\"robots\" content=\"index, follow, max-snippet:-1, max-image-preview:large, max-video-preview:-1\" \/>\n<link rel=\"canonical\" href=\"https:\/\/www.tribur.de\/blog\/2011\/10\/12\/geschichtsunterricht-in-der-schule\/\" \/>\n<meta property=\"og:locale\" content=\"de_DE\" \/>\n<meta property=\"og:type\" content=\"article\" \/>\n<meta property=\"og:title\" content=\"Geschichtsunterricht in der Schule - Tribur.de\" \/>\n<meta property=\"og:description\" content=\"Dieser Artikel erwuchs \u00a0aus der Frage, was von meinem Geschichtswissen eigentlich aus meiner Schulzeit stammt. \u00a0\u00a0Man muss dazu wissen, das ich in der Schule zwar Geschichte als Wahlpflichtfach in der 11. Klasse hatte, aber&#046;&#046;&#046;\" \/>\n<meta property=\"og:url\" content=\"https:\/\/www.tribur.de\/blog\/2011\/10\/12\/geschichtsunterricht-in-der-schule\/\" \/>\n<meta property=\"og:site_name\" content=\"Tribur.de\" \/>\n<meta property=\"article:publisher\" content=\"http:\/\/www.facebook.com\/pages\/Triburde\/184352328288771\" \/>\n<meta property=\"article:author\" content=\"http:\/\/www.facebook.com\/pages\/Triburde\/184352328288771\" \/>\n<meta property=\"article:published_time\" content=\"2011-10-12T12:29:46+00:00\" \/>\n<meta property=\"og:image\" content=\"https:\/\/i0.wp.com\/www.tribur.de\/blog\/wp-content\/uploads\/2018\/09\/cropped-logotest-2.jpg?fit=200%2C200&ssl=1\" \/>\n\t<meta property=\"og:image:width\" content=\"200\" \/>\n\t<meta property=\"og:image:height\" content=\"200\" \/>\n\t<meta property=\"og:image:type\" content=\"image\/jpeg\" \/>\n<meta name=\"author\" content=\"Markus Zwittmeier\" \/>\n<meta name=\"twitter:card\" content=\"summary_large_image\" \/>\n<meta name=\"twitter:creator\" content=\"@https:\/\/twitter.com\/tribur\" \/>\n<meta name=\"twitter:site\" content=\"@tribur\" \/>\n<meta name=\"twitter:label1\" content=\"Verfasst von\" \/>\n\t<meta name=\"twitter:data1\" content=\"Markus Zwittmeier\" \/>\n\t<meta name=\"twitter:label2\" content=\"Gesch\u00e4tzte Lesezeit\" \/>\n\t<meta name=\"twitter:data2\" content=\"9\u00a0Minuten\" \/>\n<script type=\"application\/ld+json\" class=\"yoast-schema-graph\">{\"@context\":\"https:\\\/\\\/schema.org\",\"@graph\":[{\"@type\":\"Article\",\"@id\":\"https:\\\/\\\/www.tribur.de\\\/blog\\\/2011\\\/10\\\/12\\\/geschichtsunterricht-in-der-schule\\\/#article\",\"isPartOf\":{\"@id\":\"https:\\\/\\\/www.tribur.de\\\/blog\\\/2011\\\/10\\\/12\\\/geschichtsunterricht-in-der-schule\\\/\"},\"author\":{\"name\":\"Markus Zwittmeier\",\"@id\":\"https:\\\/\\\/www.tribur.de\\\/blog\\\/#\\\/schema\\\/person\\\/3119997f09f43791809c2d1af27bba6c\"},\"headline\":\"Geschichtsunterricht in der Schule\",\"datePublished\":\"2011-10-12T12:29:46+00:00\",\"mainEntityOfPage\":{\"@id\":\"https:\\\/\\\/www.tribur.de\\\/blog\\\/2011\\\/10\\\/12\\\/geschichtsunterricht-in-der-schule\\\/\"},\"wordCount\":1708,\"commentCount\":9,\"publisher\":{\"@id\":\"https:\\\/\\\/www.tribur.de\\\/blog\\\/#\\\/schema\\\/person\\\/3119997f09f43791809c2d1af27bba6c\"},\"keywords\":[\"K\u00e4se\",\"Vortrag\"],\"articleSection\":[\"Geschichte\",\"Sonstiges\"],\"inLanguage\":\"de\",\"potentialAction\":[{\"@type\":\"CommentAction\",\"name\":\"Comment\",\"target\":[\"https:\\\/\\\/www.tribur.de\\\/blog\\\/2011\\\/10\\\/12\\\/geschichtsunterricht-in-der-schule\\\/#respond\"]}]},{\"@type\":\"WebPage\",\"@id\":\"https:\\\/\\\/www.tribur.de\\\/blog\\\/2011\\\/10\\\/12\\\/geschichtsunterricht-in-der-schule\\\/\",\"url\":\"https:\\\/\\\/www.tribur.de\\\/blog\\\/2011\\\/10\\\/12\\\/geschichtsunterricht-in-der-schule\\\/\",\"name\":\"Geschichtsunterricht in der Schule - Tribur.de\",\"isPartOf\":{\"@id\":\"https:\\\/\\\/www.tribur.de\\\/blog\\\/#website\"},\"datePublished\":\"2011-10-12T12:29:46+00:00\",\"breadcrumb\":{\"@id\":\"https:\\\/\\\/www.tribur.de\\\/blog\\\/2011\\\/10\\\/12\\\/geschichtsunterricht-in-der-schule\\\/#breadcrumb\"},\"inLanguage\":\"de\",\"potentialAction\":[{\"@type\":\"ReadAction\",\"target\":[\"https:\\\/\\\/www.tribur.de\\\/blog\\\/2011\\\/10\\\/12\\\/geschichtsunterricht-in-der-schule\\\/\"]}]},{\"@type\":\"BreadcrumbList\",\"@id\":\"https:\\\/\\\/www.tribur.de\\\/blog\\\/2011\\\/10\\\/12\\\/geschichtsunterricht-in-der-schule\\\/#breadcrumb\",\"itemListElement\":[{\"@type\":\"ListItem\",\"position\":1,\"name\":\"Home\",\"item\":\"https:\\\/\\\/www.tribur.de\\\/blog\\\/\"},{\"@type\":\"ListItem\",\"position\":2,\"name\":\"Geschichtsunterricht in der Schule\"}]},{\"@type\":\"WebSite\",\"@id\":\"https:\\\/\\\/www.tribur.de\\\/blog\\\/#website\",\"url\":\"https:\\\/\\\/www.tribur.de\\\/blog\\\/\",\"name\":\"Tribur.de\",\"description\":\"Tribur.de - Geschichte und so Zeugs\",\"publisher\":{\"@id\":\"https:\\\/\\\/www.tribur.de\\\/blog\\\/#\\\/schema\\\/person\\\/3119997f09f43791809c2d1af27bba6c\"},\"potentialAction\":[{\"@type\":\"SearchAction\",\"target\":{\"@type\":\"EntryPoint\",\"urlTemplate\":\"https:\\\/\\\/www.tribur.de\\\/blog\\\/?s={search_term_string}\"},\"query-input\":{\"@type\":\"PropertyValueSpecification\",\"valueRequired\":true,\"valueName\":\"search_term_string\"}}],\"inLanguage\":\"de\"},{\"@type\":[\"Person\",\"Organization\"],\"@id\":\"https:\\\/\\\/www.tribur.de\\\/blog\\\/#\\\/schema\\\/person\\\/3119997f09f43791809c2d1af27bba6c\",\"name\":\"Markus Zwittmeier\",\"image\":{\"@type\":\"ImageObject\",\"inLanguage\":\"de\",\"@id\":\"https:\\\/\\\/i0.wp.com\\\/www.tribur.de\\\/blog\\\/wp-content\\\/uploads\\\/2018\\\/09\\\/cropped-logotest-4.jpg?fit=200%2C200&ssl=1\",\"url\":\"https:\\\/\\\/i0.wp.com\\\/www.tribur.de\\\/blog\\\/wp-content\\\/uploads\\\/2018\\\/09\\\/cropped-logotest-4.jpg?fit=200%2C200&ssl=1\",\"contentUrl\":\"https:\\\/\\\/i0.wp.com\\\/www.tribur.de\\\/blog\\\/wp-content\\\/uploads\\\/2018\\\/09\\\/cropped-logotest-4.jpg?fit=200%2C200&ssl=1\",\"width\":200,\"height\":200,\"caption\":\"Markus Zwittmeier\"},\"logo\":{\"@id\":\"https:\\\/\\\/i0.wp.com\\\/www.tribur.de\\\/blog\\\/wp-content\\\/uploads\\\/2018\\\/09\\\/cropped-logotest-4.jpg?fit=200%2C200&ssl=1\"},\"sameAs\":[\"http:\\\/\\\/www.Tribur.de\",\"http:\\\/\\\/www.facebook.com\\\/pages\\\/Triburde\\\/184352328288771\",\"https:\\\/\\\/www.instagram.com\\\/tribur.de\\\/\",\"https:\\\/\\\/x.com\\\/https:\\\/\\\/twitter.com\\\/tribur\",\"https:\\\/\\\/www.youtube.com\\\/channel\\\/UCnEonou-x6_P4XPjBk2htCA\"],\"url\":\"https:\\\/\\\/www.tribur.de\\\/blog\\\/author\\\/markus\\\/\"}]}<\/script>\n<!-- \/ Yoast SEO plugin. -->","yoast_head_json":{"title":"Geschichtsunterricht in der Schule - Tribur.de","robots":{"index":"index","follow":"follow","max-snippet":"max-snippet:-1","max-image-preview":"max-image-preview:large","max-video-preview":"max-video-preview:-1"},"canonical":"https:\/\/www.tribur.de\/blog\/2011\/10\/12\/geschichtsunterricht-in-der-schule\/","og_locale":"de_DE","og_type":"article","og_title":"Geschichtsunterricht in der Schule - Tribur.de","og_description":"Dieser Artikel erwuchs \u00a0aus der Frage, was von meinem Geschichtswissen eigentlich aus meiner Schulzeit stammt. \u00a0\u00a0Man muss dazu wissen, das ich in der Schule zwar Geschichte als Wahlpflichtfach in der 11. Klasse hatte, aber&#46;&#46;&#46;","og_url":"https:\/\/www.tribur.de\/blog\/2011\/10\/12\/geschichtsunterricht-in-der-schule\/","og_site_name":"Tribur.de","article_publisher":"http:\/\/www.facebook.com\/pages\/Triburde\/184352328288771","article_author":"http:\/\/www.facebook.com\/pages\/Triburde\/184352328288771","article_published_time":"2011-10-12T12:29:46+00:00","og_image":[{"width":200,"height":200,"url":"https:\/\/i0.wp.com\/www.tribur.de\/blog\/wp-content\/uploads\/2018\/09\/cropped-logotest-2.jpg?fit=200%2C200&ssl=1","type":"image\/jpeg"}],"author":"Markus Zwittmeier","twitter_card":"summary_large_image","twitter_creator":"@https:\/\/twitter.com\/tribur","twitter_site":"@tribur","twitter_misc":{"Verfasst von":"Markus Zwittmeier","Gesch\u00e4tzte Lesezeit":"9\u00a0Minuten"},"schema":{"@context":"https:\/\/schema.org","@graph":[{"@type":"Article","@id":"https:\/\/www.tribur.de\/blog\/2011\/10\/12\/geschichtsunterricht-in-der-schule\/#article","isPartOf":{"@id":"https:\/\/www.tribur.de\/blog\/2011\/10\/12\/geschichtsunterricht-in-der-schule\/"},"author":{"name":"Markus Zwittmeier","@id":"https:\/\/www.tribur.de\/blog\/#\/schema\/person\/3119997f09f43791809c2d1af27bba6c"},"headline":"Geschichtsunterricht in der Schule","datePublished":"2011-10-12T12:29:46+00:00","mainEntityOfPage":{"@id":"https:\/\/www.tribur.de\/blog\/2011\/10\/12\/geschichtsunterricht-in-der-schule\/"},"wordCount":1708,"commentCount":9,"publisher":{"@id":"https:\/\/www.tribur.de\/blog\/#\/schema\/person\/3119997f09f43791809c2d1af27bba6c"},"keywords":["K\u00e4se","Vortrag"],"articleSection":["Geschichte","Sonstiges"],"inLanguage":"de","potentialAction":[{"@type":"CommentAction","name":"Comment","target":["https:\/\/www.tribur.de\/blog\/2011\/10\/12\/geschichtsunterricht-in-der-schule\/#respond"]}]},{"@type":"WebPage","@id":"https:\/\/www.tribur.de\/blog\/2011\/10\/12\/geschichtsunterricht-in-der-schule\/","url":"https:\/\/www.tribur.de\/blog\/2011\/10\/12\/geschichtsunterricht-in-der-schule\/","name":"Geschichtsunterricht in der Schule - Tribur.de","isPartOf":{"@id":"https:\/\/www.tribur.de\/blog\/#website"},"datePublished":"2011-10-12T12:29:46+00:00","breadcrumb":{"@id":"https:\/\/www.tribur.de\/blog\/2011\/10\/12\/geschichtsunterricht-in-der-schule\/#breadcrumb"},"inLanguage":"de","potentialAction":[{"@type":"ReadAction","target":["https:\/\/www.tribur.de\/blog\/2011\/10\/12\/geschichtsunterricht-in-der-schule\/"]}]},{"@type":"BreadcrumbList","@id":"https:\/\/www.tribur.de\/blog\/2011\/10\/12\/geschichtsunterricht-in-der-schule\/#breadcrumb","itemListElement":[{"@type":"ListItem","position":1,"name":"Home","item":"https:\/\/www.tribur.de\/blog\/"},{"@type":"ListItem","position":2,"name":"Geschichtsunterricht in der Schule"}]},{"@type":"WebSite","@id":"https:\/\/www.tribur.de\/blog\/#website","url":"https:\/\/www.tribur.de\/blog\/","name":"Tribur.de","description":"Tribur.de - Geschichte und so Zeugs","publisher":{"@id":"https:\/\/www.tribur.de\/blog\/#\/schema\/person\/3119997f09f43791809c2d1af27bba6c"},"potentialAction":[{"@type":"SearchAction","target":{"@type":"EntryPoint","urlTemplate":"https:\/\/www.tribur.de\/blog\/?s={search_term_string}"},"query-input":{"@type":"PropertyValueSpecification","valueRequired":true,"valueName":"search_term_string"}}],"inLanguage":"de"},{"@type":["Person","Organization"],"@id":"https:\/\/www.tribur.de\/blog\/#\/schema\/person\/3119997f09f43791809c2d1af27bba6c","name":"Markus Zwittmeier","image":{"@type":"ImageObject","inLanguage":"de","@id":"https:\/\/i0.wp.com\/www.tribur.de\/blog\/wp-content\/uploads\/2018\/09\/cropped-logotest-4.jpg?fit=200%2C200&ssl=1","url":"https:\/\/i0.wp.com\/www.tribur.de\/blog\/wp-content\/uploads\/2018\/09\/cropped-logotest-4.jpg?fit=200%2C200&ssl=1","contentUrl":"https:\/\/i0.wp.com\/www.tribur.de\/blog\/wp-content\/uploads\/2018\/09\/cropped-logotest-4.jpg?fit=200%2C200&ssl=1","width":200,"height":200,"caption":"Markus Zwittmeier"},"logo":{"@id":"https:\/\/i0.wp.com\/www.tribur.de\/blog\/wp-content\/uploads\/2018\/09\/cropped-logotest-4.jpg?fit=200%2C200&ssl=1"},"sameAs":["http:\/\/www.Tribur.de","http:\/\/www.facebook.com\/pages\/Triburde\/184352328288771","https:\/\/www.instagram.com\/tribur.de\/","https:\/\/x.com\/https:\/\/twitter.com\/tribur","https:\/\/www.youtube.com\/channel\/UCnEonou-x6_P4XPjBk2htCA"],"url":"https:\/\/www.tribur.de\/blog\/author\/markus\/"}]}},"jetpack_publicize_connections":[],"jetpack_featured_media_url":"","jetpack_shortlink":"https:\/\/wp.me\/p1mHPu-1Ob","jetpack_sharing_enabled":true,"_links":{"self":[{"href":"https:\/\/www.tribur.de\/blog\/wp-json\/wp\/v2\/posts\/6955","targetHints":{"allow":["GET"]}}],"collection":[{"href":"https:\/\/www.tribur.de\/blog\/wp-json\/wp\/v2\/posts"}],"about":[{"href":"https:\/\/www.tribur.de\/blog\/wp-json\/wp\/v2\/types\/post"}],"author":[{"embeddable":true,"href":"https:\/\/www.tribur.de\/blog\/wp-json\/wp\/v2\/users\/2"}],"replies":[{"embeddable":true,"href":"https:\/\/www.tribur.de\/blog\/wp-json\/wp\/v2\/comments?post=6955"}],"version-history":[{"count":61,"href":"https:\/\/www.tribur.de\/blog\/wp-json\/wp\/v2\/posts\/6955\/revisions"}],"predecessor-version":[{"id":17176,"href":"https:\/\/www.tribur.de\/blog\/wp-json\/wp\/v2\/posts\/6955\/revisions\/17176"}],"wp:attachment":[{"href":"https:\/\/www.tribur.de\/blog\/wp-json\/wp\/v2\/media?parent=6955"}],"wp:term":[{"taxonomy":"category","embeddable":true,"href":"https:\/\/www.tribur.de\/blog\/wp-json\/wp\/v2\/categories?post=6955"},{"taxonomy":"post_tag","embeddable":true,"href":"https:\/\/www.tribur.de\/blog\/wp-json\/wp\/v2\/tags?post=6955"}],"curies":[{"name":"wp","href":"https:\/\/api.w.org\/{rel}","templated":true}]}}