{"id":6900,"date":"2010-06-10T14:54:30","date_gmt":"2010-06-10T12:54:30","guid":{"rendered":"http:\/\/www.tribur.de\/blog\/?p=6900"},"modified":"2010-06-11T08:27:22","modified_gmt":"2010-06-11T06:27:22","slug":"eine-ausstellung-fur-karl-den-grosen","status":"publish","type":"post","link":"https:\/\/www.tribur.de\/blog\/2010\/06\/10\/eine-ausstellung-fur-karl-den-grosen\/","title":{"rendered":"Eine Ausstellung f\u00fcr Karl den Gro\u00dfen"},"content":{"rendered":"<p>2014 soll das &#8222;Centre Charlemagne&#8220; in Aachen am Katschhof fertiggestellt sein. Es soll dann, passend zum 1200. Todestag des Karolingers eine Ausstellung \u00fcber ihn zeigen.<br \/>\nDer Katschhof soll sch\u00f6ner gestaltet werden und f\u00fcr den  Kr\u00f6nungssaal soll eine Dokumention \u00fcber die Kaiserpfalz erarbeitet werden.<br \/>\n2 Millionen Euro soll die ganze Geschichte kosten und 100000 Besucher anlocken. H\u00f6rt sich ein bisschen wenig an, wie ich finde&#8230;<br \/>\nAuf jeden Fall scheint man sich einiges vorgenommen zu haben:<\/p>\n<blockquote><p>Die bauliche Gestaltung und das allt\u00e4gliche Treiben in den fr\u00e4nkischen Herrscherresidenzen soll hier im Mittelpunkt stehen, allen voran selbstredend das von Karl zu Lebzeiten stets bevorzugte Ambiente in der Stadt der hei\u00dfen Quellen zu neuem Leben erweckt werden. Denkbar authentische Objektstudien unter freiem Himmel sollen zudem \u00fcber mobile elektronische F\u00fchrer, sogenannte Aixplorer m\u00f6glich sein. Als Foren f\u00fcr Diskussionen und didaktische Aufbereitung b\u00f6ten sich unter anderem die ehemalige Pfarrkirche St. Paul und das mittelalterliche \u00abGrashaus\u00bb an, so die Planer.<\/p><\/blockquote>\n<p><a href=\"http:\/\/www.az-web.de\/news\/kultur-detail-az\/1313719?_link=&amp;skip=&amp;_g=Kaiser-Karls-Hof-erwacht-zu-neuem-Leben.html\" target=\"_blank\">Hier schreibt die AZ<\/a><\/p>\n<p>[Update] <a href=\"http:\/\/www.route-charlemagne.eu\/\" target=\"_blank\">hier ist die Seite der Route Charlemagne<\/a><\/p>\n","protected":false},"excerpt":{"rendered":"<p>2014 soll das &#8222;Centre Charlemagne&#8220; in Aachen am Katschhof fertiggestellt sein. Es soll dann, passend zum 1200. Todestag des Karolingers eine Ausstellung \u00fcber ihn zeigen. Der Katschhof soll sch\u00f6ner gestaltet werden und f\u00fcr den&#46;&#46;&#46;<\/p>\n","protected":false},"author":2,"featured_media":0,"comment_status":"open","ping_status":"open","sticky":false,"template":"","format":"standard","meta":{"jetpack_post_was_ever_published":false,"_jetpack_newsletter_access":"","_jetpack_dont_email_post_to_subs":false,"_jetpack_newsletter_tier_id":0,"_jetpack_memberships_contains_paywalled_content":false,"_jetpack_memberships_contains_paid_content":false,"footnotes":"","jetpack_publicize_message":"","jetpack_publicize_feature_enabled":true,"jetpack_social_post_already_shared":false,"jetpack_social_options":{"image_generator_settings":{"template":"highway","default_image_id":0,"font":"","enabled":false},"version":2}},"categories":[1],"tags":[28,11,32,35],"class_list":["post-6900","post","type-post","status-publish","format-standard","hentry","category-geschichte","tag-ausstellung","tag-fruhmittelalter","tag-karolingisch","tag-pfalz"],"yoast_head":"<!-- This site is optimized with the Yoast SEO plugin v27.5 - https:\/\/yoast.com\/product\/yoast-seo-wordpress\/ -->\n<title>Eine Ausstellung f\u00fcr Karl den Gro\u00dfen - Tribur.de<\/title>\n<meta name=\"robots\" content=\"index, follow, max-snippet:-1, max-image-preview:large, max-video-preview:-1\" \/>\n<link rel=\"canonical\" href=\"https:\/\/www.tribur.de\/blog\/2010\/06\/10\/eine-ausstellung-fur-karl-den-grosen\/\" \/>\n<meta property=\"og:locale\" content=\"de_DE\" \/>\n<meta property=\"og:type\" content=\"article\" \/>\n<meta property=\"og:title\" content=\"Eine Ausstellung f\u00fcr Karl den Gro\u00dfen - Tribur.de\" \/>\n<meta property=\"og:description\" content=\"2014 soll das &#8222;Centre Charlemagne&#8220; in Aachen am Katschhof fertiggestellt sein. Es soll dann, passend zum 1200. Todestag des Karolingers eine Ausstellung \u00fcber ihn zeigen. Der Katschhof soll sch\u00f6ner gestaltet werden und f\u00fcr den&#046;&#046;&#046;\" \/>\n<meta property=\"og:url\" content=\"https:\/\/www.tribur.de\/blog\/2010\/06\/10\/eine-ausstellung-fur-karl-den-grosen\/\" \/>\n<meta property=\"og:site_name\" content=\"Tribur.de\" \/>\n<meta property=\"article:publisher\" content=\"http:\/\/www.facebook.com\/pages\/Triburde\/184352328288771\" \/>\n<meta property=\"article:author\" content=\"http:\/\/www.facebook.com\/pages\/Triburde\/184352328288771\" \/>\n<meta property=\"article:published_time\" content=\"2010-06-10T12:54:30+00:00\" \/>\n<meta property=\"article:modified_time\" content=\"2010-06-11T06:27:22+00:00\" \/>\n<meta property=\"og:image\" content=\"https:\/\/i0.wp.com\/www.tribur.de\/blog\/wp-content\/uploads\/2018\/09\/cropped-logotest-2.jpg?fit=200%2C200&ssl=1\" \/>\n\t<meta property=\"og:image:width\" content=\"200\" \/>\n\t<meta property=\"og:image:height\" content=\"200\" \/>\n\t<meta property=\"og:image:type\" content=\"image\/jpeg\" \/>\n<meta name=\"author\" content=\"Markus Zwittmeier\" \/>\n<meta name=\"twitter:card\" content=\"summary_large_image\" \/>\n<meta name=\"twitter:creator\" content=\"@https:\/\/twitter.com\/tribur\" \/>\n<meta name=\"twitter:site\" content=\"@tribur\" \/>\n<meta name=\"twitter:label1\" content=\"Verfasst von\" \/>\n\t<meta name=\"twitter:data1\" content=\"Markus Zwittmeier\" \/>\n\t<meta name=\"twitter:label2\" content=\"Gesch\u00e4tzte Lesezeit\" \/>\n\t<meta name=\"twitter:data2\" content=\"1\u00a0Minute\" \/>\n<script type=\"application\/ld+json\" class=\"yoast-schema-graph\">{\"@context\":\"https:\\\/\\\/schema.org\",\"@graph\":[{\"@type\":\"Article\",\"@id\":\"https:\\\/\\\/www.tribur.de\\\/blog\\\/2010\\\/06\\\/10\\\/eine-ausstellung-fur-karl-den-grosen\\\/#article\",\"isPartOf\":{\"@id\":\"https:\\\/\\\/www.tribur.de\\\/blog\\\/2010\\\/06\\\/10\\\/eine-ausstellung-fur-karl-den-grosen\\\/\"},\"author\":{\"name\":\"Markus Zwittmeier\",\"@id\":\"https:\\\/\\\/www.tribur.de\\\/blog\\\/#\\\/schema\\\/person\\\/3119997f09f43791809c2d1af27bba6c\"},\"headline\":\"Eine Ausstellung f\u00fcr Karl den Gro\u00dfen\",\"datePublished\":\"2010-06-10T12:54:30+00:00\",\"dateModified\":\"2010-06-11T06:27:22+00:00\",\"mainEntityOfPage\":{\"@id\":\"https:\\\/\\\/www.tribur.de\\\/blog\\\/2010\\\/06\\\/10\\\/eine-ausstellung-fur-karl-den-grosen\\\/\"},\"wordCount\":179,\"commentCount\":3,\"publisher\":{\"@id\":\"https:\\\/\\\/www.tribur.de\\\/blog\\\/#\\\/schema\\\/person\\\/3119997f09f43791809c2d1af27bba6c\"},\"keywords\":[\"Ausstellung\",\"Fr\u00fchmittelalter\",\"karolingisch\",\"Pfalz\"],\"articleSection\":[\"Geschichte\"],\"inLanguage\":\"de\",\"potentialAction\":[{\"@type\":\"CommentAction\",\"name\":\"Comment\",\"target\":[\"https:\\\/\\\/www.tribur.de\\\/blog\\\/2010\\\/06\\\/10\\\/eine-ausstellung-fur-karl-den-grosen\\\/#respond\"]}]},{\"@type\":\"WebPage\",\"@id\":\"https:\\\/\\\/www.tribur.de\\\/blog\\\/2010\\\/06\\\/10\\\/eine-ausstellung-fur-karl-den-grosen\\\/\",\"url\":\"https:\\\/\\\/www.tribur.de\\\/blog\\\/2010\\\/06\\\/10\\\/eine-ausstellung-fur-karl-den-grosen\\\/\",\"name\":\"Eine Ausstellung f\u00fcr Karl den Gro\u00dfen - Tribur.de\",\"isPartOf\":{\"@id\":\"https:\\\/\\\/www.tribur.de\\\/blog\\\/#website\"},\"datePublished\":\"2010-06-10T12:54:30+00:00\",\"dateModified\":\"2010-06-11T06:27:22+00:00\",\"breadcrumb\":{\"@id\":\"https:\\\/\\\/www.tribur.de\\\/blog\\\/2010\\\/06\\\/10\\\/eine-ausstellung-fur-karl-den-grosen\\\/#breadcrumb\"},\"inLanguage\":\"de\",\"potentialAction\":[{\"@type\":\"ReadAction\",\"target\":[\"https:\\\/\\\/www.tribur.de\\\/blog\\\/2010\\\/06\\\/10\\\/eine-ausstellung-fur-karl-den-grosen\\\/\"]}]},{\"@type\":\"BreadcrumbList\",\"@id\":\"https:\\\/\\\/www.tribur.de\\\/blog\\\/2010\\\/06\\\/10\\\/eine-ausstellung-fur-karl-den-grosen\\\/#breadcrumb\",\"itemListElement\":[{\"@type\":\"ListItem\",\"position\":1,\"name\":\"Home\",\"item\":\"https:\\\/\\\/www.tribur.de\\\/blog\\\/\"},{\"@type\":\"ListItem\",\"position\":2,\"name\":\"Eine Ausstellung f\u00fcr Karl den Gro\u00dfen\"}]},{\"@type\":\"WebSite\",\"@id\":\"https:\\\/\\\/www.tribur.de\\\/blog\\\/#website\",\"url\":\"https:\\\/\\\/www.tribur.de\\\/blog\\\/\",\"name\":\"Tribur.de\",\"description\":\"Tribur.de - Geschichte und so Zeugs\",\"publisher\":{\"@id\":\"https:\\\/\\\/www.tribur.de\\\/blog\\\/#\\\/schema\\\/person\\\/3119997f09f43791809c2d1af27bba6c\"},\"potentialAction\":[{\"@type\":\"SearchAction\",\"target\":{\"@type\":\"EntryPoint\",\"urlTemplate\":\"https:\\\/\\\/www.tribur.de\\\/blog\\\/?s={search_term_string}\"},\"query-input\":{\"@type\":\"PropertyValueSpecification\",\"valueRequired\":true,\"valueName\":\"search_term_string\"}}],\"inLanguage\":\"de\"},{\"@type\":[\"Person\",\"Organization\"],\"@id\":\"https:\\\/\\\/www.tribur.de\\\/blog\\\/#\\\/schema\\\/person\\\/3119997f09f43791809c2d1af27bba6c\",\"name\":\"Markus Zwittmeier\",\"image\":{\"@type\":\"ImageObject\",\"inLanguage\":\"de\",\"@id\":\"https:\\\/\\\/i0.wp.com\\\/www.tribur.de\\\/blog\\\/wp-content\\\/uploads\\\/2018\\\/09\\\/cropped-logotest-4.jpg?fit=200%2C200&ssl=1\",\"url\":\"https:\\\/\\\/i0.wp.com\\\/www.tribur.de\\\/blog\\\/wp-content\\\/uploads\\\/2018\\\/09\\\/cropped-logotest-4.jpg?fit=200%2C200&ssl=1\",\"contentUrl\":\"https:\\\/\\\/i0.wp.com\\\/www.tribur.de\\\/blog\\\/wp-content\\\/uploads\\\/2018\\\/09\\\/cropped-logotest-4.jpg?fit=200%2C200&ssl=1\",\"width\":200,\"height\":200,\"caption\":\"Markus Zwittmeier\"},\"logo\":{\"@id\":\"https:\\\/\\\/i0.wp.com\\\/www.tribur.de\\\/blog\\\/wp-content\\\/uploads\\\/2018\\\/09\\\/cropped-logotest-4.jpg?fit=200%2C200&ssl=1\"},\"sameAs\":[\"http:\\\/\\\/www.Tribur.de\",\"http:\\\/\\\/www.facebook.com\\\/pages\\\/Triburde\\\/184352328288771\",\"https:\\\/\\\/www.instagram.com\\\/tribur.de\\\/\",\"https:\\\/\\\/x.com\\\/https:\\\/\\\/twitter.com\\\/tribur\",\"https:\\\/\\\/www.youtube.com\\\/channel\\\/UCnEonou-x6_P4XPjBk2htCA\"],\"url\":\"https:\\\/\\\/www.tribur.de\\\/blog\\\/author\\\/markus\\\/\"}]}<\/script>\n<!-- \/ Yoast SEO plugin. -->","yoast_head_json":{"title":"Eine Ausstellung f\u00fcr Karl den Gro\u00dfen - Tribur.de","robots":{"index":"index","follow":"follow","max-snippet":"max-snippet:-1","max-image-preview":"max-image-preview:large","max-video-preview":"max-video-preview:-1"},"canonical":"https:\/\/www.tribur.de\/blog\/2010\/06\/10\/eine-ausstellung-fur-karl-den-grosen\/","og_locale":"de_DE","og_type":"article","og_title":"Eine Ausstellung f\u00fcr Karl den Gro\u00dfen - Tribur.de","og_description":"2014 soll das &#8222;Centre Charlemagne&#8220; in Aachen am Katschhof fertiggestellt sein. Es soll dann, passend zum 1200. Todestag des Karolingers eine Ausstellung \u00fcber ihn zeigen. Der Katschhof soll sch\u00f6ner gestaltet werden und f\u00fcr den&#46;&#46;&#46;","og_url":"https:\/\/www.tribur.de\/blog\/2010\/06\/10\/eine-ausstellung-fur-karl-den-grosen\/","og_site_name":"Tribur.de","article_publisher":"http:\/\/www.facebook.com\/pages\/Triburde\/184352328288771","article_author":"http:\/\/www.facebook.com\/pages\/Triburde\/184352328288771","article_published_time":"2010-06-10T12:54:30+00:00","article_modified_time":"2010-06-11T06:27:22+00:00","og_image":[{"width":200,"height":200,"url":"https:\/\/i0.wp.com\/www.tribur.de\/blog\/wp-content\/uploads\/2018\/09\/cropped-logotest-2.jpg?fit=200%2C200&ssl=1","type":"image\/jpeg"}],"author":"Markus Zwittmeier","twitter_card":"summary_large_image","twitter_creator":"@https:\/\/twitter.com\/tribur","twitter_site":"@tribur","twitter_misc":{"Verfasst von":"Markus Zwittmeier","Gesch\u00e4tzte Lesezeit":"1\u00a0Minute"},"schema":{"@context":"https:\/\/schema.org","@graph":[{"@type":"Article","@id":"https:\/\/www.tribur.de\/blog\/2010\/06\/10\/eine-ausstellung-fur-karl-den-grosen\/#article","isPartOf":{"@id":"https:\/\/www.tribur.de\/blog\/2010\/06\/10\/eine-ausstellung-fur-karl-den-grosen\/"},"author":{"name":"Markus Zwittmeier","@id":"https:\/\/www.tribur.de\/blog\/#\/schema\/person\/3119997f09f43791809c2d1af27bba6c"},"headline":"Eine Ausstellung f\u00fcr Karl den Gro\u00dfen","datePublished":"2010-06-10T12:54:30+00:00","dateModified":"2010-06-11T06:27:22+00:00","mainEntityOfPage":{"@id":"https:\/\/www.tribur.de\/blog\/2010\/06\/10\/eine-ausstellung-fur-karl-den-grosen\/"},"wordCount":179,"commentCount":3,"publisher":{"@id":"https:\/\/www.tribur.de\/blog\/#\/schema\/person\/3119997f09f43791809c2d1af27bba6c"},"keywords":["Ausstellung","Fr\u00fchmittelalter","karolingisch","Pfalz"],"articleSection":["Geschichte"],"inLanguage":"de","potentialAction":[{"@type":"CommentAction","name":"Comment","target":["https:\/\/www.tribur.de\/blog\/2010\/06\/10\/eine-ausstellung-fur-karl-den-grosen\/#respond"]}]},{"@type":"WebPage","@id":"https:\/\/www.tribur.de\/blog\/2010\/06\/10\/eine-ausstellung-fur-karl-den-grosen\/","url":"https:\/\/www.tribur.de\/blog\/2010\/06\/10\/eine-ausstellung-fur-karl-den-grosen\/","name":"Eine Ausstellung f\u00fcr Karl den Gro\u00dfen - Tribur.de","isPartOf":{"@id":"https:\/\/www.tribur.de\/blog\/#website"},"datePublished":"2010-06-10T12:54:30+00:00","dateModified":"2010-06-11T06:27:22+00:00","breadcrumb":{"@id":"https:\/\/www.tribur.de\/blog\/2010\/06\/10\/eine-ausstellung-fur-karl-den-grosen\/#breadcrumb"},"inLanguage":"de","potentialAction":[{"@type":"ReadAction","target":["https:\/\/www.tribur.de\/blog\/2010\/06\/10\/eine-ausstellung-fur-karl-den-grosen\/"]}]},{"@type":"BreadcrumbList","@id":"https:\/\/www.tribur.de\/blog\/2010\/06\/10\/eine-ausstellung-fur-karl-den-grosen\/#breadcrumb","itemListElement":[{"@type":"ListItem","position":1,"name":"Home","item":"https:\/\/www.tribur.de\/blog\/"},{"@type":"ListItem","position":2,"name":"Eine Ausstellung f\u00fcr Karl den Gro\u00dfen"}]},{"@type":"WebSite","@id":"https:\/\/www.tribur.de\/blog\/#website","url":"https:\/\/www.tribur.de\/blog\/","name":"Tribur.de","description":"Tribur.de - Geschichte und so Zeugs","publisher":{"@id":"https:\/\/www.tribur.de\/blog\/#\/schema\/person\/3119997f09f43791809c2d1af27bba6c"},"potentialAction":[{"@type":"SearchAction","target":{"@type":"EntryPoint","urlTemplate":"https:\/\/www.tribur.de\/blog\/?s={search_term_string}"},"query-input":{"@type":"PropertyValueSpecification","valueRequired":true,"valueName":"search_term_string"}}],"inLanguage":"de"},{"@type":["Person","Organization"],"@id":"https:\/\/www.tribur.de\/blog\/#\/schema\/person\/3119997f09f43791809c2d1af27bba6c","name":"Markus Zwittmeier","image":{"@type":"ImageObject","inLanguage":"de","@id":"https:\/\/i0.wp.com\/www.tribur.de\/blog\/wp-content\/uploads\/2018\/09\/cropped-logotest-4.jpg?fit=200%2C200&ssl=1","url":"https:\/\/i0.wp.com\/www.tribur.de\/blog\/wp-content\/uploads\/2018\/09\/cropped-logotest-4.jpg?fit=200%2C200&ssl=1","contentUrl":"https:\/\/i0.wp.com\/www.tribur.de\/blog\/wp-content\/uploads\/2018\/09\/cropped-logotest-4.jpg?fit=200%2C200&ssl=1","width":200,"height":200,"caption":"Markus Zwittmeier"},"logo":{"@id":"https:\/\/i0.wp.com\/www.tribur.de\/blog\/wp-content\/uploads\/2018\/09\/cropped-logotest-4.jpg?fit=200%2C200&ssl=1"},"sameAs":["http:\/\/www.Tribur.de","http:\/\/www.facebook.com\/pages\/Triburde\/184352328288771","https:\/\/www.instagram.com\/tribur.de\/","https:\/\/x.com\/https:\/\/twitter.com\/tribur","https:\/\/www.youtube.com\/channel\/UCnEonou-x6_P4XPjBk2htCA"],"url":"https:\/\/www.tribur.de\/blog\/author\/markus\/"}]}},"jetpack_publicize_connections":[],"jetpack_featured_media_url":"","jetpack_shortlink":"https:\/\/wp.me\/p1mHPu-1Ni","jetpack_sharing_enabled":true,"_links":{"self":[{"href":"https:\/\/www.tribur.de\/blog\/wp-json\/wp\/v2\/posts\/6900","targetHints":{"allow":["GET"]}}],"collection":[{"href":"https:\/\/www.tribur.de\/blog\/wp-json\/wp\/v2\/posts"}],"about":[{"href":"https:\/\/www.tribur.de\/blog\/wp-json\/wp\/v2\/types\/post"}],"author":[{"embeddable":true,"href":"https:\/\/www.tribur.de\/blog\/wp-json\/wp\/v2\/users\/2"}],"replies":[{"embeddable":true,"href":"https:\/\/www.tribur.de\/blog\/wp-json\/wp\/v2\/comments?post=6900"}],"version-history":[{"count":5,"href":"https:\/\/www.tribur.de\/blog\/wp-json\/wp\/v2\/posts\/6900\/revisions"}],"predecessor-version":[{"id":6914,"href":"https:\/\/www.tribur.de\/blog\/wp-json\/wp\/v2\/posts\/6900\/revisions\/6914"}],"wp:attachment":[{"href":"https:\/\/www.tribur.de\/blog\/wp-json\/wp\/v2\/media?parent=6900"}],"wp:term":[{"taxonomy":"category","embeddable":true,"href":"https:\/\/www.tribur.de\/blog\/wp-json\/wp\/v2\/categories?post=6900"},{"taxonomy":"post_tag","embeddable":true,"href":"https:\/\/www.tribur.de\/blog\/wp-json\/wp\/v2\/tags?post=6900"}],"curies":[{"name":"wp","href":"https:\/\/api.w.org\/{rel}","templated":true}]}}