{"id":6756,"date":"2010-06-02T10:31:20","date_gmt":"2010-06-02T08:31:20","guid":{"rendered":"http:\/\/www.tribur.de\/blog\/?p=6756"},"modified":"2010-06-02T10:31:20","modified_gmt":"2010-06-02T08:31:20","slug":"die-stat-verteidigungslinie-eine-erganzung","status":"publish","type":"post","link":"https:\/\/www.tribur.de\/blog\/2010\/06\/02\/die-stat-verteidigungslinie-eine-erganzung\/","title":{"rendered":"Die Stat-Verteidigungslinie &#8211; Eine Erg\u00e4nzung"},"content":{"rendered":"<p><a href=\"http:\/\/renegadenation.wordpress.com\/\" target=\"_blank\">J\u00f6rg<\/a> hatte hatte schon vor einiger Zeit \u00fcber eine m\u00f6gliche Verteidigungslinie geschrieben und auch <a href=\"http:\/\/renegadenation.wordpress.com\/2009\/11\/23\/die-stat-verteidigungslinie\/\" target=\"_blank\">hier<\/a> dar\u00fcber geblogt. Ich fand die Theorie, die in unserer Region eher selten vorkommenden Ortsnamen die auf -stadt enden, k\u00f6nnten einst eine eine m\u00f6gliche Verteidigungslinie w\u00e4hrend der fr\u00e4nkischen Landnahme gebildet haben, durchaus interessant und habe mir nun Zeit genommen diese nochmal etwas n\u00e4her zu betrachten.<\/p>\n<p>Ich habe J\u00f6rgs Karte dazu noch einmal nachgezeichnet, aber dabei einige Ver\u00e4nderungen eingebaut. Mir erschien es wichtig auch Flu\u00df\/Bachl\u00e4ufe einzuzeichnen die kleiner als als Rhein oder Main sind, da ich die nat\u00fcrlichen Gegebenheiten als wichtiges Schutzelement sehe.<\/p>\n<p style=\"text-align: left;\"><a href=\"https:\/\/i0.wp.com\/www.tribur.de\/blog\/wp-content\/uploads\/2010\/06\/stadtkarte.jpg?ssl=1\"><img data-recalc-dims=\"1\" loading=\"lazy\" decoding=\"async\" class=\"aligncenter size-full wp-image-6758\" title=\"stadtkarte\" src=\"https:\/\/i0.wp.com\/www.tribur.de\/blog\/wp-content\/uploads\/2010\/06\/stadtkarte.jpg?resize=516%2C448&#038;ssl=1\" alt=\"\" width=\"516\" height=\"448\" srcset=\"https:\/\/i0.wp.com\/www.tribur.de\/blog\/wp-content\/uploads\/2010\/06\/stadtkarte.jpg?w=795&amp;ssl=1 795w, https:\/\/i0.wp.com\/www.tribur.de\/blog\/wp-content\/uploads\/2010\/06\/stadtkarte.jpg?resize=300%2C260&amp;ssl=1 300w\" sizes=\"auto, (max-width: 516px) 100vw, 516px\" \/><\/a>Ich habe des weiteren einige Orte eingef\u00fcgt die ich noch durch das LAGIS fand: Stockheim, Stockheim hat keine -stadt Endung aber das Wort Stock im Namen. Wie auch Stockstadt, desen Name ebenso wie Stockstadt am Main mit einem Grenzpfahl in Verbindung gebracht wird.<\/p>\n<p style=\"text-align: left;\">Weiterhin habe ich Kloberstadt eingef\u00fcgt, das im 9. Jahrhundert erstmals erw\u00e4hnt wird. Ebenfalls neu sind Altenstadt, das im heutigen Dieburg aufgegangen ist, sowie Stetteritz. Der Name Stetteritz hat mich etwas verwundert, erinnert er mich doch mehr an Brandenburg als an S\u00fcdhessen. Leider konnte mir das Landesgeschichtliche Informationssystem (LAGIS) keine weiteren Information geben, da hier zur Zeit heftig geupdatet wird. Dennoch habe ich ihn \u00fcbernommen, da er doch sehr an Stadt erinnert. Aus dem selben Grund habe ich auch Niederstettbach eingezeichnet.<\/p>\n<p style=\"text-align: left;\">Gehe ich nun davon aus das diese Orte wirklich einst Verteidigungsanlagen bei der fr\u00e4nkischen Landnahme bildeten, so sehe ich eine erste Linie um die Pfalz Trebur herum. Gebildet von Wallerst\u00e4dten, Stockheim und K\u00f6nigst\u00e4dten, eingefasst vom alten Mainlauf im Norden, der heute noch Wasser f\u00fchrt und als Horlache bekannt ist und einem Altarm bei Wallerst\u00e4dten. Dies w\u00fcrde f\u00fcr einen Vorsto\u00df der Franken von Mainz her sprechen.<\/p>\n<p style=\"text-align: left;\">Ein zweiter Vorsto\u00df k\u00f6nnte dann \u00fcber Frankfurt erfolgt sein bei dem die Besitzungen ausgedehnt wurden.\u00a0 Immer noch bildet Wallerst\u00e4dten den Ausganspunkt, f\u00fchrt \u00fcber Otterstadt nach Weiterstadt und Koberstadt. Zus\u00e4tzlichen Schutz b\u00f6ten die Rodau im Osten und Hengst-\/Gundbach, Apfelbach und M\u00fchlbach.<\/p>\n<p style=\"text-align: left;\">Die n\u00e4chste Vorschubslinie bildet dann die Linie von Stockstadt am Rhein nach Stockstadt am Main, wobei sich die L\u00fccke die J\u00f6rg in seinem Text beschreibt\u00a0 mit Stetteritz und Altenstadt schlie\u00dfen w\u00fcrde. Auch hier sind wieder unterst\u00fctzend B\u00e4che beteiligt: Modau im Westen, wobei diese den Lauf des Altneckar quert und hier nachgewiesen ein gro\u00dfes Sumpfgebiet bildete (kleine L\u00fccke geschlossen) und im Osten durch die Gersprenz unterst\u00fczt.<\/p>\n<p style=\"text-align: left;\">Ob Niederstettbach mit Mixstadt eine weitere Linie bildetet oder Mixstadt zu einem weiteren Schutzverbund um den K\u00f6nigshof Gernsheim geh\u00f6rte lasse ich offen.<\/p>\n<p style=\"text-align: left;\">Diese Theorie ist gewagt, wiederspricht sie doch einigen g\u00e4ngigen Lehrmeinungen, aber das Bild das sich ergibt ist faszinierend. Vielleicht sollte ich mir bei Gelegenheit die Zeit nehmen Arch\u00e4ologischen Fundb\u00fccher des Landes Hessen im Museum Trebur zu Gem\u00fcte f\u00fchren, ob sich hier etwas herauslesen l\u00e4st.<\/p>\n<p style=\"text-align: left;\">\n","protected":false},"excerpt":{"rendered":"<p>J\u00f6rg hatte hatte schon vor einiger Zeit \u00fcber eine m\u00f6gliche Verteidigungslinie geschrieben und auch hier dar\u00fcber geblogt. Ich fand die Theorie, die in unserer Region eher selten vorkommenden Ortsnamen die auf -stadt enden, k\u00f6nnten&#46;&#46;&#46;<\/p>\n","protected":false},"author":2,"featured_media":0,"comment_status":"open","ping_status":"open","sticky":false,"template":"","format":"standard","meta":{"jetpack_post_was_ever_published":false,"_jetpack_newsletter_access":"","_jetpack_dont_email_post_to_subs":false,"_jetpack_newsletter_tier_id":0,"_jetpack_memberships_contains_paywalled_content":false,"_jetpack_memberships_contains_paid_content":false,"footnotes":"","jetpack_publicize_message":"","jetpack_publicize_feature_enabled":true,"jetpack_social_post_already_shared":false,"jetpack_social_options":{"image_generator_settings":{"template":"highway","default_image_id":0,"font":"","enabled":false},"version":2}},"categories":[1],"tags":[11,37,16],"class_list":["post-6756","post","type-post","status-publish","format-standard","hentry","category-geschichte","tag-fruhmittelalter","tag-theorie","tag-trebur"],"yoast_head":"<!-- This site is optimized with the Yoast SEO plugin v27.5 - https:\/\/yoast.com\/product\/yoast-seo-wordpress\/ -->\n<title>Die Stat-Verteidigungslinie - Eine Erg\u00e4nzung - Tribur.de<\/title>\n<meta name=\"robots\" content=\"index, follow, max-snippet:-1, max-image-preview:large, max-video-preview:-1\" \/>\n<link rel=\"canonical\" href=\"https:\/\/www.tribur.de\/blog\/2010\/06\/02\/die-stat-verteidigungslinie-eine-erganzung\/\" \/>\n<meta property=\"og:locale\" content=\"de_DE\" \/>\n<meta property=\"og:type\" content=\"article\" \/>\n<meta property=\"og:title\" content=\"Die Stat-Verteidigungslinie - Eine Erg\u00e4nzung - Tribur.de\" \/>\n<meta property=\"og:description\" content=\"J\u00f6rg hatte hatte schon vor einiger Zeit \u00fcber eine m\u00f6gliche Verteidigungslinie geschrieben und auch hier dar\u00fcber geblogt. Ich fand die Theorie, die in unserer Region eher selten vorkommenden Ortsnamen die auf -stadt enden, k\u00f6nnten&#046;&#046;&#046;\" \/>\n<meta property=\"og:url\" content=\"https:\/\/www.tribur.de\/blog\/2010\/06\/02\/die-stat-verteidigungslinie-eine-erganzung\/\" \/>\n<meta property=\"og:site_name\" content=\"Tribur.de\" \/>\n<meta property=\"article:publisher\" content=\"http:\/\/www.facebook.com\/pages\/Triburde\/184352328288771\" \/>\n<meta property=\"article:author\" content=\"http:\/\/www.facebook.com\/pages\/Triburde\/184352328288771\" \/>\n<meta property=\"article:published_time\" content=\"2010-06-02T08:31:20+00:00\" \/>\n<meta property=\"og:image\" content=\"http:\/\/www.tribur.de\/blog\/wp-content\/uploads\/2010\/06\/stadtkarte.jpg\" \/>\n<meta name=\"author\" content=\"Markus Zwittmeier\" \/>\n<meta name=\"twitter:card\" content=\"summary_large_image\" \/>\n<meta name=\"twitter:creator\" content=\"@https:\/\/twitter.com\/tribur\" \/>\n<meta name=\"twitter:site\" content=\"@tribur\" \/>\n<meta name=\"twitter:label1\" content=\"Verfasst von\" \/>\n\t<meta name=\"twitter:data1\" content=\"Markus Zwittmeier\" \/>\n\t<meta name=\"twitter:label2\" content=\"Gesch\u00e4tzte Lesezeit\" \/>\n\t<meta name=\"twitter:data2\" content=\"3\u00a0Minuten\" \/>\n<script type=\"application\/ld+json\" class=\"yoast-schema-graph\">{\"@context\":\"https:\\\/\\\/schema.org\",\"@graph\":[{\"@type\":\"Article\",\"@id\":\"https:\\\/\\\/www.tribur.de\\\/blog\\\/2010\\\/06\\\/02\\\/die-stat-verteidigungslinie-eine-erganzung\\\/#article\",\"isPartOf\":{\"@id\":\"https:\\\/\\\/www.tribur.de\\\/blog\\\/2010\\\/06\\\/02\\\/die-stat-verteidigungslinie-eine-erganzung\\\/\"},\"author\":{\"name\":\"Markus Zwittmeier\",\"@id\":\"https:\\\/\\\/www.tribur.de\\\/blog\\\/#\\\/schema\\\/person\\\/3119997f09f43791809c2d1af27bba6c\"},\"headline\":\"Die Stat-Verteidigungslinie &#8211; Eine Erg\u00e4nzung\",\"datePublished\":\"2010-06-02T08:31:20+00:00\",\"mainEntityOfPage\":{\"@id\":\"https:\\\/\\\/www.tribur.de\\\/blog\\\/2010\\\/06\\\/02\\\/die-stat-verteidigungslinie-eine-erganzung\\\/\"},\"wordCount\":510,\"commentCount\":2,\"publisher\":{\"@id\":\"https:\\\/\\\/www.tribur.de\\\/blog\\\/#\\\/schema\\\/person\\\/3119997f09f43791809c2d1af27bba6c\"},\"image\":{\"@id\":\"https:\\\/\\\/www.tribur.de\\\/blog\\\/2010\\\/06\\\/02\\\/die-stat-verteidigungslinie-eine-erganzung\\\/#primaryimage\"},\"thumbnailUrl\":\"http:\\\/\\\/www.tribur.de\\\/blog\\\/wp-content\\\/uploads\\\/2010\\\/06\\\/stadtkarte.jpg\",\"keywords\":[\"Fr\u00fchmittelalter\",\"Theorie\",\"Trebur\\\/Tribur\"],\"articleSection\":[\"Geschichte\"],\"inLanguage\":\"de\",\"potentialAction\":[{\"@type\":\"CommentAction\",\"name\":\"Comment\",\"target\":[\"https:\\\/\\\/www.tribur.de\\\/blog\\\/2010\\\/06\\\/02\\\/die-stat-verteidigungslinie-eine-erganzung\\\/#respond\"]}]},{\"@type\":\"WebPage\",\"@id\":\"https:\\\/\\\/www.tribur.de\\\/blog\\\/2010\\\/06\\\/02\\\/die-stat-verteidigungslinie-eine-erganzung\\\/\",\"url\":\"https:\\\/\\\/www.tribur.de\\\/blog\\\/2010\\\/06\\\/02\\\/die-stat-verteidigungslinie-eine-erganzung\\\/\",\"name\":\"Die Stat-Verteidigungslinie - Eine Erg\u00e4nzung - Tribur.de\",\"isPartOf\":{\"@id\":\"https:\\\/\\\/www.tribur.de\\\/blog\\\/#website\"},\"primaryImageOfPage\":{\"@id\":\"https:\\\/\\\/www.tribur.de\\\/blog\\\/2010\\\/06\\\/02\\\/die-stat-verteidigungslinie-eine-erganzung\\\/#primaryimage\"},\"image\":{\"@id\":\"https:\\\/\\\/www.tribur.de\\\/blog\\\/2010\\\/06\\\/02\\\/die-stat-verteidigungslinie-eine-erganzung\\\/#primaryimage\"},\"thumbnailUrl\":\"http:\\\/\\\/www.tribur.de\\\/blog\\\/wp-content\\\/uploads\\\/2010\\\/06\\\/stadtkarte.jpg\",\"datePublished\":\"2010-06-02T08:31:20+00:00\",\"breadcrumb\":{\"@id\":\"https:\\\/\\\/www.tribur.de\\\/blog\\\/2010\\\/06\\\/02\\\/die-stat-verteidigungslinie-eine-erganzung\\\/#breadcrumb\"},\"inLanguage\":\"de\",\"potentialAction\":[{\"@type\":\"ReadAction\",\"target\":[\"https:\\\/\\\/www.tribur.de\\\/blog\\\/2010\\\/06\\\/02\\\/die-stat-verteidigungslinie-eine-erganzung\\\/\"]}]},{\"@type\":\"ImageObject\",\"inLanguage\":\"de\",\"@id\":\"https:\\\/\\\/www.tribur.de\\\/blog\\\/2010\\\/06\\\/02\\\/die-stat-verteidigungslinie-eine-erganzung\\\/#primaryimage\",\"url\":\"https:\\\/\\\/i0.wp.com\\\/www.tribur.de\\\/blog\\\/wp-content\\\/uploads\\\/2010\\\/06\\\/stadtkarte.jpg?fit=795%2C691&ssl=1\",\"contentUrl\":\"https:\\\/\\\/i0.wp.com\\\/www.tribur.de\\\/blog\\\/wp-content\\\/uploads\\\/2010\\\/06\\\/stadtkarte.jpg?fit=795%2C691&ssl=1\",\"width\":\"795\",\"height\":\"691\"},{\"@type\":\"BreadcrumbList\",\"@id\":\"https:\\\/\\\/www.tribur.de\\\/blog\\\/2010\\\/06\\\/02\\\/die-stat-verteidigungslinie-eine-erganzung\\\/#breadcrumb\",\"itemListElement\":[{\"@type\":\"ListItem\",\"position\":1,\"name\":\"Home\",\"item\":\"https:\\\/\\\/www.tribur.de\\\/blog\\\/\"},{\"@type\":\"ListItem\",\"position\":2,\"name\":\"Die Stat-Verteidigungslinie &#8211; Eine Erg\u00e4nzung\"}]},{\"@type\":\"WebSite\",\"@id\":\"https:\\\/\\\/www.tribur.de\\\/blog\\\/#website\",\"url\":\"https:\\\/\\\/www.tribur.de\\\/blog\\\/\",\"name\":\"Tribur.de\",\"description\":\"Tribur.de - Geschichte und so Zeugs\",\"publisher\":{\"@id\":\"https:\\\/\\\/www.tribur.de\\\/blog\\\/#\\\/schema\\\/person\\\/3119997f09f43791809c2d1af27bba6c\"},\"potentialAction\":[{\"@type\":\"SearchAction\",\"target\":{\"@type\":\"EntryPoint\",\"urlTemplate\":\"https:\\\/\\\/www.tribur.de\\\/blog\\\/?s={search_term_string}\"},\"query-input\":{\"@type\":\"PropertyValueSpecification\",\"valueRequired\":true,\"valueName\":\"search_term_string\"}}],\"inLanguage\":\"de\"},{\"@type\":[\"Person\",\"Organization\"],\"@id\":\"https:\\\/\\\/www.tribur.de\\\/blog\\\/#\\\/schema\\\/person\\\/3119997f09f43791809c2d1af27bba6c\",\"name\":\"Markus Zwittmeier\",\"image\":{\"@type\":\"ImageObject\",\"inLanguage\":\"de\",\"@id\":\"https:\\\/\\\/i0.wp.com\\\/www.tribur.de\\\/blog\\\/wp-content\\\/uploads\\\/2018\\\/09\\\/cropped-logotest-4.jpg?fit=200%2C200&ssl=1\",\"url\":\"https:\\\/\\\/i0.wp.com\\\/www.tribur.de\\\/blog\\\/wp-content\\\/uploads\\\/2018\\\/09\\\/cropped-logotest-4.jpg?fit=200%2C200&ssl=1\",\"contentUrl\":\"https:\\\/\\\/i0.wp.com\\\/www.tribur.de\\\/blog\\\/wp-content\\\/uploads\\\/2018\\\/09\\\/cropped-logotest-4.jpg?fit=200%2C200&ssl=1\",\"width\":200,\"height\":200,\"caption\":\"Markus Zwittmeier\"},\"logo\":{\"@id\":\"https:\\\/\\\/i0.wp.com\\\/www.tribur.de\\\/blog\\\/wp-content\\\/uploads\\\/2018\\\/09\\\/cropped-logotest-4.jpg?fit=200%2C200&ssl=1\"},\"sameAs\":[\"http:\\\/\\\/www.Tribur.de\",\"http:\\\/\\\/www.facebook.com\\\/pages\\\/Triburde\\\/184352328288771\",\"https:\\\/\\\/www.instagram.com\\\/tribur.de\\\/\",\"https:\\\/\\\/x.com\\\/https:\\\/\\\/twitter.com\\\/tribur\",\"https:\\\/\\\/www.youtube.com\\\/channel\\\/UCnEonou-x6_P4XPjBk2htCA\"],\"url\":\"https:\\\/\\\/www.tribur.de\\\/blog\\\/author\\\/markus\\\/\"}]}<\/script>\n<!-- \/ Yoast SEO plugin. -->","yoast_head_json":{"title":"Die Stat-Verteidigungslinie - Eine Erg\u00e4nzung - Tribur.de","robots":{"index":"index","follow":"follow","max-snippet":"max-snippet:-1","max-image-preview":"max-image-preview:large","max-video-preview":"max-video-preview:-1"},"canonical":"https:\/\/www.tribur.de\/blog\/2010\/06\/02\/die-stat-verteidigungslinie-eine-erganzung\/","og_locale":"de_DE","og_type":"article","og_title":"Die Stat-Verteidigungslinie - Eine Erg\u00e4nzung - Tribur.de","og_description":"J\u00f6rg hatte hatte schon vor einiger Zeit \u00fcber eine m\u00f6gliche Verteidigungslinie geschrieben und auch hier dar\u00fcber geblogt. Ich fand die Theorie, die in unserer Region eher selten vorkommenden Ortsnamen die auf -stadt enden, k\u00f6nnten&#46;&#46;&#46;","og_url":"https:\/\/www.tribur.de\/blog\/2010\/06\/02\/die-stat-verteidigungslinie-eine-erganzung\/","og_site_name":"Tribur.de","article_publisher":"http:\/\/www.facebook.com\/pages\/Triburde\/184352328288771","article_author":"http:\/\/www.facebook.com\/pages\/Triburde\/184352328288771","article_published_time":"2010-06-02T08:31:20+00:00","og_image":[{"url":"http:\/\/www.tribur.de\/blog\/wp-content\/uploads\/2010\/06\/stadtkarte.jpg","type":"","width":"","height":""}],"author":"Markus Zwittmeier","twitter_card":"summary_large_image","twitter_creator":"@https:\/\/twitter.com\/tribur","twitter_site":"@tribur","twitter_misc":{"Verfasst von":"Markus Zwittmeier","Gesch\u00e4tzte Lesezeit":"3\u00a0Minuten"},"schema":{"@context":"https:\/\/schema.org","@graph":[{"@type":"Article","@id":"https:\/\/www.tribur.de\/blog\/2010\/06\/02\/die-stat-verteidigungslinie-eine-erganzung\/#article","isPartOf":{"@id":"https:\/\/www.tribur.de\/blog\/2010\/06\/02\/die-stat-verteidigungslinie-eine-erganzung\/"},"author":{"name":"Markus Zwittmeier","@id":"https:\/\/www.tribur.de\/blog\/#\/schema\/person\/3119997f09f43791809c2d1af27bba6c"},"headline":"Die Stat-Verteidigungslinie &#8211; Eine Erg\u00e4nzung","datePublished":"2010-06-02T08:31:20+00:00","mainEntityOfPage":{"@id":"https:\/\/www.tribur.de\/blog\/2010\/06\/02\/die-stat-verteidigungslinie-eine-erganzung\/"},"wordCount":510,"commentCount":2,"publisher":{"@id":"https:\/\/www.tribur.de\/blog\/#\/schema\/person\/3119997f09f43791809c2d1af27bba6c"},"image":{"@id":"https:\/\/www.tribur.de\/blog\/2010\/06\/02\/die-stat-verteidigungslinie-eine-erganzung\/#primaryimage"},"thumbnailUrl":"http:\/\/www.tribur.de\/blog\/wp-content\/uploads\/2010\/06\/stadtkarte.jpg","keywords":["Fr\u00fchmittelalter","Theorie","Trebur\/Tribur"],"articleSection":["Geschichte"],"inLanguage":"de","potentialAction":[{"@type":"CommentAction","name":"Comment","target":["https:\/\/www.tribur.de\/blog\/2010\/06\/02\/die-stat-verteidigungslinie-eine-erganzung\/#respond"]}]},{"@type":"WebPage","@id":"https:\/\/www.tribur.de\/blog\/2010\/06\/02\/die-stat-verteidigungslinie-eine-erganzung\/","url":"https:\/\/www.tribur.de\/blog\/2010\/06\/02\/die-stat-verteidigungslinie-eine-erganzung\/","name":"Die Stat-Verteidigungslinie - Eine Erg\u00e4nzung - Tribur.de","isPartOf":{"@id":"https:\/\/www.tribur.de\/blog\/#website"},"primaryImageOfPage":{"@id":"https:\/\/www.tribur.de\/blog\/2010\/06\/02\/die-stat-verteidigungslinie-eine-erganzung\/#primaryimage"},"image":{"@id":"https:\/\/www.tribur.de\/blog\/2010\/06\/02\/die-stat-verteidigungslinie-eine-erganzung\/#primaryimage"},"thumbnailUrl":"http:\/\/www.tribur.de\/blog\/wp-content\/uploads\/2010\/06\/stadtkarte.jpg","datePublished":"2010-06-02T08:31:20+00:00","breadcrumb":{"@id":"https:\/\/www.tribur.de\/blog\/2010\/06\/02\/die-stat-verteidigungslinie-eine-erganzung\/#breadcrumb"},"inLanguage":"de","potentialAction":[{"@type":"ReadAction","target":["https:\/\/www.tribur.de\/blog\/2010\/06\/02\/die-stat-verteidigungslinie-eine-erganzung\/"]}]},{"@type":"ImageObject","inLanguage":"de","@id":"https:\/\/www.tribur.de\/blog\/2010\/06\/02\/die-stat-verteidigungslinie-eine-erganzung\/#primaryimage","url":"https:\/\/i0.wp.com\/www.tribur.de\/blog\/wp-content\/uploads\/2010\/06\/stadtkarte.jpg?fit=795%2C691&ssl=1","contentUrl":"https:\/\/i0.wp.com\/www.tribur.de\/blog\/wp-content\/uploads\/2010\/06\/stadtkarte.jpg?fit=795%2C691&ssl=1","width":"795","height":"691"},{"@type":"BreadcrumbList","@id":"https:\/\/www.tribur.de\/blog\/2010\/06\/02\/die-stat-verteidigungslinie-eine-erganzung\/#breadcrumb","itemListElement":[{"@type":"ListItem","position":1,"name":"Home","item":"https:\/\/www.tribur.de\/blog\/"},{"@type":"ListItem","position":2,"name":"Die Stat-Verteidigungslinie &#8211; Eine Erg\u00e4nzung"}]},{"@type":"WebSite","@id":"https:\/\/www.tribur.de\/blog\/#website","url":"https:\/\/www.tribur.de\/blog\/","name":"Tribur.de","description":"Tribur.de - Geschichte und so Zeugs","publisher":{"@id":"https:\/\/www.tribur.de\/blog\/#\/schema\/person\/3119997f09f43791809c2d1af27bba6c"},"potentialAction":[{"@type":"SearchAction","target":{"@type":"EntryPoint","urlTemplate":"https:\/\/www.tribur.de\/blog\/?s={search_term_string}"},"query-input":{"@type":"PropertyValueSpecification","valueRequired":true,"valueName":"search_term_string"}}],"inLanguage":"de"},{"@type":["Person","Organization"],"@id":"https:\/\/www.tribur.de\/blog\/#\/schema\/person\/3119997f09f43791809c2d1af27bba6c","name":"Markus Zwittmeier","image":{"@type":"ImageObject","inLanguage":"de","@id":"https:\/\/i0.wp.com\/www.tribur.de\/blog\/wp-content\/uploads\/2018\/09\/cropped-logotest-4.jpg?fit=200%2C200&ssl=1","url":"https:\/\/i0.wp.com\/www.tribur.de\/blog\/wp-content\/uploads\/2018\/09\/cropped-logotest-4.jpg?fit=200%2C200&ssl=1","contentUrl":"https:\/\/i0.wp.com\/www.tribur.de\/blog\/wp-content\/uploads\/2018\/09\/cropped-logotest-4.jpg?fit=200%2C200&ssl=1","width":200,"height":200,"caption":"Markus Zwittmeier"},"logo":{"@id":"https:\/\/i0.wp.com\/www.tribur.de\/blog\/wp-content\/uploads\/2018\/09\/cropped-logotest-4.jpg?fit=200%2C200&ssl=1"},"sameAs":["http:\/\/www.Tribur.de","http:\/\/www.facebook.com\/pages\/Triburde\/184352328288771","https:\/\/www.instagram.com\/tribur.de\/","https:\/\/x.com\/https:\/\/twitter.com\/tribur","https:\/\/www.youtube.com\/channel\/UCnEonou-x6_P4XPjBk2htCA"],"url":"https:\/\/www.tribur.de\/blog\/author\/markus\/"}]}},"jetpack_publicize_connections":[],"jetpack_featured_media_url":"","jetpack_shortlink":"https:\/\/wp.me\/p1mHPu-1KY","jetpack_sharing_enabled":true,"_links":{"self":[{"href":"https:\/\/www.tribur.de\/blog\/wp-json\/wp\/v2\/posts\/6756","targetHints":{"allow":["GET"]}}],"collection":[{"href":"https:\/\/www.tribur.de\/blog\/wp-json\/wp\/v2\/posts"}],"about":[{"href":"https:\/\/www.tribur.de\/blog\/wp-json\/wp\/v2\/types\/post"}],"author":[{"embeddable":true,"href":"https:\/\/www.tribur.de\/blog\/wp-json\/wp\/v2\/users\/2"}],"replies":[{"embeddable":true,"href":"https:\/\/www.tribur.de\/blog\/wp-json\/wp\/v2\/comments?post=6756"}],"version-history":[{"count":18,"href":"https:\/\/www.tribur.de\/blog\/wp-json\/wp\/v2\/posts\/6756\/revisions"}],"predecessor-version":[{"id":6790,"href":"https:\/\/www.tribur.de\/blog\/wp-json\/wp\/v2\/posts\/6756\/revisions\/6790"}],"wp:attachment":[{"href":"https:\/\/www.tribur.de\/blog\/wp-json\/wp\/v2\/media?parent=6756"}],"wp:term":[{"taxonomy":"category","embeddable":true,"href":"https:\/\/www.tribur.de\/blog\/wp-json\/wp\/v2\/categories?post=6756"},{"taxonomy":"post_tag","embeddable":true,"href":"https:\/\/www.tribur.de\/blog\/wp-json\/wp\/v2\/tags?post=6756"}],"curies":[{"name":"wp","href":"https:\/\/api.w.org\/{rel}","templated":true}]}}