{"id":6264,"date":"2010-05-01T16:40:28","date_gmt":"2010-05-01T14:40:28","guid":{"rendered":"http:\/\/www.tribur.de\/blog\/?p=6264"},"modified":"2010-05-01T16:40:28","modified_gmt":"2010-05-01T14:40:28","slug":"das-graberfeld-von-kirchheim","status":"publish","type":"post","link":"https:\/\/www.tribur.de\/blog\/2010\/05\/01\/das-graberfeld-von-kirchheim\/","title":{"rendered":"Das Gr\u00e4berfeld von Kirchheim"},"content":{"rendered":"<p>Das Gr\u00e4berfeld von Kirchheim war Thema eines Vortrages in Kirchheim zur Er\u00f6ffnung des Kirchheimer Jubil\u00e4ums Jahres. Das Gr\u00e4berfeld wurde 1970 beim Bau einer Schule entdeckt und bestand aus 170 Gr\u00e4bern, insgesamt betr\u00e4gt die Fundzahl der Gr\u00e4ber 350 St\u00fcck, aus einem Zeitraum vom 5. bis 7. Jahrhundert.<\/p>\n<blockquote><p>Zu den auff\u00e4lligen Grabbeigaben geh\u00f6ren vollst\u00e4ndige Bewaffnungen, aber auch Pferdezaumzeug und andere Reitutensilien als Symbol f\u00fcr einen berittenen Krieger. Mitunter wurden sogar Pferde in der N\u00e4he von Kriegern bestattet. Au\u00dfer diesen eher martialischen Grabbeigaben finden sich aber auch Schmuckst\u00fccke, in einem Fall sogar Schuhe mit Silberschn\u00e4llchen, Tongef\u00e4\u00dfe und diverse christliche Gegenst\u00e4nde. Am auff\u00e4lligsten diesbez\u00fcglich sind die Goldblattkreuze, die manchen Toten auf einem Schleier \u00fcber das Gesicht gelegt wurden.<\/p><\/blockquote>\n<p>Intressant ist das  Dr. Horst Wolfgang B\u00f6hme aus Mainz, emeritierter Professor f\u00fcr Fr\u00fchgeschichte und Mittelalterarch\u00e4ologie an der Philipps-Universit\u00e4t Marburg, der den Vortrag hielt eine neue Theorie formulierte:<\/p>\n<blockquote><p>Bei allen he\u00adrausragenden Bestattungen im Rauner lassen sich Paarbeziehungen zuordnen. Bei einer etwa 50-j\u00e4hrigen Frau dagegen, der B\u00f6hme ein f\u00fcnfj\u00e4hriges M\u00e4dchen mit auffallend reichen Grabbeigaben zuordnete, fehlt der Mann. Er k\u00f6nnte nat\u00fcrlich in der Fremde gestorben sein oder an einer anderen Stelle in Alamannia begraben liegen. Er k\u00f6nnte aber auch \u2013 so die Spekulation des Referenten \u2013 in der heutigen Martinskirche bestattet worden sein: \u201eDort wurde ein knapp 50-j\u00e4hriger Mann in einer sorgf\u00e4ltig aus Stein gebauten Grabkammer zur letzten Ruhe gebettet.\u201c<\/p>\n<p>Sollte diese These richtig sein, w\u00fcrde das bedeuten, dass es unterschiedliche kultische Auffassungen sogar innerhalb einzelner Familien gab. Zum Ausdruck kommen sie darin, dass man sich als Angeh\u00f6riger der Oberschicht zur selben Zeit entweder mit Goldblattkreuz in einem Reihengr\u00e4berfeld bestatten lie\u00df oder in einer Kirche. Das Goldblattkreuz steht f\u00fcr die alamannisch-langobardische Tradition, das Begr\u00e4bnis in einer Kapelle ist ein Zeichen der neuen fr\u00e4nkischen Kultur. \u201eWohl kaum zuf\u00e4llig\u201c, stellt Horst Wolfgang B\u00f6hme in einer Kurzbeschreibung seines Vortrags abschlie\u00dfend fest, \u201ewar dieser erste christliche Sakralbau am Ort, der daher schon bald Kirchheim genannt wurde, dem fr\u00e4nkischen Nationalheiligen Martin geweiht.\u201c<\/p><\/blockquote>\n<p><a href=\"http:\/\/www.teckbote.de\/region\/lokales\/Artikel2075065.cfm\" target=\"_blank\">Den ganzen Artikel gibts beim Teckboten<\/a><\/p>\n","protected":false},"excerpt":{"rendered":"<p>Das Gr\u00e4berfeld von Kirchheim war Thema eines Vortrages in Kirchheim zur Er\u00f6ffnung des Kirchheimer Jubil\u00e4ums Jahres. Das Gr\u00e4berfeld wurde 1970 beim Bau einer Schule entdeckt und bestand aus 170 Gr\u00e4bern, insgesamt betr\u00e4gt die Fundzahl&#46;&#46;&#46;<\/p>\n","protected":false},"author":2,"featured_media":0,"comment_status":"open","ping_status":"open","sticky":false,"template":"","format":"standard","meta":{"jetpack_post_was_ever_published":false,"_jetpack_newsletter_access":"","_jetpack_dont_email_post_to_subs":false,"_jetpack_newsletter_tier_id":0,"_jetpack_memberships_contains_paywalled_content":false,"_jetpack_memberships_contains_paid_content":false,"footnotes":"","jetpack_publicize_message":"","jetpack_publicize_feature_enabled":true,"jetpack_social_post_already_shared":false,"jetpack_social_options":{"image_generator_settings":{"template":"highway","default_image_id":0,"font":"","enabled":false},"version":2}},"categories":[1],"tags":[54,11,51,32,30,37,26],"class_list":["post-6264","post","type-post","status-publish","format-standard","hentry","category-geschichte","tag-archaologie","tag-fruhmittelalter","tag-germanisch","tag-karolingisch","tag-merowingisch","tag-theorie","tag-vortrag"],"yoast_head":"<!-- This site is optimized with the Yoast SEO plugin v27.4 - https:\/\/yoast.com\/product\/yoast-seo-wordpress\/ -->\n<title>Das Gr\u00e4berfeld von Kirchheim - Tribur.de<\/title>\n<meta name=\"robots\" content=\"index, follow, max-snippet:-1, max-image-preview:large, max-video-preview:-1\" \/>\n<link rel=\"canonical\" href=\"https:\/\/www.tribur.de\/blog\/2010\/05\/01\/das-graberfeld-von-kirchheim\/\" \/>\n<meta property=\"og:locale\" content=\"de_DE\" \/>\n<meta property=\"og:type\" content=\"article\" \/>\n<meta property=\"og:title\" content=\"Das Gr\u00e4berfeld von Kirchheim - Tribur.de\" \/>\n<meta property=\"og:description\" content=\"Das Gr\u00e4berfeld von Kirchheim war Thema eines Vortrages in Kirchheim zur Er\u00f6ffnung des Kirchheimer Jubil\u00e4ums Jahres. Das Gr\u00e4berfeld wurde 1970 beim Bau einer Schule entdeckt und bestand aus 170 Gr\u00e4bern, insgesamt betr\u00e4gt die Fundzahl&#046;&#046;&#046;\" \/>\n<meta property=\"og:url\" content=\"https:\/\/www.tribur.de\/blog\/2010\/05\/01\/das-graberfeld-von-kirchheim\/\" \/>\n<meta property=\"og:site_name\" content=\"Tribur.de\" \/>\n<meta property=\"article:publisher\" content=\"http:\/\/www.facebook.com\/pages\/Triburde\/184352328288771\" \/>\n<meta property=\"article:author\" content=\"http:\/\/www.facebook.com\/pages\/Triburde\/184352328288771\" \/>\n<meta property=\"article:published_time\" content=\"2010-05-01T14:40:28+00:00\" \/>\n<meta property=\"og:image\" content=\"https:\/\/i0.wp.com\/www.tribur.de\/blog\/wp-content\/uploads\/2018\/09\/cropped-logotest-2.jpg?fit=200%2C200&ssl=1\" \/>\n\t<meta property=\"og:image:width\" content=\"200\" \/>\n\t<meta property=\"og:image:height\" content=\"200\" \/>\n\t<meta property=\"og:image:type\" content=\"image\/jpeg\" \/>\n<meta name=\"author\" content=\"Markus Zwittmeier\" \/>\n<meta name=\"twitter:card\" content=\"summary_large_image\" \/>\n<meta name=\"twitter:creator\" content=\"@https:\/\/twitter.com\/tribur\" \/>\n<meta name=\"twitter:site\" content=\"@tribur\" \/>\n<meta name=\"twitter:label1\" content=\"Verfasst von\" \/>\n\t<meta name=\"twitter:data1\" content=\"Markus Zwittmeier\" \/>\n\t<meta name=\"twitter:label2\" content=\"Gesch\u00e4tzte Lesezeit\" \/>\n\t<meta name=\"twitter:data2\" content=\"2\u00a0Minuten\" \/>\n<script type=\"application\/ld+json\" class=\"yoast-schema-graph\">{\"@context\":\"https:\\\/\\\/schema.org\",\"@graph\":[{\"@type\":\"Article\",\"@id\":\"https:\\\/\\\/www.tribur.de\\\/blog\\\/2010\\\/05\\\/01\\\/das-graberfeld-von-kirchheim\\\/#article\",\"isPartOf\":{\"@id\":\"https:\\\/\\\/www.tribur.de\\\/blog\\\/2010\\\/05\\\/01\\\/das-graberfeld-von-kirchheim\\\/\"},\"author\":{\"name\":\"Markus Zwittmeier\",\"@id\":\"https:\\\/\\\/www.tribur.de\\\/blog\\\/#\\\/schema\\\/person\\\/3119997f09f43791809c2d1af27bba6c\"},\"headline\":\"Das Gr\u00e4berfeld von Kirchheim\",\"datePublished\":\"2010-05-01T14:40:28+00:00\",\"mainEntityOfPage\":{\"@id\":\"https:\\\/\\\/www.tribur.de\\\/blog\\\/2010\\\/05\\\/01\\\/das-graberfeld-von-kirchheim\\\/\"},\"wordCount\":369,\"commentCount\":0,\"publisher\":{\"@id\":\"https:\\\/\\\/www.tribur.de\\\/blog\\\/#\\\/schema\\\/person\\\/3119997f09f43791809c2d1af27bba6c\"},\"keywords\":[\"Arch\u00e4ologie\",\"Fr\u00fchmittelalter\",\"germanisch\",\"karolingisch\",\"merowingisch\",\"Theorie\",\"Vortrag\"],\"articleSection\":[\"Geschichte\"],\"inLanguage\":\"de\",\"potentialAction\":[{\"@type\":\"CommentAction\",\"name\":\"Comment\",\"target\":[\"https:\\\/\\\/www.tribur.de\\\/blog\\\/2010\\\/05\\\/01\\\/das-graberfeld-von-kirchheim\\\/#respond\"]}]},{\"@type\":\"WebPage\",\"@id\":\"https:\\\/\\\/www.tribur.de\\\/blog\\\/2010\\\/05\\\/01\\\/das-graberfeld-von-kirchheim\\\/\",\"url\":\"https:\\\/\\\/www.tribur.de\\\/blog\\\/2010\\\/05\\\/01\\\/das-graberfeld-von-kirchheim\\\/\",\"name\":\"Das Gr\u00e4berfeld von Kirchheim - Tribur.de\",\"isPartOf\":{\"@id\":\"https:\\\/\\\/www.tribur.de\\\/blog\\\/#website\"},\"datePublished\":\"2010-05-01T14:40:28+00:00\",\"breadcrumb\":{\"@id\":\"https:\\\/\\\/www.tribur.de\\\/blog\\\/2010\\\/05\\\/01\\\/das-graberfeld-von-kirchheim\\\/#breadcrumb\"},\"inLanguage\":\"de\",\"potentialAction\":[{\"@type\":\"ReadAction\",\"target\":[\"https:\\\/\\\/www.tribur.de\\\/blog\\\/2010\\\/05\\\/01\\\/das-graberfeld-von-kirchheim\\\/\"]}]},{\"@type\":\"BreadcrumbList\",\"@id\":\"https:\\\/\\\/www.tribur.de\\\/blog\\\/2010\\\/05\\\/01\\\/das-graberfeld-von-kirchheim\\\/#breadcrumb\",\"itemListElement\":[{\"@type\":\"ListItem\",\"position\":1,\"name\":\"Home\",\"item\":\"https:\\\/\\\/www.tribur.de\\\/blog\\\/\"},{\"@type\":\"ListItem\",\"position\":2,\"name\":\"Das Gr\u00e4berfeld von Kirchheim\"}]},{\"@type\":\"WebSite\",\"@id\":\"https:\\\/\\\/www.tribur.de\\\/blog\\\/#website\",\"url\":\"https:\\\/\\\/www.tribur.de\\\/blog\\\/\",\"name\":\"Tribur.de\",\"description\":\"Tribur.de - Geschichte und so Zeugs\",\"publisher\":{\"@id\":\"https:\\\/\\\/www.tribur.de\\\/blog\\\/#\\\/schema\\\/person\\\/3119997f09f43791809c2d1af27bba6c\"},\"potentialAction\":[{\"@type\":\"SearchAction\",\"target\":{\"@type\":\"EntryPoint\",\"urlTemplate\":\"https:\\\/\\\/www.tribur.de\\\/blog\\\/?s={search_term_string}\"},\"query-input\":{\"@type\":\"PropertyValueSpecification\",\"valueRequired\":true,\"valueName\":\"search_term_string\"}}],\"inLanguage\":\"de\"},{\"@type\":[\"Person\",\"Organization\"],\"@id\":\"https:\\\/\\\/www.tribur.de\\\/blog\\\/#\\\/schema\\\/person\\\/3119997f09f43791809c2d1af27bba6c\",\"name\":\"Markus Zwittmeier\",\"image\":{\"@type\":\"ImageObject\",\"inLanguage\":\"de\",\"@id\":\"https:\\\/\\\/i0.wp.com\\\/www.tribur.de\\\/blog\\\/wp-content\\\/uploads\\\/2018\\\/09\\\/cropped-logotest-4.jpg?fit=200%2C200&ssl=1\",\"url\":\"https:\\\/\\\/i0.wp.com\\\/www.tribur.de\\\/blog\\\/wp-content\\\/uploads\\\/2018\\\/09\\\/cropped-logotest-4.jpg?fit=200%2C200&ssl=1\",\"contentUrl\":\"https:\\\/\\\/i0.wp.com\\\/www.tribur.de\\\/blog\\\/wp-content\\\/uploads\\\/2018\\\/09\\\/cropped-logotest-4.jpg?fit=200%2C200&ssl=1\",\"width\":200,\"height\":200,\"caption\":\"Markus Zwittmeier\"},\"logo\":{\"@id\":\"https:\\\/\\\/i0.wp.com\\\/www.tribur.de\\\/blog\\\/wp-content\\\/uploads\\\/2018\\\/09\\\/cropped-logotest-4.jpg?fit=200%2C200&ssl=1\"},\"sameAs\":[\"http:\\\/\\\/www.Tribur.de\",\"http:\\\/\\\/www.facebook.com\\\/pages\\\/Triburde\\\/184352328288771\",\"https:\\\/\\\/www.instagram.com\\\/tribur.de\\\/\",\"https:\\\/\\\/x.com\\\/https:\\\/\\\/twitter.com\\\/tribur\",\"https:\\\/\\\/www.youtube.com\\\/channel\\\/UCnEonou-x6_P4XPjBk2htCA\"],\"url\":\"https:\\\/\\\/www.tribur.de\\\/blog\\\/author\\\/markus\\\/\"}]}<\/script>\n<!-- \/ Yoast SEO plugin. -->","yoast_head_json":{"title":"Das Gr\u00e4berfeld von Kirchheim - Tribur.de","robots":{"index":"index","follow":"follow","max-snippet":"max-snippet:-1","max-image-preview":"max-image-preview:large","max-video-preview":"max-video-preview:-1"},"canonical":"https:\/\/www.tribur.de\/blog\/2010\/05\/01\/das-graberfeld-von-kirchheim\/","og_locale":"de_DE","og_type":"article","og_title":"Das Gr\u00e4berfeld von Kirchheim - Tribur.de","og_description":"Das Gr\u00e4berfeld von Kirchheim war Thema eines Vortrages in Kirchheim zur Er\u00f6ffnung des Kirchheimer Jubil\u00e4ums Jahres. Das Gr\u00e4berfeld wurde 1970 beim Bau einer Schule entdeckt und bestand aus 170 Gr\u00e4bern, insgesamt betr\u00e4gt die Fundzahl&#46;&#46;&#46;","og_url":"https:\/\/www.tribur.de\/blog\/2010\/05\/01\/das-graberfeld-von-kirchheim\/","og_site_name":"Tribur.de","article_publisher":"http:\/\/www.facebook.com\/pages\/Triburde\/184352328288771","article_author":"http:\/\/www.facebook.com\/pages\/Triburde\/184352328288771","article_published_time":"2010-05-01T14:40:28+00:00","og_image":[{"width":200,"height":200,"url":"https:\/\/i0.wp.com\/www.tribur.de\/blog\/wp-content\/uploads\/2018\/09\/cropped-logotest-2.jpg?fit=200%2C200&ssl=1","type":"image\/jpeg"}],"author":"Markus Zwittmeier","twitter_card":"summary_large_image","twitter_creator":"@https:\/\/twitter.com\/tribur","twitter_site":"@tribur","twitter_misc":{"Verfasst von":"Markus Zwittmeier","Gesch\u00e4tzte Lesezeit":"2\u00a0Minuten"},"schema":{"@context":"https:\/\/schema.org","@graph":[{"@type":"Article","@id":"https:\/\/www.tribur.de\/blog\/2010\/05\/01\/das-graberfeld-von-kirchheim\/#article","isPartOf":{"@id":"https:\/\/www.tribur.de\/blog\/2010\/05\/01\/das-graberfeld-von-kirchheim\/"},"author":{"name":"Markus Zwittmeier","@id":"https:\/\/www.tribur.de\/blog\/#\/schema\/person\/3119997f09f43791809c2d1af27bba6c"},"headline":"Das Gr\u00e4berfeld von Kirchheim","datePublished":"2010-05-01T14:40:28+00:00","mainEntityOfPage":{"@id":"https:\/\/www.tribur.de\/blog\/2010\/05\/01\/das-graberfeld-von-kirchheim\/"},"wordCount":369,"commentCount":0,"publisher":{"@id":"https:\/\/www.tribur.de\/blog\/#\/schema\/person\/3119997f09f43791809c2d1af27bba6c"},"keywords":["Arch\u00e4ologie","Fr\u00fchmittelalter","germanisch","karolingisch","merowingisch","Theorie","Vortrag"],"articleSection":["Geschichte"],"inLanguage":"de","potentialAction":[{"@type":"CommentAction","name":"Comment","target":["https:\/\/www.tribur.de\/blog\/2010\/05\/01\/das-graberfeld-von-kirchheim\/#respond"]}]},{"@type":"WebPage","@id":"https:\/\/www.tribur.de\/blog\/2010\/05\/01\/das-graberfeld-von-kirchheim\/","url":"https:\/\/www.tribur.de\/blog\/2010\/05\/01\/das-graberfeld-von-kirchheim\/","name":"Das Gr\u00e4berfeld von Kirchheim - Tribur.de","isPartOf":{"@id":"https:\/\/www.tribur.de\/blog\/#website"},"datePublished":"2010-05-01T14:40:28+00:00","breadcrumb":{"@id":"https:\/\/www.tribur.de\/blog\/2010\/05\/01\/das-graberfeld-von-kirchheim\/#breadcrumb"},"inLanguage":"de","potentialAction":[{"@type":"ReadAction","target":["https:\/\/www.tribur.de\/blog\/2010\/05\/01\/das-graberfeld-von-kirchheim\/"]}]},{"@type":"BreadcrumbList","@id":"https:\/\/www.tribur.de\/blog\/2010\/05\/01\/das-graberfeld-von-kirchheim\/#breadcrumb","itemListElement":[{"@type":"ListItem","position":1,"name":"Home","item":"https:\/\/www.tribur.de\/blog\/"},{"@type":"ListItem","position":2,"name":"Das Gr\u00e4berfeld von Kirchheim"}]},{"@type":"WebSite","@id":"https:\/\/www.tribur.de\/blog\/#website","url":"https:\/\/www.tribur.de\/blog\/","name":"Tribur.de","description":"Tribur.de - Geschichte und so Zeugs","publisher":{"@id":"https:\/\/www.tribur.de\/blog\/#\/schema\/person\/3119997f09f43791809c2d1af27bba6c"},"potentialAction":[{"@type":"SearchAction","target":{"@type":"EntryPoint","urlTemplate":"https:\/\/www.tribur.de\/blog\/?s={search_term_string}"},"query-input":{"@type":"PropertyValueSpecification","valueRequired":true,"valueName":"search_term_string"}}],"inLanguage":"de"},{"@type":["Person","Organization"],"@id":"https:\/\/www.tribur.de\/blog\/#\/schema\/person\/3119997f09f43791809c2d1af27bba6c","name":"Markus Zwittmeier","image":{"@type":"ImageObject","inLanguage":"de","@id":"https:\/\/i0.wp.com\/www.tribur.de\/blog\/wp-content\/uploads\/2018\/09\/cropped-logotest-4.jpg?fit=200%2C200&ssl=1","url":"https:\/\/i0.wp.com\/www.tribur.de\/blog\/wp-content\/uploads\/2018\/09\/cropped-logotest-4.jpg?fit=200%2C200&ssl=1","contentUrl":"https:\/\/i0.wp.com\/www.tribur.de\/blog\/wp-content\/uploads\/2018\/09\/cropped-logotest-4.jpg?fit=200%2C200&ssl=1","width":200,"height":200,"caption":"Markus Zwittmeier"},"logo":{"@id":"https:\/\/i0.wp.com\/www.tribur.de\/blog\/wp-content\/uploads\/2018\/09\/cropped-logotest-4.jpg?fit=200%2C200&ssl=1"},"sameAs":["http:\/\/www.Tribur.de","http:\/\/www.facebook.com\/pages\/Triburde\/184352328288771","https:\/\/www.instagram.com\/tribur.de\/","https:\/\/x.com\/https:\/\/twitter.com\/tribur","https:\/\/www.youtube.com\/channel\/UCnEonou-x6_P4XPjBk2htCA"],"url":"https:\/\/www.tribur.de\/blog\/author\/markus\/"}]}},"jetpack_publicize_connections":[],"jetpack_featured_media_url":"","jetpack_shortlink":"https:\/\/wp.me\/p1mHPu-1D2","jetpack_sharing_enabled":true,"_links":{"self":[{"href":"https:\/\/www.tribur.de\/blog\/wp-json\/wp\/v2\/posts\/6264","targetHints":{"allow":["GET"]}}],"collection":[{"href":"https:\/\/www.tribur.de\/blog\/wp-json\/wp\/v2\/posts"}],"about":[{"href":"https:\/\/www.tribur.de\/blog\/wp-json\/wp\/v2\/types\/post"}],"author":[{"embeddable":true,"href":"https:\/\/www.tribur.de\/blog\/wp-json\/wp\/v2\/users\/2"}],"replies":[{"embeddable":true,"href":"https:\/\/www.tribur.de\/blog\/wp-json\/wp\/v2\/comments?post=6264"}],"version-history":[{"count":2,"href":"https:\/\/www.tribur.de\/blog\/wp-json\/wp\/v2\/posts\/6264\/revisions"}],"predecessor-version":[{"id":6267,"href":"https:\/\/www.tribur.de\/blog\/wp-json\/wp\/v2\/posts\/6264\/revisions\/6267"}],"wp:attachment":[{"href":"https:\/\/www.tribur.de\/blog\/wp-json\/wp\/v2\/media?parent=6264"}],"wp:term":[{"taxonomy":"category","embeddable":true,"href":"https:\/\/www.tribur.de\/blog\/wp-json\/wp\/v2\/categories?post=6264"},{"taxonomy":"post_tag","embeddable":true,"href":"https:\/\/www.tribur.de\/blog\/wp-json\/wp\/v2\/tags?post=6264"}],"curies":[{"name":"wp","href":"https:\/\/api.w.org\/{rel}","templated":true}]}}