{"id":5538,"date":"2010-03-20T13:45:16","date_gmt":"2010-03-20T12:45:16","guid":{"rendered":"http:\/\/www.tribur.de\/blog\/?p=5538"},"modified":"2010-03-20T17:57:34","modified_gmt":"2010-03-20T16:57:34","slug":"die-curtis-fulda","status":"publish","type":"post","link":"https:\/\/www.tribur.de\/blog\/2010\/03\/20\/die-curtis-fulda\/","title":{"rendered":"Die Curtis Fulda"},"content":{"rendered":"<div id=\"attachment_5546\" style=\"width: 360px\" class=\"wp-caption alignleft\"><a href=\"https:\/\/i0.wp.com\/www.tribur.de\/blog\/wp-content\/uploads\/2010\/03\/Curtis-Fulda.jpg?ssl=1\"><img data-recalc-dims=\"1\" loading=\"lazy\" decoding=\"async\" aria-describedby=\"caption-attachment-5546\" class=\"size-full wp-image-5546\" title=\"Curtis Fulda\" src=\"https:\/\/i0.wp.com\/www.tribur.de\/blog\/wp-content\/uploads\/2010\/03\/Curtis-Fulda.jpg?resize=350%2C284&#038;ssl=1\" alt=\"\" width=\"350\" height=\"284\" srcset=\"https:\/\/i0.wp.com\/www.tribur.de\/blog\/wp-content\/uploads\/2010\/03\/Curtis-Fulda.jpg?w=500&amp;ssl=1 500w, https:\/\/i0.wp.com\/www.tribur.de\/blog\/wp-content\/uploads\/2010\/03\/Curtis-Fulda.jpg?resize=300%2C243&amp;ssl=1 300w\" sizes=\"auto, (max-width: 350px) 100vw, 350px\" \/><\/a><p id=\"caption-attachment-5546\" class=\"wp-caption-text\">Abbildung nach P\u00f6rtner - die Erben Roms und Wamer, Roth - Hessen im Fr\u00fchmittelalter<\/p><\/div>\n<p>Zum Vergleichen mit der Curtis Trebur , gibts heute mal die Curtis Fulda.<\/p>\n<p>Das Gel\u00e4nde, auf der die Curtis Fulda stand, ist heute stark ver\u00e4ndert, der Waidesbach wurde \u00fcberw\u00f6lbt, sein Tal verf\u00fcllt, und nicht zuletzt bestimmt der barocke Dom das Bild.<\/p>\n<p>Die Curtis lag auf einer Prallterasse aus Muschelkalk und ma\u00df etwa 300 mal 200m. Gesch\u00fctzt wurde die oval-gestauchte Anlage durch eine etwa 1m starke Mauer, vor der ein Spitzgraben lag, der etwa 4,25 Breite und 1,40m Tiefe besa\u00df. Ob der ebenfalls gefundene Solgraben mit 6 m Breite und 2,50m Tiefe auch zur Anlage geh\u00f6rte ist nicht bekannt, jedoch nicht auszuschlie\u00dfen.<\/p>\n<p>Innerhalb der Curtis wurden mehrere Geb\u00e4ude gefunden:<br \/>\n<strong>Die drei Zellen<\/strong> &#8211; Die drei Zellen bilden den Rest eines gr\u00f6\u00dferen Geb\u00e4udes. Die Mauern waren 0,7 bis 0,75m stark. Raum I hatte eine Bema\u00dfung von 6m x 4,4 Breite, Raum II war genauso breit und 8m lang, Raum III ebenfalls 4,4m Breite, die L\u00e4nge aber nicht mehr feststellbar. Wegen eines Ziegel Terazzo Bodens hielt man das Geb\u00e4ude bei seiner Entdeckung f\u00fcr r\u00f6misch. Die W\u00e4nde waren mit gegl\u00e4ttetem Putz \u00fcberzogen. In Zele II fand man die Reste einer Heizanlage<br \/>\n<strong>Der Winkelbau<\/strong> -1944 Fand man ein Geb\u00e4ude dessen Hofteil sich zum Winkelbach hin \u00f6ffnete. Seine R\u00e4ume waren zwischen 6m und 9m gro\u00df. Auf einem gut gearbeiteten Estrichboden wurden Reste von Sigilata und Gef\u00e4\u00dfen\u00a0 der Merowingerzeit gefunden, dar\u00fcber wiederum ein Steinplattenboden, der aus der sp\u00e4teren Klosterzeit stammte. Ebenso fand man Brandspuren, s das man festsellen konnte das die merowingischen Geb\u00e4ude niedergebrannzt wurden, wahrscheinlich bei einem Sachseneinfall und nach einer Siedlungsl\u00fccke von etwa 30 Jahren wieder aufgebaut wurden, also 744 zur Gr\u00fcndung des Klosters.<br \/>\n<strong>Der Palastbau<\/strong> &#8211; Der Palastbau wurde 1953 ergraben und hat eine Gr\u00f6\u00dfe von 32,75m L\u00e4nge und 17,65m Breite. Ob er eine Fu\u00dfbodenheizung besa\u00df konnte nicht mehr festgestellt werden, da der gesamte Boden fehlte. Der Hauptteil des Baus ist ein Saal mit einer Gr\u00f6\u00dfe von 18m L\u00e4nge und 8,35 Breite. Ihm vorgelagert befindet sich eine Pergola, gefasst von 2 Rechteckr\u00e4umen.<br \/>\nIn diesem Bau existieren Bauformen der r\u00f6mischen Epoche und bezeugt somit deren Weiterleben in merowingischer und karolingischer Zeit. Erbaut wurde er wahrscheinlich von linksrheinischen Bauleuten. Nach Hahn(1954) <strong>darf man die Curtis Eihloha-Fulda als merowingische Pfalz ansprechen<\/strong><em>.<\/em><br \/>\n<strong>Die vorbonifatianische Kirche<\/strong> -Die Kirche wurde beim Einbau einer Fu\u00dfbodenheizung in den Dom 1977 entdeckt. Der Bau war eine fr\u00e4nkische Saalkirche mit einem schmaleren Altarraum, der um eine Stufe erh\u00f6ht lag. Sie dienet bis zum Bau der Stiftskirche durch Sturmi 744 als Klosterkirche und wurde dann restlos abgebrochen.<\/p>\n","protected":false},"excerpt":{"rendered":"<p>Zum Vergleichen mit der Curtis Trebur , gibts heute mal die Curtis Fulda. Das Gel\u00e4nde, auf der die Curtis Fulda stand, ist heute stark ver\u00e4ndert, der Waidesbach wurde \u00fcberw\u00f6lbt, sein Tal verf\u00fcllt, und nicht&#46;&#46;&#46;<\/p>\n","protected":false},"author":2,"featured_media":0,"comment_status":"open","ping_status":"open","sticky":false,"template":"","format":"standard","meta":{"jetpack_post_was_ever_published":false,"_jetpack_newsletter_access":"","_jetpack_dont_email_post_to_subs":false,"_jetpack_newsletter_tier_id":0,"_jetpack_memberships_contains_paywalled_content":false,"_jetpack_memberships_contains_paid_content":false,"footnotes":"","jetpack_publicize_message":"","jetpack_publicize_feature_enabled":true,"jetpack_social_post_already_shared":false,"jetpack_social_options":{"image_generator_settings":{"template":"highway","default_image_id":0,"font":"","enabled":false},"version":2}},"categories":[1],"tags":[54,61,33,32,30,16],"class_list":["post-5538","post","type-post","status-publish","format-standard","hentry","category-geschichte","tag-archaologie","tag-architektur","tag-ausgrabung","tag-karolingisch","tag-merowingisch","tag-trebur"],"yoast_head":"<!-- This site is optimized with the Yoast SEO plugin v27.5 - https:\/\/yoast.com\/product\/yoast-seo-wordpress\/ -->\n<title>Die Curtis Fulda - Tribur.de<\/title>\n<meta name=\"robots\" content=\"index, follow, max-snippet:-1, max-image-preview:large, max-video-preview:-1\" \/>\n<link rel=\"canonical\" href=\"https:\/\/www.tribur.de\/blog\/2010\/03\/20\/die-curtis-fulda\/\" \/>\n<meta property=\"og:locale\" content=\"de_DE\" \/>\n<meta property=\"og:type\" content=\"article\" \/>\n<meta property=\"og:title\" content=\"Die Curtis Fulda - Tribur.de\" \/>\n<meta property=\"og:description\" content=\"Zum Vergleichen mit der Curtis Trebur , gibts heute mal die Curtis Fulda. Das Gel\u00e4nde, auf der die Curtis Fulda stand, ist heute stark ver\u00e4ndert, der Waidesbach wurde \u00fcberw\u00f6lbt, sein Tal verf\u00fcllt, und nicht&#046;&#046;&#046;\" \/>\n<meta property=\"og:url\" content=\"https:\/\/www.tribur.de\/blog\/2010\/03\/20\/die-curtis-fulda\/\" \/>\n<meta property=\"og:site_name\" content=\"Tribur.de\" \/>\n<meta property=\"article:publisher\" content=\"http:\/\/www.facebook.com\/pages\/Triburde\/184352328288771\" \/>\n<meta property=\"article:author\" content=\"http:\/\/www.facebook.com\/pages\/Triburde\/184352328288771\" \/>\n<meta property=\"article:published_time\" content=\"2010-03-20T12:45:16+00:00\" \/>\n<meta property=\"article:modified_time\" content=\"2010-03-20T16:57:34+00:00\" \/>\n<meta property=\"og:image\" content=\"http:\/\/www.tribur.de\/blog\/wp-content\/uploads\/2010\/03\/Curtis-Fulda.jpg\" \/>\n<meta name=\"author\" content=\"Markus Zwittmeier\" \/>\n<meta name=\"twitter:card\" content=\"summary_large_image\" \/>\n<meta name=\"twitter:creator\" content=\"@https:\/\/twitter.com\/tribur\" \/>\n<meta name=\"twitter:site\" content=\"@tribur\" \/>\n<meta name=\"twitter:label1\" content=\"Verfasst von\" \/>\n\t<meta name=\"twitter:data1\" content=\"Markus Zwittmeier\" \/>\n\t<meta name=\"twitter:label2\" content=\"Gesch\u00e4tzte Lesezeit\" \/>\n\t<meta name=\"twitter:data2\" content=\"2\u00a0Minuten\" \/>\n<script type=\"application\/ld+json\" class=\"yoast-schema-graph\">{\"@context\":\"https:\\\/\\\/schema.org\",\"@graph\":[{\"@type\":\"Article\",\"@id\":\"https:\\\/\\\/www.tribur.de\\\/blog\\\/2010\\\/03\\\/20\\\/die-curtis-fulda\\\/#article\",\"isPartOf\":{\"@id\":\"https:\\\/\\\/www.tribur.de\\\/blog\\\/2010\\\/03\\\/20\\\/die-curtis-fulda\\\/\"},\"author\":{\"name\":\"Markus Zwittmeier\",\"@id\":\"https:\\\/\\\/www.tribur.de\\\/blog\\\/#\\\/schema\\\/person\\\/3119997f09f43791809c2d1af27bba6c\"},\"headline\":\"Die Curtis Fulda\",\"datePublished\":\"2010-03-20T12:45:16+00:00\",\"dateModified\":\"2010-03-20T16:57:34+00:00\",\"mainEntityOfPage\":{\"@id\":\"https:\\\/\\\/www.tribur.de\\\/blog\\\/2010\\\/03\\\/20\\\/die-curtis-fulda\\\/\"},\"wordCount\":461,\"commentCount\":1,\"publisher\":{\"@id\":\"https:\\\/\\\/www.tribur.de\\\/blog\\\/#\\\/schema\\\/person\\\/3119997f09f43791809c2d1af27bba6c\"},\"image\":{\"@id\":\"https:\\\/\\\/www.tribur.de\\\/blog\\\/2010\\\/03\\\/20\\\/die-curtis-fulda\\\/#primaryimage\"},\"thumbnailUrl\":\"http:\\\/\\\/www.tribur.de\\\/blog\\\/wp-content\\\/uploads\\\/2010\\\/03\\\/Curtis-Fulda.jpg\",\"keywords\":[\"Arch\u00e4ologie\",\"Architektur\",\"Ausgrabung\",\"karolingisch\",\"merowingisch\",\"Trebur\\\/Tribur\"],\"articleSection\":[\"Geschichte\"],\"inLanguage\":\"de\",\"potentialAction\":[{\"@type\":\"CommentAction\",\"name\":\"Comment\",\"target\":[\"https:\\\/\\\/www.tribur.de\\\/blog\\\/2010\\\/03\\\/20\\\/die-curtis-fulda\\\/#respond\"]}]},{\"@type\":\"WebPage\",\"@id\":\"https:\\\/\\\/www.tribur.de\\\/blog\\\/2010\\\/03\\\/20\\\/die-curtis-fulda\\\/\",\"url\":\"https:\\\/\\\/www.tribur.de\\\/blog\\\/2010\\\/03\\\/20\\\/die-curtis-fulda\\\/\",\"name\":\"Die Curtis Fulda - Tribur.de\",\"isPartOf\":{\"@id\":\"https:\\\/\\\/www.tribur.de\\\/blog\\\/#website\"},\"primaryImageOfPage\":{\"@id\":\"https:\\\/\\\/www.tribur.de\\\/blog\\\/2010\\\/03\\\/20\\\/die-curtis-fulda\\\/#primaryimage\"},\"image\":{\"@id\":\"https:\\\/\\\/www.tribur.de\\\/blog\\\/2010\\\/03\\\/20\\\/die-curtis-fulda\\\/#primaryimage\"},\"thumbnailUrl\":\"http:\\\/\\\/www.tribur.de\\\/blog\\\/wp-content\\\/uploads\\\/2010\\\/03\\\/Curtis-Fulda.jpg\",\"datePublished\":\"2010-03-20T12:45:16+00:00\",\"dateModified\":\"2010-03-20T16:57:34+00:00\",\"breadcrumb\":{\"@id\":\"https:\\\/\\\/www.tribur.de\\\/blog\\\/2010\\\/03\\\/20\\\/die-curtis-fulda\\\/#breadcrumb\"},\"inLanguage\":\"de\",\"potentialAction\":[{\"@type\":\"ReadAction\",\"target\":[\"https:\\\/\\\/www.tribur.de\\\/blog\\\/2010\\\/03\\\/20\\\/die-curtis-fulda\\\/\"]}]},{\"@type\":\"ImageObject\",\"inLanguage\":\"de\",\"@id\":\"https:\\\/\\\/www.tribur.de\\\/blog\\\/2010\\\/03\\\/20\\\/die-curtis-fulda\\\/#primaryimage\",\"url\":\"https:\\\/\\\/i0.wp.com\\\/www.tribur.de\\\/blog\\\/wp-content\\\/uploads\\\/2010\\\/03\\\/Curtis-Fulda.jpg?fit=500%2C406&ssl=1\",\"contentUrl\":\"https:\\\/\\\/i0.wp.com\\\/www.tribur.de\\\/blog\\\/wp-content\\\/uploads\\\/2010\\\/03\\\/Curtis-Fulda.jpg?fit=500%2C406&ssl=1\",\"width\":\"500\",\"height\":\"406\"},{\"@type\":\"BreadcrumbList\",\"@id\":\"https:\\\/\\\/www.tribur.de\\\/blog\\\/2010\\\/03\\\/20\\\/die-curtis-fulda\\\/#breadcrumb\",\"itemListElement\":[{\"@type\":\"ListItem\",\"position\":1,\"name\":\"Home\",\"item\":\"https:\\\/\\\/www.tribur.de\\\/blog\\\/\"},{\"@type\":\"ListItem\",\"position\":2,\"name\":\"Die Curtis Fulda\"}]},{\"@type\":\"WebSite\",\"@id\":\"https:\\\/\\\/www.tribur.de\\\/blog\\\/#website\",\"url\":\"https:\\\/\\\/www.tribur.de\\\/blog\\\/\",\"name\":\"Tribur.de\",\"description\":\"Tribur.de - Geschichte und so Zeugs\",\"publisher\":{\"@id\":\"https:\\\/\\\/www.tribur.de\\\/blog\\\/#\\\/schema\\\/person\\\/3119997f09f43791809c2d1af27bba6c\"},\"potentialAction\":[{\"@type\":\"SearchAction\",\"target\":{\"@type\":\"EntryPoint\",\"urlTemplate\":\"https:\\\/\\\/www.tribur.de\\\/blog\\\/?s={search_term_string}\"},\"query-input\":{\"@type\":\"PropertyValueSpecification\",\"valueRequired\":true,\"valueName\":\"search_term_string\"}}],\"inLanguage\":\"de\"},{\"@type\":[\"Person\",\"Organization\"],\"@id\":\"https:\\\/\\\/www.tribur.de\\\/blog\\\/#\\\/schema\\\/person\\\/3119997f09f43791809c2d1af27bba6c\",\"name\":\"Markus Zwittmeier\",\"image\":{\"@type\":\"ImageObject\",\"inLanguage\":\"de\",\"@id\":\"https:\\\/\\\/i0.wp.com\\\/www.tribur.de\\\/blog\\\/wp-content\\\/uploads\\\/2018\\\/09\\\/cropped-logotest-4.jpg?fit=200%2C200&ssl=1\",\"url\":\"https:\\\/\\\/i0.wp.com\\\/www.tribur.de\\\/blog\\\/wp-content\\\/uploads\\\/2018\\\/09\\\/cropped-logotest-4.jpg?fit=200%2C200&ssl=1\",\"contentUrl\":\"https:\\\/\\\/i0.wp.com\\\/www.tribur.de\\\/blog\\\/wp-content\\\/uploads\\\/2018\\\/09\\\/cropped-logotest-4.jpg?fit=200%2C200&ssl=1\",\"width\":200,\"height\":200,\"caption\":\"Markus Zwittmeier\"},\"logo\":{\"@id\":\"https:\\\/\\\/i0.wp.com\\\/www.tribur.de\\\/blog\\\/wp-content\\\/uploads\\\/2018\\\/09\\\/cropped-logotest-4.jpg?fit=200%2C200&ssl=1\"},\"sameAs\":[\"http:\\\/\\\/www.Tribur.de\",\"http:\\\/\\\/www.facebook.com\\\/pages\\\/Triburde\\\/184352328288771\",\"https:\\\/\\\/www.instagram.com\\\/tribur.de\\\/\",\"https:\\\/\\\/x.com\\\/https:\\\/\\\/twitter.com\\\/tribur\",\"https:\\\/\\\/www.youtube.com\\\/channel\\\/UCnEonou-x6_P4XPjBk2htCA\"],\"url\":\"https:\\\/\\\/www.tribur.de\\\/blog\\\/author\\\/markus\\\/\"}]}<\/script>\n<!-- \/ Yoast SEO plugin. -->","yoast_head_json":{"title":"Die Curtis Fulda - Tribur.de","robots":{"index":"index","follow":"follow","max-snippet":"max-snippet:-1","max-image-preview":"max-image-preview:large","max-video-preview":"max-video-preview:-1"},"canonical":"https:\/\/www.tribur.de\/blog\/2010\/03\/20\/die-curtis-fulda\/","og_locale":"de_DE","og_type":"article","og_title":"Die Curtis Fulda - Tribur.de","og_description":"Zum Vergleichen mit der Curtis Trebur , gibts heute mal die Curtis Fulda. Das Gel\u00e4nde, auf der die Curtis Fulda stand, ist heute stark ver\u00e4ndert, der Waidesbach wurde \u00fcberw\u00f6lbt, sein Tal verf\u00fcllt, und nicht&#46;&#46;&#46;","og_url":"https:\/\/www.tribur.de\/blog\/2010\/03\/20\/die-curtis-fulda\/","og_site_name":"Tribur.de","article_publisher":"http:\/\/www.facebook.com\/pages\/Triburde\/184352328288771","article_author":"http:\/\/www.facebook.com\/pages\/Triburde\/184352328288771","article_published_time":"2010-03-20T12:45:16+00:00","article_modified_time":"2010-03-20T16:57:34+00:00","og_image":[{"url":"http:\/\/www.tribur.de\/blog\/wp-content\/uploads\/2010\/03\/Curtis-Fulda.jpg","type":"","width":"","height":""}],"author":"Markus Zwittmeier","twitter_card":"summary_large_image","twitter_creator":"@https:\/\/twitter.com\/tribur","twitter_site":"@tribur","twitter_misc":{"Verfasst von":"Markus Zwittmeier","Gesch\u00e4tzte Lesezeit":"2\u00a0Minuten"},"schema":{"@context":"https:\/\/schema.org","@graph":[{"@type":"Article","@id":"https:\/\/www.tribur.de\/blog\/2010\/03\/20\/die-curtis-fulda\/#article","isPartOf":{"@id":"https:\/\/www.tribur.de\/blog\/2010\/03\/20\/die-curtis-fulda\/"},"author":{"name":"Markus Zwittmeier","@id":"https:\/\/www.tribur.de\/blog\/#\/schema\/person\/3119997f09f43791809c2d1af27bba6c"},"headline":"Die Curtis Fulda","datePublished":"2010-03-20T12:45:16+00:00","dateModified":"2010-03-20T16:57:34+00:00","mainEntityOfPage":{"@id":"https:\/\/www.tribur.de\/blog\/2010\/03\/20\/die-curtis-fulda\/"},"wordCount":461,"commentCount":1,"publisher":{"@id":"https:\/\/www.tribur.de\/blog\/#\/schema\/person\/3119997f09f43791809c2d1af27bba6c"},"image":{"@id":"https:\/\/www.tribur.de\/blog\/2010\/03\/20\/die-curtis-fulda\/#primaryimage"},"thumbnailUrl":"http:\/\/www.tribur.de\/blog\/wp-content\/uploads\/2010\/03\/Curtis-Fulda.jpg","keywords":["Arch\u00e4ologie","Architektur","Ausgrabung","karolingisch","merowingisch","Trebur\/Tribur"],"articleSection":["Geschichte"],"inLanguage":"de","potentialAction":[{"@type":"CommentAction","name":"Comment","target":["https:\/\/www.tribur.de\/blog\/2010\/03\/20\/die-curtis-fulda\/#respond"]}]},{"@type":"WebPage","@id":"https:\/\/www.tribur.de\/blog\/2010\/03\/20\/die-curtis-fulda\/","url":"https:\/\/www.tribur.de\/blog\/2010\/03\/20\/die-curtis-fulda\/","name":"Die Curtis Fulda - Tribur.de","isPartOf":{"@id":"https:\/\/www.tribur.de\/blog\/#website"},"primaryImageOfPage":{"@id":"https:\/\/www.tribur.de\/blog\/2010\/03\/20\/die-curtis-fulda\/#primaryimage"},"image":{"@id":"https:\/\/www.tribur.de\/blog\/2010\/03\/20\/die-curtis-fulda\/#primaryimage"},"thumbnailUrl":"http:\/\/www.tribur.de\/blog\/wp-content\/uploads\/2010\/03\/Curtis-Fulda.jpg","datePublished":"2010-03-20T12:45:16+00:00","dateModified":"2010-03-20T16:57:34+00:00","breadcrumb":{"@id":"https:\/\/www.tribur.de\/blog\/2010\/03\/20\/die-curtis-fulda\/#breadcrumb"},"inLanguage":"de","potentialAction":[{"@type":"ReadAction","target":["https:\/\/www.tribur.de\/blog\/2010\/03\/20\/die-curtis-fulda\/"]}]},{"@type":"ImageObject","inLanguage":"de","@id":"https:\/\/www.tribur.de\/blog\/2010\/03\/20\/die-curtis-fulda\/#primaryimage","url":"https:\/\/i0.wp.com\/www.tribur.de\/blog\/wp-content\/uploads\/2010\/03\/Curtis-Fulda.jpg?fit=500%2C406&ssl=1","contentUrl":"https:\/\/i0.wp.com\/www.tribur.de\/blog\/wp-content\/uploads\/2010\/03\/Curtis-Fulda.jpg?fit=500%2C406&ssl=1","width":"500","height":"406"},{"@type":"BreadcrumbList","@id":"https:\/\/www.tribur.de\/blog\/2010\/03\/20\/die-curtis-fulda\/#breadcrumb","itemListElement":[{"@type":"ListItem","position":1,"name":"Home","item":"https:\/\/www.tribur.de\/blog\/"},{"@type":"ListItem","position":2,"name":"Die Curtis Fulda"}]},{"@type":"WebSite","@id":"https:\/\/www.tribur.de\/blog\/#website","url":"https:\/\/www.tribur.de\/blog\/","name":"Tribur.de","description":"Tribur.de - Geschichte und so Zeugs","publisher":{"@id":"https:\/\/www.tribur.de\/blog\/#\/schema\/person\/3119997f09f43791809c2d1af27bba6c"},"potentialAction":[{"@type":"SearchAction","target":{"@type":"EntryPoint","urlTemplate":"https:\/\/www.tribur.de\/blog\/?s={search_term_string}"},"query-input":{"@type":"PropertyValueSpecification","valueRequired":true,"valueName":"search_term_string"}}],"inLanguage":"de"},{"@type":["Person","Organization"],"@id":"https:\/\/www.tribur.de\/blog\/#\/schema\/person\/3119997f09f43791809c2d1af27bba6c","name":"Markus Zwittmeier","image":{"@type":"ImageObject","inLanguage":"de","@id":"https:\/\/i0.wp.com\/www.tribur.de\/blog\/wp-content\/uploads\/2018\/09\/cropped-logotest-4.jpg?fit=200%2C200&ssl=1","url":"https:\/\/i0.wp.com\/www.tribur.de\/blog\/wp-content\/uploads\/2018\/09\/cropped-logotest-4.jpg?fit=200%2C200&ssl=1","contentUrl":"https:\/\/i0.wp.com\/www.tribur.de\/blog\/wp-content\/uploads\/2018\/09\/cropped-logotest-4.jpg?fit=200%2C200&ssl=1","width":200,"height":200,"caption":"Markus Zwittmeier"},"logo":{"@id":"https:\/\/i0.wp.com\/www.tribur.de\/blog\/wp-content\/uploads\/2018\/09\/cropped-logotest-4.jpg?fit=200%2C200&ssl=1"},"sameAs":["http:\/\/www.Tribur.de","http:\/\/www.facebook.com\/pages\/Triburde\/184352328288771","https:\/\/www.instagram.com\/tribur.de\/","https:\/\/x.com\/https:\/\/twitter.com\/tribur","https:\/\/www.youtube.com\/channel\/UCnEonou-x6_P4XPjBk2htCA"],"url":"https:\/\/www.tribur.de\/blog\/author\/markus\/"}]}},"jetpack_publicize_connections":[],"jetpack_featured_media_url":"","jetpack_shortlink":"https:\/\/wp.me\/p1mHPu-1rk","jetpack_sharing_enabled":true,"_links":{"self":[{"href":"https:\/\/www.tribur.de\/blog\/wp-json\/wp\/v2\/posts\/5538","targetHints":{"allow":["GET"]}}],"collection":[{"href":"https:\/\/www.tribur.de\/blog\/wp-json\/wp\/v2\/posts"}],"about":[{"href":"https:\/\/www.tribur.de\/blog\/wp-json\/wp\/v2\/types\/post"}],"author":[{"embeddable":true,"href":"https:\/\/www.tribur.de\/blog\/wp-json\/wp\/v2\/users\/2"}],"replies":[{"embeddable":true,"href":"https:\/\/www.tribur.de\/blog\/wp-json\/wp\/v2\/comments?post=5538"}],"version-history":[{"count":19,"href":"https:\/\/www.tribur.de\/blog\/wp-json\/wp\/v2\/posts\/5538\/revisions"}],"predecessor-version":[{"id":5557,"href":"https:\/\/www.tribur.de\/blog\/wp-json\/wp\/v2\/posts\/5538\/revisions\/5557"}],"wp:attachment":[{"href":"https:\/\/www.tribur.de\/blog\/wp-json\/wp\/v2\/media?parent=5538"}],"wp:term":[{"taxonomy":"category","embeddable":true,"href":"https:\/\/www.tribur.de\/blog\/wp-json\/wp\/v2\/categories?post=5538"},{"taxonomy":"post_tag","embeddable":true,"href":"https:\/\/www.tribur.de\/blog\/wp-json\/wp\/v2\/tags?post=5538"}],"curies":[{"name":"wp","href":"https:\/\/api.w.org\/{rel}","templated":true}]}}