{"id":5505,"date":"2010-03-18T11:51:39","date_gmt":"2010-03-18T10:51:39","guid":{"rendered":"http:\/\/www.tribur.de\/blog\/?p=5505"},"modified":"2010-03-18T11:51:39","modified_gmt":"2010-03-18T10:51:39","slug":"furstengrab-von-gommern-kehrt-noch-einmal-zuruck","status":"publish","type":"post","link":"https:\/\/www.tribur.de\/blog\/2010\/03\/18\/furstengrab-von-gommern-kehrt-noch-einmal-zuruck\/","title":{"rendered":"F\u00fcrstengrab von Gommern kehrt noch einmal zur\u00fcck"},"content":{"rendered":"<p>Vor fast 20 Jahren wurde bei Gommern das Grab eines knapp 30 j\u00e4hrigen Germanen gefunden, der hier mit r\u00f6mischen mM\u00fcnzen, Prunkschild und allem Pipapo bestatt wurde. Nun hat man Replinken angefertigt, die in der \u00f6rtlichen Sparkasse zu sehen sein werden.<\/p>\n<p>Ich find es immer leidig das sowas in einem kleinen Ort in Ermangelung eines Geb\u00e4udes mit anst\u00e4ndiger Alarmanlage die Austellungen immer in Sparkasse stattfinden. Die Dinger haben \u00d6ffnungszeit zu denen kein normaler Mensch hinkommt!<\/p>\n<blockquote><p>Als weitere Beigaben nennen die Experten zwei goldene Fibeln ( Gewandschlie\u00dfen  ), einen goldenen Hals- und ein Fingerring, eine Goldm\u00fcnze des r\u00f6mischen Kaisers  Trajan sowie f\u00fcnf r\u00f6mische Denare, Gef\u00e4\u00dfe aus Silber, Bronze, Glas und Holz,  unter anderem silberne Pfeilspitzen und ein Sporenpaar. Im Bereich des Fu\u00dfendes  legten die Grabungsleute einen Dreifu\u00df aus Bronze sowie die Reste eines  Spielbrettes mit den dazugeh\u00f6rigen Spielsteinen frei. &#8220; Mit dieser  Beigabenausstattung z\u00e4hlt das Grab von Gommern zu den reichsten M\u00e4nnergr\u00e4bern,  die bislang in freien germanischen Gebieten Mitteleuropas untersucht werden  konnten &#8222;, hei\u00dft es seitens des Landesarchivs f\u00fcr Arch\u00e4ologie. Der F\u00fcrst aus  Gommern geh\u00f6rte nach dessen Einsch\u00e4tzung &#8220; zur oberen Schicht der germanischen  Gesellschaft um 300 n. Chr ., aus der sich im Bedarfsfalle f\u00fchrende Personen  rekrutierten, in der aber auch latent das Streben nach dauerhafter  Konsolidierung errungener Machtstrukturen bestand. &#8222;<\/p><\/blockquote>\n<p><a href=\"http:\/\/www.volksstimme.de\/vsm\/nachrichten\/lokalausgaben\/burg\/?em_cnt=1661993\" target=\"_blank\">Hier schreibt die Volksstimme<\/a><\/p>\n","protected":false},"excerpt":{"rendered":"<p>Vor fast 20 Jahren wurde bei Gommern das Grab eines knapp 30 j\u00e4hrigen Germanen gefunden, der hier mit r\u00f6mischen mM\u00fcnzen, Prunkschild und allem Pipapo bestatt wurde. Nun hat man Replinken angefertigt, die in der&#46;&#46;&#46;<\/p>\n","protected":false},"author":2,"featured_media":0,"comment_status":"open","ping_status":"open","sticky":false,"template":"","format":"standard","meta":{"jetpack_post_was_ever_published":false,"_jetpack_newsletter_access":"","_jetpack_dont_email_post_to_subs":false,"_jetpack_newsletter_tier_id":0,"_jetpack_memberships_contains_paywalled_content":false,"_jetpack_memberships_contains_paid_content":false,"footnotes":"","jetpack_publicize_message":"","jetpack_publicize_feature_enabled":true,"jetpack_social_post_already_shared":false,"jetpack_social_options":{"image_generator_settings":{"template":"highway","default_image_id":0,"font":"","enabled":false},"version":2}},"categories":[1],"tags":[54,33,28,51],"class_list":["post-5505","post","type-post","status-publish","format-standard","hentry","category-geschichte","tag-archaologie","tag-ausgrabung","tag-ausstellung","tag-germanisch"],"yoast_head":"<!-- This site is optimized with the Yoast SEO plugin v27.5 - https:\/\/yoast.com\/product\/yoast-seo-wordpress\/ -->\n<title>F\u00fcrstengrab von Gommern kehrt noch einmal zur\u00fcck - Tribur.de<\/title>\n<meta name=\"robots\" content=\"index, follow, max-snippet:-1, max-image-preview:large, max-video-preview:-1\" \/>\n<link rel=\"canonical\" href=\"https:\/\/www.tribur.de\/blog\/2010\/03\/18\/furstengrab-von-gommern-kehrt-noch-einmal-zuruck\/\" \/>\n<meta property=\"og:locale\" content=\"de_DE\" \/>\n<meta property=\"og:type\" content=\"article\" \/>\n<meta property=\"og:title\" content=\"F\u00fcrstengrab von Gommern kehrt noch einmal zur\u00fcck - Tribur.de\" \/>\n<meta property=\"og:description\" content=\"Vor fast 20 Jahren wurde bei Gommern das Grab eines knapp 30 j\u00e4hrigen Germanen gefunden, der hier mit r\u00f6mischen mM\u00fcnzen, Prunkschild und allem Pipapo bestatt wurde. Nun hat man Replinken angefertigt, die in der&#046;&#046;&#046;\" \/>\n<meta property=\"og:url\" content=\"https:\/\/www.tribur.de\/blog\/2010\/03\/18\/furstengrab-von-gommern-kehrt-noch-einmal-zuruck\/\" \/>\n<meta property=\"og:site_name\" content=\"Tribur.de\" \/>\n<meta property=\"article:publisher\" content=\"http:\/\/www.facebook.com\/pages\/Triburde\/184352328288771\" \/>\n<meta property=\"article:author\" content=\"http:\/\/www.facebook.com\/pages\/Triburde\/184352328288771\" \/>\n<meta property=\"article:published_time\" content=\"2010-03-18T10:51:39+00:00\" \/>\n<meta property=\"og:image\" content=\"https:\/\/i0.wp.com\/www.tribur.de\/blog\/wp-content\/uploads\/2018\/09\/cropped-logotest-2.jpg?fit=200%2C200&ssl=1\" \/>\n\t<meta property=\"og:image:width\" content=\"200\" \/>\n\t<meta property=\"og:image:height\" content=\"200\" \/>\n\t<meta property=\"og:image:type\" content=\"image\/jpeg\" \/>\n<meta name=\"author\" content=\"Markus Zwittmeier\" \/>\n<meta name=\"twitter:card\" content=\"summary_large_image\" \/>\n<meta name=\"twitter:creator\" content=\"@https:\/\/twitter.com\/tribur\" \/>\n<meta name=\"twitter:site\" content=\"@tribur\" \/>\n<meta name=\"twitter:label1\" content=\"Verfasst von\" \/>\n\t<meta name=\"twitter:data1\" content=\"Markus Zwittmeier\" \/>\n\t<meta name=\"twitter:label2\" content=\"Gesch\u00e4tzte Lesezeit\" \/>\n\t<meta name=\"twitter:data2\" content=\"1\u00a0Minute\" \/>\n<script type=\"application\/ld+json\" class=\"yoast-schema-graph\">{\"@context\":\"https:\\\/\\\/schema.org\",\"@graph\":[{\"@type\":\"Article\",\"@id\":\"https:\\\/\\\/www.tribur.de\\\/blog\\\/2010\\\/03\\\/18\\\/furstengrab-von-gommern-kehrt-noch-einmal-zuruck\\\/#article\",\"isPartOf\":{\"@id\":\"https:\\\/\\\/www.tribur.de\\\/blog\\\/2010\\\/03\\\/18\\\/furstengrab-von-gommern-kehrt-noch-einmal-zuruck\\\/\"},\"author\":{\"name\":\"Markus Zwittmeier\",\"@id\":\"https:\\\/\\\/www.tribur.de\\\/blog\\\/#\\\/schema\\\/person\\\/3119997f09f43791809c2d1af27bba6c\"},\"headline\":\"F\u00fcrstengrab von Gommern kehrt noch einmal zur\u00fcck\",\"datePublished\":\"2010-03-18T10:51:39+00:00\",\"mainEntityOfPage\":{\"@id\":\"https:\\\/\\\/www.tribur.de\\\/blog\\\/2010\\\/03\\\/18\\\/furstengrab-von-gommern-kehrt-noch-einmal-zuruck\\\/\"},\"wordCount\":236,\"commentCount\":0,\"publisher\":{\"@id\":\"https:\\\/\\\/www.tribur.de\\\/blog\\\/#\\\/schema\\\/person\\\/3119997f09f43791809c2d1af27bba6c\"},\"keywords\":[\"Arch\u00e4ologie\",\"Ausgrabung\",\"Ausstellung\",\"germanisch\"],\"articleSection\":[\"Geschichte\"],\"inLanguage\":\"de\",\"potentialAction\":[{\"@type\":\"CommentAction\",\"name\":\"Comment\",\"target\":[\"https:\\\/\\\/www.tribur.de\\\/blog\\\/2010\\\/03\\\/18\\\/furstengrab-von-gommern-kehrt-noch-einmal-zuruck\\\/#respond\"]}]},{\"@type\":\"WebPage\",\"@id\":\"https:\\\/\\\/www.tribur.de\\\/blog\\\/2010\\\/03\\\/18\\\/furstengrab-von-gommern-kehrt-noch-einmal-zuruck\\\/\",\"url\":\"https:\\\/\\\/www.tribur.de\\\/blog\\\/2010\\\/03\\\/18\\\/furstengrab-von-gommern-kehrt-noch-einmal-zuruck\\\/\",\"name\":\"F\u00fcrstengrab von Gommern kehrt noch einmal zur\u00fcck - Tribur.de\",\"isPartOf\":{\"@id\":\"https:\\\/\\\/www.tribur.de\\\/blog\\\/#website\"},\"datePublished\":\"2010-03-18T10:51:39+00:00\",\"breadcrumb\":{\"@id\":\"https:\\\/\\\/www.tribur.de\\\/blog\\\/2010\\\/03\\\/18\\\/furstengrab-von-gommern-kehrt-noch-einmal-zuruck\\\/#breadcrumb\"},\"inLanguage\":\"de\",\"potentialAction\":[{\"@type\":\"ReadAction\",\"target\":[\"https:\\\/\\\/www.tribur.de\\\/blog\\\/2010\\\/03\\\/18\\\/furstengrab-von-gommern-kehrt-noch-einmal-zuruck\\\/\"]}]},{\"@type\":\"BreadcrumbList\",\"@id\":\"https:\\\/\\\/www.tribur.de\\\/blog\\\/2010\\\/03\\\/18\\\/furstengrab-von-gommern-kehrt-noch-einmal-zuruck\\\/#breadcrumb\",\"itemListElement\":[{\"@type\":\"ListItem\",\"position\":1,\"name\":\"Home\",\"item\":\"https:\\\/\\\/www.tribur.de\\\/blog\\\/\"},{\"@type\":\"ListItem\",\"position\":2,\"name\":\"F\u00fcrstengrab von Gommern kehrt noch einmal zur\u00fcck\"}]},{\"@type\":\"WebSite\",\"@id\":\"https:\\\/\\\/www.tribur.de\\\/blog\\\/#website\",\"url\":\"https:\\\/\\\/www.tribur.de\\\/blog\\\/\",\"name\":\"Tribur.de\",\"description\":\"Tribur.de - Geschichte und so Zeugs\",\"publisher\":{\"@id\":\"https:\\\/\\\/www.tribur.de\\\/blog\\\/#\\\/schema\\\/person\\\/3119997f09f43791809c2d1af27bba6c\"},\"potentialAction\":[{\"@type\":\"SearchAction\",\"target\":{\"@type\":\"EntryPoint\",\"urlTemplate\":\"https:\\\/\\\/www.tribur.de\\\/blog\\\/?s={search_term_string}\"},\"query-input\":{\"@type\":\"PropertyValueSpecification\",\"valueRequired\":true,\"valueName\":\"search_term_string\"}}],\"inLanguage\":\"de\"},{\"@type\":[\"Person\",\"Organization\"],\"@id\":\"https:\\\/\\\/www.tribur.de\\\/blog\\\/#\\\/schema\\\/person\\\/3119997f09f43791809c2d1af27bba6c\",\"name\":\"Markus Zwittmeier\",\"image\":{\"@type\":\"ImageObject\",\"inLanguage\":\"de\",\"@id\":\"https:\\\/\\\/i0.wp.com\\\/www.tribur.de\\\/blog\\\/wp-content\\\/uploads\\\/2018\\\/09\\\/cropped-logotest-4.jpg?fit=200%2C200&ssl=1\",\"url\":\"https:\\\/\\\/i0.wp.com\\\/www.tribur.de\\\/blog\\\/wp-content\\\/uploads\\\/2018\\\/09\\\/cropped-logotest-4.jpg?fit=200%2C200&ssl=1\",\"contentUrl\":\"https:\\\/\\\/i0.wp.com\\\/www.tribur.de\\\/blog\\\/wp-content\\\/uploads\\\/2018\\\/09\\\/cropped-logotest-4.jpg?fit=200%2C200&ssl=1\",\"width\":200,\"height\":200,\"caption\":\"Markus Zwittmeier\"},\"logo\":{\"@id\":\"https:\\\/\\\/i0.wp.com\\\/www.tribur.de\\\/blog\\\/wp-content\\\/uploads\\\/2018\\\/09\\\/cropped-logotest-4.jpg?fit=200%2C200&ssl=1\"},\"sameAs\":[\"http:\\\/\\\/www.Tribur.de\",\"http:\\\/\\\/www.facebook.com\\\/pages\\\/Triburde\\\/184352328288771\",\"https:\\\/\\\/www.instagram.com\\\/tribur.de\\\/\",\"https:\\\/\\\/x.com\\\/https:\\\/\\\/twitter.com\\\/tribur\",\"https:\\\/\\\/www.youtube.com\\\/channel\\\/UCnEonou-x6_P4XPjBk2htCA\"],\"url\":\"https:\\\/\\\/www.tribur.de\\\/blog\\\/author\\\/markus\\\/\"}]}<\/script>\n<!-- \/ Yoast SEO plugin. -->","yoast_head_json":{"title":"F\u00fcrstengrab von Gommern kehrt noch einmal zur\u00fcck - Tribur.de","robots":{"index":"index","follow":"follow","max-snippet":"max-snippet:-1","max-image-preview":"max-image-preview:large","max-video-preview":"max-video-preview:-1"},"canonical":"https:\/\/www.tribur.de\/blog\/2010\/03\/18\/furstengrab-von-gommern-kehrt-noch-einmal-zuruck\/","og_locale":"de_DE","og_type":"article","og_title":"F\u00fcrstengrab von Gommern kehrt noch einmal zur\u00fcck - Tribur.de","og_description":"Vor fast 20 Jahren wurde bei Gommern das Grab eines knapp 30 j\u00e4hrigen Germanen gefunden, der hier mit r\u00f6mischen mM\u00fcnzen, Prunkschild und allem Pipapo bestatt wurde. Nun hat man Replinken angefertigt, die in der&#46;&#46;&#46;","og_url":"https:\/\/www.tribur.de\/blog\/2010\/03\/18\/furstengrab-von-gommern-kehrt-noch-einmal-zuruck\/","og_site_name":"Tribur.de","article_publisher":"http:\/\/www.facebook.com\/pages\/Triburde\/184352328288771","article_author":"http:\/\/www.facebook.com\/pages\/Triburde\/184352328288771","article_published_time":"2010-03-18T10:51:39+00:00","og_image":[{"width":200,"height":200,"url":"https:\/\/i0.wp.com\/www.tribur.de\/blog\/wp-content\/uploads\/2018\/09\/cropped-logotest-2.jpg?fit=200%2C200&ssl=1","type":"image\/jpeg"}],"author":"Markus Zwittmeier","twitter_card":"summary_large_image","twitter_creator":"@https:\/\/twitter.com\/tribur","twitter_site":"@tribur","twitter_misc":{"Verfasst von":"Markus Zwittmeier","Gesch\u00e4tzte Lesezeit":"1\u00a0Minute"},"schema":{"@context":"https:\/\/schema.org","@graph":[{"@type":"Article","@id":"https:\/\/www.tribur.de\/blog\/2010\/03\/18\/furstengrab-von-gommern-kehrt-noch-einmal-zuruck\/#article","isPartOf":{"@id":"https:\/\/www.tribur.de\/blog\/2010\/03\/18\/furstengrab-von-gommern-kehrt-noch-einmal-zuruck\/"},"author":{"name":"Markus Zwittmeier","@id":"https:\/\/www.tribur.de\/blog\/#\/schema\/person\/3119997f09f43791809c2d1af27bba6c"},"headline":"F\u00fcrstengrab von Gommern kehrt noch einmal zur\u00fcck","datePublished":"2010-03-18T10:51:39+00:00","mainEntityOfPage":{"@id":"https:\/\/www.tribur.de\/blog\/2010\/03\/18\/furstengrab-von-gommern-kehrt-noch-einmal-zuruck\/"},"wordCount":236,"commentCount":0,"publisher":{"@id":"https:\/\/www.tribur.de\/blog\/#\/schema\/person\/3119997f09f43791809c2d1af27bba6c"},"keywords":["Arch\u00e4ologie","Ausgrabung","Ausstellung","germanisch"],"articleSection":["Geschichte"],"inLanguage":"de","potentialAction":[{"@type":"CommentAction","name":"Comment","target":["https:\/\/www.tribur.de\/blog\/2010\/03\/18\/furstengrab-von-gommern-kehrt-noch-einmal-zuruck\/#respond"]}]},{"@type":"WebPage","@id":"https:\/\/www.tribur.de\/blog\/2010\/03\/18\/furstengrab-von-gommern-kehrt-noch-einmal-zuruck\/","url":"https:\/\/www.tribur.de\/blog\/2010\/03\/18\/furstengrab-von-gommern-kehrt-noch-einmal-zuruck\/","name":"F\u00fcrstengrab von Gommern kehrt noch einmal zur\u00fcck - Tribur.de","isPartOf":{"@id":"https:\/\/www.tribur.de\/blog\/#website"},"datePublished":"2010-03-18T10:51:39+00:00","breadcrumb":{"@id":"https:\/\/www.tribur.de\/blog\/2010\/03\/18\/furstengrab-von-gommern-kehrt-noch-einmal-zuruck\/#breadcrumb"},"inLanguage":"de","potentialAction":[{"@type":"ReadAction","target":["https:\/\/www.tribur.de\/blog\/2010\/03\/18\/furstengrab-von-gommern-kehrt-noch-einmal-zuruck\/"]}]},{"@type":"BreadcrumbList","@id":"https:\/\/www.tribur.de\/blog\/2010\/03\/18\/furstengrab-von-gommern-kehrt-noch-einmal-zuruck\/#breadcrumb","itemListElement":[{"@type":"ListItem","position":1,"name":"Home","item":"https:\/\/www.tribur.de\/blog\/"},{"@type":"ListItem","position":2,"name":"F\u00fcrstengrab von Gommern kehrt noch einmal zur\u00fcck"}]},{"@type":"WebSite","@id":"https:\/\/www.tribur.de\/blog\/#website","url":"https:\/\/www.tribur.de\/blog\/","name":"Tribur.de","description":"Tribur.de - Geschichte und so Zeugs","publisher":{"@id":"https:\/\/www.tribur.de\/blog\/#\/schema\/person\/3119997f09f43791809c2d1af27bba6c"},"potentialAction":[{"@type":"SearchAction","target":{"@type":"EntryPoint","urlTemplate":"https:\/\/www.tribur.de\/blog\/?s={search_term_string}"},"query-input":{"@type":"PropertyValueSpecification","valueRequired":true,"valueName":"search_term_string"}}],"inLanguage":"de"},{"@type":["Person","Organization"],"@id":"https:\/\/www.tribur.de\/blog\/#\/schema\/person\/3119997f09f43791809c2d1af27bba6c","name":"Markus Zwittmeier","image":{"@type":"ImageObject","inLanguage":"de","@id":"https:\/\/i0.wp.com\/www.tribur.de\/blog\/wp-content\/uploads\/2018\/09\/cropped-logotest-4.jpg?fit=200%2C200&ssl=1","url":"https:\/\/i0.wp.com\/www.tribur.de\/blog\/wp-content\/uploads\/2018\/09\/cropped-logotest-4.jpg?fit=200%2C200&ssl=1","contentUrl":"https:\/\/i0.wp.com\/www.tribur.de\/blog\/wp-content\/uploads\/2018\/09\/cropped-logotest-4.jpg?fit=200%2C200&ssl=1","width":200,"height":200,"caption":"Markus Zwittmeier"},"logo":{"@id":"https:\/\/i0.wp.com\/www.tribur.de\/blog\/wp-content\/uploads\/2018\/09\/cropped-logotest-4.jpg?fit=200%2C200&ssl=1"},"sameAs":["http:\/\/www.Tribur.de","http:\/\/www.facebook.com\/pages\/Triburde\/184352328288771","https:\/\/www.instagram.com\/tribur.de\/","https:\/\/x.com\/https:\/\/twitter.com\/tribur","https:\/\/www.youtube.com\/channel\/UCnEonou-x6_P4XPjBk2htCA"],"url":"https:\/\/www.tribur.de\/blog\/author\/markus\/"}]}},"jetpack_publicize_connections":[],"jetpack_featured_media_url":"","jetpack_shortlink":"https:\/\/wp.me\/p1mHPu-1qN","jetpack_sharing_enabled":true,"_links":{"self":[{"href":"https:\/\/www.tribur.de\/blog\/wp-json\/wp\/v2\/posts\/5505","targetHints":{"allow":["GET"]}}],"collection":[{"href":"https:\/\/www.tribur.de\/blog\/wp-json\/wp\/v2\/posts"}],"about":[{"href":"https:\/\/www.tribur.de\/blog\/wp-json\/wp\/v2\/types\/post"}],"author":[{"embeddable":true,"href":"https:\/\/www.tribur.de\/blog\/wp-json\/wp\/v2\/users\/2"}],"replies":[{"embeddable":true,"href":"https:\/\/www.tribur.de\/blog\/wp-json\/wp\/v2\/comments?post=5505"}],"version-history":[{"count":2,"href":"https:\/\/www.tribur.de\/blog\/wp-json\/wp\/v2\/posts\/5505\/revisions"}],"predecessor-version":[{"id":5510,"href":"https:\/\/www.tribur.de\/blog\/wp-json\/wp\/v2\/posts\/5505\/revisions\/5510"}],"wp:attachment":[{"href":"https:\/\/www.tribur.de\/blog\/wp-json\/wp\/v2\/media?parent=5505"}],"wp:term":[{"taxonomy":"category","embeddable":true,"href":"https:\/\/www.tribur.de\/blog\/wp-json\/wp\/v2\/categories?post=5505"},{"taxonomy":"post_tag","embeddable":true,"href":"https:\/\/www.tribur.de\/blog\/wp-json\/wp\/v2\/tags?post=5505"}],"curies":[{"name":"wp","href":"https:\/\/api.w.org\/{rel}","templated":true}]}}