{"id":5252,"date":"2010-03-05T12:21:00","date_gmt":"2010-03-05T11:21:00","guid":{"rendered":"http:\/\/www.tribur.de\/blog\/?p=5252"},"modified":"2010-03-05T12:21:00","modified_gmt":"2010-03-05T11:21:00","slug":"fundamente-konnten-grabmal-getragen-haben","status":"publish","type":"post","link":"https:\/\/www.tribur.de\/blog\/2010\/03\/05\/fundamente-konnten-grabmal-getragen-haben\/","title":{"rendered":"Fundamente k\u00f6nnten Grabmal getragen haben"},"content":{"rendered":"<p>Vergangenen Sommer wurde in Hechingen Steinein St\u00fcck der dortigen r\u00f6mischen Stra\u00dfe freigelegt. Dabei wurden auch quadratische Fundamente, Mauerreste und einen S\u00e4ulenabschlu\u00df. Jetzt im Winter hat Stefan Schmidt-La\u00adwrenz, der die Ausgrabungen leitete , die Zeit genutzt um die Grabungsbefunde zu sichten und einzuordnen. M\u00f6glicherweise geh\u00f6rten die Fundamente zu r\u00f6mischen Gr\u00e4bern.<\/p>\n<blockquote><p>Schade nur, dass keine Reste des Grabmals zu finden sind, die diese These  beweisen w\u00fcrden. Schmidt-La\u00adwrenz wundert das aber nicht. \u00bbDie Steine w\u00e4ren im  Lauf der Jahrhunderte talw\u00e4rts gerutscht\u00ab, sagt er. Vermutlich l\u00e4gen sie in drei  bis vier Metern Tiefe unter den \u00c4ckern, die an den Platz mit den Fundamenten  grenzen. Derzeit sei eine Ausgrabung dort nicht zu leisten, \u00bbaber k\u00fcnftige  Generationen sollen ja auch noch was zu tun haben\u00ab.<\/p><\/blockquote>\n<p><a href=\"http:\/\/www.schwarzwaelder-bote.de\/wm?catId=12605897&amp;artId=14733414\" target=\"_blank\">Hier schreibt der Schwarzw\u00e4lder Bote \u00fcber die Grabungen <\/a><\/p>\n","protected":false},"excerpt":{"rendered":"<p>Vergangenen Sommer wurde in Hechingen Steinein St\u00fcck der dortigen r\u00f6mischen Stra\u00dfe freigelegt. Dabei wurden auch quadratische Fundamente, Mauerreste und einen S\u00e4ulenabschlu\u00df. Jetzt im Winter hat Stefan Schmidt-La\u00adwrenz, der die Ausgrabungen leitete , die Zeit&#46;&#46;&#46;<\/p>\n","protected":false},"author":2,"featured_media":0,"comment_status":"open","ping_status":"open","sticky":false,"template":"","format":"standard","meta":{"jetpack_post_was_ever_published":false,"_jetpack_newsletter_access":"","_jetpack_dont_email_post_to_subs":false,"_jetpack_newsletter_tier_id":0,"_jetpack_memberships_contains_paywalled_content":false,"_jetpack_memberships_contains_paid_content":false,"footnotes":"","jetpack_publicize_message":"","jetpack_publicize_feature_enabled":true,"jetpack_social_post_already_shared":false,"jetpack_social_options":{"image_generator_settings":{"template":"highway","default_image_id":0,"font":"","enabled":false},"version":2}},"categories":[1],"tags":[54,33,31],"class_list":["post-5252","post","type-post","status-publish","format-standard","hentry","category-geschichte","tag-archaologie","tag-ausgrabung","tag-romisch"],"yoast_head":"<!-- This site is optimized with the Yoast SEO plugin v27.5 - https:\/\/yoast.com\/product\/yoast-seo-wordpress\/ -->\n<title>Fundamente k\u00f6nnten Grabmal getragen haben - Tribur.de<\/title>\n<meta name=\"robots\" content=\"index, follow, max-snippet:-1, max-image-preview:large, max-video-preview:-1\" \/>\n<link rel=\"canonical\" href=\"https:\/\/www.tribur.de\/blog\/2010\/03\/05\/fundamente-konnten-grabmal-getragen-haben\/\" \/>\n<meta property=\"og:locale\" content=\"de_DE\" \/>\n<meta property=\"og:type\" content=\"article\" \/>\n<meta property=\"og:title\" content=\"Fundamente k\u00f6nnten Grabmal getragen haben - Tribur.de\" \/>\n<meta property=\"og:description\" content=\"Vergangenen Sommer wurde in Hechingen Steinein St\u00fcck der dortigen r\u00f6mischen Stra\u00dfe freigelegt. Dabei wurden auch quadratische Fundamente, Mauerreste und einen S\u00e4ulenabschlu\u00df. Jetzt im Winter hat Stefan Schmidt-La\u00adwrenz, der die Ausgrabungen leitete , die Zeit&#046;&#046;&#046;\" \/>\n<meta property=\"og:url\" content=\"https:\/\/www.tribur.de\/blog\/2010\/03\/05\/fundamente-konnten-grabmal-getragen-haben\/\" \/>\n<meta property=\"og:site_name\" content=\"Tribur.de\" \/>\n<meta property=\"article:publisher\" content=\"http:\/\/www.facebook.com\/pages\/Triburde\/184352328288771\" \/>\n<meta property=\"article:author\" content=\"http:\/\/www.facebook.com\/pages\/Triburde\/184352328288771\" \/>\n<meta property=\"article:published_time\" content=\"2010-03-05T11:21:00+00:00\" \/>\n<meta property=\"og:image\" content=\"https:\/\/i0.wp.com\/www.tribur.de\/blog\/wp-content\/uploads\/2018\/09\/cropped-logotest-2.jpg?fit=200%2C200&ssl=1\" \/>\n\t<meta property=\"og:image:width\" content=\"200\" \/>\n\t<meta property=\"og:image:height\" content=\"200\" \/>\n\t<meta property=\"og:image:type\" content=\"image\/jpeg\" \/>\n<meta name=\"author\" content=\"Markus Zwittmeier\" \/>\n<meta name=\"twitter:card\" content=\"summary_large_image\" \/>\n<meta name=\"twitter:creator\" content=\"@https:\/\/twitter.com\/tribur\" \/>\n<meta name=\"twitter:site\" content=\"@tribur\" \/>\n<meta name=\"twitter:label1\" content=\"Verfasst von\" \/>\n\t<meta name=\"twitter:data1\" content=\"Markus Zwittmeier\" \/>\n\t<meta name=\"twitter:label2\" content=\"Gesch\u00e4tzte Lesezeit\" \/>\n\t<meta name=\"twitter:data2\" content=\"1\u00a0Minute\" \/>\n<script type=\"application\/ld+json\" class=\"yoast-schema-graph\">{\"@context\":\"https:\\\/\\\/schema.org\",\"@graph\":[{\"@type\":\"Article\",\"@id\":\"https:\\\/\\\/www.tribur.de\\\/blog\\\/2010\\\/03\\\/05\\\/fundamente-konnten-grabmal-getragen-haben\\\/#article\",\"isPartOf\":{\"@id\":\"https:\\\/\\\/www.tribur.de\\\/blog\\\/2010\\\/03\\\/05\\\/fundamente-konnten-grabmal-getragen-haben\\\/\"},\"author\":{\"name\":\"Markus Zwittmeier\",\"@id\":\"https:\\\/\\\/www.tribur.de\\\/blog\\\/#\\\/schema\\\/person\\\/3119997f09f43791809c2d1af27bba6c\"},\"headline\":\"Fundamente k\u00f6nnten Grabmal getragen haben\",\"datePublished\":\"2010-03-05T11:21:00+00:00\",\"mainEntityOfPage\":{\"@id\":\"https:\\\/\\\/www.tribur.de\\\/blog\\\/2010\\\/03\\\/05\\\/fundamente-konnten-grabmal-getragen-haben\\\/\"},\"wordCount\":148,\"commentCount\":0,\"publisher\":{\"@id\":\"https:\\\/\\\/www.tribur.de\\\/blog\\\/#\\\/schema\\\/person\\\/3119997f09f43791809c2d1af27bba6c\"},\"keywords\":[\"Arch\u00e4ologie\",\"Ausgrabung\",\"r\u00f6misch\"],\"articleSection\":[\"Geschichte\"],\"inLanguage\":\"de\",\"potentialAction\":[{\"@type\":\"CommentAction\",\"name\":\"Comment\",\"target\":[\"https:\\\/\\\/www.tribur.de\\\/blog\\\/2010\\\/03\\\/05\\\/fundamente-konnten-grabmal-getragen-haben\\\/#respond\"]}]},{\"@type\":\"WebPage\",\"@id\":\"https:\\\/\\\/www.tribur.de\\\/blog\\\/2010\\\/03\\\/05\\\/fundamente-konnten-grabmal-getragen-haben\\\/\",\"url\":\"https:\\\/\\\/www.tribur.de\\\/blog\\\/2010\\\/03\\\/05\\\/fundamente-konnten-grabmal-getragen-haben\\\/\",\"name\":\"Fundamente k\u00f6nnten Grabmal getragen haben - Tribur.de\",\"isPartOf\":{\"@id\":\"https:\\\/\\\/www.tribur.de\\\/blog\\\/#website\"},\"datePublished\":\"2010-03-05T11:21:00+00:00\",\"breadcrumb\":{\"@id\":\"https:\\\/\\\/www.tribur.de\\\/blog\\\/2010\\\/03\\\/05\\\/fundamente-konnten-grabmal-getragen-haben\\\/#breadcrumb\"},\"inLanguage\":\"de\",\"potentialAction\":[{\"@type\":\"ReadAction\",\"target\":[\"https:\\\/\\\/www.tribur.de\\\/blog\\\/2010\\\/03\\\/05\\\/fundamente-konnten-grabmal-getragen-haben\\\/\"]}]},{\"@type\":\"BreadcrumbList\",\"@id\":\"https:\\\/\\\/www.tribur.de\\\/blog\\\/2010\\\/03\\\/05\\\/fundamente-konnten-grabmal-getragen-haben\\\/#breadcrumb\",\"itemListElement\":[{\"@type\":\"ListItem\",\"position\":1,\"name\":\"Home\",\"item\":\"https:\\\/\\\/www.tribur.de\\\/blog\\\/\"},{\"@type\":\"ListItem\",\"position\":2,\"name\":\"Fundamente k\u00f6nnten Grabmal getragen haben\"}]},{\"@type\":\"WebSite\",\"@id\":\"https:\\\/\\\/www.tribur.de\\\/blog\\\/#website\",\"url\":\"https:\\\/\\\/www.tribur.de\\\/blog\\\/\",\"name\":\"Tribur.de\",\"description\":\"Tribur.de - Geschichte und so Zeugs\",\"publisher\":{\"@id\":\"https:\\\/\\\/www.tribur.de\\\/blog\\\/#\\\/schema\\\/person\\\/3119997f09f43791809c2d1af27bba6c\"},\"potentialAction\":[{\"@type\":\"SearchAction\",\"target\":{\"@type\":\"EntryPoint\",\"urlTemplate\":\"https:\\\/\\\/www.tribur.de\\\/blog\\\/?s={search_term_string}\"},\"query-input\":{\"@type\":\"PropertyValueSpecification\",\"valueRequired\":true,\"valueName\":\"search_term_string\"}}],\"inLanguage\":\"de\"},{\"@type\":[\"Person\",\"Organization\"],\"@id\":\"https:\\\/\\\/www.tribur.de\\\/blog\\\/#\\\/schema\\\/person\\\/3119997f09f43791809c2d1af27bba6c\",\"name\":\"Markus Zwittmeier\",\"image\":{\"@type\":\"ImageObject\",\"inLanguage\":\"de\",\"@id\":\"https:\\\/\\\/i0.wp.com\\\/www.tribur.de\\\/blog\\\/wp-content\\\/uploads\\\/2018\\\/09\\\/cropped-logotest-4.jpg?fit=200%2C200&ssl=1\",\"url\":\"https:\\\/\\\/i0.wp.com\\\/www.tribur.de\\\/blog\\\/wp-content\\\/uploads\\\/2018\\\/09\\\/cropped-logotest-4.jpg?fit=200%2C200&ssl=1\",\"contentUrl\":\"https:\\\/\\\/i0.wp.com\\\/www.tribur.de\\\/blog\\\/wp-content\\\/uploads\\\/2018\\\/09\\\/cropped-logotest-4.jpg?fit=200%2C200&ssl=1\",\"width\":200,\"height\":200,\"caption\":\"Markus Zwittmeier\"},\"logo\":{\"@id\":\"https:\\\/\\\/i0.wp.com\\\/www.tribur.de\\\/blog\\\/wp-content\\\/uploads\\\/2018\\\/09\\\/cropped-logotest-4.jpg?fit=200%2C200&ssl=1\"},\"sameAs\":[\"http:\\\/\\\/www.Tribur.de\",\"http:\\\/\\\/www.facebook.com\\\/pages\\\/Triburde\\\/184352328288771\",\"https:\\\/\\\/www.instagram.com\\\/tribur.de\\\/\",\"https:\\\/\\\/x.com\\\/https:\\\/\\\/twitter.com\\\/tribur\",\"https:\\\/\\\/www.youtube.com\\\/channel\\\/UCnEonou-x6_P4XPjBk2htCA\"],\"url\":\"https:\\\/\\\/www.tribur.de\\\/blog\\\/author\\\/markus\\\/\"}]}<\/script>\n<!-- \/ Yoast SEO plugin. -->","yoast_head_json":{"title":"Fundamente k\u00f6nnten Grabmal getragen haben - Tribur.de","robots":{"index":"index","follow":"follow","max-snippet":"max-snippet:-1","max-image-preview":"max-image-preview:large","max-video-preview":"max-video-preview:-1"},"canonical":"https:\/\/www.tribur.de\/blog\/2010\/03\/05\/fundamente-konnten-grabmal-getragen-haben\/","og_locale":"de_DE","og_type":"article","og_title":"Fundamente k\u00f6nnten Grabmal getragen haben - Tribur.de","og_description":"Vergangenen Sommer wurde in Hechingen Steinein St\u00fcck der dortigen r\u00f6mischen Stra\u00dfe freigelegt. Dabei wurden auch quadratische Fundamente, Mauerreste und einen S\u00e4ulenabschlu\u00df. Jetzt im Winter hat Stefan Schmidt-La\u00adwrenz, der die Ausgrabungen leitete , die Zeit&#46;&#46;&#46;","og_url":"https:\/\/www.tribur.de\/blog\/2010\/03\/05\/fundamente-konnten-grabmal-getragen-haben\/","og_site_name":"Tribur.de","article_publisher":"http:\/\/www.facebook.com\/pages\/Triburde\/184352328288771","article_author":"http:\/\/www.facebook.com\/pages\/Triburde\/184352328288771","article_published_time":"2010-03-05T11:21:00+00:00","og_image":[{"width":200,"height":200,"url":"https:\/\/i0.wp.com\/www.tribur.de\/blog\/wp-content\/uploads\/2018\/09\/cropped-logotest-2.jpg?fit=200%2C200&ssl=1","type":"image\/jpeg"}],"author":"Markus Zwittmeier","twitter_card":"summary_large_image","twitter_creator":"@https:\/\/twitter.com\/tribur","twitter_site":"@tribur","twitter_misc":{"Verfasst von":"Markus Zwittmeier","Gesch\u00e4tzte Lesezeit":"1\u00a0Minute"},"schema":{"@context":"https:\/\/schema.org","@graph":[{"@type":"Article","@id":"https:\/\/www.tribur.de\/blog\/2010\/03\/05\/fundamente-konnten-grabmal-getragen-haben\/#article","isPartOf":{"@id":"https:\/\/www.tribur.de\/blog\/2010\/03\/05\/fundamente-konnten-grabmal-getragen-haben\/"},"author":{"name":"Markus Zwittmeier","@id":"https:\/\/www.tribur.de\/blog\/#\/schema\/person\/3119997f09f43791809c2d1af27bba6c"},"headline":"Fundamente k\u00f6nnten Grabmal getragen haben","datePublished":"2010-03-05T11:21:00+00:00","mainEntityOfPage":{"@id":"https:\/\/www.tribur.de\/blog\/2010\/03\/05\/fundamente-konnten-grabmal-getragen-haben\/"},"wordCount":148,"commentCount":0,"publisher":{"@id":"https:\/\/www.tribur.de\/blog\/#\/schema\/person\/3119997f09f43791809c2d1af27bba6c"},"keywords":["Arch\u00e4ologie","Ausgrabung","r\u00f6misch"],"articleSection":["Geschichte"],"inLanguage":"de","potentialAction":[{"@type":"CommentAction","name":"Comment","target":["https:\/\/www.tribur.de\/blog\/2010\/03\/05\/fundamente-konnten-grabmal-getragen-haben\/#respond"]}]},{"@type":"WebPage","@id":"https:\/\/www.tribur.de\/blog\/2010\/03\/05\/fundamente-konnten-grabmal-getragen-haben\/","url":"https:\/\/www.tribur.de\/blog\/2010\/03\/05\/fundamente-konnten-grabmal-getragen-haben\/","name":"Fundamente k\u00f6nnten Grabmal getragen haben - Tribur.de","isPartOf":{"@id":"https:\/\/www.tribur.de\/blog\/#website"},"datePublished":"2010-03-05T11:21:00+00:00","breadcrumb":{"@id":"https:\/\/www.tribur.de\/blog\/2010\/03\/05\/fundamente-konnten-grabmal-getragen-haben\/#breadcrumb"},"inLanguage":"de","potentialAction":[{"@type":"ReadAction","target":["https:\/\/www.tribur.de\/blog\/2010\/03\/05\/fundamente-konnten-grabmal-getragen-haben\/"]}]},{"@type":"BreadcrumbList","@id":"https:\/\/www.tribur.de\/blog\/2010\/03\/05\/fundamente-konnten-grabmal-getragen-haben\/#breadcrumb","itemListElement":[{"@type":"ListItem","position":1,"name":"Home","item":"https:\/\/www.tribur.de\/blog\/"},{"@type":"ListItem","position":2,"name":"Fundamente k\u00f6nnten Grabmal getragen haben"}]},{"@type":"WebSite","@id":"https:\/\/www.tribur.de\/blog\/#website","url":"https:\/\/www.tribur.de\/blog\/","name":"Tribur.de","description":"Tribur.de - Geschichte und so Zeugs","publisher":{"@id":"https:\/\/www.tribur.de\/blog\/#\/schema\/person\/3119997f09f43791809c2d1af27bba6c"},"potentialAction":[{"@type":"SearchAction","target":{"@type":"EntryPoint","urlTemplate":"https:\/\/www.tribur.de\/blog\/?s={search_term_string}"},"query-input":{"@type":"PropertyValueSpecification","valueRequired":true,"valueName":"search_term_string"}}],"inLanguage":"de"},{"@type":["Person","Organization"],"@id":"https:\/\/www.tribur.de\/blog\/#\/schema\/person\/3119997f09f43791809c2d1af27bba6c","name":"Markus Zwittmeier","image":{"@type":"ImageObject","inLanguage":"de","@id":"https:\/\/i0.wp.com\/www.tribur.de\/blog\/wp-content\/uploads\/2018\/09\/cropped-logotest-4.jpg?fit=200%2C200&ssl=1","url":"https:\/\/i0.wp.com\/www.tribur.de\/blog\/wp-content\/uploads\/2018\/09\/cropped-logotest-4.jpg?fit=200%2C200&ssl=1","contentUrl":"https:\/\/i0.wp.com\/www.tribur.de\/blog\/wp-content\/uploads\/2018\/09\/cropped-logotest-4.jpg?fit=200%2C200&ssl=1","width":200,"height":200,"caption":"Markus Zwittmeier"},"logo":{"@id":"https:\/\/i0.wp.com\/www.tribur.de\/blog\/wp-content\/uploads\/2018\/09\/cropped-logotest-4.jpg?fit=200%2C200&ssl=1"},"sameAs":["http:\/\/www.Tribur.de","http:\/\/www.facebook.com\/pages\/Triburde\/184352328288771","https:\/\/www.instagram.com\/tribur.de\/","https:\/\/x.com\/https:\/\/twitter.com\/tribur","https:\/\/www.youtube.com\/channel\/UCnEonou-x6_P4XPjBk2htCA"],"url":"https:\/\/www.tribur.de\/blog\/author\/markus\/"}]}},"jetpack_publicize_connections":[],"jetpack_featured_media_url":"","jetpack_shortlink":"https:\/\/wp.me\/p1mHPu-1mI","jetpack_sharing_enabled":true,"_links":{"self":[{"href":"https:\/\/www.tribur.de\/blog\/wp-json\/wp\/v2\/posts\/5252","targetHints":{"allow":["GET"]}}],"collection":[{"href":"https:\/\/www.tribur.de\/blog\/wp-json\/wp\/v2\/posts"}],"about":[{"href":"https:\/\/www.tribur.de\/blog\/wp-json\/wp\/v2\/types\/post"}],"author":[{"embeddable":true,"href":"https:\/\/www.tribur.de\/blog\/wp-json\/wp\/v2\/users\/2"}],"replies":[{"embeddable":true,"href":"https:\/\/www.tribur.de\/blog\/wp-json\/wp\/v2\/comments?post=5252"}],"version-history":[{"count":4,"href":"https:\/\/www.tribur.de\/blog\/wp-json\/wp\/v2\/posts\/5252\/revisions"}],"predecessor-version":[{"id":5263,"href":"https:\/\/www.tribur.de\/blog\/wp-json\/wp\/v2\/posts\/5252\/revisions\/5263"}],"wp:attachment":[{"href":"https:\/\/www.tribur.de\/blog\/wp-json\/wp\/v2\/media?parent=5252"}],"wp:term":[{"taxonomy":"category","embeddable":true,"href":"https:\/\/www.tribur.de\/blog\/wp-json\/wp\/v2\/categories?post=5252"},{"taxonomy":"post_tag","embeddable":true,"href":"https:\/\/www.tribur.de\/blog\/wp-json\/wp\/v2\/tags?post=5252"}],"curies":[{"name":"wp","href":"https:\/\/api.w.org\/{rel}","templated":true}]}}