{"id":3538,"date":"2009-11-28T09:45:03","date_gmt":"2009-11-28T08:45:03","guid":{"rendered":"http:\/\/www.tribur.de\/blog\/?p=3538"},"modified":"2009-11-28T09:45:03","modified_gmt":"2009-11-28T08:45:03","slug":"weg-vom-klischee-des-finsteren-mittelalters","status":"publish","type":"post","link":"https:\/\/www.tribur.de\/blog\/2009\/11\/28\/weg-vom-klischee-des-finsteren-mittelalters\/","title":{"rendered":"Weg vom Klischee des finsteren Mittelalters"},"content":{"rendered":"<p>Die NZ hat ein Interview mit der Historikerin Prof. Claudia M\u00e4rtl gef\u00fchrt, bei dem sie mit allerlei Klischees aufr\u00e4umt. Wie etwa die Welt als Scheibe,\u00a0 dem &#8222;finsteren Mittelalter&#8220;, oder etwa den Rechtssythemen:<\/p>\n<blockquote><p>Nat\u00fcrlich fallen einem immer die vielen grausamen Hinrichtungsarten ein, wenn man ans Mittelalter denkt. In der Justiz der damaligen Zeit wurden ja \u00abspiegelnde\u00bb Strafen bevorzugt, also etwa das Handabhacken f\u00fcr Diebstahl. Auch setzte man auf den abschreckenden Charakter der Strafe, der \u00f6ffentlich gemacht werden sollte. Aber man muss festhalten: Unsere moderne Welt hat die Hinrichtung nicht abgeschafft.<\/p><\/blockquote>\n<p><a href=\"http:\/\/www.nz-online.de\/artikel.asp?art=1130483&amp;kat=300\" target=\"_blank\">Das ganze, ausf\u00fchrliche Interview hat die NZ<\/a><\/p>\n","protected":false},"excerpt":{"rendered":"<p>Die NZ hat ein Interview mit der Historikerin Prof. Claudia M\u00e4rtl gef\u00fchrt, bei dem sie mit allerlei Klischees aufr\u00e4umt. Wie etwa die Welt als Scheibe,\u00a0 dem &#8222;finsteren Mittelalter&#8220;, oder etwa den Rechtssythemen: Nat\u00fcrlich fallen&#46;&#46;&#46;<\/p>\n","protected":false},"author":2,"featured_media":0,"comment_status":"open","ping_status":"open","sticky":false,"template":"","format":"standard","meta":{"jetpack_post_was_ever_published":false,"_jetpack_newsletter_access":"","_jetpack_dont_email_post_to_subs":false,"_jetpack_newsletter_tier_id":0,"_jetpack_memberships_contains_paywalled_content":false,"_jetpack_memberships_contains_paid_content":false,"footnotes":"","jetpack_publicize_message":"","jetpack_publicize_feature_enabled":true,"jetpack_social_post_already_shared":false,"jetpack_social_options":{"image_generator_settings":{"template":"highway","default_image_id":0,"font":"","enabled":false},"version":2}},"categories":[1],"tags":[11,12,26],"class_list":["post-3538","post","type-post","status-publish","format-standard","hentry","category-geschichte","tag-fruhmittelalter","tag-hochmittelalter","tag-vortrag"],"yoast_head":"<!-- This site is optimized with the Yoast SEO plugin v27.5 - https:\/\/yoast.com\/product\/yoast-seo-wordpress\/ -->\n<title>Weg vom Klischee des finsteren Mittelalters - Tribur.de<\/title>\n<meta name=\"robots\" content=\"index, follow, max-snippet:-1, max-image-preview:large, max-video-preview:-1\" \/>\n<link rel=\"canonical\" href=\"https:\/\/www.tribur.de\/blog\/2009\/11\/28\/weg-vom-klischee-des-finsteren-mittelalters\/\" \/>\n<meta property=\"og:locale\" content=\"de_DE\" \/>\n<meta property=\"og:type\" content=\"article\" \/>\n<meta property=\"og:title\" content=\"Weg vom Klischee des finsteren Mittelalters - Tribur.de\" \/>\n<meta property=\"og:description\" content=\"Die NZ hat ein Interview mit der Historikerin Prof. Claudia M\u00e4rtl gef\u00fchrt, bei dem sie mit allerlei Klischees aufr\u00e4umt. Wie etwa die Welt als Scheibe,\u00a0 dem &#8222;finsteren Mittelalter&#8220;, oder etwa den Rechtssythemen: Nat\u00fcrlich fallen&#046;&#046;&#046;\" \/>\n<meta property=\"og:url\" content=\"https:\/\/www.tribur.de\/blog\/2009\/11\/28\/weg-vom-klischee-des-finsteren-mittelalters\/\" \/>\n<meta property=\"og:site_name\" content=\"Tribur.de\" \/>\n<meta property=\"article:publisher\" content=\"http:\/\/www.facebook.com\/pages\/Triburde\/184352328288771\" \/>\n<meta property=\"article:author\" content=\"http:\/\/www.facebook.com\/pages\/Triburde\/184352328288771\" \/>\n<meta property=\"article:published_time\" content=\"2009-11-28T08:45:03+00:00\" \/>\n<meta property=\"og:image\" content=\"https:\/\/i0.wp.com\/www.tribur.de\/blog\/wp-content\/uploads\/2018\/09\/cropped-logotest-2.jpg?fit=200%2C200&ssl=1\" \/>\n\t<meta property=\"og:image:width\" content=\"200\" \/>\n\t<meta property=\"og:image:height\" content=\"200\" \/>\n\t<meta property=\"og:image:type\" content=\"image\/jpeg\" \/>\n<meta name=\"author\" content=\"Markus Zwittmeier\" \/>\n<meta name=\"twitter:card\" content=\"summary_large_image\" \/>\n<meta name=\"twitter:creator\" content=\"@https:\/\/twitter.com\/tribur\" \/>\n<meta name=\"twitter:site\" content=\"@tribur\" \/>\n<meta name=\"twitter:label1\" content=\"Verfasst von\" \/>\n\t<meta name=\"twitter:data1\" content=\"Markus Zwittmeier\" \/>\n\t<meta name=\"twitter:label2\" content=\"Gesch\u00e4tzte Lesezeit\" \/>\n\t<meta name=\"twitter:data2\" content=\"1\u00a0Minute\" \/>\n<script type=\"application\/ld+json\" class=\"yoast-schema-graph\">{\"@context\":\"https:\\\/\\\/schema.org\",\"@graph\":[{\"@type\":\"Article\",\"@id\":\"https:\\\/\\\/www.tribur.de\\\/blog\\\/2009\\\/11\\\/28\\\/weg-vom-klischee-des-finsteren-mittelalters\\\/#article\",\"isPartOf\":{\"@id\":\"https:\\\/\\\/www.tribur.de\\\/blog\\\/2009\\\/11\\\/28\\\/weg-vom-klischee-des-finsteren-mittelalters\\\/\"},\"author\":{\"name\":\"Markus Zwittmeier\",\"@id\":\"https:\\\/\\\/www.tribur.de\\\/blog\\\/#\\\/schema\\\/person\\\/3119997f09f43791809c2d1af27bba6c\"},\"headline\":\"Weg vom Klischee des finsteren Mittelalters\",\"datePublished\":\"2009-11-28T08:45:03+00:00\",\"mainEntityOfPage\":{\"@id\":\"https:\\\/\\\/www.tribur.de\\\/blog\\\/2009\\\/11\\\/28\\\/weg-vom-klischee-des-finsteren-mittelalters\\\/\"},\"wordCount\":108,\"commentCount\":1,\"publisher\":{\"@id\":\"https:\\\/\\\/www.tribur.de\\\/blog\\\/#\\\/schema\\\/person\\\/3119997f09f43791809c2d1af27bba6c\"},\"keywords\":[\"Fr\u00fchmittelalter\",\"Hochmittelalter\",\"Vortrag\"],\"articleSection\":[\"Geschichte\"],\"inLanguage\":\"de\",\"potentialAction\":[{\"@type\":\"CommentAction\",\"name\":\"Comment\",\"target\":[\"https:\\\/\\\/www.tribur.de\\\/blog\\\/2009\\\/11\\\/28\\\/weg-vom-klischee-des-finsteren-mittelalters\\\/#respond\"]}]},{\"@type\":\"WebPage\",\"@id\":\"https:\\\/\\\/www.tribur.de\\\/blog\\\/2009\\\/11\\\/28\\\/weg-vom-klischee-des-finsteren-mittelalters\\\/\",\"url\":\"https:\\\/\\\/www.tribur.de\\\/blog\\\/2009\\\/11\\\/28\\\/weg-vom-klischee-des-finsteren-mittelalters\\\/\",\"name\":\"Weg vom Klischee des finsteren Mittelalters - Tribur.de\",\"isPartOf\":{\"@id\":\"https:\\\/\\\/www.tribur.de\\\/blog\\\/#website\"},\"datePublished\":\"2009-11-28T08:45:03+00:00\",\"breadcrumb\":{\"@id\":\"https:\\\/\\\/www.tribur.de\\\/blog\\\/2009\\\/11\\\/28\\\/weg-vom-klischee-des-finsteren-mittelalters\\\/#breadcrumb\"},\"inLanguage\":\"de\",\"potentialAction\":[{\"@type\":\"ReadAction\",\"target\":[\"https:\\\/\\\/www.tribur.de\\\/blog\\\/2009\\\/11\\\/28\\\/weg-vom-klischee-des-finsteren-mittelalters\\\/\"]}]},{\"@type\":\"BreadcrumbList\",\"@id\":\"https:\\\/\\\/www.tribur.de\\\/blog\\\/2009\\\/11\\\/28\\\/weg-vom-klischee-des-finsteren-mittelalters\\\/#breadcrumb\",\"itemListElement\":[{\"@type\":\"ListItem\",\"position\":1,\"name\":\"Home\",\"item\":\"https:\\\/\\\/www.tribur.de\\\/blog\\\/\"},{\"@type\":\"ListItem\",\"position\":2,\"name\":\"Weg vom Klischee des finsteren Mittelalters\"}]},{\"@type\":\"WebSite\",\"@id\":\"https:\\\/\\\/www.tribur.de\\\/blog\\\/#website\",\"url\":\"https:\\\/\\\/www.tribur.de\\\/blog\\\/\",\"name\":\"Tribur.de\",\"description\":\"Tribur.de - Geschichte und so Zeugs\",\"publisher\":{\"@id\":\"https:\\\/\\\/www.tribur.de\\\/blog\\\/#\\\/schema\\\/person\\\/3119997f09f43791809c2d1af27bba6c\"},\"potentialAction\":[{\"@type\":\"SearchAction\",\"target\":{\"@type\":\"EntryPoint\",\"urlTemplate\":\"https:\\\/\\\/www.tribur.de\\\/blog\\\/?s={search_term_string}\"},\"query-input\":{\"@type\":\"PropertyValueSpecification\",\"valueRequired\":true,\"valueName\":\"search_term_string\"}}],\"inLanguage\":\"de\"},{\"@type\":[\"Person\",\"Organization\"],\"@id\":\"https:\\\/\\\/www.tribur.de\\\/blog\\\/#\\\/schema\\\/person\\\/3119997f09f43791809c2d1af27bba6c\",\"name\":\"Markus Zwittmeier\",\"image\":{\"@type\":\"ImageObject\",\"inLanguage\":\"de\",\"@id\":\"https:\\\/\\\/i0.wp.com\\\/www.tribur.de\\\/blog\\\/wp-content\\\/uploads\\\/2018\\\/09\\\/cropped-logotest-4.jpg?fit=200%2C200&ssl=1\",\"url\":\"https:\\\/\\\/i0.wp.com\\\/www.tribur.de\\\/blog\\\/wp-content\\\/uploads\\\/2018\\\/09\\\/cropped-logotest-4.jpg?fit=200%2C200&ssl=1\",\"contentUrl\":\"https:\\\/\\\/i0.wp.com\\\/www.tribur.de\\\/blog\\\/wp-content\\\/uploads\\\/2018\\\/09\\\/cropped-logotest-4.jpg?fit=200%2C200&ssl=1\",\"width\":200,\"height\":200,\"caption\":\"Markus Zwittmeier\"},\"logo\":{\"@id\":\"https:\\\/\\\/i0.wp.com\\\/www.tribur.de\\\/blog\\\/wp-content\\\/uploads\\\/2018\\\/09\\\/cropped-logotest-4.jpg?fit=200%2C200&ssl=1\"},\"sameAs\":[\"http:\\\/\\\/www.Tribur.de\",\"http:\\\/\\\/www.facebook.com\\\/pages\\\/Triburde\\\/184352328288771\",\"https:\\\/\\\/www.instagram.com\\\/tribur.de\\\/\",\"https:\\\/\\\/x.com\\\/https:\\\/\\\/twitter.com\\\/tribur\",\"https:\\\/\\\/www.youtube.com\\\/channel\\\/UCnEonou-x6_P4XPjBk2htCA\"],\"url\":\"https:\\\/\\\/www.tribur.de\\\/blog\\\/author\\\/markus\\\/\"}]}<\/script>\n<!-- \/ Yoast SEO plugin. -->","yoast_head_json":{"title":"Weg vom Klischee des finsteren Mittelalters - Tribur.de","robots":{"index":"index","follow":"follow","max-snippet":"max-snippet:-1","max-image-preview":"max-image-preview:large","max-video-preview":"max-video-preview:-1"},"canonical":"https:\/\/www.tribur.de\/blog\/2009\/11\/28\/weg-vom-klischee-des-finsteren-mittelalters\/","og_locale":"de_DE","og_type":"article","og_title":"Weg vom Klischee des finsteren Mittelalters - Tribur.de","og_description":"Die NZ hat ein Interview mit der Historikerin Prof. Claudia M\u00e4rtl gef\u00fchrt, bei dem sie mit allerlei Klischees aufr\u00e4umt. Wie etwa die Welt als Scheibe,\u00a0 dem &#8222;finsteren Mittelalter&#8220;, oder etwa den Rechtssythemen: Nat\u00fcrlich fallen&#46;&#46;&#46;","og_url":"https:\/\/www.tribur.de\/blog\/2009\/11\/28\/weg-vom-klischee-des-finsteren-mittelalters\/","og_site_name":"Tribur.de","article_publisher":"http:\/\/www.facebook.com\/pages\/Triburde\/184352328288771","article_author":"http:\/\/www.facebook.com\/pages\/Triburde\/184352328288771","article_published_time":"2009-11-28T08:45:03+00:00","og_image":[{"width":200,"height":200,"url":"https:\/\/i0.wp.com\/www.tribur.de\/blog\/wp-content\/uploads\/2018\/09\/cropped-logotest-2.jpg?fit=200%2C200&ssl=1","type":"image\/jpeg"}],"author":"Markus Zwittmeier","twitter_card":"summary_large_image","twitter_creator":"@https:\/\/twitter.com\/tribur","twitter_site":"@tribur","twitter_misc":{"Verfasst von":"Markus Zwittmeier","Gesch\u00e4tzte Lesezeit":"1\u00a0Minute"},"schema":{"@context":"https:\/\/schema.org","@graph":[{"@type":"Article","@id":"https:\/\/www.tribur.de\/blog\/2009\/11\/28\/weg-vom-klischee-des-finsteren-mittelalters\/#article","isPartOf":{"@id":"https:\/\/www.tribur.de\/blog\/2009\/11\/28\/weg-vom-klischee-des-finsteren-mittelalters\/"},"author":{"name":"Markus Zwittmeier","@id":"https:\/\/www.tribur.de\/blog\/#\/schema\/person\/3119997f09f43791809c2d1af27bba6c"},"headline":"Weg vom Klischee des finsteren Mittelalters","datePublished":"2009-11-28T08:45:03+00:00","mainEntityOfPage":{"@id":"https:\/\/www.tribur.de\/blog\/2009\/11\/28\/weg-vom-klischee-des-finsteren-mittelalters\/"},"wordCount":108,"commentCount":1,"publisher":{"@id":"https:\/\/www.tribur.de\/blog\/#\/schema\/person\/3119997f09f43791809c2d1af27bba6c"},"keywords":["Fr\u00fchmittelalter","Hochmittelalter","Vortrag"],"articleSection":["Geschichte"],"inLanguage":"de","potentialAction":[{"@type":"CommentAction","name":"Comment","target":["https:\/\/www.tribur.de\/blog\/2009\/11\/28\/weg-vom-klischee-des-finsteren-mittelalters\/#respond"]}]},{"@type":"WebPage","@id":"https:\/\/www.tribur.de\/blog\/2009\/11\/28\/weg-vom-klischee-des-finsteren-mittelalters\/","url":"https:\/\/www.tribur.de\/blog\/2009\/11\/28\/weg-vom-klischee-des-finsteren-mittelalters\/","name":"Weg vom Klischee des finsteren Mittelalters - Tribur.de","isPartOf":{"@id":"https:\/\/www.tribur.de\/blog\/#website"},"datePublished":"2009-11-28T08:45:03+00:00","breadcrumb":{"@id":"https:\/\/www.tribur.de\/blog\/2009\/11\/28\/weg-vom-klischee-des-finsteren-mittelalters\/#breadcrumb"},"inLanguage":"de","potentialAction":[{"@type":"ReadAction","target":["https:\/\/www.tribur.de\/blog\/2009\/11\/28\/weg-vom-klischee-des-finsteren-mittelalters\/"]}]},{"@type":"BreadcrumbList","@id":"https:\/\/www.tribur.de\/blog\/2009\/11\/28\/weg-vom-klischee-des-finsteren-mittelalters\/#breadcrumb","itemListElement":[{"@type":"ListItem","position":1,"name":"Home","item":"https:\/\/www.tribur.de\/blog\/"},{"@type":"ListItem","position":2,"name":"Weg vom Klischee des finsteren Mittelalters"}]},{"@type":"WebSite","@id":"https:\/\/www.tribur.de\/blog\/#website","url":"https:\/\/www.tribur.de\/blog\/","name":"Tribur.de","description":"Tribur.de - Geschichte und so Zeugs","publisher":{"@id":"https:\/\/www.tribur.de\/blog\/#\/schema\/person\/3119997f09f43791809c2d1af27bba6c"},"potentialAction":[{"@type":"SearchAction","target":{"@type":"EntryPoint","urlTemplate":"https:\/\/www.tribur.de\/blog\/?s={search_term_string}"},"query-input":{"@type":"PropertyValueSpecification","valueRequired":true,"valueName":"search_term_string"}}],"inLanguage":"de"},{"@type":["Person","Organization"],"@id":"https:\/\/www.tribur.de\/blog\/#\/schema\/person\/3119997f09f43791809c2d1af27bba6c","name":"Markus Zwittmeier","image":{"@type":"ImageObject","inLanguage":"de","@id":"https:\/\/i0.wp.com\/www.tribur.de\/blog\/wp-content\/uploads\/2018\/09\/cropped-logotest-4.jpg?fit=200%2C200&ssl=1","url":"https:\/\/i0.wp.com\/www.tribur.de\/blog\/wp-content\/uploads\/2018\/09\/cropped-logotest-4.jpg?fit=200%2C200&ssl=1","contentUrl":"https:\/\/i0.wp.com\/www.tribur.de\/blog\/wp-content\/uploads\/2018\/09\/cropped-logotest-4.jpg?fit=200%2C200&ssl=1","width":200,"height":200,"caption":"Markus Zwittmeier"},"logo":{"@id":"https:\/\/i0.wp.com\/www.tribur.de\/blog\/wp-content\/uploads\/2018\/09\/cropped-logotest-4.jpg?fit=200%2C200&ssl=1"},"sameAs":["http:\/\/www.Tribur.de","http:\/\/www.facebook.com\/pages\/Triburde\/184352328288771","https:\/\/www.instagram.com\/tribur.de\/","https:\/\/x.com\/https:\/\/twitter.com\/tribur","https:\/\/www.youtube.com\/channel\/UCnEonou-x6_P4XPjBk2htCA"],"url":"https:\/\/www.tribur.de\/blog\/author\/markus\/"}]}},"jetpack_publicize_connections":[],"jetpack_featured_media_url":"","jetpack_shortlink":"https:\/\/wp.me\/p1mHPu-V4","jetpack_sharing_enabled":true,"_links":{"self":[{"href":"https:\/\/www.tribur.de\/blog\/wp-json\/wp\/v2\/posts\/3538","targetHints":{"allow":["GET"]}}],"collection":[{"href":"https:\/\/www.tribur.de\/blog\/wp-json\/wp\/v2\/posts"}],"about":[{"href":"https:\/\/www.tribur.de\/blog\/wp-json\/wp\/v2\/types\/post"}],"author":[{"embeddable":true,"href":"https:\/\/www.tribur.de\/blog\/wp-json\/wp\/v2\/users\/2"}],"replies":[{"embeddable":true,"href":"https:\/\/www.tribur.de\/blog\/wp-json\/wp\/v2\/comments?post=3538"}],"version-history":[{"count":4,"href":"https:\/\/www.tribur.de\/blog\/wp-json\/wp\/v2\/posts\/3538\/revisions"}],"predecessor-version":[{"id":3542,"href":"https:\/\/www.tribur.de\/blog\/wp-json\/wp\/v2\/posts\/3538\/revisions\/3542"}],"wp:attachment":[{"href":"https:\/\/www.tribur.de\/blog\/wp-json\/wp\/v2\/media?parent=3538"}],"wp:term":[{"taxonomy":"category","embeddable":true,"href":"https:\/\/www.tribur.de\/blog\/wp-json\/wp\/v2\/categories?post=3538"},{"taxonomy":"post_tag","embeddable":true,"href":"https:\/\/www.tribur.de\/blog\/wp-json\/wp\/v2\/tags?post=3538"}],"curies":[{"name":"wp","href":"https:\/\/api.w.org\/{rel}","templated":true}]}}