{"id":33908,"date":"2024-12-21T16:00:00","date_gmt":"2024-12-21T15:00:00","guid":{"rendered":"https:\/\/www.tribur.de\/blog\/?p=33908"},"modified":"2024-12-19T21:52:33","modified_gmt":"2024-12-19T20:52:33","slug":"ruodperts-weg-etappe-3-westfranken","status":"publish","type":"post","link":"https:\/\/www.tribur.de\/blog\/2024\/12\/21\/ruodperts-weg-etappe-3-westfranken\/","title":{"rendered":"Ruodperts Weg &#8211; Etappe 4 &#8211; Westfranken!"},"content":{"rendered":"\n<p>Nach dem sich Ruodpert sich ausgiebig wusch und seine Sachen gepackt hatte, verabschiedete er sich von Adalberga und Ebbo und w\u00fcnschte ihnen viel Gl\u00fcck f\u00fcr die Zukunft und Gottes Segen.&nbsp;<\/p>\n\n\n\n<p>Der Weg, den er nun nahm, f\u00fchrte ihn \u00fcber den ersten gr\u00f6\u00dferen&nbsp; Anstieg seiner Reise, doch dieser stellte noch kein ernstes Hindernis dar. Auch war der Nieselregen des vergangenen Abends nicht in st\u00e4rkeren Regen \u00fcbergegangen, so dass die Wege weiterhin gut passierbar waren.&nbsp; Bald schon hatte er die Kuppe erreicht und sah zwischen den B\u00e4umen ein Tal in dem sich ein Fluss schl\u00e4ngelnd seinen Weg bahnte.<\/p>\n\n\n\n<p>Hier und da waren kleine H\u00f6fe zu sehen, die an den H\u00e4ngen des Tals lagen und die feuchte Niederung mieden.&nbsp;<\/p>\n\n\n\n<p>Noch bevor er das Tal erreicht hatte, bog der Weg ab und mied ebenfalls die Niederung und schl\u00e4ngelte sich entlang der H\u00e4nge weiter. Hin und wieder konnte man durch das Tal bereits den Berg erkennen, den er am n\u00e4chsten Tag erklimmen wollte.<\/p>\n\n\n\n<p>Bald schon f\u00fchrte der Weg hinab ins Tal, querte bei einer kleinen Siedlung das Fl\u00fc\u00dfchen und f\u00fchrte nun auf der anderen Seite des an den H\u00e4ngen entlang.&nbsp; Als Ruodpert einen Schluck trank, stellte er fest, dass sein Wasserschlauch schon recht leer war. Er w\u00fcrde ihn in n\u00e4chster Zeit auff\u00fcllen m\u00fcssen, doch das Tal schien ihm zu schlammig, um zum Fl\u00fcsschen abzusteigen und dort Wasser zu holen. Doch vor ihm lag ein kleines Einzelgeh\u00f6ft, mit einer Palisade. Er w\u00fcrde dort nach Wasser fragen.<\/p>\n\n\n\n<p>Es war seltsam still, als er den Hof erreichte. Das Tor an der notd\u00fcrftig geflickten Palisade stand weit offen, als der schrille Schrei eines Kindes&nbsp; und das tiefe Lachen eines Mannes &nbsp; zu h\u00f6ren waren.&nbsp;<\/p>\n\n\n\n<p>Ruodpert Bein fing wieder an zu schmerzen. Das konnte er nicht brauchen. Nicht jetzt. Er musste auf der Hut sein. Er bog um eine H\u00fctte, seine Hand griff die Lanze fester. Hinter dem Haus lagen tote Kinder. Blut\u00fcberstr\u00f6mt. Waren es seine Leute gewesen, die dieses Blutbad angerichtet hatten oder die Slawen? Er..<\/p>\n\n\n\n<p>Etwas zupfte am Saum an seiner Tunika. Er blickte nach unten. Ein kleines M\u00e4dchen stand dort, ihr Kleid mit Schlamm beschmiert. \u201cHerr, geht es Dir gut?\u201d, fragte sie mit gro\u00dfen Augen.<\/p>\n\n\n\n<p>Er blickte wieder auf. \u201cDie toten Kinder\u201d, stotterte Ruodpert und blickte auf einen leeren Hof.&nbsp;<\/p>\n\n\n\n<p>\u201cMeinst du meine Geschwister?\u201d fragte das Kind. Ruodpert erschrak. \u201cDie sind bei Gott, dort dr\u00fcben.\u201d fuhr sie fort und deutete auf die Siedlung mit ihrer Kirche, die gerade noch zu sehen war \u201c, auf dem Friedhof\u201d. Die sind jetzt bei Gott, denen gehts richtig gut!\u201d<\/p>\n\n\n\n<p>\u201cHerr, entschuldige meine Tochter, wir haben nicht oft Besuch.\u201d sagte da eine tiefe M\u00e4nner Stimme. Es musste jene Stimme gewesen sein, die er zuvor lachen geh\u00f6rt hatte.&nbsp;<\/p>\n\n\n\n<p>\u201cAber ich habe einen Schrei geh\u00f6rt\u201d, sagte Ruodpert mit fragendem Unterton.<\/p>\n\n\n\n<p>\u201cDer st\u00f6rrische Ziegenbock hat die Kleine umgesto\u00dfen und in den Schlamm bef\u00f6rdert, dabei war sie so erschrocken, dass sie geschrien hat. Wir haben herzlich gelacht. Die arme Richmund, \u201c Er strich \u00fcber den Kopf der Kleinen und lachte. \u201cGlaubt mir, wir wollten Euch nicht erschrecken&#8220;, fuhr er fort.&nbsp;<\/p>\n\n\n\n<p>\u201cIch.. ich\u2026 \u201c, Ruodpert stotterte, \u201c ich glaube ich muss etwas trinken\u201d. Er ging auf einen gro\u00dfen Bottich vor dem Haus zu und wollte seinen Schlauch f\u00fcllen.&nbsp;<\/p>\n\n\n\n<p>\u201cDer ist f\u00fcr die Tiere\u201d, sagte da der Mann, \u201cKommt mit ins Haus , wir haben nicht viel, aber immerhin  haben wir sauberes Wasser.\u201d<\/p>\n\n\n\n<p>Ruodpert erkl\u00e4rte dem Mann, der sich als Ringolf vorgestellt hatte, das Vorhaben seiner Pilgerreise und bekam sofort Essen und Unterkunft angeboten, die er jedoch dankend ablehnte, da er noch die M\u00f6nchsklause am Berg erreichen wollte.&nbsp;<\/p>\n\n\n\n<p>&#8222;Seid ihr hier alleine?&#8220;, fragte Ruodpert, \u201cEuer Hof liegt etwas abgelegen und ich sah keine servii oder andere Helfer. Seit ihr im Dienst eines anderen Herren?\u201d<\/p>\n\n\n\n<p>Ringolf blickte ihn betr\u00fcbt an. \u201cIch bin mein eigener Herr. Noch letzten Sommer hatte ich eine\u00a0 liebe Famlie als servii. Gute, flei\u00dfige Leute, doch ich musste sie und das Land hergeben. Ich hoffe es geht ihnen gut. \u201c Er schwieg kurz und sagte dann:\u201dSieh dich um.\u201d , er machte eine weite Bewegung mit seiner Hand, \u201cDie Ernte ist schlecht, der Wein an den H\u00e4ngen ist sauer und im Tal versinken die K\u00fche im Sumpf, so dass ihre Hufe faulen. Und nur von \u00c4pfeln und N\u00fcssen kann man heutzutage nicht leben. Wenn es so weitergeht, bleibt mir nichts \u00fcbrig, als selbst\u00a0 in die Unfreiheit zu gehen und mich einem Herrn zum Schutz anzudienen&#8230; Wenn ich denn nicht vorher zum Heerbann berufen werde und in fremder Erde mein Leben lasse\u201d Er blickte betr\u00fcbt zu Boden.\u00a0 \u201cWenn Ihr in Fulde seit, betet f\u00fcr mich und meine Familie\u201d<\/p>\n\n\n\n<p>Er sah den Ringolf an. Sein Gesicht war tief betr\u00fcbt, wegen seiner Zukunft. Ruodpert fragte sich wie er helfen konnte, doch wollte er nicht gegen den Willen des Herrn handeln. Mehr aus Verlegenheit sprach er nochmals Dank f\u00fcr das Angebot der \u00dcbernachtung und das Wasser aus. Un machte sich auf den Weg.<\/p>\n\n\n\n<p>\u201cIch werde f\u00fcr Euch beten und w\u00fcnsche Euch viel Gl\u00fcck\u201d, sagte Ruodpert, winkte und zog weiter in Richtung des Berges.<\/p>\n\n\n\n<p>Merklich zog sich nun wer Weg in Richtung des Berges hinauf, w\u00e4hrend sich das Tal mit dem Fl\u00fcsschen entgegenstreckte. Die Wolken wurden wieder dichter und erneut setzte leichter Nieselregen ein. Ruodpert beschleunigte seine Schritte, denn die Tropfen wurden dicker und schienen sich zu einem Schauer zu verst\u00e4rken.<\/p>\n\n\n\n<p>Der Berg war mittlerweile in dicke Wolken geh\u00fcllt, als er nach einem tiefen Taleinschnitt eine flachere Ebene vor dem eigentlichen Anstieg zum Berg sah. Dort, in einiger Entfernung , sah er etwas was die Klause der M\u00f6nche sein musste. Einige h\u00f6lzerne Geb\u00e4ude und eine ebensolche Kirche bildeten im inzwischen immer st\u00e4rker gewordenen Regen das kleine Kloster der M\u00f6nche.&nbsp;<\/p>\n\n\n\n<p>Er hatte das gro\u00dfe Wolltuch um sich geschlungen , so dass auch sein Kopf bedeckt war, um sich vor dem Regen zu sch\u00fctzen. Im Regen kamen ihm die letzten Schritte wie eine Ewigkeit vor, bis er die kleine T\u00fcr in das abgeschlossene Geviert der M\u00f6nche erreicht hatte. Es war still. kein Laut drang nach drau\u00dfen, als er an die T\u00fcr klopfte.&nbsp;<\/p>\n\n\n\n<p>Fast h\u00e4tte er ein zweites mal und wesentlich lauter geklopft, als sich die T\u00fcr einen kleinen Spalt weit \u00f6ffnete.<\/p>\n\n\n\n<p>Ein junger M\u00f6nch sah ihn stumm und fragend an.<\/p>\n\n\n\n<p>\u201cIch bin Pilger und suche eine Unterkunft in eurem heiligen Haus\u201d, sagte Ruodpert, schon bereit, den Schritt ins Trockene zu wagen.<\/p>\n\n\n\n<p>\u201cNe adiudha!\u201d, sagte es und schlo\u00df die T\u00fcr.\u00a0<\/p>\n\n\n\n<p>Ruodpert war verdutzt. Hatte er gerade die Sprache aus dem westlichen Franken geh\u00f6rt? Hier zwischen Wetereiba und Buchonia?  Er klopfte erneut. Wieder \u00f6ffnete sich die T\u00fcr. Radebrechend, zwischen Fr\u00e4nkisch, Latein und einigen Brocken der westfr\u00e4nkischen Dialekte, die er \u00fcber die Jahre aufgeschnappt hatte versuchte er dem M\u00f6nch klar zu machen das er zur Aufnahme verpflichtet war. Dieses Mal antwortete er nicht, sondern schloss wortlos die T\u00fcr.<\/p>\n\n\n\n<p>Ruodpert war erbost. Was bildete sich der M\u00f6nch ein? Auch wenn er offensichtlich aus Westfranken kam, so galten auch f\u00fcr ihn die Gesetze des Kaisers.<\/p>\n\n\n\n<p>Er griff in seine Tasche und mit einem Ruck hatte er die Naht ge\u00f6ffnet, die ein zweites Fach bisher sicher versteckt und verschlossen hatte. Er griff hinein und holte ein strahlend wei\u00dfes St\u00fcck beschriebenen Kalbspergaments heraus. Mit geballter Faust schlug er nun gegen die kleine T\u00fcr. Wieder \u00f6ffnete der M\u00f6nch und Ruodpert presste ihm das Dokument f\u00f6rmlich auf die Nase.\u00a0<\/p>\n\n\n\n<p>Wieder schlug er die T\u00fcr vor Ruodperts Nase zu, doch nun h\u00f6rte man ein eiliges hasten und unterdr\u00fccktes Rufen. Nach einem kurzen Moment wurde die T\u00fcr wieder ge\u00f6ffnet. Nun stand ein alter M\u00f6nch, offensichtlich der Vorsteher der Klause, in der T\u00fcr, w\u00e4hrend der junge M\u00f6nch sich erschrocken im Hintergrund hielt.&nbsp;<\/p>\n\n\n\n<p>Wieder hob Ruodpert die Hand, in der er noch immer das feine Pergament hielt. Der M\u00f6nch dr\u00fcckte seine Hand sanft nach unten \u201cNicht n\u00f6tig, Herr. Ich muss nicht lesen was darin steht um alleine an der Qualit\u00e4t der Haut zu sehen, das Ihr mit h\u00f6chsten Ehren ausgestattet seid. Vergebt meinem jungen Sch\u00fcler, er spricht unsere Sprache nicht gut und wir\u00a0 befinden uns in einer selbst auferlegten, strengen Fastenzeit, um uns auf die Geburt des Herren vorzubereiten.\u201d<\/p>\n\n\n\n<p>&#8222;Vergesst das Sendschreiben\u201d antwortete Ruodpert, \u201c Ich bin als einfacher Pilger unterwegs und brauche nur eine Unterkunft f\u00fcr die Nacht, ich w\u00fcrde Dich nicht bem\u00fchen, wenn ich die Gegend kennen w\u00fcrde und dieser Regen nicht w\u00e4re.\u201d<\/p>\n\n\n\n<p>Der Vorsteher machte Ruodpert Platz und bat ihn mit einem Wink hinein.&nbsp;<\/p>\n\n\n\n<p>\u201cWegen unseres Fastens k\u00f6nnen wir Euch nichts anbieten, aber ich kann Euch meine Kammer\u2026\u201d. Ruodpert unterbrach den Vorsteher. \u201cIst das der Stall?\u201d, fragte er, die Antwort bereits kennend. \u201cIch schlafe dort!\u201d.\u00a0<\/p>\n\n\n\n<p>Ein Bissen des nun einige Tage alten Brotes und des K\u00e4ses, der noch in der Tasche waren, st\u00e4rkten ihn, bevor er, noch immer mit Wut im Bauch vor diese scheinheiligen M\u00f6nchen, im Stroh einschlief.&nbsp;<\/p>\n","protected":false},"excerpt":{"rendered":"<p>Nach dem sich Ruodpert sich ausgiebig wusch und seine Sachen gepackt hatte, verabschiedete er sich von Adalberga und Ebbo und w\u00fcnschte ihnen viel Gl\u00fcck f\u00fcr die Zukunft und Gottes Segen.&nbsp; Der Weg, den er&#46;&#46;&#46;<\/p>\n","protected":false},"author":2,"featured_media":0,"comment_status":"open","ping_status":"open","sticky":false,"template":"","format":"standard","meta":{"jetpack_post_was_ever_published":false,"_jetpack_newsletter_access":"","_jetpack_dont_email_post_to_subs":false,"_jetpack_newsletter_tier_id":0,"_jetpack_memberships_contains_paywalled_content":false,"_jetpack_memberships_contains_paid_content":false,"footnotes":"","jetpack_publicize_message":"","jetpack_publicize_feature_enabled":true,"jetpack_social_post_already_shared":true,"jetpack_social_options":{"image_generator_settings":{"template":"highway","default_image_id":0,"font":"","enabled":false},"version":2}},"categories":[1],"tags":[],"class_list":["post-33908","post","type-post","status-publish","format-standard","hentry","category-geschichte"],"yoast_head":"<!-- This site is optimized with the Yoast SEO plugin v27.5 - https:\/\/yoast.com\/product\/yoast-seo-wordpress\/ -->\n<title>Ruodperts Weg - Etappe 4 - Westfranken! - Tribur.de<\/title>\n<meta name=\"robots\" content=\"index, follow, max-snippet:-1, max-image-preview:large, max-video-preview:-1\" \/>\n<link rel=\"canonical\" href=\"https:\/\/www.tribur.de\/blog\/2024\/12\/21\/ruodperts-weg-etappe-3-westfranken\/\" \/>\n<meta property=\"og:locale\" content=\"de_DE\" \/>\n<meta property=\"og:type\" content=\"article\" \/>\n<meta property=\"og:title\" content=\"Ruodperts Weg - Etappe 4 - Westfranken! - Tribur.de\" \/>\n<meta property=\"og:description\" content=\"Nach dem sich Ruodpert sich ausgiebig wusch und seine Sachen gepackt hatte, verabschiedete er sich von Adalberga und Ebbo und w\u00fcnschte ihnen viel Gl\u00fcck f\u00fcr die Zukunft und Gottes Segen.&nbsp; Der Weg, den er&#046;&#046;&#046;\" \/>\n<meta property=\"og:url\" content=\"https:\/\/www.tribur.de\/blog\/2024\/12\/21\/ruodperts-weg-etappe-3-westfranken\/\" \/>\n<meta property=\"og:site_name\" content=\"Tribur.de\" \/>\n<meta property=\"article:publisher\" content=\"http:\/\/www.facebook.com\/pages\/Triburde\/184352328288771\" \/>\n<meta property=\"article:author\" content=\"http:\/\/www.facebook.com\/pages\/Triburde\/184352328288771\" \/>\n<meta property=\"article:published_time\" content=\"2024-12-21T15:00:00+00:00\" \/>\n<meta property=\"og:image\" content=\"https:\/\/i0.wp.com\/www.tribur.de\/blog\/wp-content\/uploads\/2018\/09\/cropped-logotest-2.jpg?fit=200%2C200&ssl=1\" \/>\n\t<meta property=\"og:image:width\" content=\"200\" \/>\n\t<meta property=\"og:image:height\" content=\"200\" \/>\n\t<meta property=\"og:image:type\" content=\"image\/jpeg\" \/>\n<meta name=\"author\" content=\"Markus Zwittmeier\" \/>\n<meta name=\"twitter:card\" content=\"summary_large_image\" \/>\n<meta name=\"twitter:creator\" content=\"@https:\/\/twitter.com\/tribur\" \/>\n<meta name=\"twitter:site\" content=\"@tribur\" \/>\n<meta name=\"twitter:label1\" content=\"Verfasst von\" \/>\n\t<meta name=\"twitter:data1\" content=\"Markus Zwittmeier\" \/>\n\t<meta name=\"twitter:label2\" content=\"Gesch\u00e4tzte Lesezeit\" \/>\n\t<meta name=\"twitter:data2\" content=\"9\u00a0Minuten\" \/>\n<script type=\"application\/ld+json\" class=\"yoast-schema-graph\">{\"@context\":\"https:\\\/\\\/schema.org\",\"@graph\":[{\"@type\":\"Article\",\"@id\":\"https:\\\/\\\/www.tribur.de\\\/blog\\\/2024\\\/12\\\/21\\\/ruodperts-weg-etappe-3-westfranken\\\/#article\",\"isPartOf\":{\"@id\":\"https:\\\/\\\/www.tribur.de\\\/blog\\\/2024\\\/12\\\/21\\\/ruodperts-weg-etappe-3-westfranken\\\/\"},\"author\":{\"name\":\"Markus Zwittmeier\",\"@id\":\"https:\\\/\\\/www.tribur.de\\\/blog\\\/#\\\/schema\\\/person\\\/3119997f09f43791809c2d1af27bba6c\"},\"headline\":\"Ruodperts Weg &#8211; Etappe 4 &#8211; Westfranken!\",\"datePublished\":\"2024-12-21T15:00:00+00:00\",\"mainEntityOfPage\":{\"@id\":\"https:\\\/\\\/www.tribur.de\\\/blog\\\/2024\\\/12\\\/21\\\/ruodperts-weg-etappe-3-westfranken\\\/\"},\"wordCount\":1571,\"commentCount\":0,\"publisher\":{\"@id\":\"https:\\\/\\\/www.tribur.de\\\/blog\\\/#\\\/schema\\\/person\\\/3119997f09f43791809c2d1af27bba6c\"},\"articleSection\":[\"Geschichte\"],\"inLanguage\":\"de\",\"potentialAction\":[{\"@type\":\"CommentAction\",\"name\":\"Comment\",\"target\":[\"https:\\\/\\\/www.tribur.de\\\/blog\\\/2024\\\/12\\\/21\\\/ruodperts-weg-etappe-3-westfranken\\\/#respond\"]}]},{\"@type\":\"WebPage\",\"@id\":\"https:\\\/\\\/www.tribur.de\\\/blog\\\/2024\\\/12\\\/21\\\/ruodperts-weg-etappe-3-westfranken\\\/\",\"url\":\"https:\\\/\\\/www.tribur.de\\\/blog\\\/2024\\\/12\\\/21\\\/ruodperts-weg-etappe-3-westfranken\\\/\",\"name\":\"Ruodperts Weg - Etappe 4 - Westfranken! - Tribur.de\",\"isPartOf\":{\"@id\":\"https:\\\/\\\/www.tribur.de\\\/blog\\\/#website\"},\"datePublished\":\"2024-12-21T15:00:00+00:00\",\"breadcrumb\":{\"@id\":\"https:\\\/\\\/www.tribur.de\\\/blog\\\/2024\\\/12\\\/21\\\/ruodperts-weg-etappe-3-westfranken\\\/#breadcrumb\"},\"inLanguage\":\"de\",\"potentialAction\":[{\"@type\":\"ReadAction\",\"target\":[\"https:\\\/\\\/www.tribur.de\\\/blog\\\/2024\\\/12\\\/21\\\/ruodperts-weg-etappe-3-westfranken\\\/\"]}]},{\"@type\":\"BreadcrumbList\",\"@id\":\"https:\\\/\\\/www.tribur.de\\\/blog\\\/2024\\\/12\\\/21\\\/ruodperts-weg-etappe-3-westfranken\\\/#breadcrumb\",\"itemListElement\":[{\"@type\":\"ListItem\",\"position\":1,\"name\":\"Home\",\"item\":\"https:\\\/\\\/www.tribur.de\\\/blog\\\/\"},{\"@type\":\"ListItem\",\"position\":2,\"name\":\"Ruodperts Weg &#8211; Etappe 4 &#8211; Westfranken!\"}]},{\"@type\":\"WebSite\",\"@id\":\"https:\\\/\\\/www.tribur.de\\\/blog\\\/#website\",\"url\":\"https:\\\/\\\/www.tribur.de\\\/blog\\\/\",\"name\":\"Tribur.de\",\"description\":\"Tribur.de - Geschichte und so Zeugs\",\"publisher\":{\"@id\":\"https:\\\/\\\/www.tribur.de\\\/blog\\\/#\\\/schema\\\/person\\\/3119997f09f43791809c2d1af27bba6c\"},\"potentialAction\":[{\"@type\":\"SearchAction\",\"target\":{\"@type\":\"EntryPoint\",\"urlTemplate\":\"https:\\\/\\\/www.tribur.de\\\/blog\\\/?s={search_term_string}\"},\"query-input\":{\"@type\":\"PropertyValueSpecification\",\"valueRequired\":true,\"valueName\":\"search_term_string\"}}],\"inLanguage\":\"de\"},{\"@type\":[\"Person\",\"Organization\"],\"@id\":\"https:\\\/\\\/www.tribur.de\\\/blog\\\/#\\\/schema\\\/person\\\/3119997f09f43791809c2d1af27bba6c\",\"name\":\"Markus Zwittmeier\",\"image\":{\"@type\":\"ImageObject\",\"inLanguage\":\"de\",\"@id\":\"https:\\\/\\\/i0.wp.com\\\/www.tribur.de\\\/blog\\\/wp-content\\\/uploads\\\/2018\\\/09\\\/cropped-logotest-4.jpg?fit=200%2C200&ssl=1\",\"url\":\"https:\\\/\\\/i0.wp.com\\\/www.tribur.de\\\/blog\\\/wp-content\\\/uploads\\\/2018\\\/09\\\/cropped-logotest-4.jpg?fit=200%2C200&ssl=1\",\"contentUrl\":\"https:\\\/\\\/i0.wp.com\\\/www.tribur.de\\\/blog\\\/wp-content\\\/uploads\\\/2018\\\/09\\\/cropped-logotest-4.jpg?fit=200%2C200&ssl=1\",\"width\":200,\"height\":200,\"caption\":\"Markus Zwittmeier\"},\"logo\":{\"@id\":\"https:\\\/\\\/i0.wp.com\\\/www.tribur.de\\\/blog\\\/wp-content\\\/uploads\\\/2018\\\/09\\\/cropped-logotest-4.jpg?fit=200%2C200&ssl=1\"},\"sameAs\":[\"http:\\\/\\\/www.Tribur.de\",\"http:\\\/\\\/www.facebook.com\\\/pages\\\/Triburde\\\/184352328288771\",\"https:\\\/\\\/www.instagram.com\\\/tribur.de\\\/\",\"https:\\\/\\\/x.com\\\/https:\\\/\\\/twitter.com\\\/tribur\",\"https:\\\/\\\/www.youtube.com\\\/channel\\\/UCnEonou-x6_P4XPjBk2htCA\"],\"url\":\"https:\\\/\\\/www.tribur.de\\\/blog\\\/author\\\/markus\\\/\"}]}<\/script>\n<!-- \/ Yoast SEO plugin. -->","yoast_head_json":{"title":"Ruodperts Weg - Etappe 4 - Westfranken! - Tribur.de","robots":{"index":"index","follow":"follow","max-snippet":"max-snippet:-1","max-image-preview":"max-image-preview:large","max-video-preview":"max-video-preview:-1"},"canonical":"https:\/\/www.tribur.de\/blog\/2024\/12\/21\/ruodperts-weg-etappe-3-westfranken\/","og_locale":"de_DE","og_type":"article","og_title":"Ruodperts Weg - Etappe 4 - Westfranken! - Tribur.de","og_description":"Nach dem sich Ruodpert sich ausgiebig wusch und seine Sachen gepackt hatte, verabschiedete er sich von Adalberga und Ebbo und w\u00fcnschte ihnen viel Gl\u00fcck f\u00fcr die Zukunft und Gottes Segen.&nbsp; Der Weg, den er&#46;&#46;&#46;","og_url":"https:\/\/www.tribur.de\/blog\/2024\/12\/21\/ruodperts-weg-etappe-3-westfranken\/","og_site_name":"Tribur.de","article_publisher":"http:\/\/www.facebook.com\/pages\/Triburde\/184352328288771","article_author":"http:\/\/www.facebook.com\/pages\/Triburde\/184352328288771","article_published_time":"2024-12-21T15:00:00+00:00","og_image":[{"width":200,"height":200,"url":"https:\/\/i0.wp.com\/www.tribur.de\/blog\/wp-content\/uploads\/2018\/09\/cropped-logotest-2.jpg?fit=200%2C200&ssl=1","type":"image\/jpeg"}],"author":"Markus Zwittmeier","twitter_card":"summary_large_image","twitter_creator":"@https:\/\/twitter.com\/tribur","twitter_site":"@tribur","twitter_misc":{"Verfasst von":"Markus Zwittmeier","Gesch\u00e4tzte Lesezeit":"9\u00a0Minuten"},"schema":{"@context":"https:\/\/schema.org","@graph":[{"@type":"Article","@id":"https:\/\/www.tribur.de\/blog\/2024\/12\/21\/ruodperts-weg-etappe-3-westfranken\/#article","isPartOf":{"@id":"https:\/\/www.tribur.de\/blog\/2024\/12\/21\/ruodperts-weg-etappe-3-westfranken\/"},"author":{"name":"Markus Zwittmeier","@id":"https:\/\/www.tribur.de\/blog\/#\/schema\/person\/3119997f09f43791809c2d1af27bba6c"},"headline":"Ruodperts Weg &#8211; Etappe 4 &#8211; Westfranken!","datePublished":"2024-12-21T15:00:00+00:00","mainEntityOfPage":{"@id":"https:\/\/www.tribur.de\/blog\/2024\/12\/21\/ruodperts-weg-etappe-3-westfranken\/"},"wordCount":1571,"commentCount":0,"publisher":{"@id":"https:\/\/www.tribur.de\/blog\/#\/schema\/person\/3119997f09f43791809c2d1af27bba6c"},"articleSection":["Geschichte"],"inLanguage":"de","potentialAction":[{"@type":"CommentAction","name":"Comment","target":["https:\/\/www.tribur.de\/blog\/2024\/12\/21\/ruodperts-weg-etappe-3-westfranken\/#respond"]}]},{"@type":"WebPage","@id":"https:\/\/www.tribur.de\/blog\/2024\/12\/21\/ruodperts-weg-etappe-3-westfranken\/","url":"https:\/\/www.tribur.de\/blog\/2024\/12\/21\/ruodperts-weg-etappe-3-westfranken\/","name":"Ruodperts Weg - Etappe 4 - Westfranken! - Tribur.de","isPartOf":{"@id":"https:\/\/www.tribur.de\/blog\/#website"},"datePublished":"2024-12-21T15:00:00+00:00","breadcrumb":{"@id":"https:\/\/www.tribur.de\/blog\/2024\/12\/21\/ruodperts-weg-etappe-3-westfranken\/#breadcrumb"},"inLanguage":"de","potentialAction":[{"@type":"ReadAction","target":["https:\/\/www.tribur.de\/blog\/2024\/12\/21\/ruodperts-weg-etappe-3-westfranken\/"]}]},{"@type":"BreadcrumbList","@id":"https:\/\/www.tribur.de\/blog\/2024\/12\/21\/ruodperts-weg-etappe-3-westfranken\/#breadcrumb","itemListElement":[{"@type":"ListItem","position":1,"name":"Home","item":"https:\/\/www.tribur.de\/blog\/"},{"@type":"ListItem","position":2,"name":"Ruodperts Weg &#8211; Etappe 4 &#8211; Westfranken!"}]},{"@type":"WebSite","@id":"https:\/\/www.tribur.de\/blog\/#website","url":"https:\/\/www.tribur.de\/blog\/","name":"Tribur.de","description":"Tribur.de - Geschichte und so Zeugs","publisher":{"@id":"https:\/\/www.tribur.de\/blog\/#\/schema\/person\/3119997f09f43791809c2d1af27bba6c"},"potentialAction":[{"@type":"SearchAction","target":{"@type":"EntryPoint","urlTemplate":"https:\/\/www.tribur.de\/blog\/?s={search_term_string}"},"query-input":{"@type":"PropertyValueSpecification","valueRequired":true,"valueName":"search_term_string"}}],"inLanguage":"de"},{"@type":["Person","Organization"],"@id":"https:\/\/www.tribur.de\/blog\/#\/schema\/person\/3119997f09f43791809c2d1af27bba6c","name":"Markus Zwittmeier","image":{"@type":"ImageObject","inLanguage":"de","@id":"https:\/\/i0.wp.com\/www.tribur.de\/blog\/wp-content\/uploads\/2018\/09\/cropped-logotest-4.jpg?fit=200%2C200&ssl=1","url":"https:\/\/i0.wp.com\/www.tribur.de\/blog\/wp-content\/uploads\/2018\/09\/cropped-logotest-4.jpg?fit=200%2C200&ssl=1","contentUrl":"https:\/\/i0.wp.com\/www.tribur.de\/blog\/wp-content\/uploads\/2018\/09\/cropped-logotest-4.jpg?fit=200%2C200&ssl=1","width":200,"height":200,"caption":"Markus Zwittmeier"},"logo":{"@id":"https:\/\/i0.wp.com\/www.tribur.de\/blog\/wp-content\/uploads\/2018\/09\/cropped-logotest-4.jpg?fit=200%2C200&ssl=1"},"sameAs":["http:\/\/www.Tribur.de","http:\/\/www.facebook.com\/pages\/Triburde\/184352328288771","https:\/\/www.instagram.com\/tribur.de\/","https:\/\/x.com\/https:\/\/twitter.com\/tribur","https:\/\/www.youtube.com\/channel\/UCnEonou-x6_P4XPjBk2htCA"],"url":"https:\/\/www.tribur.de\/blog\/author\/markus\/"}]}},"jetpack_publicize_connections":[],"jetpack_featured_media_url":"","jetpack_shortlink":"https:\/\/wp.me\/p1mHPu-8OU","jetpack_sharing_enabled":true,"_links":{"self":[{"href":"https:\/\/www.tribur.de\/blog\/wp-json\/wp\/v2\/posts\/33908","targetHints":{"allow":["GET"]}}],"collection":[{"href":"https:\/\/www.tribur.de\/blog\/wp-json\/wp\/v2\/posts"}],"about":[{"href":"https:\/\/www.tribur.de\/blog\/wp-json\/wp\/v2\/types\/post"}],"author":[{"embeddable":true,"href":"https:\/\/www.tribur.de\/blog\/wp-json\/wp\/v2\/users\/2"}],"replies":[{"embeddable":true,"href":"https:\/\/www.tribur.de\/blog\/wp-json\/wp\/v2\/comments?post=33908"}],"version-history":[{"count":5,"href":"https:\/\/www.tribur.de\/blog\/wp-json\/wp\/v2\/posts\/33908\/revisions"}],"predecessor-version":[{"id":33913,"href":"https:\/\/www.tribur.de\/blog\/wp-json\/wp\/v2\/posts\/33908\/revisions\/33913"}],"wp:attachment":[{"href":"https:\/\/www.tribur.de\/blog\/wp-json\/wp\/v2\/media?parent=33908"}],"wp:term":[{"taxonomy":"category","embeddable":true,"href":"https:\/\/www.tribur.de\/blog\/wp-json\/wp\/v2\/categories?post=33908"},{"taxonomy":"post_tag","embeddable":true,"href":"https:\/\/www.tribur.de\/blog\/wp-json\/wp\/v2\/tags?post=33908"}],"curies":[{"name":"wp","href":"https:\/\/api.w.org\/{rel}","templated":true}]}}