{"id":33358,"date":"2023-11-10T18:37:01","date_gmt":"2023-11-10T17:37:01","guid":{"rendered":"http:\/\/www.tribur.de\/blog\/?p=33358"},"modified":"2023-11-10T18:37:04","modified_gmt":"2023-11-10T17:37:04","slug":"glamping-statt-camping-zelte-im-fruehmittelalter","status":"publish","type":"post","link":"https:\/\/www.tribur.de\/blog\/2023\/11\/10\/glamping-statt-camping-zelte-im-fruehmittelalter\/","title":{"rendered":"Glamping statt Camping &#8211; Zelte im Fr\u00fchmittelalter"},"content":{"rendered":"\n<p>Urspr\u00fcnglich hatte ich einen anderen Artikel vorbereitet, aber da ich momentan viel im Hotel unterwegs bin habe ich etwas umdisponieren m\u00fcssen.&nbsp;<\/p>\n\n\n\n<p>Ein Zelt vom Typ Geteld (Utrechter Psalter) geh\u00f6rt zu den Dingen, die ich gerne h\u00e4tte, aber die eigentlich f\u00fcr mich keinen Sinn ergeben. Und wenn, wollte ich es nicht kaufen, sondern selber n\u00e4hen. Und dann h\u00e4tte ich ein Zelt, das ich zwar selbst gen\u00e4ht h\u00e4tte, aber wohl nicht benutze. Aber verkaufen w\u00fcrde ich es auch nicht wollen, weil ich anderen Leuten meinen m\u00f6glichen Pfusch nicht zumuten wollte\u2026 Ver\u00fcckt!&nbsp;<\/p>\n\n\n\n<p>Nun m\u00f6chte ich diesen eigentlichen Post mit einem Zitat einer Webseite einleiten :&nbsp;<\/p>\n\n\n\n<p>\u201cNat\u00fcrlich wei\u00df jeder, dass ein Leben im Zelt f\u00fcr &#8222;damals&#8220; nicht authentisch ist(&#8230;) \u201d<\/p>\n\n\n\n<p>Aber stimmt diese freigestellte und aus dem Zusammenhang gerissene Aussage so \u00fcberhaupt im karolingischen Fr\u00fchmittelalter oder das fr\u00fche Hochmittelalter? Schlie\u00dflich haben wir doch ein Reisek\u00f6nigtum, dass das Reisen bedingt.<\/p>\n\n\n\n<p>Und tats\u00e4chlich fand ich Informationen und Literatur zu dem Thema, die ich hier verwenden werde.<sup id=\"rf1-33358\"><a href=\"#fn1-33358\" title=\" M. Balzer . &#8230;et apostolicus repetit quoque castra suorum &#8211; Vom Wohnen im Zelt im Mittelalter \" rel=\"footnote\">1<\/a><\/sup> &nbsp; Und diese beginnt im Jahr 799, als Papst Leo von Karl dem Gro\u00dfen in Paderborn empfangen wird und von dem der Paderborner bzw.&nbsp; Aachener Epos berichtet.&nbsp;<\/p>\n\n\n\n<p>Nach dem Festmahl f\u00fcr den Papst zog sich Karl in seine Privatgem\u00e4cher zur\u00fcck und der Papst? Er hatte keine R\u00e4ume in der Pfalz bezogen, auch nicht bei der Geistlichkeit, die ihre Geb\u00e4ude beim heutigen Dom hatten und das trotz Gastungspflicht. Nein, er begab sich in sein Lager. Wohl einem Lager aus Zelten.&nbsp;<\/p>\n\n\n\n<p>Auch Notger erz\u00e4hlt uns von Karl und seinem Zelt. Zwar ist Notker ein notorischer Geschichtenerz\u00e4hler und Fabulierer, aber Karls Zelt ist nicht Notkers Grund zum fabulieren. Es wird nur beil\u00e4ufig erw\u00e4hnt, als sich zwei Herzogss\u00f6hne nach einem Bier zu viel ihren Wachdienst vor Karls Zelt vernachl\u00e4ssigen.&nbsp;&nbsp;<\/p>\n\n\n\n<p>Zelte scheinen eine grundlegende Normalit\u00e4t des Reisens gewesen zu sein. So normal, dass sie kaum Erw\u00e4hnung finden, da sie allt\u00e4glich waren. Manfred Balzer nenn hier, fast Beispielhaft Missionare wie Bonifatius oder den im 10. Jahrhundert den Rom reisenden Erzbischof Rotbert von Tours, von deren Zeltlagern wir nur wissen, weil sie in diesen&nbsp; ermordet wurden.&nbsp;<\/p>\n\n\n\n<p>Interessant ist auch ein Reisebericht zu Ulrich von Augsburg, der in seinem letzten Lebensjahr seinen Neffen besucht. Ulrich reiste immer mit gro\u00dfem Gefolge und dieses Schlug sein Lager bei dem Dorf Gerlenhofen auf, dabei bezog man nicht H\u00e4user oder Lager im Dorf sondern ausserhalb in einem Zeltlager, da man hier wegen des frischen Grases die Pferde weiden lassen wollte.&nbsp;<\/p>\n\n\n\n<p>Ulrich hatte auch mehr Erfahrung mit dem Leben im Zelt. Bei einem Aufstand hatte er 953 die Kontrolle \u00fcber Augsburg verloren. So bezog er im strengen Winter mit Zelten die verfallene Burg Mantahinga (m\u00f6glicherweise die Haldenburg) und begann diese auszubauen. Wieder wird das Lager nur beil\u00e4ufig erw\u00e4hnt.<\/p>\n\n\n\n<p>Auch als Thietmar von Merseburg Heinrich II 1002 in der Pfalz Grona besucht um an der Wahl des neuen Magdeburger Bischofs teilzunehmen,&nbsp; wird der wichtige Bischof und Geschichtsschreiber nicht in der Pfalz einquartiert. Nach kurzer Unterredung nach dem Eintreffen am Abend zieht er sich in ein Zeltlager \u201cneben einem W\u00e4ldchen, wo heute die Alexanderkirche steht\u201d zur\u00fcck, wo er am Morgen wohl auch die Messe liest, bevor er wieder in die Pfalz gerufen wird.<\/p>\n\n\n\n<p>Balzer bemerkt in seinem Text immer wieder, dass zwar des \u00d6fteren der Lagerplatz kommentiert wird, also wo man lagerte, nicht aber der Fakt, dass man dort in Zelten lagerte. Seine Annahme ist daher, dass das Lagern in Zelten ein vollkommen normaler Zustand war. Auch \u00fcber l\u00e4ngere Zeiten.\u00a0Dementsprechend sollte man davon ausgehen das Zelte und Lager entsprechend komfortabel eingerichtet waren. Ein gro\u00dfer Tross wie ihn die genannten Personen sicherlich alle besa\u00dfen h\u00e4tte auch sicherlich kein Problem gehabt dies auf Karren zu transportieren. <\/p>\n\n\n\n<h2 class=\"wp-block-heading\">Verschieden Zelttypen?<\/h2>\n\n\n\n<p>Manfred Balzer ist der Meinung, dass er zwei Zelttypen ausmachen kann. Spezielle Zelte, die auch f\u00fcr den Winter gedacht waren und reine Sommerzelte. So sieht er etwa in dem Lager, in dem Ludwig der Fromme am Rhein bei Ingelheim verstarb, Sommerzelte. Dass Ludwig der Fromme nicht noch die wenigen Kilometer in die Pfalz Ingelheim zur\u00fcckgelegte oder etwa auf Grund seiner Krankheit im nahen Mainz&nbsp; unterkam, das er passiert hatte, ist f\u00fcr Balzer ein weiteres Argument f\u00fcr die Normalit\u00e4t des Lebens in Zelten. Als Beispiel f\u00fcr Winterzelte nennt Balzer neben dem Ereignis von Ulrich von Augsburg, auch Abt Hilduin von St. Denis, der im Herbst 830 von Ludwig dem Frommen wegen eines Fehltritts den Winter in Paderborn in einem <em>expeditionale tabernaculum, <\/em>einem \u201cExpeditionszelt\u201d<em>, a<\/em>lso einem Zelt f\u00fcr den Feldzug zu verbringen sollte. (Hilduin kniff \u00fcbrigens und lie\u00df seine Bestrafung in eine Klosterhaft in Corvey umwandeln) .<\/p>\n\n\n\n<p>Demnach war das Leben in Zelten, f\u00fcr Personen des Adels oder des Klerus, die sich vielfach auf Reisen befunden haben, um etwa im Gefolge des Hofes zu sein, oder Besuche bei anderen wichtigen Personen durchzuf\u00fchren,\u00a0 vollkommen normal. Auch l\u00e4ngere Zeiten in Zelten war dabei nichts au\u00dfergew\u00f6hnliches. Gleiches ist wohl f\u00fcr H\u00e4ndler anzunehmen, wahrscheinlich jedoch nicht in den aufwendigen Zelten des Adels.\u00a0<\/p>\n\n\n\n<h2 class=\"wp-block-heading\"><strong>Zelttypen des Fr\u00fchmittelalter aus Abbildungen<\/strong><\/h2>\n\n\n\n<p>Balzers Aussage von speziellen Winter- und Sommerzelten l\u00e4sst sich \u00fcber die Abbildungen nicht in Beziehung setzen. Da wir aber auch keine arch\u00e4ologischen Funde von Zelten des Fr\u00fchmittelalters aus Zentraleuropa haben, l\u00e4sst sich hier nur spekulieren.\u00a0<\/p>\n\n\n\n<p>Leinen und Wolle ist hier m\u00f6glich, aber auch Leder, wie bei r\u00f6mischen Legion\u00e4rszelten, kommt in Frage. So ist \u00fcberliefert, dass die Nordm\u00e4nner bei der Belagerung von Paris Rinderh\u00e4ute f\u00fcr ihre Zelte verwendeten. Vielleicht wurde auch \u00fcber ein Wollzelt ein weiteres aus Leder zur Isolierung gespannt. <\/p>\n\n\n\n<p>In den Abbildungen steht zeitlich der Utrechter Psalter anderen Abbildungen voran. Der hier abgebildete Zelttyp dominiert auch bis mindestens ins 12. Jahrhundert die Abbildungen von Zelten.&nbsp; Die abgebildete&nbsp; Zeltform ist hier das Geteld oder Sachsenzelt. Wir wissen nicht, wie dieses Zelt mit der markanten Firststange in seiner Zeit tats\u00e4chlich genannt wurde. Das Wort Geteld bezeichnet lediglich im altenglischen allgemein ein Zelt. Die Bezeichnung Sachsenzelt ist ebenfalls eine Verk\u00fcrzung von \u201cangels\u00e4chsisches Zelt\u201d und bezieht sich auf Psalter wie den Harley Psalter und andere Kopien des Utrechter Psalter aus dem angels\u00e4chsischen Raum.<\/p>\n\n\n<div class=\"wp-block-image\">\n<figure class=\"aligncenter size-full\"><a href=\"https:\/\/i0.wp.com\/www.tribur.de\/blog\/wp-content\/uploads\/2023\/11\/Zelte.jpg?ssl=1\"><img data-recalc-dims=\"1\" loading=\"lazy\" decoding=\"async\" width=\"891\" height=\"289\" src=\"https:\/\/i0.wp.com\/www.tribur.de\/blog\/wp-content\/uploads\/2023\/11\/Zelte.jpg?resize=891%2C289&#038;ssl=1\" alt=\"\" class=\"wp-image-33359\" srcset=\"https:\/\/i0.wp.com\/www.tribur.de\/blog\/wp-content\/uploads\/2023\/11\/Zelte.jpg?w=891&amp;ssl=1 891w, https:\/\/i0.wp.com\/www.tribur.de\/blog\/wp-content\/uploads\/2023\/11\/Zelte.jpg?resize=300%2C97&amp;ssl=1 300w, https:\/\/i0.wp.com\/www.tribur.de\/blog\/wp-content\/uploads\/2023\/11\/Zelte.jpg?resize=768%2C249&amp;ssl=1 768w\" sizes=\"auto, (max-width: 891px) 100vw, 891px\" \/><\/a><figcaption class=\"wp-element-caption\">Zelte des Utrechter Psalters. Links Geteld, Mitte Rund\/Kegelzelt mit Kreuz, Rechts scheinbar quadratisches Zelt<\/figcaption><\/figure>\n<\/div>\n\n\n<p>Auch andere karolingische Quellen zeigen diesen Zelttyp, so etwa der Leidener Makkab\u00e4er, aber auch das sp\u00e4tere Fulda Sakramentar.<\/p>\n\n\n\n<p>Was auff\u00e4llt bei s\u00e4mtlichen&nbsp; Abbildungen dieses Zelttyps, ist, die steile Konstruktion, die, um genug Fl\u00e4che im Innenraum zu bieten, recht hoch sein muss. Dabei scheint dieses Zelt jedoch vollkommen auf Abspannungen mit Seilen zu verzichten und wird lediglich durch Heringe am Zeltstoff gehalten. Auch ist bei den Abbildungen nicht endg\u00fcltig zu entscheiden wie sich die Apsidenform darstellt. Mitunter hat man das Gef\u00fchl, dass dieses Zelt an seiner Schmalseite einfach endet wie ein A-Zelt, wobei sich der Eingang immer an der Schmalseite befindet. Erst im Anglo-Katalanischen (ca. 1200) zeigt sich ein mittiger Eingang.<\/p>\n\n\n\n<p>In einigen Handschriften finden sich auch tats\u00e4chlich Varianten, die wie ein A-Zelt aufgebaut sind und keine Apsiden besitzen. So etwa in Valenciennes MS412. Sie gleichen somit r\u00f6mischen Zelten, wie sie etwa in der Ilias Ambrosiana (&nbsp; Biblioteca Ambrosiana, Cod. F. 205 Inf.) aus dem 5. Jahrhundert abgebildet sind.&nbsp;<\/p>\n\n\n\n<p>Der Utrechter Psalter zeigt aber noch mindestens einen weiteren Zelttyp. Dabei handelt es sich um einfache Kegelzelte, wobei eines auf Grund seiner Darstellung auch einen quadratischen Grundriss besessen haben k\u00f6nnte. Auff\u00e4llig an diesen Zelten ist, dass sie von einem Kreuz bekr\u00f6nt sind und daher wohl f\u00fcr den Gottesdienst reserviert gewesen sein k\u00f6nnten.&nbsp;<\/p>\n\n\n\n<p>Auch andere Quellen bilden Zelte ab. Das Geteld oder Sachsenzelt ist dabei der klar h\u00e4ufigste Typ.&nbsp;<\/p>\n\n\n\n<p>Aber auch runde Zelte, scheinbar Speichenzelte finden sich in Abbildungen. Diese Abbildungen stammen aus verschiedenen Versionen der Psychomachia und stellen immer dieselbe Szene dar &#8211; mit einer spinnenden Frau vor diesem Zelt. Es ist logisch daher zu vermuten, dass diese Szenen alle auf eine urspr\u00fcngliche Quelle zur\u00fcckgreifen und diese kopieren. Sie sind mit Vorsicht zu genie\u00dfen.<\/p>\n\n\n\n<h2 class=\"wp-block-heading\">Und was w\u00fcrde ich machen?<\/h2>\n\n\n\n<p>H\u00e4tte ich Geld, Nerven und ganz viel Hornhaut an den Fingern, und w\u00e4re mir das Gewicht egal,  w\u00fcrde ich tats\u00e4chlich probieren ein Geteld aus Leder zu n\u00e4hen. Alleine schon weil ich noch nie eins gesehen habe. Aber da ich weder das Eine noch das Andere habe w\u00fcrde ich es tats\u00e4chlich mit Wolle probieren. Das aber auch nur weil ich lieber Wolle als Leinen n\u00e4he. Und entsprechende Wolle, die auch f\u00fcr Zelte gedacht ist habe ich erst neulich verarbeitet und fand diese 650gr\/qm Wolle eigentlich sehr umg\u00e4nglich. <\/p>\n<hr class=\"footnotes\"><ol class=\"footnotes\" style=\"list-style-type:decimal\"><li id=\"fn1-33358\"><p > M. Balzer . &#8230;et apostolicus repetit quoque castra suorum &#8211; Vom Wohnen im Zelt im Mittelalter &nbsp;<a href=\"#rf1-33358\" class=\"backlink\" title=\"Return to footnote 1.\">&#8617;<\/a><\/p><\/li><\/ol>","protected":false},"excerpt":{"rendered":"<p>Urspr\u00fcnglich hatte ich einen anderen Artikel vorbereitet, aber da ich momentan viel im Hotel unterwegs bin habe ich etwas umdisponieren m\u00fcssen.&nbsp; Ein Zelt vom Typ Geteld (Utrechter Psalter) geh\u00f6rt zu den Dingen, die ich&#46;&#46;&#46;<\/p>\n","protected":false},"author":2,"featured_media":0,"comment_status":"open","ping_status":"open","sticky":false,"template":"","format":"standard","meta":{"jetpack_post_was_ever_published":false,"_jetpack_newsletter_access":"","_jetpack_dont_email_post_to_subs":false,"_jetpack_newsletter_tier_id":0,"_jetpack_memberships_contains_paywalled_content":false,"_jetpack_memberships_contains_paid_content":false,"footnotes":"","jetpack_publicize_message":"","jetpack_publicize_feature_enabled":true,"jetpack_social_post_already_shared":true,"jetpack_social_options":{"image_generator_settings":{"template":"highway","default_image_id":0,"font":"","enabled":false},"version":2}},"categories":[1],"tags":[11,32,49],"class_list":["post-33358","post","type-post","status-publish","format-standard","hentry","category-geschichte","tag-fruhmittelalter","tag-karolingisch","tag-recherche"],"yoast_head":"<!-- This site is optimized with the Yoast SEO plugin v27.5 - https:\/\/yoast.com\/product\/yoast-seo-wordpress\/ -->\n<title>Glamping statt Camping - Zelte im Fr\u00fchmittelalter - Tribur.de<\/title>\n<meta name=\"robots\" content=\"index, follow, max-snippet:-1, max-image-preview:large, max-video-preview:-1\" \/>\n<link rel=\"canonical\" href=\"https:\/\/www.tribur.de\/blog\/2023\/11\/10\/glamping-statt-camping-zelte-im-fruehmittelalter\/\" \/>\n<meta property=\"og:locale\" content=\"de_DE\" \/>\n<meta property=\"og:type\" content=\"article\" \/>\n<meta property=\"og:title\" content=\"Glamping statt Camping - Zelte im Fr\u00fchmittelalter - Tribur.de\" \/>\n<meta property=\"og:description\" content=\"Urspr\u00fcnglich hatte ich einen anderen Artikel vorbereitet, aber da ich momentan viel im Hotel unterwegs bin habe ich etwas umdisponieren m\u00fcssen.&nbsp; Ein Zelt vom Typ Geteld (Utrechter Psalter) geh\u00f6rt zu den Dingen, die ich&#046;&#046;&#046;\" \/>\n<meta property=\"og:url\" content=\"https:\/\/www.tribur.de\/blog\/2023\/11\/10\/glamping-statt-camping-zelte-im-fruehmittelalter\/\" \/>\n<meta property=\"og:site_name\" content=\"Tribur.de\" \/>\n<meta property=\"article:publisher\" content=\"http:\/\/www.facebook.com\/pages\/Triburde\/184352328288771\" \/>\n<meta property=\"article:author\" content=\"http:\/\/www.facebook.com\/pages\/Triburde\/184352328288771\" \/>\n<meta property=\"article:published_time\" content=\"2023-11-10T17:37:01+00:00\" \/>\n<meta property=\"article:modified_time\" content=\"2023-11-10T17:37:04+00:00\" \/>\n<meta property=\"og:image\" content=\"http:\/\/www.tribur.de\/blog\/wp-content\/uploads\/2023\/11\/Zelte.jpg\" \/>\n<meta name=\"author\" content=\"Markus Zwittmeier\" \/>\n<meta name=\"twitter:card\" content=\"summary_large_image\" \/>\n<meta name=\"twitter:creator\" content=\"@https:\/\/twitter.com\/tribur\" \/>\n<meta name=\"twitter:site\" content=\"@tribur\" \/>\n<meta name=\"twitter:label1\" content=\"Verfasst von\" \/>\n\t<meta name=\"twitter:data1\" content=\"Markus Zwittmeier\" \/>\n\t<meta name=\"twitter:label2\" content=\"Gesch\u00e4tzte Lesezeit\" \/>\n\t<meta name=\"twitter:data2\" content=\"8\u00a0Minuten\" \/>\n<script type=\"application\/ld+json\" class=\"yoast-schema-graph\">{\"@context\":\"https:\\\/\\\/schema.org\",\"@graph\":[{\"@type\":\"Article\",\"@id\":\"https:\\\/\\\/www.tribur.de\\\/blog\\\/2023\\\/11\\\/10\\\/glamping-statt-camping-zelte-im-fruehmittelalter\\\/#article\",\"isPartOf\":{\"@id\":\"https:\\\/\\\/www.tribur.de\\\/blog\\\/2023\\\/11\\\/10\\\/glamping-statt-camping-zelte-im-fruehmittelalter\\\/\"},\"author\":{\"name\":\"Markus Zwittmeier\",\"@id\":\"https:\\\/\\\/www.tribur.de\\\/blog\\\/#\\\/schema\\\/person\\\/3119997f09f43791809c2d1af27bba6c\"},\"headline\":\"Glamping statt Camping &#8211; Zelte im Fr\u00fchmittelalter\",\"datePublished\":\"2023-11-10T17:37:01+00:00\",\"dateModified\":\"2023-11-10T17:37:04+00:00\",\"mainEntityOfPage\":{\"@id\":\"https:\\\/\\\/www.tribur.de\\\/blog\\\/2023\\\/11\\\/10\\\/glamping-statt-camping-zelte-im-fruehmittelalter\\\/\"},\"wordCount\":1506,\"commentCount\":0,\"publisher\":{\"@id\":\"https:\\\/\\\/www.tribur.de\\\/blog\\\/#\\\/schema\\\/person\\\/3119997f09f43791809c2d1af27bba6c\"},\"image\":{\"@id\":\"https:\\\/\\\/www.tribur.de\\\/blog\\\/2023\\\/11\\\/10\\\/glamping-statt-camping-zelte-im-fruehmittelalter\\\/#primaryimage\"},\"thumbnailUrl\":\"http:\\\/\\\/www.tribur.de\\\/blog\\\/wp-content\\\/uploads\\\/2023\\\/11\\\/Zelte.jpg\",\"keywords\":[\"Fr\u00fchmittelalter\",\"karolingisch\",\"Recherche\"],\"articleSection\":[\"Geschichte\"],\"inLanguage\":\"de\",\"potentialAction\":[{\"@type\":\"CommentAction\",\"name\":\"Comment\",\"target\":[\"https:\\\/\\\/www.tribur.de\\\/blog\\\/2023\\\/11\\\/10\\\/glamping-statt-camping-zelte-im-fruehmittelalter\\\/#respond\"]}]},{\"@type\":\"WebPage\",\"@id\":\"https:\\\/\\\/www.tribur.de\\\/blog\\\/2023\\\/11\\\/10\\\/glamping-statt-camping-zelte-im-fruehmittelalter\\\/\",\"url\":\"https:\\\/\\\/www.tribur.de\\\/blog\\\/2023\\\/11\\\/10\\\/glamping-statt-camping-zelte-im-fruehmittelalter\\\/\",\"name\":\"Glamping statt Camping - Zelte im Fr\u00fchmittelalter - Tribur.de\",\"isPartOf\":{\"@id\":\"https:\\\/\\\/www.tribur.de\\\/blog\\\/#website\"},\"primaryImageOfPage\":{\"@id\":\"https:\\\/\\\/www.tribur.de\\\/blog\\\/2023\\\/11\\\/10\\\/glamping-statt-camping-zelte-im-fruehmittelalter\\\/#primaryimage\"},\"image\":{\"@id\":\"https:\\\/\\\/www.tribur.de\\\/blog\\\/2023\\\/11\\\/10\\\/glamping-statt-camping-zelte-im-fruehmittelalter\\\/#primaryimage\"},\"thumbnailUrl\":\"http:\\\/\\\/www.tribur.de\\\/blog\\\/wp-content\\\/uploads\\\/2023\\\/11\\\/Zelte.jpg\",\"datePublished\":\"2023-11-10T17:37:01+00:00\",\"dateModified\":\"2023-11-10T17:37:04+00:00\",\"breadcrumb\":{\"@id\":\"https:\\\/\\\/www.tribur.de\\\/blog\\\/2023\\\/11\\\/10\\\/glamping-statt-camping-zelte-im-fruehmittelalter\\\/#breadcrumb\"},\"inLanguage\":\"de\",\"potentialAction\":[{\"@type\":\"ReadAction\",\"target\":[\"https:\\\/\\\/www.tribur.de\\\/blog\\\/2023\\\/11\\\/10\\\/glamping-statt-camping-zelte-im-fruehmittelalter\\\/\"]}]},{\"@type\":\"ImageObject\",\"inLanguage\":\"de\",\"@id\":\"https:\\\/\\\/www.tribur.de\\\/blog\\\/2023\\\/11\\\/10\\\/glamping-statt-camping-zelte-im-fruehmittelalter\\\/#primaryimage\",\"url\":\"http:\\\/\\\/www.tribur.de\\\/blog\\\/wp-content\\\/uploads\\\/2023\\\/11\\\/Zelte.jpg\",\"contentUrl\":\"http:\\\/\\\/www.tribur.de\\\/blog\\\/wp-content\\\/uploads\\\/2023\\\/11\\\/Zelte.jpg\"},{\"@type\":\"BreadcrumbList\",\"@id\":\"https:\\\/\\\/www.tribur.de\\\/blog\\\/2023\\\/11\\\/10\\\/glamping-statt-camping-zelte-im-fruehmittelalter\\\/#breadcrumb\",\"itemListElement\":[{\"@type\":\"ListItem\",\"position\":1,\"name\":\"Home\",\"item\":\"https:\\\/\\\/www.tribur.de\\\/blog\\\/\"},{\"@type\":\"ListItem\",\"position\":2,\"name\":\"Glamping statt Camping &#8211; Zelte im Fr\u00fchmittelalter\"}]},{\"@type\":\"WebSite\",\"@id\":\"https:\\\/\\\/www.tribur.de\\\/blog\\\/#website\",\"url\":\"https:\\\/\\\/www.tribur.de\\\/blog\\\/\",\"name\":\"Tribur.de\",\"description\":\"Tribur.de - Geschichte und so Zeugs\",\"publisher\":{\"@id\":\"https:\\\/\\\/www.tribur.de\\\/blog\\\/#\\\/schema\\\/person\\\/3119997f09f43791809c2d1af27bba6c\"},\"potentialAction\":[{\"@type\":\"SearchAction\",\"target\":{\"@type\":\"EntryPoint\",\"urlTemplate\":\"https:\\\/\\\/www.tribur.de\\\/blog\\\/?s={search_term_string}\"},\"query-input\":{\"@type\":\"PropertyValueSpecification\",\"valueRequired\":true,\"valueName\":\"search_term_string\"}}],\"inLanguage\":\"de\"},{\"@type\":[\"Person\",\"Organization\"],\"@id\":\"https:\\\/\\\/www.tribur.de\\\/blog\\\/#\\\/schema\\\/person\\\/3119997f09f43791809c2d1af27bba6c\",\"name\":\"Markus Zwittmeier\",\"image\":{\"@type\":\"ImageObject\",\"inLanguage\":\"de\",\"@id\":\"https:\\\/\\\/i0.wp.com\\\/www.tribur.de\\\/blog\\\/wp-content\\\/uploads\\\/2018\\\/09\\\/cropped-logotest-4.jpg?fit=200%2C200&ssl=1\",\"url\":\"https:\\\/\\\/i0.wp.com\\\/www.tribur.de\\\/blog\\\/wp-content\\\/uploads\\\/2018\\\/09\\\/cropped-logotest-4.jpg?fit=200%2C200&ssl=1\",\"contentUrl\":\"https:\\\/\\\/i0.wp.com\\\/www.tribur.de\\\/blog\\\/wp-content\\\/uploads\\\/2018\\\/09\\\/cropped-logotest-4.jpg?fit=200%2C200&ssl=1\",\"width\":200,\"height\":200,\"caption\":\"Markus Zwittmeier\"},\"logo\":{\"@id\":\"https:\\\/\\\/i0.wp.com\\\/www.tribur.de\\\/blog\\\/wp-content\\\/uploads\\\/2018\\\/09\\\/cropped-logotest-4.jpg?fit=200%2C200&ssl=1\"},\"sameAs\":[\"http:\\\/\\\/www.Tribur.de\",\"http:\\\/\\\/www.facebook.com\\\/pages\\\/Triburde\\\/184352328288771\",\"https:\\\/\\\/www.instagram.com\\\/tribur.de\\\/\",\"https:\\\/\\\/x.com\\\/https:\\\/\\\/twitter.com\\\/tribur\",\"https:\\\/\\\/www.youtube.com\\\/channel\\\/UCnEonou-x6_P4XPjBk2htCA\"],\"url\":\"https:\\\/\\\/www.tribur.de\\\/blog\\\/author\\\/markus\\\/\"}]}<\/script>\n<!-- \/ Yoast SEO plugin. -->","yoast_head_json":{"title":"Glamping statt Camping - Zelte im Fr\u00fchmittelalter - Tribur.de","robots":{"index":"index","follow":"follow","max-snippet":"max-snippet:-1","max-image-preview":"max-image-preview:large","max-video-preview":"max-video-preview:-1"},"canonical":"https:\/\/www.tribur.de\/blog\/2023\/11\/10\/glamping-statt-camping-zelte-im-fruehmittelalter\/","og_locale":"de_DE","og_type":"article","og_title":"Glamping statt Camping - Zelte im Fr\u00fchmittelalter - Tribur.de","og_description":"Urspr\u00fcnglich hatte ich einen anderen Artikel vorbereitet, aber da ich momentan viel im Hotel unterwegs bin habe ich etwas umdisponieren m\u00fcssen.&nbsp; Ein Zelt vom Typ Geteld (Utrechter Psalter) geh\u00f6rt zu den Dingen, die ich&#46;&#46;&#46;","og_url":"https:\/\/www.tribur.de\/blog\/2023\/11\/10\/glamping-statt-camping-zelte-im-fruehmittelalter\/","og_site_name":"Tribur.de","article_publisher":"http:\/\/www.facebook.com\/pages\/Triburde\/184352328288771","article_author":"http:\/\/www.facebook.com\/pages\/Triburde\/184352328288771","article_published_time":"2023-11-10T17:37:01+00:00","article_modified_time":"2023-11-10T17:37:04+00:00","og_image":[{"url":"http:\/\/www.tribur.de\/blog\/wp-content\/uploads\/2023\/11\/Zelte.jpg","type":"","width":"","height":""}],"author":"Markus Zwittmeier","twitter_card":"summary_large_image","twitter_creator":"@https:\/\/twitter.com\/tribur","twitter_site":"@tribur","twitter_misc":{"Verfasst von":"Markus Zwittmeier","Gesch\u00e4tzte Lesezeit":"8\u00a0Minuten"},"schema":{"@context":"https:\/\/schema.org","@graph":[{"@type":"Article","@id":"https:\/\/www.tribur.de\/blog\/2023\/11\/10\/glamping-statt-camping-zelte-im-fruehmittelalter\/#article","isPartOf":{"@id":"https:\/\/www.tribur.de\/blog\/2023\/11\/10\/glamping-statt-camping-zelte-im-fruehmittelalter\/"},"author":{"name":"Markus Zwittmeier","@id":"https:\/\/www.tribur.de\/blog\/#\/schema\/person\/3119997f09f43791809c2d1af27bba6c"},"headline":"Glamping statt Camping &#8211; Zelte im Fr\u00fchmittelalter","datePublished":"2023-11-10T17:37:01+00:00","dateModified":"2023-11-10T17:37:04+00:00","mainEntityOfPage":{"@id":"https:\/\/www.tribur.de\/blog\/2023\/11\/10\/glamping-statt-camping-zelte-im-fruehmittelalter\/"},"wordCount":1506,"commentCount":0,"publisher":{"@id":"https:\/\/www.tribur.de\/blog\/#\/schema\/person\/3119997f09f43791809c2d1af27bba6c"},"image":{"@id":"https:\/\/www.tribur.de\/blog\/2023\/11\/10\/glamping-statt-camping-zelte-im-fruehmittelalter\/#primaryimage"},"thumbnailUrl":"http:\/\/www.tribur.de\/blog\/wp-content\/uploads\/2023\/11\/Zelte.jpg","keywords":["Fr\u00fchmittelalter","karolingisch","Recherche"],"articleSection":["Geschichte"],"inLanguage":"de","potentialAction":[{"@type":"CommentAction","name":"Comment","target":["https:\/\/www.tribur.de\/blog\/2023\/11\/10\/glamping-statt-camping-zelte-im-fruehmittelalter\/#respond"]}]},{"@type":"WebPage","@id":"https:\/\/www.tribur.de\/blog\/2023\/11\/10\/glamping-statt-camping-zelte-im-fruehmittelalter\/","url":"https:\/\/www.tribur.de\/blog\/2023\/11\/10\/glamping-statt-camping-zelte-im-fruehmittelalter\/","name":"Glamping statt Camping - Zelte im Fr\u00fchmittelalter - Tribur.de","isPartOf":{"@id":"https:\/\/www.tribur.de\/blog\/#website"},"primaryImageOfPage":{"@id":"https:\/\/www.tribur.de\/blog\/2023\/11\/10\/glamping-statt-camping-zelte-im-fruehmittelalter\/#primaryimage"},"image":{"@id":"https:\/\/www.tribur.de\/blog\/2023\/11\/10\/glamping-statt-camping-zelte-im-fruehmittelalter\/#primaryimage"},"thumbnailUrl":"http:\/\/www.tribur.de\/blog\/wp-content\/uploads\/2023\/11\/Zelte.jpg","datePublished":"2023-11-10T17:37:01+00:00","dateModified":"2023-11-10T17:37:04+00:00","breadcrumb":{"@id":"https:\/\/www.tribur.de\/blog\/2023\/11\/10\/glamping-statt-camping-zelte-im-fruehmittelalter\/#breadcrumb"},"inLanguage":"de","potentialAction":[{"@type":"ReadAction","target":["https:\/\/www.tribur.de\/blog\/2023\/11\/10\/glamping-statt-camping-zelte-im-fruehmittelalter\/"]}]},{"@type":"ImageObject","inLanguage":"de","@id":"https:\/\/www.tribur.de\/blog\/2023\/11\/10\/glamping-statt-camping-zelte-im-fruehmittelalter\/#primaryimage","url":"http:\/\/www.tribur.de\/blog\/wp-content\/uploads\/2023\/11\/Zelte.jpg","contentUrl":"http:\/\/www.tribur.de\/blog\/wp-content\/uploads\/2023\/11\/Zelte.jpg"},{"@type":"BreadcrumbList","@id":"https:\/\/www.tribur.de\/blog\/2023\/11\/10\/glamping-statt-camping-zelte-im-fruehmittelalter\/#breadcrumb","itemListElement":[{"@type":"ListItem","position":1,"name":"Home","item":"https:\/\/www.tribur.de\/blog\/"},{"@type":"ListItem","position":2,"name":"Glamping statt Camping &#8211; Zelte im Fr\u00fchmittelalter"}]},{"@type":"WebSite","@id":"https:\/\/www.tribur.de\/blog\/#website","url":"https:\/\/www.tribur.de\/blog\/","name":"Tribur.de","description":"Tribur.de - Geschichte und so Zeugs","publisher":{"@id":"https:\/\/www.tribur.de\/blog\/#\/schema\/person\/3119997f09f43791809c2d1af27bba6c"},"potentialAction":[{"@type":"SearchAction","target":{"@type":"EntryPoint","urlTemplate":"https:\/\/www.tribur.de\/blog\/?s={search_term_string}"},"query-input":{"@type":"PropertyValueSpecification","valueRequired":true,"valueName":"search_term_string"}}],"inLanguage":"de"},{"@type":["Person","Organization"],"@id":"https:\/\/www.tribur.de\/blog\/#\/schema\/person\/3119997f09f43791809c2d1af27bba6c","name":"Markus Zwittmeier","image":{"@type":"ImageObject","inLanguage":"de","@id":"https:\/\/i0.wp.com\/www.tribur.de\/blog\/wp-content\/uploads\/2018\/09\/cropped-logotest-4.jpg?fit=200%2C200&ssl=1","url":"https:\/\/i0.wp.com\/www.tribur.de\/blog\/wp-content\/uploads\/2018\/09\/cropped-logotest-4.jpg?fit=200%2C200&ssl=1","contentUrl":"https:\/\/i0.wp.com\/www.tribur.de\/blog\/wp-content\/uploads\/2018\/09\/cropped-logotest-4.jpg?fit=200%2C200&ssl=1","width":200,"height":200,"caption":"Markus Zwittmeier"},"logo":{"@id":"https:\/\/i0.wp.com\/www.tribur.de\/blog\/wp-content\/uploads\/2018\/09\/cropped-logotest-4.jpg?fit=200%2C200&ssl=1"},"sameAs":["http:\/\/www.Tribur.de","http:\/\/www.facebook.com\/pages\/Triburde\/184352328288771","https:\/\/www.instagram.com\/tribur.de\/","https:\/\/x.com\/https:\/\/twitter.com\/tribur","https:\/\/www.youtube.com\/channel\/UCnEonou-x6_P4XPjBk2htCA"],"url":"https:\/\/www.tribur.de\/blog\/author\/markus\/"}]}},"jetpack_publicize_connections":[],"jetpack_featured_media_url":"","jetpack_shortlink":"https:\/\/wp.me\/p1mHPu-8G2","jetpack_sharing_enabled":true,"_links":{"self":[{"href":"https:\/\/www.tribur.de\/blog\/wp-json\/wp\/v2\/posts\/33358","targetHints":{"allow":["GET"]}}],"collection":[{"href":"https:\/\/www.tribur.de\/blog\/wp-json\/wp\/v2\/posts"}],"about":[{"href":"https:\/\/www.tribur.de\/blog\/wp-json\/wp\/v2\/types\/post"}],"author":[{"embeddable":true,"href":"https:\/\/www.tribur.de\/blog\/wp-json\/wp\/v2\/users\/2"}],"replies":[{"embeddable":true,"href":"https:\/\/www.tribur.de\/blog\/wp-json\/wp\/v2\/comments?post=33358"}],"version-history":[{"count":3,"href":"https:\/\/www.tribur.de\/blog\/wp-json\/wp\/v2\/posts\/33358\/revisions"}],"predecessor-version":[{"id":33362,"href":"https:\/\/www.tribur.de\/blog\/wp-json\/wp\/v2\/posts\/33358\/revisions\/33362"}],"wp:attachment":[{"href":"https:\/\/www.tribur.de\/blog\/wp-json\/wp\/v2\/media?parent=33358"}],"wp:term":[{"taxonomy":"category","embeddable":true,"href":"https:\/\/www.tribur.de\/blog\/wp-json\/wp\/v2\/categories?post=33358"},{"taxonomy":"post_tag","embeddable":true,"href":"https:\/\/www.tribur.de\/blog\/wp-json\/wp\/v2\/tags?post=33358"}],"curies":[{"name":"wp","href":"https:\/\/api.w.org\/{rel}","templated":true}]}}