{"id":33091,"date":"2023-03-16T17:26:07","date_gmt":"2023-03-16T16:26:07","guid":{"rendered":"http:\/\/www.tribur.de\/blog\/?p=33091"},"modified":"2023-03-16T17:26:11","modified_gmt":"2023-03-16T16:26:11","slug":"der-weg-zur-karolingischen-ruestung-teil-ii-die-bruenne-kette","status":"publish","type":"post","link":"https:\/\/www.tribur.de\/blog\/2023\/03\/16\/der-weg-zur-karolingischen-ruestung-teil-ii-die-bruenne-kette\/","title":{"rendered":"Der Weg zur karolingischen R\u00fcstung &#8211; Teil II &#8211; Die Br\u00fcnne\/Kette"},"content":{"rendered":"\n<p>Nach den einleitenden Testamenten, m\u00f6chte ich mir noch einmal die aufgef\u00fchrten Gegenst\u00e4nde n\u00e4her ansehen. Zun\u00e4chst einmal werde Kenntenhemd, der Br\u00fcnne im Fr\u00fchmittelalter befassen.<\/p>\n\n\n\n<p>Br\u00fcnnen, Kettenbr\u00fcnnen, bzw Kettenhemden zu finden, die irgendwie karolingisch, fr\u00e4nkisch oder ins 9. Jahrhundert zu datieren sind, ist nicht wirklich leicht.<\/p>\n\n\n\n<p>Einer anst\u00e4ndigen Datierung stehen dabei einige Probleme im Weg. Fragmente aus unklaren Fundzusammenh\u00e4ngen lassen sich nicht oder kaum datieren. Und wie man an den Testamenten und der Vererbung von Kettenhemden von Eberhard und Friaul und Ekkard von Macon sehen kann, wurden die R\u00fcstungsteile wohl schon mal mindestens \u00fcber zwei Generationen genutzt und waren somit \u00fcber eine l\u00e4ngere Zeit in Benutzung.<\/p>\n\n\n\n<p>Einige wenige Kettenhemden, bzw. Fragmente davon stammen aber dennoch m\u00f6glicherweise aus dem 9. Jahrhundert, oder kurz davor oder danach. Dabei orientiere ich mich in weiten Teilen an den Angaben aus dem Buch \u201cEuropean Mail Armour\u201d von Martijn A. Wijnhofen der im Appendix bergeweise Funde auflistet.<\/p>\n\n\n\n<p>Der Fund aus Oldenburg\/Starigard wird zwischen das 9. und 11. Jahrhundert datiert und besteht aus 5 kleineren Fragmenten. Das 4-in-1 Geflecht besteht aus genieteten und massiven Ringen, Drei Fragmente bestehen aus einer Kupferlegierung (Messing?) Au\u00dfendurchmesser der Ringe: 6-11mm , aus 1mm starkem Draht mit ausgepr\u00e4gten Rundnieten.<\/p>\n\n\n\n<p>Gotland\/Slite, wikingerzeitlich, 4-in-1 Geflecht aus Eisen und Kupferlegierung (wohl am Rand des Hemdes). Aussendurchmesser 8,8mm, 1mm St\u00e4rke, Rundnieten<\/p>\n\n\n\n<p>Malaviberg\/Schweden, wikingerzeitlich,16 Kettenringe , komplett vernietet. Aussendurchmesser 11 mm, 1,6mm st\u00e4rke, Rundnieten (Frauenbegr\u00e4bnis)<\/p>\n\n\n\n<p>Gamla Uspala 2 (710-750), zusammenh\u00e4ngendes Fragment von ca. 60 Ringen, 4-in-1 Geflecht aus Eisen, alle genietet, Au\u00dfendurchmesser 9,5 mm, Rundnieten<\/p>\n\n\n\n<p>Rullstorf (700-750) 4-in-1 Geflecht aus Eisen, genietet (Aus einem Brandbegr\u00e4bnis)<sup id=\"rf1-33091\"><a href=\"#fn1-33091\" title=\" L.Grunwald,&nbsp; Ein Kettenhemd aus Rullstorf, Ldkr. L\u00fcneburg&nbsp; in Die Kunde N. F. 48, 1997, S. 99-108. \" rel=\"footnote\">1<\/a><\/sup><\/p>\n\n\n\n<p>Und nat\u00fcrlich: Das Kettenhemd des hl. Wenzel. (ca. 1 H\u00e4lfte 10. Jahrhundert bis 11. Jh.) Problem an diesem St\u00fcck ist die Datierung. Je nach Publikation, unabh\u00e4ngig davon wann sie ver\u00f6ffentlicht wurde, findet man eine sp\u00e4te Datierung (11.&nbsp; JH.) oder eine fr\u00fche (z.B. 1. Jahrzehnt des 10. Jahrhunderts, z.B. in Europas Mitte um 1000), die damit, zumindest&nbsp; zeitlich gesehen,&nbsp; eigentlich noch sp\u00e4tkarolingisch w\u00e4re. Die aktuelle Forschungslage spricht sich klar f\u00fcr das fr\u00fchere Datum aus.<\/p>\n\n\n\n<p>Die Form des Hemdes l\u00e4sst einen westlichen Herstellungsort vermuten, aber auch eine Herstellung durch&nbsp; geflohene Handwerker aus dem karolingischen gepr\u00e4gten M\u00e4hrerreich, deren Reich im 1. Jahrzehnt des 10. Jahrhunderts zerfiel,&nbsp; wird diskutiert.<\/p>\n\n\n\n<p>Das eigentliche Hemd besteht aus einem 4-in-1 Geflecht aus genieteten und verschwei\u00dften Ringen, wobei ein genieteter Ringe in vier Verschwei\u00dfte greift. Der Durchmesser der Ringe betr\u00e4gt\u00a0 6-7mm, bei einer St\u00e4rke von 0,75-0,8mm. Die Ringe sind also im Vergleich zu den vorher angef\u00fchrten Fragmenten um einiges kleiner, das Geflecht dadurch enger und somit hochwertiger.<\/p>\n\n\n\n<p>Da das Hemd heute auf einem Tr\u00e4gerstoff befestigt ist, l\u00e4sst sich das genaue Gewicht schlecht bestimmen, jedoch ergaben Messungen vom Anfang des 20. Jahrhunderts ein Gewicht von 10,5kg. Die L\u00e4nge betr\u00e4gt etwa 106cm. Lose w\u00fcrde das Hemd bei mir mit 172cm auf den Knien enden. Mit entsprechender Polsterung unter dem Hemd, sowie einer G\u00fcrtung, wahrscheinlich etwa auf der Mitte bis Ende der Oberschenkel. Brustumfang ist 128cm, unterer Saum 174cm.<\/p>\n\n\n\n<p>In seiner Form dehnt es sich zum Rocksaum glockenf\u00f6rmig aus, w\u00e4hrend die \u00c4rmel gerade geschnitten sind.&nbsp;<\/p>\n\n\n\n<p>Man kann des \u00d6fteren von einer Schlitzung, sowohl vorne als auch hinten, lesen<sup id=\"rf2-33091\"><a href=\"#fn2-33091\" title=\" z.B. M. Bernart, Kettenhemden und andere Kriegerr\u00fcstungen des fr\u00fchen Mittelalters aus B\u00f6hmen, M\u00e4hren und der Slowakei in\u00a0 Internationale Tagung von Mikulcice IX Bewaffnung und Reiterausr\u00fcstung des 8. bis 10. Jahrhunderts in Mitteleuropa S13 \" rel=\"footnote\">2<\/a><\/sup> , doch dies ist nicht korrekt. Die Weitung des Kettenhemdes wird tats\u00e4chlich \u00fcber drei Keile erzeugt. Eine Gr\u00f6\u00dferer vorne und zwei Kleinere auf dem R\u00fccken, links und rechts der Mitte. Von den beiden R\u00fcckenkeilen ist jedoch einer zum gr\u00f6\u00dften Teil aus dem Hemd korrodiert, oder entfernt worden, wodurch der Eindruck einer Schlitzung entsteht.<\/p>\n\n\n\n<p>Starke Besch\u00e4digungen, wohl durch Korrosion besitzt das Hemd in der Kragenpartie\/Halsauschnitt, sowohl am Ansatz des rechten Arms.<\/p>\n\n\n\n<p>Die Herstellung des Hemdes erfolgte aus dem Zusammensetzen mehrerer vorgefertigter Rechtecke&nbsp; aus Kettengeflecht. Wahrscheinlich arbeiteten zwei Handwerker an dem Hemd, denn einige Partien an Brust und Schultern sind von minderer Qualit\u00e4t.<\/p>\n\n\n\n<p>Am unteren Saum, als auch am \u00c4rmelsaum befindet sich ein Streifen eines d\u00fcnneren Kettengeflechts. Dies wurde m\u00f6glicherweise erst nachtr\u00e4glich angebracht.<\/p>\n\n\n\n<p>Der vermeintliche Kragen des Kettenhemdes besteht zun\u00e4chst aus einem rechteckigen Segment von 50cm L\u00e4nge und 8 cm H\u00f6he. An den Langseiten\u00a0 wird er oben und unten durch 3 Reihen, an den Seiten 2 Reihen\u00a0 echtgold Ringen abgeschlossen.<\/p>\n\n\n\n<p>Der F\u00e4cherartige Kragen ist mittels andersartiger Ringe mit den Goldringen verbunden. Sein Au\u00dfenumfang betr\u00e4gt 123,5cm bei einer Breite von 12 cm. Der Kragen wurde aus mehreren trapezf\u00f6rmigen Segmenten zusammengef\u00fcgt.&nbsp;<\/p>\n\n\n\n<p>Vergleichb\u00e4re Kr\u00e4gen befinden sich in London und Cleveland und stammen aus dem 14. Jahrhundert, weshalb der Kragen wahrscheinlich ebenfalls erst in dieser Zeit entstand. Der Kragen&nbsp; imitiert das Kettengeflecht des Hemdes, besitzt jedoch nur Pseudonieten, um mit Hilfe des Stehkragens, der wahrscheinlich, zumindest zeitweilig, ein Teil des Kettengeflechts des Wenzelhelmes war,&nbsp; den Kragen zu erstellen.&nbsp;<\/p>\n\n\n\n<p>Grund f\u00fcr den Kragen k\u00f6nnten die Besch\u00e4digungen am oberen Teil des Hemdes gewesen sein, die man mit dem Kragen zu verdecken suchte.&nbsp;<\/p>\n\n\n\n<p>Eine endg\u00fcltige Datierung des Hemdes ist schwer und nahezu unm\u00f6glich. Es kann sich durchaus im Besitz des hl. Wenzel befunden haben. Es ist aber auch durchaus m\u00f6glich das sich das Hemd schon eine Weile, vielleicht als Geschenk aus dem Westen, im Besitz der P\u0159emysliden befand und somit als noch \u00e4lter anzusprechen und somit wirklich karolingisch w\u00e4re<sup id=\"rf3-33091\"><a href=\"#fn3-33091\" title=\" Die Informationen zum Hemd des hl. Wenzel stammen aus der aktuellsten Untersuchung: Nov\u00e1 zji\u0161t\u011bn\u00ed o p\u0159ilb\u011b a zbroji zv. svatov\u00e1clavsk\u00e9 von Milena Bravermanov\u00e1 et. al. erschienen in ARCHEOLOGIE VE ST\u0158EDN\u00cdCH \u010cECH\u00c1CH 23, 2019 , Das Paper kann auf Researchgate heruntergeladen werden&lt;a href=&quot;https:\/\/www.researchgate.net\/publication\/334277619_Nova_zjisteni_o_prilbe_a_zbroji_zv_svatovaclavske&quot; target=&quot;_blank&quot; rel=&quot;noreferrer noopener&quot;&gt; LINK&lt;\/a&gt;. Zwar ist er Tschechisch , aber es l\u00e4sst sich gut Online \u00fcbersetzen\" rel=\"footnote\">3<\/a><\/sup><\/p>\n<hr class=\"footnotes\"><ol class=\"footnotes\" style=\"list-style-type:decimal\"><li id=\"fn1-33091\"><p > L.Grunwald,&nbsp; Ein Kettenhemd aus Rullstorf, Ldkr. L\u00fcneburg&nbsp; in Die Kunde N. F. 48, 1997, S. 99-108. &nbsp;<a href=\"#rf1-33091\" class=\"backlink\" title=\"Return to footnote 1.\">&#8617;<\/a><\/p><\/li><li id=\"fn2-33091\"><p > z.B. M. Bernart, Kettenhemden und andere Kriegerr\u00fcstungen des fr\u00fchen Mittelalters aus B\u00f6hmen, M\u00e4hren und der Slowakei in\u00a0 Internationale Tagung von Mikulcice IX Bewaffnung und Reiterausr\u00fcstung des 8. bis 10. Jahrhunderts in Mitteleuropa S13 &nbsp;<a href=\"#rf2-33091\" class=\"backlink\" title=\"Return to footnote 2.\">&#8617;<\/a><\/p><\/li><li id=\"fn3-33091\"><p > Die Informationen zum Hemd des hl. Wenzel stammen aus der aktuellsten Untersuchung: Nov\u00e1 zji\u0161t\u011bn\u00ed o p\u0159ilb\u011b a zbroji zv. svatov\u00e1clavsk\u00e9 von Milena Bravermanov\u00e1 et. al. erschienen in ARCHEOLOGIE VE ST\u0158EDN\u00cdCH \u010cECH\u00c1CH 23, 2019 , Das Paper kann auf Researchgate heruntergeladen werden<a href=\"https:\/\/www.researchgate.net\/publication\/334277619_Nova_zjisteni_o_prilbe_a_zbroji_zv_svatovaclavske\" target=\"_blank\" rel=\"noreferrer noopener\"> LINK<\/a>. Zwar ist er Tschechisch , aber es l\u00e4sst sich gut Online \u00fcbersetzen&nbsp;<a href=\"#rf3-33091\" class=\"backlink\" title=\"Return to footnote 3.\">&#8617;<\/a><\/p><\/li><\/ol>","protected":false},"excerpt":{"rendered":"<p>Nach den einleitenden Testamenten, m\u00f6chte ich mir noch einmal die aufgef\u00fchrten Gegenst\u00e4nde n\u00e4her ansehen. Zun\u00e4chst einmal werde Kenntenhemd, der Br\u00fcnne im Fr\u00fchmittelalter befassen. Br\u00fcnnen, Kettenbr\u00fcnnen, bzw Kettenhemden zu finden, die irgendwie karolingisch, fr\u00e4nkisch oder&#46;&#46;&#46;<\/p>\n","protected":false},"author":2,"featured_media":28941,"comment_status":"open","ping_status":"open","sticky":false,"template":"","format":"standard","meta":{"jetpack_post_was_ever_published":false,"_jetpack_newsletter_access":"","_jetpack_dont_email_post_to_subs":false,"_jetpack_newsletter_tier_id":0,"_jetpack_memberships_contains_paywalled_content":false,"_jetpack_memberships_contains_paid_content":false,"footnotes":"","jetpack_publicize_message":"","jetpack_publicize_feature_enabled":true,"jetpack_social_post_already_shared":true,"jetpack_social_options":{"image_generator_settings":{"template":"highway","default_image_id":0,"font":"","enabled":false},"version":2}},"categories":[1],"tags":[54,11,32,49],"class_list":["post-33091","post","type-post","status-publish","format-standard","has-post-thumbnail","hentry","category-geschichte","tag-archaologie","tag-fruhmittelalter","tag-karolingisch","tag-recherche"],"yoast_head":"<!-- This site is optimized with the Yoast SEO plugin v27.5 - https:\/\/yoast.com\/product\/yoast-seo-wordpress\/ -->\n<title>Der Weg zur karolingischen R\u00fcstung - Teil II - Die Br\u00fcnne\/Kette - Tribur.de<\/title>\n<meta name=\"robots\" content=\"index, follow, max-snippet:-1, max-image-preview:large, max-video-preview:-1\" \/>\n<link rel=\"canonical\" href=\"https:\/\/www.tribur.de\/blog\/2023\/03\/16\/der-weg-zur-karolingischen-ruestung-teil-ii-die-bruenne-kette\/\" \/>\n<meta property=\"og:locale\" content=\"de_DE\" \/>\n<meta property=\"og:type\" content=\"article\" \/>\n<meta property=\"og:title\" content=\"Der Weg zur karolingischen R\u00fcstung - Teil II - Die Br\u00fcnne\/Kette - Tribur.de\" \/>\n<meta property=\"og:description\" content=\"Nach den einleitenden Testamenten, m\u00f6chte ich mir noch einmal die aufgef\u00fchrten Gegenst\u00e4nde n\u00e4her ansehen. Zun\u00e4chst einmal werde Kenntenhemd, der Br\u00fcnne im Fr\u00fchmittelalter befassen. Br\u00fcnnen, Kettenbr\u00fcnnen, bzw Kettenhemden zu finden, die irgendwie karolingisch, fr\u00e4nkisch oder&#046;&#046;&#046;\" \/>\n<meta property=\"og:url\" content=\"https:\/\/www.tribur.de\/blog\/2023\/03\/16\/der-weg-zur-karolingischen-ruestung-teil-ii-die-bruenne-kette\/\" \/>\n<meta property=\"og:site_name\" content=\"Tribur.de\" \/>\n<meta property=\"article:publisher\" content=\"http:\/\/www.facebook.com\/pages\/Triburde\/184352328288771\" \/>\n<meta property=\"article:author\" content=\"http:\/\/www.facebook.com\/pages\/Triburde\/184352328288771\" \/>\n<meta property=\"article:published_time\" content=\"2023-03-16T16:26:07+00:00\" \/>\n<meta property=\"article:modified_time\" content=\"2023-03-16T16:26:11+00:00\" \/>\n<meta property=\"og:image\" content=\"https:\/\/i0.wp.com\/www.tribur.de\/blog\/wp-content\/uploads\/2017\/02\/ScreenKarolinger.jpg?fit=800%2C264&ssl=1\" \/>\n\t<meta property=\"og:image:width\" content=\"800\" \/>\n\t<meta property=\"og:image:height\" content=\"264\" \/>\n\t<meta property=\"og:image:type\" content=\"image\/jpeg\" \/>\n<meta name=\"author\" content=\"Markus Zwittmeier\" \/>\n<meta name=\"twitter:card\" content=\"summary_large_image\" \/>\n<meta name=\"twitter:creator\" content=\"@https:\/\/twitter.com\/tribur\" \/>\n<meta name=\"twitter:site\" content=\"@tribur\" \/>\n<meta name=\"twitter:label1\" content=\"Verfasst von\" \/>\n\t<meta name=\"twitter:data1\" content=\"Markus Zwittmeier\" \/>\n\t<meta name=\"twitter:label2\" content=\"Gesch\u00e4tzte Lesezeit\" \/>\n\t<meta name=\"twitter:data2\" content=\"6\u00a0Minuten\" \/>\n<script type=\"application\/ld+json\" class=\"yoast-schema-graph\">{\"@context\":\"https:\\\/\\\/schema.org\",\"@graph\":[{\"@type\":\"Article\",\"@id\":\"https:\\\/\\\/www.tribur.de\\\/blog\\\/2023\\\/03\\\/16\\\/der-weg-zur-karolingischen-ruestung-teil-ii-die-bruenne-kette\\\/#article\",\"isPartOf\":{\"@id\":\"https:\\\/\\\/www.tribur.de\\\/blog\\\/2023\\\/03\\\/16\\\/der-weg-zur-karolingischen-ruestung-teil-ii-die-bruenne-kette\\\/\"},\"author\":{\"name\":\"Markus Zwittmeier\",\"@id\":\"https:\\\/\\\/www.tribur.de\\\/blog\\\/#\\\/schema\\\/person\\\/3119997f09f43791809c2d1af27bba6c\"},\"headline\":\"Der Weg zur karolingischen R\u00fcstung &#8211; Teil II &#8211; Die Br\u00fcnne\\\/Kette\",\"datePublished\":\"2023-03-16T16:26:07+00:00\",\"dateModified\":\"2023-03-16T16:26:11+00:00\",\"mainEntityOfPage\":{\"@id\":\"https:\\\/\\\/www.tribur.de\\\/blog\\\/2023\\\/03\\\/16\\\/der-weg-zur-karolingischen-ruestung-teil-ii-die-bruenne-kette\\\/\"},\"wordCount\":1031,\"commentCount\":0,\"publisher\":{\"@id\":\"https:\\\/\\\/www.tribur.de\\\/blog\\\/#\\\/schema\\\/person\\\/3119997f09f43791809c2d1af27bba6c\"},\"image\":{\"@id\":\"https:\\\/\\\/www.tribur.de\\\/blog\\\/2023\\\/03\\\/16\\\/der-weg-zur-karolingischen-ruestung-teil-ii-die-bruenne-kette\\\/#primaryimage\"},\"thumbnailUrl\":\"https:\\\/\\\/i0.wp.com\\\/www.tribur.de\\\/blog\\\/wp-content\\\/uploads\\\/2017\\\/02\\\/ScreenKarolinger.jpg?fit=800%2C264&ssl=1\",\"keywords\":[\"Arch\u00e4ologie\",\"Fr\u00fchmittelalter\",\"karolingisch\",\"Recherche\"],\"articleSection\":[\"Geschichte\"],\"inLanguage\":\"de\",\"potentialAction\":[{\"@type\":\"CommentAction\",\"name\":\"Comment\",\"target\":[\"https:\\\/\\\/www.tribur.de\\\/blog\\\/2023\\\/03\\\/16\\\/der-weg-zur-karolingischen-ruestung-teil-ii-die-bruenne-kette\\\/#respond\"]}]},{\"@type\":\"WebPage\",\"@id\":\"https:\\\/\\\/www.tribur.de\\\/blog\\\/2023\\\/03\\\/16\\\/der-weg-zur-karolingischen-ruestung-teil-ii-die-bruenne-kette\\\/\",\"url\":\"https:\\\/\\\/www.tribur.de\\\/blog\\\/2023\\\/03\\\/16\\\/der-weg-zur-karolingischen-ruestung-teil-ii-die-bruenne-kette\\\/\",\"name\":\"Der Weg zur karolingischen R\u00fcstung - Teil II - Die Br\u00fcnne\\\/Kette - Tribur.de\",\"isPartOf\":{\"@id\":\"https:\\\/\\\/www.tribur.de\\\/blog\\\/#website\"},\"primaryImageOfPage\":{\"@id\":\"https:\\\/\\\/www.tribur.de\\\/blog\\\/2023\\\/03\\\/16\\\/der-weg-zur-karolingischen-ruestung-teil-ii-die-bruenne-kette\\\/#primaryimage\"},\"image\":{\"@id\":\"https:\\\/\\\/www.tribur.de\\\/blog\\\/2023\\\/03\\\/16\\\/der-weg-zur-karolingischen-ruestung-teil-ii-die-bruenne-kette\\\/#primaryimage\"},\"thumbnailUrl\":\"https:\\\/\\\/i0.wp.com\\\/www.tribur.de\\\/blog\\\/wp-content\\\/uploads\\\/2017\\\/02\\\/ScreenKarolinger.jpg?fit=800%2C264&ssl=1\",\"datePublished\":\"2023-03-16T16:26:07+00:00\",\"dateModified\":\"2023-03-16T16:26:11+00:00\",\"breadcrumb\":{\"@id\":\"https:\\\/\\\/www.tribur.de\\\/blog\\\/2023\\\/03\\\/16\\\/der-weg-zur-karolingischen-ruestung-teil-ii-die-bruenne-kette\\\/#breadcrumb\"},\"inLanguage\":\"de\",\"potentialAction\":[{\"@type\":\"ReadAction\",\"target\":[\"https:\\\/\\\/www.tribur.de\\\/blog\\\/2023\\\/03\\\/16\\\/der-weg-zur-karolingischen-ruestung-teil-ii-die-bruenne-kette\\\/\"]}]},{\"@type\":\"ImageObject\",\"inLanguage\":\"de\",\"@id\":\"https:\\\/\\\/www.tribur.de\\\/blog\\\/2023\\\/03\\\/16\\\/der-weg-zur-karolingischen-ruestung-teil-ii-die-bruenne-kette\\\/#primaryimage\",\"url\":\"https:\\\/\\\/i0.wp.com\\\/www.tribur.de\\\/blog\\\/wp-content\\\/uploads\\\/2017\\\/02\\\/ScreenKarolinger.jpg?fit=800%2C264&ssl=1\",\"contentUrl\":\"https:\\\/\\\/i0.wp.com\\\/www.tribur.de\\\/blog\\\/wp-content\\\/uploads\\\/2017\\\/02\\\/ScreenKarolinger.jpg?fit=800%2C264&ssl=1\",\"width\":800,\"height\":264},{\"@type\":\"BreadcrumbList\",\"@id\":\"https:\\\/\\\/www.tribur.de\\\/blog\\\/2023\\\/03\\\/16\\\/der-weg-zur-karolingischen-ruestung-teil-ii-die-bruenne-kette\\\/#breadcrumb\",\"itemListElement\":[{\"@type\":\"ListItem\",\"position\":1,\"name\":\"Home\",\"item\":\"https:\\\/\\\/www.tribur.de\\\/blog\\\/\"},{\"@type\":\"ListItem\",\"position\":2,\"name\":\"Der Weg zur karolingischen R\u00fcstung &#8211; Teil II &#8211; Die Br\u00fcnne\\\/Kette\"}]},{\"@type\":\"WebSite\",\"@id\":\"https:\\\/\\\/www.tribur.de\\\/blog\\\/#website\",\"url\":\"https:\\\/\\\/www.tribur.de\\\/blog\\\/\",\"name\":\"Tribur.de\",\"description\":\"Tribur.de - Geschichte und so Zeugs\",\"publisher\":{\"@id\":\"https:\\\/\\\/www.tribur.de\\\/blog\\\/#\\\/schema\\\/person\\\/3119997f09f43791809c2d1af27bba6c\"},\"potentialAction\":[{\"@type\":\"SearchAction\",\"target\":{\"@type\":\"EntryPoint\",\"urlTemplate\":\"https:\\\/\\\/www.tribur.de\\\/blog\\\/?s={search_term_string}\"},\"query-input\":{\"@type\":\"PropertyValueSpecification\",\"valueRequired\":true,\"valueName\":\"search_term_string\"}}],\"inLanguage\":\"de\"},{\"@type\":[\"Person\",\"Organization\"],\"@id\":\"https:\\\/\\\/www.tribur.de\\\/blog\\\/#\\\/schema\\\/person\\\/3119997f09f43791809c2d1af27bba6c\",\"name\":\"Markus Zwittmeier\",\"image\":{\"@type\":\"ImageObject\",\"inLanguage\":\"de\",\"@id\":\"https:\\\/\\\/i0.wp.com\\\/www.tribur.de\\\/blog\\\/wp-content\\\/uploads\\\/2018\\\/09\\\/cropped-logotest-4.jpg?fit=200%2C200&ssl=1\",\"url\":\"https:\\\/\\\/i0.wp.com\\\/www.tribur.de\\\/blog\\\/wp-content\\\/uploads\\\/2018\\\/09\\\/cropped-logotest-4.jpg?fit=200%2C200&ssl=1\",\"contentUrl\":\"https:\\\/\\\/i0.wp.com\\\/www.tribur.de\\\/blog\\\/wp-content\\\/uploads\\\/2018\\\/09\\\/cropped-logotest-4.jpg?fit=200%2C200&ssl=1\",\"width\":200,\"height\":200,\"caption\":\"Markus Zwittmeier\"},\"logo\":{\"@id\":\"https:\\\/\\\/i0.wp.com\\\/www.tribur.de\\\/blog\\\/wp-content\\\/uploads\\\/2018\\\/09\\\/cropped-logotest-4.jpg?fit=200%2C200&ssl=1\"},\"sameAs\":[\"http:\\\/\\\/www.Tribur.de\",\"http:\\\/\\\/www.facebook.com\\\/pages\\\/Triburde\\\/184352328288771\",\"https:\\\/\\\/www.instagram.com\\\/tribur.de\\\/\",\"https:\\\/\\\/x.com\\\/https:\\\/\\\/twitter.com\\\/tribur\",\"https:\\\/\\\/www.youtube.com\\\/channel\\\/UCnEonou-x6_P4XPjBk2htCA\"],\"url\":\"https:\\\/\\\/www.tribur.de\\\/blog\\\/author\\\/markus\\\/\"}]}<\/script>\n<!-- \/ Yoast SEO plugin. -->","yoast_head_json":{"title":"Der Weg zur karolingischen R\u00fcstung - Teil II - Die Br\u00fcnne\/Kette - Tribur.de","robots":{"index":"index","follow":"follow","max-snippet":"max-snippet:-1","max-image-preview":"max-image-preview:large","max-video-preview":"max-video-preview:-1"},"canonical":"https:\/\/www.tribur.de\/blog\/2023\/03\/16\/der-weg-zur-karolingischen-ruestung-teil-ii-die-bruenne-kette\/","og_locale":"de_DE","og_type":"article","og_title":"Der Weg zur karolingischen R\u00fcstung - Teil II - Die Br\u00fcnne\/Kette - Tribur.de","og_description":"Nach den einleitenden Testamenten, m\u00f6chte ich mir noch einmal die aufgef\u00fchrten Gegenst\u00e4nde n\u00e4her ansehen. Zun\u00e4chst einmal werde Kenntenhemd, der Br\u00fcnne im Fr\u00fchmittelalter befassen. Br\u00fcnnen, Kettenbr\u00fcnnen, bzw Kettenhemden zu finden, die irgendwie karolingisch, fr\u00e4nkisch oder&#46;&#46;&#46;","og_url":"https:\/\/www.tribur.de\/blog\/2023\/03\/16\/der-weg-zur-karolingischen-ruestung-teil-ii-die-bruenne-kette\/","og_site_name":"Tribur.de","article_publisher":"http:\/\/www.facebook.com\/pages\/Triburde\/184352328288771","article_author":"http:\/\/www.facebook.com\/pages\/Triburde\/184352328288771","article_published_time":"2023-03-16T16:26:07+00:00","article_modified_time":"2023-03-16T16:26:11+00:00","og_image":[{"width":800,"height":264,"url":"https:\/\/i0.wp.com\/www.tribur.de\/blog\/wp-content\/uploads\/2017\/02\/ScreenKarolinger.jpg?fit=800%2C264&ssl=1","type":"image\/jpeg"}],"author":"Markus Zwittmeier","twitter_card":"summary_large_image","twitter_creator":"@https:\/\/twitter.com\/tribur","twitter_site":"@tribur","twitter_misc":{"Verfasst von":"Markus Zwittmeier","Gesch\u00e4tzte Lesezeit":"6\u00a0Minuten"},"schema":{"@context":"https:\/\/schema.org","@graph":[{"@type":"Article","@id":"https:\/\/www.tribur.de\/blog\/2023\/03\/16\/der-weg-zur-karolingischen-ruestung-teil-ii-die-bruenne-kette\/#article","isPartOf":{"@id":"https:\/\/www.tribur.de\/blog\/2023\/03\/16\/der-weg-zur-karolingischen-ruestung-teil-ii-die-bruenne-kette\/"},"author":{"name":"Markus Zwittmeier","@id":"https:\/\/www.tribur.de\/blog\/#\/schema\/person\/3119997f09f43791809c2d1af27bba6c"},"headline":"Der Weg zur karolingischen R\u00fcstung &#8211; Teil II &#8211; Die Br\u00fcnne\/Kette","datePublished":"2023-03-16T16:26:07+00:00","dateModified":"2023-03-16T16:26:11+00:00","mainEntityOfPage":{"@id":"https:\/\/www.tribur.de\/blog\/2023\/03\/16\/der-weg-zur-karolingischen-ruestung-teil-ii-die-bruenne-kette\/"},"wordCount":1031,"commentCount":0,"publisher":{"@id":"https:\/\/www.tribur.de\/blog\/#\/schema\/person\/3119997f09f43791809c2d1af27bba6c"},"image":{"@id":"https:\/\/www.tribur.de\/blog\/2023\/03\/16\/der-weg-zur-karolingischen-ruestung-teil-ii-die-bruenne-kette\/#primaryimage"},"thumbnailUrl":"https:\/\/i0.wp.com\/www.tribur.de\/blog\/wp-content\/uploads\/2017\/02\/ScreenKarolinger.jpg?fit=800%2C264&ssl=1","keywords":["Arch\u00e4ologie","Fr\u00fchmittelalter","karolingisch","Recherche"],"articleSection":["Geschichte"],"inLanguage":"de","potentialAction":[{"@type":"CommentAction","name":"Comment","target":["https:\/\/www.tribur.de\/blog\/2023\/03\/16\/der-weg-zur-karolingischen-ruestung-teil-ii-die-bruenne-kette\/#respond"]}]},{"@type":"WebPage","@id":"https:\/\/www.tribur.de\/blog\/2023\/03\/16\/der-weg-zur-karolingischen-ruestung-teil-ii-die-bruenne-kette\/","url":"https:\/\/www.tribur.de\/blog\/2023\/03\/16\/der-weg-zur-karolingischen-ruestung-teil-ii-die-bruenne-kette\/","name":"Der Weg zur karolingischen R\u00fcstung - Teil II - Die Br\u00fcnne\/Kette - Tribur.de","isPartOf":{"@id":"https:\/\/www.tribur.de\/blog\/#website"},"primaryImageOfPage":{"@id":"https:\/\/www.tribur.de\/blog\/2023\/03\/16\/der-weg-zur-karolingischen-ruestung-teil-ii-die-bruenne-kette\/#primaryimage"},"image":{"@id":"https:\/\/www.tribur.de\/blog\/2023\/03\/16\/der-weg-zur-karolingischen-ruestung-teil-ii-die-bruenne-kette\/#primaryimage"},"thumbnailUrl":"https:\/\/i0.wp.com\/www.tribur.de\/blog\/wp-content\/uploads\/2017\/02\/ScreenKarolinger.jpg?fit=800%2C264&ssl=1","datePublished":"2023-03-16T16:26:07+00:00","dateModified":"2023-03-16T16:26:11+00:00","breadcrumb":{"@id":"https:\/\/www.tribur.de\/blog\/2023\/03\/16\/der-weg-zur-karolingischen-ruestung-teil-ii-die-bruenne-kette\/#breadcrumb"},"inLanguage":"de","potentialAction":[{"@type":"ReadAction","target":["https:\/\/www.tribur.de\/blog\/2023\/03\/16\/der-weg-zur-karolingischen-ruestung-teil-ii-die-bruenne-kette\/"]}]},{"@type":"ImageObject","inLanguage":"de","@id":"https:\/\/www.tribur.de\/blog\/2023\/03\/16\/der-weg-zur-karolingischen-ruestung-teil-ii-die-bruenne-kette\/#primaryimage","url":"https:\/\/i0.wp.com\/www.tribur.de\/blog\/wp-content\/uploads\/2017\/02\/ScreenKarolinger.jpg?fit=800%2C264&ssl=1","contentUrl":"https:\/\/i0.wp.com\/www.tribur.de\/blog\/wp-content\/uploads\/2017\/02\/ScreenKarolinger.jpg?fit=800%2C264&ssl=1","width":800,"height":264},{"@type":"BreadcrumbList","@id":"https:\/\/www.tribur.de\/blog\/2023\/03\/16\/der-weg-zur-karolingischen-ruestung-teil-ii-die-bruenne-kette\/#breadcrumb","itemListElement":[{"@type":"ListItem","position":1,"name":"Home","item":"https:\/\/www.tribur.de\/blog\/"},{"@type":"ListItem","position":2,"name":"Der Weg zur karolingischen R\u00fcstung &#8211; Teil II &#8211; Die Br\u00fcnne\/Kette"}]},{"@type":"WebSite","@id":"https:\/\/www.tribur.de\/blog\/#website","url":"https:\/\/www.tribur.de\/blog\/","name":"Tribur.de","description":"Tribur.de - Geschichte und so Zeugs","publisher":{"@id":"https:\/\/www.tribur.de\/blog\/#\/schema\/person\/3119997f09f43791809c2d1af27bba6c"},"potentialAction":[{"@type":"SearchAction","target":{"@type":"EntryPoint","urlTemplate":"https:\/\/www.tribur.de\/blog\/?s={search_term_string}"},"query-input":{"@type":"PropertyValueSpecification","valueRequired":true,"valueName":"search_term_string"}}],"inLanguage":"de"},{"@type":["Person","Organization"],"@id":"https:\/\/www.tribur.de\/blog\/#\/schema\/person\/3119997f09f43791809c2d1af27bba6c","name":"Markus Zwittmeier","image":{"@type":"ImageObject","inLanguage":"de","@id":"https:\/\/i0.wp.com\/www.tribur.de\/blog\/wp-content\/uploads\/2018\/09\/cropped-logotest-4.jpg?fit=200%2C200&ssl=1","url":"https:\/\/i0.wp.com\/www.tribur.de\/blog\/wp-content\/uploads\/2018\/09\/cropped-logotest-4.jpg?fit=200%2C200&ssl=1","contentUrl":"https:\/\/i0.wp.com\/www.tribur.de\/blog\/wp-content\/uploads\/2018\/09\/cropped-logotest-4.jpg?fit=200%2C200&ssl=1","width":200,"height":200,"caption":"Markus Zwittmeier"},"logo":{"@id":"https:\/\/i0.wp.com\/www.tribur.de\/blog\/wp-content\/uploads\/2018\/09\/cropped-logotest-4.jpg?fit=200%2C200&ssl=1"},"sameAs":["http:\/\/www.Tribur.de","http:\/\/www.facebook.com\/pages\/Triburde\/184352328288771","https:\/\/www.instagram.com\/tribur.de\/","https:\/\/x.com\/https:\/\/twitter.com\/tribur","https:\/\/www.youtube.com\/channel\/UCnEonou-x6_P4XPjBk2htCA"],"url":"https:\/\/www.tribur.de\/blog\/author\/markus\/"}]}},"jetpack_publicize_connections":[],"jetpack_featured_media_url":"https:\/\/i0.wp.com\/www.tribur.de\/blog\/wp-content\/uploads\/2017\/02\/ScreenKarolinger.jpg?fit=800%2C264&ssl=1","jetpack_shortlink":"https:\/\/wp.me\/p1mHPu-8BJ","jetpack_sharing_enabled":true,"_links":{"self":[{"href":"https:\/\/www.tribur.de\/blog\/wp-json\/wp\/v2\/posts\/33091","targetHints":{"allow":["GET"]}}],"collection":[{"href":"https:\/\/www.tribur.de\/blog\/wp-json\/wp\/v2\/posts"}],"about":[{"href":"https:\/\/www.tribur.de\/blog\/wp-json\/wp\/v2\/types\/post"}],"author":[{"embeddable":true,"href":"https:\/\/www.tribur.de\/blog\/wp-json\/wp\/v2\/users\/2"}],"replies":[{"embeddable":true,"href":"https:\/\/www.tribur.de\/blog\/wp-json\/wp\/v2\/comments?post=33091"}],"version-history":[{"count":5,"href":"https:\/\/www.tribur.de\/blog\/wp-json\/wp\/v2\/posts\/33091\/revisions"}],"predecessor-version":[{"id":33096,"href":"https:\/\/www.tribur.de\/blog\/wp-json\/wp\/v2\/posts\/33091\/revisions\/33096"}],"wp:featuredmedia":[{"embeddable":true,"href":"https:\/\/www.tribur.de\/blog\/wp-json\/wp\/v2\/media\/28941"}],"wp:attachment":[{"href":"https:\/\/www.tribur.de\/blog\/wp-json\/wp\/v2\/media?parent=33091"}],"wp:term":[{"taxonomy":"category","embeddable":true,"href":"https:\/\/www.tribur.de\/blog\/wp-json\/wp\/v2\/categories?post=33091"},{"taxonomy":"post_tag","embeddable":true,"href":"https:\/\/www.tribur.de\/blog\/wp-json\/wp\/v2\/tags?post=33091"}],"curies":[{"name":"wp","href":"https:\/\/api.w.org\/{rel}","templated":true}]}}