{"id":33080,"date":"2023-03-03T14:19:39","date_gmt":"2023-03-03T13:19:39","guid":{"rendered":"http:\/\/www.tribur.de\/blog\/?p=33080"},"modified":"2023-03-03T14:19:44","modified_gmt":"2023-03-03T13:19:44","slug":"karolingische-handschriften-nachtrag-zum-ada-evangeliar","status":"publish","type":"post","link":"https:\/\/www.tribur.de\/blog\/2023\/03\/03\/karolingische-handschriften-nachtrag-zum-ada-evangeliar\/","title":{"rendered":"Karolingische Handschriften &#8211; Nachtrag zum Ada-Evangeliar"},"content":{"rendered":"\n<p>Ich habe einen, wie ich finde, recht wichtigen Aspekt des Ada-Evangeliars vergessen oder \u00fcbersehen und will diese nun nicht unerw\u00e4hnt lassen.<\/p>\n\n\n\n<p>Es handelt sich um eine Referenz auf Byzanz die sich in den Evangelistenbildern findet, von der ich aber beim besten Willen nichts wusste und die glaube ich so ohne weiteres niemand erkennt, wenn er da nicht wirklich drin steckt.&nbsp;<\/p>\n\n\n\n<p>Die Hintergr\u00fcnde der Evangelisten, die von den B\u00f6gen gefasst sind, wobei die B\u00f6gen zu den byzantinischen Element geh\u00f6ren. Es sind Theatherb\u00f6gen. Die Evangelisten sitzen sozusagen auf einer Theaterb\u00fchne in einer Theatherdeko!<\/p>\n\n\n\n<p>Matth\u00e4us und Johannes sitzen in halbrunden Exedra, Lukas in einem rechteckigen Hof und Markus vor einer Abschlu\u00dfwand.<\/p>\n\n\n\n<p>Diese Darstellungen finden sich in den wenigen erhaltenen byzantinischen Evangelien wieder. Woher nun aber die Vorlage stammt ist unklar.Albert B\u00f6ckler vermutet einen graeco-italienische und ein byzantinisches Evangeliar als Vorbild, wobei letzteres aus dem 8. Jahrhundert stammen soll. Elisabeth Rosenbaum sieht dagegen ein Original aus dem Rom des 7. Jahrhunderts das unter griechischem Einfluss entstand.<\/p>\n\n\n\n<figure class=\"wp-block-image size-large\"><a href=\"https:\/\/i0.wp.com\/www.tribur.de\/blog\/wp-content\/uploads\/2023\/01\/Evangelisten-Ada.jpg?ssl=1\"><img data-recalc-dims=\"1\" loading=\"lazy\" decoding=\"async\" width=\"1024\" height=\"367\" src=\"https:\/\/i0.wp.com\/www.tribur.de\/blog\/wp-content\/uploads\/2023\/01\/Evangelisten-Ada.jpg?resize=1024%2C367&#038;ssl=1\" alt=\"\" class=\"wp-image-32978\" srcset=\"https:\/\/i0.wp.com\/www.tribur.de\/blog\/wp-content\/uploads\/2023\/01\/Evangelisten-Ada.jpg?resize=1024%2C367&amp;ssl=1 1024w, https:\/\/i0.wp.com\/www.tribur.de\/blog\/wp-content\/uploads\/2023\/01\/Evangelisten-Ada.jpg?resize=300%2C108&amp;ssl=1 300w, https:\/\/i0.wp.com\/www.tribur.de\/blog\/wp-content\/uploads\/2023\/01\/Evangelisten-Ada.jpg?resize=768%2C275&amp;ssl=1 768w, https:\/\/i0.wp.com\/www.tribur.de\/blog\/wp-content\/uploads\/2023\/01\/Evangelisten-Ada.jpg?resize=1536%2C550&amp;ssl=1 1536w, https:\/\/i0.wp.com\/www.tribur.de\/blog\/wp-content\/uploads\/2023\/01\/Evangelisten-Ada.jpg?w=1705&amp;ssl=1 1705w\" sizes=\"auto, (max-width: 1000px) 100vw, 1000px\" \/><\/a><\/figure>\n","protected":false},"excerpt":{"rendered":"<p>Ich habe einen, wie ich finde, recht wichtigen Aspekt des Ada-Evangeliars vergessen oder \u00fcbersehen und will diese nun nicht unerw\u00e4hnt lassen. Es handelt sich um eine Referenz auf Byzanz die sich in den Evangelistenbildern&#46;&#46;&#46;<\/p>\n","protected":false},"author":2,"featured_media":0,"comment_status":"open","ping_status":"open","sticky":false,"template":"","format":"standard","meta":{"jetpack_post_was_ever_published":false,"_jetpack_newsletter_access":"","_jetpack_dont_email_post_to_subs":false,"_jetpack_newsletter_tier_id":0,"_jetpack_memberships_contains_paywalled_content":false,"_jetpack_memberships_contains_paid_content":false,"footnotes":"","jetpack_publicize_message":"","jetpack_publicize_feature_enabled":true,"jetpack_social_post_already_shared":true,"jetpack_social_options":{"image_generator_settings":{"template":"highway","default_image_id":0,"font":"","enabled":false},"version":2}},"categories":[1],"tags":[11,32,49],"class_list":["post-33080","post","type-post","status-publish","format-standard","hentry","category-geschichte","tag-fruhmittelalter","tag-karolingisch","tag-recherche"],"yoast_head":"<!-- This site is optimized with the Yoast SEO plugin v27.5 - https:\/\/yoast.com\/product\/yoast-seo-wordpress\/ -->\n<title>Karolingische Handschriften - Nachtrag zum Ada-Evangeliar - Tribur.de<\/title>\n<meta name=\"robots\" content=\"index, follow, max-snippet:-1, max-image-preview:large, max-video-preview:-1\" \/>\n<link rel=\"canonical\" href=\"https:\/\/www.tribur.de\/blog\/2023\/03\/03\/karolingische-handschriften-nachtrag-zum-ada-evangeliar\/\" \/>\n<meta property=\"og:locale\" content=\"de_DE\" \/>\n<meta property=\"og:type\" content=\"article\" \/>\n<meta property=\"og:title\" content=\"Karolingische Handschriften - Nachtrag zum Ada-Evangeliar - Tribur.de\" \/>\n<meta property=\"og:description\" content=\"Ich habe einen, wie ich finde, recht wichtigen Aspekt des Ada-Evangeliars vergessen oder \u00fcbersehen und will diese nun nicht unerw\u00e4hnt lassen. Es handelt sich um eine Referenz auf Byzanz die sich in den Evangelistenbildern&#046;&#046;&#046;\" \/>\n<meta property=\"og:url\" content=\"https:\/\/www.tribur.de\/blog\/2023\/03\/03\/karolingische-handschriften-nachtrag-zum-ada-evangeliar\/\" \/>\n<meta property=\"og:site_name\" content=\"Tribur.de\" \/>\n<meta property=\"article:publisher\" content=\"http:\/\/www.facebook.com\/pages\/Triburde\/184352328288771\" \/>\n<meta property=\"article:author\" content=\"http:\/\/www.facebook.com\/pages\/Triburde\/184352328288771\" \/>\n<meta property=\"article:published_time\" content=\"2023-03-03T13:19:39+00:00\" \/>\n<meta property=\"article:modified_time\" content=\"2023-03-03T13:19:44+00:00\" \/>\n<meta property=\"og:image\" content=\"http:\/\/www.tribur.de\/blog\/wp-content\/uploads\/2023\/01\/Evangelisten-Ada-1024x367.jpg\" \/>\n<meta name=\"author\" content=\"Markus Zwittmeier\" \/>\n<meta name=\"twitter:card\" content=\"summary_large_image\" \/>\n<meta name=\"twitter:creator\" content=\"@https:\/\/twitter.com\/tribur\" \/>\n<meta name=\"twitter:site\" content=\"@tribur\" \/>\n<meta name=\"twitter:label1\" content=\"Verfasst von\" \/>\n\t<meta name=\"twitter:data1\" content=\"Markus Zwittmeier\" \/>\n\t<meta name=\"twitter:label2\" content=\"Gesch\u00e4tzte Lesezeit\" \/>\n\t<meta name=\"twitter:data2\" content=\"2\u00a0Minuten\" \/>\n<script type=\"application\/ld+json\" class=\"yoast-schema-graph\">{\"@context\":\"https:\\\/\\\/schema.org\",\"@graph\":[{\"@type\":\"Article\",\"@id\":\"https:\\\/\\\/www.tribur.de\\\/blog\\\/2023\\\/03\\\/03\\\/karolingische-handschriften-nachtrag-zum-ada-evangeliar\\\/#article\",\"isPartOf\":{\"@id\":\"https:\\\/\\\/www.tribur.de\\\/blog\\\/2023\\\/03\\\/03\\\/karolingische-handschriften-nachtrag-zum-ada-evangeliar\\\/\"},\"author\":{\"name\":\"Markus Zwittmeier\",\"@id\":\"https:\\\/\\\/www.tribur.de\\\/blog\\\/#\\\/schema\\\/person\\\/3119997f09f43791809c2d1af27bba6c\"},\"headline\":\"Karolingische Handschriften &#8211; Nachtrag zum Ada-Evangeliar\",\"datePublished\":\"2023-03-03T13:19:39+00:00\",\"dateModified\":\"2023-03-03T13:19:44+00:00\",\"mainEntityOfPage\":{\"@id\":\"https:\\\/\\\/www.tribur.de\\\/blog\\\/2023\\\/03\\\/03\\\/karolingische-handschriften-nachtrag-zum-ada-evangeliar\\\/\"},\"wordCount\":178,\"commentCount\":0,\"publisher\":{\"@id\":\"https:\\\/\\\/www.tribur.de\\\/blog\\\/#\\\/schema\\\/person\\\/3119997f09f43791809c2d1af27bba6c\"},\"image\":{\"@id\":\"https:\\\/\\\/www.tribur.de\\\/blog\\\/2023\\\/03\\\/03\\\/karolingische-handschriften-nachtrag-zum-ada-evangeliar\\\/#primaryimage\"},\"thumbnailUrl\":\"http:\\\/\\\/www.tribur.de\\\/blog\\\/wp-content\\\/uploads\\\/2023\\\/01\\\/Evangelisten-Ada-1024x367.jpg\",\"keywords\":[\"Fr\u00fchmittelalter\",\"karolingisch\",\"Recherche\"],\"articleSection\":[\"Geschichte\"],\"inLanguage\":\"de\",\"potentialAction\":[{\"@type\":\"CommentAction\",\"name\":\"Comment\",\"target\":[\"https:\\\/\\\/www.tribur.de\\\/blog\\\/2023\\\/03\\\/03\\\/karolingische-handschriften-nachtrag-zum-ada-evangeliar\\\/#respond\"]}]},{\"@type\":\"WebPage\",\"@id\":\"https:\\\/\\\/www.tribur.de\\\/blog\\\/2023\\\/03\\\/03\\\/karolingische-handschriften-nachtrag-zum-ada-evangeliar\\\/\",\"url\":\"https:\\\/\\\/www.tribur.de\\\/blog\\\/2023\\\/03\\\/03\\\/karolingische-handschriften-nachtrag-zum-ada-evangeliar\\\/\",\"name\":\"Karolingische Handschriften - Nachtrag zum Ada-Evangeliar - Tribur.de\",\"isPartOf\":{\"@id\":\"https:\\\/\\\/www.tribur.de\\\/blog\\\/#website\"},\"primaryImageOfPage\":{\"@id\":\"https:\\\/\\\/www.tribur.de\\\/blog\\\/2023\\\/03\\\/03\\\/karolingische-handschriften-nachtrag-zum-ada-evangeliar\\\/#primaryimage\"},\"image\":{\"@id\":\"https:\\\/\\\/www.tribur.de\\\/blog\\\/2023\\\/03\\\/03\\\/karolingische-handschriften-nachtrag-zum-ada-evangeliar\\\/#primaryimage\"},\"thumbnailUrl\":\"http:\\\/\\\/www.tribur.de\\\/blog\\\/wp-content\\\/uploads\\\/2023\\\/01\\\/Evangelisten-Ada-1024x367.jpg\",\"datePublished\":\"2023-03-03T13:19:39+00:00\",\"dateModified\":\"2023-03-03T13:19:44+00:00\",\"breadcrumb\":{\"@id\":\"https:\\\/\\\/www.tribur.de\\\/blog\\\/2023\\\/03\\\/03\\\/karolingische-handschriften-nachtrag-zum-ada-evangeliar\\\/#breadcrumb\"},\"inLanguage\":\"de\",\"potentialAction\":[{\"@type\":\"ReadAction\",\"target\":[\"https:\\\/\\\/www.tribur.de\\\/blog\\\/2023\\\/03\\\/03\\\/karolingische-handschriften-nachtrag-zum-ada-evangeliar\\\/\"]}]},{\"@type\":\"ImageObject\",\"inLanguage\":\"de\",\"@id\":\"https:\\\/\\\/www.tribur.de\\\/blog\\\/2023\\\/03\\\/03\\\/karolingische-handschriften-nachtrag-zum-ada-evangeliar\\\/#primaryimage\",\"url\":\"http:\\\/\\\/www.tribur.de\\\/blog\\\/wp-content\\\/uploads\\\/2023\\\/01\\\/Evangelisten-Ada-1024x367.jpg\",\"contentUrl\":\"http:\\\/\\\/www.tribur.de\\\/blog\\\/wp-content\\\/uploads\\\/2023\\\/01\\\/Evangelisten-Ada-1024x367.jpg\"},{\"@type\":\"BreadcrumbList\",\"@id\":\"https:\\\/\\\/www.tribur.de\\\/blog\\\/2023\\\/03\\\/03\\\/karolingische-handschriften-nachtrag-zum-ada-evangeliar\\\/#breadcrumb\",\"itemListElement\":[{\"@type\":\"ListItem\",\"position\":1,\"name\":\"Home\",\"item\":\"https:\\\/\\\/www.tribur.de\\\/blog\\\/\"},{\"@type\":\"ListItem\",\"position\":2,\"name\":\"Karolingische Handschriften &#8211; Nachtrag zum Ada-Evangeliar\"}]},{\"@type\":\"WebSite\",\"@id\":\"https:\\\/\\\/www.tribur.de\\\/blog\\\/#website\",\"url\":\"https:\\\/\\\/www.tribur.de\\\/blog\\\/\",\"name\":\"Tribur.de\",\"description\":\"Tribur.de - Geschichte und so Zeugs\",\"publisher\":{\"@id\":\"https:\\\/\\\/www.tribur.de\\\/blog\\\/#\\\/schema\\\/person\\\/3119997f09f43791809c2d1af27bba6c\"},\"potentialAction\":[{\"@type\":\"SearchAction\",\"target\":{\"@type\":\"EntryPoint\",\"urlTemplate\":\"https:\\\/\\\/www.tribur.de\\\/blog\\\/?s={search_term_string}\"},\"query-input\":{\"@type\":\"PropertyValueSpecification\",\"valueRequired\":true,\"valueName\":\"search_term_string\"}}],\"inLanguage\":\"de\"},{\"@type\":[\"Person\",\"Organization\"],\"@id\":\"https:\\\/\\\/www.tribur.de\\\/blog\\\/#\\\/schema\\\/person\\\/3119997f09f43791809c2d1af27bba6c\",\"name\":\"Markus Zwittmeier\",\"image\":{\"@type\":\"ImageObject\",\"inLanguage\":\"de\",\"@id\":\"https:\\\/\\\/i0.wp.com\\\/www.tribur.de\\\/blog\\\/wp-content\\\/uploads\\\/2018\\\/09\\\/cropped-logotest-4.jpg?fit=200%2C200&ssl=1\",\"url\":\"https:\\\/\\\/i0.wp.com\\\/www.tribur.de\\\/blog\\\/wp-content\\\/uploads\\\/2018\\\/09\\\/cropped-logotest-4.jpg?fit=200%2C200&ssl=1\",\"contentUrl\":\"https:\\\/\\\/i0.wp.com\\\/www.tribur.de\\\/blog\\\/wp-content\\\/uploads\\\/2018\\\/09\\\/cropped-logotest-4.jpg?fit=200%2C200&ssl=1\",\"width\":200,\"height\":200,\"caption\":\"Markus Zwittmeier\"},\"logo\":{\"@id\":\"https:\\\/\\\/i0.wp.com\\\/www.tribur.de\\\/blog\\\/wp-content\\\/uploads\\\/2018\\\/09\\\/cropped-logotest-4.jpg?fit=200%2C200&ssl=1\"},\"sameAs\":[\"http:\\\/\\\/www.Tribur.de\",\"http:\\\/\\\/www.facebook.com\\\/pages\\\/Triburde\\\/184352328288771\",\"https:\\\/\\\/www.instagram.com\\\/tribur.de\\\/\",\"https:\\\/\\\/x.com\\\/https:\\\/\\\/twitter.com\\\/tribur\",\"https:\\\/\\\/www.youtube.com\\\/channel\\\/UCnEonou-x6_P4XPjBk2htCA\"],\"url\":\"https:\\\/\\\/www.tribur.de\\\/blog\\\/author\\\/markus\\\/\"}]}<\/script>\n<!-- \/ Yoast SEO plugin. -->","yoast_head_json":{"title":"Karolingische Handschriften - Nachtrag zum Ada-Evangeliar - Tribur.de","robots":{"index":"index","follow":"follow","max-snippet":"max-snippet:-1","max-image-preview":"max-image-preview:large","max-video-preview":"max-video-preview:-1"},"canonical":"https:\/\/www.tribur.de\/blog\/2023\/03\/03\/karolingische-handschriften-nachtrag-zum-ada-evangeliar\/","og_locale":"de_DE","og_type":"article","og_title":"Karolingische Handschriften - Nachtrag zum Ada-Evangeliar - Tribur.de","og_description":"Ich habe einen, wie ich finde, recht wichtigen Aspekt des Ada-Evangeliars vergessen oder \u00fcbersehen und will diese nun nicht unerw\u00e4hnt lassen. Es handelt sich um eine Referenz auf Byzanz die sich in den Evangelistenbildern&#46;&#46;&#46;","og_url":"https:\/\/www.tribur.de\/blog\/2023\/03\/03\/karolingische-handschriften-nachtrag-zum-ada-evangeliar\/","og_site_name":"Tribur.de","article_publisher":"http:\/\/www.facebook.com\/pages\/Triburde\/184352328288771","article_author":"http:\/\/www.facebook.com\/pages\/Triburde\/184352328288771","article_published_time":"2023-03-03T13:19:39+00:00","article_modified_time":"2023-03-03T13:19:44+00:00","og_image":[{"url":"http:\/\/www.tribur.de\/blog\/wp-content\/uploads\/2023\/01\/Evangelisten-Ada-1024x367.jpg","type":"","width":"","height":""}],"author":"Markus Zwittmeier","twitter_card":"summary_large_image","twitter_creator":"@https:\/\/twitter.com\/tribur","twitter_site":"@tribur","twitter_misc":{"Verfasst von":"Markus Zwittmeier","Gesch\u00e4tzte Lesezeit":"2\u00a0Minuten"},"schema":{"@context":"https:\/\/schema.org","@graph":[{"@type":"Article","@id":"https:\/\/www.tribur.de\/blog\/2023\/03\/03\/karolingische-handschriften-nachtrag-zum-ada-evangeliar\/#article","isPartOf":{"@id":"https:\/\/www.tribur.de\/blog\/2023\/03\/03\/karolingische-handschriften-nachtrag-zum-ada-evangeliar\/"},"author":{"name":"Markus Zwittmeier","@id":"https:\/\/www.tribur.de\/blog\/#\/schema\/person\/3119997f09f43791809c2d1af27bba6c"},"headline":"Karolingische Handschriften &#8211; Nachtrag zum Ada-Evangeliar","datePublished":"2023-03-03T13:19:39+00:00","dateModified":"2023-03-03T13:19:44+00:00","mainEntityOfPage":{"@id":"https:\/\/www.tribur.de\/blog\/2023\/03\/03\/karolingische-handschriften-nachtrag-zum-ada-evangeliar\/"},"wordCount":178,"commentCount":0,"publisher":{"@id":"https:\/\/www.tribur.de\/blog\/#\/schema\/person\/3119997f09f43791809c2d1af27bba6c"},"image":{"@id":"https:\/\/www.tribur.de\/blog\/2023\/03\/03\/karolingische-handschriften-nachtrag-zum-ada-evangeliar\/#primaryimage"},"thumbnailUrl":"http:\/\/www.tribur.de\/blog\/wp-content\/uploads\/2023\/01\/Evangelisten-Ada-1024x367.jpg","keywords":["Fr\u00fchmittelalter","karolingisch","Recherche"],"articleSection":["Geschichte"],"inLanguage":"de","potentialAction":[{"@type":"CommentAction","name":"Comment","target":["https:\/\/www.tribur.de\/blog\/2023\/03\/03\/karolingische-handschriften-nachtrag-zum-ada-evangeliar\/#respond"]}]},{"@type":"WebPage","@id":"https:\/\/www.tribur.de\/blog\/2023\/03\/03\/karolingische-handschriften-nachtrag-zum-ada-evangeliar\/","url":"https:\/\/www.tribur.de\/blog\/2023\/03\/03\/karolingische-handschriften-nachtrag-zum-ada-evangeliar\/","name":"Karolingische Handschriften - Nachtrag zum Ada-Evangeliar - Tribur.de","isPartOf":{"@id":"https:\/\/www.tribur.de\/blog\/#website"},"primaryImageOfPage":{"@id":"https:\/\/www.tribur.de\/blog\/2023\/03\/03\/karolingische-handschriften-nachtrag-zum-ada-evangeliar\/#primaryimage"},"image":{"@id":"https:\/\/www.tribur.de\/blog\/2023\/03\/03\/karolingische-handschriften-nachtrag-zum-ada-evangeliar\/#primaryimage"},"thumbnailUrl":"http:\/\/www.tribur.de\/blog\/wp-content\/uploads\/2023\/01\/Evangelisten-Ada-1024x367.jpg","datePublished":"2023-03-03T13:19:39+00:00","dateModified":"2023-03-03T13:19:44+00:00","breadcrumb":{"@id":"https:\/\/www.tribur.de\/blog\/2023\/03\/03\/karolingische-handschriften-nachtrag-zum-ada-evangeliar\/#breadcrumb"},"inLanguage":"de","potentialAction":[{"@type":"ReadAction","target":["https:\/\/www.tribur.de\/blog\/2023\/03\/03\/karolingische-handschriften-nachtrag-zum-ada-evangeliar\/"]}]},{"@type":"ImageObject","inLanguage":"de","@id":"https:\/\/www.tribur.de\/blog\/2023\/03\/03\/karolingische-handschriften-nachtrag-zum-ada-evangeliar\/#primaryimage","url":"http:\/\/www.tribur.de\/blog\/wp-content\/uploads\/2023\/01\/Evangelisten-Ada-1024x367.jpg","contentUrl":"http:\/\/www.tribur.de\/blog\/wp-content\/uploads\/2023\/01\/Evangelisten-Ada-1024x367.jpg"},{"@type":"BreadcrumbList","@id":"https:\/\/www.tribur.de\/blog\/2023\/03\/03\/karolingische-handschriften-nachtrag-zum-ada-evangeliar\/#breadcrumb","itemListElement":[{"@type":"ListItem","position":1,"name":"Home","item":"https:\/\/www.tribur.de\/blog\/"},{"@type":"ListItem","position":2,"name":"Karolingische Handschriften &#8211; Nachtrag zum Ada-Evangeliar"}]},{"@type":"WebSite","@id":"https:\/\/www.tribur.de\/blog\/#website","url":"https:\/\/www.tribur.de\/blog\/","name":"Tribur.de","description":"Tribur.de - Geschichte und so Zeugs","publisher":{"@id":"https:\/\/www.tribur.de\/blog\/#\/schema\/person\/3119997f09f43791809c2d1af27bba6c"},"potentialAction":[{"@type":"SearchAction","target":{"@type":"EntryPoint","urlTemplate":"https:\/\/www.tribur.de\/blog\/?s={search_term_string}"},"query-input":{"@type":"PropertyValueSpecification","valueRequired":true,"valueName":"search_term_string"}}],"inLanguage":"de"},{"@type":["Person","Organization"],"@id":"https:\/\/www.tribur.de\/blog\/#\/schema\/person\/3119997f09f43791809c2d1af27bba6c","name":"Markus Zwittmeier","image":{"@type":"ImageObject","inLanguage":"de","@id":"https:\/\/i0.wp.com\/www.tribur.de\/blog\/wp-content\/uploads\/2018\/09\/cropped-logotest-4.jpg?fit=200%2C200&ssl=1","url":"https:\/\/i0.wp.com\/www.tribur.de\/blog\/wp-content\/uploads\/2018\/09\/cropped-logotest-4.jpg?fit=200%2C200&ssl=1","contentUrl":"https:\/\/i0.wp.com\/www.tribur.de\/blog\/wp-content\/uploads\/2018\/09\/cropped-logotest-4.jpg?fit=200%2C200&ssl=1","width":200,"height":200,"caption":"Markus Zwittmeier"},"logo":{"@id":"https:\/\/i0.wp.com\/www.tribur.de\/blog\/wp-content\/uploads\/2018\/09\/cropped-logotest-4.jpg?fit=200%2C200&ssl=1"},"sameAs":["http:\/\/www.Tribur.de","http:\/\/www.facebook.com\/pages\/Triburde\/184352328288771","https:\/\/www.instagram.com\/tribur.de\/","https:\/\/x.com\/https:\/\/twitter.com\/tribur","https:\/\/www.youtube.com\/channel\/UCnEonou-x6_P4XPjBk2htCA"],"url":"https:\/\/www.tribur.de\/blog\/author\/markus\/"}]}},"jetpack_publicize_connections":[],"jetpack_featured_media_url":"","jetpack_shortlink":"https:\/\/wp.me\/p1mHPu-8By","jetpack_sharing_enabled":true,"_links":{"self":[{"href":"https:\/\/www.tribur.de\/blog\/wp-json\/wp\/v2\/posts\/33080","targetHints":{"allow":["GET"]}}],"collection":[{"href":"https:\/\/www.tribur.de\/blog\/wp-json\/wp\/v2\/posts"}],"about":[{"href":"https:\/\/www.tribur.de\/blog\/wp-json\/wp\/v2\/types\/post"}],"author":[{"embeddable":true,"href":"https:\/\/www.tribur.de\/blog\/wp-json\/wp\/v2\/users\/2"}],"replies":[{"embeddable":true,"href":"https:\/\/www.tribur.de\/blog\/wp-json\/wp\/v2\/comments?post=33080"}],"version-history":[{"count":4,"href":"https:\/\/www.tribur.de\/blog\/wp-json\/wp\/v2\/posts\/33080\/revisions"}],"predecessor-version":[{"id":33086,"href":"https:\/\/www.tribur.de\/blog\/wp-json\/wp\/v2\/posts\/33080\/revisions\/33086"}],"wp:attachment":[{"href":"https:\/\/www.tribur.de\/blog\/wp-json\/wp\/v2\/media?parent=33080"}],"wp:term":[{"taxonomy":"category","embeddable":true,"href":"https:\/\/www.tribur.de\/blog\/wp-json\/wp\/v2\/categories?post=33080"},{"taxonomy":"post_tag","embeddable":true,"href":"https:\/\/www.tribur.de\/blog\/wp-json\/wp\/v2\/tags?post=33080"}],"curies":[{"name":"wp","href":"https:\/\/api.w.org\/{rel}","templated":true}]}}