{"id":32882,"date":"2022-12-01T17:29:45","date_gmt":"2022-12-01T16:29:45","guid":{"rendered":"http:\/\/www.tribur.de\/blog\/?p=32882"},"modified":"2022-12-01T17:29:49","modified_gmt":"2022-12-01T16:29:49","slug":"der-zug-gegen-die-nordmaenner-891","status":"publish","type":"post","link":"https:\/\/www.tribur.de\/blog\/2022\/12\/01\/der-zug-gegen-die-nordmaenner-891\/","title":{"rendered":"Der Zug gegen die Nordm\u00e4nner 891"},"content":{"rendered":"\n<p>Eine der Ersten milit\u00e4rischen Aktionen<strong> <\/strong>die Arnulf von K\u00e4rnten als neuer Ostfr\u00e4nkischer K\u00f6nig unternimmt ist, 891 ein Zug gegen das \u201cGro\u00dfe Heer\u201d, also vergleichbar mit der in England als \u201cHeathen Army\u201d\u00a0 bezeichnete Armee der Wikinger. Auch hier ist nicht viel an Quellen zum Milit\u00e4r zu holen, aber dennoch gibt es einige wenige Informationen. <\/p>\n\n\n\n<p>Die Fuldaer Annalen geben als Grund f\u00fcr den Feldzug einen zuvor erfolgten Angriff der Nordm\u00e4nner auf Westfranken an , worauf die Westfranken mit der Entsendung einer Armee regieren. An dem Angriff nimmt auch der Mainzer Erzbischof Sunderold teil. Er wurde bei der Schlacht am Fluss G\u00f6hl am 26. Juni mit einem weiteren, namenlosen Heerf\u00fchrer, Regino von Pr\u00fcmm nennt einen Grafen Arnulf, erschlagen.\u00a0<\/p>\n\n\n\n<h2 class=\"wp-block-heading\">Die Schlacht am G\u00f6hl<\/h2>\n\n\n\n<p>Regino von Pr\u00fcmm erg\u00e4nzt zudem das die Nordm\u00e4nner von 2 aufeinanderfolgenden Schlachten in Britannien geschw\u00e4cht waren, und deshalb nach Franken gekommen waren. Auch \u00fcber das Geschehen der Schlacht der Westfranken, die den Mainzer Erzbischof das Leben kostete, wei\u00df er mehr zu berichten, nennt aber Arnulf und nicht die Westfranken als Initiatoren des Feldzuges.<\/p>\n\n\n\n<p>Demnach hatte ein fr\u00e4nkisches Heer an der Maas sein Lager aufgeschlagen, um den Nordm\u00e4nnern bei Utrecht den Fluss\u00fcbergang zu verwehren. Die Normannen \u00fcberqueren die Maas allerdings bei L\u00fcttich und ziehen durch die zu Aachen geh\u00f6rigen Lothringer W\u00e4lder wobei sie Waagen und Karren mit Versorgung f\u00fcr das Westfr\u00e4nkische Heer erbeuten.<\/p>\n\n\n\n<p>Am Johannistag (24.Juni)\u00a0 ist das Westfr\u00e4nkische Heer bei Utrecht komplett versammelt und zeigt sich verwundert \u00fcber die Handlungen der Nordm\u00e4nner, da man nicht wei\u00df was diese als n\u00e4chstes planen. Am n\u00e4chsten Tag zieht das Herr nun bereits voll ger\u00fcstet nach S\u00fcden, den Nordm\u00e4nnern entgegen, stoppen aber am 26. Juni am Fl\u00fcsschen G\u00f6hl, n\u00f6rdlich von Maastricht.\u00a0<\/p>\n\n\n\n<p>Dort plant man, dass die Heerf\u00fchrer jeweils 12 von ihren Leuten zu einer Schaar vereinigen, die dann die Nordm\u00e4nner suchen sollen. Just als man noch dar\u00fcber in der Planung ist, tauchen die Sp\u00e4her der Nordm\u00e4nner auf. Planlos, ohne die endg\u00fcltigen Befehle abwartend setzt die Schaar den Sp\u00e4her nach und trifft in einem Dorf auf die Fu\u00dftruppen der Nordm\u00e4nner, die die planlos agierenden Franken zur\u00fcckdr\u00e4ngen und zum R\u00fcckzug zwingen.<\/p>\n\n\n\n<p>Nun greifen die Nordm\u00e4nner\u00a0 ihrerseits an und erhalten schnell Verst\u00e4rkung durch ihre Reiter. Die Franken k\u00f6nnen sich nicht verteidigen und fliehen, wobei eben der Mainzer Erzbischof, Graf Arnulf und weitere Adelige sterben.<\/p>\n\n\n\n<p>Nachdem die Armee der Nordm\u00e4nner Lothringen verw\u00fcstet und das westfr\u00e4nkische Heer geschlagen hat, kehrt man zu den Schiffen zur\u00fcck und errichtet an der Dijle bei L\u00f6wen ein Lager mit Verhau, Wall und Graben.<\/p>\n\n\n\n<h2 class=\"wp-block-heading\">Der Aufmarsch Arnulfs<\/h2>\n\n\n\n<p>Arnulf macht sich zun\u00e4chst mit einem Heer aus Franken und, wie die Annalen sie nennen \u201cnutzlosen\u201d Alamannen auf den Weg, doch es scheint eine Krankheit unter den Alamannen ausgebrochen zu sein, so dass diese wieder Umkehren. Die Fuldaer Annalen nennt es einen Vorwand. Regino von Pr\u00fcm erw\u00e4hnt die Alemannen nicht.\u00a0<\/p>\n\n\n\n<p>Arnulfs Truppen \u00fcberqueren die Dijle und machen sich bereit f\u00fcr den Kampf.\u00a0Doch das Gel\u00e4nde, mit dem Ufer auf einer Seite und Sumpf auf der Anderen,\u00a0 verhindert ihre normale Kampftaktik, die auf einem Angriff zu Pferde basiert. Arnulf z\u00f6gerte wie er handeln sollte, denn der Angriff war den Franken nach den Annalen ungewohnt. Regino berichtet zudem davon, dass die fr\u00e4nkischen Truppen von den Nordm\u00e4nnern verspottet wurden.<\/p>\n\n\n\n<p>Nach einer Weile hielt er aber laut Annalen eine Rede an seine Truppen, sozusagen seine Version der St.-Crispins-Tag-Rede :\u00a0<\/p>\n\n\n\n<p>\u201cM\u00e4nner, die ihr an Gott glaubt und mit Gottes Gnade dieses Land besch\u00fctzt, ihr ward unbesiegbar, sch\u00f6pft daraus Kraft, wenn ihr Euch daran erinnert , wie sie aufs heidnischste w\u00fcten, wenn ihr das Blut eurer Eltern r\u00e4chen wollt, wenn ihr an die zerst\u00f6rten Tempel des Herrn in Eurem Land seht, und selbst wie sie die h\u00f6chsten Diener des Herrn niedergeworfen haben.<\/p>\n\n\n\n<p>Nun, Soldaten, handelt! Ihr habt die Verbrecher vor Augen, folgt mir nach,\u00a0 so wie ich vom Pferd steige und das Banner vorweg trage;  Nicht auf Grund der Beleidigungen, sondern im Namen Gottes des Allm\u00e4chtigen greifen wir die Feinde an!\u00a0<\/p>\n\n\n\n<p>Die Truppen sind hoch motiviert, doch bitten sie den K\u00f6nig, Reiterei als R\u00fcckendeckung zur\u00fcckzulassen.\u00a0<\/p>\n\n\n\n<h2 class=\"wp-block-heading\">Der Kampf beginnt<\/h2>\n\n\n\n<p>Unter Schlachtrufen st\u00fcrmt nun das fr\u00e4nkische Heer auf die Stellungen der Nordm\u00e4nner zu, die wiederum nach \u201cSitte der Heiden\u201d mit ihren Kampfschreien antworten, w\u00e4hrend man ihre Feldzeichen durchs Lager bewegen sieht. Mit gezogenen Schwertern st\u00fcrmten die Gegner aufeinander los. Die Annales betonen, dass unter den Feinden die D\u00e4nen die mutigsten der Nordm\u00e4nner waren und diese noch nie zuvor besiegt werden konnten, wenn sie denn eine Befestigung besa\u00dfen. Doch die Franken erringen die Oberhand, so dass die Nordm\u00e4nner die Flucht antreten wollen, doch nun&nbsp; wird ihnen der Fluss, der zuvor ihr Schutz war, zum Verh\u00e4ngnis, da er ihnen den Fluchtweg versperrt.&nbsp;<\/p>\n\n\n\n<p>Die Fuldaer Annalen berichten von einem Chaos, da immer mehr Nordm\u00e4nner ins Wasser springen, oder\u00a0 hineingedr\u00e4ngt werden, sich aneinander krallen und versinken. Es wird von so vielen Toten berichtet, dass sich der Fluss aufstaute und wie trocken erschien.\u00a0 Bei der Schlacht wurden die gegnerischen F\u00fchrer Siegfried und Godfrid get\u00f6tet. (Gotfrid ist nicht identisch mit Godfrid der unter Karl III den christlichen Glauben annahmen und die Tochter Lothars II heiratete, er war schon 885 ermordet worden, wer dieser Sigifred war ist nicht bekannt) Die Franken sollen nur einen Toten zu beklagen gehabt haben.\u00a0<\/p>\n\n\n\n<p>Arnulfs Heer erbeutet 16 Banner der Nordm\u00e4nner, die er nach Bayern schicken lies, wahrscheinlich nach Regensburg, wo am 1. November Gedenkgottesdienste wegen des Sieges gehalten werden sollen.<\/p>\n\n\n\n<h2 class=\"wp-block-heading\">Kleines Fazit<\/h2>\n\n\n\n<p>Die Kampftaktik der Franken in den 890ern scheint in der Hauptsache auf ihre (schwere)  Reiterei zu setzten. Problem an den Quellen ist, nat\u00fcrlich neben einer gewissen generellen Unverl\u00e4sslichkeit, dass der (Hoch-)Adel ihr Fokus ist.  Das bedeutet normale Fu\u00dftruppen, sei es aus dem Gefolge des Adels oder einzelstehend werden in den Quellen erst gar nicht erw\u00e4hnt. Aber selbst als Vorhut oder Sp\u00e4her setzten die Franken auf Reiterei. Auch dient sie der R\u00fcckendeckung. <\/p>\n\n\n\n<p>Da ich ja zur Zeit noch im Schildbaustecke (Wo bleibt denn bitte das Leder liebe Post?), scheint mir dies auch ein Hinweis darauf das die gew\u00f6lbten Schilde die wir immer sehen, wohl zu jenem berittenen Hochadel geh\u00f6ren und somit als Reiterschilde anzusprechen w\u00e4ren.  Die Bildquellen werden sich in ihrer Motivwahl nicht sonderlich von den Textquellen unterscheiden, zumal es sich ja oftmals um Evangeliare und Psalter aus dem Umfeld des K\u00f6nigs, speziell Karls des Kahlen, geh\u00f6ren<\/p>\n\n\n\n<p>F\u00fcr mich interessant ist auch die Erw\u00e4hnung des Mainzer Erzbischofs, der mit den Westfranken ins Feld zieht, obwohl er doch Ostfranke ist. Die Verbindungen zwischen Ost und West waren noch recht stark, zumal der in Westfranken (Frankreich) regierende Odo, ein Nicht-Karolinger aus dem Geschlecht der Robertiner (Die Vorfahren waren Gaugrafen im Wormsgau und Oberrheingau, sowie Gr\u00fcnder des Klosters Lorsch), der  zur Anerkennung seiner Macht den Schulterschluss mit Arnulf suchte. Odo war am 13.11.888 in Reims mit einer Krone gekr\u00f6nt worden, die ihm Arnulf gesandt hatte.  <\/p>\n","protected":false},"excerpt":{"rendered":"<p>Eine der Ersten milit\u00e4rischen Aktionen die Arnulf von K\u00e4rnten als neuer Ostfr\u00e4nkischer K\u00f6nig unternimmt ist, 891 ein Zug gegen das \u201cGro\u00dfe Heer\u201d, also vergleichbar mit der in England als \u201cHeathen Army\u201d\u00a0 bezeichnete Armee der&#46;&#46;&#46;<\/p>\n","protected":false},"author":2,"featured_media":0,"comment_status":"open","ping_status":"open","sticky":false,"template":"","format":"standard","meta":{"jetpack_post_was_ever_published":false,"_jetpack_newsletter_access":"","_jetpack_dont_email_post_to_subs":false,"_jetpack_newsletter_tier_id":0,"_jetpack_memberships_contains_paywalled_content":false,"_jetpack_memberships_contains_paid_content":false,"footnotes":"","jetpack_publicize_message":"","jetpack_publicize_feature_enabled":true,"jetpack_social_post_already_shared":true,"jetpack_social_options":{"image_generator_settings":{"template":"highway","default_image_id":0,"font":"","enabled":false},"version":2}},"categories":[1],"tags":[11,32,49,77],"class_list":["post-32882","post","type-post","status-publish","format-standard","hentry","category-geschichte","tag-fruhmittelalter","tag-karolingisch","tag-recherche","tag-wikinger"],"yoast_head":"<!-- This site is optimized with the Yoast SEO plugin v27.5 - https:\/\/yoast.com\/product\/yoast-seo-wordpress\/ -->\n<title>Der Zug gegen die Nordm\u00e4nner 891 - Tribur.de<\/title>\n<meta name=\"robots\" content=\"index, follow, max-snippet:-1, max-image-preview:large, max-video-preview:-1\" \/>\n<link rel=\"canonical\" href=\"https:\/\/www.tribur.de\/blog\/2022\/12\/01\/der-zug-gegen-die-nordmaenner-891\/\" \/>\n<meta property=\"og:locale\" content=\"de_DE\" \/>\n<meta property=\"og:type\" content=\"article\" \/>\n<meta property=\"og:title\" content=\"Der Zug gegen die Nordm\u00e4nner 891 - Tribur.de\" \/>\n<meta property=\"og:description\" content=\"Eine der Ersten milit\u00e4rischen Aktionen die Arnulf von K\u00e4rnten als neuer Ostfr\u00e4nkischer K\u00f6nig unternimmt ist, 891 ein Zug gegen das \u201cGro\u00dfe Heer\u201d, also vergleichbar mit der in England als \u201cHeathen Army\u201d\u00a0 bezeichnete Armee der&#046;&#046;&#046;\" \/>\n<meta property=\"og:url\" content=\"https:\/\/www.tribur.de\/blog\/2022\/12\/01\/der-zug-gegen-die-nordmaenner-891\/\" \/>\n<meta property=\"og:site_name\" content=\"Tribur.de\" \/>\n<meta property=\"article:publisher\" content=\"http:\/\/www.facebook.com\/pages\/Triburde\/184352328288771\" \/>\n<meta property=\"article:author\" content=\"http:\/\/www.facebook.com\/pages\/Triburde\/184352328288771\" \/>\n<meta property=\"article:published_time\" content=\"2022-12-01T16:29:45+00:00\" \/>\n<meta property=\"article:modified_time\" content=\"2022-12-01T16:29:49+00:00\" \/>\n<meta property=\"og:image\" content=\"https:\/\/i0.wp.com\/www.tribur.de\/blog\/wp-content\/uploads\/2018\/09\/cropped-logotest-2.jpg?fit=200%2C200&ssl=1\" \/>\n\t<meta property=\"og:image:width\" content=\"200\" \/>\n\t<meta property=\"og:image:height\" content=\"200\" \/>\n\t<meta property=\"og:image:type\" content=\"image\/jpeg\" \/>\n<meta name=\"author\" content=\"Markus Zwittmeier\" \/>\n<meta name=\"twitter:card\" content=\"summary_large_image\" \/>\n<meta name=\"twitter:creator\" content=\"@https:\/\/twitter.com\/tribur\" \/>\n<meta name=\"twitter:site\" content=\"@tribur\" \/>\n<meta name=\"twitter:label1\" content=\"Verfasst von\" \/>\n\t<meta name=\"twitter:data1\" content=\"Markus Zwittmeier\" \/>\n\t<meta name=\"twitter:label2\" content=\"Gesch\u00e4tzte Lesezeit\" \/>\n\t<meta name=\"twitter:data2\" content=\"7\u00a0Minuten\" \/>\n<script type=\"application\/ld+json\" class=\"yoast-schema-graph\">{\"@context\":\"https:\\\/\\\/schema.org\",\"@graph\":[{\"@type\":\"Article\",\"@id\":\"https:\\\/\\\/www.tribur.de\\\/blog\\\/2022\\\/12\\\/01\\\/der-zug-gegen-die-nordmaenner-891\\\/#article\",\"isPartOf\":{\"@id\":\"https:\\\/\\\/www.tribur.de\\\/blog\\\/2022\\\/12\\\/01\\\/der-zug-gegen-die-nordmaenner-891\\\/\"},\"author\":{\"name\":\"Markus Zwittmeier\",\"@id\":\"https:\\\/\\\/www.tribur.de\\\/blog\\\/#\\\/schema\\\/person\\\/3119997f09f43791809c2d1af27bba6c\"},\"headline\":\"Der Zug gegen die Nordm\u00e4nner 891\",\"datePublished\":\"2022-12-01T16:29:45+00:00\",\"dateModified\":\"2022-12-01T16:29:49+00:00\",\"mainEntityOfPage\":{\"@id\":\"https:\\\/\\\/www.tribur.de\\\/blog\\\/2022\\\/12\\\/01\\\/der-zug-gegen-die-nordmaenner-891\\\/\"},\"wordCount\":1217,\"commentCount\":1,\"publisher\":{\"@id\":\"https:\\\/\\\/www.tribur.de\\\/blog\\\/#\\\/schema\\\/person\\\/3119997f09f43791809c2d1af27bba6c\"},\"keywords\":[\"Fr\u00fchmittelalter\",\"karolingisch\",\"Recherche\",\"wikinger\"],\"articleSection\":[\"Geschichte\"],\"inLanguage\":\"de\",\"potentialAction\":[{\"@type\":\"CommentAction\",\"name\":\"Comment\",\"target\":[\"https:\\\/\\\/www.tribur.de\\\/blog\\\/2022\\\/12\\\/01\\\/der-zug-gegen-die-nordmaenner-891\\\/#respond\"]}]},{\"@type\":\"WebPage\",\"@id\":\"https:\\\/\\\/www.tribur.de\\\/blog\\\/2022\\\/12\\\/01\\\/der-zug-gegen-die-nordmaenner-891\\\/\",\"url\":\"https:\\\/\\\/www.tribur.de\\\/blog\\\/2022\\\/12\\\/01\\\/der-zug-gegen-die-nordmaenner-891\\\/\",\"name\":\"Der Zug gegen die Nordm\u00e4nner 891 - Tribur.de\",\"isPartOf\":{\"@id\":\"https:\\\/\\\/www.tribur.de\\\/blog\\\/#website\"},\"datePublished\":\"2022-12-01T16:29:45+00:00\",\"dateModified\":\"2022-12-01T16:29:49+00:00\",\"breadcrumb\":{\"@id\":\"https:\\\/\\\/www.tribur.de\\\/blog\\\/2022\\\/12\\\/01\\\/der-zug-gegen-die-nordmaenner-891\\\/#breadcrumb\"},\"inLanguage\":\"de\",\"potentialAction\":[{\"@type\":\"ReadAction\",\"target\":[\"https:\\\/\\\/www.tribur.de\\\/blog\\\/2022\\\/12\\\/01\\\/der-zug-gegen-die-nordmaenner-891\\\/\"]}]},{\"@type\":\"BreadcrumbList\",\"@id\":\"https:\\\/\\\/www.tribur.de\\\/blog\\\/2022\\\/12\\\/01\\\/der-zug-gegen-die-nordmaenner-891\\\/#breadcrumb\",\"itemListElement\":[{\"@type\":\"ListItem\",\"position\":1,\"name\":\"Home\",\"item\":\"https:\\\/\\\/www.tribur.de\\\/blog\\\/\"},{\"@type\":\"ListItem\",\"position\":2,\"name\":\"Der Zug gegen die Nordm\u00e4nner 891\"}]},{\"@type\":\"WebSite\",\"@id\":\"https:\\\/\\\/www.tribur.de\\\/blog\\\/#website\",\"url\":\"https:\\\/\\\/www.tribur.de\\\/blog\\\/\",\"name\":\"Tribur.de\",\"description\":\"Tribur.de - Geschichte und so Zeugs\",\"publisher\":{\"@id\":\"https:\\\/\\\/www.tribur.de\\\/blog\\\/#\\\/schema\\\/person\\\/3119997f09f43791809c2d1af27bba6c\"},\"potentialAction\":[{\"@type\":\"SearchAction\",\"target\":{\"@type\":\"EntryPoint\",\"urlTemplate\":\"https:\\\/\\\/www.tribur.de\\\/blog\\\/?s={search_term_string}\"},\"query-input\":{\"@type\":\"PropertyValueSpecification\",\"valueRequired\":true,\"valueName\":\"search_term_string\"}}],\"inLanguage\":\"de\"},{\"@type\":[\"Person\",\"Organization\"],\"@id\":\"https:\\\/\\\/www.tribur.de\\\/blog\\\/#\\\/schema\\\/person\\\/3119997f09f43791809c2d1af27bba6c\",\"name\":\"Markus Zwittmeier\",\"image\":{\"@type\":\"ImageObject\",\"inLanguage\":\"de\",\"@id\":\"https:\\\/\\\/i0.wp.com\\\/www.tribur.de\\\/blog\\\/wp-content\\\/uploads\\\/2018\\\/09\\\/cropped-logotest-4.jpg?fit=200%2C200&ssl=1\",\"url\":\"https:\\\/\\\/i0.wp.com\\\/www.tribur.de\\\/blog\\\/wp-content\\\/uploads\\\/2018\\\/09\\\/cropped-logotest-4.jpg?fit=200%2C200&ssl=1\",\"contentUrl\":\"https:\\\/\\\/i0.wp.com\\\/www.tribur.de\\\/blog\\\/wp-content\\\/uploads\\\/2018\\\/09\\\/cropped-logotest-4.jpg?fit=200%2C200&ssl=1\",\"width\":200,\"height\":200,\"caption\":\"Markus Zwittmeier\"},\"logo\":{\"@id\":\"https:\\\/\\\/i0.wp.com\\\/www.tribur.de\\\/blog\\\/wp-content\\\/uploads\\\/2018\\\/09\\\/cropped-logotest-4.jpg?fit=200%2C200&ssl=1\"},\"sameAs\":[\"http:\\\/\\\/www.Tribur.de\",\"http:\\\/\\\/www.facebook.com\\\/pages\\\/Triburde\\\/184352328288771\",\"https:\\\/\\\/www.instagram.com\\\/tribur.de\\\/\",\"https:\\\/\\\/x.com\\\/https:\\\/\\\/twitter.com\\\/tribur\",\"https:\\\/\\\/www.youtube.com\\\/channel\\\/UCnEonou-x6_P4XPjBk2htCA\"],\"url\":\"https:\\\/\\\/www.tribur.de\\\/blog\\\/author\\\/markus\\\/\"}]}<\/script>\n<!-- \/ Yoast SEO plugin. -->","yoast_head_json":{"title":"Der Zug gegen die Nordm\u00e4nner 891 - Tribur.de","robots":{"index":"index","follow":"follow","max-snippet":"max-snippet:-1","max-image-preview":"max-image-preview:large","max-video-preview":"max-video-preview:-1"},"canonical":"https:\/\/www.tribur.de\/blog\/2022\/12\/01\/der-zug-gegen-die-nordmaenner-891\/","og_locale":"de_DE","og_type":"article","og_title":"Der Zug gegen die Nordm\u00e4nner 891 - Tribur.de","og_description":"Eine der Ersten milit\u00e4rischen Aktionen die Arnulf von K\u00e4rnten als neuer Ostfr\u00e4nkischer K\u00f6nig unternimmt ist, 891 ein Zug gegen das \u201cGro\u00dfe Heer\u201d, also vergleichbar mit der in England als \u201cHeathen Army\u201d\u00a0 bezeichnete Armee der&#46;&#46;&#46;","og_url":"https:\/\/www.tribur.de\/blog\/2022\/12\/01\/der-zug-gegen-die-nordmaenner-891\/","og_site_name":"Tribur.de","article_publisher":"http:\/\/www.facebook.com\/pages\/Triburde\/184352328288771","article_author":"http:\/\/www.facebook.com\/pages\/Triburde\/184352328288771","article_published_time":"2022-12-01T16:29:45+00:00","article_modified_time":"2022-12-01T16:29:49+00:00","og_image":[{"width":200,"height":200,"url":"https:\/\/i0.wp.com\/www.tribur.de\/blog\/wp-content\/uploads\/2018\/09\/cropped-logotest-2.jpg?fit=200%2C200&ssl=1","type":"image\/jpeg"}],"author":"Markus Zwittmeier","twitter_card":"summary_large_image","twitter_creator":"@https:\/\/twitter.com\/tribur","twitter_site":"@tribur","twitter_misc":{"Verfasst von":"Markus Zwittmeier","Gesch\u00e4tzte Lesezeit":"7\u00a0Minuten"},"schema":{"@context":"https:\/\/schema.org","@graph":[{"@type":"Article","@id":"https:\/\/www.tribur.de\/blog\/2022\/12\/01\/der-zug-gegen-die-nordmaenner-891\/#article","isPartOf":{"@id":"https:\/\/www.tribur.de\/blog\/2022\/12\/01\/der-zug-gegen-die-nordmaenner-891\/"},"author":{"name":"Markus Zwittmeier","@id":"https:\/\/www.tribur.de\/blog\/#\/schema\/person\/3119997f09f43791809c2d1af27bba6c"},"headline":"Der Zug gegen die Nordm\u00e4nner 891","datePublished":"2022-12-01T16:29:45+00:00","dateModified":"2022-12-01T16:29:49+00:00","mainEntityOfPage":{"@id":"https:\/\/www.tribur.de\/blog\/2022\/12\/01\/der-zug-gegen-die-nordmaenner-891\/"},"wordCount":1217,"commentCount":1,"publisher":{"@id":"https:\/\/www.tribur.de\/blog\/#\/schema\/person\/3119997f09f43791809c2d1af27bba6c"},"keywords":["Fr\u00fchmittelalter","karolingisch","Recherche","wikinger"],"articleSection":["Geschichte"],"inLanguage":"de","potentialAction":[{"@type":"CommentAction","name":"Comment","target":["https:\/\/www.tribur.de\/blog\/2022\/12\/01\/der-zug-gegen-die-nordmaenner-891\/#respond"]}]},{"@type":"WebPage","@id":"https:\/\/www.tribur.de\/blog\/2022\/12\/01\/der-zug-gegen-die-nordmaenner-891\/","url":"https:\/\/www.tribur.de\/blog\/2022\/12\/01\/der-zug-gegen-die-nordmaenner-891\/","name":"Der Zug gegen die Nordm\u00e4nner 891 - Tribur.de","isPartOf":{"@id":"https:\/\/www.tribur.de\/blog\/#website"},"datePublished":"2022-12-01T16:29:45+00:00","dateModified":"2022-12-01T16:29:49+00:00","breadcrumb":{"@id":"https:\/\/www.tribur.de\/blog\/2022\/12\/01\/der-zug-gegen-die-nordmaenner-891\/#breadcrumb"},"inLanguage":"de","potentialAction":[{"@type":"ReadAction","target":["https:\/\/www.tribur.de\/blog\/2022\/12\/01\/der-zug-gegen-die-nordmaenner-891\/"]}]},{"@type":"BreadcrumbList","@id":"https:\/\/www.tribur.de\/blog\/2022\/12\/01\/der-zug-gegen-die-nordmaenner-891\/#breadcrumb","itemListElement":[{"@type":"ListItem","position":1,"name":"Home","item":"https:\/\/www.tribur.de\/blog\/"},{"@type":"ListItem","position":2,"name":"Der Zug gegen die Nordm\u00e4nner 891"}]},{"@type":"WebSite","@id":"https:\/\/www.tribur.de\/blog\/#website","url":"https:\/\/www.tribur.de\/blog\/","name":"Tribur.de","description":"Tribur.de - Geschichte und so Zeugs","publisher":{"@id":"https:\/\/www.tribur.de\/blog\/#\/schema\/person\/3119997f09f43791809c2d1af27bba6c"},"potentialAction":[{"@type":"SearchAction","target":{"@type":"EntryPoint","urlTemplate":"https:\/\/www.tribur.de\/blog\/?s={search_term_string}"},"query-input":{"@type":"PropertyValueSpecification","valueRequired":true,"valueName":"search_term_string"}}],"inLanguage":"de"},{"@type":["Person","Organization"],"@id":"https:\/\/www.tribur.de\/blog\/#\/schema\/person\/3119997f09f43791809c2d1af27bba6c","name":"Markus Zwittmeier","image":{"@type":"ImageObject","inLanguage":"de","@id":"https:\/\/i0.wp.com\/www.tribur.de\/blog\/wp-content\/uploads\/2018\/09\/cropped-logotest-4.jpg?fit=200%2C200&ssl=1","url":"https:\/\/i0.wp.com\/www.tribur.de\/blog\/wp-content\/uploads\/2018\/09\/cropped-logotest-4.jpg?fit=200%2C200&ssl=1","contentUrl":"https:\/\/i0.wp.com\/www.tribur.de\/blog\/wp-content\/uploads\/2018\/09\/cropped-logotest-4.jpg?fit=200%2C200&ssl=1","width":200,"height":200,"caption":"Markus Zwittmeier"},"logo":{"@id":"https:\/\/i0.wp.com\/www.tribur.de\/blog\/wp-content\/uploads\/2018\/09\/cropped-logotest-4.jpg?fit=200%2C200&ssl=1"},"sameAs":["http:\/\/www.Tribur.de","http:\/\/www.facebook.com\/pages\/Triburde\/184352328288771","https:\/\/www.instagram.com\/tribur.de\/","https:\/\/x.com\/https:\/\/twitter.com\/tribur","https:\/\/www.youtube.com\/channel\/UCnEonou-x6_P4XPjBk2htCA"],"url":"https:\/\/www.tribur.de\/blog\/author\/markus\/"}]}},"jetpack_publicize_connections":[],"jetpack_featured_media_url":"","jetpack_shortlink":"https:\/\/wp.me\/p1mHPu-8ym","jetpack_sharing_enabled":true,"_links":{"self":[{"href":"https:\/\/www.tribur.de\/blog\/wp-json\/wp\/v2\/posts\/32882","targetHints":{"allow":["GET"]}}],"collection":[{"href":"https:\/\/www.tribur.de\/blog\/wp-json\/wp\/v2\/posts"}],"about":[{"href":"https:\/\/www.tribur.de\/blog\/wp-json\/wp\/v2\/types\/post"}],"author":[{"embeddable":true,"href":"https:\/\/www.tribur.de\/blog\/wp-json\/wp\/v2\/users\/2"}],"replies":[{"embeddable":true,"href":"https:\/\/www.tribur.de\/blog\/wp-json\/wp\/v2\/comments?post=32882"}],"version-history":[{"count":2,"href":"https:\/\/www.tribur.de\/blog\/wp-json\/wp\/v2\/posts\/32882\/revisions"}],"predecessor-version":[{"id":32884,"href":"https:\/\/www.tribur.de\/blog\/wp-json\/wp\/v2\/posts\/32882\/revisions\/32884"}],"wp:attachment":[{"href":"https:\/\/www.tribur.de\/blog\/wp-json\/wp\/v2\/media?parent=32882"}],"wp:term":[{"taxonomy":"category","embeddable":true,"href":"https:\/\/www.tribur.de\/blog\/wp-json\/wp\/v2\/categories?post=32882"},{"taxonomy":"post_tag","embeddable":true,"href":"https:\/\/www.tribur.de\/blog\/wp-json\/wp\/v2\/tags?post=32882"}],"curies":[{"name":"wp","href":"https:\/\/api.w.org\/{rel}","templated":true}]}}