{"id":32874,"date":"2022-11-24T16:38:48","date_gmt":"2022-11-24T15:38:48","guid":{"rendered":"http:\/\/www.tribur.de\/blog\/?p=32874"},"modified":"2022-11-24T16:41:46","modified_gmt":"2022-11-24T15:41:46","slug":"feldzug-gegen-die-nordmaenner-882","status":"publish","type":"post","link":"https:\/\/www.tribur.de\/blog\/2022\/11\/24\/feldzug-gegen-die-nordmaenner-882\/","title":{"rendered":"Feldzug gegen die Nordm\u00e4nner 882"},"content":{"rendered":"\n<p>Meine Besch\u00e4ftigung mit dem Bogen der Karolingerzeit, sowie der Schildbau, lie\u00dfen mich dazu bringen mich einmal auf die Suche nach zeitgen\u00f6ssischen Schlachten zu machen. Ich hatte die Hoffnung ein bisschen was \u00fcber Strategien, Verwendung von B\u00f6gen, Schilden oder sonst was herauszufinden. Leider bin ich da recht entt\u00e4uscht werden. Dennoch werde ich ich es hier verwenden, weil es recht interessant ist wie sich Quellen widersprechen, sich unterscheiden. Und einen zuk\u00fcnftigen K\u00f6nig besser dastehen lassen als den Amtierenden&#8230;<\/p>\n\n\n\n<h2 class=\"wp-block-heading\">Die schechten Zeichen<\/h2>\n\n\n\n<p>Der Winter 880 auf 881 verhei\u00dft nichts Gutes. Die Fuldaer Annalen berichten von anhaltender K\u00e4lte, viele Tiere sterben, weil die Weiden noch lange vereist sind.&nbsp;<\/p>\n\n\n\n<p>Im Novermber 881 nimmt ein Heer von Normannen unter F\u00fchrung von Godefried und Sigifrid&nbsp; den K\u00f6nigshof Haslon \/Asloha&nbsp; an der Maas ein. Wo sie ein Winterlager einrichten und den K\u00f6nigshof zus\u00e4tzlich befestigen.&nbsp;<\/p>\n\n\n\n<p>Von dort aus pl\u00fcndern sie Maastricht, L\u00fcttich, Tongern. Bei einem zweiten Aufall wird K\u00f6ln und Bonn gepl\u00fcndert. Z\u00fclpich, J\u00fclich und Reu\u00df folgen. Weiterhin werden Aachen, Kloster Inden und die Kl\u00f6ster Stablo und Malmedy gepl\u00fcndert.<\/p>\n\n\n\n<p>Am 6 Januar 882 pl\u00fcndern sie das Kloster Pr\u00fcm und verw\u00fcsten drei Tage lang die Umgebung.&nbsp;<\/p>\n\n\n\n<p>Regino von Pr\u00fcmm, der nach dem zweiten Normannensturm auf Pr\u00fcm 892 Abt von Pr\u00fcm ist und den Wiederaufbau leitet, notiert hierzu, dass sich spontan die Bauern zusammenrotten und gegen die Nordm\u00e4nner ziehen. Regino notiert, dass Nordm\u00e4nner die Bauern wie Vieh abschlachten und das Kloster in Brand setzen, das bis auf die Grundmauern niederbrennt, da niemand mehr da ist, der l\u00f6schen k\u00f6nnte.<\/p>\n\n\n\n<p>Die Fuldaer Annalen berichten wieder von schlechten Zeichen, als sich am 18. Januar ein Komet zeigt und dann auch tats\u00e4chlich&nbsp; am 20. Januar&nbsp; Ludwig III. in Frankfurt stirbt. Nachfolger wird Karl III.<\/p>\n\n\n\n<p>Auch die Nordm\u00e4nner erfahren vom Tod des K\u00f6nigs und nutzen die Gelegenheit um auch mit ihrem gesamten Heer am 5. April (Gr\u00fcndonnerstag)\u00a0 auch Trier zu erobern. Bis Ostern am bleiben sie vor Ort, um dann \u00fcber die Mosel nach Metz zu ziehen.\u00a0<\/p>\n\n\n\n<p>Wahrscheinlich war es aber nur ein Teilheer das sich Richtung Metz aufmachte.&nbsp;<\/p>\n\n\n\n<p>Bischof Wala von Metz, Erzbischof Berthold von Trier und Graf Adalhard II von Metz reagierten mit einem gemeinsamen Aufgebot. Am 11. April 882 kam es zur Schlacht von Remich. Zwar siegen die Nordm\u00e4nner und auch Wala von Metz kommt ums Leben, doch die Nordm\u00e4nner kehren um. Ausl\u00f6ser k\u00f6nnte gewesen sein, dass Karl III mittlerweile aus Italien zur\u00fcckgekehrt war und f\u00fcr Mai einen Reichstag in Worms einberufen hatte und die Aushebung eine fr\u00e4nkischen Heeres kurz bevorstand.&nbsp;<\/p>\n\n\n\n<p>Die Nordm\u00e4nner kehren reich beladen nach Haslon \/Asloha zur\u00fcck. Weder Regino, noch die Fuldaer Annalen oder die Annales Vedastini berichten davon, dass Bingen und Mainz bei dem R\u00fcckzug gepl\u00fcndert wurden, wie gerne behauptet. Aber dennoch scheint sich nach den Fuldaer Annalen Mainz auf alles vorbereitet zu haben, denn die Stadtmauer wird fertig gestellt und mit einem Graben umgeben.<\/p>\n\n\n\n<h2 class=\"wp-block-heading\">Karl III. auf Feldzug<\/h2>\n\n\n\n<p>Wie Regino berichtet, befindet sich Karl III mit einem Heer aus Langobarden, Baiern, Th\u00fcringen, Sachsen und Friesen, sowie allen M\u00e4nnern, denen er habhaft werden kann, im Anmarsch auf die verschanzten Nordm\u00e4nner.&nbsp;<\/p>\n\n\n\n<p>Nach den Fuldaer Annalen f\u00fchrt er seine Truppen \u00fcber Westen nach Norden, w\u00e4hrend die Baiern unter F\u00fchrung von Arnulf von K\u00e4rnten sich \u00f6stlich des Rheins bis nach Andernach nach Norden bewegen um dort den Rhein zu \u00fcberqueren und die Heere sich vereinigen.&nbsp;<\/p>\n\n\n\n<p>Nun geht die Strategie los.&nbsp;<\/p>\n\n\n\n<p>Arnulf und die Baiern, sowie Heimrich mit den Franken sollen die Vorhut bilden, die Nordm\u00e4nner \u00fcberraschen und\u00a0 au\u00dferhalb ihrer Festung angreifen. Doch der Plan geht nicht auf. Angeblich soll es Bestochene gegeben haben. Die Annales sehen den Schuldigen aus der Reihe der Franken, wie sie auch sonst pro Arnulf tendieren. Karl l\u00e4sst jetzt das Heer geschlossen aufmarschieren und die Festung belagern, w\u00e4hrend an einem nahen Ort, wohl 6 Meilen entfernt,\u00a0 das Lager errichtet wird. 12 Tage dauert die Belagerung bis am Nachmittag des 21. Juli pl\u00f6tzlich die Natur eingreift.<\/p>\n\n\n\n<h2 class=\"wp-block-heading\">Der Sturm bricht los<\/h2>\n\n\n\n<p>Es war wohl ein Tornado, der \u00fcber Belagerte und Belagerer hinweg fegt. Der Himmel verdunkelt sich, Blitz und Donner bringen Hagelk\u00f6rner, gr\u00f6\u00dfer als eine Spanne der Hand. Die Pferde rei\u00dfen sich los und ein Teil der Befestigungsmauer des K\u00f6nigshofs st\u00fcrzt ein. Die eingest\u00fcrzte Stelle soll so gro\u00df gewesen sein, dass eine Einheit der Reiterei h\u00e4tte eindringen k\u00f6nnen, wenn nicht der Wall der Nordm\u00e4nner davor gelegen h\u00e4tte.<\/p>\n\n\n\n<p>Danach bricht wohl in Folge der vielen Toten der Belagerung eine Seuche aus.\u00a0<\/p>\n\n\n\n<p>Man ist nun zu ersten Verhandlungen bereit. Man stellt gegenseitig Geiseln und einer der beiden Nordmannenf\u00fchrer,\u00a0 Sigifrid (allen andern Quellen zufolge ist es Godfried), macht sich auf den Weg ins Lager der Franken. Er schw\u00f6rt das Reich, so lange Karl lebt, nicht mehr anzugreifen und erh\u00e4lt Geschenke in Form von Gold und Silber von 2080 Pfund mit dem Pfund zu 20 Solidi. So beschreiben es die Fuldaer Annalen in ihrer Bairischen Fortsetzung, es gibt aber noch die Mainzer Variante, die nun folgt und die Situation anders darstellt.<\/p>\n\n\n\n<h2 class=\"wp-block-heading\">Der schlechte Karl III<\/h2>\n\n\n\n<p>Die\u00a0 Mainzer Fortsetzung der Fuldaer Annalen ist es, die am negativsten berichtet und pr\u00e4gend f\u00fcr das schlechte Bild Karls III ist. Demnach w\u00e4re die Festung bereit f\u00fcr die Erst\u00fcrmung, gemeint war hier wohl die Auswirkung von Sturm und Seuche,\u00a0 als der Berater Karls III Bischof Luitward, bestochen von den Nordm\u00e4nnern und eigenm\u00e4chtig, aber gemeinsam\u00a0 mit Graf Wicbert, dem Kaiser den Normannenf\u00fchrer Godfried vorstellt der ihn wie einen Freund empf\u00e4ngt. Nach Austausch von Geiseln \u00f6ffnen die Nordm\u00e4nner die Tore und h\u00e4ngen einen Schild auf, wie es ein Zeichen des Friedens bei ihnen sei, so die Annalen. Die Franken sollen nun in die Festung gestr\u00f6mt sein, um diese in Augenschein zu nehmen, als der hinterlistige Plan aufgegangen sein soll: Die Nordm\u00e4nner h\u00e4ngen den Schild wieder ab! ( Na sowas aber auch, harte Troja Vibes! ) Die Franken in der Festung werden get\u00f6tet oder in Eisen gelegt. Doch Karl soll den Vorgang ignoriert haben und lie\u00df Godfried taufen, als sei nichts geschehen und gab ihm das Lehen, das zuvor Rorick innehatte, sowie 2412 Pfund Silber und Gold. Zudem soll er jedem aus seinem Heer mit Todestrafe oder Blendung gedroht haben, wenn er denn einen Nordmann t\u00f6ten w\u00fcrde.<\/p>\n\n\n\n<p>So oder so, Godfrid gab der Belagerung&nbsp; nach. Er verspricht sich Taufen zu lassen, wenn ihm Friesland und die Hand Giselas, der Tochter Lothars II gegeben wird, so Regino. Nachdem dem stattgegeben wird und die Nordm\u00e4nner zus\u00e4tzlich Gold und Silber erhalten ziehen sie ab.&nbsp;<\/p>\n\n\n\n<h2 class=\"wp-block-heading\">Das Nachspiel<\/h2>\n\n\n\n<p>Und dann? Karl III. zieht ab, l\u00f6st in Koblenz das Heer auf und reist \u00fcber Mainz nach Trebur wo er sich ein paar Tage Auszeit g\u00f6nnt und 887 auch abgesetzt wird, von seinem Nachfolger. Und das ist Arnulf von K\u00e4rnten der bei der Schlacht die bairischen Truppen f\u00fchrte.<\/p>\n\n\n\n<p>Godefried wird eidbr\u00fcchig, 883 besetzt er die Pfalz Duisburg. 885 verb\u00fcndet er sich mit seinem Schwager Hugo. Gisela, war in Sicherheit gebracht worden als sie als Botin f\u00fcr Goidefrid unterwegs war und Godefried wird 885 vom Babemberg Heinrich von Franken erschlagen, Hugo geblendet und nach Pr\u00fcm ins Kloster geschickt.\u00a0<\/p>\n","protected":false},"excerpt":{"rendered":"<p>Meine Besch\u00e4ftigung mit dem Bogen der Karolingerzeit, sowie der Schildbau, lie\u00dfen mich dazu bringen mich einmal auf die Suche nach zeitgen\u00f6ssischen Schlachten zu machen. Ich hatte die Hoffnung ein bisschen was \u00fcber Strategien, Verwendung&#46;&#46;&#46;<\/p>\n","protected":false},"author":2,"featured_media":0,"comment_status":"open","ping_status":"open","sticky":false,"template":"","format":"standard","meta":{"jetpack_post_was_ever_published":false,"_jetpack_newsletter_access":"","_jetpack_dont_email_post_to_subs":false,"_jetpack_newsletter_tier_id":0,"_jetpack_memberships_contains_paywalled_content":false,"_jetpack_memberships_contains_paid_content":false,"footnotes":"","jetpack_publicize_message":"","jetpack_publicize_feature_enabled":true,"jetpack_social_post_already_shared":true,"jetpack_social_options":{"image_generator_settings":{"template":"highway","default_image_id":0,"font":"","enabled":false},"version":2}},"categories":[1],"tags":[11,32,49,77],"class_list":["post-32874","post","type-post","status-publish","format-standard","hentry","category-geschichte","tag-fruhmittelalter","tag-karolingisch","tag-recherche","tag-wikinger"],"yoast_head":"<!-- This site is optimized with the Yoast SEO plugin v27.5 - https:\/\/yoast.com\/product\/yoast-seo-wordpress\/ -->\n<title>Feldzug gegen die Nordm\u00e4nner 882 - Tribur.de<\/title>\n<meta name=\"robots\" content=\"index, follow, max-snippet:-1, max-image-preview:large, max-video-preview:-1\" \/>\n<link rel=\"canonical\" href=\"https:\/\/www.tribur.de\/blog\/2022\/11\/24\/feldzug-gegen-die-nordmaenner-882\/\" \/>\n<meta property=\"og:locale\" content=\"de_DE\" \/>\n<meta property=\"og:type\" content=\"article\" \/>\n<meta property=\"og:title\" content=\"Feldzug gegen die Nordm\u00e4nner 882 - Tribur.de\" \/>\n<meta property=\"og:description\" content=\"Meine Besch\u00e4ftigung mit dem Bogen der Karolingerzeit, sowie der Schildbau, lie\u00dfen mich dazu bringen mich einmal auf die Suche nach zeitgen\u00f6ssischen Schlachten zu machen. Ich hatte die Hoffnung ein bisschen was \u00fcber Strategien, Verwendung&#046;&#046;&#046;\" \/>\n<meta property=\"og:url\" content=\"https:\/\/www.tribur.de\/blog\/2022\/11\/24\/feldzug-gegen-die-nordmaenner-882\/\" \/>\n<meta property=\"og:site_name\" content=\"Tribur.de\" \/>\n<meta property=\"article:publisher\" content=\"http:\/\/www.facebook.com\/pages\/Triburde\/184352328288771\" \/>\n<meta property=\"article:author\" content=\"http:\/\/www.facebook.com\/pages\/Triburde\/184352328288771\" \/>\n<meta property=\"article:published_time\" content=\"2022-11-24T15:38:48+00:00\" \/>\n<meta property=\"article:modified_time\" content=\"2022-11-24T15:41:46+00:00\" \/>\n<meta property=\"og:image\" content=\"https:\/\/i0.wp.com\/www.tribur.de\/blog\/wp-content\/uploads\/2018\/09\/cropped-logotest-2.jpg?fit=200%2C200&ssl=1\" \/>\n\t<meta property=\"og:image:width\" content=\"200\" \/>\n\t<meta property=\"og:image:height\" content=\"200\" \/>\n\t<meta property=\"og:image:type\" content=\"image\/jpeg\" \/>\n<meta name=\"author\" content=\"Markus Zwittmeier\" \/>\n<meta name=\"twitter:card\" content=\"summary_large_image\" \/>\n<meta name=\"twitter:creator\" content=\"@https:\/\/twitter.com\/tribur\" \/>\n<meta name=\"twitter:site\" content=\"@tribur\" \/>\n<meta name=\"twitter:label1\" content=\"Verfasst von\" \/>\n\t<meta name=\"twitter:data1\" content=\"Markus Zwittmeier\" \/>\n\t<meta name=\"twitter:label2\" content=\"Gesch\u00e4tzte Lesezeit\" \/>\n\t<meta name=\"twitter:data2\" content=\"7\u00a0Minuten\" \/>\n<script type=\"application\/ld+json\" class=\"yoast-schema-graph\">{\"@context\":\"https:\\\/\\\/schema.org\",\"@graph\":[{\"@type\":\"Article\",\"@id\":\"https:\\\/\\\/www.tribur.de\\\/blog\\\/2022\\\/11\\\/24\\\/feldzug-gegen-die-nordmaenner-882\\\/#article\",\"isPartOf\":{\"@id\":\"https:\\\/\\\/www.tribur.de\\\/blog\\\/2022\\\/11\\\/24\\\/feldzug-gegen-die-nordmaenner-882\\\/\"},\"author\":{\"name\":\"Markus Zwittmeier\",\"@id\":\"https:\\\/\\\/www.tribur.de\\\/blog\\\/#\\\/schema\\\/person\\\/3119997f09f43791809c2d1af27bba6c\"},\"headline\":\"Feldzug gegen die Nordm\u00e4nner 882\",\"datePublished\":\"2022-11-24T15:38:48+00:00\",\"dateModified\":\"2022-11-24T15:41:46+00:00\",\"mainEntityOfPage\":{\"@id\":\"https:\\\/\\\/www.tribur.de\\\/blog\\\/2022\\\/11\\\/24\\\/feldzug-gegen-die-nordmaenner-882\\\/\"},\"wordCount\":1242,\"commentCount\":3,\"publisher\":{\"@id\":\"https:\\\/\\\/www.tribur.de\\\/blog\\\/#\\\/schema\\\/person\\\/3119997f09f43791809c2d1af27bba6c\"},\"keywords\":[\"Fr\u00fchmittelalter\",\"karolingisch\",\"Recherche\",\"wikinger\"],\"articleSection\":[\"Geschichte\"],\"inLanguage\":\"de\",\"potentialAction\":[{\"@type\":\"CommentAction\",\"name\":\"Comment\",\"target\":[\"https:\\\/\\\/www.tribur.de\\\/blog\\\/2022\\\/11\\\/24\\\/feldzug-gegen-die-nordmaenner-882\\\/#respond\"]}]},{\"@type\":\"WebPage\",\"@id\":\"https:\\\/\\\/www.tribur.de\\\/blog\\\/2022\\\/11\\\/24\\\/feldzug-gegen-die-nordmaenner-882\\\/\",\"url\":\"https:\\\/\\\/www.tribur.de\\\/blog\\\/2022\\\/11\\\/24\\\/feldzug-gegen-die-nordmaenner-882\\\/\",\"name\":\"Feldzug gegen die Nordm\u00e4nner 882 - Tribur.de\",\"isPartOf\":{\"@id\":\"https:\\\/\\\/www.tribur.de\\\/blog\\\/#website\"},\"datePublished\":\"2022-11-24T15:38:48+00:00\",\"dateModified\":\"2022-11-24T15:41:46+00:00\",\"breadcrumb\":{\"@id\":\"https:\\\/\\\/www.tribur.de\\\/blog\\\/2022\\\/11\\\/24\\\/feldzug-gegen-die-nordmaenner-882\\\/#breadcrumb\"},\"inLanguage\":\"de\",\"potentialAction\":[{\"@type\":\"ReadAction\",\"target\":[\"https:\\\/\\\/www.tribur.de\\\/blog\\\/2022\\\/11\\\/24\\\/feldzug-gegen-die-nordmaenner-882\\\/\"]}]},{\"@type\":\"BreadcrumbList\",\"@id\":\"https:\\\/\\\/www.tribur.de\\\/blog\\\/2022\\\/11\\\/24\\\/feldzug-gegen-die-nordmaenner-882\\\/#breadcrumb\",\"itemListElement\":[{\"@type\":\"ListItem\",\"position\":1,\"name\":\"Home\",\"item\":\"https:\\\/\\\/www.tribur.de\\\/blog\\\/\"},{\"@type\":\"ListItem\",\"position\":2,\"name\":\"Feldzug gegen die Nordm\u00e4nner 882\"}]},{\"@type\":\"WebSite\",\"@id\":\"https:\\\/\\\/www.tribur.de\\\/blog\\\/#website\",\"url\":\"https:\\\/\\\/www.tribur.de\\\/blog\\\/\",\"name\":\"Tribur.de\",\"description\":\"Tribur.de - Geschichte und so Zeugs\",\"publisher\":{\"@id\":\"https:\\\/\\\/www.tribur.de\\\/blog\\\/#\\\/schema\\\/person\\\/3119997f09f43791809c2d1af27bba6c\"},\"potentialAction\":[{\"@type\":\"SearchAction\",\"target\":{\"@type\":\"EntryPoint\",\"urlTemplate\":\"https:\\\/\\\/www.tribur.de\\\/blog\\\/?s={search_term_string}\"},\"query-input\":{\"@type\":\"PropertyValueSpecification\",\"valueRequired\":true,\"valueName\":\"search_term_string\"}}],\"inLanguage\":\"de\"},{\"@type\":[\"Person\",\"Organization\"],\"@id\":\"https:\\\/\\\/www.tribur.de\\\/blog\\\/#\\\/schema\\\/person\\\/3119997f09f43791809c2d1af27bba6c\",\"name\":\"Markus Zwittmeier\",\"image\":{\"@type\":\"ImageObject\",\"inLanguage\":\"de\",\"@id\":\"https:\\\/\\\/i0.wp.com\\\/www.tribur.de\\\/blog\\\/wp-content\\\/uploads\\\/2018\\\/09\\\/cropped-logotest-4.jpg?fit=200%2C200&ssl=1\",\"url\":\"https:\\\/\\\/i0.wp.com\\\/www.tribur.de\\\/blog\\\/wp-content\\\/uploads\\\/2018\\\/09\\\/cropped-logotest-4.jpg?fit=200%2C200&ssl=1\",\"contentUrl\":\"https:\\\/\\\/i0.wp.com\\\/www.tribur.de\\\/blog\\\/wp-content\\\/uploads\\\/2018\\\/09\\\/cropped-logotest-4.jpg?fit=200%2C200&ssl=1\",\"width\":200,\"height\":200,\"caption\":\"Markus Zwittmeier\"},\"logo\":{\"@id\":\"https:\\\/\\\/i0.wp.com\\\/www.tribur.de\\\/blog\\\/wp-content\\\/uploads\\\/2018\\\/09\\\/cropped-logotest-4.jpg?fit=200%2C200&ssl=1\"},\"sameAs\":[\"http:\\\/\\\/www.Tribur.de\",\"http:\\\/\\\/www.facebook.com\\\/pages\\\/Triburde\\\/184352328288771\",\"https:\\\/\\\/www.instagram.com\\\/tribur.de\\\/\",\"https:\\\/\\\/x.com\\\/https:\\\/\\\/twitter.com\\\/tribur\",\"https:\\\/\\\/www.youtube.com\\\/channel\\\/UCnEonou-x6_P4XPjBk2htCA\"],\"url\":\"https:\\\/\\\/www.tribur.de\\\/blog\\\/author\\\/markus\\\/\"}]}<\/script>\n<!-- \/ Yoast SEO plugin. -->","yoast_head_json":{"title":"Feldzug gegen die Nordm\u00e4nner 882 - Tribur.de","robots":{"index":"index","follow":"follow","max-snippet":"max-snippet:-1","max-image-preview":"max-image-preview:large","max-video-preview":"max-video-preview:-1"},"canonical":"https:\/\/www.tribur.de\/blog\/2022\/11\/24\/feldzug-gegen-die-nordmaenner-882\/","og_locale":"de_DE","og_type":"article","og_title":"Feldzug gegen die Nordm\u00e4nner 882 - Tribur.de","og_description":"Meine Besch\u00e4ftigung mit dem Bogen der Karolingerzeit, sowie der Schildbau, lie\u00dfen mich dazu bringen mich einmal auf die Suche nach zeitgen\u00f6ssischen Schlachten zu machen. Ich hatte die Hoffnung ein bisschen was \u00fcber Strategien, Verwendung&#46;&#46;&#46;","og_url":"https:\/\/www.tribur.de\/blog\/2022\/11\/24\/feldzug-gegen-die-nordmaenner-882\/","og_site_name":"Tribur.de","article_publisher":"http:\/\/www.facebook.com\/pages\/Triburde\/184352328288771","article_author":"http:\/\/www.facebook.com\/pages\/Triburde\/184352328288771","article_published_time":"2022-11-24T15:38:48+00:00","article_modified_time":"2022-11-24T15:41:46+00:00","og_image":[{"width":200,"height":200,"url":"https:\/\/i0.wp.com\/www.tribur.de\/blog\/wp-content\/uploads\/2018\/09\/cropped-logotest-2.jpg?fit=200%2C200&ssl=1","type":"image\/jpeg"}],"author":"Markus Zwittmeier","twitter_card":"summary_large_image","twitter_creator":"@https:\/\/twitter.com\/tribur","twitter_site":"@tribur","twitter_misc":{"Verfasst von":"Markus Zwittmeier","Gesch\u00e4tzte Lesezeit":"7\u00a0Minuten"},"schema":{"@context":"https:\/\/schema.org","@graph":[{"@type":"Article","@id":"https:\/\/www.tribur.de\/blog\/2022\/11\/24\/feldzug-gegen-die-nordmaenner-882\/#article","isPartOf":{"@id":"https:\/\/www.tribur.de\/blog\/2022\/11\/24\/feldzug-gegen-die-nordmaenner-882\/"},"author":{"name":"Markus Zwittmeier","@id":"https:\/\/www.tribur.de\/blog\/#\/schema\/person\/3119997f09f43791809c2d1af27bba6c"},"headline":"Feldzug gegen die Nordm\u00e4nner 882","datePublished":"2022-11-24T15:38:48+00:00","dateModified":"2022-11-24T15:41:46+00:00","mainEntityOfPage":{"@id":"https:\/\/www.tribur.de\/blog\/2022\/11\/24\/feldzug-gegen-die-nordmaenner-882\/"},"wordCount":1242,"commentCount":3,"publisher":{"@id":"https:\/\/www.tribur.de\/blog\/#\/schema\/person\/3119997f09f43791809c2d1af27bba6c"},"keywords":["Fr\u00fchmittelalter","karolingisch","Recherche","wikinger"],"articleSection":["Geschichte"],"inLanguage":"de","potentialAction":[{"@type":"CommentAction","name":"Comment","target":["https:\/\/www.tribur.de\/blog\/2022\/11\/24\/feldzug-gegen-die-nordmaenner-882\/#respond"]}]},{"@type":"WebPage","@id":"https:\/\/www.tribur.de\/blog\/2022\/11\/24\/feldzug-gegen-die-nordmaenner-882\/","url":"https:\/\/www.tribur.de\/blog\/2022\/11\/24\/feldzug-gegen-die-nordmaenner-882\/","name":"Feldzug gegen die Nordm\u00e4nner 882 - Tribur.de","isPartOf":{"@id":"https:\/\/www.tribur.de\/blog\/#website"},"datePublished":"2022-11-24T15:38:48+00:00","dateModified":"2022-11-24T15:41:46+00:00","breadcrumb":{"@id":"https:\/\/www.tribur.de\/blog\/2022\/11\/24\/feldzug-gegen-die-nordmaenner-882\/#breadcrumb"},"inLanguage":"de","potentialAction":[{"@type":"ReadAction","target":["https:\/\/www.tribur.de\/blog\/2022\/11\/24\/feldzug-gegen-die-nordmaenner-882\/"]}]},{"@type":"BreadcrumbList","@id":"https:\/\/www.tribur.de\/blog\/2022\/11\/24\/feldzug-gegen-die-nordmaenner-882\/#breadcrumb","itemListElement":[{"@type":"ListItem","position":1,"name":"Home","item":"https:\/\/www.tribur.de\/blog\/"},{"@type":"ListItem","position":2,"name":"Feldzug gegen die Nordm\u00e4nner 882"}]},{"@type":"WebSite","@id":"https:\/\/www.tribur.de\/blog\/#website","url":"https:\/\/www.tribur.de\/blog\/","name":"Tribur.de","description":"Tribur.de - Geschichte und so Zeugs","publisher":{"@id":"https:\/\/www.tribur.de\/blog\/#\/schema\/person\/3119997f09f43791809c2d1af27bba6c"},"potentialAction":[{"@type":"SearchAction","target":{"@type":"EntryPoint","urlTemplate":"https:\/\/www.tribur.de\/blog\/?s={search_term_string}"},"query-input":{"@type":"PropertyValueSpecification","valueRequired":true,"valueName":"search_term_string"}}],"inLanguage":"de"},{"@type":["Person","Organization"],"@id":"https:\/\/www.tribur.de\/blog\/#\/schema\/person\/3119997f09f43791809c2d1af27bba6c","name":"Markus Zwittmeier","image":{"@type":"ImageObject","inLanguage":"de","@id":"https:\/\/i0.wp.com\/www.tribur.de\/blog\/wp-content\/uploads\/2018\/09\/cropped-logotest-4.jpg?fit=200%2C200&ssl=1","url":"https:\/\/i0.wp.com\/www.tribur.de\/blog\/wp-content\/uploads\/2018\/09\/cropped-logotest-4.jpg?fit=200%2C200&ssl=1","contentUrl":"https:\/\/i0.wp.com\/www.tribur.de\/blog\/wp-content\/uploads\/2018\/09\/cropped-logotest-4.jpg?fit=200%2C200&ssl=1","width":200,"height":200,"caption":"Markus Zwittmeier"},"logo":{"@id":"https:\/\/i0.wp.com\/www.tribur.de\/blog\/wp-content\/uploads\/2018\/09\/cropped-logotest-4.jpg?fit=200%2C200&ssl=1"},"sameAs":["http:\/\/www.Tribur.de","http:\/\/www.facebook.com\/pages\/Triburde\/184352328288771","https:\/\/www.instagram.com\/tribur.de\/","https:\/\/x.com\/https:\/\/twitter.com\/tribur","https:\/\/www.youtube.com\/channel\/UCnEonou-x6_P4XPjBk2htCA"],"url":"https:\/\/www.tribur.de\/blog\/author\/markus\/"}]}},"jetpack_publicize_connections":[],"jetpack_featured_media_url":"","jetpack_shortlink":"https:\/\/wp.me\/p1mHPu-8ye","jetpack_sharing_enabled":true,"_links":{"self":[{"href":"https:\/\/www.tribur.de\/blog\/wp-json\/wp\/v2\/posts\/32874","targetHints":{"allow":["GET"]}}],"collection":[{"href":"https:\/\/www.tribur.de\/blog\/wp-json\/wp\/v2\/posts"}],"about":[{"href":"https:\/\/www.tribur.de\/blog\/wp-json\/wp\/v2\/types\/post"}],"author":[{"embeddable":true,"href":"https:\/\/www.tribur.de\/blog\/wp-json\/wp\/v2\/users\/2"}],"replies":[{"embeddable":true,"href":"https:\/\/www.tribur.de\/blog\/wp-json\/wp\/v2\/comments?post=32874"}],"version-history":[{"count":6,"href":"https:\/\/www.tribur.de\/blog\/wp-json\/wp\/v2\/posts\/32874\/revisions"}],"predecessor-version":[{"id":32880,"href":"https:\/\/www.tribur.de\/blog\/wp-json\/wp\/v2\/posts\/32874\/revisions\/32880"}],"wp:attachment":[{"href":"https:\/\/www.tribur.de\/blog\/wp-json\/wp\/v2\/media?parent=32874"}],"wp:term":[{"taxonomy":"category","embeddable":true,"href":"https:\/\/www.tribur.de\/blog\/wp-json\/wp\/v2\/categories?post=32874"},{"taxonomy":"post_tag","embeddable":true,"href":"https:\/\/www.tribur.de\/blog\/wp-json\/wp\/v2\/tags?post=32874"}],"curies":[{"name":"wp","href":"https:\/\/api.w.org\/{rel}","templated":true}]}}