{"id":32729,"date":"2022-08-18T18:13:27","date_gmt":"2022-08-18T17:13:27","guid":{"rendered":"http:\/\/www.tribur.de\/blog\/?p=32729"},"modified":"2022-08-18T18:13:30","modified_gmt":"2022-08-18T17:13:30","slug":"der-karolingische-schild-teil-4-gedanken-zum-bau-und-formgebung","status":"publish","type":"post","link":"https:\/\/www.tribur.de\/blog\/2022\/08\/18\/der-karolingische-schild-teil-4-gedanken-zum-bau-und-formgebung\/","title":{"rendered":"Der karolingische Schild &#8211; Teil 4 &#8211; Gedanken zum Bau und Formgebung"},"content":{"rendered":"\n<p><strong>Gr\u00f6\u00dfe des Schildes<\/strong><\/p>\n\n\n\n<p>\u00dcber die Gr\u00f6\u00dfe der nordischen, flachen Schilde hatte ich bereits geschrieben, doch wie verh\u00e4lt es sich mit der Gr\u00f6\u00dfe der gew\u00f6lbten Rundschilde und wie gro\u00df soll meines werden? Es ist wohl davon auszugehen, dass sich die Gr\u00f6\u00dfe des gew\u00f6lbten Schildes nicht sonderlich von den Flachen unterscheidet. Aber ich wollte nochmal auf Nummer sicher gehen und mich umschauen.&nbsp;<\/p>\n\n\n\n<p>H\u00e4rke gibt einige Gr\u00f6\u00dfen von Angels\u00e4chsischen Schilden an<sup id=\"rf1-32729\"><a href=\"#fn1-32729\" title=\" T.Dickinson, H.H\u00e4rke Early Anglo-Saxon Schields Table 12 S46 \" rel=\"footnote\">1<\/a><\/sup> von denen Sutton Hoo, als der potentielle Schild K\u00f6nig R\u00e6dwalds von&nbsp; East Anglia,&nbsp; mit ca. 92cm das Gr\u00f6\u00dfte ist. Es besitzt jedoch nur auf den letzten cm des Randes&nbsp; eine leichte Biegung. Ansonsten gibt er in seiner Tabelle nur noch einen Schild mit leichter Randw\u00f6lbung an, dieser ist aber nur 57cm gro\u00df. Der Schild aus dem deutschen Oberflacht hatte dagegen 88cm Durchmesser.<\/p>\n\n\n\n<p>Es ist dann ein wenig eine Binsenweisheit wenn Heinrich H\u00e4rke schreibt&nbsp; \u201cThere appears to be some correlation between the age of the individual buried with a shield, and shield size\u201d<\/p>\n\n\n\n<p><sup id=\"rf2-32729\"><a href=\"#fn2-32729\" title=\" T.Dickinson, H.H\u00e4rke Early Anglo-Saxon Schields S45 \" rel=\"footnote\">2<\/a><\/sup> und dann als Beispiel ein Kindergrab angef\u00fchrt wird.&nbsp;<\/p>\n\n\n\n<p>So kann dies auch bei dem bekannten Knabengrab im K\u00f6lner Dom beobachtet werden und ist eigentlich logisch. W\u00e4hrend einige Gegenst\u00e4nde im Grab des etwa 6-J\u00e4hrigen f\u00fcr Erwachsene hergestellt wurden, etwa die Spatha, sind andere Gegenst\u00e4nde klar dem Kind direkt aus seiner Lebenswelt zuzuordnen. So etwa Helm, Sax und eben der Schild. Es waren wahrscheinlich Gegenst\u00e4nde die er zu Pr\u00e4sentationszwecken trug und in denen er im&nbsp; Kampf trainiert wurde. Der Schild war etwa 50-55cm gro\u00df (Durchmesser) die Griff\u00f6ffnung betrug nur 8cm.&nbsp; Anderen Kindergr\u00e4bern in Deutschland dagegen wurden die Schilde von Erwachsenen mit ins Grab gegeben<sup id=\"rf3-32729\"><a href=\"#fn3-32729\" title=\" M. Lenerz-de Wilde,&nbsp; \u00dcberlegungen zur Identit\u00e4t des Knaben in dem Grab unter dem K\u00f6lner Dom, S6 \" rel=\"footnote\">3<\/a><\/sup><\/p>\n\n\n\n<p>Es gab auch Versuche die Gr\u00f6\u00dfe der Schilde aus den Handschriften abzuleiten. Dies f\u00fchrte zu Gr\u00f6\u00dfen von 30cm bis 150cm.&nbsp;<\/p>\n\n\n\n<p>Ich bin der Meinung die Gr\u00f6\u00dfe des Schildes korreliert eher mit der Gr\u00f6\u00dfe des Benutzers und einer Prise pers\u00f6nlicher Vorlieben. Leider konnte ich nicht herausfinden ob es \u00fcberhaupt einmal einen Versuch gab die Gr\u00f6\u00dfe von Schilden mit den Gr\u00f6\u00dfen der Verstorbenen in Beziehung zu setzen. Ich denke dabei an Faktoren wie Oberk\u00f6rperbreite, H\u00f6he des Oberk\u00f6rpers, Gesamtgr\u00f6\u00dfe und \u00e4hnlichem.&nbsp;<\/p>\n\n\n\n<p>Letztendlich habe ich mich f\u00fcr eine Gr\u00f6\u00dfe von ca. 85cm entschieden. Die W\u00f6lbung ist mit 10cm geplant. Da ich eine gleichm\u00e4\u00dfige W\u00f6lbung in Form eines Kugelauschnitts erzeugen m\u00f6chte Bildet die W\u00f6lbung letztendlich die obersten 10cm einer Kugel mit ca.195cm Durchmesser<\/p>\n\n\n\n<p><strong>Die Positiv Form<\/strong><\/p>\n\n\n\n<p>Als ich das mir die n\u00f6tige Sperholzplatte f\u00fcr die Positivform des Schildes organisiert hatte. machte ich mir Gedanken zum Bau der Form. Ich hatte zuvor im Internet zwei identische Varianten, von Leuten die sich eine Positivform f\u00fcr den Bau eines gew\u00f6lbten Rundschildes erstellt hatten, gefunden. Beide davon aus Frankreich und einer davon verkauft wohl auch diese Schilde.&nbsp;<\/p>\n\n\n\n<p>Beide Formen waren im Grunde sternf\u00f6rmig aufgebaut. Eine davon war sogar derart massiv aufgebaut, dass fast s\u00e4mtliche Freir\u00e4ume ausgef\u00fcllt waren und nur noch wenige freie Spalten in der sternf\u00f6rmigen Konstruktion verblieben.<\/p>\n\n\n\n<p>Ich machte mir Gedanken, ob ich \u00fcberhaupt genug Holz zuhause hatte, um eine \u00e4hnliche Konstruktion zu bewerkstelligen und begann die Konstruktion zu \u00fcberdenken. Der Knackpunkt meiner Gedanken kam, als ich bemerkte, dass die erste Lage an Leisten die aufgebracht werden wird, die einziAge Lage ist, die tats\u00e4chlich die Unterst\u00fctzung der Form ben\u00f6tigt. Wenn die erste Lage liegt und die zweite Lage auf die erste geleimt wird hat die zweite Lage keine L\u00fccke, in dieA sie rutschen k\u00f6nnte oder von der sie keine Form bekommt. Dies \u00fcbernimmt ja die erste Lage!<\/p>\n\n\n\n<p>Das bedeutet, ich brauche nur eine Unterst\u00fctzung durch die Form im rechten Winkel zur ersten Plankenlage.\u00a0<\/p>\n\n\n\n<p><\/p>\n\n\n<div class=\"wp-block-image\">\n<figure class=\"alignleft size-full\"><a href=\"https:\/\/i0.wp.com\/www.tribur.de\/blog\/wp-content\/uploads\/2022\/08\/Schild-Form.png?ssl=1\"><img data-recalc-dims=\"1\" loading=\"lazy\" decoding=\"async\" width=\"500\" height=\"281\" src=\"https:\/\/i0.wp.com\/www.tribur.de\/blog\/wp-content\/uploads\/2022\/08\/Schild-Form.png?resize=500%2C281&#038;ssl=1\" alt=\"\" class=\"wp-image-32731\" srcset=\"https:\/\/i0.wp.com\/www.tribur.de\/blog\/wp-content\/uploads\/2022\/08\/Schild-Form.png?w=500&amp;ssl=1 500w, https:\/\/i0.wp.com\/www.tribur.de\/blog\/wp-content\/uploads\/2022\/08\/Schild-Form.png?resize=300%2C169&amp;ssl=1 300w\" sizes=\"auto, (max-width: 500px) 100vw, 500px\" \/><\/a><figcaption class=\"wp-element-caption\">Positivform f\u00fcr das Schild, links f\u00fcr Dura Europos, Mitte: gew\u00f6lbter Rundschild vereinfacht: Rechts: gew\u00f6lbter Rundschild Sternform<\/figcaption><\/figure>\n<\/div>\n\n\n<p>Als ich nun f\u00fcr diesen Artikel die Varianten als 3D Modell darstellte, entwickelte sich vor meinem inneren Auge eine , zumindest konstruktionsbedingte, Entwicklungsgeschichte zu den Formen die wiederum in Wechselwirkung mit der Form stehen k\u00f6nnte..&nbsp;<\/p>\n\n\n\n<p>Das r\u00f6mische Scutum l\u00e4sst sich durch mehrere gleichf\u00f6rmige,parallele Kreissegmente auf einer rechteckigen Grundfl\u00e4che realisieren. Stauche ich die Grundfl\u00e4che in Richtung quadrat,&nbsp; runde die Ecken und senke die St\u00fctzen an den Schmalseiten, n\u00e4here ich mich nach und nach der Form der ovalen Dura Europos Schilde<\/p>\n\n\n\n<p>Wenn ich mich der Kreisform n\u00e4here, erreiche ich den gew\u00f6lbten Rundschild.&nbsp; Verschm\u00e4lere ich das ganze wieder komm ich wieder zu den ovalen Schilden die auf ottonischen Abbildungen zu sehen sind und vielleicht zu den Kite-\/Normannschilden f\u00fchrten.&nbsp;<\/p>\n\n\n\n<p>Dies ist allerdings nur ein Gedanke. Nat\u00fcrlich f\u00fchren Modestr\u00f6hmungen genauso wie taktische Erfahrungen, Auswirkung verschiedenster Feinde und deren unterschiedliche Waffen auf die Ver\u00e4nderung der R\u00fcsttechnik.<\/p>\n<hr class=\"footnotes\"><ol class=\"footnotes\" style=\"list-style-type:decimal\"><li id=\"fn1-32729\"><p > T.Dickinson, H.H\u00e4rke Early Anglo-Saxon Schields Table 12 S46 &nbsp;<a href=\"#rf1-32729\" class=\"backlink\" title=\"Return to footnote 1.\">&#8617;<\/a><\/p><\/li><li id=\"fn2-32729\"><p > T.Dickinson, H.H\u00e4rke Early Anglo-Saxon Schields S45 &nbsp;<a href=\"#rf2-32729\" class=\"backlink\" title=\"Return to footnote 2.\">&#8617;<\/a><\/p><\/li><li id=\"fn3-32729\"><p > M. Lenerz-de Wilde,&nbsp; \u00dcberlegungen zur Identit\u00e4t des Knaben in dem Grab unter dem K\u00f6lner Dom, S6 &nbsp;<a href=\"#rf3-32729\" class=\"backlink\" title=\"Return to footnote 3.\">&#8617;<\/a><\/p><\/li><\/ol>","protected":false},"excerpt":{"rendered":"<p>Gr\u00f6\u00dfe des Schildes \u00dcber die Gr\u00f6\u00dfe der nordischen, flachen Schilde hatte ich bereits geschrieben, doch wie verh\u00e4lt es sich mit der Gr\u00f6\u00dfe der gew\u00f6lbten Rundschilde und wie gro\u00df soll meines werden? Es ist wohl&#46;&#46;&#46;<\/p>\n","protected":false},"author":2,"featured_media":0,"comment_status":"open","ping_status":"open","sticky":false,"template":"","format":"standard","meta":{"jetpack_post_was_ever_published":false,"_jetpack_newsletter_access":"","_jetpack_dont_email_post_to_subs":false,"_jetpack_newsletter_tier_id":0,"_jetpack_memberships_contains_paywalled_content":false,"_jetpack_memberships_contains_paid_content":false,"footnotes":"","jetpack_publicize_message":"","jetpack_publicize_feature_enabled":true,"jetpack_social_post_already_shared":true,"jetpack_social_options":{"image_generator_settings":{"template":"highway","default_image_id":0,"font":"","enabled":false},"version":2}},"categories":[1],"tags":[11,32,52,41,37],"class_list":["post-32729","post","type-post","status-publish","format-standard","hentry","category-geschichte","tag-fruhmittelalter","tag-karolingisch","tag-living-history","tag-reenactment","tag-theorie"],"yoast_head":"<!-- This site is optimized with the Yoast SEO plugin v27.5 - https:\/\/yoast.com\/product\/yoast-seo-wordpress\/ -->\n<title>Der karolingische Schild - Teil 4 - Gedanken zum Bau und Formgebung - Tribur.de<\/title>\n<meta name=\"robots\" content=\"index, follow, max-snippet:-1, max-image-preview:large, max-video-preview:-1\" \/>\n<link rel=\"canonical\" href=\"https:\/\/www.tribur.de\/blog\/2022\/08\/18\/der-karolingische-schild-teil-4-gedanken-zum-bau-und-formgebung\/\" \/>\n<meta property=\"og:locale\" content=\"de_DE\" \/>\n<meta property=\"og:type\" content=\"article\" \/>\n<meta property=\"og:title\" content=\"Der karolingische Schild - Teil 4 - Gedanken zum Bau und Formgebung - Tribur.de\" \/>\n<meta property=\"og:description\" content=\"Gr\u00f6\u00dfe des Schildes \u00dcber die Gr\u00f6\u00dfe der nordischen, flachen Schilde hatte ich bereits geschrieben, doch wie verh\u00e4lt es sich mit der Gr\u00f6\u00dfe der gew\u00f6lbten Rundschilde und wie gro\u00df soll meines werden? Es ist wohl&#046;&#046;&#046;\" \/>\n<meta property=\"og:url\" content=\"https:\/\/www.tribur.de\/blog\/2022\/08\/18\/der-karolingische-schild-teil-4-gedanken-zum-bau-und-formgebung\/\" \/>\n<meta property=\"og:site_name\" content=\"Tribur.de\" \/>\n<meta property=\"article:publisher\" content=\"http:\/\/www.facebook.com\/pages\/Triburde\/184352328288771\" \/>\n<meta property=\"article:author\" content=\"http:\/\/www.facebook.com\/pages\/Triburde\/184352328288771\" \/>\n<meta property=\"article:published_time\" content=\"2022-08-18T17:13:27+00:00\" \/>\n<meta property=\"article:modified_time\" content=\"2022-08-18T17:13:30+00:00\" \/>\n<meta property=\"og:image\" content=\"http:\/\/www.tribur.de\/blog\/wp-content\/uploads\/2022\/08\/Schild-Form.png\" \/>\n<meta name=\"author\" content=\"Markus Zwittmeier\" \/>\n<meta name=\"twitter:card\" content=\"summary_large_image\" \/>\n<meta name=\"twitter:creator\" content=\"@https:\/\/twitter.com\/tribur\" \/>\n<meta name=\"twitter:site\" content=\"@tribur\" \/>\n<meta name=\"twitter:label1\" content=\"Verfasst von\" \/>\n\t<meta name=\"twitter:data1\" content=\"Markus Zwittmeier\" \/>\n\t<meta name=\"twitter:label2\" content=\"Gesch\u00e4tzte Lesezeit\" \/>\n\t<meta name=\"twitter:data2\" content=\"4\u00a0Minuten\" \/>\n<script type=\"application\/ld+json\" class=\"yoast-schema-graph\">{\"@context\":\"https:\\\/\\\/schema.org\",\"@graph\":[{\"@type\":\"Article\",\"@id\":\"https:\\\/\\\/www.tribur.de\\\/blog\\\/2022\\\/08\\\/18\\\/der-karolingische-schild-teil-4-gedanken-zum-bau-und-formgebung\\\/#article\",\"isPartOf\":{\"@id\":\"https:\\\/\\\/www.tribur.de\\\/blog\\\/2022\\\/08\\\/18\\\/der-karolingische-schild-teil-4-gedanken-zum-bau-und-formgebung\\\/\"},\"author\":{\"name\":\"Markus Zwittmeier\",\"@id\":\"https:\\\/\\\/www.tribur.de\\\/blog\\\/#\\\/schema\\\/person\\\/3119997f09f43791809c2d1af27bba6c\"},\"headline\":\"Der karolingische Schild &#8211; Teil 4 &#8211; Gedanken zum Bau und Formgebung\",\"datePublished\":\"2022-08-18T17:13:27+00:00\",\"dateModified\":\"2022-08-18T17:13:30+00:00\",\"mainEntityOfPage\":{\"@id\":\"https:\\\/\\\/www.tribur.de\\\/blog\\\/2022\\\/08\\\/18\\\/der-karolingische-schild-teil-4-gedanken-zum-bau-und-formgebung\\\/\"},\"wordCount\":882,\"commentCount\":0,\"publisher\":{\"@id\":\"https:\\\/\\\/www.tribur.de\\\/blog\\\/#\\\/schema\\\/person\\\/3119997f09f43791809c2d1af27bba6c\"},\"image\":{\"@id\":\"https:\\\/\\\/www.tribur.de\\\/blog\\\/2022\\\/08\\\/18\\\/der-karolingische-schild-teil-4-gedanken-zum-bau-und-formgebung\\\/#primaryimage\"},\"thumbnailUrl\":\"http:\\\/\\\/www.tribur.de\\\/blog\\\/wp-content\\\/uploads\\\/2022\\\/08\\\/Schild-Form.png\",\"keywords\":[\"Fr\u00fchmittelalter\",\"karolingisch\",\"Living History\",\"Reenactment\",\"Theorie\"],\"articleSection\":[\"Geschichte\"],\"inLanguage\":\"de\",\"potentialAction\":[{\"@type\":\"CommentAction\",\"name\":\"Comment\",\"target\":[\"https:\\\/\\\/www.tribur.de\\\/blog\\\/2022\\\/08\\\/18\\\/der-karolingische-schild-teil-4-gedanken-zum-bau-und-formgebung\\\/#respond\"]}]},{\"@type\":\"WebPage\",\"@id\":\"https:\\\/\\\/www.tribur.de\\\/blog\\\/2022\\\/08\\\/18\\\/der-karolingische-schild-teil-4-gedanken-zum-bau-und-formgebung\\\/\",\"url\":\"https:\\\/\\\/www.tribur.de\\\/blog\\\/2022\\\/08\\\/18\\\/der-karolingische-schild-teil-4-gedanken-zum-bau-und-formgebung\\\/\",\"name\":\"Der karolingische Schild - Teil 4 - Gedanken zum Bau und Formgebung - Tribur.de\",\"isPartOf\":{\"@id\":\"https:\\\/\\\/www.tribur.de\\\/blog\\\/#website\"},\"primaryImageOfPage\":{\"@id\":\"https:\\\/\\\/www.tribur.de\\\/blog\\\/2022\\\/08\\\/18\\\/der-karolingische-schild-teil-4-gedanken-zum-bau-und-formgebung\\\/#primaryimage\"},\"image\":{\"@id\":\"https:\\\/\\\/www.tribur.de\\\/blog\\\/2022\\\/08\\\/18\\\/der-karolingische-schild-teil-4-gedanken-zum-bau-und-formgebung\\\/#primaryimage\"},\"thumbnailUrl\":\"http:\\\/\\\/www.tribur.de\\\/blog\\\/wp-content\\\/uploads\\\/2022\\\/08\\\/Schild-Form.png\",\"datePublished\":\"2022-08-18T17:13:27+00:00\",\"dateModified\":\"2022-08-18T17:13:30+00:00\",\"breadcrumb\":{\"@id\":\"https:\\\/\\\/www.tribur.de\\\/blog\\\/2022\\\/08\\\/18\\\/der-karolingische-schild-teil-4-gedanken-zum-bau-und-formgebung\\\/#breadcrumb\"},\"inLanguage\":\"de\",\"potentialAction\":[{\"@type\":\"ReadAction\",\"target\":[\"https:\\\/\\\/www.tribur.de\\\/blog\\\/2022\\\/08\\\/18\\\/der-karolingische-schild-teil-4-gedanken-zum-bau-und-formgebung\\\/\"]}]},{\"@type\":\"ImageObject\",\"inLanguage\":\"de\",\"@id\":\"https:\\\/\\\/www.tribur.de\\\/blog\\\/2022\\\/08\\\/18\\\/der-karolingische-schild-teil-4-gedanken-zum-bau-und-formgebung\\\/#primaryimage\",\"url\":\"https:\\\/\\\/i0.wp.com\\\/www.tribur.de\\\/blog\\\/wp-content\\\/uploads\\\/2022\\\/08\\\/Schild-Form.png?fit=500%2C281&ssl=1\",\"contentUrl\":\"https:\\\/\\\/i0.wp.com\\\/www.tribur.de\\\/blog\\\/wp-content\\\/uploads\\\/2022\\\/08\\\/Schild-Form.png?fit=500%2C281&ssl=1\",\"width\":500,\"height\":281},{\"@type\":\"BreadcrumbList\",\"@id\":\"https:\\\/\\\/www.tribur.de\\\/blog\\\/2022\\\/08\\\/18\\\/der-karolingische-schild-teil-4-gedanken-zum-bau-und-formgebung\\\/#breadcrumb\",\"itemListElement\":[{\"@type\":\"ListItem\",\"position\":1,\"name\":\"Home\",\"item\":\"https:\\\/\\\/www.tribur.de\\\/blog\\\/\"},{\"@type\":\"ListItem\",\"position\":2,\"name\":\"Der karolingische Schild &#8211; Teil 4 &#8211; Gedanken zum Bau und Formgebung\"}]},{\"@type\":\"WebSite\",\"@id\":\"https:\\\/\\\/www.tribur.de\\\/blog\\\/#website\",\"url\":\"https:\\\/\\\/www.tribur.de\\\/blog\\\/\",\"name\":\"Tribur.de\",\"description\":\"Tribur.de - Geschichte und so Zeugs\",\"publisher\":{\"@id\":\"https:\\\/\\\/www.tribur.de\\\/blog\\\/#\\\/schema\\\/person\\\/3119997f09f43791809c2d1af27bba6c\"},\"potentialAction\":[{\"@type\":\"SearchAction\",\"target\":{\"@type\":\"EntryPoint\",\"urlTemplate\":\"https:\\\/\\\/www.tribur.de\\\/blog\\\/?s={search_term_string}\"},\"query-input\":{\"@type\":\"PropertyValueSpecification\",\"valueRequired\":true,\"valueName\":\"search_term_string\"}}],\"inLanguage\":\"de\"},{\"@type\":[\"Person\",\"Organization\"],\"@id\":\"https:\\\/\\\/www.tribur.de\\\/blog\\\/#\\\/schema\\\/person\\\/3119997f09f43791809c2d1af27bba6c\",\"name\":\"Markus Zwittmeier\",\"image\":{\"@type\":\"ImageObject\",\"inLanguage\":\"de\",\"@id\":\"https:\\\/\\\/i0.wp.com\\\/www.tribur.de\\\/blog\\\/wp-content\\\/uploads\\\/2018\\\/09\\\/cropped-logotest-4.jpg?fit=200%2C200&ssl=1\",\"url\":\"https:\\\/\\\/i0.wp.com\\\/www.tribur.de\\\/blog\\\/wp-content\\\/uploads\\\/2018\\\/09\\\/cropped-logotest-4.jpg?fit=200%2C200&ssl=1\",\"contentUrl\":\"https:\\\/\\\/i0.wp.com\\\/www.tribur.de\\\/blog\\\/wp-content\\\/uploads\\\/2018\\\/09\\\/cropped-logotest-4.jpg?fit=200%2C200&ssl=1\",\"width\":200,\"height\":200,\"caption\":\"Markus Zwittmeier\"},\"logo\":{\"@id\":\"https:\\\/\\\/i0.wp.com\\\/www.tribur.de\\\/blog\\\/wp-content\\\/uploads\\\/2018\\\/09\\\/cropped-logotest-4.jpg?fit=200%2C200&ssl=1\"},\"sameAs\":[\"http:\\\/\\\/www.Tribur.de\",\"http:\\\/\\\/www.facebook.com\\\/pages\\\/Triburde\\\/184352328288771\",\"https:\\\/\\\/www.instagram.com\\\/tribur.de\\\/\",\"https:\\\/\\\/x.com\\\/https:\\\/\\\/twitter.com\\\/tribur\",\"https:\\\/\\\/www.youtube.com\\\/channel\\\/UCnEonou-x6_P4XPjBk2htCA\"],\"url\":\"https:\\\/\\\/www.tribur.de\\\/blog\\\/author\\\/markus\\\/\"}]}<\/script>\n<!-- \/ Yoast SEO plugin. -->","yoast_head_json":{"title":"Der karolingische Schild - Teil 4 - Gedanken zum Bau und Formgebung - Tribur.de","robots":{"index":"index","follow":"follow","max-snippet":"max-snippet:-1","max-image-preview":"max-image-preview:large","max-video-preview":"max-video-preview:-1"},"canonical":"https:\/\/www.tribur.de\/blog\/2022\/08\/18\/der-karolingische-schild-teil-4-gedanken-zum-bau-und-formgebung\/","og_locale":"de_DE","og_type":"article","og_title":"Der karolingische Schild - Teil 4 - Gedanken zum Bau und Formgebung - Tribur.de","og_description":"Gr\u00f6\u00dfe des Schildes \u00dcber die Gr\u00f6\u00dfe der nordischen, flachen Schilde hatte ich bereits geschrieben, doch wie verh\u00e4lt es sich mit der Gr\u00f6\u00dfe der gew\u00f6lbten Rundschilde und wie gro\u00df soll meines werden? Es ist wohl&#46;&#46;&#46;","og_url":"https:\/\/www.tribur.de\/blog\/2022\/08\/18\/der-karolingische-schild-teil-4-gedanken-zum-bau-und-formgebung\/","og_site_name":"Tribur.de","article_publisher":"http:\/\/www.facebook.com\/pages\/Triburde\/184352328288771","article_author":"http:\/\/www.facebook.com\/pages\/Triburde\/184352328288771","article_published_time":"2022-08-18T17:13:27+00:00","article_modified_time":"2022-08-18T17:13:30+00:00","og_image":[{"url":"http:\/\/www.tribur.de\/blog\/wp-content\/uploads\/2022\/08\/Schild-Form.png","type":"","width":"","height":""}],"author":"Markus Zwittmeier","twitter_card":"summary_large_image","twitter_creator":"@https:\/\/twitter.com\/tribur","twitter_site":"@tribur","twitter_misc":{"Verfasst von":"Markus Zwittmeier","Gesch\u00e4tzte Lesezeit":"4\u00a0Minuten"},"schema":{"@context":"https:\/\/schema.org","@graph":[{"@type":"Article","@id":"https:\/\/www.tribur.de\/blog\/2022\/08\/18\/der-karolingische-schild-teil-4-gedanken-zum-bau-und-formgebung\/#article","isPartOf":{"@id":"https:\/\/www.tribur.de\/blog\/2022\/08\/18\/der-karolingische-schild-teil-4-gedanken-zum-bau-und-formgebung\/"},"author":{"name":"Markus Zwittmeier","@id":"https:\/\/www.tribur.de\/blog\/#\/schema\/person\/3119997f09f43791809c2d1af27bba6c"},"headline":"Der karolingische Schild &#8211; Teil 4 &#8211; Gedanken zum Bau und Formgebung","datePublished":"2022-08-18T17:13:27+00:00","dateModified":"2022-08-18T17:13:30+00:00","mainEntityOfPage":{"@id":"https:\/\/www.tribur.de\/blog\/2022\/08\/18\/der-karolingische-schild-teil-4-gedanken-zum-bau-und-formgebung\/"},"wordCount":882,"commentCount":0,"publisher":{"@id":"https:\/\/www.tribur.de\/blog\/#\/schema\/person\/3119997f09f43791809c2d1af27bba6c"},"image":{"@id":"https:\/\/www.tribur.de\/blog\/2022\/08\/18\/der-karolingische-schild-teil-4-gedanken-zum-bau-und-formgebung\/#primaryimage"},"thumbnailUrl":"http:\/\/www.tribur.de\/blog\/wp-content\/uploads\/2022\/08\/Schild-Form.png","keywords":["Fr\u00fchmittelalter","karolingisch","Living History","Reenactment","Theorie"],"articleSection":["Geschichte"],"inLanguage":"de","potentialAction":[{"@type":"CommentAction","name":"Comment","target":["https:\/\/www.tribur.de\/blog\/2022\/08\/18\/der-karolingische-schild-teil-4-gedanken-zum-bau-und-formgebung\/#respond"]}]},{"@type":"WebPage","@id":"https:\/\/www.tribur.de\/blog\/2022\/08\/18\/der-karolingische-schild-teil-4-gedanken-zum-bau-und-formgebung\/","url":"https:\/\/www.tribur.de\/blog\/2022\/08\/18\/der-karolingische-schild-teil-4-gedanken-zum-bau-und-formgebung\/","name":"Der karolingische Schild - Teil 4 - Gedanken zum Bau und Formgebung - Tribur.de","isPartOf":{"@id":"https:\/\/www.tribur.de\/blog\/#website"},"primaryImageOfPage":{"@id":"https:\/\/www.tribur.de\/blog\/2022\/08\/18\/der-karolingische-schild-teil-4-gedanken-zum-bau-und-formgebung\/#primaryimage"},"image":{"@id":"https:\/\/www.tribur.de\/blog\/2022\/08\/18\/der-karolingische-schild-teil-4-gedanken-zum-bau-und-formgebung\/#primaryimage"},"thumbnailUrl":"http:\/\/www.tribur.de\/blog\/wp-content\/uploads\/2022\/08\/Schild-Form.png","datePublished":"2022-08-18T17:13:27+00:00","dateModified":"2022-08-18T17:13:30+00:00","breadcrumb":{"@id":"https:\/\/www.tribur.de\/blog\/2022\/08\/18\/der-karolingische-schild-teil-4-gedanken-zum-bau-und-formgebung\/#breadcrumb"},"inLanguage":"de","potentialAction":[{"@type":"ReadAction","target":["https:\/\/www.tribur.de\/blog\/2022\/08\/18\/der-karolingische-schild-teil-4-gedanken-zum-bau-und-formgebung\/"]}]},{"@type":"ImageObject","inLanguage":"de","@id":"https:\/\/www.tribur.de\/blog\/2022\/08\/18\/der-karolingische-schild-teil-4-gedanken-zum-bau-und-formgebung\/#primaryimage","url":"https:\/\/i0.wp.com\/www.tribur.de\/blog\/wp-content\/uploads\/2022\/08\/Schild-Form.png?fit=500%2C281&ssl=1","contentUrl":"https:\/\/i0.wp.com\/www.tribur.de\/blog\/wp-content\/uploads\/2022\/08\/Schild-Form.png?fit=500%2C281&ssl=1","width":500,"height":281},{"@type":"BreadcrumbList","@id":"https:\/\/www.tribur.de\/blog\/2022\/08\/18\/der-karolingische-schild-teil-4-gedanken-zum-bau-und-formgebung\/#breadcrumb","itemListElement":[{"@type":"ListItem","position":1,"name":"Home","item":"https:\/\/www.tribur.de\/blog\/"},{"@type":"ListItem","position":2,"name":"Der karolingische Schild &#8211; Teil 4 &#8211; Gedanken zum Bau und Formgebung"}]},{"@type":"WebSite","@id":"https:\/\/www.tribur.de\/blog\/#website","url":"https:\/\/www.tribur.de\/blog\/","name":"Tribur.de","description":"Tribur.de - Geschichte und so Zeugs","publisher":{"@id":"https:\/\/www.tribur.de\/blog\/#\/schema\/person\/3119997f09f43791809c2d1af27bba6c"},"potentialAction":[{"@type":"SearchAction","target":{"@type":"EntryPoint","urlTemplate":"https:\/\/www.tribur.de\/blog\/?s={search_term_string}"},"query-input":{"@type":"PropertyValueSpecification","valueRequired":true,"valueName":"search_term_string"}}],"inLanguage":"de"},{"@type":["Person","Organization"],"@id":"https:\/\/www.tribur.de\/blog\/#\/schema\/person\/3119997f09f43791809c2d1af27bba6c","name":"Markus Zwittmeier","image":{"@type":"ImageObject","inLanguage":"de","@id":"https:\/\/i0.wp.com\/www.tribur.de\/blog\/wp-content\/uploads\/2018\/09\/cropped-logotest-4.jpg?fit=200%2C200&ssl=1","url":"https:\/\/i0.wp.com\/www.tribur.de\/blog\/wp-content\/uploads\/2018\/09\/cropped-logotest-4.jpg?fit=200%2C200&ssl=1","contentUrl":"https:\/\/i0.wp.com\/www.tribur.de\/blog\/wp-content\/uploads\/2018\/09\/cropped-logotest-4.jpg?fit=200%2C200&ssl=1","width":200,"height":200,"caption":"Markus Zwittmeier"},"logo":{"@id":"https:\/\/i0.wp.com\/www.tribur.de\/blog\/wp-content\/uploads\/2018\/09\/cropped-logotest-4.jpg?fit=200%2C200&ssl=1"},"sameAs":["http:\/\/www.Tribur.de","http:\/\/www.facebook.com\/pages\/Triburde\/184352328288771","https:\/\/www.instagram.com\/tribur.de\/","https:\/\/x.com\/https:\/\/twitter.com\/tribur","https:\/\/www.youtube.com\/channel\/UCnEonou-x6_P4XPjBk2htCA"],"url":"https:\/\/www.tribur.de\/blog\/author\/markus\/"}]}},"jetpack_publicize_connections":[],"jetpack_featured_media_url":"","jetpack_shortlink":"https:\/\/wp.me\/p1mHPu-8vT","jetpack_sharing_enabled":true,"_links":{"self":[{"href":"https:\/\/www.tribur.de\/blog\/wp-json\/wp\/v2\/posts\/32729","targetHints":{"allow":["GET"]}}],"collection":[{"href":"https:\/\/www.tribur.de\/blog\/wp-json\/wp\/v2\/posts"}],"about":[{"href":"https:\/\/www.tribur.de\/blog\/wp-json\/wp\/v2\/types\/post"}],"author":[{"embeddable":true,"href":"https:\/\/www.tribur.de\/blog\/wp-json\/wp\/v2\/users\/2"}],"replies":[{"embeddable":true,"href":"https:\/\/www.tribur.de\/blog\/wp-json\/wp\/v2\/comments?post=32729"}],"version-history":[{"count":2,"href":"https:\/\/www.tribur.de\/blog\/wp-json\/wp\/v2\/posts\/32729\/revisions"}],"predecessor-version":[{"id":32732,"href":"https:\/\/www.tribur.de\/blog\/wp-json\/wp\/v2\/posts\/32729\/revisions\/32732"}],"wp:attachment":[{"href":"https:\/\/www.tribur.de\/blog\/wp-json\/wp\/v2\/media?parent=32729"}],"wp:term":[{"taxonomy":"category","embeddable":true,"href":"https:\/\/www.tribur.de\/blog\/wp-json\/wp\/v2\/categories?post=32729"},{"taxonomy":"post_tag","embeddable":true,"href":"https:\/\/www.tribur.de\/blog\/wp-json\/wp\/v2\/tags?post=32729"}],"curies":[{"name":"wp","href":"https:\/\/api.w.org\/{rel}","templated":true}]}}