{"id":31421,"date":"2021-09-11T11:35:25","date_gmt":"2021-09-11T10:35:25","guid":{"rendered":"http:\/\/www.tribur.de\/blog\/?p=31421"},"modified":"2021-09-11T11:35:28","modified_gmt":"2021-09-11T10:35:28","slug":"wohn-und-wehrtuerme-teil-iii-und-treburs-turm","status":"publish","type":"post","link":"https:\/\/www.tribur.de\/blog\/2021\/09\/11\/wohn-und-wehrtuerme-teil-iii-und-treburs-turm\/","title":{"rendered":"Wohn- und Wehrt\u00fcrme &#8211; Teil III &#8211; Und Treburs Turm?"},"content":{"rendered":"\n<p>Fassen wir zun\u00e4chst einmal die Information zu dem turmartigen Geb\u00e4ude in Trebur zusammen: 1960 wird das Gel\u00e4nder der &#8222;Bau und Handelsgenossenschaft&#8220; bzw. &#8222;Bau und Agrargensossenschaft&#8220; kurz Raiffeisen um ein Grundst\u00fcck erweitert, wozu ein Fachwerkhaus niedergelegt werden muss. Dabei stellt sich heraus, dass der hintere, mit Tonnengew\u00f6lbe unterkellerter Teil ein eigenst\u00e4ndiger, zweist\u00f6ckiger turmartiger Bau aus Bruchstein ist.<\/p>\n\n\n\n<div class=\"wp-block-image\"><figure class=\"alignleft size-full is-resized\"><a href=\"https:\/\/i0.wp.com\/www.tribur.de\/blog\/wp-content\/uploads\/2021\/09\/turm-in-trebur_2a.jpg?ssl=1\"><img data-recalc-dims=\"1\" loading=\"lazy\" decoding=\"async\" src=\"https:\/\/i0.wp.com\/www.tribur.de\/blog\/wp-content\/uploads\/2021\/09\/turm-in-trebur_2a.jpg?resize=320%2C202&#038;ssl=1\" alt=\"\" class=\"wp-image-31506\" width=\"320\" height=\"202\" srcset=\"https:\/\/i0.wp.com\/www.tribur.de\/blog\/wp-content\/uploads\/2021\/09\/turm-in-trebur_2a.jpg?w=640&amp;ssl=1 640w, https:\/\/i0.wp.com\/www.tribur.de\/blog\/wp-content\/uploads\/2021\/09\/turm-in-trebur_2a.jpg?resize=300%2C189&amp;ssl=1 300w\" sizes=\"auto, (max-width: 320px) 100vw, 320px\" \/><\/a><figcaption>Ver\u00f6ffentliche Skizze des Turms (Zum Vergr\u00f6\u00dfern klicken)<\/figcaption><\/figure><\/div>\n\n\n\n<p>Dr. Jorns &nbsp;vom Amt f\u00fcr Bodendenkmalpflege im Regierungsbezirk Darmstadt, der Wallerst\u00e4dter Lehrer und Heimatforscher  Walther und eine Namenlose Person der Denkmalpflege im Auftrag von Dr. Otto M\u00fcller (hatte 1953\/1954 die Bauuntersuchung an der Laurentiuskirche durchgef\u00fchrt) besichtigen den Bau und schlie\u00dfen nicht aus das es sich um einen karolingischen Bau handeln k\u00f6nnt, was sie am Aussehen des M\u00f6rtels im Kellergew\u00f6lbe festmachen. Aber man k\u00f6nne nichts genaues sagen ohne weitere Untersuchungen. Dennoch wird der Bau abgerissen. Ger\u00fcchteweise liegt das Kellergew\u00f6lbe noch unter den Betonplatten des Hofes.<\/p>\n\n\n\n<p>Die Beschreibungen des Turms lauten wie folgt: 5,8m bis Traufkante hoch, Gr\u00f6\u00dfe 6,27 x 7,01m breit. Die Decke die Erdgeschoss und Obergescho\u00df voneinander trennen, soll nachtr\u00e4glich eingezogen sein. Einer weiteren Skizze zu folge hatte das Obergeschoss etwa eine H\u00f6he von 3m, das Untergeschoss w\u00e4re dann etwa 1,8m hoch, da der Keller \u00fcber den Boden hinausragt. <\/p>\n\n\n\n<p>Die Decke des Obergeschosses soll dieser Skizze zufolge von Kragsteinen getragen gewesen sein. Inwiefern diese Skizze von tats\u00e4chlicher Aussagekraft ist sei dahingestellt. Sie entstand nach dem Abbruch, wahrscheinlich in den 70er Jahren.<\/p>\n\n\n\n<div class=\"wp-block-image\"><figure class=\"alignleft size-full is-resized\"><a href=\"https:\/\/i0.wp.com\/www.tribur.de\/blog\/wp-content\/uploads\/2021\/09\/Gelaende.png?ssl=1\"><img data-recalc-dims=\"1\" loading=\"lazy\" decoding=\"async\" src=\"https:\/\/i0.wp.com\/www.tribur.de\/blog\/wp-content\/uploads\/2021\/09\/Gelaende.png?resize=500%2C371&#038;ssl=1\" alt=\"\" class=\"wp-image-31502\" width=\"500\" height=\"371\" srcset=\"https:\/\/i0.wp.com\/www.tribur.de\/blog\/wp-content\/uploads\/2021\/09\/Gelaende.png?w=1000&amp;ssl=1 1000w, https:\/\/i0.wp.com\/www.tribur.de\/blog\/wp-content\/uploads\/2021\/09\/Gelaende.png?resize=300%2C222&amp;ssl=1 300w, https:\/\/i0.wp.com\/www.tribur.de\/blog\/wp-content\/uploads\/2021\/09\/Gelaende.png?resize=768%2C569&amp;ssl=1 768w\" sizes=\"auto, (max-width: 500px) 100vw, 500px\" \/><\/a><figcaption>Blick auf das betreffende Geb\u00e4ude vom Turm der Laurentiuskirche 1956, unten rechts der Katasterplan (Zum Vergr\u00f6\u00dfern klicken)<\/figcaption><\/figure><\/div>\n\n\n\n<p>Weitere Information zu dem Geb\u00e4ude: Im Brandkataster von 1777 wird das Grundst\u00fcck mit 25,5 Ruten Gr\u00f6\u00dfe angegeben, von denen 6,5 Ruten auf das Haus entfallen. Der Versicherungswert Betr\u00e4gt 250 Gulden und stellt damit nichts au\u00dfergew\u00f6hnliches dar. Es gibt auch keinen weiteren Vermerk in den Akten, die dem Haus eine Besonderheit zuschreiben w\u00fcrden. Zum Vergleich beim Gro\u00dfen Haus gibt es den Vermerk  &#8222;Ein Haus 2 Stock in Mauer&#8220;, womit explizit auf die steinerne Bauweise hingewiesen wird.<\/p>\n\n\n\n<p>Besitzer ist zun\u00e4chst ein Christian Schickedanz, ab 1825 Friedrich L\u00f6sch, ebenfalls 1825 Peter Merschheimer (Schuster), im selben Jahr noch Johannes F\u00fcckel III. Auch hier nichts relevantes.<\/p>\n\n\n\n<p><\/p>\n\n\n\n<p><strong>Fachwerkhaus<\/strong><\/p>\n\n\n\n<p>Wie auch das s\u00fcdlich liegende Fachwerkhaus, kragt der erste Stock  geringf\u00fcgig hervor. Schon die Hervorkragung zeigt das es sich nicht um einen St\u00e4nderbau handelt, eher bewegen wir uns, was den Fachwerkbau angeht in einer Zeit nach 1500.  Das Nachbargeb\u00e4ude ist anhand einer Inschrift 1733 von Peter D\u00f6rr erbaut worden. Beide Geb\u00e4ude haben etwa identische Abmessungen und Bauform, soweit dies anhand der Bilder zu beurteilen ist. <\/p>\n\n\n\n<p>Das Fachwerk im Giebel des Steinbau wirkt einfach und hat \u00c4hnlichkeiten mit dem Fachwerk der nach Norden verlaufenden Scheune auf dem Grundst\u00fcck. In der Fotographie ist zu erkennen das die Fache mit (Back-?)Steinen gef\u00fcllt sind. Einige Gefache scheinen noch verputzt, Aber auch eine \u00c4hnlichkeit mit dem Ostgiebel des alten Rathauses ist zu erkennen. <\/p>\n\n\n\n<div class=\"wp-block-image\"><figure class=\"alignleft size-full is-resized\"><a href=\"https:\/\/i0.wp.com\/www.tribur.de\/blog\/wp-content\/uploads\/2021\/09\/Gebaeude.png?ssl=1\"><img data-recalc-dims=\"1\" loading=\"lazy\" decoding=\"async\" src=\"https:\/\/i0.wp.com\/www.tribur.de\/blog\/wp-content\/uploads\/2021\/09\/Gebaeude.png?resize=557%2C433&#038;ssl=1\" alt=\"\" class=\"wp-image-31503\" width=\"557\" height=\"433\" srcset=\"https:\/\/i0.wp.com\/www.tribur.de\/blog\/wp-content\/uploads\/2021\/09\/Gebaeude.png?w=742&amp;ssl=1 742w, https:\/\/i0.wp.com\/www.tribur.de\/blog\/wp-content\/uploads\/2021\/09\/Gebaeude.png?resize=300%2C233&amp;ssl=1 300w\" sizes=\"auto, (max-width: 557px) 100vw, 557px\" \/><\/a><figcaption>Das Geb\u00e4ude von der Gro\u00df Gerauer Stra\u00dfe ausgesehen. Der Turmbau befindet sich im hinteren Teil, ohne Hervorkragung. (Klicken zum Vergr\u00f6\u00dfern)<\/figcaption><\/figure><\/div>\n\n\n\n<p>Auch hier ist keine genauere Aussage zu treffen, jedoch erscheint wahrscheinlich das der Fachwerkbau im fr\u00fchen 18. Jahrhundert entstand.<\/p>\n\n\n\n<p><strong>Grundriss\/Kataster<\/strong><\/p>\n\n\n\n<p>Im Gegensatz zur zum s\u00fcdlich liegenden Fachwerkhaus Gro\u00df-Gerauer Stra\u00dfe 13 ist das Fachwerkhaus das an den Steinbau Anschloss leicht gedreht, die Geb\u00e4ude stehen nicht parallel. Auch steht das Fachwerkhaus des Steinbaus nicht auf der Grundst\u00fccksgrenze. Nur die s\u00fcd-westliche Ecke des Steinbaus steht auf der Grundst\u00fccksgrenze. Die Ausrichtung des Fachwerkbaus ist bedingt durch die Ausrichtung des Turms, da der Fachwerkbau sicherlich als j\u00fcnger einzustufen ist, selbst wenn er einen Vorg\u00e4nger ersetzte. Jedoch ist unser zu betrachtender Bau gegen\u00fcber dem Nachbargeb\u00e4ude etwas zur\u00fcckgesetzt, was wohl auf den Anbau an den Steinbau zur\u00fcckzuf\u00fchren ist und der Fachwerkbau sonst sehr langestreckt w\u00e4re.<\/p>\n\n\n\n<p><strong>Mauerst\u00e4rke<\/strong><\/p>\n\n\n\n<div class=\"wp-block-image\"><figure class=\"alignleft size-full is-resized\"><a href=\"https:\/\/i0.wp.com\/www.tribur.de\/blog\/wp-content\/uploads\/2009\/12\/TurmFoto1.jpg?ssl=1\"><img data-recalc-dims=\"1\" loading=\"lazy\" decoding=\"async\" src=\"https:\/\/i0.wp.com\/www.tribur.de\/blog\/wp-content\/uploads\/2009\/12\/TurmFoto1.jpg?resize=450%2C336&#038;ssl=1\" alt=\"\" class=\"wp-image-3894\" width=\"450\" height=\"336\" srcset=\"https:\/\/i0.wp.com\/www.tribur.de\/blog\/wp-content\/uploads\/2009\/12\/TurmFoto1.jpg?w=600&amp;ssl=1 600w, https:\/\/i0.wp.com\/www.tribur.de\/blog\/wp-content\/uploads\/2009\/12\/TurmFoto1.jpg?resize=300%2C224&amp;ssl=1 300w\" sizes=\"auto, (max-width: 450px) 100vw, 450px\" \/><\/a><figcaption>Aufnahme des betreffenden Turmteils<\/figcaption><\/figure><\/div>\n\n\n\n<p>Auch die Mauerst\u00e4rke scheint bei n\u00e4herer Betrachtung kein Argument f\u00fcr eine Verteidigungsanlage  zu sein. Auch das Alte Rathaus von 1577 besitzt an der S\u00fcd-Ost Ecke eine Mauer die auf der S\u00fcdseite eine St\u00e4rke von 80cm St\u00e4rke und 3,60m l\u00e4nge aufweist, die sich mit 60cm St\u00e4rke auch auf der Westseite \u00fcber ca. 1,5m fortsetzt, bevor das urspr\u00fcngliche Fachwerk des Erdgeschosses (sp\u00e4ter komplett durch Stein ersetzt) fortsetzt, wie ein 1903 aufgenommen Grundriss zeigt. <\/p>\n\n\n\n<p><em>Kommen wir nun zu den Theorien<\/em><\/p>\n\n\n\n<p><strong>Die karolingische Turm Theorie<\/strong><\/p>\n\n\n\n<p>Nach  Entdeckung des Turmes wurde in der Presse die Idee verbreitet bei dem Turm k\u00f6nne es sich um einen Eckturm der karolingischen Pfalz Tribur handeln. Grund war das der Turm sich fast genau in der nord-westlichen Ecke der von G\u00f6rich theoretisierten &#8222;fr\u00e4nkischen Curtis&#8220; lag, verbunden mit der Idee es handele sich um karolingischen M\u00f6rtel. Das die Idee der Curtis falsch war, \u00e4ndert allerdings erst mal nichts an der Idee einer Ecke an dieser Stelle (siehe dazu hier) <\/p>\n\n\n\n<p>Das Problem ist jedoch es gibt keine vergleichbaren T\u00fcrme, wobei angemerkt sein muss es gibt \u00fcberhaupt keine erhaltenen T\u00fcrme die als karolingische Wehrt\u00fcrme einer Befestigung gelten! Der Granusturm war wohl eher Treppenturm und Verbindungsbau zur Stadtmauer, die runden T\u00fcrme der Pfalz Ingelheim sind Blender, die auf die Au\u00dfenwirkung abzielen und waren im Inneren mit flie\u00dfend Wasser ausgestattet. Die Grundrisse der T\u00fcrme\/ Wehrbauten am s\u00fcdlichen Zangentor der Kesterburg auf dem Christenberg  haben dagegen wesentliche st\u00e4rkere Mauern und besa\u00dfen keine Keller.<\/p>\n\n\n\n<p>Die T\u00fcrme an den Mauern ottonischer Pfalzen in Sachsen sind halbrund. Und zudem sind die Mauerst\u00e4rken all dieser T\u00fcrme gr\u00f6\u00dfer als in Trebur und keiner der genannten Bauten besitzt ein Tonnengew\u00f6lbe.<\/p>\n\n\n\n<p><strong>Die salische Wohnturm Theorie<\/strong><\/p>\n\n\n\n<p>Die Theorie, die ich aufgebracht habe, es k\u00f6nne sich um einen salischen Wohnturm eines Adeligen handeln hat auch ihre Fehler wie ich inzwischen bemerkt habe. Zum einen ist der Grundriss zu klein, die Mauern nicht stark genug. Zu dem sind die Stockwerke nicht einger\u00fcckt wie bei den sp\u00e4teren Vergleichsbauten. Auch besa\u00dfen die T\u00fcrme des 11. Jahrhunderts keinen unterirdischen Keller und wenn es so etwas in diese Art gab, war er flachgedeckt und nicht tonnengw\u00f6lbt. Zudem besitzt der Treburer Turm einen au\u00dfenliegenden Kellerzugang, der die Verteidigungsaspekt ad absurdum f\u00fchrt. Alles in allem hab ich mich geirrt. Der Turm war kein Wohnturm des 11. Jahrhunderts!<\/p>\n\n\n\n<p><strong>Doch was war der Turm dann?<\/strong><\/p>\n\n\n\n<p>Nach den Vergleichen des vergangenen Beitrags ( <a rel=\"noreferrer noopener\" href=\"https:\/\/www.tribur.de\/blog\/2021\/09\/02\/wohn-und-wehrtuerme-teil-ii-beispiele\/\" target=\"_blank\">Link<\/a> ) erscheint mir am wahrscheinlichsten ein Geb\u00e4ude in Form einer Kemenate, Steinwerk oder Wehrspeichers. Wobei es keine Informationen zu einem Kamin gibt, was f\u00fcr die Situation eines Speichergeb\u00e4udes spricht. Leider sind auch keine \u00dcberlieferungen zu Fenstern vorhanden, da dies mehr Aufschluss bieten k\u00f6nnte. So besitzen Speicherbauten, wie etwa die Kemenate Melsungen, Schlitzfenster zur Durchl\u00fcftung. <\/p>\n\n\n\n<p>Der steinerne Turmsockel Obere Pforte 2 dagegen besitzt genau ein solches Schlitzfenster etwa in \u00dcberkopfh\u00f6he, jedoch abgeschnitten durch das sp\u00e4ter aufgesetzte Fachwerk.<\/p>\n\n\n\n<p><strong>Versuch einer zeitlichen Eingrenzung<\/strong><\/p>\n\n\n\n<p>Mit so wenig Informationen l\u00e4sst sich schwerlich eine Datierung durchf\u00fchren, jedoch kann ich versuchen die Zeit etwas einzugrenzen. <\/p>\n\n\n\n<p>Zun\u00e4chst kann davon ausgegangen werden das die Turmbauten in Trebur noch vor dem Ortsbrand von 1540 erbaut wurden. Zu jener Zeit ist Trebur wohl nicht mehr wirtschaftlich stark genug um solche Bauten zu ben\u00f6tigen. Jedoch wissen wir durch die Erw\u00e4hnung Treburs im Tafelg\u00fcterverzeichnis des 12. Jahrhunderts das Trebur regional immer noch wirtschaftlich stark gewesen sein muss. Am wahrscheinlichsten erscheint mir daher das die Bauten aus dem sp\u00e4ten 12. oder 13. Jahrhundert stammen. Wohl aus der Zeit als Trebur als Pfalz bereits verpf\u00e4ndet worden war und der staufische Burgraben gerade im entstehen oder bereits abgeschlossen war.<\/p>\n","protected":false},"excerpt":{"rendered":"<p>Fassen wir zun\u00e4chst einmal die Information zu dem turmartigen Geb\u00e4ude in Trebur zusammen: 1960 wird das Gel\u00e4nder der &#8222;Bau und Handelsgenossenschaft&#8220; bzw. &#8222;Bau und Agrargensossenschaft&#8220; kurz Raiffeisen um ein Grundst\u00fcck erweitert, wozu ein Fachwerkhaus&#46;&#46;&#46;<\/p>\n","protected":false},"author":2,"featured_media":0,"comment_status":"open","ping_status":"open","sticky":false,"template":"","format":"standard","meta":{"jetpack_post_was_ever_published":false,"_jetpack_newsletter_access":"","_jetpack_dont_email_post_to_subs":false,"_jetpack_newsletter_tier_id":0,"_jetpack_memberships_contains_paywalled_content":false,"_jetpack_memberships_contains_paid_content":false,"footnotes":"","jetpack_publicize_message":"","jetpack_publicize_feature_enabled":true,"jetpack_social_post_already_shared":true,"jetpack_social_options":{"image_generator_settings":{"template":"highway","default_image_id":0,"font":"","enabled":false},"version":2}},"categories":[1],"tags":[61,12,35,49,16,102,101],"class_list":["post-31421","post","type-post","status-publish","format-standard","hentry","category-geschichte","tag-architektur","tag-hochmittelalter","tag-pfalz","tag-recherche","tag-trebur","tag-wehrturm","tag-wohnturm"],"yoast_head":"<!-- This site is optimized with the Yoast SEO plugin v27.5 - https:\/\/yoast.com\/product\/yoast-seo-wordpress\/ -->\n<title>Wohn- und Wehrt\u00fcrme - Teil III - Und Treburs Turm? - Tribur.de<\/title>\n<meta name=\"robots\" content=\"index, follow, max-snippet:-1, max-image-preview:large, max-video-preview:-1\" \/>\n<link rel=\"canonical\" href=\"https:\/\/www.tribur.de\/blog\/2021\/09\/11\/wohn-und-wehrtuerme-teil-iii-und-treburs-turm\/\" \/>\n<meta property=\"og:locale\" content=\"de_DE\" \/>\n<meta property=\"og:type\" content=\"article\" \/>\n<meta property=\"og:title\" content=\"Wohn- und Wehrt\u00fcrme - Teil III - Und Treburs Turm? - Tribur.de\" \/>\n<meta property=\"og:description\" content=\"Fassen wir zun\u00e4chst einmal die Information zu dem turmartigen Geb\u00e4ude in Trebur zusammen: 1960 wird das Gel\u00e4nder der &#8222;Bau und Handelsgenossenschaft&#8220; bzw. &#8222;Bau und Agrargensossenschaft&#8220; kurz Raiffeisen um ein Grundst\u00fcck erweitert, wozu ein Fachwerkhaus&#046;&#046;&#046;\" \/>\n<meta property=\"og:url\" content=\"https:\/\/www.tribur.de\/blog\/2021\/09\/11\/wohn-und-wehrtuerme-teil-iii-und-treburs-turm\/\" \/>\n<meta property=\"og:site_name\" content=\"Tribur.de\" \/>\n<meta property=\"article:publisher\" content=\"http:\/\/www.facebook.com\/pages\/Triburde\/184352328288771\" \/>\n<meta property=\"article:author\" content=\"http:\/\/www.facebook.com\/pages\/Triburde\/184352328288771\" \/>\n<meta property=\"article:published_time\" content=\"2021-09-11T10:35:25+00:00\" \/>\n<meta property=\"article:modified_time\" content=\"2021-09-11T10:35:28+00:00\" \/>\n<meta property=\"og:image\" content=\"http:\/\/www.tribur.de\/blog\/wp-content\/uploads\/2021\/09\/turm-in-trebur_2a.jpg\" \/>\n<meta name=\"author\" content=\"Markus Zwittmeier\" \/>\n<meta name=\"twitter:card\" content=\"summary_large_image\" \/>\n<meta name=\"twitter:creator\" content=\"@https:\/\/twitter.com\/tribur\" \/>\n<meta name=\"twitter:site\" content=\"@tribur\" \/>\n<meta name=\"twitter:label1\" content=\"Verfasst von\" \/>\n\t<meta name=\"twitter:data1\" content=\"Markus Zwittmeier\" \/>\n\t<meta name=\"twitter:label2\" content=\"Gesch\u00e4tzte Lesezeit\" \/>\n\t<meta name=\"twitter:data2\" content=\"6\u00a0Minuten\" \/>\n<script type=\"application\/ld+json\" class=\"yoast-schema-graph\">{\"@context\":\"https:\\\/\\\/schema.org\",\"@graph\":[{\"@type\":\"Article\",\"@id\":\"https:\\\/\\\/www.tribur.de\\\/blog\\\/2021\\\/09\\\/11\\\/wohn-und-wehrtuerme-teil-iii-und-treburs-turm\\\/#article\",\"isPartOf\":{\"@id\":\"https:\\\/\\\/www.tribur.de\\\/blog\\\/2021\\\/09\\\/11\\\/wohn-und-wehrtuerme-teil-iii-und-treburs-turm\\\/\"},\"author\":{\"name\":\"Markus Zwittmeier\",\"@id\":\"https:\\\/\\\/www.tribur.de\\\/blog\\\/#\\\/schema\\\/person\\\/3119997f09f43791809c2d1af27bba6c\"},\"headline\":\"Wohn- und Wehrt\u00fcrme &#8211; Teil III &#8211; Und Treburs Turm?\",\"datePublished\":\"2021-09-11T10:35:25+00:00\",\"dateModified\":\"2021-09-11T10:35:28+00:00\",\"mainEntityOfPage\":{\"@id\":\"https:\\\/\\\/www.tribur.de\\\/blog\\\/2021\\\/09\\\/11\\\/wohn-und-wehrtuerme-teil-iii-und-treburs-turm\\\/\"},\"wordCount\":1303,\"commentCount\":0,\"publisher\":{\"@id\":\"https:\\\/\\\/www.tribur.de\\\/blog\\\/#\\\/schema\\\/person\\\/3119997f09f43791809c2d1af27bba6c\"},\"image\":{\"@id\":\"https:\\\/\\\/www.tribur.de\\\/blog\\\/2021\\\/09\\\/11\\\/wohn-und-wehrtuerme-teil-iii-und-treburs-turm\\\/#primaryimage\"},\"thumbnailUrl\":\"http:\\\/\\\/www.tribur.de\\\/blog\\\/wp-content\\\/uploads\\\/2021\\\/09\\\/turm-in-trebur_2a.jpg\",\"keywords\":[\"Architektur\",\"Hochmittelalter\",\"Pfalz\",\"Recherche\",\"Trebur\\\/Tribur\",\"Wehrturm\",\"Wohnturm\"],\"articleSection\":[\"Geschichte\"],\"inLanguage\":\"de\",\"potentialAction\":[{\"@type\":\"CommentAction\",\"name\":\"Comment\",\"target\":[\"https:\\\/\\\/www.tribur.de\\\/blog\\\/2021\\\/09\\\/11\\\/wohn-und-wehrtuerme-teil-iii-und-treburs-turm\\\/#respond\"]}]},{\"@type\":\"WebPage\",\"@id\":\"https:\\\/\\\/www.tribur.de\\\/blog\\\/2021\\\/09\\\/11\\\/wohn-und-wehrtuerme-teil-iii-und-treburs-turm\\\/\",\"url\":\"https:\\\/\\\/www.tribur.de\\\/blog\\\/2021\\\/09\\\/11\\\/wohn-und-wehrtuerme-teil-iii-und-treburs-turm\\\/\",\"name\":\"Wohn- und Wehrt\u00fcrme - Teil III - Und Treburs Turm? - Tribur.de\",\"isPartOf\":{\"@id\":\"https:\\\/\\\/www.tribur.de\\\/blog\\\/#website\"},\"primaryImageOfPage\":{\"@id\":\"https:\\\/\\\/www.tribur.de\\\/blog\\\/2021\\\/09\\\/11\\\/wohn-und-wehrtuerme-teil-iii-und-treburs-turm\\\/#primaryimage\"},\"image\":{\"@id\":\"https:\\\/\\\/www.tribur.de\\\/blog\\\/2021\\\/09\\\/11\\\/wohn-und-wehrtuerme-teil-iii-und-treburs-turm\\\/#primaryimage\"},\"thumbnailUrl\":\"http:\\\/\\\/www.tribur.de\\\/blog\\\/wp-content\\\/uploads\\\/2021\\\/09\\\/turm-in-trebur_2a.jpg\",\"datePublished\":\"2021-09-11T10:35:25+00:00\",\"dateModified\":\"2021-09-11T10:35:28+00:00\",\"breadcrumb\":{\"@id\":\"https:\\\/\\\/www.tribur.de\\\/blog\\\/2021\\\/09\\\/11\\\/wohn-und-wehrtuerme-teil-iii-und-treburs-turm\\\/#breadcrumb\"},\"inLanguage\":\"de\",\"potentialAction\":[{\"@type\":\"ReadAction\",\"target\":[\"https:\\\/\\\/www.tribur.de\\\/blog\\\/2021\\\/09\\\/11\\\/wohn-und-wehrtuerme-teil-iii-und-treburs-turm\\\/\"]}]},{\"@type\":\"ImageObject\",\"inLanguage\":\"de\",\"@id\":\"https:\\\/\\\/www.tribur.de\\\/blog\\\/2021\\\/09\\\/11\\\/wohn-und-wehrtuerme-teil-iii-und-treburs-turm\\\/#primaryimage\",\"url\":\"https:\\\/\\\/i0.wp.com\\\/www.tribur.de\\\/blog\\\/wp-content\\\/uploads\\\/2021\\\/09\\\/turm-in-trebur_2a.jpg?fit=640%2C404&ssl=1\",\"contentUrl\":\"https:\\\/\\\/i0.wp.com\\\/www.tribur.de\\\/blog\\\/wp-content\\\/uploads\\\/2021\\\/09\\\/turm-in-trebur_2a.jpg?fit=640%2C404&ssl=1\",\"width\":640,\"height\":404},{\"@type\":\"BreadcrumbList\",\"@id\":\"https:\\\/\\\/www.tribur.de\\\/blog\\\/2021\\\/09\\\/11\\\/wohn-und-wehrtuerme-teil-iii-und-treburs-turm\\\/#breadcrumb\",\"itemListElement\":[{\"@type\":\"ListItem\",\"position\":1,\"name\":\"Home\",\"item\":\"https:\\\/\\\/www.tribur.de\\\/blog\\\/\"},{\"@type\":\"ListItem\",\"position\":2,\"name\":\"Wohn- und Wehrt\u00fcrme &#8211; Teil III &#8211; Und Treburs Turm?\"}]},{\"@type\":\"WebSite\",\"@id\":\"https:\\\/\\\/www.tribur.de\\\/blog\\\/#website\",\"url\":\"https:\\\/\\\/www.tribur.de\\\/blog\\\/\",\"name\":\"Tribur.de\",\"description\":\"Tribur.de - Geschichte und so Zeugs\",\"publisher\":{\"@id\":\"https:\\\/\\\/www.tribur.de\\\/blog\\\/#\\\/schema\\\/person\\\/3119997f09f43791809c2d1af27bba6c\"},\"potentialAction\":[{\"@type\":\"SearchAction\",\"target\":{\"@type\":\"EntryPoint\",\"urlTemplate\":\"https:\\\/\\\/www.tribur.de\\\/blog\\\/?s={search_term_string}\"},\"query-input\":{\"@type\":\"PropertyValueSpecification\",\"valueRequired\":true,\"valueName\":\"search_term_string\"}}],\"inLanguage\":\"de\"},{\"@type\":[\"Person\",\"Organization\"],\"@id\":\"https:\\\/\\\/www.tribur.de\\\/blog\\\/#\\\/schema\\\/person\\\/3119997f09f43791809c2d1af27bba6c\",\"name\":\"Markus Zwittmeier\",\"image\":{\"@type\":\"ImageObject\",\"inLanguage\":\"de\",\"@id\":\"https:\\\/\\\/i0.wp.com\\\/www.tribur.de\\\/blog\\\/wp-content\\\/uploads\\\/2018\\\/09\\\/cropped-logotest-4.jpg?fit=200%2C200&ssl=1\",\"url\":\"https:\\\/\\\/i0.wp.com\\\/www.tribur.de\\\/blog\\\/wp-content\\\/uploads\\\/2018\\\/09\\\/cropped-logotest-4.jpg?fit=200%2C200&ssl=1\",\"contentUrl\":\"https:\\\/\\\/i0.wp.com\\\/www.tribur.de\\\/blog\\\/wp-content\\\/uploads\\\/2018\\\/09\\\/cropped-logotest-4.jpg?fit=200%2C200&ssl=1\",\"width\":200,\"height\":200,\"caption\":\"Markus Zwittmeier\"},\"logo\":{\"@id\":\"https:\\\/\\\/i0.wp.com\\\/www.tribur.de\\\/blog\\\/wp-content\\\/uploads\\\/2018\\\/09\\\/cropped-logotest-4.jpg?fit=200%2C200&ssl=1\"},\"sameAs\":[\"http:\\\/\\\/www.Tribur.de\",\"http:\\\/\\\/www.facebook.com\\\/pages\\\/Triburde\\\/184352328288771\",\"https:\\\/\\\/www.instagram.com\\\/tribur.de\\\/\",\"https:\\\/\\\/x.com\\\/https:\\\/\\\/twitter.com\\\/tribur\",\"https:\\\/\\\/www.youtube.com\\\/channel\\\/UCnEonou-x6_P4XPjBk2htCA\"],\"url\":\"https:\\\/\\\/www.tribur.de\\\/blog\\\/author\\\/markus\\\/\"}]}<\/script>\n<!-- \/ Yoast SEO plugin. -->","yoast_head_json":{"title":"Wohn- und Wehrt\u00fcrme - Teil III - Und Treburs Turm? - Tribur.de","robots":{"index":"index","follow":"follow","max-snippet":"max-snippet:-1","max-image-preview":"max-image-preview:large","max-video-preview":"max-video-preview:-1"},"canonical":"https:\/\/www.tribur.de\/blog\/2021\/09\/11\/wohn-und-wehrtuerme-teil-iii-und-treburs-turm\/","og_locale":"de_DE","og_type":"article","og_title":"Wohn- und Wehrt\u00fcrme - Teil III - Und Treburs Turm? - Tribur.de","og_description":"Fassen wir zun\u00e4chst einmal die Information zu dem turmartigen Geb\u00e4ude in Trebur zusammen: 1960 wird das Gel\u00e4nder der &#8222;Bau und Handelsgenossenschaft&#8220; bzw. &#8222;Bau und Agrargensossenschaft&#8220; kurz Raiffeisen um ein Grundst\u00fcck erweitert, wozu ein Fachwerkhaus&#46;&#46;&#46;","og_url":"https:\/\/www.tribur.de\/blog\/2021\/09\/11\/wohn-und-wehrtuerme-teil-iii-und-treburs-turm\/","og_site_name":"Tribur.de","article_publisher":"http:\/\/www.facebook.com\/pages\/Triburde\/184352328288771","article_author":"http:\/\/www.facebook.com\/pages\/Triburde\/184352328288771","article_published_time":"2021-09-11T10:35:25+00:00","article_modified_time":"2021-09-11T10:35:28+00:00","og_image":[{"url":"http:\/\/www.tribur.de\/blog\/wp-content\/uploads\/2021\/09\/turm-in-trebur_2a.jpg","type":"","width":"","height":""}],"author":"Markus Zwittmeier","twitter_card":"summary_large_image","twitter_creator":"@https:\/\/twitter.com\/tribur","twitter_site":"@tribur","twitter_misc":{"Verfasst von":"Markus Zwittmeier","Gesch\u00e4tzte Lesezeit":"6\u00a0Minuten"},"schema":{"@context":"https:\/\/schema.org","@graph":[{"@type":"Article","@id":"https:\/\/www.tribur.de\/blog\/2021\/09\/11\/wohn-und-wehrtuerme-teil-iii-und-treburs-turm\/#article","isPartOf":{"@id":"https:\/\/www.tribur.de\/blog\/2021\/09\/11\/wohn-und-wehrtuerme-teil-iii-und-treburs-turm\/"},"author":{"name":"Markus Zwittmeier","@id":"https:\/\/www.tribur.de\/blog\/#\/schema\/person\/3119997f09f43791809c2d1af27bba6c"},"headline":"Wohn- und Wehrt\u00fcrme &#8211; Teil III &#8211; Und Treburs Turm?","datePublished":"2021-09-11T10:35:25+00:00","dateModified":"2021-09-11T10:35:28+00:00","mainEntityOfPage":{"@id":"https:\/\/www.tribur.de\/blog\/2021\/09\/11\/wohn-und-wehrtuerme-teil-iii-und-treburs-turm\/"},"wordCount":1303,"commentCount":0,"publisher":{"@id":"https:\/\/www.tribur.de\/blog\/#\/schema\/person\/3119997f09f43791809c2d1af27bba6c"},"image":{"@id":"https:\/\/www.tribur.de\/blog\/2021\/09\/11\/wohn-und-wehrtuerme-teil-iii-und-treburs-turm\/#primaryimage"},"thumbnailUrl":"http:\/\/www.tribur.de\/blog\/wp-content\/uploads\/2021\/09\/turm-in-trebur_2a.jpg","keywords":["Architektur","Hochmittelalter","Pfalz","Recherche","Trebur\/Tribur","Wehrturm","Wohnturm"],"articleSection":["Geschichte"],"inLanguage":"de","potentialAction":[{"@type":"CommentAction","name":"Comment","target":["https:\/\/www.tribur.de\/blog\/2021\/09\/11\/wohn-und-wehrtuerme-teil-iii-und-treburs-turm\/#respond"]}]},{"@type":"WebPage","@id":"https:\/\/www.tribur.de\/blog\/2021\/09\/11\/wohn-und-wehrtuerme-teil-iii-und-treburs-turm\/","url":"https:\/\/www.tribur.de\/blog\/2021\/09\/11\/wohn-und-wehrtuerme-teil-iii-und-treburs-turm\/","name":"Wohn- und Wehrt\u00fcrme - Teil III - Und Treburs Turm? - Tribur.de","isPartOf":{"@id":"https:\/\/www.tribur.de\/blog\/#website"},"primaryImageOfPage":{"@id":"https:\/\/www.tribur.de\/blog\/2021\/09\/11\/wohn-und-wehrtuerme-teil-iii-und-treburs-turm\/#primaryimage"},"image":{"@id":"https:\/\/www.tribur.de\/blog\/2021\/09\/11\/wohn-und-wehrtuerme-teil-iii-und-treburs-turm\/#primaryimage"},"thumbnailUrl":"http:\/\/www.tribur.de\/blog\/wp-content\/uploads\/2021\/09\/turm-in-trebur_2a.jpg","datePublished":"2021-09-11T10:35:25+00:00","dateModified":"2021-09-11T10:35:28+00:00","breadcrumb":{"@id":"https:\/\/www.tribur.de\/blog\/2021\/09\/11\/wohn-und-wehrtuerme-teil-iii-und-treburs-turm\/#breadcrumb"},"inLanguage":"de","potentialAction":[{"@type":"ReadAction","target":["https:\/\/www.tribur.de\/blog\/2021\/09\/11\/wohn-und-wehrtuerme-teil-iii-und-treburs-turm\/"]}]},{"@type":"ImageObject","inLanguage":"de","@id":"https:\/\/www.tribur.de\/blog\/2021\/09\/11\/wohn-und-wehrtuerme-teil-iii-und-treburs-turm\/#primaryimage","url":"https:\/\/i0.wp.com\/www.tribur.de\/blog\/wp-content\/uploads\/2021\/09\/turm-in-trebur_2a.jpg?fit=640%2C404&ssl=1","contentUrl":"https:\/\/i0.wp.com\/www.tribur.de\/blog\/wp-content\/uploads\/2021\/09\/turm-in-trebur_2a.jpg?fit=640%2C404&ssl=1","width":640,"height":404},{"@type":"BreadcrumbList","@id":"https:\/\/www.tribur.de\/blog\/2021\/09\/11\/wohn-und-wehrtuerme-teil-iii-und-treburs-turm\/#breadcrumb","itemListElement":[{"@type":"ListItem","position":1,"name":"Home","item":"https:\/\/www.tribur.de\/blog\/"},{"@type":"ListItem","position":2,"name":"Wohn- und Wehrt\u00fcrme &#8211; Teil III &#8211; Und Treburs Turm?"}]},{"@type":"WebSite","@id":"https:\/\/www.tribur.de\/blog\/#website","url":"https:\/\/www.tribur.de\/blog\/","name":"Tribur.de","description":"Tribur.de - Geschichte und so Zeugs","publisher":{"@id":"https:\/\/www.tribur.de\/blog\/#\/schema\/person\/3119997f09f43791809c2d1af27bba6c"},"potentialAction":[{"@type":"SearchAction","target":{"@type":"EntryPoint","urlTemplate":"https:\/\/www.tribur.de\/blog\/?s={search_term_string}"},"query-input":{"@type":"PropertyValueSpecification","valueRequired":true,"valueName":"search_term_string"}}],"inLanguage":"de"},{"@type":["Person","Organization"],"@id":"https:\/\/www.tribur.de\/blog\/#\/schema\/person\/3119997f09f43791809c2d1af27bba6c","name":"Markus Zwittmeier","image":{"@type":"ImageObject","inLanguage":"de","@id":"https:\/\/i0.wp.com\/www.tribur.de\/blog\/wp-content\/uploads\/2018\/09\/cropped-logotest-4.jpg?fit=200%2C200&ssl=1","url":"https:\/\/i0.wp.com\/www.tribur.de\/blog\/wp-content\/uploads\/2018\/09\/cropped-logotest-4.jpg?fit=200%2C200&ssl=1","contentUrl":"https:\/\/i0.wp.com\/www.tribur.de\/blog\/wp-content\/uploads\/2018\/09\/cropped-logotest-4.jpg?fit=200%2C200&ssl=1","width":200,"height":200,"caption":"Markus Zwittmeier"},"logo":{"@id":"https:\/\/i0.wp.com\/www.tribur.de\/blog\/wp-content\/uploads\/2018\/09\/cropped-logotest-4.jpg?fit=200%2C200&ssl=1"},"sameAs":["http:\/\/www.Tribur.de","http:\/\/www.facebook.com\/pages\/Triburde\/184352328288771","https:\/\/www.instagram.com\/tribur.de\/","https:\/\/x.com\/https:\/\/twitter.com\/tribur","https:\/\/www.youtube.com\/channel\/UCnEonou-x6_P4XPjBk2htCA"],"url":"https:\/\/www.tribur.de\/blog\/author\/markus\/"}]}},"jetpack_publicize_connections":[],"jetpack_featured_media_url":"","jetpack_shortlink":"https:\/\/wp.me\/p1mHPu-8aN","jetpack_sharing_enabled":true,"_links":{"self":[{"href":"https:\/\/www.tribur.de\/blog\/wp-json\/wp\/v2\/posts\/31421","targetHints":{"allow":["GET"]}}],"collection":[{"href":"https:\/\/www.tribur.de\/blog\/wp-json\/wp\/v2\/posts"}],"about":[{"href":"https:\/\/www.tribur.de\/blog\/wp-json\/wp\/v2\/types\/post"}],"author":[{"embeddable":true,"href":"https:\/\/www.tribur.de\/blog\/wp-json\/wp\/v2\/users\/2"}],"replies":[{"embeddable":true,"href":"https:\/\/www.tribur.de\/blog\/wp-json\/wp\/v2\/comments?post=31421"}],"version-history":[{"count":30,"href":"https:\/\/www.tribur.de\/blog\/wp-json\/wp\/v2\/posts\/31421\/revisions"}],"predecessor-version":[{"id":31510,"href":"https:\/\/www.tribur.de\/blog\/wp-json\/wp\/v2\/posts\/31421\/revisions\/31510"}],"wp:attachment":[{"href":"https:\/\/www.tribur.de\/blog\/wp-json\/wp\/v2\/media?parent=31421"}],"wp:term":[{"taxonomy":"category","embeddable":true,"href":"https:\/\/www.tribur.de\/blog\/wp-json\/wp\/v2\/categories?post=31421"},{"taxonomy":"post_tag","embeddable":true,"href":"https:\/\/www.tribur.de\/blog\/wp-json\/wp\/v2\/tags?post=31421"}],"curies":[{"name":"wp","href":"https:\/\/api.w.org\/{rel}","templated":true}]}}