{"id":31191,"date":"2021-06-06T16:29:38","date_gmt":"2021-06-06T15:29:38","guid":{"rendered":"http:\/\/www.tribur.de\/blog\/?p=31191"},"modified":"2021-06-06T16:29:41","modified_gmt":"2021-06-06T15:29:41","slug":"altstrassen-und-trebur-teil-v-ein-fazit","status":"publish","type":"post","link":"https:\/\/www.tribur.de\/blog\/2021\/06\/06\/altstrassen-und-trebur-teil-v-ein-fazit\/","title":{"rendered":"Altstra\u00dfen und Trebur &#8211; Teil V &#8211; Ein Fazit"},"content":{"rendered":"\n<p>Nun, da ich alles Stra\u00dfen um Trebur ein wenig zusammengefasst habe, m\u00f6chte ich ein Fazit ziehen. <\/p>\n\n\n\n<p>Ich habe nur die Hauptverkehrswege beschrieben. Sicherlich gab es noch eine Vielzahl an kleineren Wegen, Querverbindungen usw. Wege die man heute als Feldweg bezeichnen w\u00fcrde, oder vielleicht Landstra\u00dfe. Diese Wege aber zu finden, bzw. auch zu belegen, ist nahezu unm\u00f6glich. Es sind keine Wege die sich etwa tief ins Gel\u00e4nde eingeschnitten haben, als Stra\u00dfendamm oder Kn\u00fcppelweg angelegt waren.  <\/p>\n\n\n\n<p>Andere Hauptwege wiederum haben sich verschoben, oftmals nur um einige 100m. Als Beispiel w\u00e4re hier die Verbindung vom Kornsand nach Geinsheim zu nennen. Entgegen der heutigen Landstra\u00dfe, sollte der der r\u00f6mische Weg ein wenig weiter s\u00fcdlich, durch das r\u00f6mische Lager, verlaufen sein. Auch scheint er noch in karolingischer , spezifischer Zeit Karls des Gro\u00dfen, genau diesen verlauf besessen haben, wie der Fund einer M\u00fcnze aus der Zeit Karls des Gro\u00dfen nahe legt. <\/p>\n\n\n\n<p>Auch gab es mit Sicherheit einige Treidelwege entlang des Rheins. Gerade hier konnten Ver\u00e4nderungen der Wege in ungeheurem Tempo vor sich gehen. Durch Hochwasser und \u00dcberschwemmungen, aber auch einfach weil sich der Fluss neue Wege suchte und \u00fcber Nacht ein nat\u00fcrlich Damm verschwand, ver\u00e4nderte sich Flusslauf und Ufer st\u00e4ndig. <\/p>\n\n\n\n<p>Es ist also nahezu unm\u00f6glich, bzw. wirklich problematisch einen exakten Verlauf dieser Wege nachzuvollziehen. <\/p>\n\n\n\n<p>Andere Stra\u00dfen dagegen sind in ihrem Verlauf gut bekannt und erforscht, wie etwa die Stockstra\u00dfe und der Alte Frankfurter Weg, Stra\u00dfen wie etwa die Dieburger Stra\u00dfe sind bekannt aber kaum erforscht. <\/p>\n\n\n\n<p>Am interessantesten f\u00fcr mich erscheint aber immer noch der Mainzer Weg, von Mainz kommend und durch Trebur f\u00fchrend. Zwar war dieser Weg lange bekannt, aber ohne die Entdeckung des r\u00f6mischen Lagers Wallerst\u00e4dten (WAL1) konnte der Weg nicht in Verbindung mit den R\u00f6mern gebracht werden. Vielfach erstellte Theorien \u00fcber den  Weg den die Franken ins hessische Ried nahmen wurden erstellt,  von Frankfurt kommend, von Mainz kommend oder von Worms kommend. Durch die Existenz und durchgehende Nutzung des Mainzer Weges erh\u00e4lt aber die von Mainz kommende Route eine wesentlich h\u00f6here Bedeutung. <\/p>\n\n\n\n<p>Auch der Abzweig zwischen Ginsheim und Astheim erscheint mir interessant. Wann und warum entstand er? Hatte er bereits in r\u00f6mischer Zeit Bedeutung als Zubringer zum vermuteten Lager und sp\u00e4ter dem Burgus, oder war in Folge der fr\u00e4nkischen Landnahme, fr\u00e4nkischer Siedlungst\u00e4tigkeit und der Demontage des Burgus entstanden? Auch die Verlegung der Siedlung, zu der Astheim werden sollte, folgte diesem Weg. <\/p>\n\n\n\n<p>Aber auch die Nackenheimer Schwelle gibt mir R\u00e4tsel auf. Wie hoch war ihre Bedeutung innerhalb des Verkehrs von Trebur als Furt? Warum wurde das hier im lokalen Grundwasser verf\u00fcgbare, kostbare Salz scheinbar nicht genutzt? Oder wurde es doch genutzt? <\/p>\n\n\n\n<p>Es g\u00e4be also noch viel Material das es zu erarbeiten gilt. Aber auch die politischen Aspekte sollten betrachtet werden. So m\u00fcsste man kl\u00e4ren welche Auswirkungen auf die Bezieheung Trebur &#8211; Gro\u00df-Gerau bereits vor der Einflussnahme der Katzenelnbogener bestand. Etwa durch die Vergabe Gro\u00df-Geraus an das Bistum Bamberg durch Heinrich II.   Ein wirklich weites Feld!<\/p>\n","protected":false},"excerpt":{"rendered":"<p>Nun, da ich alles Stra\u00dfen um Trebur ein wenig zusammengefasst habe, m\u00f6chte ich ein Fazit ziehen. Ich habe nur die Hauptverkehrswege beschrieben. Sicherlich gab es noch eine Vielzahl an kleineren Wegen, Querverbindungen usw. Wege&#46;&#46;&#46;<\/p>\n","protected":false},"author":2,"featured_media":0,"comment_status":"open","ping_status":"open","sticky":false,"template":"","format":"standard","meta":{"jetpack_post_was_ever_published":false,"_jetpack_newsletter_access":"","_jetpack_dont_email_post_to_subs":false,"_jetpack_newsletter_tier_id":0,"_jetpack_memberships_contains_paywalled_content":false,"_jetpack_memberships_contains_paid_content":false,"footnotes":"","jetpack_publicize_message":"","jetpack_publicize_feature_enabled":true,"jetpack_social_post_already_shared":true,"jetpack_social_options":{"image_generator_settings":{"template":"highway","default_image_id":0,"font":"","enabled":false},"version":2}},"categories":[1],"tags":[93,11,12,35,49,31,37,16],"class_list":["post-31191","post","type-post","status-publish","format-standard","hentry","category-geschichte","tag-astheim","tag-fruhmittelalter","tag-hochmittelalter","tag-pfalz","tag-recherche","tag-romisch","tag-theorie","tag-trebur"],"yoast_head":"<!-- This site is optimized with the Yoast SEO plugin v27.5 - https:\/\/yoast.com\/product\/yoast-seo-wordpress\/ -->\n<title>Altstra\u00dfen und Trebur - Teil V - Ein Fazit - Tribur.de<\/title>\n<meta name=\"robots\" content=\"index, follow, max-snippet:-1, max-image-preview:large, max-video-preview:-1\" \/>\n<link rel=\"canonical\" href=\"https:\/\/www.tribur.de\/blog\/2021\/06\/06\/altstrassen-und-trebur-teil-v-ein-fazit\/\" \/>\n<meta property=\"og:locale\" content=\"de_DE\" \/>\n<meta property=\"og:type\" content=\"article\" \/>\n<meta property=\"og:title\" content=\"Altstra\u00dfen und Trebur - Teil V - Ein Fazit - Tribur.de\" \/>\n<meta property=\"og:description\" content=\"Nun, da ich alles Stra\u00dfen um Trebur ein wenig zusammengefasst habe, m\u00f6chte ich ein Fazit ziehen. Ich habe nur die Hauptverkehrswege beschrieben. Sicherlich gab es noch eine Vielzahl an kleineren Wegen, Querverbindungen usw. Wege&#046;&#046;&#046;\" \/>\n<meta property=\"og:url\" content=\"https:\/\/www.tribur.de\/blog\/2021\/06\/06\/altstrassen-und-trebur-teil-v-ein-fazit\/\" \/>\n<meta property=\"og:site_name\" content=\"Tribur.de\" \/>\n<meta property=\"article:publisher\" content=\"http:\/\/www.facebook.com\/pages\/Triburde\/184352328288771\" \/>\n<meta property=\"article:author\" content=\"http:\/\/www.facebook.com\/pages\/Triburde\/184352328288771\" \/>\n<meta property=\"article:published_time\" content=\"2021-06-06T15:29:38+00:00\" \/>\n<meta property=\"article:modified_time\" content=\"2021-06-06T15:29:41+00:00\" \/>\n<meta property=\"og:image\" content=\"https:\/\/i0.wp.com\/www.tribur.de\/blog\/wp-content\/uploads\/2018\/09\/cropped-logotest-2.jpg?fit=200%2C200&ssl=1\" \/>\n\t<meta property=\"og:image:width\" content=\"200\" \/>\n\t<meta property=\"og:image:height\" content=\"200\" \/>\n\t<meta property=\"og:image:type\" content=\"image\/jpeg\" \/>\n<meta name=\"author\" content=\"Markus Zwittmeier\" \/>\n<meta name=\"twitter:card\" content=\"summary_large_image\" \/>\n<meta name=\"twitter:creator\" content=\"@https:\/\/twitter.com\/tribur\" \/>\n<meta name=\"twitter:site\" content=\"@tribur\" \/>\n<meta name=\"twitter:label1\" content=\"Verfasst von\" \/>\n\t<meta name=\"twitter:data1\" content=\"Markus Zwittmeier\" \/>\n\t<meta name=\"twitter:label2\" content=\"Gesch\u00e4tzte Lesezeit\" \/>\n\t<meta name=\"twitter:data2\" content=\"3\u00a0Minuten\" \/>\n<script type=\"application\/ld+json\" class=\"yoast-schema-graph\">{\"@context\":\"https:\\\/\\\/schema.org\",\"@graph\":[{\"@type\":\"Article\",\"@id\":\"https:\\\/\\\/www.tribur.de\\\/blog\\\/2021\\\/06\\\/06\\\/altstrassen-und-trebur-teil-v-ein-fazit\\\/#article\",\"isPartOf\":{\"@id\":\"https:\\\/\\\/www.tribur.de\\\/blog\\\/2021\\\/06\\\/06\\\/altstrassen-und-trebur-teil-v-ein-fazit\\\/\"},\"author\":{\"name\":\"Markus Zwittmeier\",\"@id\":\"https:\\\/\\\/www.tribur.de\\\/blog\\\/#\\\/schema\\\/person\\\/3119997f09f43791809c2d1af27bba6c\"},\"headline\":\"Altstra\u00dfen und Trebur &#8211; Teil V &#8211; Ein Fazit\",\"datePublished\":\"2021-06-06T15:29:38+00:00\",\"dateModified\":\"2021-06-06T15:29:41+00:00\",\"mainEntityOfPage\":{\"@id\":\"https:\\\/\\\/www.tribur.de\\\/blog\\\/2021\\\/06\\\/06\\\/altstrassen-und-trebur-teil-v-ein-fazit\\\/\"},\"wordCount\":534,\"commentCount\":3,\"publisher\":{\"@id\":\"https:\\\/\\\/www.tribur.de\\\/blog\\\/#\\\/schema\\\/person\\\/3119997f09f43791809c2d1af27bba6c\"},\"keywords\":[\"Astheim\",\"Fr\u00fchmittelalter\",\"Hochmittelalter\",\"Pfalz\",\"Recherche\",\"r\u00f6misch\",\"Theorie\",\"Trebur\\\/Tribur\"],\"articleSection\":[\"Geschichte\"],\"inLanguage\":\"de\",\"potentialAction\":[{\"@type\":\"CommentAction\",\"name\":\"Comment\",\"target\":[\"https:\\\/\\\/www.tribur.de\\\/blog\\\/2021\\\/06\\\/06\\\/altstrassen-und-trebur-teil-v-ein-fazit\\\/#respond\"]}]},{\"@type\":\"WebPage\",\"@id\":\"https:\\\/\\\/www.tribur.de\\\/blog\\\/2021\\\/06\\\/06\\\/altstrassen-und-trebur-teil-v-ein-fazit\\\/\",\"url\":\"https:\\\/\\\/www.tribur.de\\\/blog\\\/2021\\\/06\\\/06\\\/altstrassen-und-trebur-teil-v-ein-fazit\\\/\",\"name\":\"Altstra\u00dfen und Trebur - Teil V - Ein Fazit - Tribur.de\",\"isPartOf\":{\"@id\":\"https:\\\/\\\/www.tribur.de\\\/blog\\\/#website\"},\"datePublished\":\"2021-06-06T15:29:38+00:00\",\"dateModified\":\"2021-06-06T15:29:41+00:00\",\"breadcrumb\":{\"@id\":\"https:\\\/\\\/www.tribur.de\\\/blog\\\/2021\\\/06\\\/06\\\/altstrassen-und-trebur-teil-v-ein-fazit\\\/#breadcrumb\"},\"inLanguage\":\"de\",\"potentialAction\":[{\"@type\":\"ReadAction\",\"target\":[\"https:\\\/\\\/www.tribur.de\\\/blog\\\/2021\\\/06\\\/06\\\/altstrassen-und-trebur-teil-v-ein-fazit\\\/\"]}]},{\"@type\":\"BreadcrumbList\",\"@id\":\"https:\\\/\\\/www.tribur.de\\\/blog\\\/2021\\\/06\\\/06\\\/altstrassen-und-trebur-teil-v-ein-fazit\\\/#breadcrumb\",\"itemListElement\":[{\"@type\":\"ListItem\",\"position\":1,\"name\":\"Home\",\"item\":\"https:\\\/\\\/www.tribur.de\\\/blog\\\/\"},{\"@type\":\"ListItem\",\"position\":2,\"name\":\"Altstra\u00dfen und Trebur &#8211; Teil V &#8211; Ein Fazit\"}]},{\"@type\":\"WebSite\",\"@id\":\"https:\\\/\\\/www.tribur.de\\\/blog\\\/#website\",\"url\":\"https:\\\/\\\/www.tribur.de\\\/blog\\\/\",\"name\":\"Tribur.de\",\"description\":\"Tribur.de - Geschichte und so Zeugs\",\"publisher\":{\"@id\":\"https:\\\/\\\/www.tribur.de\\\/blog\\\/#\\\/schema\\\/person\\\/3119997f09f43791809c2d1af27bba6c\"},\"potentialAction\":[{\"@type\":\"SearchAction\",\"target\":{\"@type\":\"EntryPoint\",\"urlTemplate\":\"https:\\\/\\\/www.tribur.de\\\/blog\\\/?s={search_term_string}\"},\"query-input\":{\"@type\":\"PropertyValueSpecification\",\"valueRequired\":true,\"valueName\":\"search_term_string\"}}],\"inLanguage\":\"de\"},{\"@type\":[\"Person\",\"Organization\"],\"@id\":\"https:\\\/\\\/www.tribur.de\\\/blog\\\/#\\\/schema\\\/person\\\/3119997f09f43791809c2d1af27bba6c\",\"name\":\"Markus Zwittmeier\",\"image\":{\"@type\":\"ImageObject\",\"inLanguage\":\"de\",\"@id\":\"https:\\\/\\\/i0.wp.com\\\/www.tribur.de\\\/blog\\\/wp-content\\\/uploads\\\/2018\\\/09\\\/cropped-logotest-4.jpg?fit=200%2C200&ssl=1\",\"url\":\"https:\\\/\\\/i0.wp.com\\\/www.tribur.de\\\/blog\\\/wp-content\\\/uploads\\\/2018\\\/09\\\/cropped-logotest-4.jpg?fit=200%2C200&ssl=1\",\"contentUrl\":\"https:\\\/\\\/i0.wp.com\\\/www.tribur.de\\\/blog\\\/wp-content\\\/uploads\\\/2018\\\/09\\\/cropped-logotest-4.jpg?fit=200%2C200&ssl=1\",\"width\":200,\"height\":200,\"caption\":\"Markus Zwittmeier\"},\"logo\":{\"@id\":\"https:\\\/\\\/i0.wp.com\\\/www.tribur.de\\\/blog\\\/wp-content\\\/uploads\\\/2018\\\/09\\\/cropped-logotest-4.jpg?fit=200%2C200&ssl=1\"},\"sameAs\":[\"http:\\\/\\\/www.Tribur.de\",\"http:\\\/\\\/www.facebook.com\\\/pages\\\/Triburde\\\/184352328288771\",\"https:\\\/\\\/www.instagram.com\\\/tribur.de\\\/\",\"https:\\\/\\\/x.com\\\/https:\\\/\\\/twitter.com\\\/tribur\",\"https:\\\/\\\/www.youtube.com\\\/channel\\\/UCnEonou-x6_P4XPjBk2htCA\"],\"url\":\"https:\\\/\\\/www.tribur.de\\\/blog\\\/author\\\/markus\\\/\"}]}<\/script>\n<!-- \/ Yoast SEO plugin. -->","yoast_head_json":{"title":"Altstra\u00dfen und Trebur - Teil V - Ein Fazit - Tribur.de","robots":{"index":"index","follow":"follow","max-snippet":"max-snippet:-1","max-image-preview":"max-image-preview:large","max-video-preview":"max-video-preview:-1"},"canonical":"https:\/\/www.tribur.de\/blog\/2021\/06\/06\/altstrassen-und-trebur-teil-v-ein-fazit\/","og_locale":"de_DE","og_type":"article","og_title":"Altstra\u00dfen und Trebur - Teil V - Ein Fazit - Tribur.de","og_description":"Nun, da ich alles Stra\u00dfen um Trebur ein wenig zusammengefasst habe, m\u00f6chte ich ein Fazit ziehen. Ich habe nur die Hauptverkehrswege beschrieben. Sicherlich gab es noch eine Vielzahl an kleineren Wegen, Querverbindungen usw. Wege&#46;&#46;&#46;","og_url":"https:\/\/www.tribur.de\/blog\/2021\/06\/06\/altstrassen-und-trebur-teil-v-ein-fazit\/","og_site_name":"Tribur.de","article_publisher":"http:\/\/www.facebook.com\/pages\/Triburde\/184352328288771","article_author":"http:\/\/www.facebook.com\/pages\/Triburde\/184352328288771","article_published_time":"2021-06-06T15:29:38+00:00","article_modified_time":"2021-06-06T15:29:41+00:00","og_image":[{"width":200,"height":200,"url":"https:\/\/i0.wp.com\/www.tribur.de\/blog\/wp-content\/uploads\/2018\/09\/cropped-logotest-2.jpg?fit=200%2C200&ssl=1","type":"image\/jpeg"}],"author":"Markus Zwittmeier","twitter_card":"summary_large_image","twitter_creator":"@https:\/\/twitter.com\/tribur","twitter_site":"@tribur","twitter_misc":{"Verfasst von":"Markus Zwittmeier","Gesch\u00e4tzte Lesezeit":"3\u00a0Minuten"},"schema":{"@context":"https:\/\/schema.org","@graph":[{"@type":"Article","@id":"https:\/\/www.tribur.de\/blog\/2021\/06\/06\/altstrassen-und-trebur-teil-v-ein-fazit\/#article","isPartOf":{"@id":"https:\/\/www.tribur.de\/blog\/2021\/06\/06\/altstrassen-und-trebur-teil-v-ein-fazit\/"},"author":{"name":"Markus Zwittmeier","@id":"https:\/\/www.tribur.de\/blog\/#\/schema\/person\/3119997f09f43791809c2d1af27bba6c"},"headline":"Altstra\u00dfen und Trebur &#8211; Teil V &#8211; Ein Fazit","datePublished":"2021-06-06T15:29:38+00:00","dateModified":"2021-06-06T15:29:41+00:00","mainEntityOfPage":{"@id":"https:\/\/www.tribur.de\/blog\/2021\/06\/06\/altstrassen-und-trebur-teil-v-ein-fazit\/"},"wordCount":534,"commentCount":3,"publisher":{"@id":"https:\/\/www.tribur.de\/blog\/#\/schema\/person\/3119997f09f43791809c2d1af27bba6c"},"keywords":["Astheim","Fr\u00fchmittelalter","Hochmittelalter","Pfalz","Recherche","r\u00f6misch","Theorie","Trebur\/Tribur"],"articleSection":["Geschichte"],"inLanguage":"de","potentialAction":[{"@type":"CommentAction","name":"Comment","target":["https:\/\/www.tribur.de\/blog\/2021\/06\/06\/altstrassen-und-trebur-teil-v-ein-fazit\/#respond"]}]},{"@type":"WebPage","@id":"https:\/\/www.tribur.de\/blog\/2021\/06\/06\/altstrassen-und-trebur-teil-v-ein-fazit\/","url":"https:\/\/www.tribur.de\/blog\/2021\/06\/06\/altstrassen-und-trebur-teil-v-ein-fazit\/","name":"Altstra\u00dfen und Trebur - Teil V - Ein Fazit - Tribur.de","isPartOf":{"@id":"https:\/\/www.tribur.de\/blog\/#website"},"datePublished":"2021-06-06T15:29:38+00:00","dateModified":"2021-06-06T15:29:41+00:00","breadcrumb":{"@id":"https:\/\/www.tribur.de\/blog\/2021\/06\/06\/altstrassen-und-trebur-teil-v-ein-fazit\/#breadcrumb"},"inLanguage":"de","potentialAction":[{"@type":"ReadAction","target":["https:\/\/www.tribur.de\/blog\/2021\/06\/06\/altstrassen-und-trebur-teil-v-ein-fazit\/"]}]},{"@type":"BreadcrumbList","@id":"https:\/\/www.tribur.de\/blog\/2021\/06\/06\/altstrassen-und-trebur-teil-v-ein-fazit\/#breadcrumb","itemListElement":[{"@type":"ListItem","position":1,"name":"Home","item":"https:\/\/www.tribur.de\/blog\/"},{"@type":"ListItem","position":2,"name":"Altstra\u00dfen und Trebur &#8211; Teil V &#8211; Ein Fazit"}]},{"@type":"WebSite","@id":"https:\/\/www.tribur.de\/blog\/#website","url":"https:\/\/www.tribur.de\/blog\/","name":"Tribur.de","description":"Tribur.de - Geschichte und so Zeugs","publisher":{"@id":"https:\/\/www.tribur.de\/blog\/#\/schema\/person\/3119997f09f43791809c2d1af27bba6c"},"potentialAction":[{"@type":"SearchAction","target":{"@type":"EntryPoint","urlTemplate":"https:\/\/www.tribur.de\/blog\/?s={search_term_string}"},"query-input":{"@type":"PropertyValueSpecification","valueRequired":true,"valueName":"search_term_string"}}],"inLanguage":"de"},{"@type":["Person","Organization"],"@id":"https:\/\/www.tribur.de\/blog\/#\/schema\/person\/3119997f09f43791809c2d1af27bba6c","name":"Markus Zwittmeier","image":{"@type":"ImageObject","inLanguage":"de","@id":"https:\/\/i0.wp.com\/www.tribur.de\/blog\/wp-content\/uploads\/2018\/09\/cropped-logotest-4.jpg?fit=200%2C200&ssl=1","url":"https:\/\/i0.wp.com\/www.tribur.de\/blog\/wp-content\/uploads\/2018\/09\/cropped-logotest-4.jpg?fit=200%2C200&ssl=1","contentUrl":"https:\/\/i0.wp.com\/www.tribur.de\/blog\/wp-content\/uploads\/2018\/09\/cropped-logotest-4.jpg?fit=200%2C200&ssl=1","width":200,"height":200,"caption":"Markus Zwittmeier"},"logo":{"@id":"https:\/\/i0.wp.com\/www.tribur.de\/blog\/wp-content\/uploads\/2018\/09\/cropped-logotest-4.jpg?fit=200%2C200&ssl=1"},"sameAs":["http:\/\/www.Tribur.de","http:\/\/www.facebook.com\/pages\/Triburde\/184352328288771","https:\/\/www.instagram.com\/tribur.de\/","https:\/\/x.com\/https:\/\/twitter.com\/tribur","https:\/\/www.youtube.com\/channel\/UCnEonou-x6_P4XPjBk2htCA"],"url":"https:\/\/www.tribur.de\/blog\/author\/markus\/"}]}},"jetpack_publicize_connections":[],"jetpack_featured_media_url":"","jetpack_shortlink":"https:\/\/wp.me\/p1mHPu-875","jetpack_sharing_enabled":true,"_links":{"self":[{"href":"https:\/\/www.tribur.de\/blog\/wp-json\/wp\/v2\/posts\/31191","targetHints":{"allow":["GET"]}}],"collection":[{"href":"https:\/\/www.tribur.de\/blog\/wp-json\/wp\/v2\/posts"}],"about":[{"href":"https:\/\/www.tribur.de\/blog\/wp-json\/wp\/v2\/types\/post"}],"author":[{"embeddable":true,"href":"https:\/\/www.tribur.de\/blog\/wp-json\/wp\/v2\/users\/2"}],"replies":[{"embeddable":true,"href":"https:\/\/www.tribur.de\/blog\/wp-json\/wp\/v2\/comments?post=31191"}],"version-history":[{"count":18,"href":"https:\/\/www.tribur.de\/blog\/wp-json\/wp\/v2\/posts\/31191\/revisions"}],"predecessor-version":[{"id":31218,"href":"https:\/\/www.tribur.de\/blog\/wp-json\/wp\/v2\/posts\/31191\/revisions\/31218"}],"wp:attachment":[{"href":"https:\/\/www.tribur.de\/blog\/wp-json\/wp\/v2\/media?parent=31191"}],"wp:term":[{"taxonomy":"category","embeddable":true,"href":"https:\/\/www.tribur.de\/blog\/wp-json\/wp\/v2\/categories?post=31191"},{"taxonomy":"post_tag","embeddable":true,"href":"https:\/\/www.tribur.de\/blog\/wp-json\/wp\/v2\/tags?post=31191"}],"curies":[{"name":"wp","href":"https:\/\/api.w.org\/{rel}","templated":true}]}}