{"id":3075,"date":"2009-11-04T16:31:37","date_gmt":"2009-11-04T15:31:37","guid":{"rendered":"http:\/\/www.tribur.de\/blog\/?p=3075"},"modified":"2009-11-04T16:32:06","modified_gmt":"2009-11-04T15:32:06","slug":"ausgrabung-am-domkloster-von-paderborn","status":"publish","type":"post","link":"https:\/\/www.tribur.de\/blog\/2009\/11\/04\/ausgrabung-am-domkloster-von-paderborn\/","title":{"rendered":"Ausgrabung am Domkloster von Paderborn"},"content":{"rendered":"<p>W\u00e4hren die Meinwerk-Austellung l\u00e4uft, macht der LWL Ausgrabungen am Paderborner Domkloster. Jeden Dienstag um 17:00Uhr gibst kostenlose F\u00fchrungen!<\/p>\n<blockquote><p>Das Team um LWL-Stadtarch\u00e4ologe Dr. Sven Spiong erwartet die \u00dcberreste des mittelalterlichen Domklosters in etwa einem Meter Tiefe. Gleich zu Beginn der Untersuchung haben die Ausgr\u00e4ber weit \u00fcber 100 Stuckfragmente geborgen. Diese geh\u00f6ren zu einem barocken Haus im heutigen K\u00fcstergarten, wo die Arch\u00e4ologen den Spaten angesetzt haben.<\/p><\/blockquote>\n<p><a href=\"http:\/\/www.paderborner-blatt.de\/regionales\/11166003-lwl-archaeologen-erforschen-bischof-meinwerks-domkloster\" target=\"_blank\">Hier schreibt das Paderborner Blatt<\/a><\/p>\n","protected":false},"excerpt":{"rendered":"<p>W\u00e4hren die Meinwerk-Austellung l\u00e4uft, macht der LWL Ausgrabungen am Paderborner Domkloster. Jeden Dienstag um 17:00Uhr gibst kostenlose F\u00fchrungen! Das Team um LWL-Stadtarch\u00e4ologe Dr. Sven Spiong erwartet die \u00dcberreste des mittelalterlichen Domklosters in etwa einem&#46;&#46;&#46;<\/p>\n","protected":false},"author":2,"featured_media":0,"comment_status":"open","ping_status":"open","sticky":false,"template":"","format":"standard","meta":{"jetpack_post_was_ever_published":false,"_jetpack_newsletter_access":"","_jetpack_dont_email_post_to_subs":false,"_jetpack_newsletter_tier_id":0,"_jetpack_memberships_contains_paywalled_content":false,"_jetpack_memberships_contains_paid_content":false,"footnotes":"","jetpack_publicize_message":"","jetpack_publicize_feature_enabled":true,"jetpack_social_post_already_shared":false,"jetpack_social_options":{"image_generator_settings":{"template":"highway","default_image_id":0,"font":"","enabled":false},"version":2}},"categories":[1],"tags":[54,33,12,35,47],"class_list":["post-3075","post","type-post","status-publish","format-standard","hentry","category-geschichte","tag-archaologie","tag-ausgrabung","tag-hochmittelalter","tag-pfalz","tag-salisch"],"yoast_head":"<!-- This site is optimized with the Yoast SEO plugin v27.5 - https:\/\/yoast.com\/product\/yoast-seo-wordpress\/ -->\n<title>Ausgrabung am Domkloster von Paderborn - Tribur.de<\/title>\n<meta name=\"robots\" content=\"index, follow, max-snippet:-1, max-image-preview:large, max-video-preview:-1\" \/>\n<link rel=\"canonical\" href=\"https:\/\/www.tribur.de\/blog\/2009\/11\/04\/ausgrabung-am-domkloster-von-paderborn\/\" \/>\n<meta property=\"og:locale\" content=\"de_DE\" \/>\n<meta property=\"og:type\" content=\"article\" \/>\n<meta property=\"og:title\" content=\"Ausgrabung am Domkloster von Paderborn - Tribur.de\" \/>\n<meta property=\"og:description\" content=\"W\u00e4hren die Meinwerk-Austellung l\u00e4uft, macht der LWL Ausgrabungen am Paderborner Domkloster. Jeden Dienstag um 17:00Uhr gibst kostenlose F\u00fchrungen! Das Team um LWL-Stadtarch\u00e4ologe Dr. Sven Spiong erwartet die \u00dcberreste des mittelalterlichen Domklosters in etwa einem&#046;&#046;&#046;\" \/>\n<meta property=\"og:url\" content=\"https:\/\/www.tribur.de\/blog\/2009\/11\/04\/ausgrabung-am-domkloster-von-paderborn\/\" \/>\n<meta property=\"og:site_name\" content=\"Tribur.de\" \/>\n<meta property=\"article:publisher\" content=\"http:\/\/www.facebook.com\/pages\/Triburde\/184352328288771\" \/>\n<meta property=\"article:author\" content=\"http:\/\/www.facebook.com\/pages\/Triburde\/184352328288771\" \/>\n<meta property=\"article:published_time\" content=\"2009-11-04T15:31:37+00:00\" \/>\n<meta property=\"article:modified_time\" content=\"2009-11-04T15:32:06+00:00\" \/>\n<meta property=\"og:image\" content=\"https:\/\/i0.wp.com\/www.tribur.de\/blog\/wp-content\/uploads\/2018\/09\/cropped-logotest-2.jpg?fit=200%2C200&ssl=1\" \/>\n\t<meta property=\"og:image:width\" content=\"200\" \/>\n\t<meta property=\"og:image:height\" content=\"200\" \/>\n\t<meta property=\"og:image:type\" content=\"image\/jpeg\" \/>\n<meta name=\"author\" content=\"Markus Zwittmeier\" \/>\n<meta name=\"twitter:card\" content=\"summary_large_image\" \/>\n<meta name=\"twitter:creator\" content=\"@https:\/\/twitter.com\/tribur\" \/>\n<meta name=\"twitter:site\" content=\"@tribur\" \/>\n<meta name=\"twitter:label1\" content=\"Verfasst von\" \/>\n\t<meta name=\"twitter:data1\" content=\"Markus Zwittmeier\" \/>\n<script type=\"application\/ld+json\" class=\"yoast-schema-graph\">{\"@context\":\"https:\\\/\\\/schema.org\",\"@graph\":[{\"@type\":\"Article\",\"@id\":\"https:\\\/\\\/www.tribur.de\\\/blog\\\/2009\\\/11\\\/04\\\/ausgrabung-am-domkloster-von-paderborn\\\/#article\",\"isPartOf\":{\"@id\":\"https:\\\/\\\/www.tribur.de\\\/blog\\\/2009\\\/11\\\/04\\\/ausgrabung-am-domkloster-von-paderborn\\\/\"},\"author\":{\"name\":\"Markus Zwittmeier\",\"@id\":\"https:\\\/\\\/www.tribur.de\\\/blog\\\/#\\\/schema\\\/person\\\/3119997f09f43791809c2d1af27bba6c\"},\"headline\":\"Ausgrabung am Domkloster von Paderborn\",\"datePublished\":\"2009-11-04T15:31:37+00:00\",\"dateModified\":\"2009-11-04T15:32:06+00:00\",\"mainEntityOfPage\":{\"@id\":\"https:\\\/\\\/www.tribur.de\\\/blog\\\/2009\\\/11\\\/04\\\/ausgrabung-am-domkloster-von-paderborn\\\/\"},\"wordCount\":82,\"commentCount\":0,\"publisher\":{\"@id\":\"https:\\\/\\\/www.tribur.de\\\/blog\\\/#\\\/schema\\\/person\\\/3119997f09f43791809c2d1af27bba6c\"},\"keywords\":[\"Arch\u00e4ologie\",\"Ausgrabung\",\"Hochmittelalter\",\"Pfalz\",\"salisch\"],\"articleSection\":[\"Geschichte\"],\"inLanguage\":\"de\",\"potentialAction\":[{\"@type\":\"CommentAction\",\"name\":\"Comment\",\"target\":[\"https:\\\/\\\/www.tribur.de\\\/blog\\\/2009\\\/11\\\/04\\\/ausgrabung-am-domkloster-von-paderborn\\\/#respond\"]}]},{\"@type\":\"WebPage\",\"@id\":\"https:\\\/\\\/www.tribur.de\\\/blog\\\/2009\\\/11\\\/04\\\/ausgrabung-am-domkloster-von-paderborn\\\/\",\"url\":\"https:\\\/\\\/www.tribur.de\\\/blog\\\/2009\\\/11\\\/04\\\/ausgrabung-am-domkloster-von-paderborn\\\/\",\"name\":\"Ausgrabung am Domkloster von Paderborn - Tribur.de\",\"isPartOf\":{\"@id\":\"https:\\\/\\\/www.tribur.de\\\/blog\\\/#website\"},\"datePublished\":\"2009-11-04T15:31:37+00:00\",\"dateModified\":\"2009-11-04T15:32:06+00:00\",\"breadcrumb\":{\"@id\":\"https:\\\/\\\/www.tribur.de\\\/blog\\\/2009\\\/11\\\/04\\\/ausgrabung-am-domkloster-von-paderborn\\\/#breadcrumb\"},\"inLanguage\":\"de\",\"potentialAction\":[{\"@type\":\"ReadAction\",\"target\":[\"https:\\\/\\\/www.tribur.de\\\/blog\\\/2009\\\/11\\\/04\\\/ausgrabung-am-domkloster-von-paderborn\\\/\"]}]},{\"@type\":\"BreadcrumbList\",\"@id\":\"https:\\\/\\\/www.tribur.de\\\/blog\\\/2009\\\/11\\\/04\\\/ausgrabung-am-domkloster-von-paderborn\\\/#breadcrumb\",\"itemListElement\":[{\"@type\":\"ListItem\",\"position\":1,\"name\":\"Home\",\"item\":\"https:\\\/\\\/www.tribur.de\\\/blog\\\/\"},{\"@type\":\"ListItem\",\"position\":2,\"name\":\"Ausgrabung am Domkloster von Paderborn\"}]},{\"@type\":\"WebSite\",\"@id\":\"https:\\\/\\\/www.tribur.de\\\/blog\\\/#website\",\"url\":\"https:\\\/\\\/www.tribur.de\\\/blog\\\/\",\"name\":\"Tribur.de\",\"description\":\"Tribur.de - Geschichte und so Zeugs\",\"publisher\":{\"@id\":\"https:\\\/\\\/www.tribur.de\\\/blog\\\/#\\\/schema\\\/person\\\/3119997f09f43791809c2d1af27bba6c\"},\"potentialAction\":[{\"@type\":\"SearchAction\",\"target\":{\"@type\":\"EntryPoint\",\"urlTemplate\":\"https:\\\/\\\/www.tribur.de\\\/blog\\\/?s={search_term_string}\"},\"query-input\":{\"@type\":\"PropertyValueSpecification\",\"valueRequired\":true,\"valueName\":\"search_term_string\"}}],\"inLanguage\":\"de\"},{\"@type\":[\"Person\",\"Organization\"],\"@id\":\"https:\\\/\\\/www.tribur.de\\\/blog\\\/#\\\/schema\\\/person\\\/3119997f09f43791809c2d1af27bba6c\",\"name\":\"Markus Zwittmeier\",\"image\":{\"@type\":\"ImageObject\",\"inLanguage\":\"de\",\"@id\":\"https:\\\/\\\/i0.wp.com\\\/www.tribur.de\\\/blog\\\/wp-content\\\/uploads\\\/2018\\\/09\\\/cropped-logotest-4.jpg?fit=200%2C200&ssl=1\",\"url\":\"https:\\\/\\\/i0.wp.com\\\/www.tribur.de\\\/blog\\\/wp-content\\\/uploads\\\/2018\\\/09\\\/cropped-logotest-4.jpg?fit=200%2C200&ssl=1\",\"contentUrl\":\"https:\\\/\\\/i0.wp.com\\\/www.tribur.de\\\/blog\\\/wp-content\\\/uploads\\\/2018\\\/09\\\/cropped-logotest-4.jpg?fit=200%2C200&ssl=1\",\"width\":200,\"height\":200,\"caption\":\"Markus Zwittmeier\"},\"logo\":{\"@id\":\"https:\\\/\\\/i0.wp.com\\\/www.tribur.de\\\/blog\\\/wp-content\\\/uploads\\\/2018\\\/09\\\/cropped-logotest-4.jpg?fit=200%2C200&ssl=1\"},\"sameAs\":[\"http:\\\/\\\/www.Tribur.de\",\"http:\\\/\\\/www.facebook.com\\\/pages\\\/Triburde\\\/184352328288771\",\"https:\\\/\\\/www.instagram.com\\\/tribur.de\\\/\",\"https:\\\/\\\/x.com\\\/https:\\\/\\\/twitter.com\\\/tribur\",\"https:\\\/\\\/www.youtube.com\\\/channel\\\/UCnEonou-x6_P4XPjBk2htCA\"],\"url\":\"https:\\\/\\\/www.tribur.de\\\/blog\\\/author\\\/markus\\\/\"}]}<\/script>\n<!-- \/ Yoast SEO plugin. -->","yoast_head_json":{"title":"Ausgrabung am Domkloster von Paderborn - Tribur.de","robots":{"index":"index","follow":"follow","max-snippet":"max-snippet:-1","max-image-preview":"max-image-preview:large","max-video-preview":"max-video-preview:-1"},"canonical":"https:\/\/www.tribur.de\/blog\/2009\/11\/04\/ausgrabung-am-domkloster-von-paderborn\/","og_locale":"de_DE","og_type":"article","og_title":"Ausgrabung am Domkloster von Paderborn - Tribur.de","og_description":"W\u00e4hren die Meinwerk-Austellung l\u00e4uft, macht der LWL Ausgrabungen am Paderborner Domkloster. Jeden Dienstag um 17:00Uhr gibst kostenlose F\u00fchrungen! Das Team um LWL-Stadtarch\u00e4ologe Dr. Sven Spiong erwartet die \u00dcberreste des mittelalterlichen Domklosters in etwa einem&#46;&#46;&#46;","og_url":"https:\/\/www.tribur.de\/blog\/2009\/11\/04\/ausgrabung-am-domkloster-von-paderborn\/","og_site_name":"Tribur.de","article_publisher":"http:\/\/www.facebook.com\/pages\/Triburde\/184352328288771","article_author":"http:\/\/www.facebook.com\/pages\/Triburde\/184352328288771","article_published_time":"2009-11-04T15:31:37+00:00","article_modified_time":"2009-11-04T15:32:06+00:00","og_image":[{"width":200,"height":200,"url":"https:\/\/i0.wp.com\/www.tribur.de\/blog\/wp-content\/uploads\/2018\/09\/cropped-logotest-2.jpg?fit=200%2C200&ssl=1","type":"image\/jpeg"}],"author":"Markus Zwittmeier","twitter_card":"summary_large_image","twitter_creator":"@https:\/\/twitter.com\/tribur","twitter_site":"@tribur","twitter_misc":{"Verfasst von":"Markus Zwittmeier"},"schema":{"@context":"https:\/\/schema.org","@graph":[{"@type":"Article","@id":"https:\/\/www.tribur.de\/blog\/2009\/11\/04\/ausgrabung-am-domkloster-von-paderborn\/#article","isPartOf":{"@id":"https:\/\/www.tribur.de\/blog\/2009\/11\/04\/ausgrabung-am-domkloster-von-paderborn\/"},"author":{"name":"Markus Zwittmeier","@id":"https:\/\/www.tribur.de\/blog\/#\/schema\/person\/3119997f09f43791809c2d1af27bba6c"},"headline":"Ausgrabung am Domkloster von Paderborn","datePublished":"2009-11-04T15:31:37+00:00","dateModified":"2009-11-04T15:32:06+00:00","mainEntityOfPage":{"@id":"https:\/\/www.tribur.de\/blog\/2009\/11\/04\/ausgrabung-am-domkloster-von-paderborn\/"},"wordCount":82,"commentCount":0,"publisher":{"@id":"https:\/\/www.tribur.de\/blog\/#\/schema\/person\/3119997f09f43791809c2d1af27bba6c"},"keywords":["Arch\u00e4ologie","Ausgrabung","Hochmittelalter","Pfalz","salisch"],"articleSection":["Geschichte"],"inLanguage":"de","potentialAction":[{"@type":"CommentAction","name":"Comment","target":["https:\/\/www.tribur.de\/blog\/2009\/11\/04\/ausgrabung-am-domkloster-von-paderborn\/#respond"]}]},{"@type":"WebPage","@id":"https:\/\/www.tribur.de\/blog\/2009\/11\/04\/ausgrabung-am-domkloster-von-paderborn\/","url":"https:\/\/www.tribur.de\/blog\/2009\/11\/04\/ausgrabung-am-domkloster-von-paderborn\/","name":"Ausgrabung am Domkloster von Paderborn - Tribur.de","isPartOf":{"@id":"https:\/\/www.tribur.de\/blog\/#website"},"datePublished":"2009-11-04T15:31:37+00:00","dateModified":"2009-11-04T15:32:06+00:00","breadcrumb":{"@id":"https:\/\/www.tribur.de\/blog\/2009\/11\/04\/ausgrabung-am-domkloster-von-paderborn\/#breadcrumb"},"inLanguage":"de","potentialAction":[{"@type":"ReadAction","target":["https:\/\/www.tribur.de\/blog\/2009\/11\/04\/ausgrabung-am-domkloster-von-paderborn\/"]}]},{"@type":"BreadcrumbList","@id":"https:\/\/www.tribur.de\/blog\/2009\/11\/04\/ausgrabung-am-domkloster-von-paderborn\/#breadcrumb","itemListElement":[{"@type":"ListItem","position":1,"name":"Home","item":"https:\/\/www.tribur.de\/blog\/"},{"@type":"ListItem","position":2,"name":"Ausgrabung am Domkloster von Paderborn"}]},{"@type":"WebSite","@id":"https:\/\/www.tribur.de\/blog\/#website","url":"https:\/\/www.tribur.de\/blog\/","name":"Tribur.de","description":"Tribur.de - Geschichte und so Zeugs","publisher":{"@id":"https:\/\/www.tribur.de\/blog\/#\/schema\/person\/3119997f09f43791809c2d1af27bba6c"},"potentialAction":[{"@type":"SearchAction","target":{"@type":"EntryPoint","urlTemplate":"https:\/\/www.tribur.de\/blog\/?s={search_term_string}"},"query-input":{"@type":"PropertyValueSpecification","valueRequired":true,"valueName":"search_term_string"}}],"inLanguage":"de"},{"@type":["Person","Organization"],"@id":"https:\/\/www.tribur.de\/blog\/#\/schema\/person\/3119997f09f43791809c2d1af27bba6c","name":"Markus Zwittmeier","image":{"@type":"ImageObject","inLanguage":"de","@id":"https:\/\/i0.wp.com\/www.tribur.de\/blog\/wp-content\/uploads\/2018\/09\/cropped-logotest-4.jpg?fit=200%2C200&ssl=1","url":"https:\/\/i0.wp.com\/www.tribur.de\/blog\/wp-content\/uploads\/2018\/09\/cropped-logotest-4.jpg?fit=200%2C200&ssl=1","contentUrl":"https:\/\/i0.wp.com\/www.tribur.de\/blog\/wp-content\/uploads\/2018\/09\/cropped-logotest-4.jpg?fit=200%2C200&ssl=1","width":200,"height":200,"caption":"Markus Zwittmeier"},"logo":{"@id":"https:\/\/i0.wp.com\/www.tribur.de\/blog\/wp-content\/uploads\/2018\/09\/cropped-logotest-4.jpg?fit=200%2C200&ssl=1"},"sameAs":["http:\/\/www.Tribur.de","http:\/\/www.facebook.com\/pages\/Triburde\/184352328288771","https:\/\/www.instagram.com\/tribur.de\/","https:\/\/x.com\/https:\/\/twitter.com\/tribur","https:\/\/www.youtube.com\/channel\/UCnEonou-x6_P4XPjBk2htCA"],"url":"https:\/\/www.tribur.de\/blog\/author\/markus\/"}]}},"jetpack_publicize_connections":[],"jetpack_featured_media_url":"","jetpack_shortlink":"https:\/\/wp.me\/p1mHPu-NB","jetpack_sharing_enabled":true,"_links":{"self":[{"href":"https:\/\/www.tribur.de\/blog\/wp-json\/wp\/v2\/posts\/3075","targetHints":{"allow":["GET"]}}],"collection":[{"href":"https:\/\/www.tribur.de\/blog\/wp-json\/wp\/v2\/posts"}],"about":[{"href":"https:\/\/www.tribur.de\/blog\/wp-json\/wp\/v2\/types\/post"}],"author":[{"embeddable":true,"href":"https:\/\/www.tribur.de\/blog\/wp-json\/wp\/v2\/users\/2"}],"replies":[{"embeddable":true,"href":"https:\/\/www.tribur.de\/blog\/wp-json\/wp\/v2\/comments?post=3075"}],"version-history":[{"count":4,"href":"https:\/\/www.tribur.de\/blog\/wp-json\/wp\/v2\/posts\/3075\/revisions"}],"predecessor-version":[{"id":3086,"href":"https:\/\/www.tribur.de\/blog\/wp-json\/wp\/v2\/posts\/3075\/revisions\/3086"}],"wp:attachment":[{"href":"https:\/\/www.tribur.de\/blog\/wp-json\/wp\/v2\/media?parent=3075"}],"wp:term":[{"taxonomy":"category","embeddable":true,"href":"https:\/\/www.tribur.de\/blog\/wp-json\/wp\/v2\/categories?post=3075"},{"taxonomy":"post_tag","embeddable":true,"href":"https:\/\/www.tribur.de\/blog\/wp-json\/wp\/v2\/tags?post=3075"}],"curies":[{"name":"wp","href":"https:\/\/api.w.org\/{rel}","templated":true}]}}