{"id":3069,"date":"2009-11-04T12:27:04","date_gmt":"2009-11-04T11:27:04","guid":{"rendered":"http:\/\/www.tribur.de\/blog\/?p=3069"},"modified":"2009-11-04T12:27:36","modified_gmt":"2009-11-04T11:27:36","slug":"tag-der-offenen-grabung-in-dorheimwetterau","status":"publish","type":"post","link":"https:\/\/www.tribur.de\/blog\/2009\/11\/04\/tag-der-offenen-grabung-in-dorheimwetterau\/","title":{"rendered":"Tag der offenen Grabung in Dorheim(Wetterau)"},"content":{"rendered":"<blockquote><p>Wetteraukreis. Am Freitag, 06. November um 15:00 Uhr, besteht die M\u00f6glichkeit, sich \u00fcber die arch\u00e4ologischen Untersuchungen, die im Vorfeld der eigentlichen Bauarbeiten der Ortsumgehung Dorheim zur Zeit stattfinden, zu informieren.<br \/>\nZur Veranstaltung laden gemeinsam mit den beiden Friedberger Geschichtsvereinen das Amt f\u00fcr Stra\u00dfen- und Verkehrswesen Gelnhausen, die Arch\u00e4ologische Denkmalpflege und die Stadt Friedberg alle interessierten B\u00fcrger ein.<br \/>\nTreffpunkt ist das erste neue Br\u00fcckenbauwerk im Norden von Dorheim. Es ist von der B 455 einsehbar und \u00fcber Feldwege zu erreichen.Obwohl die Arbeiten noch nicht abgeschlossen sind, l\u00e4sst sich schon jetzt eine sehr interessante Bilanz ziehen. So konnten neben einer umfangreichen Siedlung der Bronzezeit auch drei vorgeschichtliche Bestattungen im Trassenbereich ausgegraben werden.<br \/>\nWir bitten alle Teilnehmer an entsprechendes Schuhwerk zu denken.<\/p><\/blockquote>\n<p><a href=\"http:\/\/www.pressemeldung-hessen.de\/wetteraukreis-tag-der-offenen-grabung-im-bereich-der-b-455-ortsumgehung-dorheim-9666\/\" target=\"_blank\">Das meldet Pressemeldungen-Hessen.de hier<\/a><\/p>\n","protected":false},"excerpt":{"rendered":"<p>Wetteraukreis. Am Freitag, 06. November um 15:00 Uhr, besteht die M\u00f6glichkeit, sich \u00fcber die arch\u00e4ologischen Untersuchungen, die im Vorfeld der eigentlichen Bauarbeiten der Ortsumgehung Dorheim zur Zeit stattfinden, zu informieren. Zur Veranstaltung laden gemeinsam&#46;&#46;&#46;<\/p>\n","protected":false},"author":2,"featured_media":0,"comment_status":"open","ping_status":"open","sticky":false,"template":"","format":"standard","meta":{"jetpack_post_was_ever_published":false,"_jetpack_newsletter_access":"","_jetpack_dont_email_post_to_subs":false,"_jetpack_newsletter_tier_id":0,"_jetpack_memberships_contains_paywalled_content":false,"_jetpack_memberships_contains_paid_content":false,"footnotes":"","jetpack_publicize_message":"","jetpack_publicize_feature_enabled":true,"jetpack_social_post_already_shared":false,"jetpack_social_options":{"image_generator_settings":{"template":"highway","default_image_id":0,"font":"","enabled":false},"version":2}},"categories":[1],"tags":[54,33,27,26],"class_list":["post-3069","post","type-post","status-publish","format-standard","hentry","category-geschichte","tag-archaologie","tag-ausgrabung","tag-vorfruegeschichte","tag-vortrag"],"yoast_head":"<!-- This site is optimized with the Yoast SEO plugin v27.5 - https:\/\/yoast.com\/product\/yoast-seo-wordpress\/ -->\n<title>Tag der offenen Grabung in Dorheim(Wetterau) - Tribur.de<\/title>\n<meta name=\"robots\" content=\"index, follow, max-snippet:-1, max-image-preview:large, max-video-preview:-1\" \/>\n<link rel=\"canonical\" href=\"https:\/\/www.tribur.de\/blog\/2009\/11\/04\/tag-der-offenen-grabung-in-dorheimwetterau\/\" \/>\n<meta property=\"og:locale\" content=\"de_DE\" \/>\n<meta property=\"og:type\" content=\"article\" \/>\n<meta property=\"og:title\" content=\"Tag der offenen Grabung in Dorheim(Wetterau) - Tribur.de\" \/>\n<meta property=\"og:description\" content=\"Wetteraukreis. Am Freitag, 06. November um 15:00 Uhr, besteht die M\u00f6glichkeit, sich \u00fcber die arch\u00e4ologischen Untersuchungen, die im Vorfeld der eigentlichen Bauarbeiten der Ortsumgehung Dorheim zur Zeit stattfinden, zu informieren. Zur Veranstaltung laden gemeinsam&#046;&#046;&#046;\" \/>\n<meta property=\"og:url\" content=\"https:\/\/www.tribur.de\/blog\/2009\/11\/04\/tag-der-offenen-grabung-in-dorheimwetterau\/\" \/>\n<meta property=\"og:site_name\" content=\"Tribur.de\" \/>\n<meta property=\"article:publisher\" content=\"http:\/\/www.facebook.com\/pages\/Triburde\/184352328288771\" \/>\n<meta property=\"article:author\" content=\"http:\/\/www.facebook.com\/pages\/Triburde\/184352328288771\" \/>\n<meta property=\"article:published_time\" content=\"2009-11-04T11:27:04+00:00\" \/>\n<meta property=\"article:modified_time\" content=\"2009-11-04T11:27:36+00:00\" \/>\n<meta property=\"og:image\" content=\"https:\/\/i0.wp.com\/www.tribur.de\/blog\/wp-content\/uploads\/2018\/09\/cropped-logotest-2.jpg?fit=200%2C200&ssl=1\" \/>\n\t<meta property=\"og:image:width\" content=\"200\" \/>\n\t<meta property=\"og:image:height\" content=\"200\" \/>\n\t<meta property=\"og:image:type\" content=\"image\/jpeg\" \/>\n<meta name=\"author\" content=\"Markus Zwittmeier\" \/>\n<meta name=\"twitter:card\" content=\"summary_large_image\" \/>\n<meta name=\"twitter:creator\" content=\"@https:\/\/twitter.com\/tribur\" \/>\n<meta name=\"twitter:site\" content=\"@tribur\" \/>\n<meta name=\"twitter:label1\" content=\"Verfasst von\" \/>\n\t<meta name=\"twitter:data1\" content=\"Markus Zwittmeier\" \/>\n\t<meta name=\"twitter:label2\" content=\"Gesch\u00e4tzte Lesezeit\" \/>\n\t<meta name=\"twitter:data2\" content=\"1\u00a0Minute\" \/>\n<script type=\"application\/ld+json\" class=\"yoast-schema-graph\">{\"@context\":\"https:\\\/\\\/schema.org\",\"@graph\":[{\"@type\":\"Article\",\"@id\":\"https:\\\/\\\/www.tribur.de\\\/blog\\\/2009\\\/11\\\/04\\\/tag-der-offenen-grabung-in-dorheimwetterau\\\/#article\",\"isPartOf\":{\"@id\":\"https:\\\/\\\/www.tribur.de\\\/blog\\\/2009\\\/11\\\/04\\\/tag-der-offenen-grabung-in-dorheimwetterau\\\/\"},\"author\":{\"name\":\"Markus Zwittmeier\",\"@id\":\"https:\\\/\\\/www.tribur.de\\\/blog\\\/#\\\/schema\\\/person\\\/3119997f09f43791809c2d1af27bba6c\"},\"headline\":\"Tag der offenen Grabung in Dorheim(Wetterau)\",\"datePublished\":\"2009-11-04T11:27:04+00:00\",\"dateModified\":\"2009-11-04T11:27:36+00:00\",\"mainEntityOfPage\":{\"@id\":\"https:\\\/\\\/www.tribur.de\\\/blog\\\/2009\\\/11\\\/04\\\/tag-der-offenen-grabung-in-dorheimwetterau\\\/\"},\"wordCount\":137,\"commentCount\":0,\"publisher\":{\"@id\":\"https:\\\/\\\/www.tribur.de\\\/blog\\\/#\\\/schema\\\/person\\\/3119997f09f43791809c2d1af27bba6c\"},\"keywords\":[\"Arch\u00e4ologie\",\"Ausgrabung\",\"Vor\\\/Fr\u00fchgeschichte\",\"Vortrag\"],\"articleSection\":[\"Geschichte\"],\"inLanguage\":\"de\",\"potentialAction\":[{\"@type\":\"CommentAction\",\"name\":\"Comment\",\"target\":[\"https:\\\/\\\/www.tribur.de\\\/blog\\\/2009\\\/11\\\/04\\\/tag-der-offenen-grabung-in-dorheimwetterau\\\/#respond\"]}]},{\"@type\":\"WebPage\",\"@id\":\"https:\\\/\\\/www.tribur.de\\\/blog\\\/2009\\\/11\\\/04\\\/tag-der-offenen-grabung-in-dorheimwetterau\\\/\",\"url\":\"https:\\\/\\\/www.tribur.de\\\/blog\\\/2009\\\/11\\\/04\\\/tag-der-offenen-grabung-in-dorheimwetterau\\\/\",\"name\":\"Tag der offenen Grabung in Dorheim(Wetterau) - Tribur.de\",\"isPartOf\":{\"@id\":\"https:\\\/\\\/www.tribur.de\\\/blog\\\/#website\"},\"datePublished\":\"2009-11-04T11:27:04+00:00\",\"dateModified\":\"2009-11-04T11:27:36+00:00\",\"breadcrumb\":{\"@id\":\"https:\\\/\\\/www.tribur.de\\\/blog\\\/2009\\\/11\\\/04\\\/tag-der-offenen-grabung-in-dorheimwetterau\\\/#breadcrumb\"},\"inLanguage\":\"de\",\"potentialAction\":[{\"@type\":\"ReadAction\",\"target\":[\"https:\\\/\\\/www.tribur.de\\\/blog\\\/2009\\\/11\\\/04\\\/tag-der-offenen-grabung-in-dorheimwetterau\\\/\"]}]},{\"@type\":\"BreadcrumbList\",\"@id\":\"https:\\\/\\\/www.tribur.de\\\/blog\\\/2009\\\/11\\\/04\\\/tag-der-offenen-grabung-in-dorheimwetterau\\\/#breadcrumb\",\"itemListElement\":[{\"@type\":\"ListItem\",\"position\":1,\"name\":\"Home\",\"item\":\"https:\\\/\\\/www.tribur.de\\\/blog\\\/\"},{\"@type\":\"ListItem\",\"position\":2,\"name\":\"Tag der offenen Grabung in Dorheim(Wetterau)\"}]},{\"@type\":\"WebSite\",\"@id\":\"https:\\\/\\\/www.tribur.de\\\/blog\\\/#website\",\"url\":\"https:\\\/\\\/www.tribur.de\\\/blog\\\/\",\"name\":\"Tribur.de\",\"description\":\"Tribur.de - Geschichte und so Zeugs\",\"publisher\":{\"@id\":\"https:\\\/\\\/www.tribur.de\\\/blog\\\/#\\\/schema\\\/person\\\/3119997f09f43791809c2d1af27bba6c\"},\"potentialAction\":[{\"@type\":\"SearchAction\",\"target\":{\"@type\":\"EntryPoint\",\"urlTemplate\":\"https:\\\/\\\/www.tribur.de\\\/blog\\\/?s={search_term_string}\"},\"query-input\":{\"@type\":\"PropertyValueSpecification\",\"valueRequired\":true,\"valueName\":\"search_term_string\"}}],\"inLanguage\":\"de\"},{\"@type\":[\"Person\",\"Organization\"],\"@id\":\"https:\\\/\\\/www.tribur.de\\\/blog\\\/#\\\/schema\\\/person\\\/3119997f09f43791809c2d1af27bba6c\",\"name\":\"Markus Zwittmeier\",\"image\":{\"@type\":\"ImageObject\",\"inLanguage\":\"de\",\"@id\":\"https:\\\/\\\/i0.wp.com\\\/www.tribur.de\\\/blog\\\/wp-content\\\/uploads\\\/2018\\\/09\\\/cropped-logotest-4.jpg?fit=200%2C200&ssl=1\",\"url\":\"https:\\\/\\\/i0.wp.com\\\/www.tribur.de\\\/blog\\\/wp-content\\\/uploads\\\/2018\\\/09\\\/cropped-logotest-4.jpg?fit=200%2C200&ssl=1\",\"contentUrl\":\"https:\\\/\\\/i0.wp.com\\\/www.tribur.de\\\/blog\\\/wp-content\\\/uploads\\\/2018\\\/09\\\/cropped-logotest-4.jpg?fit=200%2C200&ssl=1\",\"width\":200,\"height\":200,\"caption\":\"Markus Zwittmeier\"},\"logo\":{\"@id\":\"https:\\\/\\\/i0.wp.com\\\/www.tribur.de\\\/blog\\\/wp-content\\\/uploads\\\/2018\\\/09\\\/cropped-logotest-4.jpg?fit=200%2C200&ssl=1\"},\"sameAs\":[\"http:\\\/\\\/www.Tribur.de\",\"http:\\\/\\\/www.facebook.com\\\/pages\\\/Triburde\\\/184352328288771\",\"https:\\\/\\\/www.instagram.com\\\/tribur.de\\\/\",\"https:\\\/\\\/x.com\\\/https:\\\/\\\/twitter.com\\\/tribur\",\"https:\\\/\\\/www.youtube.com\\\/channel\\\/UCnEonou-x6_P4XPjBk2htCA\"],\"url\":\"https:\\\/\\\/www.tribur.de\\\/blog\\\/author\\\/markus\\\/\"}]}<\/script>\n<!-- \/ Yoast SEO plugin. -->","yoast_head_json":{"title":"Tag der offenen Grabung in Dorheim(Wetterau) - Tribur.de","robots":{"index":"index","follow":"follow","max-snippet":"max-snippet:-1","max-image-preview":"max-image-preview:large","max-video-preview":"max-video-preview:-1"},"canonical":"https:\/\/www.tribur.de\/blog\/2009\/11\/04\/tag-der-offenen-grabung-in-dorheimwetterau\/","og_locale":"de_DE","og_type":"article","og_title":"Tag der offenen Grabung in Dorheim(Wetterau) - Tribur.de","og_description":"Wetteraukreis. Am Freitag, 06. November um 15:00 Uhr, besteht die M\u00f6glichkeit, sich \u00fcber die arch\u00e4ologischen Untersuchungen, die im Vorfeld der eigentlichen Bauarbeiten der Ortsumgehung Dorheim zur Zeit stattfinden, zu informieren. Zur Veranstaltung laden gemeinsam&#46;&#46;&#46;","og_url":"https:\/\/www.tribur.de\/blog\/2009\/11\/04\/tag-der-offenen-grabung-in-dorheimwetterau\/","og_site_name":"Tribur.de","article_publisher":"http:\/\/www.facebook.com\/pages\/Triburde\/184352328288771","article_author":"http:\/\/www.facebook.com\/pages\/Triburde\/184352328288771","article_published_time":"2009-11-04T11:27:04+00:00","article_modified_time":"2009-11-04T11:27:36+00:00","og_image":[{"width":200,"height":200,"url":"https:\/\/i0.wp.com\/www.tribur.de\/blog\/wp-content\/uploads\/2018\/09\/cropped-logotest-2.jpg?fit=200%2C200&ssl=1","type":"image\/jpeg"}],"author":"Markus Zwittmeier","twitter_card":"summary_large_image","twitter_creator":"@https:\/\/twitter.com\/tribur","twitter_site":"@tribur","twitter_misc":{"Verfasst von":"Markus Zwittmeier","Gesch\u00e4tzte Lesezeit":"1\u00a0Minute"},"schema":{"@context":"https:\/\/schema.org","@graph":[{"@type":"Article","@id":"https:\/\/www.tribur.de\/blog\/2009\/11\/04\/tag-der-offenen-grabung-in-dorheimwetterau\/#article","isPartOf":{"@id":"https:\/\/www.tribur.de\/blog\/2009\/11\/04\/tag-der-offenen-grabung-in-dorheimwetterau\/"},"author":{"name":"Markus Zwittmeier","@id":"https:\/\/www.tribur.de\/blog\/#\/schema\/person\/3119997f09f43791809c2d1af27bba6c"},"headline":"Tag der offenen Grabung in Dorheim(Wetterau)","datePublished":"2009-11-04T11:27:04+00:00","dateModified":"2009-11-04T11:27:36+00:00","mainEntityOfPage":{"@id":"https:\/\/www.tribur.de\/blog\/2009\/11\/04\/tag-der-offenen-grabung-in-dorheimwetterau\/"},"wordCount":137,"commentCount":0,"publisher":{"@id":"https:\/\/www.tribur.de\/blog\/#\/schema\/person\/3119997f09f43791809c2d1af27bba6c"},"keywords":["Arch\u00e4ologie","Ausgrabung","Vor\/Fr\u00fchgeschichte","Vortrag"],"articleSection":["Geschichte"],"inLanguage":"de","potentialAction":[{"@type":"CommentAction","name":"Comment","target":["https:\/\/www.tribur.de\/blog\/2009\/11\/04\/tag-der-offenen-grabung-in-dorheimwetterau\/#respond"]}]},{"@type":"WebPage","@id":"https:\/\/www.tribur.de\/blog\/2009\/11\/04\/tag-der-offenen-grabung-in-dorheimwetterau\/","url":"https:\/\/www.tribur.de\/blog\/2009\/11\/04\/tag-der-offenen-grabung-in-dorheimwetterau\/","name":"Tag der offenen Grabung in Dorheim(Wetterau) - Tribur.de","isPartOf":{"@id":"https:\/\/www.tribur.de\/blog\/#website"},"datePublished":"2009-11-04T11:27:04+00:00","dateModified":"2009-11-04T11:27:36+00:00","breadcrumb":{"@id":"https:\/\/www.tribur.de\/blog\/2009\/11\/04\/tag-der-offenen-grabung-in-dorheimwetterau\/#breadcrumb"},"inLanguage":"de","potentialAction":[{"@type":"ReadAction","target":["https:\/\/www.tribur.de\/blog\/2009\/11\/04\/tag-der-offenen-grabung-in-dorheimwetterau\/"]}]},{"@type":"BreadcrumbList","@id":"https:\/\/www.tribur.de\/blog\/2009\/11\/04\/tag-der-offenen-grabung-in-dorheimwetterau\/#breadcrumb","itemListElement":[{"@type":"ListItem","position":1,"name":"Home","item":"https:\/\/www.tribur.de\/blog\/"},{"@type":"ListItem","position":2,"name":"Tag der offenen Grabung in Dorheim(Wetterau)"}]},{"@type":"WebSite","@id":"https:\/\/www.tribur.de\/blog\/#website","url":"https:\/\/www.tribur.de\/blog\/","name":"Tribur.de","description":"Tribur.de - Geschichte und so Zeugs","publisher":{"@id":"https:\/\/www.tribur.de\/blog\/#\/schema\/person\/3119997f09f43791809c2d1af27bba6c"},"potentialAction":[{"@type":"SearchAction","target":{"@type":"EntryPoint","urlTemplate":"https:\/\/www.tribur.de\/blog\/?s={search_term_string}"},"query-input":{"@type":"PropertyValueSpecification","valueRequired":true,"valueName":"search_term_string"}}],"inLanguage":"de"},{"@type":["Person","Organization"],"@id":"https:\/\/www.tribur.de\/blog\/#\/schema\/person\/3119997f09f43791809c2d1af27bba6c","name":"Markus Zwittmeier","image":{"@type":"ImageObject","inLanguage":"de","@id":"https:\/\/i0.wp.com\/www.tribur.de\/blog\/wp-content\/uploads\/2018\/09\/cropped-logotest-4.jpg?fit=200%2C200&ssl=1","url":"https:\/\/i0.wp.com\/www.tribur.de\/blog\/wp-content\/uploads\/2018\/09\/cropped-logotest-4.jpg?fit=200%2C200&ssl=1","contentUrl":"https:\/\/i0.wp.com\/www.tribur.de\/blog\/wp-content\/uploads\/2018\/09\/cropped-logotest-4.jpg?fit=200%2C200&ssl=1","width":200,"height":200,"caption":"Markus Zwittmeier"},"logo":{"@id":"https:\/\/i0.wp.com\/www.tribur.de\/blog\/wp-content\/uploads\/2018\/09\/cropped-logotest-4.jpg?fit=200%2C200&ssl=1"},"sameAs":["http:\/\/www.Tribur.de","http:\/\/www.facebook.com\/pages\/Triburde\/184352328288771","https:\/\/www.instagram.com\/tribur.de\/","https:\/\/x.com\/https:\/\/twitter.com\/tribur","https:\/\/www.youtube.com\/channel\/UCnEonou-x6_P4XPjBk2htCA"],"url":"https:\/\/www.tribur.de\/blog\/author\/markus\/"}]}},"jetpack_publicize_connections":[],"jetpack_featured_media_url":"","jetpack_shortlink":"https:\/\/wp.me\/p1mHPu-Nv","jetpack_sharing_enabled":true,"_links":{"self":[{"href":"https:\/\/www.tribur.de\/blog\/wp-json\/wp\/v2\/posts\/3069","targetHints":{"allow":["GET"]}}],"collection":[{"href":"https:\/\/www.tribur.de\/blog\/wp-json\/wp\/v2\/posts"}],"about":[{"href":"https:\/\/www.tribur.de\/blog\/wp-json\/wp\/v2\/types\/post"}],"author":[{"embeddable":true,"href":"https:\/\/www.tribur.de\/blog\/wp-json\/wp\/v2\/users\/2"}],"replies":[{"embeddable":true,"href":"https:\/\/www.tribur.de\/blog\/wp-json\/wp\/v2\/comments?post=3069"}],"version-history":[{"count":6,"href":"https:\/\/www.tribur.de\/blog\/wp-json\/wp\/v2\/posts\/3069\/revisions"}],"predecessor-version":[{"id":3084,"href":"https:\/\/www.tribur.de\/blog\/wp-json\/wp\/v2\/posts\/3069\/revisions\/3084"}],"wp:attachment":[{"href":"https:\/\/www.tribur.de\/blog\/wp-json\/wp\/v2\/media?parent=3069"}],"wp:term":[{"taxonomy":"category","embeddable":true,"href":"https:\/\/www.tribur.de\/blog\/wp-json\/wp\/v2\/categories?post=3069"},{"taxonomy":"post_tag","embeddable":true,"href":"https:\/\/www.tribur.de\/blog\/wp-json\/wp\/v2\/tags?post=3069"}],"curies":[{"name":"wp","href":"https:\/\/api.w.org\/{rel}","templated":true}]}}