{"id":29814,"date":"2020-09-23T18:09:10","date_gmt":"2020-09-23T17:09:10","guid":{"rendered":"http:\/\/www.tribur.de\/blog\/?p=29814"},"modified":"2020-09-23T18:10:34","modified_gmt":"2020-09-23T17:10:34","slug":"die-hochzeit-heinrichs-iv-in-tribur","status":"publish","type":"post","link":"https:\/\/www.tribur.de\/blog\/2020\/09\/23\/die-hochzeit-heinrichs-iv-in-tribur\/","title":{"rendered":"Die Hochzeit Heinrichs IV. in Tribur"},"content":{"rendered":"\n<p>Das Jahr 1066 wird ein aufregendes Jahr f\u00fcr Europa, das Heilige R\u00f6mische Reich und f\u00fcr Heinrich IV. 1065 hatte Heinrich mit der Schwertleite die M\u00fcndigkeit erreicht und wenn man den Chronisten glaubte sorgte er auch prompt schon f\u00fcr den ersten Skandal als er Anno II. von K\u00f6ln das Messer an den Hals hielt.<\/p>\n\n\n\n<p>Januar 1066 dann kommt es in Tribur zu einer Machtdemonstration des Klosters Lorsch die sich gewaschen hat (<a href=\"https:\/\/www.tribur.de\/blog\/2012\/10\/02\/aufenthalt-im-januar-1066-machtdemonstration\/\" target=\"_blank\" rel=\"noreferrer noopener\">Link<\/a>) und die dazu f\u00fchrt das Heinrich seinen Vertrauten Adalbert von Bremen des Hofs verweisen muss. Nachdem Heinrich am 16. April  Ostern in \u00dctrecht feiert, wei\u00df man schon das etwas passieren wird, den ein Komet zeigt sich am Himmel.  Als sich Heinrich IV. dann Mitte Mai in Fritzlar aufh\u00e4lt erkrankt er lebensgef\u00e4hrlich, so zumindest Lambert von Hersfeld. Vielleicht war es diese Erkrankung die dazu f\u00fchrt das Heinrich beschlie\u00dft zur heiraten, vielleicht aber war es auch seine Mutter Agnes von Poitou, die entsprechenden Druck auf ihn aus\u00fcbt. Der Chronist Bruno ist der Meinung Heinrich habe nur widerwillig, auf Druck der F\u00fcrsten, die Ehe geschlossen.<sup id=\"rf1-29814\"><a href=\"#fn1-29814\" title=\" T. Struve, War Heinrich IV ein W\u00fcstling?, S.275 \" rel=\"footnote\">1<\/a><\/sup><\/p>\n\n\n\n<p>Die Idee einer Heirat ist aber nicht wirklich spontan, denn sie wurde von langer Hand, noch von Heinrich III. geplant und in die Wege geleitet.  1055 hatte er einen Italienfeldzug gegen Gottfried den B\u00e4rtigen geleitet und erfolgreich abgeschlossenen und als er im November in die Heimat zur\u00fcckkehrt, hat er die 4 j\u00e4hrige Bertha von Tuszien, auch von Savoyen genannt, im Gep\u00e4ck. <\/p>\n\n\n\n<p>Mit ihrem Vater muss Heinrich III. schon in Verhandlung \u00fcber Brautschatz und Mitgift getreten sein als er in Italien war und so den mehrstufigen Prozess einer Hochzeit des 5 j\u00e4hrigen Sohnes in die Wege geleitet. Am 25. Dezember 1055 werden Bertha und Heinrich dann offiziell verlobt. W\u00e4hrend Bertha nun am Hofe der Salier erzogen wird zeigen sich Heinrich IV und Bertha immer wieder gemeinsam in der \u00d6ffentlichkeit.<\/p>\n\n\n\n<p>1066 nach der gemeinsamen Konsenserkl\u00e4rung, die wahrscheinlich ebenfalls 1066 stattfand aber nicht \u00fcberliefert ist, konnten nun die Vorbereitungen f\u00fcr die n\u00e4chsten Schritte der Hochzeit erfolgen.  Die Kr\u00f6nung der Braut. Die Braut separat zu kr\u00f6nen hatte sich vor nicht langer durch Zufall eingeb\u00fcrgert. Als Konrad II zum K\u00f6nig gew\u00e4hlt wurde, hatte man sich geweigert auch seine Frau Gisela auf Grund von nicht genannten Ger\u00fcchten in Mainz zu Kr\u00f6nen. Es war aber wohl nicht die fr\u00fcher vermutete zu enge Verwandtschaft von Konrad und Gisela.<sup id=\"rf2-29814\"><a href=\"#fn2-29814\" title=\" F\u00f6\u00dfel, Die K\u00f6nigin im mittelalterlichen Reich S23 \" rel=\"footnote\">2<\/a><\/sup> Bischof Pilgrim von K\u00f6ln f\u00fchrte dann im Anschluss die Kr\u00f6nung in K\u00f6ln durch, womit sich einb\u00fcrgerte die Kr\u00f6nungen im Wechsel von Mainz und K\u00f6ln durchzuf\u00fchren.  Da Heinrich III. bei seiner Hochzeit mit Agnes von Poitou bereits K\u00f6nig war wurde auch Agnes vor der Hochzeit gekr\u00f6nt. <\/p>\n\n\n\n<p>Das die Braut nun vor der Hochzeit gekr\u00f6nt wurde ist wohl am ehesten mit dem Verst\u00e4ndnis der<em> consors regni, <\/em>der gleichberechtigten Herrscherin, zu Begr\u00fcnden. Damit beide Ehepartner gleich sind mussten beide auch vor der Eheschlie\u00dfung den gleichen Status haben, also im Rang des K\u00f6nigs\/K\u00f6nigin gleich sein. <\/p>\n\n\n\n<p>Die Kr\u00f6nung Berthas fand nun am 29.Juni, dem Peter und Pauls Tag,  1066 in W\u00fcrzburg statt. Nicht in Mainz oder K\u00f6ln! Warum dies geschah ist nicht klar. Es wurde \u00fcberlegt ob dies ein Vorzeichen gewesen sein k\u00f6nnte f\u00fcr den Konflikt zwischen Heinrich und Bertha, wof\u00fcr es aber sonst keine Hinweise gibt. Vielleicht war auch nur der vom 1045 verstorbenen Bischof Bruno von W\u00fcrzburg, einem  Mitglied der salischen Familie, 1040 neu begonnen Dombau der Grund. <\/p>\n\n\n\n<p>W\u00e4hrend man nun an der normannischen K\u00fcste ein Herzog eiligst eine Flotte zusammen zimmern lies und auf besseres Wetter wartete um in den Krieg zu ziehen, begannen in Trebur die Vorbereitung f\u00fcr die <em>nuptiae<\/em>, der eigentlichen Hochzeit. Diese stellt offiziell das Ende des Heiratsprozesses dar, der 1055 mit der Verlobung  begonnen hatte. Wie sich sp\u00e4ter zeigen wird gibt es aber einen, wenn auch inoffiziellen, weiteren Schritt.<\/p>\n\n\n\n<p>Die Quellen \u00fcber die eigentliche Hochzeit in Trebur sind doch eher \u00fcbersichtlich. Berthold von Reichenau vermerkt nur &#8222;Verm\u00e4hlung des K\u00f6nigs Heinrich zu Tribur.&#8220; Lambert von Hersfeld schreibt ein bisschen mehr: &#8222;Und bald nachher (nach Pfingsten)  hielt er in Trebur mit k\u00f6niglicher Pracht Hochzeit und verband sich ehelich mit K\u00f6nigin Bertha, der Tochter des Markgrafen Otto von Italien&#8220;. Die Annalen von Altaich berichten \u00e4hnlich, bauen nur einen \u00f6rtlichen Fehler ein: &#8222;(&#8230;) und nahm sie alsbald nach der mit k\u00f6niglicher Pracht zu Ingelheim (sic!) gefeierten Hochzeit, wie es sich geh\u00f6rt, als Genossin der Herrschaft zu sich&#8220;.<\/p>\n\n\n\n<p>Warum wissen wir nur so wenig und doch stellt sich die Frage was wir unter &#8222;k\u00f6niglichen Pracht&#8220; zu verstehen haben?<\/p>\n\n\n\n<p>Ersteres ist recht einfach.  Auch wenn eine k\u00f6nigliche Hochzeit nicht allzu h\u00e4ufig vorkam, so war es die Hochzeit doch ein Alltagsfest, es bestand nur in expliziten Ausnahmef\u00e4llen die Notwendigkeit etwas zu notieren. Zudem wurde die Verlobung h\u00f6her eingesch\u00e4tzt.  Und genau das f\u00fchrt uns zu punkt Zwei! Denn Heinrich III. hatte bei seiner Hochzeitsfeier etwas getan, was zwar seinem Naturell entsprach, aber eben nicht der Norm. <\/p>\n\n\n\n<p>Heinrich III. verwehrte Musikanten und Gauklern den Zugang zu seiner Hochzeit und verk\u00f6stigte sie auch nicht, wie es wohl Brauch gewesen w\u00e4re, so einige Chronisten. Da Heinrich IV. aber wohl an die \u00fcblichen Sitten hielt, muss man davon ausgehen das entsprechende Gaukler und Co. in Trebur anwesend waren.<\/p>\n\n\n\n<p>Eine weitere Inforamtion die wir in Sachen Hochzeitsfeier in Trebur erhalten findet sich in einer etwas \u00e4lteren Literatur. Der in Sachen Festkr\u00f6nungen immer noch aktuelle Hans- Walter Klewitz (+1943) schrieb in &#8222;Festkr\u00f6nungen der deutschen K\u00f6nige&#8220;<sup id=\"rf3-29814\"><a href=\"#fn3-29814\" title=\" Klewitz, Festkr\u00f6nungen der deutschen K\u00f6nige, S63 \" rel=\"footnote\">3<\/a><\/sup> : &#8222;Au\u00dferdem scheint es \u00fcblich gewesen zu sein, da\u00df das K\u00f6nigspaar bei der Hochzeitsfeier, die \u00fcblicherweise der Kr\u00f6nung der K\u00f6nigin vorangegangen war (Anmerkung: Wenn der K\u00f6nig nicht eben schon in Amt und W\u00fcrden war wie bei Heinrich III und IV), die Krone trug. Wenigstens deutet es darauf, wenn sich in den Quellen h\u00e4ufiger der Ausdruck regius apparatus dabei verwendet findet, wof\u00fcr sich folgende Belege zusammenstellen lassen (&#8230;) 1066, Hochzeit Heinrichs IV. mit Berta bei Lambert ed. Holder-Egge r p. 103: . . . nuptias . . . regio apparat u celebravit&#8220;<\/p>\n\n\n\n<p>Die Textstelle die Klewitz hier zitiert, wird in meinen \u00dcbersetzungen meist mit &#8222;k\u00f6niglicher Pracht&#8220; \u00fcbersetzt. Aber was ist nun diese Festkr\u00f6nung, bzw. das &#8222;unter der Krone gehen&#8220; wie es auch genannt wird?<\/p>\n\n\n\n<div class=\"wp-block-image\"><figure class=\"alignleft size-large is-resized\"><img data-recalc-dims=\"1\" loading=\"lazy\" decoding=\"async\" src=\"https:\/\/i0.wp.com\/www.tribur.de\/blog\/wp-content\/uploads\/2020\/09\/HeinrichunterKrone.jpg?resize=300%2C431&#038;ssl=1\" alt=\"\" class=\"wp-image-29854\" width=\"300\" height=\"431\" srcset=\"https:\/\/i0.wp.com\/www.tribur.de\/blog\/wp-content\/uploads\/2020\/09\/HeinrichunterKrone.jpg?w=600&amp;ssl=1 600w, https:\/\/i0.wp.com\/www.tribur.de\/blog\/wp-content\/uploads\/2020\/09\/HeinrichunterKrone.jpg?resize=209%2C300&amp;ssl=1 209w\" sizes=\"auto, (max-width: 300px) 100vw, 300px\" \/><figcaption>Heinrich III beim &#8222;Gehen unter der Krone&#8220; &#8211; Perikopenbuch Heinrichs III<\/figcaption><\/figure><\/div>\n\n\n\n<p>Vereinfacht hei\u00dft es der K\u00f6nig zeigt sich mit der Krone auf dem Haupt dem Volk. Tats\u00e4chlich steckt aber viel mehr dahinter. Der ganze Vorgang ben\u00f6tigte zwei nah beieinander liegende Kirchen. In der ersten, meist die kleinere z.B. eine Kapelle wird der K\u00f6nig symbolisch noch einmal gekr\u00f6nt. Die eigentlich Festkr\u00f6nung. Das bedeutete auch das er die restlichen Throninsignien angelegt bekam. Zepter und Reichsapfel, spezielle Kleidung usw. Wobei man beachten sollte das es einen Gro\u00dfteil der heute in der Wiener Hofburg verwahrten Reichskleinodien noch nicht gab. Nun verl\u00e4sst er die Kirche im vollen Ornat, einer der Gro\u00dfen des Reiches als Schwertr\u00e4ger vorneweg und zeigt sich so kurz der \u00d6ffentlichkeit um dann wieder in die nahe Hauptkirche zu entschwinden. Dies ist das &#8222;Gehen unter der Krone&#8220;.  Eine Abbildung eines solchen Vorgangs gibt es im Perikopenbuch Heinrichs III (Abb. links), dabei tr\u00e4gt Heinrich III  die Krone, einen goldenen Mantel, sowie Adlerzepter und Reichsapfel, Sporen und wahrscheinlich auch spezielle Pontifikalstr\u00fcmpfe und wird dabei von zwei Bisch\u00f6fen gef\u00fchrt, links daneben der Schwerttr\u00e4ger mit dem Rest der Prozession.<\/p>\n\n\n\n<p>Man muss sich das Ganze vielleicht ein bisschen so wie bei der britische Parlamentser\u00f6ffnung vorstellen, bei der die Queen in einem speziellen Zimmer, dem Robing Room, angekleidet wird, und mit Hermelinmantel und Krone durch die Royal Gallery mit geladenen G\u00e4sten schreitet um dann die eigentliche Parlamentser\u00f6ffnung durchzuf\u00fchren. Das Ganze stammt \u00fcbrigens tats\u00e4chlich von den Festkr\u00f6nungen ab. <\/p>\n\n\n\n<p>Was an der Hochzeit weiterhin in Trebur geschah, wissen wir, getreu dem Motto &#8222;What happens in Trebur, stays in Trebur&#8220; , nicht. Einzige weitere Information ist, dass Heinrich am 13. Juli eine Urkunde ausstellt in der Bertha als seine Gemahlin genannt wird.  <\/p>\n\n\n\n<p>Aber Lambert von Hersfeld, eigentlich ein Gegner Heinrichs, wei\u00df \u00fcber das Jahr 1069 und die Trennungsversuche Heinrichs zu berichten, ganz \u00e4hnlich dem Mainzer Bischof Siegfried, dass Heinrich aussagte das er die Ehe mit Bertha nicht vollzogen habe und somit sei, zumindest nach einem Dekret des seit \u00fcber 550 Jahre verstorbenen Papst Leos des Gro\u00dfen, die Ehe nicht rechtskr\u00e4ftigt. Dieses Dektet z\u00e4hlte zu den n\u00f6tigen Schritten Verlobung (<em>Iegitima sponsalia<\/em>), die Vergabe des Dos\/ Wittums (<em>coniugalis dos<\/em>) und \u00f6ffentliche Verm\u00e4hlung (<em>publicae nuptiae<\/em>), auch final die <em>commixtio sexuum<\/em>, dem Vollzug der Ehe. Es soll sogar von Bertha best\u00e4tigt worden sein, das die Ehe nicht vollzogen wurde.<sup id=\"rf4-29814\"><a href=\"#fn4-29814\" title=\" T. Struve, War Heinrich IV. ein W\u00fcstling S.285 \" rel=\"footnote\">4<\/a><\/sup> Letztendlich half es Heinrich nicht und im n\u00e4chsten Jahr war dann Betha auch prompt schwanger. <\/p>\n\n\n\n<p><strong>   Fazit:<\/strong> Vor fast 10 Jahren schrieb ich nach einem Gespr\u00e4ch mit Holger Grewe MA von der Forschungstelle Kaiserpfalz Ingelheim diesen Artikel: <a rel=\"noreferrer noopener\" href=\"https:\/\/www.tribur.de\/blog\/2010\/12\/09\/marienkapelle-laurentuiskirche-festkronung\/\" target=\"_blank\">Marienkapelle + Laurentuiskirche = Festkr\u00f6nung ?<\/a> Zu diesem Zeitpunkt fehlten mir aber entsprechende Belege um mindestens einer Festkr\u00f6nung dingfest zu machen. Dies ist mir nun gelungen. Gleichzeitig bedeutet es auch, das ich dem Sinn der Treburer Marienkapelle einen Schritt n\u00e4her gekommen bin. F\u00fcr die Zukunft muss ich mir noch einmal die Quellen der Chronisten im Original zu Gem\u00fcte f\u00fchren um zu kl\u00e4ren ob bei anderen Ereignissen, wie etwa der Wahl Heinrichs IV zum Nachfolger im Amt des K\u00f6nigs in Trebur 1053, eine \u00e4hnliche Wortwahl verwendung findet wie bei der Hochzeit Heinrichs.<\/p>\n\n\n\n<p>Zudem muss ich die Besuche in Trebur gegen die Besuche in Ingelheim auftragen, denn obwohl dies in diesem Artikel nicht zur Sprache kommt, ist die Hochzeit Heinrichs III das letzte Fest das in Ingelheim gefeiert wird. Ich gehe davon aus das in dem Ma\u00dfe wie die Besuche in Ingelheim abnehmen, so nehmen auch die Besuche in Trebur zu. Auch dies k\u00f6nnte ein Hinweis auf die Marienkapelle ergeben oder die Verh\u00e4ltnisse im Rhein-Main-Gebiet.<\/p>\n\n\n\n<p> <\/p>\n<hr class=\"footnotes\"><ol class=\"footnotes\" style=\"list-style-type:decimal\"><li id=\"fn1-29814\"><p > T. Struve, War Heinrich IV ein W\u00fcstling?, S.275 &nbsp;<a href=\"#rf1-29814\" class=\"backlink\" title=\"Return to footnote 1.\">&#8617;<\/a><\/p><\/li><li id=\"fn2-29814\"><p > F\u00f6\u00dfel, Die K\u00f6nigin im mittelalterlichen Reich S23 &nbsp;<a href=\"#rf2-29814\" class=\"backlink\" title=\"Return to footnote 2.\">&#8617;<\/a><\/p><\/li><li id=\"fn3-29814\"><p > Klewitz, Festkr\u00f6nungen der deutschen K\u00f6nige, S63 &nbsp;<a href=\"#rf3-29814\" class=\"backlink\" title=\"Return to footnote 3.\">&#8617;<\/a><\/p><\/li><li id=\"fn4-29814\"><p > T. Struve, War Heinrich IV. ein W\u00fcstling S.285 &nbsp;<a href=\"#rf4-29814\" class=\"backlink\" title=\"Return to footnote 4.\">&#8617;<\/a><\/p><\/li><\/ol>","protected":false},"excerpt":{"rendered":"<p>Das Jahr 1066 wird ein aufregendes Jahr f\u00fcr Europa, das Heilige R\u00f6mische Reich und f\u00fcr Heinrich IV. 1065 hatte Heinrich mit der Schwertleite die M\u00fcndigkeit erreicht und wenn man den Chronisten glaubte sorgte er&#46;&#46;&#46;<\/p>\n","protected":false},"author":2,"featured_media":28940,"comment_status":"open","ping_status":"open","sticky":false,"template":"","format":"standard","meta":{"jetpack_post_was_ever_published":false,"_jetpack_newsletter_access":"","_jetpack_dont_email_post_to_subs":false,"_jetpack_newsletter_tier_id":0,"_jetpack_memberships_contains_paywalled_content":false,"_jetpack_memberships_contains_paid_content":false,"footnotes":"","jetpack_publicize_message":"","jetpack_publicize_feature_enabled":true,"jetpack_social_post_already_shared":true,"jetpack_social_options":{"image_generator_settings":{"template":"highway","default_image_id":0,"font":"","enabled":false},"version":2}},"categories":[1],"tags":[88,35,49,47,16],"class_list":["post-29814","post","type-post","status-publish","format-standard","has-post-thumbnail","hentry","category-geschichte","tag-festkroenung","tag-pfalz","tag-recherche","tag-salisch","tag-trebur"],"yoast_head":"<!-- This site is optimized with the Yoast SEO plugin v27.5 - https:\/\/yoast.com\/product\/yoast-seo-wordpress\/ -->\n<title>Die Hochzeit Heinrichs IV. in Tribur - Tribur.de<\/title>\n<meta name=\"robots\" content=\"index, follow, max-snippet:-1, max-image-preview:large, max-video-preview:-1\" \/>\n<link rel=\"canonical\" href=\"https:\/\/www.tribur.de\/blog\/2020\/09\/23\/die-hochzeit-heinrichs-iv-in-tribur\/\" \/>\n<meta property=\"og:locale\" content=\"de_DE\" \/>\n<meta property=\"og:type\" content=\"article\" \/>\n<meta property=\"og:title\" content=\"Die Hochzeit Heinrichs IV. in Tribur - Tribur.de\" \/>\n<meta property=\"og:description\" content=\"Das Jahr 1066 wird ein aufregendes Jahr f\u00fcr Europa, das Heilige R\u00f6mische Reich und f\u00fcr Heinrich IV. 1065 hatte Heinrich mit der Schwertleite die M\u00fcndigkeit erreicht und wenn man den Chronisten glaubte sorgte er&#046;&#046;&#046;\" \/>\n<meta property=\"og:url\" content=\"https:\/\/www.tribur.de\/blog\/2020\/09\/23\/die-hochzeit-heinrichs-iv-in-tribur\/\" \/>\n<meta property=\"og:site_name\" content=\"Tribur.de\" \/>\n<meta property=\"article:publisher\" content=\"http:\/\/www.facebook.com\/pages\/Triburde\/184352328288771\" \/>\n<meta property=\"article:author\" content=\"http:\/\/www.facebook.com\/pages\/Triburde\/184352328288771\" \/>\n<meta property=\"article:published_time\" content=\"2020-09-23T17:09:10+00:00\" \/>\n<meta property=\"article:modified_time\" content=\"2020-09-23T17:10:34+00:00\" \/>\n<meta property=\"og:image\" content=\"https:\/\/i0.wp.com\/www.tribur.de\/blog\/wp-content\/uploads\/2017\/11\/ScreenSalier1.jpg?fit=800%2C264&ssl=1\" \/>\n\t<meta property=\"og:image:width\" content=\"800\" \/>\n\t<meta property=\"og:image:height\" content=\"264\" \/>\n\t<meta property=\"og:image:type\" content=\"image\/jpeg\" \/>\n<meta name=\"author\" content=\"Markus Zwittmeier\" \/>\n<meta name=\"twitter:card\" content=\"summary_large_image\" \/>\n<meta name=\"twitter:creator\" content=\"@https:\/\/twitter.com\/tribur\" \/>\n<meta name=\"twitter:site\" content=\"@tribur\" \/>\n<meta name=\"twitter:label1\" content=\"Verfasst von\" \/>\n\t<meta name=\"twitter:data1\" content=\"Markus Zwittmeier\" \/>\n\t<meta name=\"twitter:label2\" content=\"Gesch\u00e4tzte Lesezeit\" \/>\n\t<meta name=\"twitter:data2\" content=\"9\u00a0Minuten\" \/>\n<script type=\"application\/ld+json\" class=\"yoast-schema-graph\">{\"@context\":\"https:\\\/\\\/schema.org\",\"@graph\":[{\"@type\":\"Article\",\"@id\":\"https:\\\/\\\/www.tribur.de\\\/blog\\\/2020\\\/09\\\/23\\\/die-hochzeit-heinrichs-iv-in-tribur\\\/#article\",\"isPartOf\":{\"@id\":\"https:\\\/\\\/www.tribur.de\\\/blog\\\/2020\\\/09\\\/23\\\/die-hochzeit-heinrichs-iv-in-tribur\\\/\"},\"author\":{\"name\":\"Markus Zwittmeier\",\"@id\":\"https:\\\/\\\/www.tribur.de\\\/blog\\\/#\\\/schema\\\/person\\\/3119997f09f43791809c2d1af27bba6c\"},\"headline\":\"Die Hochzeit Heinrichs IV. in Tribur\",\"datePublished\":\"2020-09-23T17:09:10+00:00\",\"dateModified\":\"2020-09-23T17:10:34+00:00\",\"mainEntityOfPage\":{\"@id\":\"https:\\\/\\\/www.tribur.de\\\/blog\\\/2020\\\/09\\\/23\\\/die-hochzeit-heinrichs-iv-in-tribur\\\/\"},\"wordCount\":1714,\"commentCount\":0,\"publisher\":{\"@id\":\"https:\\\/\\\/www.tribur.de\\\/blog\\\/#\\\/schema\\\/person\\\/3119997f09f43791809c2d1af27bba6c\"},\"image\":{\"@id\":\"https:\\\/\\\/www.tribur.de\\\/blog\\\/2020\\\/09\\\/23\\\/die-hochzeit-heinrichs-iv-in-tribur\\\/#primaryimage\"},\"thumbnailUrl\":\"https:\\\/\\\/i0.wp.com\\\/www.tribur.de\\\/blog\\\/wp-content\\\/uploads\\\/2017\\\/11\\\/ScreenSalier1.jpg?fit=800%2C264&ssl=1\",\"keywords\":[\"Festkr\u00f6nung\",\"Pfalz\",\"Recherche\",\"salisch\",\"Trebur\\\/Tribur\"],\"articleSection\":[\"Geschichte\"],\"inLanguage\":\"de\",\"potentialAction\":[{\"@type\":\"CommentAction\",\"name\":\"Comment\",\"target\":[\"https:\\\/\\\/www.tribur.de\\\/blog\\\/2020\\\/09\\\/23\\\/die-hochzeit-heinrichs-iv-in-tribur\\\/#respond\"]}]},{\"@type\":\"WebPage\",\"@id\":\"https:\\\/\\\/www.tribur.de\\\/blog\\\/2020\\\/09\\\/23\\\/die-hochzeit-heinrichs-iv-in-tribur\\\/\",\"url\":\"https:\\\/\\\/www.tribur.de\\\/blog\\\/2020\\\/09\\\/23\\\/die-hochzeit-heinrichs-iv-in-tribur\\\/\",\"name\":\"Die Hochzeit Heinrichs IV. in Tribur - Tribur.de\",\"isPartOf\":{\"@id\":\"https:\\\/\\\/www.tribur.de\\\/blog\\\/#website\"},\"primaryImageOfPage\":{\"@id\":\"https:\\\/\\\/www.tribur.de\\\/blog\\\/2020\\\/09\\\/23\\\/die-hochzeit-heinrichs-iv-in-tribur\\\/#primaryimage\"},\"image\":{\"@id\":\"https:\\\/\\\/www.tribur.de\\\/blog\\\/2020\\\/09\\\/23\\\/die-hochzeit-heinrichs-iv-in-tribur\\\/#primaryimage\"},\"thumbnailUrl\":\"https:\\\/\\\/i0.wp.com\\\/www.tribur.de\\\/blog\\\/wp-content\\\/uploads\\\/2017\\\/11\\\/ScreenSalier1.jpg?fit=800%2C264&ssl=1\",\"datePublished\":\"2020-09-23T17:09:10+00:00\",\"dateModified\":\"2020-09-23T17:10:34+00:00\",\"breadcrumb\":{\"@id\":\"https:\\\/\\\/www.tribur.de\\\/blog\\\/2020\\\/09\\\/23\\\/die-hochzeit-heinrichs-iv-in-tribur\\\/#breadcrumb\"},\"inLanguage\":\"de\",\"potentialAction\":[{\"@type\":\"ReadAction\",\"target\":[\"https:\\\/\\\/www.tribur.de\\\/blog\\\/2020\\\/09\\\/23\\\/die-hochzeit-heinrichs-iv-in-tribur\\\/\"]}]},{\"@type\":\"ImageObject\",\"inLanguage\":\"de\",\"@id\":\"https:\\\/\\\/www.tribur.de\\\/blog\\\/2020\\\/09\\\/23\\\/die-hochzeit-heinrichs-iv-in-tribur\\\/#primaryimage\",\"url\":\"https:\\\/\\\/i0.wp.com\\\/www.tribur.de\\\/blog\\\/wp-content\\\/uploads\\\/2017\\\/11\\\/ScreenSalier1.jpg?fit=800%2C264&ssl=1\",\"contentUrl\":\"https:\\\/\\\/i0.wp.com\\\/www.tribur.de\\\/blog\\\/wp-content\\\/uploads\\\/2017\\\/11\\\/ScreenSalier1.jpg?fit=800%2C264&ssl=1\",\"width\":800,\"height\":264},{\"@type\":\"BreadcrumbList\",\"@id\":\"https:\\\/\\\/www.tribur.de\\\/blog\\\/2020\\\/09\\\/23\\\/die-hochzeit-heinrichs-iv-in-tribur\\\/#breadcrumb\",\"itemListElement\":[{\"@type\":\"ListItem\",\"position\":1,\"name\":\"Home\",\"item\":\"https:\\\/\\\/www.tribur.de\\\/blog\\\/\"},{\"@type\":\"ListItem\",\"position\":2,\"name\":\"Die Hochzeit Heinrichs IV. in Tribur\"}]},{\"@type\":\"WebSite\",\"@id\":\"https:\\\/\\\/www.tribur.de\\\/blog\\\/#website\",\"url\":\"https:\\\/\\\/www.tribur.de\\\/blog\\\/\",\"name\":\"Tribur.de\",\"description\":\"Tribur.de - Geschichte und so Zeugs\",\"publisher\":{\"@id\":\"https:\\\/\\\/www.tribur.de\\\/blog\\\/#\\\/schema\\\/person\\\/3119997f09f43791809c2d1af27bba6c\"},\"potentialAction\":[{\"@type\":\"SearchAction\",\"target\":{\"@type\":\"EntryPoint\",\"urlTemplate\":\"https:\\\/\\\/www.tribur.de\\\/blog\\\/?s={search_term_string}\"},\"query-input\":{\"@type\":\"PropertyValueSpecification\",\"valueRequired\":true,\"valueName\":\"search_term_string\"}}],\"inLanguage\":\"de\"},{\"@type\":[\"Person\",\"Organization\"],\"@id\":\"https:\\\/\\\/www.tribur.de\\\/blog\\\/#\\\/schema\\\/person\\\/3119997f09f43791809c2d1af27bba6c\",\"name\":\"Markus Zwittmeier\",\"image\":{\"@type\":\"ImageObject\",\"inLanguage\":\"de\",\"@id\":\"https:\\\/\\\/i0.wp.com\\\/www.tribur.de\\\/blog\\\/wp-content\\\/uploads\\\/2018\\\/09\\\/cropped-logotest-4.jpg?fit=200%2C200&ssl=1\",\"url\":\"https:\\\/\\\/i0.wp.com\\\/www.tribur.de\\\/blog\\\/wp-content\\\/uploads\\\/2018\\\/09\\\/cropped-logotest-4.jpg?fit=200%2C200&ssl=1\",\"contentUrl\":\"https:\\\/\\\/i0.wp.com\\\/www.tribur.de\\\/blog\\\/wp-content\\\/uploads\\\/2018\\\/09\\\/cropped-logotest-4.jpg?fit=200%2C200&ssl=1\",\"width\":200,\"height\":200,\"caption\":\"Markus Zwittmeier\"},\"logo\":{\"@id\":\"https:\\\/\\\/i0.wp.com\\\/www.tribur.de\\\/blog\\\/wp-content\\\/uploads\\\/2018\\\/09\\\/cropped-logotest-4.jpg?fit=200%2C200&ssl=1\"},\"sameAs\":[\"http:\\\/\\\/www.Tribur.de\",\"http:\\\/\\\/www.facebook.com\\\/pages\\\/Triburde\\\/184352328288771\",\"https:\\\/\\\/www.instagram.com\\\/tribur.de\\\/\",\"https:\\\/\\\/x.com\\\/https:\\\/\\\/twitter.com\\\/tribur\",\"https:\\\/\\\/www.youtube.com\\\/channel\\\/UCnEonou-x6_P4XPjBk2htCA\"],\"url\":\"https:\\\/\\\/www.tribur.de\\\/blog\\\/author\\\/markus\\\/\"}]}<\/script>\n<!-- \/ Yoast SEO plugin. -->","yoast_head_json":{"title":"Die Hochzeit Heinrichs IV. in Tribur - Tribur.de","robots":{"index":"index","follow":"follow","max-snippet":"max-snippet:-1","max-image-preview":"max-image-preview:large","max-video-preview":"max-video-preview:-1"},"canonical":"https:\/\/www.tribur.de\/blog\/2020\/09\/23\/die-hochzeit-heinrichs-iv-in-tribur\/","og_locale":"de_DE","og_type":"article","og_title":"Die Hochzeit Heinrichs IV. in Tribur - Tribur.de","og_description":"Das Jahr 1066 wird ein aufregendes Jahr f\u00fcr Europa, das Heilige R\u00f6mische Reich und f\u00fcr Heinrich IV. 1065 hatte Heinrich mit der Schwertleite die M\u00fcndigkeit erreicht und wenn man den Chronisten glaubte sorgte er&#46;&#46;&#46;","og_url":"https:\/\/www.tribur.de\/blog\/2020\/09\/23\/die-hochzeit-heinrichs-iv-in-tribur\/","og_site_name":"Tribur.de","article_publisher":"http:\/\/www.facebook.com\/pages\/Triburde\/184352328288771","article_author":"http:\/\/www.facebook.com\/pages\/Triburde\/184352328288771","article_published_time":"2020-09-23T17:09:10+00:00","article_modified_time":"2020-09-23T17:10:34+00:00","og_image":[{"width":800,"height":264,"url":"https:\/\/i0.wp.com\/www.tribur.de\/blog\/wp-content\/uploads\/2017\/11\/ScreenSalier1.jpg?fit=800%2C264&ssl=1","type":"image\/jpeg"}],"author":"Markus Zwittmeier","twitter_card":"summary_large_image","twitter_creator":"@https:\/\/twitter.com\/tribur","twitter_site":"@tribur","twitter_misc":{"Verfasst von":"Markus Zwittmeier","Gesch\u00e4tzte Lesezeit":"9\u00a0Minuten"},"schema":{"@context":"https:\/\/schema.org","@graph":[{"@type":"Article","@id":"https:\/\/www.tribur.de\/blog\/2020\/09\/23\/die-hochzeit-heinrichs-iv-in-tribur\/#article","isPartOf":{"@id":"https:\/\/www.tribur.de\/blog\/2020\/09\/23\/die-hochzeit-heinrichs-iv-in-tribur\/"},"author":{"name":"Markus Zwittmeier","@id":"https:\/\/www.tribur.de\/blog\/#\/schema\/person\/3119997f09f43791809c2d1af27bba6c"},"headline":"Die Hochzeit Heinrichs IV. in Tribur","datePublished":"2020-09-23T17:09:10+00:00","dateModified":"2020-09-23T17:10:34+00:00","mainEntityOfPage":{"@id":"https:\/\/www.tribur.de\/blog\/2020\/09\/23\/die-hochzeit-heinrichs-iv-in-tribur\/"},"wordCount":1714,"commentCount":0,"publisher":{"@id":"https:\/\/www.tribur.de\/blog\/#\/schema\/person\/3119997f09f43791809c2d1af27bba6c"},"image":{"@id":"https:\/\/www.tribur.de\/blog\/2020\/09\/23\/die-hochzeit-heinrichs-iv-in-tribur\/#primaryimage"},"thumbnailUrl":"https:\/\/i0.wp.com\/www.tribur.de\/blog\/wp-content\/uploads\/2017\/11\/ScreenSalier1.jpg?fit=800%2C264&ssl=1","keywords":["Festkr\u00f6nung","Pfalz","Recherche","salisch","Trebur\/Tribur"],"articleSection":["Geschichte"],"inLanguage":"de","potentialAction":[{"@type":"CommentAction","name":"Comment","target":["https:\/\/www.tribur.de\/blog\/2020\/09\/23\/die-hochzeit-heinrichs-iv-in-tribur\/#respond"]}]},{"@type":"WebPage","@id":"https:\/\/www.tribur.de\/blog\/2020\/09\/23\/die-hochzeit-heinrichs-iv-in-tribur\/","url":"https:\/\/www.tribur.de\/blog\/2020\/09\/23\/die-hochzeit-heinrichs-iv-in-tribur\/","name":"Die Hochzeit Heinrichs IV. in Tribur - Tribur.de","isPartOf":{"@id":"https:\/\/www.tribur.de\/blog\/#website"},"primaryImageOfPage":{"@id":"https:\/\/www.tribur.de\/blog\/2020\/09\/23\/die-hochzeit-heinrichs-iv-in-tribur\/#primaryimage"},"image":{"@id":"https:\/\/www.tribur.de\/blog\/2020\/09\/23\/die-hochzeit-heinrichs-iv-in-tribur\/#primaryimage"},"thumbnailUrl":"https:\/\/i0.wp.com\/www.tribur.de\/blog\/wp-content\/uploads\/2017\/11\/ScreenSalier1.jpg?fit=800%2C264&ssl=1","datePublished":"2020-09-23T17:09:10+00:00","dateModified":"2020-09-23T17:10:34+00:00","breadcrumb":{"@id":"https:\/\/www.tribur.de\/blog\/2020\/09\/23\/die-hochzeit-heinrichs-iv-in-tribur\/#breadcrumb"},"inLanguage":"de","potentialAction":[{"@type":"ReadAction","target":["https:\/\/www.tribur.de\/blog\/2020\/09\/23\/die-hochzeit-heinrichs-iv-in-tribur\/"]}]},{"@type":"ImageObject","inLanguage":"de","@id":"https:\/\/www.tribur.de\/blog\/2020\/09\/23\/die-hochzeit-heinrichs-iv-in-tribur\/#primaryimage","url":"https:\/\/i0.wp.com\/www.tribur.de\/blog\/wp-content\/uploads\/2017\/11\/ScreenSalier1.jpg?fit=800%2C264&ssl=1","contentUrl":"https:\/\/i0.wp.com\/www.tribur.de\/blog\/wp-content\/uploads\/2017\/11\/ScreenSalier1.jpg?fit=800%2C264&ssl=1","width":800,"height":264},{"@type":"BreadcrumbList","@id":"https:\/\/www.tribur.de\/blog\/2020\/09\/23\/die-hochzeit-heinrichs-iv-in-tribur\/#breadcrumb","itemListElement":[{"@type":"ListItem","position":1,"name":"Home","item":"https:\/\/www.tribur.de\/blog\/"},{"@type":"ListItem","position":2,"name":"Die Hochzeit Heinrichs IV. in Tribur"}]},{"@type":"WebSite","@id":"https:\/\/www.tribur.de\/blog\/#website","url":"https:\/\/www.tribur.de\/blog\/","name":"Tribur.de","description":"Tribur.de - Geschichte und so Zeugs","publisher":{"@id":"https:\/\/www.tribur.de\/blog\/#\/schema\/person\/3119997f09f43791809c2d1af27bba6c"},"potentialAction":[{"@type":"SearchAction","target":{"@type":"EntryPoint","urlTemplate":"https:\/\/www.tribur.de\/blog\/?s={search_term_string}"},"query-input":{"@type":"PropertyValueSpecification","valueRequired":true,"valueName":"search_term_string"}}],"inLanguage":"de"},{"@type":["Person","Organization"],"@id":"https:\/\/www.tribur.de\/blog\/#\/schema\/person\/3119997f09f43791809c2d1af27bba6c","name":"Markus Zwittmeier","image":{"@type":"ImageObject","inLanguage":"de","@id":"https:\/\/i0.wp.com\/www.tribur.de\/blog\/wp-content\/uploads\/2018\/09\/cropped-logotest-4.jpg?fit=200%2C200&ssl=1","url":"https:\/\/i0.wp.com\/www.tribur.de\/blog\/wp-content\/uploads\/2018\/09\/cropped-logotest-4.jpg?fit=200%2C200&ssl=1","contentUrl":"https:\/\/i0.wp.com\/www.tribur.de\/blog\/wp-content\/uploads\/2018\/09\/cropped-logotest-4.jpg?fit=200%2C200&ssl=1","width":200,"height":200,"caption":"Markus Zwittmeier"},"logo":{"@id":"https:\/\/i0.wp.com\/www.tribur.de\/blog\/wp-content\/uploads\/2018\/09\/cropped-logotest-4.jpg?fit=200%2C200&ssl=1"},"sameAs":["http:\/\/www.Tribur.de","http:\/\/www.facebook.com\/pages\/Triburde\/184352328288771","https:\/\/www.instagram.com\/tribur.de\/","https:\/\/x.com\/https:\/\/twitter.com\/tribur","https:\/\/www.youtube.com\/channel\/UCnEonou-x6_P4XPjBk2htCA"],"url":"https:\/\/www.tribur.de\/blog\/author\/markus\/"}]}},"jetpack_publicize_connections":[],"jetpack_featured_media_url":"https:\/\/i0.wp.com\/www.tribur.de\/blog\/wp-content\/uploads\/2017\/11\/ScreenSalier1.jpg?fit=800%2C264&ssl=1","jetpack_shortlink":"https:\/\/wp.me\/p1mHPu-7KS","jetpack_sharing_enabled":true,"_links":{"self":[{"href":"https:\/\/www.tribur.de\/blog\/wp-json\/wp\/v2\/posts\/29814","targetHints":{"allow":["GET"]}}],"collection":[{"href":"https:\/\/www.tribur.de\/blog\/wp-json\/wp\/v2\/posts"}],"about":[{"href":"https:\/\/www.tribur.de\/blog\/wp-json\/wp\/v2\/types\/post"}],"author":[{"embeddable":true,"href":"https:\/\/www.tribur.de\/blog\/wp-json\/wp\/v2\/users\/2"}],"replies":[{"embeddable":true,"href":"https:\/\/www.tribur.de\/blog\/wp-json\/wp\/v2\/comments?post=29814"}],"version-history":[{"count":59,"href":"https:\/\/www.tribur.de\/blog\/wp-json\/wp\/v2\/posts\/29814\/revisions"}],"predecessor-version":[{"id":29903,"href":"https:\/\/www.tribur.de\/blog\/wp-json\/wp\/v2\/posts\/29814\/revisions\/29903"}],"wp:featuredmedia":[{"embeddable":true,"href":"https:\/\/www.tribur.de\/blog\/wp-json\/wp\/v2\/media\/28940"}],"wp:attachment":[{"href":"https:\/\/www.tribur.de\/blog\/wp-json\/wp\/v2\/media?parent=29814"}],"wp:term":[{"taxonomy":"category","embeddable":true,"href":"https:\/\/www.tribur.de\/blog\/wp-json\/wp\/v2\/categories?post=29814"},{"taxonomy":"post_tag","embeddable":true,"href":"https:\/\/www.tribur.de\/blog\/wp-json\/wp\/v2\/tags?post=29814"}],"curies":[{"name":"wp","href":"https:\/\/api.w.org\/{rel}","templated":true}]}}