{"id":29782,"date":"2020-09-17T18:02:58","date_gmt":"2020-09-17T17:02:58","guid":{"rendered":"http:\/\/www.tribur.de\/blog\/?p=29782"},"modified":"2020-09-17T18:03:01","modified_gmt":"2020-09-17T17:03:01","slug":"das-uebliche-quellenchaos","status":"publish","type":"post","link":"https:\/\/www.tribur.de\/blog\/2020\/09\/17\/das-uebliche-quellenchaos\/","title":{"rendered":"Das \u00fcbliche Quellenchaos&#8230;"},"content":{"rendered":"\n<p>Oh wie ich das hasse. Diese Zirkelschl\u00fcsse ohne Quellenangabe..<\/p>\n\n\n\n<p>Zur Zeit bin ich dabei die Eckdaten zur St.Albanskirche raus zu kramen und f\u00fcrs Buch aufzuarbeiten, zumal ich meine eigenen Karten neu aufarbeite wegen einiger arch\u00e4ologischer Eintr\u00e4ge. Um zu schauen ob sich irgendwo etwas neues, interessantes findet, schau ich dann bei Wikipedia als erste Anlaufstelle, neben LAGIS, vorbei. Und da steht:<\/p>\n\n\n\n<blockquote class=\"wp-block-quote is-layout-flow wp-block-quote-is-layout-flow\"><p>1557 hei\u00dft es: \u201eEs seien drei Kirchen gewesen, die ERST vor dem Flecken hat gehei\u00dfen St. Alban und ist gewesen die Pfarrkirch. Sie ist jetzt abgebrochen worden und an das Haus R\u00fcsselsheim (Festung) verbaut worden.\u201c<sup>[1]<\/sup><\/p><cite>https:\/\/de.wikipedia.org\/wiki\/St.<em>Alban<\/em>(Trebur)<\/cite><\/blockquote>\n\n\n\n<p>Ich komme ins gr\u00fcbeln. Warum ist ERST gro\u00df geschrieben? Wer zum Teufel hat das 1557 geschrieben?  Ich schaue in meine Aufarbeitung aller Sekund\u00e4rquellen. Da hat keiner 1557 geschrieben!  N\u00e4chster Gedanke: Oh eine Fu\u00dfnote, folgen wir der doch mal.<\/p>\n\n\n\n<p>Davon abgesehen das der Link nicht mehr auf die korrekte Seite verweist, hab ich sie dann doch gefunden. Da steht dann:<\/p>\n\n\n\n<blockquote class=\"wp-block-quote is-layout-flow wp-block-quote-is-layout-flow\"><p>&nbsp;1557 hei\u00dft es: &#8222;Es seien drei Kirchen gewesen, die ERST vor dem Flecken hat gehei\u00dfen St. Alban und ist gewesen die Pfarrkirch. Sie ist jetzt abgebrochen worden und an das Haus R\u00fcsselsheim (Festung) verbaut worden.&#8220;<\/p><cite>https:\/\/bistummainz.de\/pfarrgruppe\/astheim-geinsheim\/wir\/unsere-kirchen\/<\/cite><\/blockquote>\n\n\n\n<p>Leider steht da kein Quelle, es h\u00e4tte mich nicht gewundert wenn dann auf Wikipedia verwiesen worden w\u00e4re. Mehr durch Zufall hatte ich aber ein Buch auf dem Schreibtisch liegen, in der auch genau dieses Zitat vorkommt.<\/p>\n\n\n\n<p>Es stammt aus der Feder von Petrus\/ Peter Voltius der 1557 beginnend den Bestand der Superintendentur Darmstadt aufzeichnete, wohl zum Eigengebrauch. Und so erg\u00e4nzte er seine Notizen auch immer wieder. Seine Notizen haben eine Laufzeit von 1557 bis zu seinem Tod 1574. Er schrieb:<\/p>\n\n\n\n<blockquote class=\"wp-block-quote is-layout-flow wp-block-quote-is-layout-flow\"><p>Zu Trebur sein drei kirchen gewesen, die erst vor dem flecken, hat geheisen zu S.Alban und ist gewesen die pfarrkirch, iszund aber abgebrochen und ans hau\u00df r\u00fcselsheim verbauet.&#8220;<\/p><cite><br>Beitr\u00e4ge zur hesssischen Kirchengeschichte in Archiv f\u00fcr Hessische Geschichte und Altertumskunde 15. Bd. S633 1884<\/cite><\/blockquote>\n\n\n\n<p>Es w\u00e4re sch\u00f6n gewesen das irgendwo zu notieren, und wenn man  schon zitiert, so mit Anf\u00fchrungszeichen, dann bitte auch den Originaltext! Warum aber nun die beiden Angaben nun aber ERST schreien, bleibt mir unklar.<\/p>\n\n\n\n<p>Das schlimme daran ist das sich das bei einer Internetsuche summiert! Ich bin dabei \u00fcber die Seite des Regionalpark-Rheinmain gestolpert (<a rel=\"noreferrer noopener\" href=\"https:\/\/www.regionalpark-rheinmain.de\/portfolio-item\/historische-kirche-st-alban\/\" target=\"_blank\">Link<\/a>), wo man lesen kann:<\/p>\n\n\n\n<blockquote class=\"wp-block-quote is-layout-flow wp-block-quote-is-layout-flow\"><p>Auf der Treburer Flur mit dem Namen \u201eVogtei\u201c stand einst die alte Pfarrkirche St.Alban. <strong>      Sie wird bereits im Jahre 985 n.Chr. urkundlich erw\u00e4hnt<\/strong>. Siedlungsfunde in der Flur lassen vermuten, dass der Flecken schon seit dem 4.Jh. besiedelt war. Die sumpfigen Altneckarm\u00e4ander umgaben den Weiler sch\u00fctzend. Er lag zudem an der r\u00f6mischen Stra\u00dfe, die vom Kastell Esch bei Gro\u00df-Gerau nach Mainz f\u00fchrte. Die Kirche hat die St\u00fcrme der Geschichte nur in den Akten \u00fcberlebt: <strong>sie wurde 1578 aufgegeben, nur der Friedhof um das Gotteshaus blieb bis 1778 als Grabst\u00e4tte erhalten.<\/strong><\/p><cite>https:\/\/www.regionalpark-rheinmain.de\/portfolio-item\/historische-kirche-st-alban\/<\/cite><\/blockquote>\n\n\n\n<p>Was soll ich sagen? Alles fettgedruckte stimmt so nicht! 985 Ist das Datum der M\u00fchlhausener Urkunde. Darin steht nichts von St. Alban, da steht nur das Trebur mit allen G\u00fctern, wie Kirchen, an Mathilde von Quedlinburg geht. Aus der Argumentationsschiene heraus k\u00f6nnte ich auch begr\u00fcnden wir h\u00e4tten  in Trebur eine Peterskirche, eine Judaskirche oder sonstwas gehabt. Man kann nicht mal aus der Urkunde lesen das es \u00fcberhaupt eine Kirche gab, denn es handelt sich um eine Schenkungsformel, nichts mehr! <\/p>\n\n\n\n<p>Was das 1578 aufgegeben angeht, wei\u00df ich nicht mal wo das herkommen soll! M\u00f6glicherweise kommt es von einer Verwechselung mit der Marienkapelle bei der es am Ende des 16. Jahrhunderts zu Diskussionen kam ob diese nicht abgebrochen werden soll und die Steine verkauft werden sollen, da der Bau ohne Dach da stand. Trebur stellte sich gegen den Landgrafen quer. Am Ende entstand dort eine Knabenschule auf dem Fundament.<\/p>\n","protected":false},"excerpt":{"rendered":"<p>Oh wie ich das hasse. Diese Zirkelschl\u00fcsse ohne Quellenangabe.. Zur Zeit bin ich dabei die Eckdaten zur St.Albanskirche raus zu kramen und f\u00fcrs Buch aufzuarbeiten, zumal ich meine eigenen Karten neu aufarbeite wegen einiger&#46;&#46;&#46;<\/p>\n","protected":false},"author":2,"featured_media":0,"comment_status":"open","ping_status":"open","sticky":false,"template":"","format":"standard","meta":{"jetpack_post_was_ever_published":false,"_jetpack_newsletter_access":"","_jetpack_dont_email_post_to_subs":false,"_jetpack_newsletter_tier_id":0,"_jetpack_memberships_contains_paywalled_content":false,"_jetpack_memberships_contains_paid_content":false,"footnotes":"","jetpack_publicize_message":"","jetpack_publicize_feature_enabled":true,"jetpack_social_post_already_shared":true,"jetpack_social_options":{"image_generator_settings":{"template":"highway","default_image_id":0,"font":"","enabled":false},"version":2}},"categories":[1],"tags":[61,43,49,16],"class_list":["post-29782","post","type-post","status-publish","format-standard","hentry","category-geschichte","tag-architektur","tag-kase","tag-recherche","tag-trebur"],"yoast_head":"<!-- This site is optimized with the Yoast SEO plugin v27.5 - https:\/\/yoast.com\/product\/yoast-seo-wordpress\/ -->\n<title>Das \u00fcbliche Quellenchaos... - Tribur.de<\/title>\n<meta name=\"robots\" content=\"index, follow, max-snippet:-1, max-image-preview:large, max-video-preview:-1\" \/>\n<link rel=\"canonical\" href=\"https:\/\/www.tribur.de\/blog\/2020\/09\/17\/das-uebliche-quellenchaos\/\" \/>\n<meta property=\"og:locale\" content=\"de_DE\" \/>\n<meta property=\"og:type\" content=\"article\" \/>\n<meta property=\"og:title\" content=\"Das \u00fcbliche Quellenchaos... - Tribur.de\" \/>\n<meta property=\"og:description\" content=\"Oh wie ich das hasse. Diese Zirkelschl\u00fcsse ohne Quellenangabe.. Zur Zeit bin ich dabei die Eckdaten zur St.Albanskirche raus zu kramen und f\u00fcrs Buch aufzuarbeiten, zumal ich meine eigenen Karten neu aufarbeite wegen einiger&#046;&#046;&#046;\" \/>\n<meta property=\"og:url\" content=\"https:\/\/www.tribur.de\/blog\/2020\/09\/17\/das-uebliche-quellenchaos\/\" \/>\n<meta property=\"og:site_name\" content=\"Tribur.de\" \/>\n<meta property=\"article:publisher\" content=\"http:\/\/www.facebook.com\/pages\/Triburde\/184352328288771\" \/>\n<meta property=\"article:author\" content=\"http:\/\/www.facebook.com\/pages\/Triburde\/184352328288771\" \/>\n<meta property=\"article:published_time\" content=\"2020-09-17T17:02:58+00:00\" \/>\n<meta property=\"article:modified_time\" content=\"2020-09-17T17:03:01+00:00\" \/>\n<meta property=\"og:image\" content=\"https:\/\/i0.wp.com\/www.tribur.de\/blog\/wp-content\/uploads\/2018\/09\/cropped-logotest-2.jpg?fit=200%2C200&ssl=1\" \/>\n\t<meta property=\"og:image:width\" content=\"200\" \/>\n\t<meta property=\"og:image:height\" content=\"200\" \/>\n\t<meta property=\"og:image:type\" content=\"image\/jpeg\" \/>\n<meta name=\"author\" content=\"Markus Zwittmeier\" \/>\n<meta name=\"twitter:card\" content=\"summary_large_image\" \/>\n<meta name=\"twitter:creator\" content=\"@https:\/\/twitter.com\/tribur\" \/>\n<meta name=\"twitter:site\" content=\"@tribur\" \/>\n<meta name=\"twitter:label1\" content=\"Verfasst von\" \/>\n\t<meta name=\"twitter:data1\" content=\"Markus Zwittmeier\" \/>\n\t<meta name=\"twitter:label2\" content=\"Gesch\u00e4tzte Lesezeit\" \/>\n\t<meta name=\"twitter:data2\" content=\"3\u00a0Minuten\" \/>\n<script type=\"application\/ld+json\" class=\"yoast-schema-graph\">{\"@context\":\"https:\\\/\\\/schema.org\",\"@graph\":[{\"@type\":\"Article\",\"@id\":\"https:\\\/\\\/www.tribur.de\\\/blog\\\/2020\\\/09\\\/17\\\/das-uebliche-quellenchaos\\\/#article\",\"isPartOf\":{\"@id\":\"https:\\\/\\\/www.tribur.de\\\/blog\\\/2020\\\/09\\\/17\\\/das-uebliche-quellenchaos\\\/\"},\"author\":{\"name\":\"Markus Zwittmeier\",\"@id\":\"https:\\\/\\\/www.tribur.de\\\/blog\\\/#\\\/schema\\\/person\\\/3119997f09f43791809c2d1af27bba6c\"},\"headline\":\"Das \u00fcbliche Quellenchaos&#8230;\",\"datePublished\":\"2020-09-17T17:02:58+00:00\",\"dateModified\":\"2020-09-17T17:03:01+00:00\",\"mainEntityOfPage\":{\"@id\":\"https:\\\/\\\/www.tribur.de\\\/blog\\\/2020\\\/09\\\/17\\\/das-uebliche-quellenchaos\\\/\"},\"wordCount\":659,\"commentCount\":0,\"publisher\":{\"@id\":\"https:\\\/\\\/www.tribur.de\\\/blog\\\/#\\\/schema\\\/person\\\/3119997f09f43791809c2d1af27bba6c\"},\"keywords\":[\"Architektur\",\"K\u00e4se\",\"Recherche\",\"Trebur\\\/Tribur\"],\"articleSection\":[\"Geschichte\"],\"inLanguage\":\"de\",\"potentialAction\":[{\"@type\":\"CommentAction\",\"name\":\"Comment\",\"target\":[\"https:\\\/\\\/www.tribur.de\\\/blog\\\/2020\\\/09\\\/17\\\/das-uebliche-quellenchaos\\\/#respond\"]}]},{\"@type\":\"WebPage\",\"@id\":\"https:\\\/\\\/www.tribur.de\\\/blog\\\/2020\\\/09\\\/17\\\/das-uebliche-quellenchaos\\\/\",\"url\":\"https:\\\/\\\/www.tribur.de\\\/blog\\\/2020\\\/09\\\/17\\\/das-uebliche-quellenchaos\\\/\",\"name\":\"Das \u00fcbliche Quellenchaos... - Tribur.de\",\"isPartOf\":{\"@id\":\"https:\\\/\\\/www.tribur.de\\\/blog\\\/#website\"},\"datePublished\":\"2020-09-17T17:02:58+00:00\",\"dateModified\":\"2020-09-17T17:03:01+00:00\",\"breadcrumb\":{\"@id\":\"https:\\\/\\\/www.tribur.de\\\/blog\\\/2020\\\/09\\\/17\\\/das-uebliche-quellenchaos\\\/#breadcrumb\"},\"inLanguage\":\"de\",\"potentialAction\":[{\"@type\":\"ReadAction\",\"target\":[\"https:\\\/\\\/www.tribur.de\\\/blog\\\/2020\\\/09\\\/17\\\/das-uebliche-quellenchaos\\\/\"]}]},{\"@type\":\"BreadcrumbList\",\"@id\":\"https:\\\/\\\/www.tribur.de\\\/blog\\\/2020\\\/09\\\/17\\\/das-uebliche-quellenchaos\\\/#breadcrumb\",\"itemListElement\":[{\"@type\":\"ListItem\",\"position\":1,\"name\":\"Home\",\"item\":\"https:\\\/\\\/www.tribur.de\\\/blog\\\/\"},{\"@type\":\"ListItem\",\"position\":2,\"name\":\"Das \u00fcbliche Quellenchaos&#8230;\"}]},{\"@type\":\"WebSite\",\"@id\":\"https:\\\/\\\/www.tribur.de\\\/blog\\\/#website\",\"url\":\"https:\\\/\\\/www.tribur.de\\\/blog\\\/\",\"name\":\"Tribur.de\",\"description\":\"Tribur.de - Geschichte und so Zeugs\",\"publisher\":{\"@id\":\"https:\\\/\\\/www.tribur.de\\\/blog\\\/#\\\/schema\\\/person\\\/3119997f09f43791809c2d1af27bba6c\"},\"potentialAction\":[{\"@type\":\"SearchAction\",\"target\":{\"@type\":\"EntryPoint\",\"urlTemplate\":\"https:\\\/\\\/www.tribur.de\\\/blog\\\/?s={search_term_string}\"},\"query-input\":{\"@type\":\"PropertyValueSpecification\",\"valueRequired\":true,\"valueName\":\"search_term_string\"}}],\"inLanguage\":\"de\"},{\"@type\":[\"Person\",\"Organization\"],\"@id\":\"https:\\\/\\\/www.tribur.de\\\/blog\\\/#\\\/schema\\\/person\\\/3119997f09f43791809c2d1af27bba6c\",\"name\":\"Markus Zwittmeier\",\"image\":{\"@type\":\"ImageObject\",\"inLanguage\":\"de\",\"@id\":\"https:\\\/\\\/i0.wp.com\\\/www.tribur.de\\\/blog\\\/wp-content\\\/uploads\\\/2018\\\/09\\\/cropped-logotest-4.jpg?fit=200%2C200&ssl=1\",\"url\":\"https:\\\/\\\/i0.wp.com\\\/www.tribur.de\\\/blog\\\/wp-content\\\/uploads\\\/2018\\\/09\\\/cropped-logotest-4.jpg?fit=200%2C200&ssl=1\",\"contentUrl\":\"https:\\\/\\\/i0.wp.com\\\/www.tribur.de\\\/blog\\\/wp-content\\\/uploads\\\/2018\\\/09\\\/cropped-logotest-4.jpg?fit=200%2C200&ssl=1\",\"width\":200,\"height\":200,\"caption\":\"Markus Zwittmeier\"},\"logo\":{\"@id\":\"https:\\\/\\\/i0.wp.com\\\/www.tribur.de\\\/blog\\\/wp-content\\\/uploads\\\/2018\\\/09\\\/cropped-logotest-4.jpg?fit=200%2C200&ssl=1\"},\"sameAs\":[\"http:\\\/\\\/www.Tribur.de\",\"http:\\\/\\\/www.facebook.com\\\/pages\\\/Triburde\\\/184352328288771\",\"https:\\\/\\\/www.instagram.com\\\/tribur.de\\\/\",\"https:\\\/\\\/x.com\\\/https:\\\/\\\/twitter.com\\\/tribur\",\"https:\\\/\\\/www.youtube.com\\\/channel\\\/UCnEonou-x6_P4XPjBk2htCA\"],\"url\":\"https:\\\/\\\/www.tribur.de\\\/blog\\\/author\\\/markus\\\/\"}]}<\/script>\n<!-- \/ Yoast SEO plugin. -->","yoast_head_json":{"title":"Das \u00fcbliche Quellenchaos... - Tribur.de","robots":{"index":"index","follow":"follow","max-snippet":"max-snippet:-1","max-image-preview":"max-image-preview:large","max-video-preview":"max-video-preview:-1"},"canonical":"https:\/\/www.tribur.de\/blog\/2020\/09\/17\/das-uebliche-quellenchaos\/","og_locale":"de_DE","og_type":"article","og_title":"Das \u00fcbliche Quellenchaos... - Tribur.de","og_description":"Oh wie ich das hasse. Diese Zirkelschl\u00fcsse ohne Quellenangabe.. Zur Zeit bin ich dabei die Eckdaten zur St.Albanskirche raus zu kramen und f\u00fcrs Buch aufzuarbeiten, zumal ich meine eigenen Karten neu aufarbeite wegen einiger&#46;&#46;&#46;","og_url":"https:\/\/www.tribur.de\/blog\/2020\/09\/17\/das-uebliche-quellenchaos\/","og_site_name":"Tribur.de","article_publisher":"http:\/\/www.facebook.com\/pages\/Triburde\/184352328288771","article_author":"http:\/\/www.facebook.com\/pages\/Triburde\/184352328288771","article_published_time":"2020-09-17T17:02:58+00:00","article_modified_time":"2020-09-17T17:03:01+00:00","og_image":[{"width":200,"height":200,"url":"https:\/\/i0.wp.com\/www.tribur.de\/blog\/wp-content\/uploads\/2018\/09\/cropped-logotest-2.jpg?fit=200%2C200&ssl=1","type":"image\/jpeg"}],"author":"Markus Zwittmeier","twitter_card":"summary_large_image","twitter_creator":"@https:\/\/twitter.com\/tribur","twitter_site":"@tribur","twitter_misc":{"Verfasst von":"Markus Zwittmeier","Gesch\u00e4tzte Lesezeit":"3\u00a0Minuten"},"schema":{"@context":"https:\/\/schema.org","@graph":[{"@type":"Article","@id":"https:\/\/www.tribur.de\/blog\/2020\/09\/17\/das-uebliche-quellenchaos\/#article","isPartOf":{"@id":"https:\/\/www.tribur.de\/blog\/2020\/09\/17\/das-uebliche-quellenchaos\/"},"author":{"name":"Markus Zwittmeier","@id":"https:\/\/www.tribur.de\/blog\/#\/schema\/person\/3119997f09f43791809c2d1af27bba6c"},"headline":"Das \u00fcbliche Quellenchaos&#8230;","datePublished":"2020-09-17T17:02:58+00:00","dateModified":"2020-09-17T17:03:01+00:00","mainEntityOfPage":{"@id":"https:\/\/www.tribur.de\/blog\/2020\/09\/17\/das-uebliche-quellenchaos\/"},"wordCount":659,"commentCount":0,"publisher":{"@id":"https:\/\/www.tribur.de\/blog\/#\/schema\/person\/3119997f09f43791809c2d1af27bba6c"},"keywords":["Architektur","K\u00e4se","Recherche","Trebur\/Tribur"],"articleSection":["Geschichte"],"inLanguage":"de","potentialAction":[{"@type":"CommentAction","name":"Comment","target":["https:\/\/www.tribur.de\/blog\/2020\/09\/17\/das-uebliche-quellenchaos\/#respond"]}]},{"@type":"WebPage","@id":"https:\/\/www.tribur.de\/blog\/2020\/09\/17\/das-uebliche-quellenchaos\/","url":"https:\/\/www.tribur.de\/blog\/2020\/09\/17\/das-uebliche-quellenchaos\/","name":"Das \u00fcbliche Quellenchaos... - Tribur.de","isPartOf":{"@id":"https:\/\/www.tribur.de\/blog\/#website"},"datePublished":"2020-09-17T17:02:58+00:00","dateModified":"2020-09-17T17:03:01+00:00","breadcrumb":{"@id":"https:\/\/www.tribur.de\/blog\/2020\/09\/17\/das-uebliche-quellenchaos\/#breadcrumb"},"inLanguage":"de","potentialAction":[{"@type":"ReadAction","target":["https:\/\/www.tribur.de\/blog\/2020\/09\/17\/das-uebliche-quellenchaos\/"]}]},{"@type":"BreadcrumbList","@id":"https:\/\/www.tribur.de\/blog\/2020\/09\/17\/das-uebliche-quellenchaos\/#breadcrumb","itemListElement":[{"@type":"ListItem","position":1,"name":"Home","item":"https:\/\/www.tribur.de\/blog\/"},{"@type":"ListItem","position":2,"name":"Das \u00fcbliche Quellenchaos&#8230;"}]},{"@type":"WebSite","@id":"https:\/\/www.tribur.de\/blog\/#website","url":"https:\/\/www.tribur.de\/blog\/","name":"Tribur.de","description":"Tribur.de - Geschichte und so Zeugs","publisher":{"@id":"https:\/\/www.tribur.de\/blog\/#\/schema\/person\/3119997f09f43791809c2d1af27bba6c"},"potentialAction":[{"@type":"SearchAction","target":{"@type":"EntryPoint","urlTemplate":"https:\/\/www.tribur.de\/blog\/?s={search_term_string}"},"query-input":{"@type":"PropertyValueSpecification","valueRequired":true,"valueName":"search_term_string"}}],"inLanguage":"de"},{"@type":["Person","Organization"],"@id":"https:\/\/www.tribur.de\/blog\/#\/schema\/person\/3119997f09f43791809c2d1af27bba6c","name":"Markus Zwittmeier","image":{"@type":"ImageObject","inLanguage":"de","@id":"https:\/\/i0.wp.com\/www.tribur.de\/blog\/wp-content\/uploads\/2018\/09\/cropped-logotest-4.jpg?fit=200%2C200&ssl=1","url":"https:\/\/i0.wp.com\/www.tribur.de\/blog\/wp-content\/uploads\/2018\/09\/cropped-logotest-4.jpg?fit=200%2C200&ssl=1","contentUrl":"https:\/\/i0.wp.com\/www.tribur.de\/blog\/wp-content\/uploads\/2018\/09\/cropped-logotest-4.jpg?fit=200%2C200&ssl=1","width":200,"height":200,"caption":"Markus Zwittmeier"},"logo":{"@id":"https:\/\/i0.wp.com\/www.tribur.de\/blog\/wp-content\/uploads\/2018\/09\/cropped-logotest-4.jpg?fit=200%2C200&ssl=1"},"sameAs":["http:\/\/www.Tribur.de","http:\/\/www.facebook.com\/pages\/Triburde\/184352328288771","https:\/\/www.instagram.com\/tribur.de\/","https:\/\/x.com\/https:\/\/twitter.com\/tribur","https:\/\/www.youtube.com\/channel\/UCnEonou-x6_P4XPjBk2htCA"],"url":"https:\/\/www.tribur.de\/blog\/author\/markus\/"}]}},"jetpack_publicize_connections":[],"jetpack_featured_media_url":"","jetpack_shortlink":"https:\/\/wp.me\/p1mHPu-7Km","jetpack_sharing_enabled":true,"_links":{"self":[{"href":"https:\/\/www.tribur.de\/blog\/wp-json\/wp\/v2\/posts\/29782","targetHints":{"allow":["GET"]}}],"collection":[{"href":"https:\/\/www.tribur.de\/blog\/wp-json\/wp\/v2\/posts"}],"about":[{"href":"https:\/\/www.tribur.de\/blog\/wp-json\/wp\/v2\/types\/post"}],"author":[{"embeddable":true,"href":"https:\/\/www.tribur.de\/blog\/wp-json\/wp\/v2\/users\/2"}],"replies":[{"embeddable":true,"href":"https:\/\/www.tribur.de\/blog\/wp-json\/wp\/v2\/comments?post=29782"}],"version-history":[{"count":12,"href":"https:\/\/www.tribur.de\/blog\/wp-json\/wp\/v2\/posts\/29782\/revisions"}],"predecessor-version":[{"id":29823,"href":"https:\/\/www.tribur.de\/blog\/wp-json\/wp\/v2\/posts\/29782\/revisions\/29823"}],"wp:attachment":[{"href":"https:\/\/www.tribur.de\/blog\/wp-json\/wp\/v2\/media?parent=29782"}],"wp:term":[{"taxonomy":"category","embeddable":true,"href":"https:\/\/www.tribur.de\/blog\/wp-json\/wp\/v2\/categories?post=29782"},{"taxonomy":"post_tag","embeddable":true,"href":"https:\/\/www.tribur.de\/blog\/wp-json\/wp\/v2\/tags?post=29782"}],"curies":[{"name":"wp","href":"https:\/\/api.w.org\/{rel}","templated":true}]}}