{"id":2815,"date":"2009-10-22T16:45:00","date_gmt":"2009-10-22T14:45:00","guid":{"rendered":"http:\/\/www.tribur.de\/blog\/?p=2815"},"modified":"2009-10-22T16:45:30","modified_gmt":"2009-10-22T14:45:30","slug":"zweites-keltenkolloqium","status":"publish","type":"post","link":"https:\/\/www.tribur.de\/blog\/2009\/10\/22\/zweites-keltenkolloqium\/","title":{"rendered":"Zweites Keltenkolloqium"},"content":{"rendered":"<p>Am 7. November findet in Bopfingen das zweite Keltenkolloqium statt. Veranstalter ist das Landesdenkmalamt und die Goethe Universit\u00e4t Frankfurt. Ein Teil der Veranstaltung dreht sich um den F\u00fcrstensitz auf dem Bopfinger Ipf.<\/p>\n<blockquote><p>Das zweite Kolloquium werde sich nun damit befassen, den Ipf in eine Reihe mit anderen keltischen F\u00fcrstensitzen in Europa zu bringen. \u201eFr\u00fchkeltische F\u00fcrstensitze zwischen N\u00f6rdlinger Ries und Ostfrankreich. \u2013 Wirtschafts- und Machtzentren des 6.\/5. Jahrhunderts vor Christus\u201c ist der Titel des Tages.<br \/>\nAndere keltischen F\u00fcrstensitze, das waren in S\u00fcddeutschland etwa der Glauberg nord\u00f6stlich von Frankfurt, die Heuneburg an der oberen Donau, dann der Mont Lassois im franz\u00f6sischen Burgund. \u00dcber diese einstigen F\u00fcrstensitze und Ergebnisse von Forschungen sowie Ausgrabungen wird bei der Veranstaltung am 7. November in Bopfingen berichtet, au\u00dferdem nat\u00fcrlich auch \u00fcber den Ipf. Komplettiert wird das Treffen von einem Referat \u00fcber die Landwirtschaft und Umwelt w\u00e4hrend der Eisenzeit anhand von Fallbeispielen aus S\u00fcdwestdeutschland.<\/p><\/blockquote>\n<p><a href=\"http:\/\/www.schwaebische-post.de\/447851\/\" target=\"_blank\">Hier berichtet die Sch\u00e4bische Post<\/a><\/p>\n","protected":false},"excerpt":{"rendered":"<p>Am 7. November findet in Bopfingen das zweite Keltenkolloqium statt. Veranstalter ist das Landesdenkmalamt und die Goethe Universit\u00e4t Frankfurt. Ein Teil der Veranstaltung dreht sich um den F\u00fcrstensitz auf dem Bopfinger Ipf. Das zweite&#46;&#46;&#46;<\/p>\n","protected":false},"author":2,"featured_media":0,"comment_status":"open","ping_status":"open","sticky":false,"template":"","format":"standard","meta":{"jetpack_post_was_ever_published":false,"_jetpack_newsletter_access":"","_jetpack_dont_email_post_to_subs":false,"_jetpack_newsletter_tier_id":0,"_jetpack_memberships_contains_paywalled_content":false,"_jetpack_memberships_contains_paid_content":false,"footnotes":"","jetpack_publicize_message":"","jetpack_publicize_feature_enabled":true,"jetpack_social_post_already_shared":false,"jetpack_social_options":{"image_generator_settings":{"template":"highway","default_image_id":0,"font":"","enabled":false},"version":2}},"categories":[1],"tags":[25,54,48,26],"class_list":["post-2815","post","type-post","status-publish","format-standard","hentry","category-geschichte","tag-antike","tag-archaologie","tag-kelten","tag-vortrag"],"yoast_head":"<!-- This site is optimized with the Yoast SEO plugin v27.5 - https:\/\/yoast.com\/product\/yoast-seo-wordpress\/ -->\n<title>Zweites Keltenkolloqium - Tribur.de<\/title>\n<meta name=\"robots\" content=\"index, follow, max-snippet:-1, max-image-preview:large, max-video-preview:-1\" \/>\n<link rel=\"canonical\" href=\"https:\/\/www.tribur.de\/blog\/2009\/10\/22\/zweites-keltenkolloqium\/\" \/>\n<meta property=\"og:locale\" content=\"de_DE\" \/>\n<meta property=\"og:type\" content=\"article\" \/>\n<meta property=\"og:title\" content=\"Zweites Keltenkolloqium - Tribur.de\" \/>\n<meta property=\"og:description\" content=\"Am 7. November findet in Bopfingen das zweite Keltenkolloqium statt. Veranstalter ist das Landesdenkmalamt und die Goethe Universit\u00e4t Frankfurt. Ein Teil der Veranstaltung dreht sich um den F\u00fcrstensitz auf dem Bopfinger Ipf. Das zweite&#046;&#046;&#046;\" \/>\n<meta property=\"og:url\" content=\"https:\/\/www.tribur.de\/blog\/2009\/10\/22\/zweites-keltenkolloqium\/\" \/>\n<meta property=\"og:site_name\" content=\"Tribur.de\" \/>\n<meta property=\"article:publisher\" content=\"http:\/\/www.facebook.com\/pages\/Triburde\/184352328288771\" \/>\n<meta property=\"article:author\" content=\"http:\/\/www.facebook.com\/pages\/Triburde\/184352328288771\" \/>\n<meta property=\"article:published_time\" content=\"2009-10-22T14:45:00+00:00\" \/>\n<meta property=\"article:modified_time\" content=\"2009-10-22T14:45:30+00:00\" \/>\n<meta property=\"og:image\" content=\"https:\/\/i0.wp.com\/www.tribur.de\/blog\/wp-content\/uploads\/2018\/09\/cropped-logotest-2.jpg?fit=200%2C200&ssl=1\" \/>\n\t<meta property=\"og:image:width\" content=\"200\" \/>\n\t<meta property=\"og:image:height\" content=\"200\" \/>\n\t<meta property=\"og:image:type\" content=\"image\/jpeg\" \/>\n<meta name=\"author\" content=\"Markus Zwittmeier\" \/>\n<meta name=\"twitter:card\" content=\"summary_large_image\" \/>\n<meta name=\"twitter:creator\" content=\"@https:\/\/twitter.com\/tribur\" \/>\n<meta name=\"twitter:site\" content=\"@tribur\" \/>\n<meta name=\"twitter:label1\" content=\"Verfasst von\" \/>\n\t<meta name=\"twitter:data1\" content=\"Markus Zwittmeier\" \/>\n\t<meta name=\"twitter:label2\" content=\"Gesch\u00e4tzte Lesezeit\" \/>\n\t<meta name=\"twitter:data2\" content=\"1\u00a0Minute\" \/>\n<script type=\"application\/ld+json\" class=\"yoast-schema-graph\">{\"@context\":\"https:\\\/\\\/schema.org\",\"@graph\":[{\"@type\":\"Article\",\"@id\":\"https:\\\/\\\/www.tribur.de\\\/blog\\\/2009\\\/10\\\/22\\\/zweites-keltenkolloqium\\\/#article\",\"isPartOf\":{\"@id\":\"https:\\\/\\\/www.tribur.de\\\/blog\\\/2009\\\/10\\\/22\\\/zweites-keltenkolloqium\\\/\"},\"author\":{\"name\":\"Markus Zwittmeier\",\"@id\":\"https:\\\/\\\/www.tribur.de\\\/blog\\\/#\\\/schema\\\/person\\\/3119997f09f43791809c2d1af27bba6c\"},\"headline\":\"Zweites Keltenkolloqium\",\"datePublished\":\"2009-10-22T14:45:00+00:00\",\"dateModified\":\"2009-10-22T14:45:30+00:00\",\"mainEntityOfPage\":{\"@id\":\"https:\\\/\\\/www.tribur.de\\\/blog\\\/2009\\\/10\\\/22\\\/zweites-keltenkolloqium\\\/\"},\"wordCount\":165,\"commentCount\":0,\"publisher\":{\"@id\":\"https:\\\/\\\/www.tribur.de\\\/blog\\\/#\\\/schema\\\/person\\\/3119997f09f43791809c2d1af27bba6c\"},\"keywords\":[\"Antike\",\"Arch\u00e4ologie\",\"Kelten\",\"Vortrag\"],\"articleSection\":[\"Geschichte\"],\"inLanguage\":\"de\",\"potentialAction\":[{\"@type\":\"CommentAction\",\"name\":\"Comment\",\"target\":[\"https:\\\/\\\/www.tribur.de\\\/blog\\\/2009\\\/10\\\/22\\\/zweites-keltenkolloqium\\\/#respond\"]}]},{\"@type\":\"WebPage\",\"@id\":\"https:\\\/\\\/www.tribur.de\\\/blog\\\/2009\\\/10\\\/22\\\/zweites-keltenkolloqium\\\/\",\"url\":\"https:\\\/\\\/www.tribur.de\\\/blog\\\/2009\\\/10\\\/22\\\/zweites-keltenkolloqium\\\/\",\"name\":\"Zweites Keltenkolloqium - Tribur.de\",\"isPartOf\":{\"@id\":\"https:\\\/\\\/www.tribur.de\\\/blog\\\/#website\"},\"datePublished\":\"2009-10-22T14:45:00+00:00\",\"dateModified\":\"2009-10-22T14:45:30+00:00\",\"breadcrumb\":{\"@id\":\"https:\\\/\\\/www.tribur.de\\\/blog\\\/2009\\\/10\\\/22\\\/zweites-keltenkolloqium\\\/#breadcrumb\"},\"inLanguage\":\"de\",\"potentialAction\":[{\"@type\":\"ReadAction\",\"target\":[\"https:\\\/\\\/www.tribur.de\\\/blog\\\/2009\\\/10\\\/22\\\/zweites-keltenkolloqium\\\/\"]}]},{\"@type\":\"BreadcrumbList\",\"@id\":\"https:\\\/\\\/www.tribur.de\\\/blog\\\/2009\\\/10\\\/22\\\/zweites-keltenkolloqium\\\/#breadcrumb\",\"itemListElement\":[{\"@type\":\"ListItem\",\"position\":1,\"name\":\"Home\",\"item\":\"https:\\\/\\\/www.tribur.de\\\/blog\\\/\"},{\"@type\":\"ListItem\",\"position\":2,\"name\":\"Zweites Keltenkolloqium\"}]},{\"@type\":\"WebSite\",\"@id\":\"https:\\\/\\\/www.tribur.de\\\/blog\\\/#website\",\"url\":\"https:\\\/\\\/www.tribur.de\\\/blog\\\/\",\"name\":\"Tribur.de\",\"description\":\"Tribur.de - Geschichte und so Zeugs\",\"publisher\":{\"@id\":\"https:\\\/\\\/www.tribur.de\\\/blog\\\/#\\\/schema\\\/person\\\/3119997f09f43791809c2d1af27bba6c\"},\"potentialAction\":[{\"@type\":\"SearchAction\",\"target\":{\"@type\":\"EntryPoint\",\"urlTemplate\":\"https:\\\/\\\/www.tribur.de\\\/blog\\\/?s={search_term_string}\"},\"query-input\":{\"@type\":\"PropertyValueSpecification\",\"valueRequired\":true,\"valueName\":\"search_term_string\"}}],\"inLanguage\":\"de\"},{\"@type\":[\"Person\",\"Organization\"],\"@id\":\"https:\\\/\\\/www.tribur.de\\\/blog\\\/#\\\/schema\\\/person\\\/3119997f09f43791809c2d1af27bba6c\",\"name\":\"Markus Zwittmeier\",\"image\":{\"@type\":\"ImageObject\",\"inLanguage\":\"de\",\"@id\":\"https:\\\/\\\/i0.wp.com\\\/www.tribur.de\\\/blog\\\/wp-content\\\/uploads\\\/2018\\\/09\\\/cropped-logotest-4.jpg?fit=200%2C200&ssl=1\",\"url\":\"https:\\\/\\\/i0.wp.com\\\/www.tribur.de\\\/blog\\\/wp-content\\\/uploads\\\/2018\\\/09\\\/cropped-logotest-4.jpg?fit=200%2C200&ssl=1\",\"contentUrl\":\"https:\\\/\\\/i0.wp.com\\\/www.tribur.de\\\/blog\\\/wp-content\\\/uploads\\\/2018\\\/09\\\/cropped-logotest-4.jpg?fit=200%2C200&ssl=1\",\"width\":200,\"height\":200,\"caption\":\"Markus Zwittmeier\"},\"logo\":{\"@id\":\"https:\\\/\\\/i0.wp.com\\\/www.tribur.de\\\/blog\\\/wp-content\\\/uploads\\\/2018\\\/09\\\/cropped-logotest-4.jpg?fit=200%2C200&ssl=1\"},\"sameAs\":[\"http:\\\/\\\/www.Tribur.de\",\"http:\\\/\\\/www.facebook.com\\\/pages\\\/Triburde\\\/184352328288771\",\"https:\\\/\\\/www.instagram.com\\\/tribur.de\\\/\",\"https:\\\/\\\/x.com\\\/https:\\\/\\\/twitter.com\\\/tribur\",\"https:\\\/\\\/www.youtube.com\\\/channel\\\/UCnEonou-x6_P4XPjBk2htCA\"],\"url\":\"https:\\\/\\\/www.tribur.de\\\/blog\\\/author\\\/markus\\\/\"}]}<\/script>\n<!-- \/ Yoast SEO plugin. -->","yoast_head_json":{"title":"Zweites Keltenkolloqium - Tribur.de","robots":{"index":"index","follow":"follow","max-snippet":"max-snippet:-1","max-image-preview":"max-image-preview:large","max-video-preview":"max-video-preview:-1"},"canonical":"https:\/\/www.tribur.de\/blog\/2009\/10\/22\/zweites-keltenkolloqium\/","og_locale":"de_DE","og_type":"article","og_title":"Zweites Keltenkolloqium - Tribur.de","og_description":"Am 7. November findet in Bopfingen das zweite Keltenkolloqium statt. Veranstalter ist das Landesdenkmalamt und die Goethe Universit\u00e4t Frankfurt. Ein Teil der Veranstaltung dreht sich um den F\u00fcrstensitz auf dem Bopfinger Ipf. Das zweite&#46;&#46;&#46;","og_url":"https:\/\/www.tribur.de\/blog\/2009\/10\/22\/zweites-keltenkolloqium\/","og_site_name":"Tribur.de","article_publisher":"http:\/\/www.facebook.com\/pages\/Triburde\/184352328288771","article_author":"http:\/\/www.facebook.com\/pages\/Triburde\/184352328288771","article_published_time":"2009-10-22T14:45:00+00:00","article_modified_time":"2009-10-22T14:45:30+00:00","og_image":[{"width":200,"height":200,"url":"https:\/\/i0.wp.com\/www.tribur.de\/blog\/wp-content\/uploads\/2018\/09\/cropped-logotest-2.jpg?fit=200%2C200&ssl=1","type":"image\/jpeg"}],"author":"Markus Zwittmeier","twitter_card":"summary_large_image","twitter_creator":"@https:\/\/twitter.com\/tribur","twitter_site":"@tribur","twitter_misc":{"Verfasst von":"Markus Zwittmeier","Gesch\u00e4tzte Lesezeit":"1\u00a0Minute"},"schema":{"@context":"https:\/\/schema.org","@graph":[{"@type":"Article","@id":"https:\/\/www.tribur.de\/blog\/2009\/10\/22\/zweites-keltenkolloqium\/#article","isPartOf":{"@id":"https:\/\/www.tribur.de\/blog\/2009\/10\/22\/zweites-keltenkolloqium\/"},"author":{"name":"Markus Zwittmeier","@id":"https:\/\/www.tribur.de\/blog\/#\/schema\/person\/3119997f09f43791809c2d1af27bba6c"},"headline":"Zweites Keltenkolloqium","datePublished":"2009-10-22T14:45:00+00:00","dateModified":"2009-10-22T14:45:30+00:00","mainEntityOfPage":{"@id":"https:\/\/www.tribur.de\/blog\/2009\/10\/22\/zweites-keltenkolloqium\/"},"wordCount":165,"commentCount":0,"publisher":{"@id":"https:\/\/www.tribur.de\/blog\/#\/schema\/person\/3119997f09f43791809c2d1af27bba6c"},"keywords":["Antike","Arch\u00e4ologie","Kelten","Vortrag"],"articleSection":["Geschichte"],"inLanguage":"de","potentialAction":[{"@type":"CommentAction","name":"Comment","target":["https:\/\/www.tribur.de\/blog\/2009\/10\/22\/zweites-keltenkolloqium\/#respond"]}]},{"@type":"WebPage","@id":"https:\/\/www.tribur.de\/blog\/2009\/10\/22\/zweites-keltenkolloqium\/","url":"https:\/\/www.tribur.de\/blog\/2009\/10\/22\/zweites-keltenkolloqium\/","name":"Zweites Keltenkolloqium - Tribur.de","isPartOf":{"@id":"https:\/\/www.tribur.de\/blog\/#website"},"datePublished":"2009-10-22T14:45:00+00:00","dateModified":"2009-10-22T14:45:30+00:00","breadcrumb":{"@id":"https:\/\/www.tribur.de\/blog\/2009\/10\/22\/zweites-keltenkolloqium\/#breadcrumb"},"inLanguage":"de","potentialAction":[{"@type":"ReadAction","target":["https:\/\/www.tribur.de\/blog\/2009\/10\/22\/zweites-keltenkolloqium\/"]}]},{"@type":"BreadcrumbList","@id":"https:\/\/www.tribur.de\/blog\/2009\/10\/22\/zweites-keltenkolloqium\/#breadcrumb","itemListElement":[{"@type":"ListItem","position":1,"name":"Home","item":"https:\/\/www.tribur.de\/blog\/"},{"@type":"ListItem","position":2,"name":"Zweites Keltenkolloqium"}]},{"@type":"WebSite","@id":"https:\/\/www.tribur.de\/blog\/#website","url":"https:\/\/www.tribur.de\/blog\/","name":"Tribur.de","description":"Tribur.de - Geschichte und so Zeugs","publisher":{"@id":"https:\/\/www.tribur.de\/blog\/#\/schema\/person\/3119997f09f43791809c2d1af27bba6c"},"potentialAction":[{"@type":"SearchAction","target":{"@type":"EntryPoint","urlTemplate":"https:\/\/www.tribur.de\/blog\/?s={search_term_string}"},"query-input":{"@type":"PropertyValueSpecification","valueRequired":true,"valueName":"search_term_string"}}],"inLanguage":"de"},{"@type":["Person","Organization"],"@id":"https:\/\/www.tribur.de\/blog\/#\/schema\/person\/3119997f09f43791809c2d1af27bba6c","name":"Markus Zwittmeier","image":{"@type":"ImageObject","inLanguage":"de","@id":"https:\/\/i0.wp.com\/www.tribur.de\/blog\/wp-content\/uploads\/2018\/09\/cropped-logotest-4.jpg?fit=200%2C200&ssl=1","url":"https:\/\/i0.wp.com\/www.tribur.de\/blog\/wp-content\/uploads\/2018\/09\/cropped-logotest-4.jpg?fit=200%2C200&ssl=1","contentUrl":"https:\/\/i0.wp.com\/www.tribur.de\/blog\/wp-content\/uploads\/2018\/09\/cropped-logotest-4.jpg?fit=200%2C200&ssl=1","width":200,"height":200,"caption":"Markus Zwittmeier"},"logo":{"@id":"https:\/\/i0.wp.com\/www.tribur.de\/blog\/wp-content\/uploads\/2018\/09\/cropped-logotest-4.jpg?fit=200%2C200&ssl=1"},"sameAs":["http:\/\/www.Tribur.de","http:\/\/www.facebook.com\/pages\/Triburde\/184352328288771","https:\/\/www.instagram.com\/tribur.de\/","https:\/\/x.com\/https:\/\/twitter.com\/tribur","https:\/\/www.youtube.com\/channel\/UCnEonou-x6_P4XPjBk2htCA"],"url":"https:\/\/www.tribur.de\/blog\/author\/markus\/"}]}},"jetpack_publicize_connections":[],"jetpack_featured_media_url":"","jetpack_shortlink":"https:\/\/wp.me\/p1mHPu-Jp","jetpack_sharing_enabled":true,"_links":{"self":[{"href":"https:\/\/www.tribur.de\/blog\/wp-json\/wp\/v2\/posts\/2815","targetHints":{"allow":["GET"]}}],"collection":[{"href":"https:\/\/www.tribur.de\/blog\/wp-json\/wp\/v2\/posts"}],"about":[{"href":"https:\/\/www.tribur.de\/blog\/wp-json\/wp\/v2\/types\/post"}],"author":[{"embeddable":true,"href":"https:\/\/www.tribur.de\/blog\/wp-json\/wp\/v2\/users\/2"}],"replies":[{"embeddable":true,"href":"https:\/\/www.tribur.de\/blog\/wp-json\/wp\/v2\/comments?post=2815"}],"version-history":[{"count":3,"href":"https:\/\/www.tribur.de\/blog\/wp-json\/wp\/v2\/posts\/2815\/revisions"}],"predecessor-version":[{"id":2837,"href":"https:\/\/www.tribur.de\/blog\/wp-json\/wp\/v2\/posts\/2815\/revisions\/2837"}],"wp:attachment":[{"href":"https:\/\/www.tribur.de\/blog\/wp-json\/wp\/v2\/media?parent=2815"}],"wp:term":[{"taxonomy":"category","embeddable":true,"href":"https:\/\/www.tribur.de\/blog\/wp-json\/wp\/v2\/categories?post=2815"},{"taxonomy":"post_tag","embeddable":true,"href":"https:\/\/www.tribur.de\/blog\/wp-json\/wp\/v2\/tags?post=2815"}],"curies":[{"name":"wp","href":"https:\/\/api.w.org\/{rel}","templated":true}]}}