{"id":27972,"date":"2014-12-22T18:08:41","date_gmt":"2014-12-22T17:08:41","guid":{"rendered":"http:\/\/www.tribur.de\/blog\/?p=27972"},"modified":"2018-09-14T20:13:47","modified_gmt":"2018-09-14T19:13:47","slug":"das-widmungsbild-der-vivian-bibel-f-423r","status":"publish","type":"post","link":"https:\/\/www.tribur.de\/blog\/2014\/12\/22\/das-widmungsbild-der-vivian-bibel-f-423r\/","title":{"rendered":"Das  Widmungsbild der Vivian Bibel (f.423r)"},"content":{"rendered":"<p>Seit mehr als 2 Wochen und mehr als 2000 W\u00f6rtern schreib ich an einem Zusatzartikel zur karolingischen Kleidung und verzettelte mich derartig, dass ich mal Abstand brauche. Ich mich daher etwas angenommen, das mich schon lange interessiert hat und auch in das momentane Thema passt: Das Widmungsbild der Vivian Bibel.<\/p>\n<p>Da es im folgenden auch um viele Details geht, die auf den Bildern, die etwa Wikipedia zur Verf\u00fcgung stellt kaum zu erkennen sind, empfehle ich zun\u00e4chst in einem weiteren Fenster die das zoombare Digitalisat zu \u00f6fnnen, welches die gallica bibliotheque nationale zur Verf\u00fcgung stellt: <a href=\"http:\/\/gallica.bnf.fr\/ark:\/12148\/btv1b8455903b\/f853.zoom\" target=\"_blank\">Hier der direkte Linke auf Folio 423 recto<\/a><\/p>\n<p>Ein Grund mich mit  Folio 423 recto der Vivian-Bibel zu befassen sind die Dartsellung der Weltlichen, bzw. der 2 Personen direkt links und rechts des Thrones Karls des Kahlen. Diese zwei &#8222;Gestalten&#8220; sto\u00dfen mir schon eine ganze Weile auf. Sie tragen goldenen Stirnreifen, doppelte Clavi auf ihren Tuniken, wie sie sich etwa auf kirchlichen Dalmatiken und byzantinischen Tuniken jener Zeit findet und dann diese Wadenwickel&#8230; ..oder doch etwas anderes?<br \/>\nDie Beiden auf Grund der Stirnreifen als Prinzen bzw. S\u00f6hne Karls des Kahlen zu identifizieren funktioniert nicht. Die Vivian Bibel entstandt 845\/46, Karls \u00e4ltester Sohn wurde jedoch erst 846 geboren.<br \/>\nUnd dennoch m\u00fcssen sie in enger Beziehung zum K\u00f6nig stehen. Vorallem die Person die sich vom Betrachter aus auf der linken Seite des K\u00f6nigs befindet. Nicht nur das sie zur Rechten des K\u00f6nigs steht, auch der K\u00f6nig wendet sich ihr zu. Und noch etwas wichtiges zeigt sich in der Darstellung der Beiden: Das Schuhwerk beider ist rot (mit Gold)! Dies mag auf den ersten Moment profan erscheinen, jedoch gibt es in Byzanz die Regel das nur der Kaiser, bzw. Personen der kaiserlichen Familie rote Schuhe tragen d\u00fcrfen<sup id=\"rf1-27972\"><a href=\"#fn1-27972\" title=\"vergleiche Mosaiken in San Appolinare Nouvo, Ravenna \" rel=\"footnote\">1<\/a><\/sup><\/p>\n<p>Charles Reginald Dodwell will in diesen Personen den <em>ostuarius<\/em>, den Obertormeister, sowie den <em>saccelarius<\/em>, den S\u00e4ckler, sehen<sup id=\"rf2-27972\"><a href=\"#fn2-27972\" title=\" Charles Reginald Dodwell The Pictorial Arts of the West, 800-1200 S.74 \" rel=\"footnote\">2<\/a><\/sup> Micheal Patella identifiziert die Person zur Karls Rechten jedoch als Graf Vivian von Tours, Laienabt des Klosters St. Martin in Tours und Auftraggeber der Bibel, der diese dem K\u00f6nig pr\u00e4sentiert<sup id=\"rf3-27972\"><a href=\"#fn3-27972\" title=\" Word and Image: The Hermeneutics of the Saint John&#8217;s Bible  von Michael Patella S. 63 \" rel=\"footnote\">3<\/a><\/sup>, wobei dieser das Amt des camerarius (K\u00e4mmerer) inne hatte und nicht das das ihm unterstellten sacelarius<sup id=\"rf4-27972\"><a href=\"#fn4-27972\" title=\" vgl Regesta Imperii: &lt;a href=&quot;http:\/\/www.regesta-imperii.de\/id\/0843-02-18_1_0_1_2_1_356_356&quot; target=&quot;_blank&quot;&gt;http:\/\/www.regesta-imperii.de\/id\/0843-02-18_1_0_1_2_1_356_356&lt;\/a&gt; \" rel=\"footnote\">4<\/a><\/sup> Ob er dieses Amt aber \u00fcberhaupt noch inne hat als er zwischen  September 843 und 5. Januar 845 Laienabt von Tours wurde ist nicht bekannt.<\/p>\n<p>Das Bildprogramm wird nun etwas klarer. Der Auftraggeber der Bibel ist Graf Vivian (Comes Vivianus), einer der engsten Vertrauten Karls des Kahlen w\u00e4hrend dessen Aufstiegs. Im Amt des <em>camerarius<\/em> war er zwar nicht an h\u00f6chster Stelle der Hof\u00e4mter, aber wohl in der Stellung die dem K\u00f6nig und seiner Familie am n\u00e4chsten stand.<sup id=\"rf5-27972\"><a href=\"#fn5-27972\" title=\" Ironischer Weise starb Vivian auf einem Feldzug gegen die Bretonen 851 als einer der Heerf\u00fchrer, nachdem Karl mit seinen Truppenteilen, darunter &#8222;geliehene&#8220; Sachsen,  flieht. Die Leiche Vivians bleibt unbeerdigt auf dem Schlachtfeld bei Grand-Fougeray liegen.\" rel=\"footnote\">5<\/a><\/sup>  Er l\u00e4sst sich im wahrsten Sinne des Wortes auf Augenh\u00f6he mit dem K\u00f6nig zeigen. Fast im famili\u00e4ren Verh\u00e4ltnis.<\/p>\n<p>Interessant zur Darstellung Vivians ist eine Anmerkung von Patrick Henriet<sup id=\"rf6-27972\"><a href=\"#fn6-27972\" title=\" Patrick Henriet La mort comme revelateur ideologique in Autour des morts S.70 \" rel=\"footnote\">6<\/a><\/sup> das Vivian auf Wolken steht und daher als bereits verstorben betrachtet werden m\u00fcsse , was die Entstehung auf nach 851 schieben w\u00fcrde.<\/p>\n<p>Doch tats\u00e4chlich markant ist die Kleidung der &#8222;Zivlisten&#8220;. Wie bereits erw\u00e4hnt zeigen ihre Tuniken 2 Clavi, Ihre Hosenbeine sind durch Riemen unterhalb des Knies verziert, w\u00e4hrend die Wadenbinden nicht wie herk\u00f6mmliche Wadenbinden wirken und die F\u00fc\u00dfe, bzw. Zehen nicht durch Schuhe bedeckt sind. Oder kurz gesagt, sie wirken byzantinisch, denn tats\u00e4chlich war  die &#8222;zehenfrei&#8220;-Konstruktion aus Wickeln und Sandalen zumindest in Byzanz zu jener Zeit sehr beliebt.<\/p>\n<p>Haben also Vivians M\u00f6nche byzantinische Vorlagen zur Gestaltung genutzt? Was die Anordnung der Personen, bzw. den Aufbau des Bildes angeht, so hat man sich an den sp\u00e4tantiken Vorlagen orientiert. Schlie\u00dflich war St. Martin Tours ein Zentrum f\u00fcr sp\u00e4tantike Vorlagen. Die Gestaltung der Tuniken der realexistierenden Personen, also mit ausnahmen der allegorischen Darstellung von Krethi und Plethi, sollte andere Vorbilder haben.<\/p>\n<p>Der Hof Karls des Kahlen galt als Zentrum der Byzantintisierung. Es wird berichtet das Karl  sich 869 als <em>novus constantinus<\/em> ausriefen lies und in Ponthion <em>graecisco more paratus et coronatus<\/em> nach griechischer Art gekleidet und gekr\u00f6nt auftrat.<sup id=\"rf7-27972\"><a href=\"#fn7-27972\" title=\" Ute Schwab , Die vielen Kleider der Passion in  Theodisca S.323 \" rel=\"footnote\">7<\/a><\/sup><br \/>\nAls K\u00e4mmerer kannte Vivian nicht nur die Familie des K\u00f6nigs, sondern auch seine Kleidungsgewohnheiten, Geschenke die von Gesandtschaften kamen und auch die Geschenke die an andere Herrscher vergeben wurden.<br \/>\nDie beliebtesten Gesandtschaften waren jene aus  Byzanz, die Wort w\u00f6rtlich hofiert wurden bei ihren Anwesenheit. Fr\u00e4nkische Gesandtschaft wurden dagegen bei einem Besuch in Byzanz schon mal 80 Tage warten gelassen, bevor sie zum Basileus vorgelassen wurden.<\/p>\n<p>Die Darstellung arbeitet folglich auf mehreren Ebenen. Auf Vivians pers\u00f6nlicher Ebene die seine Beziehung zum K\u00f6nig darstellt, ihn nahe an den K\u00f6nig heranr\u00fcckt, aber auch auf der Ebene des K\u00f6nigs, bzw. einer ihm schmeichelnder Ebene. Diese stellt ihn auf die Ebene mit dem byzantinischen Kaiser, ohne dabei die Referenz an K\u00f6nig David durc Kethi und Plethi zu verlieren, die die Franken mit den Israeliten gleichstellt. Und alle befinden zu auch in der Pose einer klassischen  philosophischen Verhandlung.<\/p>\n<p><strong>Beschreibung der dargestellten Kleidung:<\/strong><br \/>\nDie Kleidung der hohen religi\u00f6sen W\u00fcrdentr\u00e4ger im unteren Bildbereich entspricht dem was aus arch\u00e4ologischen Befunden aus Gr\u00e4bern bekannt ist. An F\u00fc\u00dfen, zum Teil auch an den H\u00e4nden, zeigt sich die Albe (Alba, von Tunica Alba &#8211; wei\u00dfe Tunika ) Sie besitzt eng anliegende \u00c4rmel und Reicht bis bis auf den Boden. Die Darstellung entspricht dem Schnitt den ich mit dem Nachschneidern der Ulrichsdalmatika erreichen konnte.<br \/>\nDar\u00fcber wird die cremefarben dargestellte Dalmatika getragen die bis \u00fcber die Knie reicht. Sie ist mit roten Clavi verziert, neben denen sich V-f\u00f6rmige weitere Verzierungen befinden, die den Eindruck von kurzen aufgen\u00e4ht erscheinenden Stoffb\u00e4ndern erwecken. Hier\u00fcber wird die Kasel getragen, deren Saum und Zierstreifen immer goldfarben dargestellt sind. Der Stoff der Kassel wird jedoch unterschiedlich dargestellt, sowohl in Farbe als auch Musterung. Die durch Gruppen von Dreierpunkten angedeutete Stoffmusterung verweist auf damaszierte Seidenstoffe. In der linken Hand tragen die Kleriker den Manipel.<br \/>\nIn ihrer Darstellung unterscheiden sich drei Kleriker am linken Bildrand von den \u00dcbrigen, da sie weitaus weniger verziert erscheinen. Es handelt sich dabei um die drei M\u00f6nche aus St. Martin die die Bibel ausf\u00fchrten und sie nun gemeinsam dem K\u00f6nig \u00fcberreichen werden.<\/p>\n<p>Im Gegensatz zur Tunika Karls des Kahlen im 20 Jahre sp\u00e4ter entstandenen Sakramentar Karls des Kahlen<sup id=\"rf8-27972\"><a href=\"#fn8-27972\" title=\" Abbildung &lt;a href=&quot;http:\/\/upload.wikimedia.org\/wikipedia\/commons\/d\/de\/Couronnement_d%27un_prince_-_Sacramentaire_de_Charles_le_Chauve_Lat1141_f2v.jpg&quot; target=&quot;_blank&quot;&gt;Wikipedia&lt;\/a&gt; \" rel=\"footnote\">8<\/a><\/sup>, bei der ebenfalls dreier Gruppen von Punkten genutzt werden um eine Damaszierung darzustellen, weist die Tunika Vivians keine Punkte auf. Jedoch sind im Faltenwurf der Tunika mit Goldfarbe Lichtrefelexe dargestellt, die auf die Verwendung von Seide als Material hinweisen. Die Tunika ist in byzantinischem Stil mit 2 Clavi verziert, ein verzierter Saum am Handgelenk fehlt. Am unteren hingegen ist mit einem Rankenband verziert und besitzt eine seitliche Schlitzung. Die Saumverziehrung mit Ranken hebt sich von den restlichen Saumverzierungen ab, da diese sich geometrisch darstellen.<br \/>\nDie Hosen Vivians sind unterhalb der Knie mit Riemen, oder besser doppelten, goldfarbigen B\u00e4ndern gebunden. Diese B\u00e4nder legen nahe das Vivian und auch die anderen weltlichen Personen kein Hose sondern Beinlinge, bzw. Str\u00fcmpfe tragen, die bis auf die Oberschenkel reichen (ganz \u00e4hnlich Pontifikalstr\u00fcmpfen) und kein Fu\u00dfteil besa\u00dfen<sup id=\"rf9-27972\"><a href=\"#fn9-27972\" title=\" Ein Model langer, nach byzantinischer Art gefertigter Beinlinge\/Str\u00fcmpfe des 8. Jhd., jedoch mit Fu\u00dfteil findet sich beim &lt;a href=&quot;http:\/\/www.metmuseum.org\/collection\/the-collection-online\/search\/327519&quot; target=&quot;_blank&quot;&gt;Metropopolitan Museum of Art&lt;\/a&gt;. \" rel=\"footnote\">9<\/a><\/sup><br \/>\nDie Schuhkonstruktion die der K\u00fcnstler verwendet weist jedoch Fehler auf. Dieser fast kniehohe Hybrid aus Stiefel und Sandale bestand aus Leder und wurde auf der Vorderseite geschn\u00fcrt. Stattdessen ist aber auf der Abbildung nur eine Wicklung zu erkennen. Es ist daher anzunehmen das der K\u00fcnstler die Schuhe nicht aus eigener Anschauung kannte und sie von einer Vorlage, m\u00f6glicherweise ein Konsulardyptichon oder \u00e4hnlichem, abzeichnete. Dabei interpretierte er die Schn\u00fcrung als angedeutete Wicklung, \u00fcbernahm aber den wulstigen Rand an Zehen und Wade.<sup id=\"rf10-27972\"><a href=\"#fn10-27972\" title=\"vgl. z.B. den &lt;a href=&quot;http:\/\/upload.wikimedia.org\/wikipedia\/commons\/8\/8e\/Diptych_Barberini_Louvre_OA9063_whole.jpg&quot; target=&quot;_blank&quot;&gt;Barberini Dyptichon&lt;\/a&gt; \" rel=\"footnote\">10<\/a><\/sup><\/p>\n<p>Wie weit die Darstellung der Kleidung nun dem Zeichner bekannt war, oder was tats\u00e4chlich so bei Hofe getragen wurde ist schwer zu entscheiden, jedoch scheint es als sei sehr viel Byzantinisches bereits weit vor Theophanu im fr\u00e4nkischen Reich angekommen.<\/p>\n<p>Leider konnte ich aus Zeit und anderen Gr\u00fcnden nicht alles Unterbringen, das mir im Kopf rum schwirrt. Bitte das zu entschuldigen.<\/p>\n<hr class=\"footnotes\"><ol class=\"footnotes\" style=\"list-style-type:decimal\"><li id=\"fn1-27972\"><p >vergleiche Mosaiken in San Appolinare Nouvo, Ravenna &nbsp;<a href=\"#rf1-27972\" class=\"backlink\" title=\"Return to footnote 1.\">&#8617;<\/a><\/p><\/li><li id=\"fn2-27972\"><p > Charles Reginald Dodwell The Pictorial Arts of the West, 800-1200 S.74 &nbsp;<a href=\"#rf2-27972\" class=\"backlink\" title=\"Return to footnote 2.\">&#8617;<\/a><\/p><\/li><li id=\"fn3-27972\"><p > Word and Image: The Hermeneutics of the Saint John&#8217;s Bible  von Michael Patella S. 63 &nbsp;<a href=\"#rf3-27972\" class=\"backlink\" title=\"Return to footnote 3.\">&#8617;<\/a><\/p><\/li><li id=\"fn4-27972\"><p > vgl Regesta Imperii: <a href=\"http:\/\/www.regesta-imperii.de\/id\/0843-02-18_1_0_1_2_1_356_356\" target=\"_blank\">http:\/\/www.regesta-imperii.de\/id\/0843-02-18_1_0_1_2_1_356_356<\/a> &nbsp;<a href=\"#rf4-27972\" class=\"backlink\" title=\"Return to footnote 4.\">&#8617;<\/a><\/p><\/li><li id=\"fn5-27972\"><p > Ironischer Weise starb Vivian auf einem Feldzug gegen die Bretonen 851 als einer der Heerf\u00fchrer, nachdem Karl mit seinen Truppenteilen, darunter &#8222;geliehene&#8220; Sachsen,  flieht. Die Leiche Vivians bleibt unbeerdigt auf dem Schlachtfeld bei Grand-Fougeray liegen.&nbsp;<a href=\"#rf5-27972\" class=\"backlink\" title=\"Return to footnote 5.\">&#8617;<\/a><\/p><\/li><li id=\"fn6-27972\"><p > Patrick Henriet La mort comme revelateur ideologique in Autour des morts S.70 &nbsp;<a href=\"#rf6-27972\" class=\"backlink\" title=\"Return to footnote 6.\">&#8617;<\/a><\/p><\/li><li id=\"fn7-27972\"><p > Ute Schwab , Die vielen Kleider der Passion in  Theodisca S.323 &nbsp;<a href=\"#rf7-27972\" class=\"backlink\" title=\"Return to footnote 7.\">&#8617;<\/a><\/p><\/li><li id=\"fn8-27972\"><p > Abbildung <a href=\"http:\/\/upload.wikimedia.org\/wikipedia\/commons\/d\/de\/Couronnement_d%27un_prince_-_Sacramentaire_de_Charles_le_Chauve_Lat1141_f2v.jpg\" target=\"_blank\">Wikipedia<\/a> &nbsp;<a href=\"#rf8-27972\" class=\"backlink\" title=\"Return to footnote 8.\">&#8617;<\/a><\/p><\/li><li id=\"fn9-27972\"><p > Ein Model langer, nach byzantinischer Art gefertigter Beinlinge\/Str\u00fcmpfe des 8. Jhd., jedoch mit Fu\u00dfteil findet sich beim <a href=\"http:\/\/www.metmuseum.org\/collection\/the-collection-online\/search\/327519\" target=\"_blank\">Metropopolitan Museum of Art<\/a>. &nbsp;<a href=\"#rf9-27972\" class=\"backlink\" title=\"Return to footnote 9.\">&#8617;<\/a><\/p><\/li><li id=\"fn10-27972\"><p >vgl. z.B. den <a href=\"http:\/\/upload.wikimedia.org\/wikipedia\/commons\/8\/8e\/Diptych_Barberini_Louvre_OA9063_whole.jpg\" target=\"_blank\">Barberini Dyptichon<\/a> &nbsp;<a href=\"#rf10-27972\" class=\"backlink\" title=\"Return to footnote 10.\">&#8617;<\/a><\/p><\/li><\/ol>","protected":false},"excerpt":{"rendered":"<p>Seit mehr als 2 Wochen und mehr als 2000 W\u00f6rtern schreib ich an einem Zusatzartikel zur karolingischen Kleidung und verzettelte mich derartig, dass ich mal Abstand brauche. Ich mich daher etwas angenommen, das mich&#46;&#46;&#46;<\/p>\n","protected":false},"author":2,"featured_media":28941,"comment_status":"open","ping_status":"open","sticky":false,"template":"","format":"standard","meta":{"jetpack_post_was_ever_published":false,"_jetpack_newsletter_access":"","_jetpack_dont_email_post_to_subs":false,"_jetpack_newsletter_tier_id":0,"_jetpack_memberships_contains_paywalled_content":false,"_jetpack_memberships_contains_paid_content":false,"footnotes":"","jetpack_publicize_message":"","jetpack_publicize_feature_enabled":true,"jetpack_social_post_already_shared":true,"jetpack_social_options":{"image_generator_settings":{"template":"highway","default_image_id":0,"font":"","enabled":false},"version":2}},"categories":[1],"tags":[53,11,32,49],"class_list":["post-27972","post","type-post","status-publish","format-standard","has-post-thumbnail","hentry","category-geschichte","tag-byzantinisch","tag-fruhmittelalter","tag-karolingisch","tag-recherche"],"yoast_head":"<!-- This site is optimized with the Yoast SEO plugin v27.5 - https:\/\/yoast.com\/product\/yoast-seo-wordpress\/ -->\n<title>Das Widmungsbild der Vivian Bibel (f.423r) - Tribur.de<\/title>\n<meta name=\"robots\" content=\"index, follow, max-snippet:-1, max-image-preview:large, max-video-preview:-1\" \/>\n<link rel=\"canonical\" href=\"https:\/\/www.tribur.de\/blog\/2014\/12\/22\/das-widmungsbild-der-vivian-bibel-f-423r\/\" \/>\n<meta property=\"og:locale\" content=\"de_DE\" \/>\n<meta property=\"og:type\" content=\"article\" \/>\n<meta property=\"og:title\" content=\"Das Widmungsbild der Vivian Bibel (f.423r) - Tribur.de\" \/>\n<meta property=\"og:description\" content=\"Seit mehr als 2 Wochen und mehr als 2000 W\u00f6rtern schreib ich an einem Zusatzartikel zur karolingischen Kleidung und verzettelte mich derartig, dass ich mal Abstand brauche. Ich mich daher etwas angenommen, das mich&#046;&#046;&#046;\" \/>\n<meta property=\"og:url\" content=\"https:\/\/www.tribur.de\/blog\/2014\/12\/22\/das-widmungsbild-der-vivian-bibel-f-423r\/\" \/>\n<meta property=\"og:site_name\" content=\"Tribur.de\" \/>\n<meta property=\"article:publisher\" content=\"http:\/\/www.facebook.com\/pages\/Triburde\/184352328288771\" \/>\n<meta property=\"article:author\" content=\"http:\/\/www.facebook.com\/pages\/Triburde\/184352328288771\" \/>\n<meta property=\"article:published_time\" content=\"2014-12-22T17:08:41+00:00\" \/>\n<meta property=\"article:modified_time\" content=\"2018-09-14T19:13:47+00:00\" \/>\n<meta property=\"og:image\" content=\"https:\/\/i0.wp.com\/www.tribur.de\/blog\/wp-content\/uploads\/2017\/02\/ScreenKarolinger.jpg?fit=800%2C264&ssl=1\" \/>\n\t<meta property=\"og:image:width\" content=\"800\" \/>\n\t<meta property=\"og:image:height\" content=\"264\" \/>\n\t<meta property=\"og:image:type\" content=\"image\/jpeg\" \/>\n<meta name=\"author\" content=\"Markus Zwittmeier\" \/>\n<meta name=\"twitter:card\" content=\"summary_large_image\" \/>\n<meta name=\"twitter:creator\" content=\"@https:\/\/twitter.com\/tribur\" \/>\n<meta name=\"twitter:site\" content=\"@tribur\" \/>\n<meta name=\"twitter:label1\" content=\"Verfasst von\" \/>\n\t<meta name=\"twitter:data1\" content=\"Markus Zwittmeier\" \/>\n\t<meta name=\"twitter:label2\" content=\"Gesch\u00e4tzte Lesezeit\" \/>\n\t<meta name=\"twitter:data2\" content=\"7\u00a0Minuten\" \/>\n<script type=\"application\/ld+json\" class=\"yoast-schema-graph\">{\"@context\":\"https:\\\/\\\/schema.org\",\"@graph\":[{\"@type\":\"Article\",\"@id\":\"https:\\\/\\\/www.tribur.de\\\/blog\\\/2014\\\/12\\\/22\\\/das-widmungsbild-der-vivian-bibel-f-423r\\\/#article\",\"isPartOf\":{\"@id\":\"https:\\\/\\\/www.tribur.de\\\/blog\\\/2014\\\/12\\\/22\\\/das-widmungsbild-der-vivian-bibel-f-423r\\\/\"},\"author\":{\"name\":\"Markus Zwittmeier\",\"@id\":\"https:\\\/\\\/www.tribur.de\\\/blog\\\/#\\\/schema\\\/person\\\/3119997f09f43791809c2d1af27bba6c\"},\"headline\":\"Das Widmungsbild der Vivian Bibel (f.423r)\",\"datePublished\":\"2014-12-22T17:08:41+00:00\",\"dateModified\":\"2018-09-14T19:13:47+00:00\",\"mainEntityOfPage\":{\"@id\":\"https:\\\/\\\/www.tribur.de\\\/blog\\\/2014\\\/12\\\/22\\\/das-widmungsbild-der-vivian-bibel-f-423r\\\/\"},\"wordCount\":1465,\"commentCount\":0,\"publisher\":{\"@id\":\"https:\\\/\\\/www.tribur.de\\\/blog\\\/#\\\/schema\\\/person\\\/3119997f09f43791809c2d1af27bba6c\"},\"image\":{\"@id\":\"https:\\\/\\\/www.tribur.de\\\/blog\\\/2014\\\/12\\\/22\\\/das-widmungsbild-der-vivian-bibel-f-423r\\\/#primaryimage\"},\"thumbnailUrl\":\"https:\\\/\\\/i0.wp.com\\\/www.tribur.de\\\/blog\\\/wp-content\\\/uploads\\\/2017\\\/02\\\/ScreenKarolinger.jpg?fit=800%2C264&ssl=1\",\"keywords\":[\"byzantinisch\",\"Fr\u00fchmittelalter\",\"karolingisch\",\"Recherche\"],\"articleSection\":[\"Geschichte\"],\"inLanguage\":\"de\",\"potentialAction\":[{\"@type\":\"CommentAction\",\"name\":\"Comment\",\"target\":[\"https:\\\/\\\/www.tribur.de\\\/blog\\\/2014\\\/12\\\/22\\\/das-widmungsbild-der-vivian-bibel-f-423r\\\/#respond\"]}]},{\"@type\":\"WebPage\",\"@id\":\"https:\\\/\\\/www.tribur.de\\\/blog\\\/2014\\\/12\\\/22\\\/das-widmungsbild-der-vivian-bibel-f-423r\\\/\",\"url\":\"https:\\\/\\\/www.tribur.de\\\/blog\\\/2014\\\/12\\\/22\\\/das-widmungsbild-der-vivian-bibel-f-423r\\\/\",\"name\":\"Das Widmungsbild der Vivian Bibel (f.423r) - Tribur.de\",\"isPartOf\":{\"@id\":\"https:\\\/\\\/www.tribur.de\\\/blog\\\/#website\"},\"primaryImageOfPage\":{\"@id\":\"https:\\\/\\\/www.tribur.de\\\/blog\\\/2014\\\/12\\\/22\\\/das-widmungsbild-der-vivian-bibel-f-423r\\\/#primaryimage\"},\"image\":{\"@id\":\"https:\\\/\\\/www.tribur.de\\\/blog\\\/2014\\\/12\\\/22\\\/das-widmungsbild-der-vivian-bibel-f-423r\\\/#primaryimage\"},\"thumbnailUrl\":\"https:\\\/\\\/i0.wp.com\\\/www.tribur.de\\\/blog\\\/wp-content\\\/uploads\\\/2017\\\/02\\\/ScreenKarolinger.jpg?fit=800%2C264&ssl=1\",\"datePublished\":\"2014-12-22T17:08:41+00:00\",\"dateModified\":\"2018-09-14T19:13:47+00:00\",\"breadcrumb\":{\"@id\":\"https:\\\/\\\/www.tribur.de\\\/blog\\\/2014\\\/12\\\/22\\\/das-widmungsbild-der-vivian-bibel-f-423r\\\/#breadcrumb\"},\"inLanguage\":\"de\",\"potentialAction\":[{\"@type\":\"ReadAction\",\"target\":[\"https:\\\/\\\/www.tribur.de\\\/blog\\\/2014\\\/12\\\/22\\\/das-widmungsbild-der-vivian-bibel-f-423r\\\/\"]}]},{\"@type\":\"ImageObject\",\"inLanguage\":\"de\",\"@id\":\"https:\\\/\\\/www.tribur.de\\\/blog\\\/2014\\\/12\\\/22\\\/das-widmungsbild-der-vivian-bibel-f-423r\\\/#primaryimage\",\"url\":\"https:\\\/\\\/i0.wp.com\\\/www.tribur.de\\\/blog\\\/wp-content\\\/uploads\\\/2017\\\/02\\\/ScreenKarolinger.jpg?fit=800%2C264&ssl=1\",\"contentUrl\":\"https:\\\/\\\/i0.wp.com\\\/www.tribur.de\\\/blog\\\/wp-content\\\/uploads\\\/2017\\\/02\\\/ScreenKarolinger.jpg?fit=800%2C264&ssl=1\",\"width\":800,\"height\":264},{\"@type\":\"BreadcrumbList\",\"@id\":\"https:\\\/\\\/www.tribur.de\\\/blog\\\/2014\\\/12\\\/22\\\/das-widmungsbild-der-vivian-bibel-f-423r\\\/#breadcrumb\",\"itemListElement\":[{\"@type\":\"ListItem\",\"position\":1,\"name\":\"Home\",\"item\":\"https:\\\/\\\/www.tribur.de\\\/blog\\\/\"},{\"@type\":\"ListItem\",\"position\":2,\"name\":\"Das Widmungsbild der Vivian Bibel (f.423r)\"}]},{\"@type\":\"WebSite\",\"@id\":\"https:\\\/\\\/www.tribur.de\\\/blog\\\/#website\",\"url\":\"https:\\\/\\\/www.tribur.de\\\/blog\\\/\",\"name\":\"Tribur.de\",\"description\":\"Tribur.de - Geschichte und so Zeugs\",\"publisher\":{\"@id\":\"https:\\\/\\\/www.tribur.de\\\/blog\\\/#\\\/schema\\\/person\\\/3119997f09f43791809c2d1af27bba6c\"},\"potentialAction\":[{\"@type\":\"SearchAction\",\"target\":{\"@type\":\"EntryPoint\",\"urlTemplate\":\"https:\\\/\\\/www.tribur.de\\\/blog\\\/?s={search_term_string}\"},\"query-input\":{\"@type\":\"PropertyValueSpecification\",\"valueRequired\":true,\"valueName\":\"search_term_string\"}}],\"inLanguage\":\"de\"},{\"@type\":[\"Person\",\"Organization\"],\"@id\":\"https:\\\/\\\/www.tribur.de\\\/blog\\\/#\\\/schema\\\/person\\\/3119997f09f43791809c2d1af27bba6c\",\"name\":\"Markus Zwittmeier\",\"image\":{\"@type\":\"ImageObject\",\"inLanguage\":\"de\",\"@id\":\"https:\\\/\\\/i0.wp.com\\\/www.tribur.de\\\/blog\\\/wp-content\\\/uploads\\\/2018\\\/09\\\/cropped-logotest-4.jpg?fit=200%2C200&ssl=1\",\"url\":\"https:\\\/\\\/i0.wp.com\\\/www.tribur.de\\\/blog\\\/wp-content\\\/uploads\\\/2018\\\/09\\\/cropped-logotest-4.jpg?fit=200%2C200&ssl=1\",\"contentUrl\":\"https:\\\/\\\/i0.wp.com\\\/www.tribur.de\\\/blog\\\/wp-content\\\/uploads\\\/2018\\\/09\\\/cropped-logotest-4.jpg?fit=200%2C200&ssl=1\",\"width\":200,\"height\":200,\"caption\":\"Markus Zwittmeier\"},\"logo\":{\"@id\":\"https:\\\/\\\/i0.wp.com\\\/www.tribur.de\\\/blog\\\/wp-content\\\/uploads\\\/2018\\\/09\\\/cropped-logotest-4.jpg?fit=200%2C200&ssl=1\"},\"sameAs\":[\"http:\\\/\\\/www.Tribur.de\",\"http:\\\/\\\/www.facebook.com\\\/pages\\\/Triburde\\\/184352328288771\",\"https:\\\/\\\/www.instagram.com\\\/tribur.de\\\/\",\"https:\\\/\\\/x.com\\\/https:\\\/\\\/twitter.com\\\/tribur\",\"https:\\\/\\\/www.youtube.com\\\/channel\\\/UCnEonou-x6_P4XPjBk2htCA\"],\"url\":\"https:\\\/\\\/www.tribur.de\\\/blog\\\/author\\\/markus\\\/\"}]}<\/script>\n<!-- \/ Yoast SEO plugin. -->","yoast_head_json":{"title":"Das Widmungsbild der Vivian Bibel (f.423r) - Tribur.de","robots":{"index":"index","follow":"follow","max-snippet":"max-snippet:-1","max-image-preview":"max-image-preview:large","max-video-preview":"max-video-preview:-1"},"canonical":"https:\/\/www.tribur.de\/blog\/2014\/12\/22\/das-widmungsbild-der-vivian-bibel-f-423r\/","og_locale":"de_DE","og_type":"article","og_title":"Das Widmungsbild der Vivian Bibel (f.423r) - Tribur.de","og_description":"Seit mehr als 2 Wochen und mehr als 2000 W\u00f6rtern schreib ich an einem Zusatzartikel zur karolingischen Kleidung und verzettelte mich derartig, dass ich mal Abstand brauche. Ich mich daher etwas angenommen, das mich&#46;&#46;&#46;","og_url":"https:\/\/www.tribur.de\/blog\/2014\/12\/22\/das-widmungsbild-der-vivian-bibel-f-423r\/","og_site_name":"Tribur.de","article_publisher":"http:\/\/www.facebook.com\/pages\/Triburde\/184352328288771","article_author":"http:\/\/www.facebook.com\/pages\/Triburde\/184352328288771","article_published_time":"2014-12-22T17:08:41+00:00","article_modified_time":"2018-09-14T19:13:47+00:00","og_image":[{"width":800,"height":264,"url":"https:\/\/i0.wp.com\/www.tribur.de\/blog\/wp-content\/uploads\/2017\/02\/ScreenKarolinger.jpg?fit=800%2C264&ssl=1","type":"image\/jpeg"}],"author":"Markus Zwittmeier","twitter_card":"summary_large_image","twitter_creator":"@https:\/\/twitter.com\/tribur","twitter_site":"@tribur","twitter_misc":{"Verfasst von":"Markus Zwittmeier","Gesch\u00e4tzte Lesezeit":"7\u00a0Minuten"},"schema":{"@context":"https:\/\/schema.org","@graph":[{"@type":"Article","@id":"https:\/\/www.tribur.de\/blog\/2014\/12\/22\/das-widmungsbild-der-vivian-bibel-f-423r\/#article","isPartOf":{"@id":"https:\/\/www.tribur.de\/blog\/2014\/12\/22\/das-widmungsbild-der-vivian-bibel-f-423r\/"},"author":{"name":"Markus Zwittmeier","@id":"https:\/\/www.tribur.de\/blog\/#\/schema\/person\/3119997f09f43791809c2d1af27bba6c"},"headline":"Das Widmungsbild der Vivian Bibel (f.423r)","datePublished":"2014-12-22T17:08:41+00:00","dateModified":"2018-09-14T19:13:47+00:00","mainEntityOfPage":{"@id":"https:\/\/www.tribur.de\/blog\/2014\/12\/22\/das-widmungsbild-der-vivian-bibel-f-423r\/"},"wordCount":1465,"commentCount":0,"publisher":{"@id":"https:\/\/www.tribur.de\/blog\/#\/schema\/person\/3119997f09f43791809c2d1af27bba6c"},"image":{"@id":"https:\/\/www.tribur.de\/blog\/2014\/12\/22\/das-widmungsbild-der-vivian-bibel-f-423r\/#primaryimage"},"thumbnailUrl":"https:\/\/i0.wp.com\/www.tribur.de\/blog\/wp-content\/uploads\/2017\/02\/ScreenKarolinger.jpg?fit=800%2C264&ssl=1","keywords":["byzantinisch","Fr\u00fchmittelalter","karolingisch","Recherche"],"articleSection":["Geschichte"],"inLanguage":"de","potentialAction":[{"@type":"CommentAction","name":"Comment","target":["https:\/\/www.tribur.de\/blog\/2014\/12\/22\/das-widmungsbild-der-vivian-bibel-f-423r\/#respond"]}]},{"@type":"WebPage","@id":"https:\/\/www.tribur.de\/blog\/2014\/12\/22\/das-widmungsbild-der-vivian-bibel-f-423r\/","url":"https:\/\/www.tribur.de\/blog\/2014\/12\/22\/das-widmungsbild-der-vivian-bibel-f-423r\/","name":"Das Widmungsbild der Vivian Bibel (f.423r) - Tribur.de","isPartOf":{"@id":"https:\/\/www.tribur.de\/blog\/#website"},"primaryImageOfPage":{"@id":"https:\/\/www.tribur.de\/blog\/2014\/12\/22\/das-widmungsbild-der-vivian-bibel-f-423r\/#primaryimage"},"image":{"@id":"https:\/\/www.tribur.de\/blog\/2014\/12\/22\/das-widmungsbild-der-vivian-bibel-f-423r\/#primaryimage"},"thumbnailUrl":"https:\/\/i0.wp.com\/www.tribur.de\/blog\/wp-content\/uploads\/2017\/02\/ScreenKarolinger.jpg?fit=800%2C264&ssl=1","datePublished":"2014-12-22T17:08:41+00:00","dateModified":"2018-09-14T19:13:47+00:00","breadcrumb":{"@id":"https:\/\/www.tribur.de\/blog\/2014\/12\/22\/das-widmungsbild-der-vivian-bibel-f-423r\/#breadcrumb"},"inLanguage":"de","potentialAction":[{"@type":"ReadAction","target":["https:\/\/www.tribur.de\/blog\/2014\/12\/22\/das-widmungsbild-der-vivian-bibel-f-423r\/"]}]},{"@type":"ImageObject","inLanguage":"de","@id":"https:\/\/www.tribur.de\/blog\/2014\/12\/22\/das-widmungsbild-der-vivian-bibel-f-423r\/#primaryimage","url":"https:\/\/i0.wp.com\/www.tribur.de\/blog\/wp-content\/uploads\/2017\/02\/ScreenKarolinger.jpg?fit=800%2C264&ssl=1","contentUrl":"https:\/\/i0.wp.com\/www.tribur.de\/blog\/wp-content\/uploads\/2017\/02\/ScreenKarolinger.jpg?fit=800%2C264&ssl=1","width":800,"height":264},{"@type":"BreadcrumbList","@id":"https:\/\/www.tribur.de\/blog\/2014\/12\/22\/das-widmungsbild-der-vivian-bibel-f-423r\/#breadcrumb","itemListElement":[{"@type":"ListItem","position":1,"name":"Home","item":"https:\/\/www.tribur.de\/blog\/"},{"@type":"ListItem","position":2,"name":"Das Widmungsbild der Vivian Bibel (f.423r)"}]},{"@type":"WebSite","@id":"https:\/\/www.tribur.de\/blog\/#website","url":"https:\/\/www.tribur.de\/blog\/","name":"Tribur.de","description":"Tribur.de - Geschichte und so Zeugs","publisher":{"@id":"https:\/\/www.tribur.de\/blog\/#\/schema\/person\/3119997f09f43791809c2d1af27bba6c"},"potentialAction":[{"@type":"SearchAction","target":{"@type":"EntryPoint","urlTemplate":"https:\/\/www.tribur.de\/blog\/?s={search_term_string}"},"query-input":{"@type":"PropertyValueSpecification","valueRequired":true,"valueName":"search_term_string"}}],"inLanguage":"de"},{"@type":["Person","Organization"],"@id":"https:\/\/www.tribur.de\/blog\/#\/schema\/person\/3119997f09f43791809c2d1af27bba6c","name":"Markus Zwittmeier","image":{"@type":"ImageObject","inLanguage":"de","@id":"https:\/\/i0.wp.com\/www.tribur.de\/blog\/wp-content\/uploads\/2018\/09\/cropped-logotest-4.jpg?fit=200%2C200&ssl=1","url":"https:\/\/i0.wp.com\/www.tribur.de\/blog\/wp-content\/uploads\/2018\/09\/cropped-logotest-4.jpg?fit=200%2C200&ssl=1","contentUrl":"https:\/\/i0.wp.com\/www.tribur.de\/blog\/wp-content\/uploads\/2018\/09\/cropped-logotest-4.jpg?fit=200%2C200&ssl=1","width":200,"height":200,"caption":"Markus Zwittmeier"},"logo":{"@id":"https:\/\/i0.wp.com\/www.tribur.de\/blog\/wp-content\/uploads\/2018\/09\/cropped-logotest-4.jpg?fit=200%2C200&ssl=1"},"sameAs":["http:\/\/www.Tribur.de","http:\/\/www.facebook.com\/pages\/Triburde\/184352328288771","https:\/\/www.instagram.com\/tribur.de\/","https:\/\/x.com\/https:\/\/twitter.com\/tribur","https:\/\/www.youtube.com\/channel\/UCnEonou-x6_P4XPjBk2htCA"],"url":"https:\/\/www.tribur.de\/blog\/author\/markus\/"}]}},"jetpack_publicize_connections":[],"jetpack_featured_media_url":"https:\/\/i0.wp.com\/www.tribur.de\/blog\/wp-content\/uploads\/2017\/02\/ScreenKarolinger.jpg?fit=800%2C264&ssl=1","jetpack_shortlink":"https:\/\/wp.me\/p1mHPu-7ha","jetpack_sharing_enabled":true,"_links":{"self":[{"href":"https:\/\/www.tribur.de\/blog\/wp-json\/wp\/v2\/posts\/27972","targetHints":{"allow":["GET"]}}],"collection":[{"href":"https:\/\/www.tribur.de\/blog\/wp-json\/wp\/v2\/posts"}],"about":[{"href":"https:\/\/www.tribur.de\/blog\/wp-json\/wp\/v2\/types\/post"}],"author":[{"embeddable":true,"href":"https:\/\/www.tribur.de\/blog\/wp-json\/wp\/v2\/users\/2"}],"replies":[{"embeddable":true,"href":"https:\/\/www.tribur.de\/blog\/wp-json\/wp\/v2\/comments?post=27972"}],"version-history":[{"count":51,"href":"https:\/\/www.tribur.de\/blog\/wp-json\/wp\/v2\/posts\/27972\/revisions"}],"predecessor-version":[{"id":28954,"href":"https:\/\/www.tribur.de\/blog\/wp-json\/wp\/v2\/posts\/27972\/revisions\/28954"}],"wp:featuredmedia":[{"embeddable":true,"href":"https:\/\/www.tribur.de\/blog\/wp-json\/wp\/v2\/media\/28941"}],"wp:attachment":[{"href":"https:\/\/www.tribur.de\/blog\/wp-json\/wp\/v2\/media?parent=27972"}],"wp:term":[{"taxonomy":"category","embeddable":true,"href":"https:\/\/www.tribur.de\/blog\/wp-json\/wp\/v2\/categories?post=27972"},{"taxonomy":"post_tag","embeddable":true,"href":"https:\/\/www.tribur.de\/blog\/wp-json\/wp\/v2\/tags?post=27972"}],"curies":[{"name":"wp","href":"https:\/\/api.w.org\/{rel}","templated":true}]}}