{"id":26784,"date":"2014-06-03T16:57:00","date_gmt":"2014-06-03T15:57:00","guid":{"rendered":"http:\/\/www.tribur.de\/blog\/?p=26784"},"modified":"2014-06-03T16:57:00","modified_gmt":"2014-06-03T15:57:00","slug":"willhaim-1014-vom-25-bis-27-juli-2014","status":"publish","type":"post","link":"https:\/\/www.tribur.de\/blog\/2014\/06\/03\/willhaim-1014-vom-25-bis-27-juli-2014\/","title":{"rendered":"Willhaim 1014 vom 25. bis 27. Juli 2014"},"content":{"rendered":"<p>Nachdem Gerald Uhl, Familie &#038; Co. bereits 2010 erfolgreich einen ein ottonisches Lager in Weilheim in Oberbayern organisiert hatten, ist es nun dieses Jahr wieder soweit. <\/p>\n<p>Unter dem Titel Wilheim 1014 wird wieder geladen. Rahmenhandlung bildet die Kaiserkr\u00f6nung Heinrichs II. und sein Zug \u00fcber die Alpen von Rom nach Bamberg.<br \/>\nNat\u00fcrlich handelt es sich nicht um einen origin\u00e4reren Mittelaltermarkt, sondern um eine Veranstaltung mit musealem Anspruch (Bitte Carbone-Hemd und Elfenohren zu Hause lassen!) Dies wird auch an den gesonderten VEranstaltungsm\u00f6glichkeiten f\u00fcr KiTa und Schule deutlich. <\/p>\n<p>Eintrittspreise sind ja immer ein hei\u00dfes Thema, umso mehr  sind die Preis f\u00fcr Wilhaim 1014 ein echtes Schn\u00e4ppchen! Kinder zahlen immer 3,00\u20ac, Erwachsene aber zahlen Freitags 7,00\u20ac Samstags 5,00\u20ac und Sonntags 3,00\u20ac und jetzt kommt der Hammer: Wer Freitags seine Karte kauft (und sie pfleglich behandelt), darf damit auch Samstag und Sonntag rein. Wer Samstag kauft auch Sonntag. Das ist mal mehr als Fair. <\/p>\n<p><a href=\"http:\/\/www.wilhaim.de\/wilhaim-1014\" target=\"_blank\">Weitere Informationen finden sich hier!<\/a><\/p>\n","protected":false},"excerpt":{"rendered":"<p>Nachdem Gerald Uhl, Familie &#038; Co. bereits 2010 erfolgreich einen ein ottonisches Lager in Weilheim in Oberbayern organisiert hatten, ist es nun dieses Jahr wieder soweit. Unter dem Titel Wilheim 1014 wird wieder geladen.&#46;&#46;&#46;<\/p>\n","protected":false},"author":2,"featured_media":0,"comment_status":"open","ping_status":"open","sticky":false,"template":"","format":"standard","meta":{"jetpack_post_was_ever_published":false,"_jetpack_newsletter_access":"","_jetpack_dont_email_post_to_subs":false,"_jetpack_newsletter_tier_id":0,"_jetpack_memberships_contains_paywalled_content":false,"_jetpack_memberships_contains_paid_content":false,"footnotes":"","jetpack_publicize_message":"","jetpack_publicize_feature_enabled":true,"jetpack_social_post_already_shared":true,"jetpack_social_options":{"image_generator_settings":{"template":"highway","default_image_id":0,"font":"","enabled":false},"version":2}},"categories":[1],"tags":[],"class_list":["post-26784","post","type-post","status-publish","format-standard","hentry","category-geschichte"],"yoast_head":"<!-- This site is optimized with the Yoast SEO plugin v27.5 - https:\/\/yoast.com\/product\/yoast-seo-wordpress\/ -->\n<title>Willhaim 1014 vom 25. bis 27. Juli 2014 - Tribur.de<\/title>\n<meta name=\"robots\" content=\"index, follow, max-snippet:-1, max-image-preview:large, max-video-preview:-1\" \/>\n<link rel=\"canonical\" href=\"https:\/\/www.tribur.de\/blog\/2014\/06\/03\/willhaim-1014-vom-25-bis-27-juli-2014\/\" \/>\n<meta property=\"og:locale\" content=\"de_DE\" \/>\n<meta property=\"og:type\" content=\"article\" \/>\n<meta property=\"og:title\" content=\"Willhaim 1014 vom 25. bis 27. Juli 2014 - Tribur.de\" \/>\n<meta property=\"og:description\" content=\"Nachdem Gerald Uhl, Familie &#038; Co. bereits 2010 erfolgreich einen ein ottonisches Lager in Weilheim in Oberbayern organisiert hatten, ist es nun dieses Jahr wieder soweit. Unter dem Titel Wilheim 1014 wird wieder geladen.&#046;&#046;&#046;\" \/>\n<meta property=\"og:url\" content=\"https:\/\/www.tribur.de\/blog\/2014\/06\/03\/willhaim-1014-vom-25-bis-27-juli-2014\/\" \/>\n<meta property=\"og:site_name\" content=\"Tribur.de\" \/>\n<meta property=\"article:publisher\" content=\"http:\/\/www.facebook.com\/pages\/Triburde\/184352328288771\" \/>\n<meta property=\"article:author\" content=\"http:\/\/www.facebook.com\/pages\/Triburde\/184352328288771\" \/>\n<meta property=\"article:published_time\" content=\"2014-06-03T15:57:00+00:00\" \/>\n<meta property=\"og:image\" content=\"https:\/\/i0.wp.com\/www.tribur.de\/blog\/wp-content\/uploads\/2018\/09\/cropped-logotest-2.jpg?fit=200%2C200&ssl=1\" \/>\n\t<meta property=\"og:image:width\" content=\"200\" \/>\n\t<meta property=\"og:image:height\" content=\"200\" \/>\n\t<meta property=\"og:image:type\" content=\"image\/jpeg\" \/>\n<meta name=\"author\" content=\"Markus Zwittmeier\" \/>\n<meta name=\"twitter:card\" content=\"summary_large_image\" \/>\n<meta name=\"twitter:creator\" content=\"@https:\/\/twitter.com\/tribur\" \/>\n<meta name=\"twitter:site\" content=\"@tribur\" \/>\n<meta name=\"twitter:label1\" content=\"Verfasst von\" \/>\n\t<meta name=\"twitter:data1\" content=\"Markus Zwittmeier\" \/>\n\t<meta name=\"twitter:label2\" content=\"Gesch\u00e4tzte Lesezeit\" \/>\n\t<meta name=\"twitter:data2\" content=\"1\u00a0Minute\" \/>\n<script type=\"application\/ld+json\" class=\"yoast-schema-graph\">{\"@context\":\"https:\\\/\\\/schema.org\",\"@graph\":[{\"@type\":\"Article\",\"@id\":\"https:\\\/\\\/www.tribur.de\\\/blog\\\/2014\\\/06\\\/03\\\/willhaim-1014-vom-25-bis-27-juli-2014\\\/#article\",\"isPartOf\":{\"@id\":\"https:\\\/\\\/www.tribur.de\\\/blog\\\/2014\\\/06\\\/03\\\/willhaim-1014-vom-25-bis-27-juli-2014\\\/\"},\"author\":{\"name\":\"Markus Zwittmeier\",\"@id\":\"https:\\\/\\\/www.tribur.de\\\/blog\\\/#\\\/schema\\\/person\\\/3119997f09f43791809c2d1af27bba6c\"},\"headline\":\"Willhaim 1014 vom 25. bis 27. Juli 2014\",\"datePublished\":\"2014-06-03T15:57:00+00:00\",\"mainEntityOfPage\":{\"@id\":\"https:\\\/\\\/www.tribur.de\\\/blog\\\/2014\\\/06\\\/03\\\/willhaim-1014-vom-25-bis-27-juli-2014\\\/\"},\"wordCount\":158,\"commentCount\":1,\"publisher\":{\"@id\":\"https:\\\/\\\/www.tribur.de\\\/blog\\\/#\\\/schema\\\/person\\\/3119997f09f43791809c2d1af27bba6c\"},\"articleSection\":[\"Geschichte\"],\"inLanguage\":\"de\",\"potentialAction\":[{\"@type\":\"CommentAction\",\"name\":\"Comment\",\"target\":[\"https:\\\/\\\/www.tribur.de\\\/blog\\\/2014\\\/06\\\/03\\\/willhaim-1014-vom-25-bis-27-juli-2014\\\/#respond\"]}]},{\"@type\":\"WebPage\",\"@id\":\"https:\\\/\\\/www.tribur.de\\\/blog\\\/2014\\\/06\\\/03\\\/willhaim-1014-vom-25-bis-27-juli-2014\\\/\",\"url\":\"https:\\\/\\\/www.tribur.de\\\/blog\\\/2014\\\/06\\\/03\\\/willhaim-1014-vom-25-bis-27-juli-2014\\\/\",\"name\":\"Willhaim 1014 vom 25. bis 27. Juli 2014 - Tribur.de\",\"isPartOf\":{\"@id\":\"https:\\\/\\\/www.tribur.de\\\/blog\\\/#website\"},\"datePublished\":\"2014-06-03T15:57:00+00:00\",\"breadcrumb\":{\"@id\":\"https:\\\/\\\/www.tribur.de\\\/blog\\\/2014\\\/06\\\/03\\\/willhaim-1014-vom-25-bis-27-juli-2014\\\/#breadcrumb\"},\"inLanguage\":\"de\",\"potentialAction\":[{\"@type\":\"ReadAction\",\"target\":[\"https:\\\/\\\/www.tribur.de\\\/blog\\\/2014\\\/06\\\/03\\\/willhaim-1014-vom-25-bis-27-juli-2014\\\/\"]}]},{\"@type\":\"BreadcrumbList\",\"@id\":\"https:\\\/\\\/www.tribur.de\\\/blog\\\/2014\\\/06\\\/03\\\/willhaim-1014-vom-25-bis-27-juli-2014\\\/#breadcrumb\",\"itemListElement\":[{\"@type\":\"ListItem\",\"position\":1,\"name\":\"Home\",\"item\":\"https:\\\/\\\/www.tribur.de\\\/blog\\\/\"},{\"@type\":\"ListItem\",\"position\":2,\"name\":\"Willhaim 1014 vom 25. bis 27. Juli 2014\"}]},{\"@type\":\"WebSite\",\"@id\":\"https:\\\/\\\/www.tribur.de\\\/blog\\\/#website\",\"url\":\"https:\\\/\\\/www.tribur.de\\\/blog\\\/\",\"name\":\"Tribur.de\",\"description\":\"Tribur.de - Geschichte und so Zeugs\",\"publisher\":{\"@id\":\"https:\\\/\\\/www.tribur.de\\\/blog\\\/#\\\/schema\\\/person\\\/3119997f09f43791809c2d1af27bba6c\"},\"potentialAction\":[{\"@type\":\"SearchAction\",\"target\":{\"@type\":\"EntryPoint\",\"urlTemplate\":\"https:\\\/\\\/www.tribur.de\\\/blog\\\/?s={search_term_string}\"},\"query-input\":{\"@type\":\"PropertyValueSpecification\",\"valueRequired\":true,\"valueName\":\"search_term_string\"}}],\"inLanguage\":\"de\"},{\"@type\":[\"Person\",\"Organization\"],\"@id\":\"https:\\\/\\\/www.tribur.de\\\/blog\\\/#\\\/schema\\\/person\\\/3119997f09f43791809c2d1af27bba6c\",\"name\":\"Markus Zwittmeier\",\"image\":{\"@type\":\"ImageObject\",\"inLanguage\":\"de\",\"@id\":\"https:\\\/\\\/i0.wp.com\\\/www.tribur.de\\\/blog\\\/wp-content\\\/uploads\\\/2018\\\/09\\\/cropped-logotest-4.jpg?fit=200%2C200&ssl=1\",\"url\":\"https:\\\/\\\/i0.wp.com\\\/www.tribur.de\\\/blog\\\/wp-content\\\/uploads\\\/2018\\\/09\\\/cropped-logotest-4.jpg?fit=200%2C200&ssl=1\",\"contentUrl\":\"https:\\\/\\\/i0.wp.com\\\/www.tribur.de\\\/blog\\\/wp-content\\\/uploads\\\/2018\\\/09\\\/cropped-logotest-4.jpg?fit=200%2C200&ssl=1\",\"width\":200,\"height\":200,\"caption\":\"Markus Zwittmeier\"},\"logo\":{\"@id\":\"https:\\\/\\\/i0.wp.com\\\/www.tribur.de\\\/blog\\\/wp-content\\\/uploads\\\/2018\\\/09\\\/cropped-logotest-4.jpg?fit=200%2C200&ssl=1\"},\"sameAs\":[\"http:\\\/\\\/www.Tribur.de\",\"http:\\\/\\\/www.facebook.com\\\/pages\\\/Triburde\\\/184352328288771\",\"https:\\\/\\\/www.instagram.com\\\/tribur.de\\\/\",\"https:\\\/\\\/x.com\\\/https:\\\/\\\/twitter.com\\\/tribur\",\"https:\\\/\\\/www.youtube.com\\\/channel\\\/UCnEonou-x6_P4XPjBk2htCA\"],\"url\":\"https:\\\/\\\/www.tribur.de\\\/blog\\\/author\\\/markus\\\/\"}]}<\/script>\n<!-- \/ Yoast SEO plugin. -->","yoast_head_json":{"title":"Willhaim 1014 vom 25. bis 27. Juli 2014 - Tribur.de","robots":{"index":"index","follow":"follow","max-snippet":"max-snippet:-1","max-image-preview":"max-image-preview:large","max-video-preview":"max-video-preview:-1"},"canonical":"https:\/\/www.tribur.de\/blog\/2014\/06\/03\/willhaim-1014-vom-25-bis-27-juli-2014\/","og_locale":"de_DE","og_type":"article","og_title":"Willhaim 1014 vom 25. bis 27. Juli 2014 - Tribur.de","og_description":"Nachdem Gerald Uhl, Familie &#038; Co. bereits 2010 erfolgreich einen ein ottonisches Lager in Weilheim in Oberbayern organisiert hatten, ist es nun dieses Jahr wieder soweit. Unter dem Titel Wilheim 1014 wird wieder geladen.&#46;&#46;&#46;","og_url":"https:\/\/www.tribur.de\/blog\/2014\/06\/03\/willhaim-1014-vom-25-bis-27-juli-2014\/","og_site_name":"Tribur.de","article_publisher":"http:\/\/www.facebook.com\/pages\/Triburde\/184352328288771","article_author":"http:\/\/www.facebook.com\/pages\/Triburde\/184352328288771","article_published_time":"2014-06-03T15:57:00+00:00","og_image":[{"width":200,"height":200,"url":"https:\/\/i0.wp.com\/www.tribur.de\/blog\/wp-content\/uploads\/2018\/09\/cropped-logotest-2.jpg?fit=200%2C200&ssl=1","type":"image\/jpeg"}],"author":"Markus Zwittmeier","twitter_card":"summary_large_image","twitter_creator":"@https:\/\/twitter.com\/tribur","twitter_site":"@tribur","twitter_misc":{"Verfasst von":"Markus Zwittmeier","Gesch\u00e4tzte Lesezeit":"1\u00a0Minute"},"schema":{"@context":"https:\/\/schema.org","@graph":[{"@type":"Article","@id":"https:\/\/www.tribur.de\/blog\/2014\/06\/03\/willhaim-1014-vom-25-bis-27-juli-2014\/#article","isPartOf":{"@id":"https:\/\/www.tribur.de\/blog\/2014\/06\/03\/willhaim-1014-vom-25-bis-27-juli-2014\/"},"author":{"name":"Markus Zwittmeier","@id":"https:\/\/www.tribur.de\/blog\/#\/schema\/person\/3119997f09f43791809c2d1af27bba6c"},"headline":"Willhaim 1014 vom 25. bis 27. Juli 2014","datePublished":"2014-06-03T15:57:00+00:00","mainEntityOfPage":{"@id":"https:\/\/www.tribur.de\/blog\/2014\/06\/03\/willhaim-1014-vom-25-bis-27-juli-2014\/"},"wordCount":158,"commentCount":1,"publisher":{"@id":"https:\/\/www.tribur.de\/blog\/#\/schema\/person\/3119997f09f43791809c2d1af27bba6c"},"articleSection":["Geschichte"],"inLanguage":"de","potentialAction":[{"@type":"CommentAction","name":"Comment","target":["https:\/\/www.tribur.de\/blog\/2014\/06\/03\/willhaim-1014-vom-25-bis-27-juli-2014\/#respond"]}]},{"@type":"WebPage","@id":"https:\/\/www.tribur.de\/blog\/2014\/06\/03\/willhaim-1014-vom-25-bis-27-juli-2014\/","url":"https:\/\/www.tribur.de\/blog\/2014\/06\/03\/willhaim-1014-vom-25-bis-27-juli-2014\/","name":"Willhaim 1014 vom 25. bis 27. Juli 2014 - Tribur.de","isPartOf":{"@id":"https:\/\/www.tribur.de\/blog\/#website"},"datePublished":"2014-06-03T15:57:00+00:00","breadcrumb":{"@id":"https:\/\/www.tribur.de\/blog\/2014\/06\/03\/willhaim-1014-vom-25-bis-27-juli-2014\/#breadcrumb"},"inLanguage":"de","potentialAction":[{"@type":"ReadAction","target":["https:\/\/www.tribur.de\/blog\/2014\/06\/03\/willhaim-1014-vom-25-bis-27-juli-2014\/"]}]},{"@type":"BreadcrumbList","@id":"https:\/\/www.tribur.de\/blog\/2014\/06\/03\/willhaim-1014-vom-25-bis-27-juli-2014\/#breadcrumb","itemListElement":[{"@type":"ListItem","position":1,"name":"Home","item":"https:\/\/www.tribur.de\/blog\/"},{"@type":"ListItem","position":2,"name":"Willhaim 1014 vom 25. bis 27. Juli 2014"}]},{"@type":"WebSite","@id":"https:\/\/www.tribur.de\/blog\/#website","url":"https:\/\/www.tribur.de\/blog\/","name":"Tribur.de","description":"Tribur.de - Geschichte und so Zeugs","publisher":{"@id":"https:\/\/www.tribur.de\/blog\/#\/schema\/person\/3119997f09f43791809c2d1af27bba6c"},"potentialAction":[{"@type":"SearchAction","target":{"@type":"EntryPoint","urlTemplate":"https:\/\/www.tribur.de\/blog\/?s={search_term_string}"},"query-input":{"@type":"PropertyValueSpecification","valueRequired":true,"valueName":"search_term_string"}}],"inLanguage":"de"},{"@type":["Person","Organization"],"@id":"https:\/\/www.tribur.de\/blog\/#\/schema\/person\/3119997f09f43791809c2d1af27bba6c","name":"Markus Zwittmeier","image":{"@type":"ImageObject","inLanguage":"de","@id":"https:\/\/i0.wp.com\/www.tribur.de\/blog\/wp-content\/uploads\/2018\/09\/cropped-logotest-4.jpg?fit=200%2C200&ssl=1","url":"https:\/\/i0.wp.com\/www.tribur.de\/blog\/wp-content\/uploads\/2018\/09\/cropped-logotest-4.jpg?fit=200%2C200&ssl=1","contentUrl":"https:\/\/i0.wp.com\/www.tribur.de\/blog\/wp-content\/uploads\/2018\/09\/cropped-logotest-4.jpg?fit=200%2C200&ssl=1","width":200,"height":200,"caption":"Markus Zwittmeier"},"logo":{"@id":"https:\/\/i0.wp.com\/www.tribur.de\/blog\/wp-content\/uploads\/2018\/09\/cropped-logotest-4.jpg?fit=200%2C200&ssl=1"},"sameAs":["http:\/\/www.Tribur.de","http:\/\/www.facebook.com\/pages\/Triburde\/184352328288771","https:\/\/www.instagram.com\/tribur.de\/","https:\/\/x.com\/https:\/\/twitter.com\/tribur","https:\/\/www.youtube.com\/channel\/UCnEonou-x6_P4XPjBk2htCA"],"url":"https:\/\/www.tribur.de\/blog\/author\/markus\/"}]}},"jetpack_publicize_connections":[],"jetpack_featured_media_url":"","jetpack_shortlink":"https:\/\/wp.me\/p1mHPu-6Y0","jetpack_sharing_enabled":true,"_links":{"self":[{"href":"https:\/\/www.tribur.de\/blog\/wp-json\/wp\/v2\/posts\/26784","targetHints":{"allow":["GET"]}}],"collection":[{"href":"https:\/\/www.tribur.de\/blog\/wp-json\/wp\/v2\/posts"}],"about":[{"href":"https:\/\/www.tribur.de\/blog\/wp-json\/wp\/v2\/types\/post"}],"author":[{"embeddable":true,"href":"https:\/\/www.tribur.de\/blog\/wp-json\/wp\/v2\/users\/2"}],"replies":[{"embeddable":true,"href":"https:\/\/www.tribur.de\/blog\/wp-json\/wp\/v2\/comments?post=26784"}],"version-history":[{"count":3,"href":"https:\/\/www.tribur.de\/blog\/wp-json\/wp\/v2\/posts\/26784\/revisions"}],"predecessor-version":[{"id":26787,"href":"https:\/\/www.tribur.de\/blog\/wp-json\/wp\/v2\/posts\/26784\/revisions\/26787"}],"wp:attachment":[{"href":"https:\/\/www.tribur.de\/blog\/wp-json\/wp\/v2\/media?parent=26784"}],"wp:term":[{"taxonomy":"category","embeddable":true,"href":"https:\/\/www.tribur.de\/blog\/wp-json\/wp\/v2\/categories?post=26784"},{"taxonomy":"post_tag","embeddable":true,"href":"https:\/\/www.tribur.de\/blog\/wp-json\/wp\/v2\/tags?post=26784"}],"curies":[{"name":"wp","href":"https:\/\/api.w.org\/{rel}","templated":true}]}}