{"id":26480,"date":"2014-02-05T17:59:00","date_gmt":"2014-02-05T16:59:00","guid":{"rendered":"http:\/\/www.tribur.de\/blog\/?p=26480"},"modified":"2014-02-05T17:59:00","modified_gmt":"2014-02-05T16:59:00","slug":"karl-der-grosse-ist-tot","status":"publish","type":"post","link":"https:\/\/www.tribur.de\/blog\/2014\/02\/05\/karl-der-grosse-ist-tot\/","title":{"rendered":"Karl der Gro\u00dfe ist tot&#8230;"},"content":{"rendered":"<p>Karl der Gro\u00dfe ist tot. Das ist keine wirklich eine neue Nachricht. Er starb am 28. Januar 814, also vor 1200 Jahren. Da sein Geburtstag unklar \u00fcberliefert ist bietet sich es nat\u00fcrlich an den Todestag zum Feiern an. Das w\u00e4re sogar in seinem Sinne, denn Urspr\u00fcnglich feierte man in solchen F\u00e4llen nur den Todestag als Gedenktag. Das Jahr selbst an dem sich der Tod aber zutrug war unwichtig. Ebenso wie Jubil\u00e4en von Todestagen.<\/p>\n<p>Seis drum. Der Presse des Jahres 2014 gef\u00e4llts und schreibt das die Tastaturen gl\u00fchen. \u00a0Da wird die M\u00e4hr vom ersten Europ\u00e4er bem\u00fcht und Klickstrecken zur Zeit Karls des Gro\u00dfen generiert in denen kaum etwas aus der Zeit Karls des Gro\u00dfen stammt.<\/p>\n<p>Ich habe einmal einige Nachrichten gesammelt, die ich hier verlinke und die vielleicht interessant sein k\u00f6nnten.<\/p>\n<p>Spiegel: <a href=\"http:\/\/www.spiegel.de\/spiegelgeschichte\/karl-der-grosse-der-riese-mit-der-fistelstimme-a-945746.html\" target=\"_blank\">Der gro\u00dfe Riese mit der Fistelstimme<\/a><br \/>\n<a href=\"http:\/\/www.spiegel.de\/spiegelgeschichte\/karl-der-grosse-anekdoten-aus-der-schulzeit-des-kaisers-a-946250.html\" target=\"_blank\">Als Kaiser Karl zur Schule kam: Staatstragende Anekdoten \u00fcber den gro\u00dfen Regenten<\/a><br \/>\n<a href=\"http:\/\/www.spiegel.de\/kultur\/literatur\/karl-der-grosse-horst-bredekamps-der-schwimmende-souveraen-a-945899.html\" target=\"_blank\">Karl der Gro\u00dfe : Der Kaiser ist nass<\/a><\/p>\n<p>Zu Johannes Frieds Karls Bio schreiben:<br \/>\nFaz: <a href=\"http:\/\/www.faz.net\/aktuell\/feuilleton\/buecher\/rezensionen\/sachbuch\/johannes-fried-karl-der-grosse-der-kriegsherr-als-erneuerer-von-wissen-und-gelehrsamkeit-12772137.html\" target=\"_blank\">Der Kriegsherr als Erneuerer von Wissen und Gelehrsamkeit<\/a><br \/>\nZeit: <a href=\"http:\/\/www.zeit.de\/2014\/02\/karl-der-grosse-biografie-johannes-fried\" target=\"_blank\">Ein Leben erz\u00e4hlen<\/a><\/p>\n<p>S\u00fcddeutsche: <a href=\"http:\/\/www.sueddeutsche.de\/wissen\/-todestag-des-frankenkaisers-karl-der-grosse-dachte-nur-an-sein-eigenes-reich-1.1873759\" target=\"_blank\">Karl der Gro\u00dfe sdachte nur an sein eigenes Reich<\/a><br \/>\nTagesspiegel: <a href=\"http:\/\/www.tagesspiegel.de\/kultur\/karl-der-grosse-der-erste-europaeer\/9384326.html\" target=\"_blank\">Der erste Europ\u00e4er<\/a><br \/>\nWelt: <a href=\"http:\/\/www.welt.de\/kultur\/literarischewelt\/article123617665\/Karl-der-Grosse-sorgte-fuer-geistige-Erneuerung.html\" target=\"_blank\">Karl der Gro\u00dfe sorgte f\u00fcr geistige Erneuerung<\/a><br \/>\nWelt: <a href=\"http:\/\/www.welt.de\/kultur\/article124273037\/Frankreich-will-Karl-den-Grossen-ganz-fuer-sich.html\" target=\"_blank\">Frankreich will Karl den Gro\u00dfen ganz f\u00fcr sich<\/a><br \/>\nFocus:<a href=\"http:\/\/www.focus.de\/wissen\/mensch\/geschichte\/biografien\/karl-der-grosse-sein-leben-in-bildern_id_3572655.html\" target=\"_blank\"> Karl der Gro\u00dfe &#8211; Sein Leben in Bildern<\/a><\/p>\n<p>Und, das darf nicht fehlen: Die M\u00fcnchner Abendzeitung interviewt Illig: <a href=\"http:\/\/www.abendzeitung-muenchen.de\/inhalt.1200-todestag-karl-der-grosse-karl-der-grosse-hat-nie-gelebt.4406bf48-c264-486a-a932-155afc26e797.html\" target=\"_blank\">Karl der Gro\u00dfe hat nie gelebt<\/a><\/p>\n","protected":false},"excerpt":{"rendered":"<p>Karl der Gro\u00dfe ist tot. Das ist keine wirklich eine neue Nachricht. Er starb am 28. Januar 814, also vor 1200 Jahren. Da sein Geburtstag unklar \u00fcberliefert ist bietet sich es nat\u00fcrlich an den&#46;&#46;&#46;<\/p>\n","protected":false},"author":2,"featured_media":0,"comment_status":"open","ping_status":"open","sticky":false,"template":"","format":"standard","meta":{"jetpack_post_was_ever_published":false,"_jetpack_newsletter_access":"","_jetpack_dont_email_post_to_subs":false,"_jetpack_newsletter_tier_id":0,"_jetpack_memberships_contains_paywalled_content":false,"_jetpack_memberships_contains_paid_content":false,"footnotes":"","jetpack_publicize_message":"","jetpack_publicize_feature_enabled":true,"jetpack_social_post_already_shared":true,"jetpack_social_options":{"image_generator_settings":{"template":"highway","default_image_id":0,"font":"","enabled":false},"version":2}},"categories":[1],"tags":[11,32],"class_list":["post-26480","post","type-post","status-publish","format-standard","hentry","category-geschichte","tag-fruhmittelalter","tag-karolingisch"],"yoast_head":"<!-- This site is optimized with the Yoast SEO plugin v27.5 - https:\/\/yoast.com\/product\/yoast-seo-wordpress\/ -->\n<title>Karl der Gro\u00dfe ist tot... - Tribur.de<\/title>\n<meta name=\"robots\" content=\"index, follow, max-snippet:-1, max-image-preview:large, max-video-preview:-1\" \/>\n<link rel=\"canonical\" href=\"https:\/\/www.tribur.de\/blog\/2014\/02\/05\/karl-der-grosse-ist-tot\/\" \/>\n<meta property=\"og:locale\" content=\"de_DE\" \/>\n<meta property=\"og:type\" content=\"article\" \/>\n<meta property=\"og:title\" content=\"Karl der Gro\u00dfe ist tot... - Tribur.de\" \/>\n<meta property=\"og:description\" content=\"Karl der Gro\u00dfe ist tot. Das ist keine wirklich eine neue Nachricht. Er starb am 28. Januar 814, also vor 1200 Jahren. Da sein Geburtstag unklar \u00fcberliefert ist bietet sich es nat\u00fcrlich an den&#046;&#046;&#046;\" \/>\n<meta property=\"og:url\" content=\"https:\/\/www.tribur.de\/blog\/2014\/02\/05\/karl-der-grosse-ist-tot\/\" \/>\n<meta property=\"og:site_name\" content=\"Tribur.de\" \/>\n<meta property=\"article:publisher\" content=\"http:\/\/www.facebook.com\/pages\/Triburde\/184352328288771\" \/>\n<meta property=\"article:author\" content=\"http:\/\/www.facebook.com\/pages\/Triburde\/184352328288771\" \/>\n<meta property=\"article:published_time\" content=\"2014-02-05T16:59:00+00:00\" \/>\n<meta property=\"og:image\" content=\"https:\/\/i0.wp.com\/www.tribur.de\/blog\/wp-content\/uploads\/2018\/09\/cropped-logotest-2.jpg?fit=200%2C200&ssl=1\" \/>\n\t<meta property=\"og:image:width\" content=\"200\" \/>\n\t<meta property=\"og:image:height\" content=\"200\" \/>\n\t<meta property=\"og:image:type\" content=\"image\/jpeg\" \/>\n<meta name=\"author\" content=\"Markus Zwittmeier\" \/>\n<meta name=\"twitter:card\" content=\"summary_large_image\" \/>\n<meta name=\"twitter:creator\" content=\"@https:\/\/twitter.com\/tribur\" \/>\n<meta name=\"twitter:site\" content=\"@tribur\" \/>\n<meta name=\"twitter:label1\" content=\"Verfasst von\" \/>\n\t<meta name=\"twitter:data1\" content=\"Markus Zwittmeier\" \/>\n\t<meta name=\"twitter:label2\" content=\"Gesch\u00e4tzte Lesezeit\" \/>\n\t<meta name=\"twitter:data2\" content=\"1\u00a0Minute\" \/>\n<script type=\"application\/ld+json\" class=\"yoast-schema-graph\">{\"@context\":\"https:\\\/\\\/schema.org\",\"@graph\":[{\"@type\":\"Article\",\"@id\":\"https:\\\/\\\/www.tribur.de\\\/blog\\\/2014\\\/02\\\/05\\\/karl-der-grosse-ist-tot\\\/#article\",\"isPartOf\":{\"@id\":\"https:\\\/\\\/www.tribur.de\\\/blog\\\/2014\\\/02\\\/05\\\/karl-der-grosse-ist-tot\\\/\"},\"author\":{\"name\":\"Markus Zwittmeier\",\"@id\":\"https:\\\/\\\/www.tribur.de\\\/blog\\\/#\\\/schema\\\/person\\\/3119997f09f43791809c2d1af27bba6c\"},\"headline\":\"Karl der Gro\u00dfe ist tot&#8230;\",\"datePublished\":\"2014-02-05T16:59:00+00:00\",\"mainEntityOfPage\":{\"@id\":\"https:\\\/\\\/www.tribur.de\\\/blog\\\/2014\\\/02\\\/05\\\/karl-der-grosse-ist-tot\\\/\"},\"wordCount\":261,\"commentCount\":0,\"publisher\":{\"@id\":\"https:\\\/\\\/www.tribur.de\\\/blog\\\/#\\\/schema\\\/person\\\/3119997f09f43791809c2d1af27bba6c\"},\"keywords\":[\"Fr\u00fchmittelalter\",\"karolingisch\"],\"articleSection\":[\"Geschichte\"],\"inLanguage\":\"de\",\"potentialAction\":[{\"@type\":\"CommentAction\",\"name\":\"Comment\",\"target\":[\"https:\\\/\\\/www.tribur.de\\\/blog\\\/2014\\\/02\\\/05\\\/karl-der-grosse-ist-tot\\\/#respond\"]}]},{\"@type\":\"WebPage\",\"@id\":\"https:\\\/\\\/www.tribur.de\\\/blog\\\/2014\\\/02\\\/05\\\/karl-der-grosse-ist-tot\\\/\",\"url\":\"https:\\\/\\\/www.tribur.de\\\/blog\\\/2014\\\/02\\\/05\\\/karl-der-grosse-ist-tot\\\/\",\"name\":\"Karl der Gro\u00dfe ist tot... - Tribur.de\",\"isPartOf\":{\"@id\":\"https:\\\/\\\/www.tribur.de\\\/blog\\\/#website\"},\"datePublished\":\"2014-02-05T16:59:00+00:00\",\"breadcrumb\":{\"@id\":\"https:\\\/\\\/www.tribur.de\\\/blog\\\/2014\\\/02\\\/05\\\/karl-der-grosse-ist-tot\\\/#breadcrumb\"},\"inLanguage\":\"de\",\"potentialAction\":[{\"@type\":\"ReadAction\",\"target\":[\"https:\\\/\\\/www.tribur.de\\\/blog\\\/2014\\\/02\\\/05\\\/karl-der-grosse-ist-tot\\\/\"]}]},{\"@type\":\"BreadcrumbList\",\"@id\":\"https:\\\/\\\/www.tribur.de\\\/blog\\\/2014\\\/02\\\/05\\\/karl-der-grosse-ist-tot\\\/#breadcrumb\",\"itemListElement\":[{\"@type\":\"ListItem\",\"position\":1,\"name\":\"Home\",\"item\":\"https:\\\/\\\/www.tribur.de\\\/blog\\\/\"},{\"@type\":\"ListItem\",\"position\":2,\"name\":\"Karl der Gro\u00dfe ist tot&#8230;\"}]},{\"@type\":\"WebSite\",\"@id\":\"https:\\\/\\\/www.tribur.de\\\/blog\\\/#website\",\"url\":\"https:\\\/\\\/www.tribur.de\\\/blog\\\/\",\"name\":\"Tribur.de\",\"description\":\"Tribur.de - Geschichte und so Zeugs\",\"publisher\":{\"@id\":\"https:\\\/\\\/www.tribur.de\\\/blog\\\/#\\\/schema\\\/person\\\/3119997f09f43791809c2d1af27bba6c\"},\"potentialAction\":[{\"@type\":\"SearchAction\",\"target\":{\"@type\":\"EntryPoint\",\"urlTemplate\":\"https:\\\/\\\/www.tribur.de\\\/blog\\\/?s={search_term_string}\"},\"query-input\":{\"@type\":\"PropertyValueSpecification\",\"valueRequired\":true,\"valueName\":\"search_term_string\"}}],\"inLanguage\":\"de\"},{\"@type\":[\"Person\",\"Organization\"],\"@id\":\"https:\\\/\\\/www.tribur.de\\\/blog\\\/#\\\/schema\\\/person\\\/3119997f09f43791809c2d1af27bba6c\",\"name\":\"Markus Zwittmeier\",\"image\":{\"@type\":\"ImageObject\",\"inLanguage\":\"de\",\"@id\":\"https:\\\/\\\/i0.wp.com\\\/www.tribur.de\\\/blog\\\/wp-content\\\/uploads\\\/2018\\\/09\\\/cropped-logotest-4.jpg?fit=200%2C200&ssl=1\",\"url\":\"https:\\\/\\\/i0.wp.com\\\/www.tribur.de\\\/blog\\\/wp-content\\\/uploads\\\/2018\\\/09\\\/cropped-logotest-4.jpg?fit=200%2C200&ssl=1\",\"contentUrl\":\"https:\\\/\\\/i0.wp.com\\\/www.tribur.de\\\/blog\\\/wp-content\\\/uploads\\\/2018\\\/09\\\/cropped-logotest-4.jpg?fit=200%2C200&ssl=1\",\"width\":200,\"height\":200,\"caption\":\"Markus Zwittmeier\"},\"logo\":{\"@id\":\"https:\\\/\\\/i0.wp.com\\\/www.tribur.de\\\/blog\\\/wp-content\\\/uploads\\\/2018\\\/09\\\/cropped-logotest-4.jpg?fit=200%2C200&ssl=1\"},\"sameAs\":[\"http:\\\/\\\/www.Tribur.de\",\"http:\\\/\\\/www.facebook.com\\\/pages\\\/Triburde\\\/184352328288771\",\"https:\\\/\\\/www.instagram.com\\\/tribur.de\\\/\",\"https:\\\/\\\/x.com\\\/https:\\\/\\\/twitter.com\\\/tribur\",\"https:\\\/\\\/www.youtube.com\\\/channel\\\/UCnEonou-x6_P4XPjBk2htCA\"],\"url\":\"https:\\\/\\\/www.tribur.de\\\/blog\\\/author\\\/markus\\\/\"}]}<\/script>\n<!-- \/ Yoast SEO plugin. -->","yoast_head_json":{"title":"Karl der Gro\u00dfe ist tot... - Tribur.de","robots":{"index":"index","follow":"follow","max-snippet":"max-snippet:-1","max-image-preview":"max-image-preview:large","max-video-preview":"max-video-preview:-1"},"canonical":"https:\/\/www.tribur.de\/blog\/2014\/02\/05\/karl-der-grosse-ist-tot\/","og_locale":"de_DE","og_type":"article","og_title":"Karl der Gro\u00dfe ist tot... - Tribur.de","og_description":"Karl der Gro\u00dfe ist tot. Das ist keine wirklich eine neue Nachricht. Er starb am 28. Januar 814, also vor 1200 Jahren. Da sein Geburtstag unklar \u00fcberliefert ist bietet sich es nat\u00fcrlich an den&#46;&#46;&#46;","og_url":"https:\/\/www.tribur.de\/blog\/2014\/02\/05\/karl-der-grosse-ist-tot\/","og_site_name":"Tribur.de","article_publisher":"http:\/\/www.facebook.com\/pages\/Triburde\/184352328288771","article_author":"http:\/\/www.facebook.com\/pages\/Triburde\/184352328288771","article_published_time":"2014-02-05T16:59:00+00:00","og_image":[{"width":200,"height":200,"url":"https:\/\/i0.wp.com\/www.tribur.de\/blog\/wp-content\/uploads\/2018\/09\/cropped-logotest-2.jpg?fit=200%2C200&ssl=1","type":"image\/jpeg"}],"author":"Markus Zwittmeier","twitter_card":"summary_large_image","twitter_creator":"@https:\/\/twitter.com\/tribur","twitter_site":"@tribur","twitter_misc":{"Verfasst von":"Markus Zwittmeier","Gesch\u00e4tzte Lesezeit":"1\u00a0Minute"},"schema":{"@context":"https:\/\/schema.org","@graph":[{"@type":"Article","@id":"https:\/\/www.tribur.de\/blog\/2014\/02\/05\/karl-der-grosse-ist-tot\/#article","isPartOf":{"@id":"https:\/\/www.tribur.de\/blog\/2014\/02\/05\/karl-der-grosse-ist-tot\/"},"author":{"name":"Markus Zwittmeier","@id":"https:\/\/www.tribur.de\/blog\/#\/schema\/person\/3119997f09f43791809c2d1af27bba6c"},"headline":"Karl der Gro\u00dfe ist tot&#8230;","datePublished":"2014-02-05T16:59:00+00:00","mainEntityOfPage":{"@id":"https:\/\/www.tribur.de\/blog\/2014\/02\/05\/karl-der-grosse-ist-tot\/"},"wordCount":261,"commentCount":0,"publisher":{"@id":"https:\/\/www.tribur.de\/blog\/#\/schema\/person\/3119997f09f43791809c2d1af27bba6c"},"keywords":["Fr\u00fchmittelalter","karolingisch"],"articleSection":["Geschichte"],"inLanguage":"de","potentialAction":[{"@type":"CommentAction","name":"Comment","target":["https:\/\/www.tribur.de\/blog\/2014\/02\/05\/karl-der-grosse-ist-tot\/#respond"]}]},{"@type":"WebPage","@id":"https:\/\/www.tribur.de\/blog\/2014\/02\/05\/karl-der-grosse-ist-tot\/","url":"https:\/\/www.tribur.de\/blog\/2014\/02\/05\/karl-der-grosse-ist-tot\/","name":"Karl der Gro\u00dfe ist tot... - Tribur.de","isPartOf":{"@id":"https:\/\/www.tribur.de\/blog\/#website"},"datePublished":"2014-02-05T16:59:00+00:00","breadcrumb":{"@id":"https:\/\/www.tribur.de\/blog\/2014\/02\/05\/karl-der-grosse-ist-tot\/#breadcrumb"},"inLanguage":"de","potentialAction":[{"@type":"ReadAction","target":["https:\/\/www.tribur.de\/blog\/2014\/02\/05\/karl-der-grosse-ist-tot\/"]}]},{"@type":"BreadcrumbList","@id":"https:\/\/www.tribur.de\/blog\/2014\/02\/05\/karl-der-grosse-ist-tot\/#breadcrumb","itemListElement":[{"@type":"ListItem","position":1,"name":"Home","item":"https:\/\/www.tribur.de\/blog\/"},{"@type":"ListItem","position":2,"name":"Karl der Gro\u00dfe ist tot&#8230;"}]},{"@type":"WebSite","@id":"https:\/\/www.tribur.de\/blog\/#website","url":"https:\/\/www.tribur.de\/blog\/","name":"Tribur.de","description":"Tribur.de - Geschichte und so Zeugs","publisher":{"@id":"https:\/\/www.tribur.de\/blog\/#\/schema\/person\/3119997f09f43791809c2d1af27bba6c"},"potentialAction":[{"@type":"SearchAction","target":{"@type":"EntryPoint","urlTemplate":"https:\/\/www.tribur.de\/blog\/?s={search_term_string}"},"query-input":{"@type":"PropertyValueSpecification","valueRequired":true,"valueName":"search_term_string"}}],"inLanguage":"de"},{"@type":["Person","Organization"],"@id":"https:\/\/www.tribur.de\/blog\/#\/schema\/person\/3119997f09f43791809c2d1af27bba6c","name":"Markus Zwittmeier","image":{"@type":"ImageObject","inLanguage":"de","@id":"https:\/\/i0.wp.com\/www.tribur.de\/blog\/wp-content\/uploads\/2018\/09\/cropped-logotest-4.jpg?fit=200%2C200&ssl=1","url":"https:\/\/i0.wp.com\/www.tribur.de\/blog\/wp-content\/uploads\/2018\/09\/cropped-logotest-4.jpg?fit=200%2C200&ssl=1","contentUrl":"https:\/\/i0.wp.com\/www.tribur.de\/blog\/wp-content\/uploads\/2018\/09\/cropped-logotest-4.jpg?fit=200%2C200&ssl=1","width":200,"height":200,"caption":"Markus Zwittmeier"},"logo":{"@id":"https:\/\/i0.wp.com\/www.tribur.de\/blog\/wp-content\/uploads\/2018\/09\/cropped-logotest-4.jpg?fit=200%2C200&ssl=1"},"sameAs":["http:\/\/www.Tribur.de","http:\/\/www.facebook.com\/pages\/Triburde\/184352328288771","https:\/\/www.instagram.com\/tribur.de\/","https:\/\/x.com\/https:\/\/twitter.com\/tribur","https:\/\/www.youtube.com\/channel\/UCnEonou-x6_P4XPjBk2htCA"],"url":"https:\/\/www.tribur.de\/blog\/author\/markus\/"}]}},"jetpack_publicize_connections":[],"jetpack_featured_media_url":"","jetpack_shortlink":"https:\/\/wp.me\/p1mHPu-6T6","jetpack_sharing_enabled":true,"_links":{"self":[{"href":"https:\/\/www.tribur.de\/blog\/wp-json\/wp\/v2\/posts\/26480","targetHints":{"allow":["GET"]}}],"collection":[{"href":"https:\/\/www.tribur.de\/blog\/wp-json\/wp\/v2\/posts"}],"about":[{"href":"https:\/\/www.tribur.de\/blog\/wp-json\/wp\/v2\/types\/post"}],"author":[{"embeddable":true,"href":"https:\/\/www.tribur.de\/blog\/wp-json\/wp\/v2\/users\/2"}],"replies":[{"embeddable":true,"href":"https:\/\/www.tribur.de\/blog\/wp-json\/wp\/v2\/comments?post=26480"}],"version-history":[{"count":7,"href":"https:\/\/www.tribur.de\/blog\/wp-json\/wp\/v2\/posts\/26480\/revisions"}],"predecessor-version":[{"id":26487,"href":"https:\/\/www.tribur.de\/blog\/wp-json\/wp\/v2\/posts\/26480\/revisions\/26487"}],"wp:attachment":[{"href":"https:\/\/www.tribur.de\/blog\/wp-json\/wp\/v2\/media?parent=26480"}],"wp:term":[{"taxonomy":"category","embeddable":true,"href":"https:\/\/www.tribur.de\/blog\/wp-json\/wp\/v2\/categories?post=26480"},{"taxonomy":"post_tag","embeddable":true,"href":"https:\/\/www.tribur.de\/blog\/wp-json\/wp\/v2\/tags?post=26480"}],"curies":[{"name":"wp","href":"https:\/\/api.w.org\/{rel}","templated":true}]}}