{"id":25538,"date":"2013-09-16T11:22:21","date_gmt":"2013-09-16T09:22:21","guid":{"rendered":"http:\/\/www.tribur.de\/blog\/?p=25538"},"modified":"2013-09-16T11:22:21","modified_gmt":"2013-09-16T09:22:21","slug":"zum-begraebnis-karls-des-grossen","status":"publish","type":"post","link":"https:\/\/www.tribur.de\/blog\/2013\/09\/16\/zum-begraebnis-karls-des-grossen\/","title":{"rendered":"Zum Begr\u00e4bnis Karls des Gro\u00dfen"},"content":{"rendered":"<p>Ich hatte mich ein wenig mit karolingischen Begr\u00e4bnissen besch\u00e4ftigt und da blieb ich auch an Karl dem Gro\u00dfen h\u00e4ngen. Daher hab ich das mal ein bisschen zusammengefasst.<\/p>\n<p>Um die Frage wo und wie Karl der Gro\u00dfe begraben wurde gibt es viele R\u00e4tseleien und Fragen. Ich m\u00f6chte dazu nun einmal einen \u00dcberblick geben.<\/p>\n<p>Prim\u00e4re Quelle zu seinem Ableben und dem Begr\u00e4bnis ist , wie sollte es auch anderes sein, Kalrs Biograph Einhard.<br \/>\nIn Abschnitt 31 seiner Vita Karoli Magni berichtet Einhard das Karls K\u00f6rper gewaschen und Auf, gebahrt wurde, in die Kirche verbracht wurde und begraben wurde. ;Man r\u00e4tselte jedoch wo man ihn bestatten sollte, da er dies nicht festgehalten hatte, kam aber zu dem Entschluss ihn eben in jener, seiner Kirche beizusetzen.<br \/>\n\u00dcber seinem Grab wurde ein vergoldeter Bogen (\u201earcusque supra tumulum\u201c) errichtet, der mit einer Inschrift und Bild dem Verstorbenen gedachte.<br \/>\nDer verwendete Begriff \u201etumulum\u201c deutet auf ein Erdgrab hin. Alles andere w\u00e4re in der Regel auch nicht mehr zul\u00e4ssige, bzw. \u00fcblich gewesen im fr\u00fchen 9. Jahrhundert.<br \/>\nAngaben \u00fcber Lage und innerhalb der Kirche macht Einhard nicht. Auch die grobe lokalisation mit \u201einnerhalb seiner Kirche\u201c ist schwammig und Allgemein muss damit doch nicht direkt die Kirche als Hauptgeb\u00e4ude gemeint sein. Es k\u00f6nnte sich ebenso um das Atrium oder andere zur Kirche geh\u00f6rige R\u00e4umlichkeiten handeln.<\/p>\n<p>Das Grab muss schon bald verschwunden, bzw. unkenntlich gemacht worden sein denn als Otto III. Das Grab \u00f6ffnen lies war seine Lage nicht mehr bekannt, weshalbe er in der Nacht die halbe Kirche umgraben lies.<br \/>\nDie Unkenntlichmachung wird meist auf die Normanneneinf\u00e4lle zur\u00fcckgef\u00fchrt. Man habe versucht die Pl\u00fcnderung des Grabes zu verhindern. Womit wir bei den n\u00e4chsten Quellen angelangt sind.<\/p>\n<p>Chronist und Bischof Thietmar von Merseburg(975-1018) berichtet man habe Karl \u201ein solio regio\u201c vorgefunden, was man ebenso als auf dem Thron sitzend \u00fcbersetzen kann, wenn man das denn will.<br \/>\nDer Graf von Lomello in der Chronic von Novalese, berichtet im fr\u00fchen 11. Jahrhundert, als Augenzeuge von der Grab\u00f6ffnung unter Otto III. Bei ihm sitzt Karl wie ein lebender auf dem Thron.<br \/>\nDie Chronik Ademars von Chabannes (ca. 988-1034) berichtet Karl habe bei der Auffindung des Grabes auf einem goldenenThron gesessen.<\/p>\n<p>Dies f\u00fchrte zu Annahmen wie der Idee, man habe die \u00f6stlichste Arkade des Oktogons, dort wo man heute in den gotischen Anbau gelangt, abgemauert, einen Thron hineingestellt, Karl darauf gesetzt, das Ganze vermauert und auf der Arkade die Gedenkinschrift angebracht.<\/p>\n<p>Thietmars Beschreibung gilt als eigenst\u00e4ndiges Werk ohne Zusammenhang zu den anderen Beiden. Theodor Lindner widmete 1893 in \u201eDie fabel von der Bestattung Karls des Gro\u00dfen\u201c den drei Texten. Zu Thietmar merkt er an das der Ausdruck \u201ein solio regio\u201c nicht zwingend auf einem Thron sitzend bedeuten muss. \u201esolium\u201c bezeichne also keinen Thron, sondern generell ein Beh\u00e4ltnis das den K\u00f6rper aufnehme, also ein Sarkophag.<br \/>\nDer Graf von Lomello \u00fcbertreibe hingegen schlichtweg um sich besser dastehen zu lassen und Ademar von Chabannes schrieb von diesem ab.<br \/>\nDies wird heute allgemein hin als Korrekt angesehen.<\/p>\n<p>Nach der \u00d6ffnung des Karlsgrabes wird dieses wieder verschlossen und als Friedrich I Barbarossa dieses 1165 erneut \u00f6ffnen l\u00e4sst ist auch er wieder auf eine g\u00f6ttliche Eingebung angewiesen. Friedrich II l\u00e4sst dann f\u00fcr die Gebeine den Karlsschrein konstruieren, wo sie noch heute ruhen.<\/p>\n<p>Leo Hugo nahm an das die Bestattungstelle Karls im Proserpina Sarkophag im Westbau befand, also an dem Ort durch den man den Dom betritt. Seine Annahme beruht auf mehreren Faktoren. Zum einen orientiert er sich an der Bestattung von Karls Vater Pippin. Dieser lies sich in der Vorhalle von St. Denis bestatten. Der andere Grund sei, so Hugo, eine gefundene, verf\u00fcllte Grube in der Vorhalle die den Proserpina Sarkophag perfekt aufnehmen w\u00fcrde. Die Sache hat nur einen Haken. Die Nachgrabungen der letzten Jahre konnten Hugos Vermutung nicht best\u00e4tigen, zudem konnten nur Funde des 13. Jahrhunderts an besagter Stelle gemacht werden.<\/p>\n<p>Dieter H\u00e4germann nimmt daher in \u201eKarl der Gro\u00dfe\u201c an, dass ein solch prunkvoller Sarg wie der Porserpina Sarkophag wohl kaum in der Erde versenkt wurde. Er vermutet das er nur Zwischenstopp f\u00fcr die Gebeine Karls des Gro\u00dfen seit 1165 war, bis zur Fertigstellung des Schreins.<\/p>\n<p>Was die g\u00f6ttlichen Eingebungen angeht die zur Findung des Karlsgrabes f\u00fchrten, besonders der Auffindung unter Otto III. schreibt Knut G\u00f6rich<sup id=\"rf1-25538\"><a href=\"#fn1-25538\" title=\" Erinnerung und ihre Aktualisierung. Otto III., Aachen und die Karlstradition, online: http:\/\/www.regionalgeschichte.net\/bibliothek\/texte\/aufsaetze\/goerich-erinnerung.html \" rel=\"footnote\">1<\/a><\/sup> , dass es sich um eine absichtliche Verkl\u00e4rung handeln k\u00f6nnte um einen Heiligenkult um Karl zu inszenieren, denn heilig werden konnte zu jener Zeit nur wer als M\u00e4rtyrer starb, was bei Karl nun mal nicht der Fall war.<\/p>\n<p>Doch wo lag er nun?<br \/>\nDie wahrscheinlichste Vermutung ist derzeit das Atrium vor der eigentlichen Kirche. Auch hier fanden bereits Grabungen statt, die eine Wasserleitung zu Tage f\u00f6rderten. Zwar erkennt man das Atrium noch heute, auch Teile sind erhalten, integriert in Wohnh\u00e4user. Wenn Karl einst quasi in einem der heutigen Keller bestattet wurde, hat man nur schwerlich eine Chance dort eine Grabgube nachzuweisen.<br \/>\nPers\u00f6nlich halte ich ein Begr\u00e4bnis im Eingangsbereich deas Atriums f\u00fcr denkbar. Man k\u00f6nnte hier parallelen zu Otto II. finden der im Eingang des Atriums von Alt St. Peter beigesetzt worde, wo sich eine Vorkirche befand.<\/p>\n<hr class=\"footnotes\"><ol class=\"footnotes\" style=\"list-style-type:decimal\"><li id=\"fn1-25538\"><p > Erinnerung und ihre Aktualisierung. Otto III., Aachen und die Karlstradition, online: http:\/\/www.regionalgeschichte.net\/bibliothek\/texte\/aufsaetze\/goerich-erinnerung.html &nbsp;<a href=\"#rf1-25538\" class=\"backlink\" title=\"Return to footnote 1.\">&#8617;<\/a><\/p><\/li><\/ol>","protected":false},"excerpt":{"rendered":"<p>Ich hatte mich ein wenig mit karolingischen Begr\u00e4bnissen besch\u00e4ftigt und da blieb ich auch an Karl dem Gro\u00dfen h\u00e4ngen. Daher hab ich das mal ein bisschen zusammengefasst. Um die Frage wo und wie Karl&#46;&#46;&#46;<\/p>\n","protected":false},"author":2,"featured_media":0,"comment_status":"open","ping_status":"open","sticky":false,"template":"","format":"standard","meta":{"jetpack_post_was_ever_published":false,"_jetpack_newsletter_access":"","_jetpack_dont_email_post_to_subs":false,"_jetpack_newsletter_tier_id":0,"_jetpack_memberships_contains_paywalled_content":false,"_jetpack_memberships_contains_paid_content":false,"footnotes":"","jetpack_publicize_message":"","jetpack_publicize_feature_enabled":true,"jetpack_social_post_already_shared":true,"jetpack_social_options":{"image_generator_settings":{"template":"highway","default_image_id":0,"font":"","enabled":false},"version":2}},"categories":[1],"tags":[54,11,32],"class_list":["post-25538","post","type-post","status-publish","format-standard","hentry","category-geschichte","tag-archaologie","tag-fruhmittelalter","tag-karolingisch"],"yoast_head":"<!-- This site is optimized with the Yoast SEO plugin v27.5 - https:\/\/yoast.com\/product\/yoast-seo-wordpress\/ -->\n<title>Zum Begr\u00e4bnis Karls des Gro\u00dfen - Tribur.de<\/title>\n<meta name=\"robots\" content=\"index, follow, max-snippet:-1, max-image-preview:large, max-video-preview:-1\" \/>\n<link rel=\"canonical\" href=\"https:\/\/www.tribur.de\/blog\/2013\/09\/16\/zum-begraebnis-karls-des-grossen\/\" \/>\n<meta property=\"og:locale\" content=\"de_DE\" \/>\n<meta property=\"og:type\" content=\"article\" \/>\n<meta property=\"og:title\" content=\"Zum Begr\u00e4bnis Karls des Gro\u00dfen - Tribur.de\" \/>\n<meta property=\"og:description\" content=\"Ich hatte mich ein wenig mit karolingischen Begr\u00e4bnissen besch\u00e4ftigt und da blieb ich auch an Karl dem Gro\u00dfen h\u00e4ngen. Daher hab ich das mal ein bisschen zusammengefasst. Um die Frage wo und wie Karl&#046;&#046;&#046;\" \/>\n<meta property=\"og:url\" content=\"https:\/\/www.tribur.de\/blog\/2013\/09\/16\/zum-begraebnis-karls-des-grossen\/\" \/>\n<meta property=\"og:site_name\" content=\"Tribur.de\" \/>\n<meta property=\"article:publisher\" content=\"http:\/\/www.facebook.com\/pages\/Triburde\/184352328288771\" \/>\n<meta property=\"article:author\" content=\"http:\/\/www.facebook.com\/pages\/Triburde\/184352328288771\" \/>\n<meta property=\"article:published_time\" content=\"2013-09-16T09:22:21+00:00\" \/>\n<meta property=\"og:image\" content=\"https:\/\/i0.wp.com\/www.tribur.de\/blog\/wp-content\/uploads\/2018\/09\/cropped-logotest-2.jpg?fit=200%2C200&ssl=1\" \/>\n\t<meta property=\"og:image:width\" content=\"200\" \/>\n\t<meta property=\"og:image:height\" content=\"200\" \/>\n\t<meta property=\"og:image:type\" content=\"image\/jpeg\" \/>\n<meta name=\"author\" content=\"Markus Zwittmeier\" \/>\n<meta name=\"twitter:card\" content=\"summary_large_image\" \/>\n<meta name=\"twitter:creator\" content=\"@https:\/\/twitter.com\/tribur\" \/>\n<meta name=\"twitter:site\" content=\"@tribur\" \/>\n<meta name=\"twitter:label1\" content=\"Verfasst von\" \/>\n\t<meta name=\"twitter:data1\" content=\"Markus Zwittmeier\" \/>\n\t<meta name=\"twitter:label2\" content=\"Gesch\u00e4tzte Lesezeit\" \/>\n\t<meta name=\"twitter:data2\" content=\"4\u00a0Minuten\" \/>\n<script type=\"application\/ld+json\" class=\"yoast-schema-graph\">{\"@context\":\"https:\\\/\\\/schema.org\",\"@graph\":[{\"@type\":\"Article\",\"@id\":\"https:\\\/\\\/www.tribur.de\\\/blog\\\/2013\\\/09\\\/16\\\/zum-begraebnis-karls-des-grossen\\\/#article\",\"isPartOf\":{\"@id\":\"https:\\\/\\\/www.tribur.de\\\/blog\\\/2013\\\/09\\\/16\\\/zum-begraebnis-karls-des-grossen\\\/\"},\"author\":{\"name\":\"Markus Zwittmeier\",\"@id\":\"https:\\\/\\\/www.tribur.de\\\/blog\\\/#\\\/schema\\\/person\\\/3119997f09f43791809c2d1af27bba6c\"},\"headline\":\"Zum Begr\u00e4bnis Karls des Gro\u00dfen\",\"datePublished\":\"2013-09-16T09:22:21+00:00\",\"mainEntityOfPage\":{\"@id\":\"https:\\\/\\\/www.tribur.de\\\/blog\\\/2013\\\/09\\\/16\\\/zum-begraebnis-karls-des-grossen\\\/\"},\"wordCount\":903,\"commentCount\":0,\"publisher\":{\"@id\":\"https:\\\/\\\/www.tribur.de\\\/blog\\\/#\\\/schema\\\/person\\\/3119997f09f43791809c2d1af27bba6c\"},\"keywords\":[\"Arch\u00e4ologie\",\"Fr\u00fchmittelalter\",\"karolingisch\"],\"articleSection\":[\"Geschichte\"],\"inLanguage\":\"de\",\"potentialAction\":[{\"@type\":\"CommentAction\",\"name\":\"Comment\",\"target\":[\"https:\\\/\\\/www.tribur.de\\\/blog\\\/2013\\\/09\\\/16\\\/zum-begraebnis-karls-des-grossen\\\/#respond\"]}]},{\"@type\":\"WebPage\",\"@id\":\"https:\\\/\\\/www.tribur.de\\\/blog\\\/2013\\\/09\\\/16\\\/zum-begraebnis-karls-des-grossen\\\/\",\"url\":\"https:\\\/\\\/www.tribur.de\\\/blog\\\/2013\\\/09\\\/16\\\/zum-begraebnis-karls-des-grossen\\\/\",\"name\":\"Zum Begr\u00e4bnis Karls des Gro\u00dfen - Tribur.de\",\"isPartOf\":{\"@id\":\"https:\\\/\\\/www.tribur.de\\\/blog\\\/#website\"},\"datePublished\":\"2013-09-16T09:22:21+00:00\",\"breadcrumb\":{\"@id\":\"https:\\\/\\\/www.tribur.de\\\/blog\\\/2013\\\/09\\\/16\\\/zum-begraebnis-karls-des-grossen\\\/#breadcrumb\"},\"inLanguage\":\"de\",\"potentialAction\":[{\"@type\":\"ReadAction\",\"target\":[\"https:\\\/\\\/www.tribur.de\\\/blog\\\/2013\\\/09\\\/16\\\/zum-begraebnis-karls-des-grossen\\\/\"]}]},{\"@type\":\"BreadcrumbList\",\"@id\":\"https:\\\/\\\/www.tribur.de\\\/blog\\\/2013\\\/09\\\/16\\\/zum-begraebnis-karls-des-grossen\\\/#breadcrumb\",\"itemListElement\":[{\"@type\":\"ListItem\",\"position\":1,\"name\":\"Home\",\"item\":\"https:\\\/\\\/www.tribur.de\\\/blog\\\/\"},{\"@type\":\"ListItem\",\"position\":2,\"name\":\"Zum Begr\u00e4bnis Karls des Gro\u00dfen\"}]},{\"@type\":\"WebSite\",\"@id\":\"https:\\\/\\\/www.tribur.de\\\/blog\\\/#website\",\"url\":\"https:\\\/\\\/www.tribur.de\\\/blog\\\/\",\"name\":\"Tribur.de\",\"description\":\"Tribur.de - Geschichte und so Zeugs\",\"publisher\":{\"@id\":\"https:\\\/\\\/www.tribur.de\\\/blog\\\/#\\\/schema\\\/person\\\/3119997f09f43791809c2d1af27bba6c\"},\"potentialAction\":[{\"@type\":\"SearchAction\",\"target\":{\"@type\":\"EntryPoint\",\"urlTemplate\":\"https:\\\/\\\/www.tribur.de\\\/blog\\\/?s={search_term_string}\"},\"query-input\":{\"@type\":\"PropertyValueSpecification\",\"valueRequired\":true,\"valueName\":\"search_term_string\"}}],\"inLanguage\":\"de\"},{\"@type\":[\"Person\",\"Organization\"],\"@id\":\"https:\\\/\\\/www.tribur.de\\\/blog\\\/#\\\/schema\\\/person\\\/3119997f09f43791809c2d1af27bba6c\",\"name\":\"Markus Zwittmeier\",\"image\":{\"@type\":\"ImageObject\",\"inLanguage\":\"de\",\"@id\":\"https:\\\/\\\/i0.wp.com\\\/www.tribur.de\\\/blog\\\/wp-content\\\/uploads\\\/2018\\\/09\\\/cropped-logotest-4.jpg?fit=200%2C200&ssl=1\",\"url\":\"https:\\\/\\\/i0.wp.com\\\/www.tribur.de\\\/blog\\\/wp-content\\\/uploads\\\/2018\\\/09\\\/cropped-logotest-4.jpg?fit=200%2C200&ssl=1\",\"contentUrl\":\"https:\\\/\\\/i0.wp.com\\\/www.tribur.de\\\/blog\\\/wp-content\\\/uploads\\\/2018\\\/09\\\/cropped-logotest-4.jpg?fit=200%2C200&ssl=1\",\"width\":200,\"height\":200,\"caption\":\"Markus Zwittmeier\"},\"logo\":{\"@id\":\"https:\\\/\\\/i0.wp.com\\\/www.tribur.de\\\/blog\\\/wp-content\\\/uploads\\\/2018\\\/09\\\/cropped-logotest-4.jpg?fit=200%2C200&ssl=1\"},\"sameAs\":[\"http:\\\/\\\/www.Tribur.de\",\"http:\\\/\\\/www.facebook.com\\\/pages\\\/Triburde\\\/184352328288771\",\"https:\\\/\\\/www.instagram.com\\\/tribur.de\\\/\",\"https:\\\/\\\/x.com\\\/https:\\\/\\\/twitter.com\\\/tribur\",\"https:\\\/\\\/www.youtube.com\\\/channel\\\/UCnEonou-x6_P4XPjBk2htCA\"],\"url\":\"https:\\\/\\\/www.tribur.de\\\/blog\\\/author\\\/markus\\\/\"}]}<\/script>\n<!-- \/ Yoast SEO plugin. -->","yoast_head_json":{"title":"Zum Begr\u00e4bnis Karls des Gro\u00dfen - Tribur.de","robots":{"index":"index","follow":"follow","max-snippet":"max-snippet:-1","max-image-preview":"max-image-preview:large","max-video-preview":"max-video-preview:-1"},"canonical":"https:\/\/www.tribur.de\/blog\/2013\/09\/16\/zum-begraebnis-karls-des-grossen\/","og_locale":"de_DE","og_type":"article","og_title":"Zum Begr\u00e4bnis Karls des Gro\u00dfen - Tribur.de","og_description":"Ich hatte mich ein wenig mit karolingischen Begr\u00e4bnissen besch\u00e4ftigt und da blieb ich auch an Karl dem Gro\u00dfen h\u00e4ngen. Daher hab ich das mal ein bisschen zusammengefasst. Um die Frage wo und wie Karl&#46;&#46;&#46;","og_url":"https:\/\/www.tribur.de\/blog\/2013\/09\/16\/zum-begraebnis-karls-des-grossen\/","og_site_name":"Tribur.de","article_publisher":"http:\/\/www.facebook.com\/pages\/Triburde\/184352328288771","article_author":"http:\/\/www.facebook.com\/pages\/Triburde\/184352328288771","article_published_time":"2013-09-16T09:22:21+00:00","og_image":[{"width":200,"height":200,"url":"https:\/\/i0.wp.com\/www.tribur.de\/blog\/wp-content\/uploads\/2018\/09\/cropped-logotest-2.jpg?fit=200%2C200&ssl=1","type":"image\/jpeg"}],"author":"Markus Zwittmeier","twitter_card":"summary_large_image","twitter_creator":"@https:\/\/twitter.com\/tribur","twitter_site":"@tribur","twitter_misc":{"Verfasst von":"Markus Zwittmeier","Gesch\u00e4tzte Lesezeit":"4\u00a0Minuten"},"schema":{"@context":"https:\/\/schema.org","@graph":[{"@type":"Article","@id":"https:\/\/www.tribur.de\/blog\/2013\/09\/16\/zum-begraebnis-karls-des-grossen\/#article","isPartOf":{"@id":"https:\/\/www.tribur.de\/blog\/2013\/09\/16\/zum-begraebnis-karls-des-grossen\/"},"author":{"name":"Markus Zwittmeier","@id":"https:\/\/www.tribur.de\/blog\/#\/schema\/person\/3119997f09f43791809c2d1af27bba6c"},"headline":"Zum Begr\u00e4bnis Karls des Gro\u00dfen","datePublished":"2013-09-16T09:22:21+00:00","mainEntityOfPage":{"@id":"https:\/\/www.tribur.de\/blog\/2013\/09\/16\/zum-begraebnis-karls-des-grossen\/"},"wordCount":903,"commentCount":0,"publisher":{"@id":"https:\/\/www.tribur.de\/blog\/#\/schema\/person\/3119997f09f43791809c2d1af27bba6c"},"keywords":["Arch\u00e4ologie","Fr\u00fchmittelalter","karolingisch"],"articleSection":["Geschichte"],"inLanguage":"de","potentialAction":[{"@type":"CommentAction","name":"Comment","target":["https:\/\/www.tribur.de\/blog\/2013\/09\/16\/zum-begraebnis-karls-des-grossen\/#respond"]}]},{"@type":"WebPage","@id":"https:\/\/www.tribur.de\/blog\/2013\/09\/16\/zum-begraebnis-karls-des-grossen\/","url":"https:\/\/www.tribur.de\/blog\/2013\/09\/16\/zum-begraebnis-karls-des-grossen\/","name":"Zum Begr\u00e4bnis Karls des Gro\u00dfen - Tribur.de","isPartOf":{"@id":"https:\/\/www.tribur.de\/blog\/#website"},"datePublished":"2013-09-16T09:22:21+00:00","breadcrumb":{"@id":"https:\/\/www.tribur.de\/blog\/2013\/09\/16\/zum-begraebnis-karls-des-grossen\/#breadcrumb"},"inLanguage":"de","potentialAction":[{"@type":"ReadAction","target":["https:\/\/www.tribur.de\/blog\/2013\/09\/16\/zum-begraebnis-karls-des-grossen\/"]}]},{"@type":"BreadcrumbList","@id":"https:\/\/www.tribur.de\/blog\/2013\/09\/16\/zum-begraebnis-karls-des-grossen\/#breadcrumb","itemListElement":[{"@type":"ListItem","position":1,"name":"Home","item":"https:\/\/www.tribur.de\/blog\/"},{"@type":"ListItem","position":2,"name":"Zum Begr\u00e4bnis Karls des Gro\u00dfen"}]},{"@type":"WebSite","@id":"https:\/\/www.tribur.de\/blog\/#website","url":"https:\/\/www.tribur.de\/blog\/","name":"Tribur.de","description":"Tribur.de - Geschichte und so Zeugs","publisher":{"@id":"https:\/\/www.tribur.de\/blog\/#\/schema\/person\/3119997f09f43791809c2d1af27bba6c"},"potentialAction":[{"@type":"SearchAction","target":{"@type":"EntryPoint","urlTemplate":"https:\/\/www.tribur.de\/blog\/?s={search_term_string}"},"query-input":{"@type":"PropertyValueSpecification","valueRequired":true,"valueName":"search_term_string"}}],"inLanguage":"de"},{"@type":["Person","Organization"],"@id":"https:\/\/www.tribur.de\/blog\/#\/schema\/person\/3119997f09f43791809c2d1af27bba6c","name":"Markus Zwittmeier","image":{"@type":"ImageObject","inLanguage":"de","@id":"https:\/\/i0.wp.com\/www.tribur.de\/blog\/wp-content\/uploads\/2018\/09\/cropped-logotest-4.jpg?fit=200%2C200&ssl=1","url":"https:\/\/i0.wp.com\/www.tribur.de\/blog\/wp-content\/uploads\/2018\/09\/cropped-logotest-4.jpg?fit=200%2C200&ssl=1","contentUrl":"https:\/\/i0.wp.com\/www.tribur.de\/blog\/wp-content\/uploads\/2018\/09\/cropped-logotest-4.jpg?fit=200%2C200&ssl=1","width":200,"height":200,"caption":"Markus Zwittmeier"},"logo":{"@id":"https:\/\/i0.wp.com\/www.tribur.de\/blog\/wp-content\/uploads\/2018\/09\/cropped-logotest-4.jpg?fit=200%2C200&ssl=1"},"sameAs":["http:\/\/www.Tribur.de","http:\/\/www.facebook.com\/pages\/Triburde\/184352328288771","https:\/\/www.instagram.com\/tribur.de\/","https:\/\/x.com\/https:\/\/twitter.com\/tribur","https:\/\/www.youtube.com\/channel\/UCnEonou-x6_P4XPjBk2htCA"],"url":"https:\/\/www.tribur.de\/blog\/author\/markus\/"}]}},"jetpack_publicize_connections":[],"jetpack_featured_media_url":"","jetpack_shortlink":"https:\/\/wp.me\/p1mHPu-6DU","jetpack_sharing_enabled":true,"_links":{"self":[{"href":"https:\/\/www.tribur.de\/blog\/wp-json\/wp\/v2\/posts\/25538","targetHints":{"allow":["GET"]}}],"collection":[{"href":"https:\/\/www.tribur.de\/blog\/wp-json\/wp\/v2\/posts"}],"about":[{"href":"https:\/\/www.tribur.de\/blog\/wp-json\/wp\/v2\/types\/post"}],"author":[{"embeddable":true,"href":"https:\/\/www.tribur.de\/blog\/wp-json\/wp\/v2\/users\/2"}],"replies":[{"embeddable":true,"href":"https:\/\/www.tribur.de\/blog\/wp-json\/wp\/v2\/comments?post=25538"}],"version-history":[{"count":3,"href":"https:\/\/www.tribur.de\/blog\/wp-json\/wp\/v2\/posts\/25538\/revisions"}],"predecessor-version":[{"id":25541,"href":"https:\/\/www.tribur.de\/blog\/wp-json\/wp\/v2\/posts\/25538\/revisions\/25541"}],"wp:attachment":[{"href":"https:\/\/www.tribur.de\/blog\/wp-json\/wp\/v2\/media?parent=25538"}],"wp:term":[{"taxonomy":"category","embeddable":true,"href":"https:\/\/www.tribur.de\/blog\/wp-json\/wp\/v2\/categories?post=25538"},{"taxonomy":"post_tag","embeddable":true,"href":"https:\/\/www.tribur.de\/blog\/wp-json\/wp\/v2\/tags?post=25538"}],"curies":[{"name":"wp","href":"https:\/\/api.w.org\/{rel}","templated":true}]}}