{"id":25203,"date":"2013-07-18T11:19:14","date_gmt":"2013-07-18T09:19:14","guid":{"rendered":"http:\/\/www.tribur.de\/blog\/?p=25203"},"modified":"2013-07-18T11:19:14","modified_gmt":"2013-07-18T09:19:14","slug":"st-laurentius-trebur-mit-oder-ohne-turm","status":"publish","type":"post","link":"https:\/\/www.tribur.de\/blog\/2013\/07\/18\/st-laurentius-trebur-mit-oder-ohne-turm\/","title":{"rendered":"St. Laurentius Trebur &#8211; mit oder ohne Turm?"},"content":{"rendered":"<div id=\"attachment_25204\" style=\"width: 360px\" class=\"wp-caption alignleft\"><a href=\"https:\/\/i0.wp.com\/www.tribur.de\/blog\/wp-content\/uploads\/2013\/07\/Westseite.jpg?ssl=1\"><img data-recalc-dims=\"1\" loading=\"lazy\" decoding=\"async\" aria-describedby=\"caption-attachment-25204\" class=\"size-full wp-image-25204\" alt=\"Westseite\" src=\"https:\/\/i0.wp.com\/www.tribur.de\/blog\/wp-content\/uploads\/2013\/07\/Westseite.jpg?resize=350%2C320&#038;ssl=1\" width=\"350\" height=\"320\" srcset=\"https:\/\/i0.wp.com\/www.tribur.de\/blog\/wp-content\/uploads\/2013\/07\/Westseite.jpg?w=350&amp;ssl=1 350w, https:\/\/i0.wp.com\/www.tribur.de\/blog\/wp-content\/uploads\/2013\/07\/Westseite.jpg?resize=300%2C274&amp;ssl=1 300w\" sizes=\"auto, (max-width: 350px) 100vw, 350px\" \/><\/a><p id=\"caption-attachment-25204\" class=\"wp-caption-text\">Gegen\u00fcberstellung: Westseite der Laurentiuskirche mit und ohne Turmaufsatz<\/p><\/div>\n<p>Ich befinde mich zur Zeit in der Produktionsphase einer Doku \u00fcber die Laurentiuskirche Trebur. Da ich nat\u00fcrlich so akkurat wie irgend m\u00f6glich arbeiten m\u00f6chte stellte sich mir erneut die Frage ob der Westbau einen Turm trug oder nicht. Ich tendiere, relativ sicher, zu der Annahme das der Westbau keinen Turm trug.<\/p>\n<p>1. Es fehlt jegliches Anzeichen eines Aufganges. Im Westbau, der aus einem Westquerhaus besteht, gibt es keine Hinweise auf eine Treppenanlage. Es fehlen entsprechende Ger\u00fcstl\u00f6cher f\u00fcr eine h\u00f6zerne (Not-)L\u00f6sung und es gibt keine Hinweise auf eine steinerne L\u00f6sung. Ebensowenig existieren Hinweise auf Treppent\u00fcrme, die abgebrochen sein k\u00f6nnten. Sp\u00e4testens im 19. Jahrhundert gab es die L\u00f6sung eines H\u00f6lzernen Treppenaufgangs in der Vorhalle, der wohl eine L\u00f6sung \u00fcber das n\u00f6rdliche Seitenschiff \u00a0in den n\u00f6rdlichen Fl\u00fcgel des Westbaus und von dort nach oben ersetzte.<\/p>\n<p>2. Statische Probleme. Noch heute leidet der Turm an statischen Problemen, da er eigentlich zu schwer ist und die Schwingung der Glocken ihr \u00fcbriges tun. Der Urzustand des Mauerwerks betr\u00e4gt an seiner dicksten Stelle, der Westmauer (Au\u00dfenmauer) ca. 1m, die B\u00f6gen nach Nord und S\u00fcd weisen eine St\u00e4rke von 70cm auf, die Trennwand zum Langhaus dagegen nur 60cm! Eine meiner \u00dcberlegungen ist daher das die 60cm Mauer, die einen gro\u00dfen sp\u00e4tgotischen Bogen besitzt, diesen Bogen nur erhielt, bzw. dieser ausgetauscht wurde um die Last des Turmes abzuleiten, denn diese Mauer k\u00f6nnte wie eine Sollbruchstelle wirken.<\/p>\n<p>3. Eine Aufnahme aus dem 1. Viertel des 20. Jahrhunderts (zu finden bei\u00a0<a href=\"http:\/\/www.bildindex.de\/\">http:\/\/www.bildindex.de<\/a> ). Diese Aufnahme entstand als der Putz letztmalig am \u00c4u\u00dferen entfernt wurde. Vergr\u00f6\u00dfert man das Bild kann man in der Verl\u00e4ngerung des Langhauses zwei Steine einer Eckverquaderung ausmachen. Sie ist etwas weiter von der Mittelachse entfernt als die sp\u00e4tere Eckverquaderung die den Turm tr\u00e4gt und wohl auf Pfannm\u00fcller zur\u00fcckzuf\u00fchren ist, dessen Turm 1711 wegen statischer Probleme durch den heutigen ausgetauscht werden musste. Diese Eckverquaderung, nun in einer Wandfl\u00e4che existiert gleicht lediglich den Bereich aus der zwischen der H\u00f6he des Querhauses und der Traufh\u00f6he des Langhauses entsteht. Wenn also keine Steine abgebrochen wurden, ist dies der Beweis das der Westbau keinen Turm trug.<\/p>\n<p>Im \u00dcbrigen finde ich immer wieder die \u00c4hnlichkeit interessant die sich bei diesem Bau zum Willigis-Bardo-Bau des Mainzer Doms ergibt, als er noch keine Ost-Apsis besa\u00df. (Ich erinnere daran das der Mainzer Dom gewestet ist, der Westbau ist quasi ein Ostbau in Mainz) In Mainz hat man \u00fcbrigens ein ganz \u00e4hnliches Problem. Man wei\u00df auch nicht ob der Ostteil einen Turm besa\u00df, weshalb man immer wieder verschiedene Rekonstruktionen sieht. Dort aber existieren auch keine Innenmauern aus dieser Zeit und auch die Au\u00dfenmauer existiert nicht mehr.<\/p>\n<p>&nbsp;<\/p>\n","protected":false},"excerpt":{"rendered":"<p>Ich befinde mich zur Zeit in der Produktionsphase einer Doku \u00fcber die Laurentiuskirche Trebur. Da ich nat\u00fcrlich so akkurat wie irgend m\u00f6glich arbeiten m\u00f6chte stellte sich mir erneut die Frage ob der Westbau einen&#46;&#46;&#46;<\/p>\n","protected":false},"author":2,"featured_media":0,"comment_status":"open","ping_status":"open","sticky":false,"template":"","format":"standard","meta":{"jetpack_post_was_ever_published":false,"_jetpack_newsletter_access":"","_jetpack_dont_email_post_to_subs":false,"_jetpack_newsletter_tier_id":0,"_jetpack_memberships_contains_paywalled_content":false,"_jetpack_memberships_contains_paid_content":false,"footnotes":"","jetpack_publicize_message":"","jetpack_publicize_feature_enabled":true,"jetpack_social_post_already_shared":true,"jetpack_social_options":{"image_generator_settings":{"template":"highway","default_image_id":0,"font":"","enabled":false},"version":2}},"categories":[1],"tags":[11,12,46,35,37,16,57],"class_list":["post-25203","post","type-post","status-publish","format-standard","hentry","category-geschichte","tag-fruhmittelalter","tag-hochmittelalter","tag-ottonisch","tag-pfalz","tag-theorie","tag-trebur","tag-video"],"yoast_head":"<!-- This site is optimized with the Yoast SEO plugin v27.5 - https:\/\/yoast.com\/product\/yoast-seo-wordpress\/ -->\n<title>St. Laurentius Trebur - mit oder ohne Turm? - Tribur.de<\/title>\n<meta name=\"robots\" content=\"index, follow, max-snippet:-1, max-image-preview:large, max-video-preview:-1\" \/>\n<link rel=\"canonical\" href=\"https:\/\/www.tribur.de\/blog\/2013\/07\/18\/st-laurentius-trebur-mit-oder-ohne-turm\/\" \/>\n<meta property=\"og:locale\" content=\"de_DE\" \/>\n<meta property=\"og:type\" content=\"article\" \/>\n<meta property=\"og:title\" content=\"St. Laurentius Trebur - mit oder ohne Turm? - Tribur.de\" \/>\n<meta property=\"og:description\" content=\"Ich befinde mich zur Zeit in der Produktionsphase einer Doku \u00fcber die Laurentiuskirche Trebur. Da ich nat\u00fcrlich so akkurat wie irgend m\u00f6glich arbeiten m\u00f6chte stellte sich mir erneut die Frage ob der Westbau einen&#046;&#046;&#046;\" \/>\n<meta property=\"og:url\" content=\"https:\/\/www.tribur.de\/blog\/2013\/07\/18\/st-laurentius-trebur-mit-oder-ohne-turm\/\" \/>\n<meta property=\"og:site_name\" content=\"Tribur.de\" \/>\n<meta property=\"article:publisher\" content=\"http:\/\/www.facebook.com\/pages\/Triburde\/184352328288771\" \/>\n<meta property=\"article:author\" content=\"http:\/\/www.facebook.com\/pages\/Triburde\/184352328288771\" \/>\n<meta property=\"article:published_time\" content=\"2013-07-18T09:19:14+00:00\" \/>\n<meta property=\"og:image\" content=\"http:\/\/www.tribur.de\/blog\/wp-content\/uploads\/2013\/07\/Westseite.jpg\" \/>\n<meta name=\"author\" content=\"Markus Zwittmeier\" \/>\n<meta name=\"twitter:card\" content=\"summary_large_image\" \/>\n<meta name=\"twitter:creator\" content=\"@https:\/\/twitter.com\/tribur\" \/>\n<meta name=\"twitter:site\" content=\"@tribur\" \/>\n<meta name=\"twitter:label1\" content=\"Verfasst von\" \/>\n\t<meta name=\"twitter:data1\" content=\"Markus Zwittmeier\" \/>\n\t<meta name=\"twitter:label2\" content=\"Gesch\u00e4tzte Lesezeit\" \/>\n\t<meta name=\"twitter:data2\" content=\"2\u00a0Minuten\" \/>\n<script type=\"application\/ld+json\" class=\"yoast-schema-graph\">{\"@context\":\"https:\\\/\\\/schema.org\",\"@graph\":[{\"@type\":\"Article\",\"@id\":\"https:\\\/\\\/www.tribur.de\\\/blog\\\/2013\\\/07\\\/18\\\/st-laurentius-trebur-mit-oder-ohne-turm\\\/#article\",\"isPartOf\":{\"@id\":\"https:\\\/\\\/www.tribur.de\\\/blog\\\/2013\\\/07\\\/18\\\/st-laurentius-trebur-mit-oder-ohne-turm\\\/\"},\"author\":{\"name\":\"Markus Zwittmeier\",\"@id\":\"https:\\\/\\\/www.tribur.de\\\/blog\\\/#\\\/schema\\\/person\\\/3119997f09f43791809c2d1af27bba6c\"},\"headline\":\"St. Laurentius Trebur &#8211; mit oder ohne Turm?\",\"datePublished\":\"2013-07-18T09:19:14+00:00\",\"mainEntityOfPage\":{\"@id\":\"https:\\\/\\\/www.tribur.de\\\/blog\\\/2013\\\/07\\\/18\\\/st-laurentius-trebur-mit-oder-ohne-turm\\\/\"},\"wordCount\":487,\"commentCount\":0,\"publisher\":{\"@id\":\"https:\\\/\\\/www.tribur.de\\\/blog\\\/#\\\/schema\\\/person\\\/3119997f09f43791809c2d1af27bba6c\"},\"image\":{\"@id\":\"https:\\\/\\\/www.tribur.de\\\/blog\\\/2013\\\/07\\\/18\\\/st-laurentius-trebur-mit-oder-ohne-turm\\\/#primaryimage\"},\"thumbnailUrl\":\"http:\\\/\\\/www.tribur.de\\\/blog\\\/wp-content\\\/uploads\\\/2013\\\/07\\\/Westseite.jpg\",\"keywords\":[\"Fr\u00fchmittelalter\",\"Hochmittelalter\",\"ottonisch\",\"Pfalz\",\"Theorie\",\"Trebur\\\/Tribur\",\"Video\"],\"articleSection\":[\"Geschichte\"],\"inLanguage\":\"de\",\"potentialAction\":[{\"@type\":\"CommentAction\",\"name\":\"Comment\",\"target\":[\"https:\\\/\\\/www.tribur.de\\\/blog\\\/2013\\\/07\\\/18\\\/st-laurentius-trebur-mit-oder-ohne-turm\\\/#respond\"]}]},{\"@type\":\"WebPage\",\"@id\":\"https:\\\/\\\/www.tribur.de\\\/blog\\\/2013\\\/07\\\/18\\\/st-laurentius-trebur-mit-oder-ohne-turm\\\/\",\"url\":\"https:\\\/\\\/www.tribur.de\\\/blog\\\/2013\\\/07\\\/18\\\/st-laurentius-trebur-mit-oder-ohne-turm\\\/\",\"name\":\"St. Laurentius Trebur - mit oder ohne Turm? - Tribur.de\",\"isPartOf\":{\"@id\":\"https:\\\/\\\/www.tribur.de\\\/blog\\\/#website\"},\"primaryImageOfPage\":{\"@id\":\"https:\\\/\\\/www.tribur.de\\\/blog\\\/2013\\\/07\\\/18\\\/st-laurentius-trebur-mit-oder-ohne-turm\\\/#primaryimage\"},\"image\":{\"@id\":\"https:\\\/\\\/www.tribur.de\\\/blog\\\/2013\\\/07\\\/18\\\/st-laurentius-trebur-mit-oder-ohne-turm\\\/#primaryimage\"},\"thumbnailUrl\":\"http:\\\/\\\/www.tribur.de\\\/blog\\\/wp-content\\\/uploads\\\/2013\\\/07\\\/Westseite.jpg\",\"datePublished\":\"2013-07-18T09:19:14+00:00\",\"breadcrumb\":{\"@id\":\"https:\\\/\\\/www.tribur.de\\\/blog\\\/2013\\\/07\\\/18\\\/st-laurentius-trebur-mit-oder-ohne-turm\\\/#breadcrumb\"},\"inLanguage\":\"de\",\"potentialAction\":[{\"@type\":\"ReadAction\",\"target\":[\"https:\\\/\\\/www.tribur.de\\\/blog\\\/2013\\\/07\\\/18\\\/st-laurentius-trebur-mit-oder-ohne-turm\\\/\"]}]},{\"@type\":\"ImageObject\",\"inLanguage\":\"de\",\"@id\":\"https:\\\/\\\/www.tribur.de\\\/blog\\\/2013\\\/07\\\/18\\\/st-laurentius-trebur-mit-oder-ohne-turm\\\/#primaryimage\",\"url\":\"https:\\\/\\\/i0.wp.com\\\/www.tribur.de\\\/blog\\\/wp-content\\\/uploads\\\/2013\\\/07\\\/Westseite.jpg?fit=350%2C320&ssl=1\",\"contentUrl\":\"https:\\\/\\\/i0.wp.com\\\/www.tribur.de\\\/blog\\\/wp-content\\\/uploads\\\/2013\\\/07\\\/Westseite.jpg?fit=350%2C320&ssl=1\",\"width\":350,\"height\":320},{\"@type\":\"BreadcrumbList\",\"@id\":\"https:\\\/\\\/www.tribur.de\\\/blog\\\/2013\\\/07\\\/18\\\/st-laurentius-trebur-mit-oder-ohne-turm\\\/#breadcrumb\",\"itemListElement\":[{\"@type\":\"ListItem\",\"position\":1,\"name\":\"Home\",\"item\":\"https:\\\/\\\/www.tribur.de\\\/blog\\\/\"},{\"@type\":\"ListItem\",\"position\":2,\"name\":\"St. Laurentius Trebur &#8211; mit oder ohne Turm?\"}]},{\"@type\":\"WebSite\",\"@id\":\"https:\\\/\\\/www.tribur.de\\\/blog\\\/#website\",\"url\":\"https:\\\/\\\/www.tribur.de\\\/blog\\\/\",\"name\":\"Tribur.de\",\"description\":\"Tribur.de - Geschichte und so Zeugs\",\"publisher\":{\"@id\":\"https:\\\/\\\/www.tribur.de\\\/blog\\\/#\\\/schema\\\/person\\\/3119997f09f43791809c2d1af27bba6c\"},\"potentialAction\":[{\"@type\":\"SearchAction\",\"target\":{\"@type\":\"EntryPoint\",\"urlTemplate\":\"https:\\\/\\\/www.tribur.de\\\/blog\\\/?s={search_term_string}\"},\"query-input\":{\"@type\":\"PropertyValueSpecification\",\"valueRequired\":true,\"valueName\":\"search_term_string\"}}],\"inLanguage\":\"de\"},{\"@type\":[\"Person\",\"Organization\"],\"@id\":\"https:\\\/\\\/www.tribur.de\\\/blog\\\/#\\\/schema\\\/person\\\/3119997f09f43791809c2d1af27bba6c\",\"name\":\"Markus Zwittmeier\",\"image\":{\"@type\":\"ImageObject\",\"inLanguage\":\"de\",\"@id\":\"https:\\\/\\\/i0.wp.com\\\/www.tribur.de\\\/blog\\\/wp-content\\\/uploads\\\/2018\\\/09\\\/cropped-logotest-4.jpg?fit=200%2C200&ssl=1\",\"url\":\"https:\\\/\\\/i0.wp.com\\\/www.tribur.de\\\/blog\\\/wp-content\\\/uploads\\\/2018\\\/09\\\/cropped-logotest-4.jpg?fit=200%2C200&ssl=1\",\"contentUrl\":\"https:\\\/\\\/i0.wp.com\\\/www.tribur.de\\\/blog\\\/wp-content\\\/uploads\\\/2018\\\/09\\\/cropped-logotest-4.jpg?fit=200%2C200&ssl=1\",\"width\":200,\"height\":200,\"caption\":\"Markus Zwittmeier\"},\"logo\":{\"@id\":\"https:\\\/\\\/i0.wp.com\\\/www.tribur.de\\\/blog\\\/wp-content\\\/uploads\\\/2018\\\/09\\\/cropped-logotest-4.jpg?fit=200%2C200&ssl=1\"},\"sameAs\":[\"http:\\\/\\\/www.Tribur.de\",\"http:\\\/\\\/www.facebook.com\\\/pages\\\/Triburde\\\/184352328288771\",\"https:\\\/\\\/www.instagram.com\\\/tribur.de\\\/\",\"https:\\\/\\\/x.com\\\/https:\\\/\\\/twitter.com\\\/tribur\",\"https:\\\/\\\/www.youtube.com\\\/channel\\\/UCnEonou-x6_P4XPjBk2htCA\"],\"url\":\"https:\\\/\\\/www.tribur.de\\\/blog\\\/author\\\/markus\\\/\"}]}<\/script>\n<!-- \/ Yoast SEO plugin. -->","yoast_head_json":{"title":"St. Laurentius Trebur - mit oder ohne Turm? - Tribur.de","robots":{"index":"index","follow":"follow","max-snippet":"max-snippet:-1","max-image-preview":"max-image-preview:large","max-video-preview":"max-video-preview:-1"},"canonical":"https:\/\/www.tribur.de\/blog\/2013\/07\/18\/st-laurentius-trebur-mit-oder-ohne-turm\/","og_locale":"de_DE","og_type":"article","og_title":"St. Laurentius Trebur - mit oder ohne Turm? - Tribur.de","og_description":"Ich befinde mich zur Zeit in der Produktionsphase einer Doku \u00fcber die Laurentiuskirche Trebur. Da ich nat\u00fcrlich so akkurat wie irgend m\u00f6glich arbeiten m\u00f6chte stellte sich mir erneut die Frage ob der Westbau einen&#46;&#46;&#46;","og_url":"https:\/\/www.tribur.de\/blog\/2013\/07\/18\/st-laurentius-trebur-mit-oder-ohne-turm\/","og_site_name":"Tribur.de","article_publisher":"http:\/\/www.facebook.com\/pages\/Triburde\/184352328288771","article_author":"http:\/\/www.facebook.com\/pages\/Triburde\/184352328288771","article_published_time":"2013-07-18T09:19:14+00:00","og_image":[{"url":"http:\/\/www.tribur.de\/blog\/wp-content\/uploads\/2013\/07\/Westseite.jpg","type":"","width":"","height":""}],"author":"Markus Zwittmeier","twitter_card":"summary_large_image","twitter_creator":"@https:\/\/twitter.com\/tribur","twitter_site":"@tribur","twitter_misc":{"Verfasst von":"Markus Zwittmeier","Gesch\u00e4tzte Lesezeit":"2\u00a0Minuten"},"schema":{"@context":"https:\/\/schema.org","@graph":[{"@type":"Article","@id":"https:\/\/www.tribur.de\/blog\/2013\/07\/18\/st-laurentius-trebur-mit-oder-ohne-turm\/#article","isPartOf":{"@id":"https:\/\/www.tribur.de\/blog\/2013\/07\/18\/st-laurentius-trebur-mit-oder-ohne-turm\/"},"author":{"name":"Markus Zwittmeier","@id":"https:\/\/www.tribur.de\/blog\/#\/schema\/person\/3119997f09f43791809c2d1af27bba6c"},"headline":"St. Laurentius Trebur &#8211; mit oder ohne Turm?","datePublished":"2013-07-18T09:19:14+00:00","mainEntityOfPage":{"@id":"https:\/\/www.tribur.de\/blog\/2013\/07\/18\/st-laurentius-trebur-mit-oder-ohne-turm\/"},"wordCount":487,"commentCount":0,"publisher":{"@id":"https:\/\/www.tribur.de\/blog\/#\/schema\/person\/3119997f09f43791809c2d1af27bba6c"},"image":{"@id":"https:\/\/www.tribur.de\/blog\/2013\/07\/18\/st-laurentius-trebur-mit-oder-ohne-turm\/#primaryimage"},"thumbnailUrl":"http:\/\/www.tribur.de\/blog\/wp-content\/uploads\/2013\/07\/Westseite.jpg","keywords":["Fr\u00fchmittelalter","Hochmittelalter","ottonisch","Pfalz","Theorie","Trebur\/Tribur","Video"],"articleSection":["Geschichte"],"inLanguage":"de","potentialAction":[{"@type":"CommentAction","name":"Comment","target":["https:\/\/www.tribur.de\/blog\/2013\/07\/18\/st-laurentius-trebur-mit-oder-ohne-turm\/#respond"]}]},{"@type":"WebPage","@id":"https:\/\/www.tribur.de\/blog\/2013\/07\/18\/st-laurentius-trebur-mit-oder-ohne-turm\/","url":"https:\/\/www.tribur.de\/blog\/2013\/07\/18\/st-laurentius-trebur-mit-oder-ohne-turm\/","name":"St. Laurentius Trebur - mit oder ohne Turm? - Tribur.de","isPartOf":{"@id":"https:\/\/www.tribur.de\/blog\/#website"},"primaryImageOfPage":{"@id":"https:\/\/www.tribur.de\/blog\/2013\/07\/18\/st-laurentius-trebur-mit-oder-ohne-turm\/#primaryimage"},"image":{"@id":"https:\/\/www.tribur.de\/blog\/2013\/07\/18\/st-laurentius-trebur-mit-oder-ohne-turm\/#primaryimage"},"thumbnailUrl":"http:\/\/www.tribur.de\/blog\/wp-content\/uploads\/2013\/07\/Westseite.jpg","datePublished":"2013-07-18T09:19:14+00:00","breadcrumb":{"@id":"https:\/\/www.tribur.de\/blog\/2013\/07\/18\/st-laurentius-trebur-mit-oder-ohne-turm\/#breadcrumb"},"inLanguage":"de","potentialAction":[{"@type":"ReadAction","target":["https:\/\/www.tribur.de\/blog\/2013\/07\/18\/st-laurentius-trebur-mit-oder-ohne-turm\/"]}]},{"@type":"ImageObject","inLanguage":"de","@id":"https:\/\/www.tribur.de\/blog\/2013\/07\/18\/st-laurentius-trebur-mit-oder-ohne-turm\/#primaryimage","url":"https:\/\/i0.wp.com\/www.tribur.de\/blog\/wp-content\/uploads\/2013\/07\/Westseite.jpg?fit=350%2C320&ssl=1","contentUrl":"https:\/\/i0.wp.com\/www.tribur.de\/blog\/wp-content\/uploads\/2013\/07\/Westseite.jpg?fit=350%2C320&ssl=1","width":350,"height":320},{"@type":"BreadcrumbList","@id":"https:\/\/www.tribur.de\/blog\/2013\/07\/18\/st-laurentius-trebur-mit-oder-ohne-turm\/#breadcrumb","itemListElement":[{"@type":"ListItem","position":1,"name":"Home","item":"https:\/\/www.tribur.de\/blog\/"},{"@type":"ListItem","position":2,"name":"St. Laurentius Trebur &#8211; mit oder ohne Turm?"}]},{"@type":"WebSite","@id":"https:\/\/www.tribur.de\/blog\/#website","url":"https:\/\/www.tribur.de\/blog\/","name":"Tribur.de","description":"Tribur.de - Geschichte und so Zeugs","publisher":{"@id":"https:\/\/www.tribur.de\/blog\/#\/schema\/person\/3119997f09f43791809c2d1af27bba6c"},"potentialAction":[{"@type":"SearchAction","target":{"@type":"EntryPoint","urlTemplate":"https:\/\/www.tribur.de\/blog\/?s={search_term_string}"},"query-input":{"@type":"PropertyValueSpecification","valueRequired":true,"valueName":"search_term_string"}}],"inLanguage":"de"},{"@type":["Person","Organization"],"@id":"https:\/\/www.tribur.de\/blog\/#\/schema\/person\/3119997f09f43791809c2d1af27bba6c","name":"Markus Zwittmeier","image":{"@type":"ImageObject","inLanguage":"de","@id":"https:\/\/i0.wp.com\/www.tribur.de\/blog\/wp-content\/uploads\/2018\/09\/cropped-logotest-4.jpg?fit=200%2C200&ssl=1","url":"https:\/\/i0.wp.com\/www.tribur.de\/blog\/wp-content\/uploads\/2018\/09\/cropped-logotest-4.jpg?fit=200%2C200&ssl=1","contentUrl":"https:\/\/i0.wp.com\/www.tribur.de\/blog\/wp-content\/uploads\/2018\/09\/cropped-logotest-4.jpg?fit=200%2C200&ssl=1","width":200,"height":200,"caption":"Markus Zwittmeier"},"logo":{"@id":"https:\/\/i0.wp.com\/www.tribur.de\/blog\/wp-content\/uploads\/2018\/09\/cropped-logotest-4.jpg?fit=200%2C200&ssl=1"},"sameAs":["http:\/\/www.Tribur.de","http:\/\/www.facebook.com\/pages\/Triburde\/184352328288771","https:\/\/www.instagram.com\/tribur.de\/","https:\/\/x.com\/https:\/\/twitter.com\/tribur","https:\/\/www.youtube.com\/channel\/UCnEonou-x6_P4XPjBk2htCA"],"url":"https:\/\/www.tribur.de\/blog\/author\/markus\/"}]}},"jetpack_publicize_connections":[],"jetpack_featured_media_url":"","jetpack_shortlink":"https:\/\/wp.me\/p1mHPu-6yv","jetpack_sharing_enabled":true,"_links":{"self":[{"href":"https:\/\/www.tribur.de\/blog\/wp-json\/wp\/v2\/posts\/25203","targetHints":{"allow":["GET"]}}],"collection":[{"href":"https:\/\/www.tribur.de\/blog\/wp-json\/wp\/v2\/posts"}],"about":[{"href":"https:\/\/www.tribur.de\/blog\/wp-json\/wp\/v2\/types\/post"}],"author":[{"embeddable":true,"href":"https:\/\/www.tribur.de\/blog\/wp-json\/wp\/v2\/users\/2"}],"replies":[{"embeddable":true,"href":"https:\/\/www.tribur.de\/blog\/wp-json\/wp\/v2\/comments?post=25203"}],"version-history":[{"count":3,"href":"https:\/\/www.tribur.de\/blog\/wp-json\/wp\/v2\/posts\/25203\/revisions"}],"predecessor-version":[{"id":25214,"href":"https:\/\/www.tribur.de\/blog\/wp-json\/wp\/v2\/posts\/25203\/revisions\/25214"}],"wp:attachment":[{"href":"https:\/\/www.tribur.de\/blog\/wp-json\/wp\/v2\/media?parent=25203"}],"wp:term":[{"taxonomy":"category","embeddable":true,"href":"https:\/\/www.tribur.de\/blog\/wp-json\/wp\/v2\/categories?post=25203"},{"taxonomy":"post_tag","embeddable":true,"href":"https:\/\/www.tribur.de\/blog\/wp-json\/wp\/v2\/tags?post=25203"}],"curies":[{"name":"wp","href":"https:\/\/api.w.org\/{rel}","templated":true}]}}