{"id":25169,"date":"2013-07-11T08:40:15","date_gmt":"2013-07-11T06:40:15","guid":{"rendered":"http:\/\/www.tribur.de\/blog\/?p=25169"},"modified":"2013-07-11T08:40:15","modified_gmt":"2013-07-11T06:40:15","slug":"rezension-campus-galli-chronik-2013","status":"publish","type":"post","link":"https:\/\/www.tribur.de\/blog\/2013\/07\/11\/rezension-campus-galli-chronik-2013\/","title":{"rendered":"Rezension: Campus Galli \u2013 Chronik 2013"},"content":{"rendered":"<p align=\"JUSTIFY\"><span style=\"color: #000000;\">Im schw\u00e4bischen Me\u00dfkirch hat man es sich bekanntlich zum Ziel gesetzt &#8211;<\/span><span style=\"color: #000000;\">\u00a0<\/span><span style=\"color: #000000;\"><i>&#8222;mit den Handwerksmethoden des Mittelalters&#8220;<\/i><\/span><span style=\"color: #000000;\">\u00a0<\/span><span style=\"color: #000000;\">&#8211; ein karolingisches Kloster zu errichten. In diesem Zusammenhang wurde nun eine Jahreschronik ver\u00f6ffentlicht, deren Inhalt im Vorwort wie folgt charakterisiert wird:\u00a0<\/span><\/p>\n<blockquote>\n<p align=\"JUSTIFY\"><span style=\"color: #000000;\">&#8222;<\/span><span style=\"color: #000000;\"><i>Hier wird Geschichte in zweierlei Ma\u00df lebendig vermittelt: Zum einen sollen sich die Leser mit Hilfe anschaulicher Beitr\u00e4ge \u00a0\u00fcber die Geschichte der Klosterstadt informieren k\u00f6nnen.<\/i><\/span><span style=\"color: #000000;\"><i>\u00a0<\/i><\/span><span style=\"color: #000000;\"><i><strong>Zum anderen\u00a0haben sie die M\u00f6glichkeit, den Baufortschritt zu verfolgen<\/strong>\u00a0[&#8230;].&#8220;<\/i><\/span><\/p>\n<\/blockquote>\n<p align=\"JUSTIFY\"><span style=\"color: #000000;\">Bedauerlicherweise wird man diesem Anspruch nur zum Teil gerecht. Die von den ehrenamtlich t\u00e4tigen Autoren beigesteuerten Beitr\u00e4ge, sind zwar durch die Bank lesenswert &#8211; das eigentliche Bauvorhaben\u00a0wird jedoch kaum er\u00f6rtert. Stattdessen werden Fragestellungen behandelt, die nur im weitesten Sinn etwas mit der der geplanten Klosterstadt zu tun haben; etwa, wie der dem Projekt zugrunde liegende St. Galler Klosterplan entstand, oder wie die Menschen des 9. Jahrhunderts ihre Speisen zubereiteten. Jene, die sich hier einen umfangreichen Einblick in den gegenw\u00e4rtigen Baubetrieb erwarten, d\u00fcrften demnach entt\u00e4uscht werden.<\/span><\/p>\n<p align=\"JUSTIFY\"><span style=\"color: #000000;\">Auch die Bebilderung ist in Summe wenig befriedigend: Da Architekturzeichnungen und aussagekr\u00e4ftige 3D-Modelle der geplanten Geb\u00e4ude v\u00f6llig fehlen, ist es dem Leser nur schwer m\u00f6glich, sich eine konkrete Vorstellung davon zu machen, wie dieses Projekt in einigen Jahren aussehen wird. Besonders schwer wiegt \u00fcberdies, dass sich selbst von den bereits errichteten Handwerker-Unterst\u00e4nden kein einziges Foto findet! Wie man im Angesicht solcher Auslassungen<\/span><span style=\"color: #000000;\">\u00a0<\/span><span style=\"color: #000000;\"><i>&#8222;den Baufortschritt\u00a0verfolgen&#8220;<\/i><\/span><span style=\"color: #000000;\">\u00a0k\u00f6nnen soll, bleibt r\u00e4tselhaft \u2026<\/span><\/p>\n<p align=\"JUSTIFY\"><span style=\"color: #000000;\">Der totale Mangel an einschl\u00e4gigem Fotografien, ist \u00fcbrigens rasch erkl\u00e4rt: Zur Zeit der Drucklegung waren die bisher errichteten Bauten\u00a0schlicht und ergreifend\u00a0\u00a0noch gar nicht fertiggestellt. Getrost kann es deshalb als Schildb\u00fcrgerstreich bezeichnen werden, dass diese &#8222;Chronik&#8220; bereits zu Saisonbeginn publiziert wurde, anstatt am Ende des Arbeitsjahres.<\/span><\/p>\n<p align=\"JUSTIFY\"><span style=\"color: #000000;\"><b>Fazit:<\/b><\/span><span style=\"color: #000000;\"><b>\u00a0<\/b><\/span><span style=\"color: #000000;\">Die Bezeichnung &#8222;Chronik&#8220; ist unpassend, da hier kaum konkrete Ereignisse des Baubetriebes behandelt werden. Anstatt sich mit der Vita Karls des Gro\u00dfen zu besch\u00e4ftigen &#8211; die jeder Interessierte problemlos &#8222;ergoogeln&#8220; kann &#8211; w\u00e4re es beispielsweise sinnvoller gewesen, vermehrt die Mitarbeiter der Klosterstadt zu Wort kommen zu lassen. Denn deren Hoffnungen und Arbeitserfahrungen sind f\u00fcr eine sp\u00e4tere R\u00fcckschau von weitaus gr\u00f6\u00dferem Interesse, als das Wiederk\u00e4uen allgemein zug\u00e4nglichen Geschichtswissens.<\/span><\/p>\n<p align=\"JUSTIFY\"><span style=\"color: #000000;\">Der nicht vorgebildete Laie, d\u00fcrfte aus diesem 82 Seiten d\u00fcnnen B\u00fcchlein, trotz obiger M\u00e4ngel, die eine oder andere Information entnehmen k\u00f6nnen, die es ihm erlaubt, ein besseres Verst\u00e4ndnis f\u00fcr den<\/span><span style=\"color: #000000;\">\u00a0<\/span><span style=\"color: #000000;\"><i>Campus Galli<\/i><\/span><span style=\"color: #000000;\">\u00a0<\/span><span style=\"color: #000000;\">zu entwickeln. Deshalb vergebe ich\u00a0<\/span><span style=\"color: #000000;\"><b>3 von 5 m\u00f6glichen Punkten<\/b><\/span><span style=\"color: #000000;\">.<\/span><\/p>\n<p align=\"JUSTIFY\"><b style=\"color: #000000;\">Schlussbemerkungen:\u00a0<\/b><\/p>\n<p align=\"JUSTIFY\"><span style=\"color: #000000;\">Es soll nicht unerw\u00e4hnt bleiben, dass zwischenzeitlich einige der an diesem Buch mitwirkenden Personen dem Projekt entt\u00e4uscht und ver\u00e4rgert den R\u00fccken gekehrt haben.<\/span><\/p>\n<p align=\"JUSTIFY\"><span style=\"color: #000000;\">Au\u00dferdem m\u00f6chte ich mich bei Markus Zwittmeier vom Blog\u00a0<\/span><a href=\"http:\/\/tribur.de\/\"><b>Tribur.de<\/b><\/a><span style=\"color: #000000;\"><b>\u00a0<\/b><\/span><span style=\"color: #000000;\">daf\u00fcr<\/span><span style=\"color: #000000;\"><b>\u00a0<\/b><\/span><span style=\"color: #000000;\">bedanken, dass er mir ein Exemplar dieses Buches zukommen lie\u00df. <\/span><\/p>\n<p align=\"JUSTIFY\"><b style=\"color: #000000;\">Inhaltsverzeichnis:<\/b><\/p>\n<p><span style=\"color: #000000;\">Vorwort &#8211; Geistestradition und Tourismus f\u00fcr die Region und dar\u00fcber hinaus &#8211; von Dirk Gaerte<\/span><br \/>\n<span style=\"color: #000000;\">Karolingische K\u00f6pfe &#8211; Karl der Gro\u00dfe (748-814) &#8211; von Matthias Becher<\/span><br \/>\n<span style=\"color: #000000;\">Reisek\u00f6nigtum und das Intinerar des karolingischen Hofstaates &#8211; von Markus Zwittmeier<\/span><br \/>\n<span style=\"color: #000000;\">Die Entstehung des Klosterplans auf der Reichenau und sein Weg nach St. Gallen &#8211; von Ernst Tremp<\/span><br \/>\n<span style=\"color: #000000;\">Eine Baustelle im Nirgendwo. Klostergr\u00fcndung im fr\u00fchen Mittelalter &#8211; von Andreas Sturm<\/span><br \/>\n<span style=\"color: #000000;\">Die Orientierung der Baulinie der Basilika und der Klosterstadt &#8211; von Marin Kie\u00df<\/span><br \/>\n<span style=\"color: #000000;\">Karolingisches M\u00f6nchtum. Eine Spurensuche im fr\u00fchen Mittelalter &#8211; von Jakobus Kaffanke<\/span><br \/>\n<span style=\"color: #000000;\">Christliche Lebensbilder &#8211; Der heilige Meinrad (um 797-861) &#8211; von Stefan Blanz<\/span><br \/>\n<span style=\"color: #000000;\">Geschichte hautnah &#8211; Die Kleidung der Karolingerzeit &#8211; von Andreas Sturm<\/span><br \/>\n<span style=\"color: #000000;\">Handwerksarbeiten im ehemaligen Hotel L\u00f6wen in Me\u00dfkirch \u00a0&#8211; Nadelbinden, Strangweben, Seile schlagen, Dachschindeln richten &#8211; von Andrea Braun-Henle<\/span><br \/>\n<span style=\"color: #000000;\">Die K\u00fcche und ihre Ausstattung im fr\u00fchen Mittelalter &#8211; von Andreas Sturm<\/span><br \/>\n<span style=\"color: #000000;\">Kochen wie im fr\u00fchen Mittelalter &#8211; R\u00fcbentopf mit Speck<\/span><br \/>\n&nbsp;<\/p>\n<p><em><strong>Zum Verfasser<\/strong>: Hiltibold alias Richard kommt aus Graz \u00a0und \u00a0schreibt normalerweise unter\u00a0<strong><a href=\"http:\/\/hiltibold.blogspot.de\/\">http:\/\/hiltibold.blogspot.de\/<\/a>\u00a0\u00a0\u00a0Hiltibold: R\u00f6misches &amp; Mittelalter,\u00a0<\/strong><\/em><em>wobei er sich im Bereich des Mittelalter haupts\u00e4chlich im Fr\u00fchmittelalter aufh\u00e4lt.<\/em><em> Dort erschien der Artikel auch im Original und wurde unver\u00e4ndert \u00fcbernommen.\u00a0Zuletzt eckte er ein wenig mit unliebsamen, aber wichtigen Fragen zur Klosterstadt an, was ihm eine Erw\u00e4hnung in der Karfunkel einbrachte.<br \/>\nDa ich selbst einen Aufsatz zu der Anthologie beigetragen hatte, sah ich mich au\u00dfer Stande selbst eine Rezension zu schreiben, schickte Hiltibold eines meiner Belegexemplare und bat um eine Rezension.<\/em><\/p>\n","protected":false},"excerpt":{"rendered":"<p>Im schw\u00e4bischen Me\u00dfkirch hat man es sich bekanntlich zum Ziel gesetzt &#8211;\u00a0&#8222;mit den Handwerksmethoden des Mittelalters&#8220;\u00a0&#8211; ein karolingisches Kloster zu errichten. In diesem Zusammenhang wurde nun eine Jahreschronik ver\u00f6ffentlicht, deren Inhalt im Vorwort wie&#46;&#46;&#46;<\/p>\n","protected":false},"author":2,"featured_media":0,"comment_status":"open","ping_status":"open","sticky":false,"template":"","format":"standard","meta":{"jetpack_post_was_ever_published":false,"_jetpack_newsletter_access":"","_jetpack_dont_email_post_to_subs":false,"_jetpack_newsletter_tier_id":0,"_jetpack_memberships_contains_paywalled_content":false,"_jetpack_memberships_contains_paid_content":false,"footnotes":"","jetpack_publicize_message":"","jetpack_publicize_feature_enabled":true,"jetpack_social_post_already_shared":true,"jetpack_social_options":{"image_generator_settings":{"template":"highway","default_image_id":0,"font":"","enabled":false},"version":2}},"categories":[1],"tags":[],"class_list":["post-25169","post","type-post","status-publish","format-standard","hentry","category-geschichte"],"yoast_head":"<!-- This site is optimized with the Yoast SEO plugin v27.5 - https:\/\/yoast.com\/product\/yoast-seo-wordpress\/ -->\n<title>Rezension: Campus Galli \u2013 Chronik 2013  - Tribur.de<\/title>\n<meta name=\"robots\" content=\"index, follow, max-snippet:-1, max-image-preview:large, max-video-preview:-1\" \/>\n<link rel=\"canonical\" href=\"https:\/\/www.tribur.de\/blog\/2013\/07\/11\/rezension-campus-galli-chronik-2013\/\" \/>\n<meta property=\"og:locale\" content=\"de_DE\" \/>\n<meta property=\"og:type\" content=\"article\" \/>\n<meta property=\"og:title\" content=\"Rezension: Campus Galli \u2013 Chronik 2013  - Tribur.de\" \/>\n<meta property=\"og:description\" content=\"Im schw\u00e4bischen Me\u00dfkirch hat man es sich bekanntlich zum Ziel gesetzt &#8211;\u00a0&#8222;mit den Handwerksmethoden des Mittelalters&#8220;\u00a0&#8211; ein karolingisches Kloster zu errichten. In diesem Zusammenhang wurde nun eine Jahreschronik ver\u00f6ffentlicht, deren Inhalt im Vorwort wie&#046;&#046;&#046;\" \/>\n<meta property=\"og:url\" content=\"https:\/\/www.tribur.de\/blog\/2013\/07\/11\/rezension-campus-galli-chronik-2013\/\" \/>\n<meta property=\"og:site_name\" content=\"Tribur.de\" \/>\n<meta property=\"article:publisher\" content=\"http:\/\/www.facebook.com\/pages\/Triburde\/184352328288771\" \/>\n<meta property=\"article:author\" content=\"http:\/\/www.facebook.com\/pages\/Triburde\/184352328288771\" \/>\n<meta property=\"article:published_time\" content=\"2013-07-11T06:40:15+00:00\" \/>\n<meta property=\"og:image\" content=\"https:\/\/i0.wp.com\/www.tribur.de\/blog\/wp-content\/uploads\/2018\/09\/cropped-logotest-2.jpg?fit=200%2C200&ssl=1\" \/>\n\t<meta property=\"og:image:width\" content=\"200\" \/>\n\t<meta property=\"og:image:height\" content=\"200\" \/>\n\t<meta property=\"og:image:type\" content=\"image\/jpeg\" \/>\n<meta name=\"author\" content=\"Markus Zwittmeier\" \/>\n<meta name=\"twitter:card\" content=\"summary_large_image\" \/>\n<meta name=\"twitter:creator\" content=\"@https:\/\/twitter.com\/tribur\" \/>\n<meta name=\"twitter:site\" content=\"@tribur\" \/>\n<meta name=\"twitter:label1\" content=\"Verfasst von\" \/>\n\t<meta name=\"twitter:data1\" content=\"Markus Zwittmeier\" \/>\n\t<meta name=\"twitter:label2\" content=\"Gesch\u00e4tzte Lesezeit\" \/>\n\t<meta name=\"twitter:data2\" content=\"4\u00a0Minuten\" \/>\n<script type=\"application\/ld+json\" class=\"yoast-schema-graph\">{\"@context\":\"https:\\\/\\\/schema.org\",\"@graph\":[{\"@type\":\"Article\",\"@id\":\"https:\\\/\\\/www.tribur.de\\\/blog\\\/2013\\\/07\\\/11\\\/rezension-campus-galli-chronik-2013\\\/#article\",\"isPartOf\":{\"@id\":\"https:\\\/\\\/www.tribur.de\\\/blog\\\/2013\\\/07\\\/11\\\/rezension-campus-galli-chronik-2013\\\/\"},\"author\":{\"name\":\"Markus Zwittmeier\",\"@id\":\"https:\\\/\\\/www.tribur.de\\\/blog\\\/#\\\/schema\\\/person\\\/3119997f09f43791809c2d1af27bba6c\"},\"headline\":\"Rezension: Campus Galli \u2013 Chronik 2013\",\"datePublished\":\"2013-07-11T06:40:15+00:00\",\"mainEntityOfPage\":{\"@id\":\"https:\\\/\\\/www.tribur.de\\\/blog\\\/2013\\\/07\\\/11\\\/rezension-campus-galli-chronik-2013\\\/\"},\"wordCount\":747,\"commentCount\":0,\"publisher\":{\"@id\":\"https:\\\/\\\/www.tribur.de\\\/blog\\\/#\\\/schema\\\/person\\\/3119997f09f43791809c2d1af27bba6c\"},\"articleSection\":[\"Geschichte\"],\"inLanguage\":\"de\",\"potentialAction\":[{\"@type\":\"CommentAction\",\"name\":\"Comment\",\"target\":[\"https:\\\/\\\/www.tribur.de\\\/blog\\\/2013\\\/07\\\/11\\\/rezension-campus-galli-chronik-2013\\\/#respond\"]}]},{\"@type\":\"WebPage\",\"@id\":\"https:\\\/\\\/www.tribur.de\\\/blog\\\/2013\\\/07\\\/11\\\/rezension-campus-galli-chronik-2013\\\/\",\"url\":\"https:\\\/\\\/www.tribur.de\\\/blog\\\/2013\\\/07\\\/11\\\/rezension-campus-galli-chronik-2013\\\/\",\"name\":\"Rezension: Campus Galli \u2013 Chronik 2013 - Tribur.de\",\"isPartOf\":{\"@id\":\"https:\\\/\\\/www.tribur.de\\\/blog\\\/#website\"},\"datePublished\":\"2013-07-11T06:40:15+00:00\",\"breadcrumb\":{\"@id\":\"https:\\\/\\\/www.tribur.de\\\/blog\\\/2013\\\/07\\\/11\\\/rezension-campus-galli-chronik-2013\\\/#breadcrumb\"},\"inLanguage\":\"de\",\"potentialAction\":[{\"@type\":\"ReadAction\",\"target\":[\"https:\\\/\\\/www.tribur.de\\\/blog\\\/2013\\\/07\\\/11\\\/rezension-campus-galli-chronik-2013\\\/\"]}]},{\"@type\":\"BreadcrumbList\",\"@id\":\"https:\\\/\\\/www.tribur.de\\\/blog\\\/2013\\\/07\\\/11\\\/rezension-campus-galli-chronik-2013\\\/#breadcrumb\",\"itemListElement\":[{\"@type\":\"ListItem\",\"position\":1,\"name\":\"Home\",\"item\":\"https:\\\/\\\/www.tribur.de\\\/blog\\\/\"},{\"@type\":\"ListItem\",\"position\":2,\"name\":\"Rezension: Campus Galli \u2013 Chronik 2013\"}]},{\"@type\":\"WebSite\",\"@id\":\"https:\\\/\\\/www.tribur.de\\\/blog\\\/#website\",\"url\":\"https:\\\/\\\/www.tribur.de\\\/blog\\\/\",\"name\":\"Tribur.de\",\"description\":\"Tribur.de - Geschichte und so Zeugs\",\"publisher\":{\"@id\":\"https:\\\/\\\/www.tribur.de\\\/blog\\\/#\\\/schema\\\/person\\\/3119997f09f43791809c2d1af27bba6c\"},\"potentialAction\":[{\"@type\":\"SearchAction\",\"target\":{\"@type\":\"EntryPoint\",\"urlTemplate\":\"https:\\\/\\\/www.tribur.de\\\/blog\\\/?s={search_term_string}\"},\"query-input\":{\"@type\":\"PropertyValueSpecification\",\"valueRequired\":true,\"valueName\":\"search_term_string\"}}],\"inLanguage\":\"de\"},{\"@type\":[\"Person\",\"Organization\"],\"@id\":\"https:\\\/\\\/www.tribur.de\\\/blog\\\/#\\\/schema\\\/person\\\/3119997f09f43791809c2d1af27bba6c\",\"name\":\"Markus Zwittmeier\",\"image\":{\"@type\":\"ImageObject\",\"inLanguage\":\"de\",\"@id\":\"https:\\\/\\\/i0.wp.com\\\/www.tribur.de\\\/blog\\\/wp-content\\\/uploads\\\/2018\\\/09\\\/cropped-logotest-4.jpg?fit=200%2C200&ssl=1\",\"url\":\"https:\\\/\\\/i0.wp.com\\\/www.tribur.de\\\/blog\\\/wp-content\\\/uploads\\\/2018\\\/09\\\/cropped-logotest-4.jpg?fit=200%2C200&ssl=1\",\"contentUrl\":\"https:\\\/\\\/i0.wp.com\\\/www.tribur.de\\\/blog\\\/wp-content\\\/uploads\\\/2018\\\/09\\\/cropped-logotest-4.jpg?fit=200%2C200&ssl=1\",\"width\":200,\"height\":200,\"caption\":\"Markus Zwittmeier\"},\"logo\":{\"@id\":\"https:\\\/\\\/i0.wp.com\\\/www.tribur.de\\\/blog\\\/wp-content\\\/uploads\\\/2018\\\/09\\\/cropped-logotest-4.jpg?fit=200%2C200&ssl=1\"},\"sameAs\":[\"http:\\\/\\\/www.Tribur.de\",\"http:\\\/\\\/www.facebook.com\\\/pages\\\/Triburde\\\/184352328288771\",\"https:\\\/\\\/www.instagram.com\\\/tribur.de\\\/\",\"https:\\\/\\\/x.com\\\/https:\\\/\\\/twitter.com\\\/tribur\",\"https:\\\/\\\/www.youtube.com\\\/channel\\\/UCnEonou-x6_P4XPjBk2htCA\"],\"url\":\"https:\\\/\\\/www.tribur.de\\\/blog\\\/author\\\/markus\\\/\"}]}<\/script>\n<!-- \/ Yoast SEO plugin. -->","yoast_head_json":{"title":"Rezension: Campus Galli \u2013 Chronik 2013  - Tribur.de","robots":{"index":"index","follow":"follow","max-snippet":"max-snippet:-1","max-image-preview":"max-image-preview:large","max-video-preview":"max-video-preview:-1"},"canonical":"https:\/\/www.tribur.de\/blog\/2013\/07\/11\/rezension-campus-galli-chronik-2013\/","og_locale":"de_DE","og_type":"article","og_title":"Rezension: Campus Galli \u2013 Chronik 2013  - Tribur.de","og_description":"Im schw\u00e4bischen Me\u00dfkirch hat man es sich bekanntlich zum Ziel gesetzt &#8211;\u00a0&#8222;mit den Handwerksmethoden des Mittelalters&#8220;\u00a0&#8211; ein karolingisches Kloster zu errichten. In diesem Zusammenhang wurde nun eine Jahreschronik ver\u00f6ffentlicht, deren Inhalt im Vorwort wie&#46;&#46;&#46;","og_url":"https:\/\/www.tribur.de\/blog\/2013\/07\/11\/rezension-campus-galli-chronik-2013\/","og_site_name":"Tribur.de","article_publisher":"http:\/\/www.facebook.com\/pages\/Triburde\/184352328288771","article_author":"http:\/\/www.facebook.com\/pages\/Triburde\/184352328288771","article_published_time":"2013-07-11T06:40:15+00:00","og_image":[{"width":200,"height":200,"url":"https:\/\/i0.wp.com\/www.tribur.de\/blog\/wp-content\/uploads\/2018\/09\/cropped-logotest-2.jpg?fit=200%2C200&ssl=1","type":"image\/jpeg"}],"author":"Markus Zwittmeier","twitter_card":"summary_large_image","twitter_creator":"@https:\/\/twitter.com\/tribur","twitter_site":"@tribur","twitter_misc":{"Verfasst von":"Markus Zwittmeier","Gesch\u00e4tzte Lesezeit":"4\u00a0Minuten"},"schema":{"@context":"https:\/\/schema.org","@graph":[{"@type":"Article","@id":"https:\/\/www.tribur.de\/blog\/2013\/07\/11\/rezension-campus-galli-chronik-2013\/#article","isPartOf":{"@id":"https:\/\/www.tribur.de\/blog\/2013\/07\/11\/rezension-campus-galli-chronik-2013\/"},"author":{"name":"Markus Zwittmeier","@id":"https:\/\/www.tribur.de\/blog\/#\/schema\/person\/3119997f09f43791809c2d1af27bba6c"},"headline":"Rezension: Campus Galli \u2013 Chronik 2013","datePublished":"2013-07-11T06:40:15+00:00","mainEntityOfPage":{"@id":"https:\/\/www.tribur.de\/blog\/2013\/07\/11\/rezension-campus-galli-chronik-2013\/"},"wordCount":747,"commentCount":0,"publisher":{"@id":"https:\/\/www.tribur.de\/blog\/#\/schema\/person\/3119997f09f43791809c2d1af27bba6c"},"articleSection":["Geschichte"],"inLanguage":"de","potentialAction":[{"@type":"CommentAction","name":"Comment","target":["https:\/\/www.tribur.de\/blog\/2013\/07\/11\/rezension-campus-galli-chronik-2013\/#respond"]}]},{"@type":"WebPage","@id":"https:\/\/www.tribur.de\/blog\/2013\/07\/11\/rezension-campus-galli-chronik-2013\/","url":"https:\/\/www.tribur.de\/blog\/2013\/07\/11\/rezension-campus-galli-chronik-2013\/","name":"Rezension: Campus Galli \u2013 Chronik 2013 - Tribur.de","isPartOf":{"@id":"https:\/\/www.tribur.de\/blog\/#website"},"datePublished":"2013-07-11T06:40:15+00:00","breadcrumb":{"@id":"https:\/\/www.tribur.de\/blog\/2013\/07\/11\/rezension-campus-galli-chronik-2013\/#breadcrumb"},"inLanguage":"de","potentialAction":[{"@type":"ReadAction","target":["https:\/\/www.tribur.de\/blog\/2013\/07\/11\/rezension-campus-galli-chronik-2013\/"]}]},{"@type":"BreadcrumbList","@id":"https:\/\/www.tribur.de\/blog\/2013\/07\/11\/rezension-campus-galli-chronik-2013\/#breadcrumb","itemListElement":[{"@type":"ListItem","position":1,"name":"Home","item":"https:\/\/www.tribur.de\/blog\/"},{"@type":"ListItem","position":2,"name":"Rezension: Campus Galli \u2013 Chronik 2013"}]},{"@type":"WebSite","@id":"https:\/\/www.tribur.de\/blog\/#website","url":"https:\/\/www.tribur.de\/blog\/","name":"Tribur.de","description":"Tribur.de - Geschichte und so Zeugs","publisher":{"@id":"https:\/\/www.tribur.de\/blog\/#\/schema\/person\/3119997f09f43791809c2d1af27bba6c"},"potentialAction":[{"@type":"SearchAction","target":{"@type":"EntryPoint","urlTemplate":"https:\/\/www.tribur.de\/blog\/?s={search_term_string}"},"query-input":{"@type":"PropertyValueSpecification","valueRequired":true,"valueName":"search_term_string"}}],"inLanguage":"de"},{"@type":["Person","Organization"],"@id":"https:\/\/www.tribur.de\/blog\/#\/schema\/person\/3119997f09f43791809c2d1af27bba6c","name":"Markus Zwittmeier","image":{"@type":"ImageObject","inLanguage":"de","@id":"https:\/\/i0.wp.com\/www.tribur.de\/blog\/wp-content\/uploads\/2018\/09\/cropped-logotest-4.jpg?fit=200%2C200&ssl=1","url":"https:\/\/i0.wp.com\/www.tribur.de\/blog\/wp-content\/uploads\/2018\/09\/cropped-logotest-4.jpg?fit=200%2C200&ssl=1","contentUrl":"https:\/\/i0.wp.com\/www.tribur.de\/blog\/wp-content\/uploads\/2018\/09\/cropped-logotest-4.jpg?fit=200%2C200&ssl=1","width":200,"height":200,"caption":"Markus Zwittmeier"},"logo":{"@id":"https:\/\/i0.wp.com\/www.tribur.de\/blog\/wp-content\/uploads\/2018\/09\/cropped-logotest-4.jpg?fit=200%2C200&ssl=1"},"sameAs":["http:\/\/www.Tribur.de","http:\/\/www.facebook.com\/pages\/Triburde\/184352328288771","https:\/\/www.instagram.com\/tribur.de\/","https:\/\/x.com\/https:\/\/twitter.com\/tribur","https:\/\/www.youtube.com\/channel\/UCnEonou-x6_P4XPjBk2htCA"],"url":"https:\/\/www.tribur.de\/blog\/author\/markus\/"}]}},"jetpack_publicize_connections":[],"jetpack_featured_media_url":"","jetpack_shortlink":"https:\/\/wp.me\/p1mHPu-6xX","jetpack_sharing_enabled":true,"_links":{"self":[{"href":"https:\/\/www.tribur.de\/blog\/wp-json\/wp\/v2\/posts\/25169","targetHints":{"allow":["GET"]}}],"collection":[{"href":"https:\/\/www.tribur.de\/blog\/wp-json\/wp\/v2\/posts"}],"about":[{"href":"https:\/\/www.tribur.de\/blog\/wp-json\/wp\/v2\/types\/post"}],"author":[{"embeddable":true,"href":"https:\/\/www.tribur.de\/blog\/wp-json\/wp\/v2\/users\/2"}],"replies":[{"embeddable":true,"href":"https:\/\/www.tribur.de\/blog\/wp-json\/wp\/v2\/comments?post=25169"}],"version-history":[{"count":14,"href":"https:\/\/www.tribur.de\/blog\/wp-json\/wp\/v2\/posts\/25169\/revisions"}],"predecessor-version":[{"id":25191,"href":"https:\/\/www.tribur.de\/blog\/wp-json\/wp\/v2\/posts\/25169\/revisions\/25191"}],"wp:attachment":[{"href":"https:\/\/www.tribur.de\/blog\/wp-json\/wp\/v2\/media?parent=25169"}],"wp:term":[{"taxonomy":"category","embeddable":true,"href":"https:\/\/www.tribur.de\/blog\/wp-json\/wp\/v2\/categories?post=25169"},{"taxonomy":"post_tag","embeddable":true,"href":"https:\/\/www.tribur.de\/blog\/wp-json\/wp\/v2\/tags?post=25169"}],"curies":[{"name":"wp","href":"https:\/\/api.w.org\/{rel}","templated":true}]}}