{"id":24933,"date":"2013-06-10T10:55:48","date_gmt":"2013-06-10T08:55:48","guid":{"rendered":"http:\/\/www.tribur.de\/blog\/?p=24933"},"modified":"2013-06-10T10:55:48","modified_gmt":"2013-06-10T08:55:48","slug":"salz-im-oberrheintal","status":"publish","type":"post","link":"https:\/\/www.tribur.de\/blog\/2013\/06\/10\/salz-im-oberrheintal\/","title":{"rendered":"Salz im Oberrheintal"},"content":{"rendered":"<p>Am Sonntag Mittag sah ich auf Arte nebenbei die nette franz\u00f6sische Doku &#8222;Die Gallier &#8211; Sagen und Wahrheit&#8220; (kam \u00fcbrigens ohne Reenactment aus, liebes deutsches Fernsehen). Das Ganze war passend, bereitete ich mich doch auf meinen Frankreichurlaub vor. Es wurden dabei auch auf auf die Bedeutung des Salzes hingewiesen und Funde von Salzfeldern gezeigt, in denen im Inland Salz aus salzhaltigem Wasser gewonnen wurde.<\/p>\n<p>Salz war zu allen Zeiten ein wichtiges Handelsgut und spontan kam mir in den Sinn das wir in Trebur doch auch einen Ort haben der Bezug zum Salz hat. Etwa 2,5 km \u00f6stlich von Trebur, etwa auf halben Weg zum Rhein befindet sich die Salzquelle. Ein See der fr\u00fcher als Schwimmbad diente und heute von Anglern genutzt wird.<\/p>\n<p>\u00dcber die Entstehung des Sees ist, soweit ich das er\u00f6rtern konnte nichts bekannt, aber es ist anzunehmen das es sich um ein Kolk handelt. Ein Kolk ist eine Vertiefung die durch Sturzb\u00e4che und Str\u00f6mungen, etwa bei Hochwasser, entsteht. Von diesen gibt es einige in der Region einige, wie etwa die Pfaffenl\u00f6cher (erw\u00e4hnt 16. Jh.), das &#8222;Geilsbruderloch&#8220; (Ersterw\u00e4hnt 1526) und nicht zuletzt das Neujahrsloch, das beim Hochwasser in der Neujahrsnacht 1882\/1883 entstand und eine Tiefe von 19m gehabt haben soll.<sup id=\"rf1-24933\"><a href=\"#fn1-24933\" title=\" nach Heinrich Weinheimer &#8222;Hochwasserkatastrophen am Rhein&#8220; in &#8222;Lebendige Heimat &#8211; Der Kreis Gro\u00df Gerau&#8220; 1958 \" rel=\"footnote\">1<\/a><\/sup> Es kann also sein das das unsere Salzquelle ihre Entstehung einem fr\u00fcheren Dammbruchs zu verdanken hat, dessen Str\u00f6mung das Erdreich aush\u00f6hlte. So etwas kann aber auch durch andere Hindernisse entstehen die dem Wasser im Weg sind und f\u00fcr gen\u00fcgend Verwirbelung sorgen.<\/p>\n<p>Der Name &#8222;Salzquelle&#8220; stammt, wie sollte es anders sein, vom salzigen Wasser des Sees. Das Salz befindet sich im und auf dem Muschelkalk \u00a0der zum Taunus hin langsam nach oben dr\u00fcckt und bei Bauschheim urspr\u00fcnglich zu Tage trat . Es entstammt dem Meer, das bis zum Ende des Jura den Rheingraben f\u00fcllte und verdunstete. Es handelt sich dabei um die sogenannten\u00a0terti\u00e4ren Steinsalz- und Kalisalz-Lagerst\u00e4tten.<sup id=\"rf2-24933\"><a href=\"#fn2-24933\" title=\" W. Wagner &#8222;Die terti\u00e4ren Salzlagerst\u00e4tten im Oberrheintal-Graben&#8220; in\u00a0\u00a0&#8222;Zeitschrift der Deutschen Geologischen Gesellschaft&#8220; Band 105, 1953 \" rel=\"footnote\">2<\/a><\/sup>\u00a0\u00a0Das salziges Wasser, welches in Rheingau, \u00a0Taunus und Wetterau als Heilquellen zu Tage tritt ist ebenfalls unser \u00a0Wasser das aus dem Rheingraben dort hoch gesaugt wird<sup id=\"rf3-24933\"><a href=\"#fn3-24933\" title=\" Quelle: Wiesbadener Kurier &#8222;Zahlreiche Salzquellen im Rheingau&#8220;\u00a0&lt;a href=&quot;http:\/\/www.wiesbadener-kurier.de\/region\/rheingau\/eltville\/12721932.htm&quot; target=&quot;_blank&quot;&gt;Online hier&lt;\/a&gt;\u00a0\" rel=\"footnote\">3<\/a><\/sup>\u00a0.<\/p>\n<p>Wir haben also gewisse Salzlagerst\u00e4tten die ausgewaschen werden k\u00f6nnen. Wer das \u00fcbrigens mal \u00fcberpr\u00fcfen m\u00f6chte kann mal im Oberwiesensee zwischen Trebur und Geinsheim schwimmen gehen und mal \u00b4nen Schluck nehmen. Schmeckt an manchen Stellen des Sees extrem salzig, salziger als die Ostsee, wie ich finde.<\/p>\n<p>Die Frage die sich mir nun stellt ist, ob dies auch in fr\u00fcheren Zeiten bekannt war und man somit, fern ab vom Meer die lukrative M\u00f6glichkeit nutzte um Salz zu sieden. M\u00f6gliche Seen gab es auch fr\u00fcher schon, die die M\u00f6glichkeit zur Auswaschung boten, arch\u00e4ologische Hinweise jedoch sind mir nicht bekannt. Das k\u00f6nnte einen sehr interessanten Aspekt abgeben.<\/p>\n<hr class=\"footnotes\"><ol class=\"footnotes\" style=\"list-style-type:decimal\"><li id=\"fn1-24933\"><p > nach Heinrich Weinheimer &#8222;Hochwasserkatastrophen am Rhein&#8220; in &#8222;Lebendige Heimat &#8211; Der Kreis Gro\u00df Gerau&#8220; 1958 &nbsp;<a href=\"#rf1-24933\" class=\"backlink\" title=\"Return to footnote 1.\">&#8617;<\/a><\/p><\/li><li id=\"fn2-24933\"><p > W. Wagner &#8222;Die terti\u00e4ren Salzlagerst\u00e4tten im Oberrheintal-Graben&#8220; in\u00a0\u00a0&#8222;Zeitschrift der Deutschen Geologischen Gesellschaft&#8220; Band 105, 1953 &nbsp;<a href=\"#rf2-24933\" class=\"backlink\" title=\"Return to footnote 2.\">&#8617;<\/a><\/p><\/li><li id=\"fn3-24933\"><p > Quelle: Wiesbadener Kurier &#8222;Zahlreiche Salzquellen im Rheingau&#8220;\u00a0<a href=\"http:\/\/www.wiesbadener-kurier.de\/region\/rheingau\/eltville\/12721932.htm\" target=\"_blank\">Online hier<\/a>\u00a0&nbsp;<a href=\"#rf3-24933\" class=\"backlink\" title=\"Return to footnote 3.\">&#8617;<\/a><\/p><\/li><\/ol>","protected":false},"excerpt":{"rendered":"<p>Am Sonntag Mittag sah ich auf Arte nebenbei die nette franz\u00f6sische Doku &#8222;Die Gallier &#8211; Sagen und Wahrheit&#8220; (kam \u00fcbrigens ohne Reenactment aus, liebes deutsches Fernsehen). Das Ganze war passend, bereitete ich mich doch&#46;&#46;&#46;<\/p>\n","protected":false},"author":2,"featured_media":0,"comment_status":"open","ping_status":"open","sticky":false,"template":"","format":"standard","meta":{"jetpack_post_was_ever_published":false,"_jetpack_newsletter_access":"","_jetpack_dont_email_post_to_subs":false,"_jetpack_newsletter_tier_id":0,"_jetpack_memberships_contains_paywalled_content":false,"_jetpack_memberships_contains_paid_content":false,"footnotes":"","jetpack_publicize_message":"","jetpack_publicize_feature_enabled":true,"jetpack_social_post_already_shared":true,"jetpack_social_options":{"image_generator_settings":{"template":"highway","default_image_id":0,"font":"","enabled":false},"version":2}},"categories":[1],"tags":[49,37,16],"class_list":["post-24933","post","type-post","status-publish","format-standard","hentry","category-geschichte","tag-recherche","tag-theorie","tag-trebur"],"yoast_head":"<!-- This site is optimized with the Yoast SEO plugin v27.5 - https:\/\/yoast.com\/product\/yoast-seo-wordpress\/ -->\n<title>Salz im Oberrheintal - Tribur.de<\/title>\n<meta name=\"robots\" content=\"index, follow, max-snippet:-1, max-image-preview:large, max-video-preview:-1\" \/>\n<link rel=\"canonical\" href=\"https:\/\/www.tribur.de\/blog\/2013\/06\/10\/salz-im-oberrheintal\/\" \/>\n<meta property=\"og:locale\" content=\"de_DE\" \/>\n<meta property=\"og:type\" content=\"article\" \/>\n<meta property=\"og:title\" content=\"Salz im Oberrheintal - Tribur.de\" \/>\n<meta property=\"og:description\" content=\"Am Sonntag Mittag sah ich auf Arte nebenbei die nette franz\u00f6sische Doku &#8222;Die Gallier &#8211; Sagen und Wahrheit&#8220; (kam \u00fcbrigens ohne Reenactment aus, liebes deutsches Fernsehen). Das Ganze war passend, bereitete ich mich doch&#046;&#046;&#046;\" \/>\n<meta property=\"og:url\" content=\"https:\/\/www.tribur.de\/blog\/2013\/06\/10\/salz-im-oberrheintal\/\" \/>\n<meta property=\"og:site_name\" content=\"Tribur.de\" \/>\n<meta property=\"article:publisher\" content=\"http:\/\/www.facebook.com\/pages\/Triburde\/184352328288771\" \/>\n<meta property=\"article:author\" content=\"http:\/\/www.facebook.com\/pages\/Triburde\/184352328288771\" \/>\n<meta property=\"article:published_time\" content=\"2013-06-10T08:55:48+00:00\" \/>\n<meta property=\"og:image\" content=\"https:\/\/i0.wp.com\/www.tribur.de\/blog\/wp-content\/uploads\/2018\/09\/cropped-logotest-2.jpg?fit=200%2C200&ssl=1\" \/>\n\t<meta property=\"og:image:width\" content=\"200\" \/>\n\t<meta property=\"og:image:height\" content=\"200\" \/>\n\t<meta property=\"og:image:type\" content=\"image\/jpeg\" \/>\n<meta name=\"author\" content=\"Markus Zwittmeier\" \/>\n<meta name=\"twitter:card\" content=\"summary_large_image\" \/>\n<meta name=\"twitter:creator\" content=\"@https:\/\/twitter.com\/tribur\" \/>\n<meta name=\"twitter:site\" content=\"@tribur\" \/>\n<meta name=\"twitter:label1\" content=\"Verfasst von\" \/>\n\t<meta name=\"twitter:data1\" content=\"Markus Zwittmeier\" \/>\n\t<meta name=\"twitter:label2\" content=\"Gesch\u00e4tzte Lesezeit\" \/>\n\t<meta name=\"twitter:data2\" content=\"2\u00a0Minuten\" \/>\n<script type=\"application\/ld+json\" class=\"yoast-schema-graph\">{\"@context\":\"https:\\\/\\\/schema.org\",\"@graph\":[{\"@type\":\"Article\",\"@id\":\"https:\\\/\\\/www.tribur.de\\\/blog\\\/2013\\\/06\\\/10\\\/salz-im-oberrheintal\\\/#article\",\"isPartOf\":{\"@id\":\"https:\\\/\\\/www.tribur.de\\\/blog\\\/2013\\\/06\\\/10\\\/salz-im-oberrheintal\\\/\"},\"author\":{\"name\":\"Markus Zwittmeier\",\"@id\":\"https:\\\/\\\/www.tribur.de\\\/blog\\\/#\\\/schema\\\/person\\\/3119997f09f43791809c2d1af27bba6c\"},\"headline\":\"Salz im Oberrheintal\",\"datePublished\":\"2013-06-10T08:55:48+00:00\",\"mainEntityOfPage\":{\"@id\":\"https:\\\/\\\/www.tribur.de\\\/blog\\\/2013\\\/06\\\/10\\\/salz-im-oberrheintal\\\/\"},\"wordCount\":502,\"commentCount\":2,\"publisher\":{\"@id\":\"https:\\\/\\\/www.tribur.de\\\/blog\\\/#\\\/schema\\\/person\\\/3119997f09f43791809c2d1af27bba6c\"},\"keywords\":[\"Recherche\",\"Theorie\",\"Trebur\\\/Tribur\"],\"articleSection\":[\"Geschichte\"],\"inLanguage\":\"de\",\"potentialAction\":[{\"@type\":\"CommentAction\",\"name\":\"Comment\",\"target\":[\"https:\\\/\\\/www.tribur.de\\\/blog\\\/2013\\\/06\\\/10\\\/salz-im-oberrheintal\\\/#respond\"]}]},{\"@type\":\"WebPage\",\"@id\":\"https:\\\/\\\/www.tribur.de\\\/blog\\\/2013\\\/06\\\/10\\\/salz-im-oberrheintal\\\/\",\"url\":\"https:\\\/\\\/www.tribur.de\\\/blog\\\/2013\\\/06\\\/10\\\/salz-im-oberrheintal\\\/\",\"name\":\"Salz im Oberrheintal - Tribur.de\",\"isPartOf\":{\"@id\":\"https:\\\/\\\/www.tribur.de\\\/blog\\\/#website\"},\"datePublished\":\"2013-06-10T08:55:48+00:00\",\"breadcrumb\":{\"@id\":\"https:\\\/\\\/www.tribur.de\\\/blog\\\/2013\\\/06\\\/10\\\/salz-im-oberrheintal\\\/#breadcrumb\"},\"inLanguage\":\"de\",\"potentialAction\":[{\"@type\":\"ReadAction\",\"target\":[\"https:\\\/\\\/www.tribur.de\\\/blog\\\/2013\\\/06\\\/10\\\/salz-im-oberrheintal\\\/\"]}]},{\"@type\":\"BreadcrumbList\",\"@id\":\"https:\\\/\\\/www.tribur.de\\\/blog\\\/2013\\\/06\\\/10\\\/salz-im-oberrheintal\\\/#breadcrumb\",\"itemListElement\":[{\"@type\":\"ListItem\",\"position\":1,\"name\":\"Home\",\"item\":\"https:\\\/\\\/www.tribur.de\\\/blog\\\/\"},{\"@type\":\"ListItem\",\"position\":2,\"name\":\"Salz im Oberrheintal\"}]},{\"@type\":\"WebSite\",\"@id\":\"https:\\\/\\\/www.tribur.de\\\/blog\\\/#website\",\"url\":\"https:\\\/\\\/www.tribur.de\\\/blog\\\/\",\"name\":\"Tribur.de\",\"description\":\"Tribur.de - Geschichte und so Zeugs\",\"publisher\":{\"@id\":\"https:\\\/\\\/www.tribur.de\\\/blog\\\/#\\\/schema\\\/person\\\/3119997f09f43791809c2d1af27bba6c\"},\"potentialAction\":[{\"@type\":\"SearchAction\",\"target\":{\"@type\":\"EntryPoint\",\"urlTemplate\":\"https:\\\/\\\/www.tribur.de\\\/blog\\\/?s={search_term_string}\"},\"query-input\":{\"@type\":\"PropertyValueSpecification\",\"valueRequired\":true,\"valueName\":\"search_term_string\"}}],\"inLanguage\":\"de\"},{\"@type\":[\"Person\",\"Organization\"],\"@id\":\"https:\\\/\\\/www.tribur.de\\\/blog\\\/#\\\/schema\\\/person\\\/3119997f09f43791809c2d1af27bba6c\",\"name\":\"Markus Zwittmeier\",\"image\":{\"@type\":\"ImageObject\",\"inLanguage\":\"de\",\"@id\":\"https:\\\/\\\/i0.wp.com\\\/www.tribur.de\\\/blog\\\/wp-content\\\/uploads\\\/2018\\\/09\\\/cropped-logotest-4.jpg?fit=200%2C200&ssl=1\",\"url\":\"https:\\\/\\\/i0.wp.com\\\/www.tribur.de\\\/blog\\\/wp-content\\\/uploads\\\/2018\\\/09\\\/cropped-logotest-4.jpg?fit=200%2C200&ssl=1\",\"contentUrl\":\"https:\\\/\\\/i0.wp.com\\\/www.tribur.de\\\/blog\\\/wp-content\\\/uploads\\\/2018\\\/09\\\/cropped-logotest-4.jpg?fit=200%2C200&ssl=1\",\"width\":200,\"height\":200,\"caption\":\"Markus Zwittmeier\"},\"logo\":{\"@id\":\"https:\\\/\\\/i0.wp.com\\\/www.tribur.de\\\/blog\\\/wp-content\\\/uploads\\\/2018\\\/09\\\/cropped-logotest-4.jpg?fit=200%2C200&ssl=1\"},\"sameAs\":[\"http:\\\/\\\/www.Tribur.de\",\"http:\\\/\\\/www.facebook.com\\\/pages\\\/Triburde\\\/184352328288771\",\"https:\\\/\\\/www.instagram.com\\\/tribur.de\\\/\",\"https:\\\/\\\/x.com\\\/https:\\\/\\\/twitter.com\\\/tribur\",\"https:\\\/\\\/www.youtube.com\\\/channel\\\/UCnEonou-x6_P4XPjBk2htCA\"],\"url\":\"https:\\\/\\\/www.tribur.de\\\/blog\\\/author\\\/markus\\\/\"}]}<\/script>\n<!-- \/ Yoast SEO plugin. -->","yoast_head_json":{"title":"Salz im Oberrheintal - Tribur.de","robots":{"index":"index","follow":"follow","max-snippet":"max-snippet:-1","max-image-preview":"max-image-preview:large","max-video-preview":"max-video-preview:-1"},"canonical":"https:\/\/www.tribur.de\/blog\/2013\/06\/10\/salz-im-oberrheintal\/","og_locale":"de_DE","og_type":"article","og_title":"Salz im Oberrheintal - Tribur.de","og_description":"Am Sonntag Mittag sah ich auf Arte nebenbei die nette franz\u00f6sische Doku &#8222;Die Gallier &#8211; Sagen und Wahrheit&#8220; (kam \u00fcbrigens ohne Reenactment aus, liebes deutsches Fernsehen). Das Ganze war passend, bereitete ich mich doch&#46;&#46;&#46;","og_url":"https:\/\/www.tribur.de\/blog\/2013\/06\/10\/salz-im-oberrheintal\/","og_site_name":"Tribur.de","article_publisher":"http:\/\/www.facebook.com\/pages\/Triburde\/184352328288771","article_author":"http:\/\/www.facebook.com\/pages\/Triburde\/184352328288771","article_published_time":"2013-06-10T08:55:48+00:00","og_image":[{"width":200,"height":200,"url":"https:\/\/i0.wp.com\/www.tribur.de\/blog\/wp-content\/uploads\/2018\/09\/cropped-logotest-2.jpg?fit=200%2C200&ssl=1","type":"image\/jpeg"}],"author":"Markus Zwittmeier","twitter_card":"summary_large_image","twitter_creator":"@https:\/\/twitter.com\/tribur","twitter_site":"@tribur","twitter_misc":{"Verfasst von":"Markus Zwittmeier","Gesch\u00e4tzte Lesezeit":"2\u00a0Minuten"},"schema":{"@context":"https:\/\/schema.org","@graph":[{"@type":"Article","@id":"https:\/\/www.tribur.de\/blog\/2013\/06\/10\/salz-im-oberrheintal\/#article","isPartOf":{"@id":"https:\/\/www.tribur.de\/blog\/2013\/06\/10\/salz-im-oberrheintal\/"},"author":{"name":"Markus Zwittmeier","@id":"https:\/\/www.tribur.de\/blog\/#\/schema\/person\/3119997f09f43791809c2d1af27bba6c"},"headline":"Salz im Oberrheintal","datePublished":"2013-06-10T08:55:48+00:00","mainEntityOfPage":{"@id":"https:\/\/www.tribur.de\/blog\/2013\/06\/10\/salz-im-oberrheintal\/"},"wordCount":502,"commentCount":2,"publisher":{"@id":"https:\/\/www.tribur.de\/blog\/#\/schema\/person\/3119997f09f43791809c2d1af27bba6c"},"keywords":["Recherche","Theorie","Trebur\/Tribur"],"articleSection":["Geschichte"],"inLanguage":"de","potentialAction":[{"@type":"CommentAction","name":"Comment","target":["https:\/\/www.tribur.de\/blog\/2013\/06\/10\/salz-im-oberrheintal\/#respond"]}]},{"@type":"WebPage","@id":"https:\/\/www.tribur.de\/blog\/2013\/06\/10\/salz-im-oberrheintal\/","url":"https:\/\/www.tribur.de\/blog\/2013\/06\/10\/salz-im-oberrheintal\/","name":"Salz im Oberrheintal - Tribur.de","isPartOf":{"@id":"https:\/\/www.tribur.de\/blog\/#website"},"datePublished":"2013-06-10T08:55:48+00:00","breadcrumb":{"@id":"https:\/\/www.tribur.de\/blog\/2013\/06\/10\/salz-im-oberrheintal\/#breadcrumb"},"inLanguage":"de","potentialAction":[{"@type":"ReadAction","target":["https:\/\/www.tribur.de\/blog\/2013\/06\/10\/salz-im-oberrheintal\/"]}]},{"@type":"BreadcrumbList","@id":"https:\/\/www.tribur.de\/blog\/2013\/06\/10\/salz-im-oberrheintal\/#breadcrumb","itemListElement":[{"@type":"ListItem","position":1,"name":"Home","item":"https:\/\/www.tribur.de\/blog\/"},{"@type":"ListItem","position":2,"name":"Salz im Oberrheintal"}]},{"@type":"WebSite","@id":"https:\/\/www.tribur.de\/blog\/#website","url":"https:\/\/www.tribur.de\/blog\/","name":"Tribur.de","description":"Tribur.de - Geschichte und so Zeugs","publisher":{"@id":"https:\/\/www.tribur.de\/blog\/#\/schema\/person\/3119997f09f43791809c2d1af27bba6c"},"potentialAction":[{"@type":"SearchAction","target":{"@type":"EntryPoint","urlTemplate":"https:\/\/www.tribur.de\/blog\/?s={search_term_string}"},"query-input":{"@type":"PropertyValueSpecification","valueRequired":true,"valueName":"search_term_string"}}],"inLanguage":"de"},{"@type":["Person","Organization"],"@id":"https:\/\/www.tribur.de\/blog\/#\/schema\/person\/3119997f09f43791809c2d1af27bba6c","name":"Markus Zwittmeier","image":{"@type":"ImageObject","inLanguage":"de","@id":"https:\/\/i0.wp.com\/www.tribur.de\/blog\/wp-content\/uploads\/2018\/09\/cropped-logotest-4.jpg?fit=200%2C200&ssl=1","url":"https:\/\/i0.wp.com\/www.tribur.de\/blog\/wp-content\/uploads\/2018\/09\/cropped-logotest-4.jpg?fit=200%2C200&ssl=1","contentUrl":"https:\/\/i0.wp.com\/www.tribur.de\/blog\/wp-content\/uploads\/2018\/09\/cropped-logotest-4.jpg?fit=200%2C200&ssl=1","width":200,"height":200,"caption":"Markus Zwittmeier"},"logo":{"@id":"https:\/\/i0.wp.com\/www.tribur.de\/blog\/wp-content\/uploads\/2018\/09\/cropped-logotest-4.jpg?fit=200%2C200&ssl=1"},"sameAs":["http:\/\/www.Tribur.de","http:\/\/www.facebook.com\/pages\/Triburde\/184352328288771","https:\/\/www.instagram.com\/tribur.de\/","https:\/\/x.com\/https:\/\/twitter.com\/tribur","https:\/\/www.youtube.com\/channel\/UCnEonou-x6_P4XPjBk2htCA"],"url":"https:\/\/www.tribur.de\/blog\/author\/markus\/"}]}},"jetpack_publicize_connections":[],"jetpack_featured_media_url":"","jetpack_shortlink":"https:\/\/wp.me\/p1mHPu-6u9","jetpack_sharing_enabled":true,"_links":{"self":[{"href":"https:\/\/www.tribur.de\/blog\/wp-json\/wp\/v2\/posts\/24933","targetHints":{"allow":["GET"]}}],"collection":[{"href":"https:\/\/www.tribur.de\/blog\/wp-json\/wp\/v2\/posts"}],"about":[{"href":"https:\/\/www.tribur.de\/blog\/wp-json\/wp\/v2\/types\/post"}],"author":[{"embeddable":true,"href":"https:\/\/www.tribur.de\/blog\/wp-json\/wp\/v2\/users\/2"}],"replies":[{"embeddable":true,"href":"https:\/\/www.tribur.de\/blog\/wp-json\/wp\/v2\/comments?post=24933"}],"version-history":[{"count":20,"href":"https:\/\/www.tribur.de\/blog\/wp-json\/wp\/v2\/posts\/24933\/revisions"}],"predecessor-version":[{"id":24953,"href":"https:\/\/www.tribur.de\/blog\/wp-json\/wp\/v2\/posts\/24933\/revisions\/24953"}],"wp:attachment":[{"href":"https:\/\/www.tribur.de\/blog\/wp-json\/wp\/v2\/media?parent=24933"}],"wp:term":[{"taxonomy":"category","embeddable":true,"href":"https:\/\/www.tribur.de\/blog\/wp-json\/wp\/v2\/categories?post=24933"},{"taxonomy":"post_tag","embeddable":true,"href":"https:\/\/www.tribur.de\/blog\/wp-json\/wp\/v2\/tags?post=24933"}],"curies":[{"name":"wp","href":"https:\/\/api.w.org\/{rel}","templated":true}]}}