{"id":24842,"date":"2013-05-21T10:54:31","date_gmt":"2013-05-21T08:54:31","guid":{"rendered":"http:\/\/www.tribur.de\/blog\/?p=24842"},"modified":"2013-05-21T16:01:51","modified_gmt":"2013-05-21T14:01:51","slug":"vortrag-von-marco-hardy-ma-romerlager-am-rhein-bei-geinsheim-grabungen-der-universitat-frankfurt","status":"publish","type":"post","link":"https:\/\/www.tribur.de\/blog\/2013\/05\/21\/vortrag-von-marco-hardy-ma-romerlager-am-rhein-bei-geinsheim-grabungen-der-universitat-frankfurt\/","title":{"rendered":"Vortrag von Marco Hardy MA &#8222;R\u00f6merlager am Rhein bei Geinsheim \u2013 Grabungen der Universit\u00e4t Frankfurt&#8220;"},"content":{"rendered":"<p>Marco Hardy hatte meinen Blogeintrag bereits gelesen, jedoch zu kurzfristig um darauf zu reagieren. Da es sich bei dem Vortrag Marcos um den ersten Vortrag &#8222;in freier Wildbahn&#8220; handelte, bat er mich nicht zu filmen. Das bedeutet aber nicht das der Vortrag nicht doch noch seinen Weg auf Video findet, denn Marco wird diesen Vortrag noch einmal halten und dann kann ich Filmen. Also Geduld.<\/p>\n<div id=\"attachment_24847\" style=\"width: 260px\" class=\"wp-caption alignleft\"><a href=\"https:\/\/i0.wp.com\/www.tribur.de\/blog\/wp-content\/uploads\/2013\/05\/MHMA.jpg?ssl=1\"><img data-recalc-dims=\"1\" loading=\"lazy\" decoding=\"async\" aria-describedby=\"caption-attachment-24847\" class=\"size-full wp-image-24847\" alt=\"MHMA\" src=\"https:\/\/i0.wp.com\/www.tribur.de\/blog\/wp-content\/uploads\/2013\/05\/MHMA.jpg?resize=250%2C372&#038;ssl=1\" width=\"250\" height=\"372\" srcset=\"https:\/\/i0.wp.com\/www.tribur.de\/blog\/wp-content\/uploads\/2013\/05\/MHMA.jpg?w=250&amp;ssl=1 250w, https:\/\/i0.wp.com\/www.tribur.de\/blog\/wp-content\/uploads\/2013\/05\/MHMA.jpg?resize=201%2C300&amp;ssl=1 201w\" sizes=\"auto, (max-width: 250px) 100vw, 250px\" \/><\/a><p id=\"caption-attachment-24847\" class=\"wp-caption-text\">Marco Hardy MA (links) und Herr Volkmann MA<\/p><\/div>\n<p>&#8222;R\u00f6merlager am Rhein bei Geinsheim \u2013 Grabungen der Universit\u00e4t Frankfurt&#8220; war das Thema des Vortrags, der in dem kleinen Saal im alten Astheimer Rathaus stattfand. Der Raum war sehr gut gef\u00fcllt und obwohl neben Dr. Volkmann und mir noch zwei Pl\u00e4tze frei waren, standen einige Besucher lieber im hinteren Teil.<br \/>\nDie Einf\u00fchrung wurde von Herrn Sellner und Herrn \u00a0Volkmann MA (Museumsleiter Gro\u00df Gerau) gehalten.<\/p>\n<p>Marco Hardy stellte zun\u00e4chst sich und seine wissenschaftliche Laufbahn und das Thema seines Vortrag vor, der sich haupts\u00e4chlich der arch\u00e4ologischen Arbeit am R\u00f6merlager, auch Marcos Magisterarbeit, widmete.<\/p>\n<p>Marco Hardy begann mit einem Blick auf das r\u00f6mischen Mainz und dem Lager auf dem K\u00e4strich als regionaler r\u00f6mischer Ausgangspunkt. Es folgte ein Blick auf die Bodenkarte der Region um dort die die erh\u00f6hte, nah an den Rhein heranreichende Lage Geinsheims, die den R\u00f6mern wohl bewusst war und somit ausschlag gebend f\u00fcr die Anlegung eines Lagers war.<br \/>\nNach einem Luftbild des eigentlichen Grabungsplatzes wurde auf die Geschichte des Fundplatzes hingewiesesen, da durchaus Beifunde aus der anderen Zeiten zu erwarten waren, wie etwas Musketenkugeln aus dem 30-j\u00e4hrigen Krieg ,und Munitionsreste des zweiten Weltkrieges, zu rechenen war, was sich sp\u00e4ter noch zeigen w\u00fcrde.<\/p>\n<p>Was war jedoch der Grund f\u00fcr die Grabung? Zun\u00e4chst waren es Funde von r\u00f6mischen Scherben Eugen Schenkels die dieser bei Ortsbegehungen fand, wobei Marco jedoch f\u00fcr seine Magisterarbeit herausfand das von Worms bereits 1900 Melonenperlen und Bronzen vom Kornsand aufgekauft wurden. Der Fundplatz also l\u00e4nger bekannt war, aber in Vergessenheit geriet.<br \/>\nDer n\u00e4chste Hinweis erfolgte durch die Luftbildarch\u00e4ologie,die Gr\u00e4ben zeigte, wobei eine Erl\u00e4uterung der Luftbildarch\u00e4ologie und der Bewuchsmerkmale erfolgte.<br \/>\n2007\/08 begann die erste Grabung, wobei der Grund daf\u00fcr in der Bedrohung durch eine m\u00f6gliche Auskiesung lag. Einer der ersten Schritte war der Einsatz eines Bodenraders um die besten Fundstellen zu entdecken. Jedoch ohne Erfolg, da sich nur ein graues Rauschen zu sehen war. Wohl durch die Kriegshandlungen. Man war also auf die Lufbilder angewiesen.<br \/>\nEs wurden die Grabungsschnitte gezeigt und auf ihre Befunde eingegangen, wie zum Beispiel wie man feststellen konnte welches der mehreren Lager zeitlich vor den anderen lag, also welcher Graben welchen Schnitt.<\/p>\n<p>70 Befunde konnten dokumentiert werden auf ca. 900qm, rechnet man dies Zahl hoch, auf die Fl\u00e4che des Lagers mit der gr\u00f6\u00dften Ausdehnung, k\u00f6nnte man mit 14.000 Funden auf der Gesamtfl\u00e4che rechnen.<br \/>\nMarco Hardy ging ein auf die arch\u00e4ologische Arbeitsweise, die Zuordnungenvon Gr\u00e4ben zueinander und deren Bedeutungen, wie etwa ein doppelter Solgraben, der wohl auf auf die Pfosten einer Holzerdemauer zur\u00fcckgeht.<br \/>\nAuch auf die Datierung der Lager anhand der M\u00fcnzfunde wurde eingegangen.<\/p>\n<p>Zum Abschluss wies Marco Hardy noch einmal auf die Bedrohung des Lagers durch die Auskiesung hin, bat aber auch darum m\u00f6gliche Sondeng\u00e4nger einfach mal anzusprechen und sich deren Genehmigung zeigen zu lassen. Er verglich dabei m\u00f6gliche verlorenen gegangene Funde mit dem fehlenden Teil eines Puzzlespiels.<\/p>\n<p>Marco Hardy stand schon w\u00e4hrend des Vortrages f\u00fcr R\u00fcckfragen aller Art zur Verf\u00fcgung, musste aber auch danach noch einige Beantworten. Interessant war dabei zu merken das immer noch gewisse, nun ja, eigent\u00fcmliche Vorstellungen der Landschaft kursierten. So wurde durch Besucher die Vorstellung entwickelt, bzw. die Frage aufgeworfen wie es denn sein k\u00f6nne das der Neckar vor 10.000 verlandete, die R\u00f6mer noch bei von Gernsheim ausgehend eine 300m lange Br\u00fccke \u00fcber den Lauf des ehemaligen Neckars bauten, gleiches m\u00fcsse auch f\u00fcr den Altmain gelten. Er k\u00f6nne also nicht verlandet sein sondern m\u00fcsse Wasser gef\u00fchrt haben. In die folgende Diskussion um den Begriff &#8222;Verlandung&#8220;, geologische Prozesse, Sumpf, Torf, Sumpfbr\u00fccken usw. schalteten sich nicht nur Dr. Volkmann, sondern auch ein Terraplana Mitglied und ich ein.<\/p>\n<p>Alles in allem ein sehr interessanter Abend und Marco Hardy hat in freier Wildbahn eine tolle Arbeit geleistet. Zudem hatte ich noch einige sehr interessante Gespr\u00e4che hinterher, die dazu f\u00fchrten das ich mich am n\u00e4chsten Tag mit zwei weiteren Personen und einer Drohne auf ein Acker wiederfand und in rasendem Tempo dabei war wie mehrere, bisher unbekannte Lagergr\u00e4ben lokalisiert werden konnten!<br \/>\nUnd dann passierte noch etwas, das einen eigenen Blogeintrag wert ist, dazu sp\u00e4ter mehr!<\/p>\n<p>&nbsp;<\/p>\n","protected":false},"excerpt":{"rendered":"<p>Marco Hardy hatte meinen Blogeintrag bereits gelesen, jedoch zu kurzfristig um darauf zu reagieren. Da es sich bei dem Vortrag Marcos um den ersten Vortrag &#8222;in freier Wildbahn&#8220; handelte, bat er mich nicht zu&#46;&#46;&#46;<\/p>\n","protected":false},"author":2,"featured_media":0,"comment_status":"open","ping_status":"open","sticky":false,"template":"","format":"standard","meta":{"jetpack_post_was_ever_published":false,"_jetpack_newsletter_access":"","_jetpack_dont_email_post_to_subs":false,"_jetpack_newsletter_tier_id":0,"_jetpack_memberships_contains_paywalled_content":false,"_jetpack_memberships_contains_paid_content":false,"footnotes":"","jetpack_publicize_message":"","jetpack_publicize_feature_enabled":true,"jetpack_social_post_already_shared":true,"jetpack_social_options":{"image_generator_settings":{"template":"highway","default_image_id":0,"font":"","enabled":false},"version":2}},"categories":[1],"tags":[54,33,31,16,26],"class_list":["post-24842","post","type-post","status-publish","format-standard","hentry","category-geschichte","tag-archaologie","tag-ausgrabung","tag-romisch","tag-trebur","tag-vortrag"],"yoast_head":"<!-- This site is optimized with the Yoast SEO plugin v27.5 - https:\/\/yoast.com\/product\/yoast-seo-wordpress\/ -->\n<title>Vortrag von Marco Hardy MA &quot;R\u00f6merlager am Rhein bei Geinsheim \u2013 Grabungen der Universit\u00e4t Frankfurt&quot; - Tribur.de<\/title>\n<meta name=\"robots\" content=\"index, follow, max-snippet:-1, max-image-preview:large, max-video-preview:-1\" \/>\n<link rel=\"canonical\" href=\"https:\/\/www.tribur.de\/blog\/2013\/05\/21\/vortrag-von-marco-hardy-ma-romerlager-am-rhein-bei-geinsheim-grabungen-der-universitat-frankfurt\/\" \/>\n<meta property=\"og:locale\" content=\"de_DE\" \/>\n<meta property=\"og:type\" content=\"article\" \/>\n<meta property=\"og:title\" content=\"Vortrag von Marco Hardy MA &quot;R\u00f6merlager am Rhein bei Geinsheim \u2013 Grabungen der Universit\u00e4t Frankfurt&quot; - Tribur.de\" \/>\n<meta property=\"og:description\" content=\"Marco Hardy hatte meinen Blogeintrag bereits gelesen, jedoch zu kurzfristig um darauf zu reagieren. Da es sich bei dem Vortrag Marcos um den ersten Vortrag &#8222;in freier Wildbahn&#8220; handelte, bat er mich nicht zu&#046;&#046;&#046;\" \/>\n<meta property=\"og:url\" content=\"https:\/\/www.tribur.de\/blog\/2013\/05\/21\/vortrag-von-marco-hardy-ma-romerlager-am-rhein-bei-geinsheim-grabungen-der-universitat-frankfurt\/\" \/>\n<meta property=\"og:site_name\" content=\"Tribur.de\" \/>\n<meta property=\"article:publisher\" content=\"http:\/\/www.facebook.com\/pages\/Triburde\/184352328288771\" \/>\n<meta property=\"article:author\" content=\"http:\/\/www.facebook.com\/pages\/Triburde\/184352328288771\" \/>\n<meta property=\"article:published_time\" content=\"2013-05-21T08:54:31+00:00\" \/>\n<meta property=\"article:modified_time\" content=\"2013-05-21T14:01:51+00:00\" \/>\n<meta property=\"og:image\" content=\"http:\/\/www.tribur.de\/blog\/wp-content\/uploads\/2013\/05\/MHMA.jpg\" \/>\n<meta name=\"author\" content=\"Markus Zwittmeier\" \/>\n<meta name=\"twitter:card\" content=\"summary_large_image\" \/>\n<meta name=\"twitter:creator\" content=\"@https:\/\/twitter.com\/tribur\" \/>\n<meta name=\"twitter:site\" content=\"@tribur\" \/>\n<meta name=\"twitter:label1\" content=\"Verfasst von\" \/>\n\t<meta name=\"twitter:data1\" content=\"Markus Zwittmeier\" \/>\n\t<meta name=\"twitter:label2\" content=\"Gesch\u00e4tzte Lesezeit\" \/>\n\t<meta name=\"twitter:data2\" content=\"4\u00a0Minuten\" \/>\n<script type=\"application\/ld+json\" class=\"yoast-schema-graph\">{\"@context\":\"https:\\\/\\\/schema.org\",\"@graph\":[{\"@type\":\"Article\",\"@id\":\"https:\\\/\\\/www.tribur.de\\\/blog\\\/2013\\\/05\\\/21\\\/vortrag-von-marco-hardy-ma-romerlager-am-rhein-bei-geinsheim-grabungen-der-universitat-frankfurt\\\/#article\",\"isPartOf\":{\"@id\":\"https:\\\/\\\/www.tribur.de\\\/blog\\\/2013\\\/05\\\/21\\\/vortrag-von-marco-hardy-ma-romerlager-am-rhein-bei-geinsheim-grabungen-der-universitat-frankfurt\\\/\"},\"author\":{\"name\":\"Markus Zwittmeier\",\"@id\":\"https:\\\/\\\/www.tribur.de\\\/blog\\\/#\\\/schema\\\/person\\\/3119997f09f43791809c2d1af27bba6c\"},\"headline\":\"Vortrag von Marco Hardy MA &#8222;R\u00f6merlager am Rhein bei Geinsheim \u2013 Grabungen der Universit\u00e4t Frankfurt&#8220;\",\"datePublished\":\"2013-05-21T08:54:31+00:00\",\"dateModified\":\"2013-05-21T14:01:51+00:00\",\"mainEntityOfPage\":{\"@id\":\"https:\\\/\\\/www.tribur.de\\\/blog\\\/2013\\\/05\\\/21\\\/vortrag-von-marco-hardy-ma-romerlager-am-rhein-bei-geinsheim-grabungen-der-universitat-frankfurt\\\/\"},\"wordCount\":812,\"commentCount\":0,\"publisher\":{\"@id\":\"https:\\\/\\\/www.tribur.de\\\/blog\\\/#\\\/schema\\\/person\\\/3119997f09f43791809c2d1af27bba6c\"},\"image\":{\"@id\":\"https:\\\/\\\/www.tribur.de\\\/blog\\\/2013\\\/05\\\/21\\\/vortrag-von-marco-hardy-ma-romerlager-am-rhein-bei-geinsheim-grabungen-der-universitat-frankfurt\\\/#primaryimage\"},\"thumbnailUrl\":\"http:\\\/\\\/www.tribur.de\\\/blog\\\/wp-content\\\/uploads\\\/2013\\\/05\\\/MHMA.jpg\",\"keywords\":[\"Arch\u00e4ologie\",\"Ausgrabung\",\"r\u00f6misch\",\"Trebur\\\/Tribur\",\"Vortrag\"],\"articleSection\":[\"Geschichte\"],\"inLanguage\":\"de\",\"potentialAction\":[{\"@type\":\"CommentAction\",\"name\":\"Comment\",\"target\":[\"https:\\\/\\\/www.tribur.de\\\/blog\\\/2013\\\/05\\\/21\\\/vortrag-von-marco-hardy-ma-romerlager-am-rhein-bei-geinsheim-grabungen-der-universitat-frankfurt\\\/#respond\"]}]},{\"@type\":\"WebPage\",\"@id\":\"https:\\\/\\\/www.tribur.de\\\/blog\\\/2013\\\/05\\\/21\\\/vortrag-von-marco-hardy-ma-romerlager-am-rhein-bei-geinsheim-grabungen-der-universitat-frankfurt\\\/\",\"url\":\"https:\\\/\\\/www.tribur.de\\\/blog\\\/2013\\\/05\\\/21\\\/vortrag-von-marco-hardy-ma-romerlager-am-rhein-bei-geinsheim-grabungen-der-universitat-frankfurt\\\/\",\"name\":\"Vortrag von Marco Hardy MA \\\"R\u00f6merlager am Rhein bei Geinsheim \u2013 Grabungen der Universit\u00e4t Frankfurt\\\" - Tribur.de\",\"isPartOf\":{\"@id\":\"https:\\\/\\\/www.tribur.de\\\/blog\\\/#website\"},\"primaryImageOfPage\":{\"@id\":\"https:\\\/\\\/www.tribur.de\\\/blog\\\/2013\\\/05\\\/21\\\/vortrag-von-marco-hardy-ma-romerlager-am-rhein-bei-geinsheim-grabungen-der-universitat-frankfurt\\\/#primaryimage\"},\"image\":{\"@id\":\"https:\\\/\\\/www.tribur.de\\\/blog\\\/2013\\\/05\\\/21\\\/vortrag-von-marco-hardy-ma-romerlager-am-rhein-bei-geinsheim-grabungen-der-universitat-frankfurt\\\/#primaryimage\"},\"thumbnailUrl\":\"http:\\\/\\\/www.tribur.de\\\/blog\\\/wp-content\\\/uploads\\\/2013\\\/05\\\/MHMA.jpg\",\"datePublished\":\"2013-05-21T08:54:31+00:00\",\"dateModified\":\"2013-05-21T14:01:51+00:00\",\"breadcrumb\":{\"@id\":\"https:\\\/\\\/www.tribur.de\\\/blog\\\/2013\\\/05\\\/21\\\/vortrag-von-marco-hardy-ma-romerlager-am-rhein-bei-geinsheim-grabungen-der-universitat-frankfurt\\\/#breadcrumb\"},\"inLanguage\":\"de\",\"potentialAction\":[{\"@type\":\"ReadAction\",\"target\":[\"https:\\\/\\\/www.tribur.de\\\/blog\\\/2013\\\/05\\\/21\\\/vortrag-von-marco-hardy-ma-romerlager-am-rhein-bei-geinsheim-grabungen-der-universitat-frankfurt\\\/\"]}]},{\"@type\":\"ImageObject\",\"inLanguage\":\"de\",\"@id\":\"https:\\\/\\\/www.tribur.de\\\/blog\\\/2013\\\/05\\\/21\\\/vortrag-von-marco-hardy-ma-romerlager-am-rhein-bei-geinsheim-grabungen-der-universitat-frankfurt\\\/#primaryimage\",\"url\":\"https:\\\/\\\/i0.wp.com\\\/www.tribur.de\\\/blog\\\/wp-content\\\/uploads\\\/2013\\\/05\\\/MHMA.jpg?fit=250%2C372&ssl=1\",\"contentUrl\":\"https:\\\/\\\/i0.wp.com\\\/www.tribur.de\\\/blog\\\/wp-content\\\/uploads\\\/2013\\\/05\\\/MHMA.jpg?fit=250%2C372&ssl=1\",\"width\":250,\"height\":372},{\"@type\":\"BreadcrumbList\",\"@id\":\"https:\\\/\\\/www.tribur.de\\\/blog\\\/2013\\\/05\\\/21\\\/vortrag-von-marco-hardy-ma-romerlager-am-rhein-bei-geinsheim-grabungen-der-universitat-frankfurt\\\/#breadcrumb\",\"itemListElement\":[{\"@type\":\"ListItem\",\"position\":1,\"name\":\"Home\",\"item\":\"https:\\\/\\\/www.tribur.de\\\/blog\\\/\"},{\"@type\":\"ListItem\",\"position\":2,\"name\":\"Vortrag von Marco Hardy MA &#8222;R\u00f6merlager am Rhein bei Geinsheim \u2013 Grabungen der Universit\u00e4t Frankfurt&#8220;\"}]},{\"@type\":\"WebSite\",\"@id\":\"https:\\\/\\\/www.tribur.de\\\/blog\\\/#website\",\"url\":\"https:\\\/\\\/www.tribur.de\\\/blog\\\/\",\"name\":\"Tribur.de\",\"description\":\"Tribur.de - Geschichte und so Zeugs\",\"publisher\":{\"@id\":\"https:\\\/\\\/www.tribur.de\\\/blog\\\/#\\\/schema\\\/person\\\/3119997f09f43791809c2d1af27bba6c\"},\"potentialAction\":[{\"@type\":\"SearchAction\",\"target\":{\"@type\":\"EntryPoint\",\"urlTemplate\":\"https:\\\/\\\/www.tribur.de\\\/blog\\\/?s={search_term_string}\"},\"query-input\":{\"@type\":\"PropertyValueSpecification\",\"valueRequired\":true,\"valueName\":\"search_term_string\"}}],\"inLanguage\":\"de\"},{\"@type\":[\"Person\",\"Organization\"],\"@id\":\"https:\\\/\\\/www.tribur.de\\\/blog\\\/#\\\/schema\\\/person\\\/3119997f09f43791809c2d1af27bba6c\",\"name\":\"Markus Zwittmeier\",\"image\":{\"@type\":\"ImageObject\",\"inLanguage\":\"de\",\"@id\":\"https:\\\/\\\/i0.wp.com\\\/www.tribur.de\\\/blog\\\/wp-content\\\/uploads\\\/2018\\\/09\\\/cropped-logotest-4.jpg?fit=200%2C200&ssl=1\",\"url\":\"https:\\\/\\\/i0.wp.com\\\/www.tribur.de\\\/blog\\\/wp-content\\\/uploads\\\/2018\\\/09\\\/cropped-logotest-4.jpg?fit=200%2C200&ssl=1\",\"contentUrl\":\"https:\\\/\\\/i0.wp.com\\\/www.tribur.de\\\/blog\\\/wp-content\\\/uploads\\\/2018\\\/09\\\/cropped-logotest-4.jpg?fit=200%2C200&ssl=1\",\"width\":200,\"height\":200,\"caption\":\"Markus Zwittmeier\"},\"logo\":{\"@id\":\"https:\\\/\\\/i0.wp.com\\\/www.tribur.de\\\/blog\\\/wp-content\\\/uploads\\\/2018\\\/09\\\/cropped-logotest-4.jpg?fit=200%2C200&ssl=1\"},\"sameAs\":[\"http:\\\/\\\/www.Tribur.de\",\"http:\\\/\\\/www.facebook.com\\\/pages\\\/Triburde\\\/184352328288771\",\"https:\\\/\\\/www.instagram.com\\\/tribur.de\\\/\",\"https:\\\/\\\/x.com\\\/https:\\\/\\\/twitter.com\\\/tribur\",\"https:\\\/\\\/www.youtube.com\\\/channel\\\/UCnEonou-x6_P4XPjBk2htCA\"],\"url\":\"https:\\\/\\\/www.tribur.de\\\/blog\\\/author\\\/markus\\\/\"}]}<\/script>\n<!-- \/ Yoast SEO plugin. -->","yoast_head_json":{"title":"Vortrag von Marco Hardy MA \"R\u00f6merlager am Rhein bei Geinsheim \u2013 Grabungen der Universit\u00e4t Frankfurt\" - Tribur.de","robots":{"index":"index","follow":"follow","max-snippet":"max-snippet:-1","max-image-preview":"max-image-preview:large","max-video-preview":"max-video-preview:-1"},"canonical":"https:\/\/www.tribur.de\/blog\/2013\/05\/21\/vortrag-von-marco-hardy-ma-romerlager-am-rhein-bei-geinsheim-grabungen-der-universitat-frankfurt\/","og_locale":"de_DE","og_type":"article","og_title":"Vortrag von Marco Hardy MA \"R\u00f6merlager am Rhein bei Geinsheim \u2013 Grabungen der Universit\u00e4t Frankfurt\" - Tribur.de","og_description":"Marco Hardy hatte meinen Blogeintrag bereits gelesen, jedoch zu kurzfristig um darauf zu reagieren. Da es sich bei dem Vortrag Marcos um den ersten Vortrag &#8222;in freier Wildbahn&#8220; handelte, bat er mich nicht zu&#46;&#46;&#46;","og_url":"https:\/\/www.tribur.de\/blog\/2013\/05\/21\/vortrag-von-marco-hardy-ma-romerlager-am-rhein-bei-geinsheim-grabungen-der-universitat-frankfurt\/","og_site_name":"Tribur.de","article_publisher":"http:\/\/www.facebook.com\/pages\/Triburde\/184352328288771","article_author":"http:\/\/www.facebook.com\/pages\/Triburde\/184352328288771","article_published_time":"2013-05-21T08:54:31+00:00","article_modified_time":"2013-05-21T14:01:51+00:00","og_image":[{"url":"http:\/\/www.tribur.de\/blog\/wp-content\/uploads\/2013\/05\/MHMA.jpg","type":"","width":"","height":""}],"author":"Markus Zwittmeier","twitter_card":"summary_large_image","twitter_creator":"@https:\/\/twitter.com\/tribur","twitter_site":"@tribur","twitter_misc":{"Verfasst von":"Markus Zwittmeier","Gesch\u00e4tzte Lesezeit":"4\u00a0Minuten"},"schema":{"@context":"https:\/\/schema.org","@graph":[{"@type":"Article","@id":"https:\/\/www.tribur.de\/blog\/2013\/05\/21\/vortrag-von-marco-hardy-ma-romerlager-am-rhein-bei-geinsheim-grabungen-der-universitat-frankfurt\/#article","isPartOf":{"@id":"https:\/\/www.tribur.de\/blog\/2013\/05\/21\/vortrag-von-marco-hardy-ma-romerlager-am-rhein-bei-geinsheim-grabungen-der-universitat-frankfurt\/"},"author":{"name":"Markus Zwittmeier","@id":"https:\/\/www.tribur.de\/blog\/#\/schema\/person\/3119997f09f43791809c2d1af27bba6c"},"headline":"Vortrag von Marco Hardy MA &#8222;R\u00f6merlager am Rhein bei Geinsheim \u2013 Grabungen der Universit\u00e4t Frankfurt&#8220;","datePublished":"2013-05-21T08:54:31+00:00","dateModified":"2013-05-21T14:01:51+00:00","mainEntityOfPage":{"@id":"https:\/\/www.tribur.de\/blog\/2013\/05\/21\/vortrag-von-marco-hardy-ma-romerlager-am-rhein-bei-geinsheim-grabungen-der-universitat-frankfurt\/"},"wordCount":812,"commentCount":0,"publisher":{"@id":"https:\/\/www.tribur.de\/blog\/#\/schema\/person\/3119997f09f43791809c2d1af27bba6c"},"image":{"@id":"https:\/\/www.tribur.de\/blog\/2013\/05\/21\/vortrag-von-marco-hardy-ma-romerlager-am-rhein-bei-geinsheim-grabungen-der-universitat-frankfurt\/#primaryimage"},"thumbnailUrl":"http:\/\/www.tribur.de\/blog\/wp-content\/uploads\/2013\/05\/MHMA.jpg","keywords":["Arch\u00e4ologie","Ausgrabung","r\u00f6misch","Trebur\/Tribur","Vortrag"],"articleSection":["Geschichte"],"inLanguage":"de","potentialAction":[{"@type":"CommentAction","name":"Comment","target":["https:\/\/www.tribur.de\/blog\/2013\/05\/21\/vortrag-von-marco-hardy-ma-romerlager-am-rhein-bei-geinsheim-grabungen-der-universitat-frankfurt\/#respond"]}]},{"@type":"WebPage","@id":"https:\/\/www.tribur.de\/blog\/2013\/05\/21\/vortrag-von-marco-hardy-ma-romerlager-am-rhein-bei-geinsheim-grabungen-der-universitat-frankfurt\/","url":"https:\/\/www.tribur.de\/blog\/2013\/05\/21\/vortrag-von-marco-hardy-ma-romerlager-am-rhein-bei-geinsheim-grabungen-der-universitat-frankfurt\/","name":"Vortrag von Marco Hardy MA \"R\u00f6merlager am Rhein bei Geinsheim \u2013 Grabungen der Universit\u00e4t Frankfurt\" - Tribur.de","isPartOf":{"@id":"https:\/\/www.tribur.de\/blog\/#website"},"primaryImageOfPage":{"@id":"https:\/\/www.tribur.de\/blog\/2013\/05\/21\/vortrag-von-marco-hardy-ma-romerlager-am-rhein-bei-geinsheim-grabungen-der-universitat-frankfurt\/#primaryimage"},"image":{"@id":"https:\/\/www.tribur.de\/blog\/2013\/05\/21\/vortrag-von-marco-hardy-ma-romerlager-am-rhein-bei-geinsheim-grabungen-der-universitat-frankfurt\/#primaryimage"},"thumbnailUrl":"http:\/\/www.tribur.de\/blog\/wp-content\/uploads\/2013\/05\/MHMA.jpg","datePublished":"2013-05-21T08:54:31+00:00","dateModified":"2013-05-21T14:01:51+00:00","breadcrumb":{"@id":"https:\/\/www.tribur.de\/blog\/2013\/05\/21\/vortrag-von-marco-hardy-ma-romerlager-am-rhein-bei-geinsheim-grabungen-der-universitat-frankfurt\/#breadcrumb"},"inLanguage":"de","potentialAction":[{"@type":"ReadAction","target":["https:\/\/www.tribur.de\/blog\/2013\/05\/21\/vortrag-von-marco-hardy-ma-romerlager-am-rhein-bei-geinsheim-grabungen-der-universitat-frankfurt\/"]}]},{"@type":"ImageObject","inLanguage":"de","@id":"https:\/\/www.tribur.de\/blog\/2013\/05\/21\/vortrag-von-marco-hardy-ma-romerlager-am-rhein-bei-geinsheim-grabungen-der-universitat-frankfurt\/#primaryimage","url":"https:\/\/i0.wp.com\/www.tribur.de\/blog\/wp-content\/uploads\/2013\/05\/MHMA.jpg?fit=250%2C372&ssl=1","contentUrl":"https:\/\/i0.wp.com\/www.tribur.de\/blog\/wp-content\/uploads\/2013\/05\/MHMA.jpg?fit=250%2C372&ssl=1","width":250,"height":372},{"@type":"BreadcrumbList","@id":"https:\/\/www.tribur.de\/blog\/2013\/05\/21\/vortrag-von-marco-hardy-ma-romerlager-am-rhein-bei-geinsheim-grabungen-der-universitat-frankfurt\/#breadcrumb","itemListElement":[{"@type":"ListItem","position":1,"name":"Home","item":"https:\/\/www.tribur.de\/blog\/"},{"@type":"ListItem","position":2,"name":"Vortrag von Marco Hardy MA &#8222;R\u00f6merlager am Rhein bei Geinsheim \u2013 Grabungen der Universit\u00e4t Frankfurt&#8220;"}]},{"@type":"WebSite","@id":"https:\/\/www.tribur.de\/blog\/#website","url":"https:\/\/www.tribur.de\/blog\/","name":"Tribur.de","description":"Tribur.de - Geschichte und so Zeugs","publisher":{"@id":"https:\/\/www.tribur.de\/blog\/#\/schema\/person\/3119997f09f43791809c2d1af27bba6c"},"potentialAction":[{"@type":"SearchAction","target":{"@type":"EntryPoint","urlTemplate":"https:\/\/www.tribur.de\/blog\/?s={search_term_string}"},"query-input":{"@type":"PropertyValueSpecification","valueRequired":true,"valueName":"search_term_string"}}],"inLanguage":"de"},{"@type":["Person","Organization"],"@id":"https:\/\/www.tribur.de\/blog\/#\/schema\/person\/3119997f09f43791809c2d1af27bba6c","name":"Markus Zwittmeier","image":{"@type":"ImageObject","inLanguage":"de","@id":"https:\/\/i0.wp.com\/www.tribur.de\/blog\/wp-content\/uploads\/2018\/09\/cropped-logotest-4.jpg?fit=200%2C200&ssl=1","url":"https:\/\/i0.wp.com\/www.tribur.de\/blog\/wp-content\/uploads\/2018\/09\/cropped-logotest-4.jpg?fit=200%2C200&ssl=1","contentUrl":"https:\/\/i0.wp.com\/www.tribur.de\/blog\/wp-content\/uploads\/2018\/09\/cropped-logotest-4.jpg?fit=200%2C200&ssl=1","width":200,"height":200,"caption":"Markus Zwittmeier"},"logo":{"@id":"https:\/\/i0.wp.com\/www.tribur.de\/blog\/wp-content\/uploads\/2018\/09\/cropped-logotest-4.jpg?fit=200%2C200&ssl=1"},"sameAs":["http:\/\/www.Tribur.de","http:\/\/www.facebook.com\/pages\/Triburde\/184352328288771","https:\/\/www.instagram.com\/tribur.de\/","https:\/\/x.com\/https:\/\/twitter.com\/tribur","https:\/\/www.youtube.com\/channel\/UCnEonou-x6_P4XPjBk2htCA"],"url":"https:\/\/www.tribur.de\/blog\/author\/markus\/"}]}},"jetpack_publicize_connections":[],"jetpack_featured_media_url":"","jetpack_shortlink":"https:\/\/wp.me\/p1mHPu-6sG","jetpack_sharing_enabled":true,"_links":{"self":[{"href":"https:\/\/www.tribur.de\/blog\/wp-json\/wp\/v2\/posts\/24842","targetHints":{"allow":["GET"]}}],"collection":[{"href":"https:\/\/www.tribur.de\/blog\/wp-json\/wp\/v2\/posts"}],"about":[{"href":"https:\/\/www.tribur.de\/blog\/wp-json\/wp\/v2\/types\/post"}],"author":[{"embeddable":true,"href":"https:\/\/www.tribur.de\/blog\/wp-json\/wp\/v2\/users\/2"}],"replies":[{"embeddable":true,"href":"https:\/\/www.tribur.de\/blog\/wp-json\/wp\/v2\/comments?post=24842"}],"version-history":[{"count":10,"href":"https:\/\/www.tribur.de\/blog\/wp-json\/wp\/v2\/posts\/24842\/revisions"}],"predecessor-version":[{"id":24853,"href":"https:\/\/www.tribur.de\/blog\/wp-json\/wp\/v2\/posts\/24842\/revisions\/24853"}],"wp:attachment":[{"href":"https:\/\/www.tribur.de\/blog\/wp-json\/wp\/v2\/media?parent=24842"}],"wp:term":[{"taxonomy":"category","embeddable":true,"href":"https:\/\/www.tribur.de\/blog\/wp-json\/wp\/v2\/categories?post=24842"},{"taxonomy":"post_tag","embeddable":true,"href":"https:\/\/www.tribur.de\/blog\/wp-json\/wp\/v2\/tags?post=24842"}],"curies":[{"name":"wp","href":"https:\/\/api.w.org\/{rel}","templated":true}]}}