{"id":23320,"date":"2013-01-22T11:11:58","date_gmt":"2013-01-22T10:11:58","guid":{"rendered":"http:\/\/www.tribur.de\/blog\/?p=23320"},"modified":"2013-01-22T11:11:58","modified_gmt":"2013-01-22T10:11:58","slug":"ein-winterlicher-besuch-in-einem-pfalzvicus","status":"publish","type":"post","link":"https:\/\/www.tribur.de\/blog\/2013\/01\/22\/ein-winterlicher-besuch-in-einem-pfalzvicus\/","title":{"rendered":"Ein winterlicher Besuch in einem Pfalzvicus"},"content":{"rendered":"<p><em>2009 hatte ich eine &#8222;Geruchsreise&#8220; ins (Fr\u00fch)Mittelalter geschrieben (<a href=\"https:\/\/www.tribur.de\/blog\/2009\/10\/02\/eine-geruchsreise-ins-mittelalter\/\" target=\"_blank\">hier<\/a>). Seit etwa einem halben Jahr geisterte eine\u00a0Fortsetzung\u00a0in meinem Kopf herum, die weniger mit Geruch als mehr \u00a0mit hartem Alltag zu tun haben sollte, aber auch inhaltlich an die vorangegangene Geschichte ankn\u00fcpfen sollte. Und da ist sie nun. Im \u00fcbrigen habe ich noch einige Aspekte die ich gerne so durch den Fleischwolf drehen m\u00f6chte.<\/em><\/p>\n<p>&nbsp;<\/p>\n<p>Es ist Winter geworden in unserem kleinem Dorf, bei der Pfalz. Die Ernte war recht annehmbar \u00a0und der Winter bisher recht mild und trocken gewesen . Vielleicht hatte man ja Gl\u00fcck und k\u00f6nnte den Winter ohne gr\u00f6\u00dfere Sch\u00e4den \u00fcberstehen.<br \/>\nMit Epiphanias war die Weihnachtszeit und die damit verbundene, auferlegte Ruhe des Dorfes vorbei. Alles ging wieder seinen \u00fcblichen T\u00e4tigkeiten nach.<\/p>\n<p>Am gestrigen Nachmittag hatte es das erstmals begonnen zu schneien und nun, zum Morgengrauen, fallen noch immer vereinzelte Flocken. Doch das Dorf schl\u00e4ft nicht mehr. Einige M\u00e4nner haben bereits die H\u00e4user verlassen. Die meisten sind in verschlissene, dicke M\u00e4ntel geh\u00fcllt. Um den K\u00f6rper haben sie dicke Taue gebunden und Lumpen um die Schuhe gewickelt. Sie gehe zu einem Unterstand und holen vier Ochsen, die sie an Seilen heraus zerren. Man spricht nicht. Wieso auch? Ein Fernsehprogramm des gestrigen Abends \u00fcber das man sich unterhalten k\u00f6nnte gab es noch nicht und was zu tun war wei\u00df jeder.Ein Ochse l\u00e4uft nicht richtig. Er hat einen Hufschuh verloren. Er muss hier bleiben und neu beschlagen werden. Einer der M\u00e4nner geht hin\u00fcber zum Schmied der gerade die Esse f\u00fcr den Tag vorbereitet und gibt bescheid.<\/p>\n<p><a href=\"https:\/\/i0.wp.com\/www.tribur.de\/blog\/wp-content\/uploads\/2013\/01\/winter1.jpg?ssl=1\"><img data-recalc-dims=\"1\" loading=\"lazy\" decoding=\"async\" class=\"aligncenter size-full wp-image-23351\" alt=\"winter1\" src=\"https:\/\/i0.wp.com\/www.tribur.de\/blog\/wp-content\/uploads\/2013\/01\/winter1.jpg?resize=560%2C260&#038;ssl=1\" width=\"560\" height=\"260\" srcset=\"https:\/\/i0.wp.com\/www.tribur.de\/blog\/wp-content\/uploads\/2013\/01\/winter1.jpg?w=560&amp;ssl=1 560w, https:\/\/i0.wp.com\/www.tribur.de\/blog\/wp-content\/uploads\/2013\/01\/winter1.jpg?resize=300%2C139&amp;ssl=1 300w\" sizes=\"auto, (max-width: 560px) 100vw, 560px\" \/><\/a><\/p>\n<p>Hinter einen der Ochsen wird ein kleiner Karren gespannt. Fackeln, einige einfache Speere, \u00c4xte, Beile und weitere Taue werden darauf verstaut. Mit Feinden muss man hier, in mitten des Reiches, nicht rechenen. Aber W\u00f6lfe und andere Tiere gibt es die gef\u00e4hrlich werden k\u00f6nnten.<br \/>\nLangsam setzt sich der kleine Tross in Bewegung zieht \u00fcber die Br\u00fccke, vorbei am Hof und vorbei an dem Lager wo die Fremden untergebracht sind die f\u00fcr den K\u00f6nig hier eine Kirche bauen. Dort ist es noch ruhig. Wenn die Lebensmittel diesen Winter nicht reichen sollten, dann wegen der Fremden, die mitverk\u00f6stigt werden m\u00fcssen.<\/p>\n<p>Die M\u00e4nner entz\u00fcnden zwei Fackeln, verlassen das Siedlungsgebiet und ziehen der D\u00e4mmerung entgegen. Vorbei zieht der Trupp an den kahlen Obstb\u00e4umen \u00fcber die zugeschneiten, nicht sichtbaren Wege. Doch die kennen sie gut. Als es langsam hell wird passiert der Trupp den n\u00e4chsten kleinen Ort der wo sich einige kleine H\u00fctten um das Haus des Forestarius gruppieren. Dieser wartet bereits auf die M\u00e4nner. Einige Tage zuvor war er mit den Fremden in den Wald gegangen und hat mit ihnen einige Eichen markiert die diese f\u00fcr den Kirchenbau ben\u00f6tigen.<\/p>\n<p>Nach fast 3 Stunden Marsch durch Schnee und K\u00e4lte hat man das Ziel erreicht. Den dichten Wald des K\u00f6nigs, wo sie die Eichen schlagen und abtransportieren sollen.<\/p>\n<p>Die Eichen stehen an einer Lichtung an der bereits vor einiger Zeit B\u00e4ume geschlagen wurden und ein kleiner Unterstand errichtet wurde. Hier findet sich auch ein wenig trockenes Feuerholz das einer der M\u00e4nner nutzt um ein kleines Feuer zu entz\u00fcnden, w\u00e4hrend die anderen sich bereits an die Arbeit machen. Der Forestarius hat sich eine Lanze gegriffen ,denn \u00a0der Wald ist zu dicht um mit dem Bogen schnell auf wilde Tiere zu reagieren. Es wird ruhig bleiben, nur ein Hirsch verirrt sich in die N\u00e4he der M\u00e4nner und verschwindet wieder im Wald.Er wird aber auch darauf achten das die M\u00e4nner nicht wildern oder Fallen aufstellen.<\/p>\n<p><a href=\"https:\/\/i0.wp.com\/www.tribur.de\/blog\/wp-content\/uploads\/2013\/01\/winter2.jpg?ssl=1\"><img data-recalc-dims=\"1\" loading=\"lazy\" decoding=\"async\" class=\"aligncenter size-full wp-image-23353\" alt=\"winter2\" src=\"https:\/\/i0.wp.com\/www.tribur.de\/blog\/wp-content\/uploads\/2013\/01\/winter2.jpg?resize=560%2C260&#038;ssl=1\" width=\"560\" height=\"260\" srcset=\"https:\/\/i0.wp.com\/www.tribur.de\/blog\/wp-content\/uploads\/2013\/01\/winter2.jpg?w=560&amp;ssl=1 560w, https:\/\/i0.wp.com\/www.tribur.de\/blog\/wp-content\/uploads\/2013\/01\/winter2.jpg?resize=300%2C139&amp;ssl=1 300w\" sizes=\"auto, (max-width: 560px) 100vw, 560px\" \/><\/a><\/p>\n<p>W\u00e4hrend endlich der letzte Baum entastet wird, bereitet einer der M\u00e4nner ein Mahl aus Getreideschrot und etwas ranzig riechender Butter zu, die in einem Topf zu einem dicken Brei verr\u00fchrt wird. Bevor man den Wald wieder verl\u00e4sst wird man sich noch st\u00e4rken.<\/p>\n<p>Mit den dicken Tauen bindet man die St\u00e4mme an die Ochsen und langsam setzt sich der Zug in Bewegung. Als man den Waldrand erreicht kann man im Westen gerade noch durch den wolkenverhangenen Himmel den Sonnenuntergang erahnen.<br \/>\nAls der Forestarius sich von dem Transport wieder verabschiedet ist es merklich dunkel geworden und es beginnt wieder zu schneien. Man entz\u00fcndet wieder Fackeln. Keine Minute zu sp\u00e4t, den der leichte Schneefall verwandelt sich in einen Schneesturm.<br \/>\nDie Ochsen sind st\u00f6rrisch im Sturm. Die M\u00e4nner zerren an den Seilen schlagen sie mit St\u00f6cken. Es geht nur langsam voran, doch sie m\u00fcssen sich beeilen. Die K\u00e4lte kann t\u00f6ten.<br \/>\n2 Stunden k\u00e4mpfen sie sich nun schon durch den Schnee. Die Laune ist auf dem Tiefpunkt. Es gibt kein Licht das ihnen den Weg weisen k\u00f6nnte. Doch erkennen sie einen heller werden Schimmer in der Wand aus Schnee.<br \/>\nEs sind einige der Fremden die ihnen mit Lampen entgegen gekommen sind.<\/p>\n<p>Gemeinsam legt man die restliche Strecke zur\u00fcck. Die St\u00e4mme werden an der Baustelle abgeladen, die Ochsen ausgespannt und \u00fcber die Br\u00fccke in ihre Stallung zur\u00fcckgebracht. Sie m\u00fcssen noch mit Heu versorgt werden bevor die M\u00e4nner ersch\u00f6pft in ihre H\u00fctten zur\u00fcck kehren k\u00f6nnen. Morgen fr\u00fch werden sie wieder aufbrechen. Vielleicht schneit es dann nicht mehr.<\/p>\n<p>&nbsp;<\/p>\n<p>&nbsp;<\/p>\n","protected":false},"excerpt":{"rendered":"<p>2009 hatte ich eine &#8222;Geruchsreise&#8220; ins (Fr\u00fch)Mittelalter geschrieben (hier). Seit etwa einem halben Jahr geisterte eine\u00a0Fortsetzung\u00a0in meinem Kopf herum, die weniger mit Geruch als mehr \u00a0mit hartem Alltag zu tun haben sollte, aber auch&#46;&#46;&#46;<\/p>\n","protected":false},"author":2,"featured_media":0,"comment_status":"open","ping_status":"open","sticky":false,"template":"","format":"standard","meta":{"jetpack_post_was_ever_published":false,"_jetpack_newsletter_access":"","_jetpack_dont_email_post_to_subs":false,"_jetpack_newsletter_tier_id":0,"_jetpack_memberships_contains_paywalled_content":false,"_jetpack_memberships_contains_paid_content":false,"footnotes":"","jetpack_publicize_message":"","jetpack_publicize_feature_enabled":true,"jetpack_social_post_already_shared":true,"jetpack_social_options":{"image_generator_settings":{"template":"highway","default_image_id":0,"font":"","enabled":false},"version":2}},"categories":[1],"tags":[],"class_list":["post-23320","post","type-post","status-publish","format-standard","hentry","category-geschichte"],"yoast_head":"<!-- This site is optimized with the Yoast SEO plugin v27.5 - https:\/\/yoast.com\/product\/yoast-seo-wordpress\/ -->\n<title>Ein winterlicher Besuch in einem Pfalzvicus - Tribur.de<\/title>\n<meta name=\"robots\" content=\"index, follow, max-snippet:-1, max-image-preview:large, max-video-preview:-1\" \/>\n<link rel=\"canonical\" href=\"https:\/\/www.tribur.de\/blog\/2013\/01\/22\/ein-winterlicher-besuch-in-einem-pfalzvicus\/\" \/>\n<meta property=\"og:locale\" content=\"de_DE\" \/>\n<meta property=\"og:type\" content=\"article\" \/>\n<meta property=\"og:title\" content=\"Ein winterlicher Besuch in einem Pfalzvicus - Tribur.de\" \/>\n<meta property=\"og:description\" content=\"2009 hatte ich eine &#8222;Geruchsreise&#8220; ins (Fr\u00fch)Mittelalter geschrieben (hier). Seit etwa einem halben Jahr geisterte eine\u00a0Fortsetzung\u00a0in meinem Kopf herum, die weniger mit Geruch als mehr \u00a0mit hartem Alltag zu tun haben sollte, aber auch&#046;&#046;&#046;\" \/>\n<meta property=\"og:url\" content=\"https:\/\/www.tribur.de\/blog\/2013\/01\/22\/ein-winterlicher-besuch-in-einem-pfalzvicus\/\" \/>\n<meta property=\"og:site_name\" content=\"Tribur.de\" \/>\n<meta property=\"article:publisher\" content=\"http:\/\/www.facebook.com\/pages\/Triburde\/184352328288771\" \/>\n<meta property=\"article:author\" content=\"http:\/\/www.facebook.com\/pages\/Triburde\/184352328288771\" \/>\n<meta property=\"article:published_time\" content=\"2013-01-22T10:11:58+00:00\" \/>\n<meta property=\"og:image\" content=\"http:\/\/www.tribur.de\/blog\/wp-content\/uploads\/2013\/01\/winter1.jpg\" \/>\n<meta name=\"author\" content=\"Markus Zwittmeier\" \/>\n<meta name=\"twitter:card\" content=\"summary_large_image\" \/>\n<meta name=\"twitter:creator\" content=\"@https:\/\/twitter.com\/tribur\" \/>\n<meta name=\"twitter:site\" content=\"@tribur\" \/>\n<meta name=\"twitter:label1\" content=\"Verfasst von\" \/>\n\t<meta name=\"twitter:data1\" content=\"Markus Zwittmeier\" \/>\n\t<meta name=\"twitter:label2\" content=\"Gesch\u00e4tzte Lesezeit\" \/>\n\t<meta name=\"twitter:data2\" content=\"4\u00a0Minuten\" \/>\n<script type=\"application\/ld+json\" class=\"yoast-schema-graph\">{\"@context\":\"https:\\\/\\\/schema.org\",\"@graph\":[{\"@type\":\"Article\",\"@id\":\"https:\\\/\\\/www.tribur.de\\\/blog\\\/2013\\\/01\\\/22\\\/ein-winterlicher-besuch-in-einem-pfalzvicus\\\/#article\",\"isPartOf\":{\"@id\":\"https:\\\/\\\/www.tribur.de\\\/blog\\\/2013\\\/01\\\/22\\\/ein-winterlicher-besuch-in-einem-pfalzvicus\\\/\"},\"author\":{\"name\":\"Markus Zwittmeier\",\"@id\":\"https:\\\/\\\/www.tribur.de\\\/blog\\\/#\\\/schema\\\/person\\\/3119997f09f43791809c2d1af27bba6c\"},\"headline\":\"Ein winterlicher Besuch in einem Pfalzvicus\",\"datePublished\":\"2013-01-22T10:11:58+00:00\",\"mainEntityOfPage\":{\"@id\":\"https:\\\/\\\/www.tribur.de\\\/blog\\\/2013\\\/01\\\/22\\\/ein-winterlicher-besuch-in-einem-pfalzvicus\\\/\"},\"wordCount\":900,\"commentCount\":2,\"publisher\":{\"@id\":\"https:\\\/\\\/www.tribur.de\\\/blog\\\/#\\\/schema\\\/person\\\/3119997f09f43791809c2d1af27bba6c\"},\"image\":{\"@id\":\"https:\\\/\\\/www.tribur.de\\\/blog\\\/2013\\\/01\\\/22\\\/ein-winterlicher-besuch-in-einem-pfalzvicus\\\/#primaryimage\"},\"thumbnailUrl\":\"http:\\\/\\\/www.tribur.de\\\/blog\\\/wp-content\\\/uploads\\\/2013\\\/01\\\/winter1.jpg\",\"articleSection\":[\"Geschichte\"],\"inLanguage\":\"de\",\"potentialAction\":[{\"@type\":\"CommentAction\",\"name\":\"Comment\",\"target\":[\"https:\\\/\\\/www.tribur.de\\\/blog\\\/2013\\\/01\\\/22\\\/ein-winterlicher-besuch-in-einem-pfalzvicus\\\/#respond\"]}]},{\"@type\":\"WebPage\",\"@id\":\"https:\\\/\\\/www.tribur.de\\\/blog\\\/2013\\\/01\\\/22\\\/ein-winterlicher-besuch-in-einem-pfalzvicus\\\/\",\"url\":\"https:\\\/\\\/www.tribur.de\\\/blog\\\/2013\\\/01\\\/22\\\/ein-winterlicher-besuch-in-einem-pfalzvicus\\\/\",\"name\":\"Ein winterlicher Besuch in einem Pfalzvicus - Tribur.de\",\"isPartOf\":{\"@id\":\"https:\\\/\\\/www.tribur.de\\\/blog\\\/#website\"},\"primaryImageOfPage\":{\"@id\":\"https:\\\/\\\/www.tribur.de\\\/blog\\\/2013\\\/01\\\/22\\\/ein-winterlicher-besuch-in-einem-pfalzvicus\\\/#primaryimage\"},\"image\":{\"@id\":\"https:\\\/\\\/www.tribur.de\\\/blog\\\/2013\\\/01\\\/22\\\/ein-winterlicher-besuch-in-einem-pfalzvicus\\\/#primaryimage\"},\"thumbnailUrl\":\"http:\\\/\\\/www.tribur.de\\\/blog\\\/wp-content\\\/uploads\\\/2013\\\/01\\\/winter1.jpg\",\"datePublished\":\"2013-01-22T10:11:58+00:00\",\"breadcrumb\":{\"@id\":\"https:\\\/\\\/www.tribur.de\\\/blog\\\/2013\\\/01\\\/22\\\/ein-winterlicher-besuch-in-einem-pfalzvicus\\\/#breadcrumb\"},\"inLanguage\":\"de\",\"potentialAction\":[{\"@type\":\"ReadAction\",\"target\":[\"https:\\\/\\\/www.tribur.de\\\/blog\\\/2013\\\/01\\\/22\\\/ein-winterlicher-besuch-in-einem-pfalzvicus\\\/\"]}]},{\"@type\":\"ImageObject\",\"inLanguage\":\"de\",\"@id\":\"https:\\\/\\\/www.tribur.de\\\/blog\\\/2013\\\/01\\\/22\\\/ein-winterlicher-besuch-in-einem-pfalzvicus\\\/#primaryimage\",\"url\":\"https:\\\/\\\/i0.wp.com\\\/www.tribur.de\\\/blog\\\/wp-content\\\/uploads\\\/2013\\\/01\\\/winter1.jpg?fit=560%2C260&ssl=1\",\"contentUrl\":\"https:\\\/\\\/i0.wp.com\\\/www.tribur.de\\\/blog\\\/wp-content\\\/uploads\\\/2013\\\/01\\\/winter1.jpg?fit=560%2C260&ssl=1\",\"width\":560,\"height\":260},{\"@type\":\"BreadcrumbList\",\"@id\":\"https:\\\/\\\/www.tribur.de\\\/blog\\\/2013\\\/01\\\/22\\\/ein-winterlicher-besuch-in-einem-pfalzvicus\\\/#breadcrumb\",\"itemListElement\":[{\"@type\":\"ListItem\",\"position\":1,\"name\":\"Home\",\"item\":\"https:\\\/\\\/www.tribur.de\\\/blog\\\/\"},{\"@type\":\"ListItem\",\"position\":2,\"name\":\"Ein winterlicher Besuch in einem Pfalzvicus\"}]},{\"@type\":\"WebSite\",\"@id\":\"https:\\\/\\\/www.tribur.de\\\/blog\\\/#website\",\"url\":\"https:\\\/\\\/www.tribur.de\\\/blog\\\/\",\"name\":\"Tribur.de\",\"description\":\"Tribur.de - Geschichte und so Zeugs\",\"publisher\":{\"@id\":\"https:\\\/\\\/www.tribur.de\\\/blog\\\/#\\\/schema\\\/person\\\/3119997f09f43791809c2d1af27bba6c\"},\"potentialAction\":[{\"@type\":\"SearchAction\",\"target\":{\"@type\":\"EntryPoint\",\"urlTemplate\":\"https:\\\/\\\/www.tribur.de\\\/blog\\\/?s={search_term_string}\"},\"query-input\":{\"@type\":\"PropertyValueSpecification\",\"valueRequired\":true,\"valueName\":\"search_term_string\"}}],\"inLanguage\":\"de\"},{\"@type\":[\"Person\",\"Organization\"],\"@id\":\"https:\\\/\\\/www.tribur.de\\\/blog\\\/#\\\/schema\\\/person\\\/3119997f09f43791809c2d1af27bba6c\",\"name\":\"Markus Zwittmeier\",\"image\":{\"@type\":\"ImageObject\",\"inLanguage\":\"de\",\"@id\":\"https:\\\/\\\/i0.wp.com\\\/www.tribur.de\\\/blog\\\/wp-content\\\/uploads\\\/2018\\\/09\\\/cropped-logotest-4.jpg?fit=200%2C200&ssl=1\",\"url\":\"https:\\\/\\\/i0.wp.com\\\/www.tribur.de\\\/blog\\\/wp-content\\\/uploads\\\/2018\\\/09\\\/cropped-logotest-4.jpg?fit=200%2C200&ssl=1\",\"contentUrl\":\"https:\\\/\\\/i0.wp.com\\\/www.tribur.de\\\/blog\\\/wp-content\\\/uploads\\\/2018\\\/09\\\/cropped-logotest-4.jpg?fit=200%2C200&ssl=1\",\"width\":200,\"height\":200,\"caption\":\"Markus Zwittmeier\"},\"logo\":{\"@id\":\"https:\\\/\\\/i0.wp.com\\\/www.tribur.de\\\/blog\\\/wp-content\\\/uploads\\\/2018\\\/09\\\/cropped-logotest-4.jpg?fit=200%2C200&ssl=1\"},\"sameAs\":[\"http:\\\/\\\/www.Tribur.de\",\"http:\\\/\\\/www.facebook.com\\\/pages\\\/Triburde\\\/184352328288771\",\"https:\\\/\\\/www.instagram.com\\\/tribur.de\\\/\",\"https:\\\/\\\/x.com\\\/https:\\\/\\\/twitter.com\\\/tribur\",\"https:\\\/\\\/www.youtube.com\\\/channel\\\/UCnEonou-x6_P4XPjBk2htCA\"],\"url\":\"https:\\\/\\\/www.tribur.de\\\/blog\\\/author\\\/markus\\\/\"}]}<\/script>\n<!-- \/ Yoast SEO plugin. -->","yoast_head_json":{"title":"Ein winterlicher Besuch in einem Pfalzvicus - Tribur.de","robots":{"index":"index","follow":"follow","max-snippet":"max-snippet:-1","max-image-preview":"max-image-preview:large","max-video-preview":"max-video-preview:-1"},"canonical":"https:\/\/www.tribur.de\/blog\/2013\/01\/22\/ein-winterlicher-besuch-in-einem-pfalzvicus\/","og_locale":"de_DE","og_type":"article","og_title":"Ein winterlicher Besuch in einem Pfalzvicus - Tribur.de","og_description":"2009 hatte ich eine &#8222;Geruchsreise&#8220; ins (Fr\u00fch)Mittelalter geschrieben (hier). Seit etwa einem halben Jahr geisterte eine\u00a0Fortsetzung\u00a0in meinem Kopf herum, die weniger mit Geruch als mehr \u00a0mit hartem Alltag zu tun haben sollte, aber auch&#46;&#46;&#46;","og_url":"https:\/\/www.tribur.de\/blog\/2013\/01\/22\/ein-winterlicher-besuch-in-einem-pfalzvicus\/","og_site_name":"Tribur.de","article_publisher":"http:\/\/www.facebook.com\/pages\/Triburde\/184352328288771","article_author":"http:\/\/www.facebook.com\/pages\/Triburde\/184352328288771","article_published_time":"2013-01-22T10:11:58+00:00","og_image":[{"url":"http:\/\/www.tribur.de\/blog\/wp-content\/uploads\/2013\/01\/winter1.jpg","type":"","width":"","height":""}],"author":"Markus Zwittmeier","twitter_card":"summary_large_image","twitter_creator":"@https:\/\/twitter.com\/tribur","twitter_site":"@tribur","twitter_misc":{"Verfasst von":"Markus Zwittmeier","Gesch\u00e4tzte Lesezeit":"4\u00a0Minuten"},"schema":{"@context":"https:\/\/schema.org","@graph":[{"@type":"Article","@id":"https:\/\/www.tribur.de\/blog\/2013\/01\/22\/ein-winterlicher-besuch-in-einem-pfalzvicus\/#article","isPartOf":{"@id":"https:\/\/www.tribur.de\/blog\/2013\/01\/22\/ein-winterlicher-besuch-in-einem-pfalzvicus\/"},"author":{"name":"Markus Zwittmeier","@id":"https:\/\/www.tribur.de\/blog\/#\/schema\/person\/3119997f09f43791809c2d1af27bba6c"},"headline":"Ein winterlicher Besuch in einem Pfalzvicus","datePublished":"2013-01-22T10:11:58+00:00","mainEntityOfPage":{"@id":"https:\/\/www.tribur.de\/blog\/2013\/01\/22\/ein-winterlicher-besuch-in-einem-pfalzvicus\/"},"wordCount":900,"commentCount":2,"publisher":{"@id":"https:\/\/www.tribur.de\/blog\/#\/schema\/person\/3119997f09f43791809c2d1af27bba6c"},"image":{"@id":"https:\/\/www.tribur.de\/blog\/2013\/01\/22\/ein-winterlicher-besuch-in-einem-pfalzvicus\/#primaryimage"},"thumbnailUrl":"http:\/\/www.tribur.de\/blog\/wp-content\/uploads\/2013\/01\/winter1.jpg","articleSection":["Geschichte"],"inLanguage":"de","potentialAction":[{"@type":"CommentAction","name":"Comment","target":["https:\/\/www.tribur.de\/blog\/2013\/01\/22\/ein-winterlicher-besuch-in-einem-pfalzvicus\/#respond"]}]},{"@type":"WebPage","@id":"https:\/\/www.tribur.de\/blog\/2013\/01\/22\/ein-winterlicher-besuch-in-einem-pfalzvicus\/","url":"https:\/\/www.tribur.de\/blog\/2013\/01\/22\/ein-winterlicher-besuch-in-einem-pfalzvicus\/","name":"Ein winterlicher Besuch in einem Pfalzvicus - Tribur.de","isPartOf":{"@id":"https:\/\/www.tribur.de\/blog\/#website"},"primaryImageOfPage":{"@id":"https:\/\/www.tribur.de\/blog\/2013\/01\/22\/ein-winterlicher-besuch-in-einem-pfalzvicus\/#primaryimage"},"image":{"@id":"https:\/\/www.tribur.de\/blog\/2013\/01\/22\/ein-winterlicher-besuch-in-einem-pfalzvicus\/#primaryimage"},"thumbnailUrl":"http:\/\/www.tribur.de\/blog\/wp-content\/uploads\/2013\/01\/winter1.jpg","datePublished":"2013-01-22T10:11:58+00:00","breadcrumb":{"@id":"https:\/\/www.tribur.de\/blog\/2013\/01\/22\/ein-winterlicher-besuch-in-einem-pfalzvicus\/#breadcrumb"},"inLanguage":"de","potentialAction":[{"@type":"ReadAction","target":["https:\/\/www.tribur.de\/blog\/2013\/01\/22\/ein-winterlicher-besuch-in-einem-pfalzvicus\/"]}]},{"@type":"ImageObject","inLanguage":"de","@id":"https:\/\/www.tribur.de\/blog\/2013\/01\/22\/ein-winterlicher-besuch-in-einem-pfalzvicus\/#primaryimage","url":"https:\/\/i0.wp.com\/www.tribur.de\/blog\/wp-content\/uploads\/2013\/01\/winter1.jpg?fit=560%2C260&ssl=1","contentUrl":"https:\/\/i0.wp.com\/www.tribur.de\/blog\/wp-content\/uploads\/2013\/01\/winter1.jpg?fit=560%2C260&ssl=1","width":560,"height":260},{"@type":"BreadcrumbList","@id":"https:\/\/www.tribur.de\/blog\/2013\/01\/22\/ein-winterlicher-besuch-in-einem-pfalzvicus\/#breadcrumb","itemListElement":[{"@type":"ListItem","position":1,"name":"Home","item":"https:\/\/www.tribur.de\/blog\/"},{"@type":"ListItem","position":2,"name":"Ein winterlicher Besuch in einem Pfalzvicus"}]},{"@type":"WebSite","@id":"https:\/\/www.tribur.de\/blog\/#website","url":"https:\/\/www.tribur.de\/blog\/","name":"Tribur.de","description":"Tribur.de - Geschichte und so Zeugs","publisher":{"@id":"https:\/\/www.tribur.de\/blog\/#\/schema\/person\/3119997f09f43791809c2d1af27bba6c"},"potentialAction":[{"@type":"SearchAction","target":{"@type":"EntryPoint","urlTemplate":"https:\/\/www.tribur.de\/blog\/?s={search_term_string}"},"query-input":{"@type":"PropertyValueSpecification","valueRequired":true,"valueName":"search_term_string"}}],"inLanguage":"de"},{"@type":["Person","Organization"],"@id":"https:\/\/www.tribur.de\/blog\/#\/schema\/person\/3119997f09f43791809c2d1af27bba6c","name":"Markus Zwittmeier","image":{"@type":"ImageObject","inLanguage":"de","@id":"https:\/\/i0.wp.com\/www.tribur.de\/blog\/wp-content\/uploads\/2018\/09\/cropped-logotest-4.jpg?fit=200%2C200&ssl=1","url":"https:\/\/i0.wp.com\/www.tribur.de\/blog\/wp-content\/uploads\/2018\/09\/cropped-logotest-4.jpg?fit=200%2C200&ssl=1","contentUrl":"https:\/\/i0.wp.com\/www.tribur.de\/blog\/wp-content\/uploads\/2018\/09\/cropped-logotest-4.jpg?fit=200%2C200&ssl=1","width":200,"height":200,"caption":"Markus Zwittmeier"},"logo":{"@id":"https:\/\/i0.wp.com\/www.tribur.de\/blog\/wp-content\/uploads\/2018\/09\/cropped-logotest-4.jpg?fit=200%2C200&ssl=1"},"sameAs":["http:\/\/www.Tribur.de","http:\/\/www.facebook.com\/pages\/Triburde\/184352328288771","https:\/\/www.instagram.com\/tribur.de\/","https:\/\/x.com\/https:\/\/twitter.com\/tribur","https:\/\/www.youtube.com\/channel\/UCnEonou-x6_P4XPjBk2htCA"],"url":"https:\/\/www.tribur.de\/blog\/author\/markus\/"}]}},"jetpack_publicize_connections":[],"jetpack_featured_media_url":"","jetpack_shortlink":"https:\/\/wp.me\/p1mHPu-648","jetpack_sharing_enabled":true,"_links":{"self":[{"href":"https:\/\/www.tribur.de\/blog\/wp-json\/wp\/v2\/posts\/23320","targetHints":{"allow":["GET"]}}],"collection":[{"href":"https:\/\/www.tribur.de\/blog\/wp-json\/wp\/v2\/posts"}],"about":[{"href":"https:\/\/www.tribur.de\/blog\/wp-json\/wp\/v2\/types\/post"}],"author":[{"embeddable":true,"href":"https:\/\/www.tribur.de\/blog\/wp-json\/wp\/v2\/users\/2"}],"replies":[{"embeddable":true,"href":"https:\/\/www.tribur.de\/blog\/wp-json\/wp\/v2\/comments?post=23320"}],"version-history":[{"count":26,"href":"https:\/\/www.tribur.de\/blog\/wp-json\/wp\/v2\/posts\/23320\/revisions"}],"predecessor-version":[{"id":23392,"href":"https:\/\/www.tribur.de\/blog\/wp-json\/wp\/v2\/posts\/23320\/revisions\/23392"}],"wp:attachment":[{"href":"https:\/\/www.tribur.de\/blog\/wp-json\/wp\/v2\/media?parent=23320"}],"wp:term":[{"taxonomy":"category","embeddable":true,"href":"https:\/\/www.tribur.de\/blog\/wp-json\/wp\/v2\/categories?post=23320"},{"taxonomy":"post_tag","embeddable":true,"href":"https:\/\/www.tribur.de\/blog\/wp-json\/wp\/v2\/tags?post=23320"}],"curies":[{"name":"wp","href":"https:\/\/api.w.org\/{rel}","templated":true}]}}