{"id":22949,"date":"2012-12-18T10:33:53","date_gmt":"2012-12-18T09:33:53","guid":{"rendered":"http:\/\/www.tribur.de\/blog\/?p=22949"},"modified":"2012-12-18T10:33:53","modified_gmt":"2012-12-18T09:33:53","slug":"die-pfalz-an-st-emmeram-nach-piendl-teil-1","status":"publish","type":"post","link":"https:\/\/www.tribur.de\/blog\/2012\/12\/18\/die-pfalz-an-st-emmeram-nach-piendl-teil-1\/","title":{"rendered":"Die Pfalz an St. Emmeram nach Piendl &#8211; Teil 1"},"content":{"rendered":"<p>Schon lange hatte ich nach Informationen von Arnulf von K\u00e4rntens Pfalz bei St. Emmeram gesucht. Das warum werde ich im Fazit in einigen Tagen erl\u00e4utern. Doch die vorhandene Literatur war mehr als d\u00fcrftig. Als ich nun in Regensburg war kaufte ich mir den Band 2 der Thurn-und-Taxis-Studien, der wenn auch von 1962, einen Beitrag von Max Piendl zu eben jener Pfalz enth\u00e4lt. Zwar \u00fcbersah Piendl das die \u00e4ltere Pfalz am Kornmarkt im 11. Jahrhundert durch Heinrich II. wohl wieder hergerichtet wurde, weshalb der Regensburger M\u00f6nch Otloh sie auch wieder pomp\u00f6s beschreibt, sie gillt aber was St. Emmeram angeht wohl noch immer als Ma\u00df der Dinge.<\/p>\n<p>Die einzige Beschreibung zur Ortslage der Pfalz notiert ein Chronist lapidar mit &#8222;in vincinitate&#8220;, in der Nachbarschaft zu St. Emmeram. Doch das heutige St. Emmeram ist gro\u00df, wirklich gro\u00df!<\/p>\n<p>Piendls Suche nach der Pfalz Arnulfs beginnt beim Kupferstich &#8222;heiliger Marterberg&#8220; der das Kloster zeigt und dabei mit dem\u00a0Buchstaben\u00a0&#8222;I&#8220; ein Ort markiert ist, der mit &#8222;Des Kayser Arnolphi Residenz, anieczo des Kayserl. Plenipotentarii&#8220; beschrieben wird. Weiter f\u00fchrt er aus, dass Arnulf mit Sicherheit ein Vorbild f\u00fcr seine Anlage hatte, wobei er die\u00a0Wahrscheinlichkeit\u00a0f\u00fcr ein lokales Vorbild am ehesten gegeben sieht. Er verweist auf die \u00e4ltere Anlage am Kornmarkt und die Lage der &#8222;Herzogspfalz&#8220; im rechten Winkel zur Alten Kapelle. Wie ich k\u00fcrzlich schon schrieb, sieht auch er die Herzogspfalz als Nachfolgebau der urspr\u00fcnglichen agilofingischen Pfalz. \u00a0Als m\u00f6glichen weiteren Hinweis nennt er die Rechtwinkligkeit der Pfalzanlage Heinrich II. in Bamberg.<\/p>\n<div id=\"attachment_22968\" style=\"width: 570px\" class=\"wp-caption aligncenter\"><a href=\"https:\/\/i0.wp.com\/www.tribur.de\/blog\/wp-content\/uploads\/2012\/12\/emmeram2.jpg?ssl=1\"><img data-recalc-dims=\"1\" loading=\"lazy\" decoding=\"async\" aria-describedby=\"caption-attachment-22968\" class=\"size-full wp-image-22968\" alt=\"Ausschnitt\" src=\"https:\/\/i0.wp.com\/www.tribur.de\/blog\/wp-content\/uploads\/2012\/12\/emmeram2.jpg?resize=560%2C367&#038;ssl=1\" width=\"560\" height=\"367\" srcset=\"https:\/\/i0.wp.com\/www.tribur.de\/blog\/wp-content\/uploads\/2012\/12\/emmeram2.jpg?w=560&amp;ssl=1 560w, https:\/\/i0.wp.com\/www.tribur.de\/blog\/wp-content\/uploads\/2012\/12\/emmeram2.jpg?resize=300%2C196&amp;ssl=1 300w\" sizes=\"auto, (max-width: 560px) 100vw, 560px\" \/><\/a><p id=\"caption-attachment-22968\" class=\"wp-caption-text\">Ausschnitt aus dem &#8222;Heiligen Marterberg&#8220; 1721, rechts Eingangsportal mit Weg hin zur Vorhalle, auf dem auch das I zu finden ist<\/p><\/div>\n<p>Aus diesen Informationen schlie\u00dft Piendl nun, ich hab es im Vorfeld nicht anders gemacht, die Pfalz sollte im rechten Winkel von der St. Emmeramsbasilika abgezweigt sein und von der Vorhalle der Kirche bis zum gotischen Eingangsportals des Hofes gereicht \u00a0haben. Gerade diese zwei Bauteile sind es dann auch die Piendls Aufmerksamkeit widerf\u00e4hrt.<\/p>\n<div id=\"attachment_22884\" style=\"width: 310px\" class=\"wp-caption alignleft\"><a href=\"https:\/\/i0.wp.com\/www.tribur.de\/blog\/wp-content\/uploads\/2012\/12\/emmeram1.jpg?ssl=1\"><img data-recalc-dims=\"1\" loading=\"lazy\" decoding=\"async\" aria-describedby=\"caption-attachment-22884\" class=\"size-full wp-image-22884\" alt=\"gotisches Portal zur Kirche hin\" src=\"https:\/\/i0.wp.com\/www.tribur.de\/blog\/wp-content\/uploads\/2012\/12\/emmeram1.jpg?resize=300%2C229&#038;ssl=1\" width=\"300\" height=\"229\" \/><\/a><p id=\"caption-attachment-22884\" class=\"wp-caption-text\">gotisches Portal zur Kirche hin<\/p><\/div>\n<p>Das gotische Eingangsportal, wohl um 1250 geschaffen, hatte auf mich bei meinem Besuch schon ein ganz eigent\u00fcmlichen Eindruck gemacht.<br \/>\nVon der Stra\u00dfe her hat man das Gef\u00fchl auf eine gotische Version der Lorscher Torhalle zu blicken. Zweigeschossig gegliedert, mit zwei statt drei Portalen und massiv wirkend. Durchschreitet man das Portal merkt man , dass man einem Blender aufsitzt, denn das vermeindliche Tor ist nur eine Wand mit Durchg\u00e4ngen! Etwas \u00e4hnliches kenne ich so nicht und ist vom Fake-Gef\u00fchl her am ehesten mit den Schaufassaden der Backsteingotik des Ostseeraums zu vergleichen (siehe Stralsunder Rathaus).<\/p>\n<p>Auch Piendl scheint ganz \u00e4hnlich gedacht zu haben, denn er geht davon aus Torwand in Erinnerung an die Zweigeschossigkeit des ehemalig, hier stehenden Geb\u00e4udes, erinnert. Gleiches gilt f\u00fcr die Vorhalle der Kirche, von der man fr\u00fcher dachte ihre Gew\u00f6lbe seien bereits beim Bau eingest\u00fcrzt. Piendl kann diese Torhalle und die Vorhalle einem zeitlichen Ereignis zuordnen.<br \/>\n1250 hielt sich K\u00f6nig Konrad IV., der Sohn Friedrichs II, zum Weihnachtsfest in St. Emmeram auf, als auf ihn ein Anschlag ver\u00fcbt wurde. Aus Wut \u00fcber diesen Anschlag befahl er die Wohnung in der er sich aufhielt nieder zu rei\u00dfen.<\/p>\n<p>Piendl betrachtet nun die Vorhalle von St. Emmeram, die \u00fcber zwei Conchen in die Kirche f\u00fchrt. Die Pilaster datiert er auf die Zeit der Weihe der Wolfgangskrypta (1052), bei den Conchen jedoch orientiert er sich an Mader, der diese auf sp\u00e4testens ins 11. Jahrhundert, aber wahrscheinlich wesentlich \u00e4lter datiert. Hierzu wird aufgef\u00fchrt das das Mauerwerk der Conchen nicht mit dem Querhaus (1052) direkt verbunden ist, sich in seiner Mauerart unterscheidet und zudem die Durchg\u00e4nge in die Kirche nur unsachgem\u00e4\u00df eingef\u00fcgt wurden, was er dem Baumeister des Westquerhauses mit seiner Krypta nicht zutraut.<br \/>\nDas nun der fehlende Zusammenhang zur Kirche nicht fr\u00fcher auffiel schreibt Piendl dem Fakt zu das man die Conchen keiner Funktion zuordnen konnte. Piendl schlie\u00dft aber das die Conchen der Abschluss einer 2-schiffigen Halle bildeten.<\/p>\n<p><a href=\"https:\/\/i0.wp.com\/www.tribur.de\/blog\/wp-content\/uploads\/2012\/12\/Conchen.jpg?ssl=1\"><img data-recalc-dims=\"1\" loading=\"lazy\" decoding=\"async\" class=\"aligncenter size-full wp-image-22960\" alt=\"Conchen\" src=\"https:\/\/i0.wp.com\/www.tribur.de\/blog\/wp-content\/uploads\/2012\/12\/Conchen.jpg?resize=560%2C380&#038;ssl=1\" width=\"560\" height=\"380\" srcset=\"https:\/\/i0.wp.com\/www.tribur.de\/blog\/wp-content\/uploads\/2012\/12\/Conchen.jpg?w=560&amp;ssl=1 560w, https:\/\/i0.wp.com\/www.tribur.de\/blog\/wp-content\/uploads\/2012\/12\/Conchen.jpg?resize=300%2C203&amp;ssl=1 300w\" sizes=\"auto, (max-width: 560px) 100vw, 560px\" \/><\/a>Piendl sieht nun als weitern Hinweis darauf , das es sich bei Teilen der Vorhalle mit ihren Conchen um den Saalbau, die Aula handelt, die Position des Heinrichsthrons. Dieser befindet sich heute in der Wolfgangskrypta, stand aber bis ins 19. Jahrhundert zwischen den Conchen (Achtung die Bilder wirken nebeneinander etwas seltsam wegen der Perspektiven). Er stand dort unter dem Bildnis des Thronenden Christus.<\/p>\n<p>Morgen (hoffentlich) folgen dann Pl\u00e4ne und weiter Informationen.<\/p>\n<p>&nbsp;<\/p>\n","protected":false},"excerpt":{"rendered":"<p>Schon lange hatte ich nach Informationen von Arnulf von K\u00e4rntens Pfalz bei St. Emmeram gesucht. Das warum werde ich im Fazit in einigen Tagen erl\u00e4utern. Doch die vorhandene Literatur war mehr als d\u00fcrftig. Als&#46;&#46;&#46;<\/p>\n","protected":false},"author":2,"featured_media":0,"comment_status":"open","ping_status":"open","sticky":false,"template":"","format":"standard","meta":{"jetpack_post_was_ever_published":false,"_jetpack_newsletter_access":"","_jetpack_dont_email_post_to_subs":false,"_jetpack_newsletter_tier_id":0,"_jetpack_memberships_contains_paywalled_content":false,"_jetpack_memberships_contains_paid_content":false,"footnotes":"","jetpack_publicize_message":"","jetpack_publicize_feature_enabled":true,"jetpack_social_post_already_shared":true,"jetpack_social_options":{"image_generator_settings":{"template":"highway","default_image_id":0,"font":"","enabled":false},"version":2}},"categories":[1],"tags":[61,11,12,32,35,49],"class_list":["post-22949","post","type-post","status-publish","format-standard","hentry","category-geschichte","tag-architektur","tag-fruhmittelalter","tag-hochmittelalter","tag-karolingisch","tag-pfalz","tag-recherche"],"yoast_head":"<!-- This site is optimized with the Yoast SEO plugin v27.5 - https:\/\/yoast.com\/product\/yoast-seo-wordpress\/ -->\n<title>Die Pfalz an St. Emmeram nach Piendl - Teil 1 - Tribur.de<\/title>\n<meta name=\"robots\" content=\"index, follow, max-snippet:-1, max-image-preview:large, max-video-preview:-1\" \/>\n<link rel=\"canonical\" href=\"https:\/\/www.tribur.de\/blog\/2012\/12\/18\/die-pfalz-an-st-emmeram-nach-piendl-teil-1\/\" \/>\n<meta property=\"og:locale\" content=\"de_DE\" \/>\n<meta property=\"og:type\" content=\"article\" \/>\n<meta property=\"og:title\" content=\"Die Pfalz an St. Emmeram nach Piendl - Teil 1 - Tribur.de\" \/>\n<meta property=\"og:description\" content=\"Schon lange hatte ich nach Informationen von Arnulf von K\u00e4rntens Pfalz bei St. Emmeram gesucht. Das warum werde ich im Fazit in einigen Tagen erl\u00e4utern. Doch die vorhandene Literatur war mehr als d\u00fcrftig. Als&#046;&#046;&#046;\" \/>\n<meta property=\"og:url\" content=\"https:\/\/www.tribur.de\/blog\/2012\/12\/18\/die-pfalz-an-st-emmeram-nach-piendl-teil-1\/\" \/>\n<meta property=\"og:site_name\" content=\"Tribur.de\" \/>\n<meta property=\"article:publisher\" content=\"http:\/\/www.facebook.com\/pages\/Triburde\/184352328288771\" \/>\n<meta property=\"article:author\" content=\"http:\/\/www.facebook.com\/pages\/Triburde\/184352328288771\" \/>\n<meta property=\"article:published_time\" content=\"2012-12-18T09:33:53+00:00\" \/>\n<meta property=\"og:image\" content=\"http:\/\/www.tribur.de\/blog\/wp-content\/uploads\/2012\/12\/emmeram2.jpg\" \/>\n<meta name=\"author\" content=\"Markus Zwittmeier\" \/>\n<meta name=\"twitter:card\" content=\"summary_large_image\" \/>\n<meta name=\"twitter:creator\" content=\"@https:\/\/twitter.com\/tribur\" \/>\n<meta name=\"twitter:site\" content=\"@tribur\" \/>\n<meta name=\"twitter:label1\" content=\"Verfasst von\" \/>\n\t<meta name=\"twitter:data1\" content=\"Markus Zwittmeier\" \/>\n\t<meta name=\"twitter:label2\" content=\"Gesch\u00e4tzte Lesezeit\" \/>\n\t<meta name=\"twitter:data2\" content=\"4\u00a0Minuten\" \/>\n<script type=\"application\/ld+json\" class=\"yoast-schema-graph\">{\"@context\":\"https:\\\/\\\/schema.org\",\"@graph\":[{\"@type\":\"Article\",\"@id\":\"https:\\\/\\\/www.tribur.de\\\/blog\\\/2012\\\/12\\\/18\\\/die-pfalz-an-st-emmeram-nach-piendl-teil-1\\\/#article\",\"isPartOf\":{\"@id\":\"https:\\\/\\\/www.tribur.de\\\/blog\\\/2012\\\/12\\\/18\\\/die-pfalz-an-st-emmeram-nach-piendl-teil-1\\\/\"},\"author\":{\"name\":\"Markus Zwittmeier\",\"@id\":\"https:\\\/\\\/www.tribur.de\\\/blog\\\/#\\\/schema\\\/person\\\/3119997f09f43791809c2d1af27bba6c\"},\"headline\":\"Die Pfalz an St. Emmeram nach Piendl &#8211; Teil 1\",\"datePublished\":\"2012-12-18T09:33:53+00:00\",\"mainEntityOfPage\":{\"@id\":\"https:\\\/\\\/www.tribur.de\\\/blog\\\/2012\\\/12\\\/18\\\/die-pfalz-an-st-emmeram-nach-piendl-teil-1\\\/\"},\"wordCount\":757,\"commentCount\":1,\"publisher\":{\"@id\":\"https:\\\/\\\/www.tribur.de\\\/blog\\\/#\\\/schema\\\/person\\\/3119997f09f43791809c2d1af27bba6c\"},\"image\":{\"@id\":\"https:\\\/\\\/www.tribur.de\\\/blog\\\/2012\\\/12\\\/18\\\/die-pfalz-an-st-emmeram-nach-piendl-teil-1\\\/#primaryimage\"},\"thumbnailUrl\":\"http:\\\/\\\/www.tribur.de\\\/blog\\\/wp-content\\\/uploads\\\/2012\\\/12\\\/emmeram2.jpg\",\"keywords\":[\"Architektur\",\"Fr\u00fchmittelalter\",\"Hochmittelalter\",\"karolingisch\",\"Pfalz\",\"Recherche\"],\"articleSection\":[\"Geschichte\"],\"inLanguage\":\"de\",\"potentialAction\":[{\"@type\":\"CommentAction\",\"name\":\"Comment\",\"target\":[\"https:\\\/\\\/www.tribur.de\\\/blog\\\/2012\\\/12\\\/18\\\/die-pfalz-an-st-emmeram-nach-piendl-teil-1\\\/#respond\"]}]},{\"@type\":\"WebPage\",\"@id\":\"https:\\\/\\\/www.tribur.de\\\/blog\\\/2012\\\/12\\\/18\\\/die-pfalz-an-st-emmeram-nach-piendl-teil-1\\\/\",\"url\":\"https:\\\/\\\/www.tribur.de\\\/blog\\\/2012\\\/12\\\/18\\\/die-pfalz-an-st-emmeram-nach-piendl-teil-1\\\/\",\"name\":\"Die Pfalz an St. Emmeram nach Piendl - Teil 1 - Tribur.de\",\"isPartOf\":{\"@id\":\"https:\\\/\\\/www.tribur.de\\\/blog\\\/#website\"},\"primaryImageOfPage\":{\"@id\":\"https:\\\/\\\/www.tribur.de\\\/blog\\\/2012\\\/12\\\/18\\\/die-pfalz-an-st-emmeram-nach-piendl-teil-1\\\/#primaryimage\"},\"image\":{\"@id\":\"https:\\\/\\\/www.tribur.de\\\/blog\\\/2012\\\/12\\\/18\\\/die-pfalz-an-st-emmeram-nach-piendl-teil-1\\\/#primaryimage\"},\"thumbnailUrl\":\"http:\\\/\\\/www.tribur.de\\\/blog\\\/wp-content\\\/uploads\\\/2012\\\/12\\\/emmeram2.jpg\",\"datePublished\":\"2012-12-18T09:33:53+00:00\",\"breadcrumb\":{\"@id\":\"https:\\\/\\\/www.tribur.de\\\/blog\\\/2012\\\/12\\\/18\\\/die-pfalz-an-st-emmeram-nach-piendl-teil-1\\\/#breadcrumb\"},\"inLanguage\":\"de\",\"potentialAction\":[{\"@type\":\"ReadAction\",\"target\":[\"https:\\\/\\\/www.tribur.de\\\/blog\\\/2012\\\/12\\\/18\\\/die-pfalz-an-st-emmeram-nach-piendl-teil-1\\\/\"]}]},{\"@type\":\"ImageObject\",\"inLanguage\":\"de\",\"@id\":\"https:\\\/\\\/www.tribur.de\\\/blog\\\/2012\\\/12\\\/18\\\/die-pfalz-an-st-emmeram-nach-piendl-teil-1\\\/#primaryimage\",\"url\":\"https:\\\/\\\/i0.wp.com\\\/www.tribur.de\\\/blog\\\/wp-content\\\/uploads\\\/2012\\\/12\\\/emmeram2.jpg?fit=560%2C367&ssl=1\",\"contentUrl\":\"https:\\\/\\\/i0.wp.com\\\/www.tribur.de\\\/blog\\\/wp-content\\\/uploads\\\/2012\\\/12\\\/emmeram2.jpg?fit=560%2C367&ssl=1\",\"width\":560,\"height\":367,\"caption\":\"Ausschnitt\"},{\"@type\":\"BreadcrumbList\",\"@id\":\"https:\\\/\\\/www.tribur.de\\\/blog\\\/2012\\\/12\\\/18\\\/die-pfalz-an-st-emmeram-nach-piendl-teil-1\\\/#breadcrumb\",\"itemListElement\":[{\"@type\":\"ListItem\",\"position\":1,\"name\":\"Home\",\"item\":\"https:\\\/\\\/www.tribur.de\\\/blog\\\/\"},{\"@type\":\"ListItem\",\"position\":2,\"name\":\"Die Pfalz an St. Emmeram nach Piendl &#8211; Teil 1\"}]},{\"@type\":\"WebSite\",\"@id\":\"https:\\\/\\\/www.tribur.de\\\/blog\\\/#website\",\"url\":\"https:\\\/\\\/www.tribur.de\\\/blog\\\/\",\"name\":\"Tribur.de\",\"description\":\"Tribur.de - Geschichte und so Zeugs\",\"publisher\":{\"@id\":\"https:\\\/\\\/www.tribur.de\\\/blog\\\/#\\\/schema\\\/person\\\/3119997f09f43791809c2d1af27bba6c\"},\"potentialAction\":[{\"@type\":\"SearchAction\",\"target\":{\"@type\":\"EntryPoint\",\"urlTemplate\":\"https:\\\/\\\/www.tribur.de\\\/blog\\\/?s={search_term_string}\"},\"query-input\":{\"@type\":\"PropertyValueSpecification\",\"valueRequired\":true,\"valueName\":\"search_term_string\"}}],\"inLanguage\":\"de\"},{\"@type\":[\"Person\",\"Organization\"],\"@id\":\"https:\\\/\\\/www.tribur.de\\\/blog\\\/#\\\/schema\\\/person\\\/3119997f09f43791809c2d1af27bba6c\",\"name\":\"Markus Zwittmeier\",\"image\":{\"@type\":\"ImageObject\",\"inLanguage\":\"de\",\"@id\":\"https:\\\/\\\/i0.wp.com\\\/www.tribur.de\\\/blog\\\/wp-content\\\/uploads\\\/2018\\\/09\\\/cropped-logotest-4.jpg?fit=200%2C200&ssl=1\",\"url\":\"https:\\\/\\\/i0.wp.com\\\/www.tribur.de\\\/blog\\\/wp-content\\\/uploads\\\/2018\\\/09\\\/cropped-logotest-4.jpg?fit=200%2C200&ssl=1\",\"contentUrl\":\"https:\\\/\\\/i0.wp.com\\\/www.tribur.de\\\/blog\\\/wp-content\\\/uploads\\\/2018\\\/09\\\/cropped-logotest-4.jpg?fit=200%2C200&ssl=1\",\"width\":200,\"height\":200,\"caption\":\"Markus Zwittmeier\"},\"logo\":{\"@id\":\"https:\\\/\\\/i0.wp.com\\\/www.tribur.de\\\/blog\\\/wp-content\\\/uploads\\\/2018\\\/09\\\/cropped-logotest-4.jpg?fit=200%2C200&ssl=1\"},\"sameAs\":[\"http:\\\/\\\/www.Tribur.de\",\"http:\\\/\\\/www.facebook.com\\\/pages\\\/Triburde\\\/184352328288771\",\"https:\\\/\\\/www.instagram.com\\\/tribur.de\\\/\",\"https:\\\/\\\/x.com\\\/https:\\\/\\\/twitter.com\\\/tribur\",\"https:\\\/\\\/www.youtube.com\\\/channel\\\/UCnEonou-x6_P4XPjBk2htCA\"],\"url\":\"https:\\\/\\\/www.tribur.de\\\/blog\\\/author\\\/markus\\\/\"}]}<\/script>\n<!-- \/ Yoast SEO plugin. -->","yoast_head_json":{"title":"Die Pfalz an St. Emmeram nach Piendl - Teil 1 - Tribur.de","robots":{"index":"index","follow":"follow","max-snippet":"max-snippet:-1","max-image-preview":"max-image-preview:large","max-video-preview":"max-video-preview:-1"},"canonical":"https:\/\/www.tribur.de\/blog\/2012\/12\/18\/die-pfalz-an-st-emmeram-nach-piendl-teil-1\/","og_locale":"de_DE","og_type":"article","og_title":"Die Pfalz an St. Emmeram nach Piendl - Teil 1 - Tribur.de","og_description":"Schon lange hatte ich nach Informationen von Arnulf von K\u00e4rntens Pfalz bei St. Emmeram gesucht. Das warum werde ich im Fazit in einigen Tagen erl\u00e4utern. Doch die vorhandene Literatur war mehr als d\u00fcrftig. Als&#46;&#46;&#46;","og_url":"https:\/\/www.tribur.de\/blog\/2012\/12\/18\/die-pfalz-an-st-emmeram-nach-piendl-teil-1\/","og_site_name":"Tribur.de","article_publisher":"http:\/\/www.facebook.com\/pages\/Triburde\/184352328288771","article_author":"http:\/\/www.facebook.com\/pages\/Triburde\/184352328288771","article_published_time":"2012-12-18T09:33:53+00:00","og_image":[{"url":"http:\/\/www.tribur.de\/blog\/wp-content\/uploads\/2012\/12\/emmeram2.jpg","type":"","width":"","height":""}],"author":"Markus Zwittmeier","twitter_card":"summary_large_image","twitter_creator":"@https:\/\/twitter.com\/tribur","twitter_site":"@tribur","twitter_misc":{"Verfasst von":"Markus Zwittmeier","Gesch\u00e4tzte Lesezeit":"4\u00a0Minuten"},"schema":{"@context":"https:\/\/schema.org","@graph":[{"@type":"Article","@id":"https:\/\/www.tribur.de\/blog\/2012\/12\/18\/die-pfalz-an-st-emmeram-nach-piendl-teil-1\/#article","isPartOf":{"@id":"https:\/\/www.tribur.de\/blog\/2012\/12\/18\/die-pfalz-an-st-emmeram-nach-piendl-teil-1\/"},"author":{"name":"Markus Zwittmeier","@id":"https:\/\/www.tribur.de\/blog\/#\/schema\/person\/3119997f09f43791809c2d1af27bba6c"},"headline":"Die Pfalz an St. Emmeram nach Piendl &#8211; Teil 1","datePublished":"2012-12-18T09:33:53+00:00","mainEntityOfPage":{"@id":"https:\/\/www.tribur.de\/blog\/2012\/12\/18\/die-pfalz-an-st-emmeram-nach-piendl-teil-1\/"},"wordCount":757,"commentCount":1,"publisher":{"@id":"https:\/\/www.tribur.de\/blog\/#\/schema\/person\/3119997f09f43791809c2d1af27bba6c"},"image":{"@id":"https:\/\/www.tribur.de\/blog\/2012\/12\/18\/die-pfalz-an-st-emmeram-nach-piendl-teil-1\/#primaryimage"},"thumbnailUrl":"http:\/\/www.tribur.de\/blog\/wp-content\/uploads\/2012\/12\/emmeram2.jpg","keywords":["Architektur","Fr\u00fchmittelalter","Hochmittelalter","karolingisch","Pfalz","Recherche"],"articleSection":["Geschichte"],"inLanguage":"de","potentialAction":[{"@type":"CommentAction","name":"Comment","target":["https:\/\/www.tribur.de\/blog\/2012\/12\/18\/die-pfalz-an-st-emmeram-nach-piendl-teil-1\/#respond"]}]},{"@type":"WebPage","@id":"https:\/\/www.tribur.de\/blog\/2012\/12\/18\/die-pfalz-an-st-emmeram-nach-piendl-teil-1\/","url":"https:\/\/www.tribur.de\/blog\/2012\/12\/18\/die-pfalz-an-st-emmeram-nach-piendl-teil-1\/","name":"Die Pfalz an St. Emmeram nach Piendl - Teil 1 - Tribur.de","isPartOf":{"@id":"https:\/\/www.tribur.de\/blog\/#website"},"primaryImageOfPage":{"@id":"https:\/\/www.tribur.de\/blog\/2012\/12\/18\/die-pfalz-an-st-emmeram-nach-piendl-teil-1\/#primaryimage"},"image":{"@id":"https:\/\/www.tribur.de\/blog\/2012\/12\/18\/die-pfalz-an-st-emmeram-nach-piendl-teil-1\/#primaryimage"},"thumbnailUrl":"http:\/\/www.tribur.de\/blog\/wp-content\/uploads\/2012\/12\/emmeram2.jpg","datePublished":"2012-12-18T09:33:53+00:00","breadcrumb":{"@id":"https:\/\/www.tribur.de\/blog\/2012\/12\/18\/die-pfalz-an-st-emmeram-nach-piendl-teil-1\/#breadcrumb"},"inLanguage":"de","potentialAction":[{"@type":"ReadAction","target":["https:\/\/www.tribur.de\/blog\/2012\/12\/18\/die-pfalz-an-st-emmeram-nach-piendl-teil-1\/"]}]},{"@type":"ImageObject","inLanguage":"de","@id":"https:\/\/www.tribur.de\/blog\/2012\/12\/18\/die-pfalz-an-st-emmeram-nach-piendl-teil-1\/#primaryimage","url":"https:\/\/i0.wp.com\/www.tribur.de\/blog\/wp-content\/uploads\/2012\/12\/emmeram2.jpg?fit=560%2C367&ssl=1","contentUrl":"https:\/\/i0.wp.com\/www.tribur.de\/blog\/wp-content\/uploads\/2012\/12\/emmeram2.jpg?fit=560%2C367&ssl=1","width":560,"height":367,"caption":"Ausschnitt"},{"@type":"BreadcrumbList","@id":"https:\/\/www.tribur.de\/blog\/2012\/12\/18\/die-pfalz-an-st-emmeram-nach-piendl-teil-1\/#breadcrumb","itemListElement":[{"@type":"ListItem","position":1,"name":"Home","item":"https:\/\/www.tribur.de\/blog\/"},{"@type":"ListItem","position":2,"name":"Die Pfalz an St. Emmeram nach Piendl &#8211; Teil 1"}]},{"@type":"WebSite","@id":"https:\/\/www.tribur.de\/blog\/#website","url":"https:\/\/www.tribur.de\/blog\/","name":"Tribur.de","description":"Tribur.de - Geschichte und so Zeugs","publisher":{"@id":"https:\/\/www.tribur.de\/blog\/#\/schema\/person\/3119997f09f43791809c2d1af27bba6c"},"potentialAction":[{"@type":"SearchAction","target":{"@type":"EntryPoint","urlTemplate":"https:\/\/www.tribur.de\/blog\/?s={search_term_string}"},"query-input":{"@type":"PropertyValueSpecification","valueRequired":true,"valueName":"search_term_string"}}],"inLanguage":"de"},{"@type":["Person","Organization"],"@id":"https:\/\/www.tribur.de\/blog\/#\/schema\/person\/3119997f09f43791809c2d1af27bba6c","name":"Markus Zwittmeier","image":{"@type":"ImageObject","inLanguage":"de","@id":"https:\/\/i0.wp.com\/www.tribur.de\/blog\/wp-content\/uploads\/2018\/09\/cropped-logotest-4.jpg?fit=200%2C200&ssl=1","url":"https:\/\/i0.wp.com\/www.tribur.de\/blog\/wp-content\/uploads\/2018\/09\/cropped-logotest-4.jpg?fit=200%2C200&ssl=1","contentUrl":"https:\/\/i0.wp.com\/www.tribur.de\/blog\/wp-content\/uploads\/2018\/09\/cropped-logotest-4.jpg?fit=200%2C200&ssl=1","width":200,"height":200,"caption":"Markus Zwittmeier"},"logo":{"@id":"https:\/\/i0.wp.com\/www.tribur.de\/blog\/wp-content\/uploads\/2018\/09\/cropped-logotest-4.jpg?fit=200%2C200&ssl=1"},"sameAs":["http:\/\/www.Tribur.de","http:\/\/www.facebook.com\/pages\/Triburde\/184352328288771","https:\/\/www.instagram.com\/tribur.de\/","https:\/\/x.com\/https:\/\/twitter.com\/tribur","https:\/\/www.youtube.com\/channel\/UCnEonou-x6_P4XPjBk2htCA"],"url":"https:\/\/www.tribur.de\/blog\/author\/markus\/"}]}},"jetpack_publicize_connections":[],"jetpack_featured_media_url":"","jetpack_shortlink":"https:\/\/wp.me\/p1mHPu-5Y9","jetpack_sharing_enabled":true,"_links":{"self":[{"href":"https:\/\/www.tribur.de\/blog\/wp-json\/wp\/v2\/posts\/22949","targetHints":{"allow":["GET"]}}],"collection":[{"href":"https:\/\/www.tribur.de\/blog\/wp-json\/wp\/v2\/posts"}],"about":[{"href":"https:\/\/www.tribur.de\/blog\/wp-json\/wp\/v2\/types\/post"}],"author":[{"embeddable":true,"href":"https:\/\/www.tribur.de\/blog\/wp-json\/wp\/v2\/users\/2"}],"replies":[{"embeddable":true,"href":"https:\/\/www.tribur.de\/blog\/wp-json\/wp\/v2\/comments?post=22949"}],"version-history":[{"count":21,"href":"https:\/\/www.tribur.de\/blog\/wp-json\/wp\/v2\/posts\/22949\/revisions"}],"predecessor-version":[{"id":22995,"href":"https:\/\/www.tribur.de\/blog\/wp-json\/wp\/v2\/posts\/22949\/revisions\/22995"}],"wp:attachment":[{"href":"https:\/\/www.tribur.de\/blog\/wp-json\/wp\/v2\/media?parent=22949"}],"wp:term":[{"taxonomy":"category","embeddable":true,"href":"https:\/\/www.tribur.de\/blog\/wp-json\/wp\/v2\/categories?post=22949"},{"taxonomy":"post_tag","embeddable":true,"href":"https:\/\/www.tribur.de\/blog\/wp-json\/wp\/v2\/tags?post=22949"}],"curies":[{"name":"wp","href":"https:\/\/api.w.org\/{rel}","templated":true}]}}