{"id":22699,"date":"2012-11-26T11:20:40","date_gmt":"2012-11-26T10:20:40","guid":{"rendered":"http:\/\/www.tribur.de\/blog\/?p=22699"},"modified":"2012-11-26T11:20:40","modified_gmt":"2012-11-26T10:20:40","slug":"dom-und-burg-limburg","status":"publish","type":"post","link":"https:\/\/www.tribur.de\/blog\/2012\/11\/26\/dom-und-burg-limburg\/","title":{"rendered":"Dom und Burg Limburg"},"content":{"rendered":"<p><a href=\"https:\/\/i0.wp.com\/www.tribur.de\/blog\/wp-content\/uploads\/2012\/11\/DomLimburg.jpg?ssl=1\"><img data-recalc-dims=\"1\" loading=\"lazy\" decoding=\"async\" class=\"alignleft size-full wp-image-22712\" title=\"DomLimburg\" src=\"https:\/\/i0.wp.com\/www.tribur.de\/blog\/wp-content\/uploads\/2012\/11\/DomLimburg.jpg?resize=250%2C374&#038;ssl=1\" alt=\"\" width=\"250\" height=\"374\" srcset=\"https:\/\/i0.wp.com\/www.tribur.de\/blog\/wp-content\/uploads\/2012\/11\/DomLimburg.jpg?w=250&amp;ssl=1 250w, https:\/\/i0.wp.com\/www.tribur.de\/blog\/wp-content\/uploads\/2012\/11\/DomLimburg.jpg?resize=200%2C300&amp;ssl=1 200w\" sizes=\"auto, (max-width: 250px) 100vw, 250px\" \/><\/a>Limburg hat man am ehesten im Blickfeld wenn es um die Architektur des Domes geht. Wobei die Bezeichnung Dom fast \u00a0falsch ist, zumindest in Betrachtung des historischen Kontextes.<br \/>\nEigentlich war die Kirche &#8222;nur&#8220; eine Stiftskirche, was auch ihr kurzes Langhaus \u00fcber zwei Joche erkl\u00e4rt. Als Bistum wurde Limburg erst 1827 gegr\u00fcndet aus Gebieten der Bist\u00fcmer Mainz und Trier und die Stiftskirche somit zu Kathedralkirche.<\/p>\n<p>Die Stiftskirche St. Georg gilt als H\u00f6hepunkt der Romanik auf deutschem Boden, auch wenn sich hier schon die Gotik mit leichten Spitzb\u00f6gen ank\u00fcndigt. Der Baubeginn wird f\u00fcr 1180\/1190 angesetzt, Einfl\u00fcsse kamen aus Frankreich, was man auch sehr sch\u00f6n an der Gliederung im Inneren sehen kann.<\/p>\n<p>Die markanten Farben des \u00c4u\u00dferen wurden ab 1968 aufgetragen. Die Limburger sollen ziemlich verst\u00f6rt gewesen sein \u00fcber das bunte \u00c4u\u00dfere, waren sie es doch mehr als 100 Jahre gewohnt auf den nackten Stein zu sehen. Die bunte Farbfassen entspricht jedoch Befunden die man am Stein machte und ist einer der sch\u00f6nsten Beweise gegen die M\u00e4hr vom &#8222;farblosen&#8220; Mitelalter.<\/p>\n<div id=\"attachment_22700\" style=\"width: 560px\" class=\"wp-caption alignleft\"><a href=\"https:\/\/i0.wp.com\/www.tribur.de\/blog\/wp-content\/uploads\/2012\/11\/limburg1.jpg?ssl=1\"><img data-recalc-dims=\"1\" loading=\"lazy\" decoding=\"async\" aria-describedby=\"caption-attachment-22700\" class=\"size-full wp-image-22700\" title=\"limburg1\" src=\"https:\/\/i0.wp.com\/www.tribur.de\/blog\/wp-content\/uploads\/2012\/11\/limburg1.jpg?resize=550%2C442&#038;ssl=1\" alt=\"\" width=\"550\" height=\"442\" srcset=\"https:\/\/i0.wp.com\/www.tribur.de\/blog\/wp-content\/uploads\/2012\/11\/limburg1.jpg?w=550&amp;ssl=1 550w, https:\/\/i0.wp.com\/www.tribur.de\/blog\/wp-content\/uploads\/2012\/11\/limburg1.jpg?resize=300%2C241&amp;ssl=1 300w\" sizes=\"auto, (max-width: 550px) 100vw, 550px\" \/><\/a><p id=\"caption-attachment-22700\" class=\"wp-caption-text\">Links Limburg, rechts Saint-Vigor in Cerisy-la-For\u00eat\/Maine ca. 1032<\/p><\/div>\n<p><a href=\"https:\/\/i0.wp.com\/www.tribur.de\/blog\/wp-content\/uploads\/2012\/11\/Konrad-Kurzbold.jpg?ssl=1\"><img data-recalc-dims=\"1\" loading=\"lazy\" decoding=\"async\" class=\"alignleft size-full wp-image-22705\" title=\"Konrad Kurzbold\" src=\"https:\/\/i0.wp.com\/www.tribur.de\/blog\/wp-content\/uploads\/2012\/11\/Konrad-Kurzbold.jpg?resize=300%2C222&#038;ssl=1\" alt=\"\" width=\"300\" height=\"222\" \/><\/a>Im n\u00f6rdlichen Querhausarm findet sich ein gotisches Tischgrab (und hier wird es auch f\u00fcr die Freunde der Karolingerzeit interessant).Es erinnert an das Grab des Konradiners Konrad Kurzbold, der von Ludwig dem Kind die Erlaubnis zur Einrichtung eines Stiftes erhielt und f\u00fcr diesen seine Burg Lintpurc ausw\u00e4hlte.<br \/>\nDie Burg bestand, so denkt man heute, wohl mindestens seit der fr\u00fchen Karolingerzeit und diente wohl als erste Verteidigungslinie gegen die Sachsen strategisch g\u00fcnstig auf einer Felskuppe \u00fcber der Lahn gelegen. Inzwischen wei\u00df man aber das bereits die Kelten auf dem Berg eine Siedlung besa\u00dfen.<br \/>\nLeider ist \u00fcber die fr\u00fcheren Anlagen fast nichts bekannt. In ottonischer Zeit d\u00fcrfte die Anlage jedoch durchaus Quedlinburg oder Elten ge\u00e4hnelt haben. Die Lage auf dem Bergplateau mit einer Stiftskirche ist recht \u00e4hnlich.<br \/>\nBurg und Stift teilten sich mehr und mehr mit der Zeit. Der westliche Teil wurde von Stift und Stiftskirche vereinnahmt, w\u00e4hrend sich die Burg auf den \u00f6stlichsten und unzug\u00e4nglichsten Teil zur\u00fcck zog. Nach den Konradienern fiel sie an das Haus Isenburg, Kurtrier und schlie\u00dflich an Nassau.<br \/>\nAm ausf\u00fchrlichsten schreibt die hessische Denkmalpflege \u00fcber die Burganlage ( <a href=\"http:\/\/denkxweb.denkmalpflege-hessen.de\/cgi-bin\/mapwalk.pl?obj=53207&amp;event=Query.Details\" target=\"_blank\">hier<\/a> )<\/p>\n","protected":false},"excerpt":{"rendered":"<p>Limburg hat man am ehesten im Blickfeld wenn es um die Architektur des Domes geht. Wobei die Bezeichnung Dom fast \u00a0falsch ist, zumindest in Betrachtung des historischen Kontextes. Eigentlich war die Kirche &#8222;nur&#8220; eine&#46;&#46;&#46;<\/p>\n","protected":false},"author":2,"featured_media":0,"comment_status":"open","ping_status":"open","sticky":false,"template":"","format":"standard","meta":{"jetpack_post_was_ever_published":false,"_jetpack_newsletter_access":"","_jetpack_dont_email_post_to_subs":false,"_jetpack_newsletter_tier_id":0,"_jetpack_memberships_contains_paywalled_content":false,"_jetpack_memberships_contains_paid_content":false,"footnotes":"","jetpack_publicize_message":"","jetpack_publicize_feature_enabled":true,"jetpack_social_post_already_shared":true,"jetpack_social_options":{"image_generator_settings":{"template":"highway","default_image_id":0,"font":"","enabled":false},"version":2}},"categories":[1],"tags":[61,11,12,32,48,46],"class_list":["post-22699","post","type-post","status-publish","format-standard","hentry","category-geschichte","tag-architektur","tag-fruhmittelalter","tag-hochmittelalter","tag-karolingisch","tag-kelten","tag-ottonisch"],"yoast_head":"<!-- This site is optimized with the Yoast SEO plugin v27.5 - https:\/\/yoast.com\/product\/yoast-seo-wordpress\/ -->\n<title>Dom und Burg Limburg - Tribur.de<\/title>\n<meta name=\"robots\" content=\"index, follow, max-snippet:-1, max-image-preview:large, max-video-preview:-1\" \/>\n<link rel=\"canonical\" href=\"https:\/\/www.tribur.de\/blog\/2012\/11\/26\/dom-und-burg-limburg\/\" \/>\n<meta property=\"og:locale\" content=\"de_DE\" \/>\n<meta property=\"og:type\" content=\"article\" \/>\n<meta property=\"og:title\" content=\"Dom und Burg Limburg - Tribur.de\" \/>\n<meta property=\"og:description\" content=\"Limburg hat man am ehesten im Blickfeld wenn es um die Architektur des Domes geht. Wobei die Bezeichnung Dom fast \u00a0falsch ist, zumindest in Betrachtung des historischen Kontextes. Eigentlich war die Kirche &#8222;nur&#8220; eine&#046;&#046;&#046;\" \/>\n<meta property=\"og:url\" content=\"https:\/\/www.tribur.de\/blog\/2012\/11\/26\/dom-und-burg-limburg\/\" \/>\n<meta property=\"og:site_name\" content=\"Tribur.de\" \/>\n<meta property=\"article:publisher\" content=\"http:\/\/www.facebook.com\/pages\/Triburde\/184352328288771\" \/>\n<meta property=\"article:author\" content=\"http:\/\/www.facebook.com\/pages\/Triburde\/184352328288771\" \/>\n<meta property=\"article:published_time\" content=\"2012-11-26T10:20:40+00:00\" \/>\n<meta property=\"og:image\" content=\"http:\/\/www.tribur.de\/blog\/wp-content\/uploads\/2012\/11\/DomLimburg.jpg\" \/>\n<meta name=\"author\" content=\"Markus Zwittmeier\" \/>\n<meta name=\"twitter:card\" content=\"summary_large_image\" \/>\n<meta name=\"twitter:creator\" content=\"@https:\/\/twitter.com\/tribur\" \/>\n<meta name=\"twitter:site\" content=\"@tribur\" \/>\n<meta name=\"twitter:label1\" content=\"Verfasst von\" \/>\n\t<meta name=\"twitter:data1\" content=\"Markus Zwittmeier\" \/>\n\t<meta name=\"twitter:label2\" content=\"Gesch\u00e4tzte Lesezeit\" \/>\n\t<meta name=\"twitter:data2\" content=\"2\u00a0Minuten\" \/>\n<script type=\"application\/ld+json\" class=\"yoast-schema-graph\">{\"@context\":\"https:\\\/\\\/schema.org\",\"@graph\":[{\"@type\":\"Article\",\"@id\":\"https:\\\/\\\/www.tribur.de\\\/blog\\\/2012\\\/11\\\/26\\\/dom-und-burg-limburg\\\/#article\",\"isPartOf\":{\"@id\":\"https:\\\/\\\/www.tribur.de\\\/blog\\\/2012\\\/11\\\/26\\\/dom-und-burg-limburg\\\/\"},\"author\":{\"name\":\"Markus Zwittmeier\",\"@id\":\"https:\\\/\\\/www.tribur.de\\\/blog\\\/#\\\/schema\\\/person\\\/3119997f09f43791809c2d1af27bba6c\"},\"headline\":\"Dom und Burg Limburg\",\"datePublished\":\"2012-11-26T10:20:40+00:00\",\"mainEntityOfPage\":{\"@id\":\"https:\\\/\\\/www.tribur.de\\\/blog\\\/2012\\\/11\\\/26\\\/dom-und-burg-limburg\\\/\"},\"wordCount\":393,\"commentCount\":0,\"publisher\":{\"@id\":\"https:\\\/\\\/www.tribur.de\\\/blog\\\/#\\\/schema\\\/person\\\/3119997f09f43791809c2d1af27bba6c\"},\"image\":{\"@id\":\"https:\\\/\\\/www.tribur.de\\\/blog\\\/2012\\\/11\\\/26\\\/dom-und-burg-limburg\\\/#primaryimage\"},\"thumbnailUrl\":\"http:\\\/\\\/www.tribur.de\\\/blog\\\/wp-content\\\/uploads\\\/2012\\\/11\\\/DomLimburg.jpg\",\"keywords\":[\"Architektur\",\"Fr\u00fchmittelalter\",\"Hochmittelalter\",\"karolingisch\",\"Kelten\",\"ottonisch\"],\"articleSection\":[\"Geschichte\"],\"inLanguage\":\"de\",\"potentialAction\":[{\"@type\":\"CommentAction\",\"name\":\"Comment\",\"target\":[\"https:\\\/\\\/www.tribur.de\\\/blog\\\/2012\\\/11\\\/26\\\/dom-und-burg-limburg\\\/#respond\"]}]},{\"@type\":\"WebPage\",\"@id\":\"https:\\\/\\\/www.tribur.de\\\/blog\\\/2012\\\/11\\\/26\\\/dom-und-burg-limburg\\\/\",\"url\":\"https:\\\/\\\/www.tribur.de\\\/blog\\\/2012\\\/11\\\/26\\\/dom-und-burg-limburg\\\/\",\"name\":\"Dom und Burg Limburg - Tribur.de\",\"isPartOf\":{\"@id\":\"https:\\\/\\\/www.tribur.de\\\/blog\\\/#website\"},\"primaryImageOfPage\":{\"@id\":\"https:\\\/\\\/www.tribur.de\\\/blog\\\/2012\\\/11\\\/26\\\/dom-und-burg-limburg\\\/#primaryimage\"},\"image\":{\"@id\":\"https:\\\/\\\/www.tribur.de\\\/blog\\\/2012\\\/11\\\/26\\\/dom-und-burg-limburg\\\/#primaryimage\"},\"thumbnailUrl\":\"http:\\\/\\\/www.tribur.de\\\/blog\\\/wp-content\\\/uploads\\\/2012\\\/11\\\/DomLimburg.jpg\",\"datePublished\":\"2012-11-26T10:20:40+00:00\",\"breadcrumb\":{\"@id\":\"https:\\\/\\\/www.tribur.de\\\/blog\\\/2012\\\/11\\\/26\\\/dom-und-burg-limburg\\\/#breadcrumb\"},\"inLanguage\":\"de\",\"potentialAction\":[{\"@type\":\"ReadAction\",\"target\":[\"https:\\\/\\\/www.tribur.de\\\/blog\\\/2012\\\/11\\\/26\\\/dom-und-burg-limburg\\\/\"]}]},{\"@type\":\"ImageObject\",\"inLanguage\":\"de\",\"@id\":\"https:\\\/\\\/www.tribur.de\\\/blog\\\/2012\\\/11\\\/26\\\/dom-und-burg-limburg\\\/#primaryimage\",\"url\":\"https:\\\/\\\/i0.wp.com\\\/www.tribur.de\\\/blog\\\/wp-content\\\/uploads\\\/2012\\\/11\\\/DomLimburg.jpg?fit=250%2C374&ssl=1\",\"contentUrl\":\"https:\\\/\\\/i0.wp.com\\\/www.tribur.de\\\/blog\\\/wp-content\\\/uploads\\\/2012\\\/11\\\/DomLimburg.jpg?fit=250%2C374&ssl=1\",\"width\":\"250\",\"height\":\"374\"},{\"@type\":\"BreadcrumbList\",\"@id\":\"https:\\\/\\\/www.tribur.de\\\/blog\\\/2012\\\/11\\\/26\\\/dom-und-burg-limburg\\\/#breadcrumb\",\"itemListElement\":[{\"@type\":\"ListItem\",\"position\":1,\"name\":\"Home\",\"item\":\"https:\\\/\\\/www.tribur.de\\\/blog\\\/\"},{\"@type\":\"ListItem\",\"position\":2,\"name\":\"Dom und Burg Limburg\"}]},{\"@type\":\"WebSite\",\"@id\":\"https:\\\/\\\/www.tribur.de\\\/blog\\\/#website\",\"url\":\"https:\\\/\\\/www.tribur.de\\\/blog\\\/\",\"name\":\"Tribur.de\",\"description\":\"Tribur.de - Geschichte und so Zeugs\",\"publisher\":{\"@id\":\"https:\\\/\\\/www.tribur.de\\\/blog\\\/#\\\/schema\\\/person\\\/3119997f09f43791809c2d1af27bba6c\"},\"potentialAction\":[{\"@type\":\"SearchAction\",\"target\":{\"@type\":\"EntryPoint\",\"urlTemplate\":\"https:\\\/\\\/www.tribur.de\\\/blog\\\/?s={search_term_string}\"},\"query-input\":{\"@type\":\"PropertyValueSpecification\",\"valueRequired\":true,\"valueName\":\"search_term_string\"}}],\"inLanguage\":\"de\"},{\"@type\":[\"Person\",\"Organization\"],\"@id\":\"https:\\\/\\\/www.tribur.de\\\/blog\\\/#\\\/schema\\\/person\\\/3119997f09f43791809c2d1af27bba6c\",\"name\":\"Markus Zwittmeier\",\"image\":{\"@type\":\"ImageObject\",\"inLanguage\":\"de\",\"@id\":\"https:\\\/\\\/i0.wp.com\\\/www.tribur.de\\\/blog\\\/wp-content\\\/uploads\\\/2018\\\/09\\\/cropped-logotest-4.jpg?fit=200%2C200&ssl=1\",\"url\":\"https:\\\/\\\/i0.wp.com\\\/www.tribur.de\\\/blog\\\/wp-content\\\/uploads\\\/2018\\\/09\\\/cropped-logotest-4.jpg?fit=200%2C200&ssl=1\",\"contentUrl\":\"https:\\\/\\\/i0.wp.com\\\/www.tribur.de\\\/blog\\\/wp-content\\\/uploads\\\/2018\\\/09\\\/cropped-logotest-4.jpg?fit=200%2C200&ssl=1\",\"width\":200,\"height\":200,\"caption\":\"Markus Zwittmeier\"},\"logo\":{\"@id\":\"https:\\\/\\\/i0.wp.com\\\/www.tribur.de\\\/blog\\\/wp-content\\\/uploads\\\/2018\\\/09\\\/cropped-logotest-4.jpg?fit=200%2C200&ssl=1\"},\"sameAs\":[\"http:\\\/\\\/www.Tribur.de\",\"http:\\\/\\\/www.facebook.com\\\/pages\\\/Triburde\\\/184352328288771\",\"https:\\\/\\\/www.instagram.com\\\/tribur.de\\\/\",\"https:\\\/\\\/x.com\\\/https:\\\/\\\/twitter.com\\\/tribur\",\"https:\\\/\\\/www.youtube.com\\\/channel\\\/UCnEonou-x6_P4XPjBk2htCA\"],\"url\":\"https:\\\/\\\/www.tribur.de\\\/blog\\\/author\\\/markus\\\/\"}]}<\/script>\n<!-- \/ Yoast SEO plugin. -->","yoast_head_json":{"title":"Dom und Burg Limburg - Tribur.de","robots":{"index":"index","follow":"follow","max-snippet":"max-snippet:-1","max-image-preview":"max-image-preview:large","max-video-preview":"max-video-preview:-1"},"canonical":"https:\/\/www.tribur.de\/blog\/2012\/11\/26\/dom-und-burg-limburg\/","og_locale":"de_DE","og_type":"article","og_title":"Dom und Burg Limburg - Tribur.de","og_description":"Limburg hat man am ehesten im Blickfeld wenn es um die Architektur des Domes geht. Wobei die Bezeichnung Dom fast \u00a0falsch ist, zumindest in Betrachtung des historischen Kontextes. Eigentlich war die Kirche &#8222;nur&#8220; eine&#46;&#46;&#46;","og_url":"https:\/\/www.tribur.de\/blog\/2012\/11\/26\/dom-und-burg-limburg\/","og_site_name":"Tribur.de","article_publisher":"http:\/\/www.facebook.com\/pages\/Triburde\/184352328288771","article_author":"http:\/\/www.facebook.com\/pages\/Triburde\/184352328288771","article_published_time":"2012-11-26T10:20:40+00:00","og_image":[{"url":"http:\/\/www.tribur.de\/blog\/wp-content\/uploads\/2012\/11\/DomLimburg.jpg","type":"","width":"","height":""}],"author":"Markus Zwittmeier","twitter_card":"summary_large_image","twitter_creator":"@https:\/\/twitter.com\/tribur","twitter_site":"@tribur","twitter_misc":{"Verfasst von":"Markus Zwittmeier","Gesch\u00e4tzte Lesezeit":"2\u00a0Minuten"},"schema":{"@context":"https:\/\/schema.org","@graph":[{"@type":"Article","@id":"https:\/\/www.tribur.de\/blog\/2012\/11\/26\/dom-und-burg-limburg\/#article","isPartOf":{"@id":"https:\/\/www.tribur.de\/blog\/2012\/11\/26\/dom-und-burg-limburg\/"},"author":{"name":"Markus Zwittmeier","@id":"https:\/\/www.tribur.de\/blog\/#\/schema\/person\/3119997f09f43791809c2d1af27bba6c"},"headline":"Dom und Burg Limburg","datePublished":"2012-11-26T10:20:40+00:00","mainEntityOfPage":{"@id":"https:\/\/www.tribur.de\/blog\/2012\/11\/26\/dom-und-burg-limburg\/"},"wordCount":393,"commentCount":0,"publisher":{"@id":"https:\/\/www.tribur.de\/blog\/#\/schema\/person\/3119997f09f43791809c2d1af27bba6c"},"image":{"@id":"https:\/\/www.tribur.de\/blog\/2012\/11\/26\/dom-und-burg-limburg\/#primaryimage"},"thumbnailUrl":"http:\/\/www.tribur.de\/blog\/wp-content\/uploads\/2012\/11\/DomLimburg.jpg","keywords":["Architektur","Fr\u00fchmittelalter","Hochmittelalter","karolingisch","Kelten","ottonisch"],"articleSection":["Geschichte"],"inLanguage":"de","potentialAction":[{"@type":"CommentAction","name":"Comment","target":["https:\/\/www.tribur.de\/blog\/2012\/11\/26\/dom-und-burg-limburg\/#respond"]}]},{"@type":"WebPage","@id":"https:\/\/www.tribur.de\/blog\/2012\/11\/26\/dom-und-burg-limburg\/","url":"https:\/\/www.tribur.de\/blog\/2012\/11\/26\/dom-und-burg-limburg\/","name":"Dom und Burg Limburg - Tribur.de","isPartOf":{"@id":"https:\/\/www.tribur.de\/blog\/#website"},"primaryImageOfPage":{"@id":"https:\/\/www.tribur.de\/blog\/2012\/11\/26\/dom-und-burg-limburg\/#primaryimage"},"image":{"@id":"https:\/\/www.tribur.de\/blog\/2012\/11\/26\/dom-und-burg-limburg\/#primaryimage"},"thumbnailUrl":"http:\/\/www.tribur.de\/blog\/wp-content\/uploads\/2012\/11\/DomLimburg.jpg","datePublished":"2012-11-26T10:20:40+00:00","breadcrumb":{"@id":"https:\/\/www.tribur.de\/blog\/2012\/11\/26\/dom-und-burg-limburg\/#breadcrumb"},"inLanguage":"de","potentialAction":[{"@type":"ReadAction","target":["https:\/\/www.tribur.de\/blog\/2012\/11\/26\/dom-und-burg-limburg\/"]}]},{"@type":"ImageObject","inLanguage":"de","@id":"https:\/\/www.tribur.de\/blog\/2012\/11\/26\/dom-und-burg-limburg\/#primaryimage","url":"https:\/\/i0.wp.com\/www.tribur.de\/blog\/wp-content\/uploads\/2012\/11\/DomLimburg.jpg?fit=250%2C374&ssl=1","contentUrl":"https:\/\/i0.wp.com\/www.tribur.de\/blog\/wp-content\/uploads\/2012\/11\/DomLimburg.jpg?fit=250%2C374&ssl=1","width":"250","height":"374"},{"@type":"BreadcrumbList","@id":"https:\/\/www.tribur.de\/blog\/2012\/11\/26\/dom-und-burg-limburg\/#breadcrumb","itemListElement":[{"@type":"ListItem","position":1,"name":"Home","item":"https:\/\/www.tribur.de\/blog\/"},{"@type":"ListItem","position":2,"name":"Dom und Burg Limburg"}]},{"@type":"WebSite","@id":"https:\/\/www.tribur.de\/blog\/#website","url":"https:\/\/www.tribur.de\/blog\/","name":"Tribur.de","description":"Tribur.de - Geschichte und so Zeugs","publisher":{"@id":"https:\/\/www.tribur.de\/blog\/#\/schema\/person\/3119997f09f43791809c2d1af27bba6c"},"potentialAction":[{"@type":"SearchAction","target":{"@type":"EntryPoint","urlTemplate":"https:\/\/www.tribur.de\/blog\/?s={search_term_string}"},"query-input":{"@type":"PropertyValueSpecification","valueRequired":true,"valueName":"search_term_string"}}],"inLanguage":"de"},{"@type":["Person","Organization"],"@id":"https:\/\/www.tribur.de\/blog\/#\/schema\/person\/3119997f09f43791809c2d1af27bba6c","name":"Markus Zwittmeier","image":{"@type":"ImageObject","inLanguage":"de","@id":"https:\/\/i0.wp.com\/www.tribur.de\/blog\/wp-content\/uploads\/2018\/09\/cropped-logotest-4.jpg?fit=200%2C200&ssl=1","url":"https:\/\/i0.wp.com\/www.tribur.de\/blog\/wp-content\/uploads\/2018\/09\/cropped-logotest-4.jpg?fit=200%2C200&ssl=1","contentUrl":"https:\/\/i0.wp.com\/www.tribur.de\/blog\/wp-content\/uploads\/2018\/09\/cropped-logotest-4.jpg?fit=200%2C200&ssl=1","width":200,"height":200,"caption":"Markus Zwittmeier"},"logo":{"@id":"https:\/\/i0.wp.com\/www.tribur.de\/blog\/wp-content\/uploads\/2018\/09\/cropped-logotest-4.jpg?fit=200%2C200&ssl=1"},"sameAs":["http:\/\/www.Tribur.de","http:\/\/www.facebook.com\/pages\/Triburde\/184352328288771","https:\/\/www.instagram.com\/tribur.de\/","https:\/\/x.com\/https:\/\/twitter.com\/tribur","https:\/\/www.youtube.com\/channel\/UCnEonou-x6_P4XPjBk2htCA"],"url":"https:\/\/www.tribur.de\/blog\/author\/markus\/"}]}},"jetpack_publicize_connections":[],"jetpack_featured_media_url":"","jetpack_shortlink":"https:\/\/wp.me\/p1mHPu-5U7","jetpack_sharing_enabled":true,"_links":{"self":[{"href":"https:\/\/www.tribur.de\/blog\/wp-json\/wp\/v2\/posts\/22699","targetHints":{"allow":["GET"]}}],"collection":[{"href":"https:\/\/www.tribur.de\/blog\/wp-json\/wp\/v2\/posts"}],"about":[{"href":"https:\/\/www.tribur.de\/blog\/wp-json\/wp\/v2\/types\/post"}],"author":[{"embeddable":true,"href":"https:\/\/www.tribur.de\/blog\/wp-json\/wp\/v2\/users\/2"}],"replies":[{"embeddable":true,"href":"https:\/\/www.tribur.de\/blog\/wp-json\/wp\/v2\/comments?post=22699"}],"version-history":[{"count":15,"href":"https:\/\/www.tribur.de\/blog\/wp-json\/wp\/v2\/posts\/22699\/revisions"}],"predecessor-version":[{"id":22718,"href":"https:\/\/www.tribur.de\/blog\/wp-json\/wp\/v2\/posts\/22699\/revisions\/22718"}],"wp:attachment":[{"href":"https:\/\/www.tribur.de\/blog\/wp-json\/wp\/v2\/media?parent=22699"}],"wp:term":[{"taxonomy":"category","embeddable":true,"href":"https:\/\/www.tribur.de\/blog\/wp-json\/wp\/v2\/categories?post=22699"},{"taxonomy":"post_tag","embeddable":true,"href":"https:\/\/www.tribur.de\/blog\/wp-json\/wp\/v2\/tags?post=22699"}],"curies":[{"name":"wp","href":"https:\/\/api.w.org\/{rel}","templated":true}]}}