{"id":22394,"date":"2012-10-23T11:22:16","date_gmt":"2012-10-23T09:22:16","guid":{"rendered":"http:\/\/www.tribur.de\/blog\/?p=22394"},"modified":"2012-10-23T11:22:16","modified_gmt":"2012-10-23T09:22:16","slug":"kloster-limburg","status":"publish","type":"post","link":"https:\/\/www.tribur.de\/blog\/2012\/10\/23\/kloster-limburg\/","title":{"rendered":"Kloster Limburg"},"content":{"rendered":"<p>Das sch\u00f6ne Herbstwetter am vergangenen Wochenende bot die M\u00f6glichkeit f\u00fcr einen Ausflug, den ich nutzte um eines der weniger beachtete salischen Baudenkm\u00e4ler zu besuchen.<\/p>\n<div id=\"attachment_22406\" style=\"width: 310px\" class=\"wp-caption alignleft\"><a href=\"https:\/\/i0.wp.com\/www.tribur.de\/blog\/wp-content\/uploads\/2012\/10\/upladlimburg1.jpg?ssl=1\"><img data-recalc-dims=\"1\" loading=\"lazy\" decoding=\"async\" aria-describedby=\"caption-attachment-22406\" class=\"size-full wp-image-22406\" title=\"upladlimburg1\" src=\"https:\/\/i0.wp.com\/www.tribur.de\/blog\/wp-content\/uploads\/2012\/10\/upladlimburg1.jpg?resize=300%2C400&#038;ssl=1\" alt=\"\" width=\"300\" height=\"400\" srcset=\"https:\/\/i0.wp.com\/www.tribur.de\/blog\/wp-content\/uploads\/2012\/10\/upladlimburg1.jpg?w=300&amp;ssl=1 300w, https:\/\/i0.wp.com\/www.tribur.de\/blog\/wp-content\/uploads\/2012\/10\/upladlimburg1.jpg?resize=225%2C300&amp;ssl=1 225w\" sizes=\"auto, (max-width: 300px) 100vw, 300px\" \/><\/a><p id=\"caption-attachment-22406\" class=\"wp-caption-text\">Blick vom gotischen Treppenturm \u00fcber die Klosterkirche<\/p><\/div>\n<p>Die Salier waren seit dem 9. Jahrhundert Grafen im Wormsgau und besa\u00dfen zun\u00e4chst \u00a0in Worms eine Burg. Wahrscheinlich besa\u00dfen sie auch etwa seit dieser Zeit auf dem &#8222;Linthberg&#8220; oberhalb des Isenbachs, der ein Tor in den Pf\u00e4lzer Wald bietet, ein Burg. Holz, Eisen und Buntsandstein machten die ansonsten nur d\u00fcnn besiedelte und dichte Waldlandschaft bedingt \u00a0attraktiv.<\/p>\n<p>Die Burg mag zur Kontrolle des Rheintals, das sich vor ihr \u00f6ffnet, und als Fluchtburg f\u00fcr die Siedlungen in ihrer N\u00e4he gedient haben. \u00a0\u00dcber das Aussehen der Burg ist fast nichts bekannt. Sie entspricht aber den Typen der gro\u00dfen, fl\u00e4chigen Anlagen auf Bergspornen wie sie bereits die fr\u00fchen Franken nutzen.<\/p>\n<p>Mit der \u00dcbergabe der Womser Burg an die dortigen Bisch\u00f6fe im Jahr 1002 \u00a0erreicht die Limburg den Status einer Stammburg der Salier.<\/p>\n<p>Auf dem Gel\u00e4nde der Anlage finden sich einige Rekonstruktionszeichnung der Burg zur Zeit Konrads II, der einem Chronisten nach Teile seiner Jugend dort verbrachte. Diese Zeichnungen sind jedoch l\u00e4ngst \u00fcberholt. Ebenso wie sich ein Siegelstempel Konrads II. der in der Krypta gefunden wurde als hochmittelalterliche F\u00e4lschung herausgestellt hat. Die Teile, die als Burg interpretiert wurden waren wohl erste Klausurgeb\u00e4ude im \u00f6stlich des Chores, analog zu Kloster Michaelsberg bei Heidelberg.<\/p>\n<p>Von der salischen Burganlage wird heute ausgegangen das sie dem Schl\u00f6ssel in Klingenm\u00fcnster \u00e4hnelte und eine Turmh\u00fcgelburg an der h\u00f6chsten Stelle des Plateaus war. (<a href=\"http:\/\/www.dgamn.de\/uploads\/mbl16\/mib16_froehlich.pdf\" target=\"_blank\">Ein PDF dazu hier<\/a>\u00a0 und eine <a href=\"http:\/\/www.mgh-bibliothek.de\/dokumente\/a\/a144715.pdf\" target=\"_blank\">etwas andere Fassung da<\/a>\u00a0vgl. \u00e4ltere Meinung in &#8222;Burgen der Salierzeit&#8220; Band 2 S.28 und S. 56)<\/p>\n<p>Direkt nach seiner Thronbesteigung stiftete Konrad II. den Platz der Burg zum Bau eines Klosters, dessen Grundstein 1025 gelegt wird. 1034 ist der Konvent fertig gestellt und 1035 werden die Alt\u00e4re der Krypta geweiht. Wahrscheinlich ist zu diesem Zeitpunkt der Rohbau fertiggestellt.<br \/>\nEin Jahr vor dem Tod Kaiser Konrads II 1039, stirb im Jahr 1038 die erste Frau seines Sohnes und K\u00f6nigs Heinrich III. Gunhild in Italien. Gunhild war eine Tochter des d\u00e4nisch-englischen K\u00f6nigs Knut des Gro\u00dfen. Sie war einst als Friedenspfand an den k\u00f6niglichen Hof Konrads gekommen. Ihre sterblichen \u00dcberreste werden ins Kloster Limburg \u00fcberf\u00fchrt und dort im Langhaus beigesetzt.<\/p>\n<div id=\"attachment_22407\" style=\"width: 310px\" class=\"wp-caption alignleft\"><a href=\"https:\/\/i0.wp.com\/www.tribur.de\/blog\/wp-content\/uploads\/2012\/10\/uploadlimburg2.jpg?ssl=1\"><img data-recalc-dims=\"1\" loading=\"lazy\" decoding=\"async\" aria-describedby=\"caption-attachment-22407\" class=\"size-full wp-image-22407\" title=\"uploadlimburg2\" src=\"https:\/\/i0.wp.com\/www.tribur.de\/blog\/wp-content\/uploads\/2012\/10\/uploadlimburg2.jpg?resize=300%2C349&#038;ssl=1\" alt=\"\" width=\"300\" height=\"349\" srcset=\"https:\/\/i0.wp.com\/www.tribur.de\/blog\/wp-content\/uploads\/2012\/10\/uploadlimburg2.jpg?w=300&amp;ssl=1 300w, https:\/\/i0.wp.com\/www.tribur.de\/blog\/wp-content\/uploads\/2012\/10\/uploadlimburg2.jpg?resize=257%2C300&amp;ssl=1 257w\" sizes=\"auto, (max-width: 300px) 100vw, 300px\" \/><\/a><p id=\"caption-attachment-22407\" class=\"wp-caption-text\">s\u00fcdl. Querhaus mit halbrunder Apsis und Teil des Chores<\/p><\/div>\n<p>1039 wird durch Bardo von Mainz der Choraltar und 1040 der Hochaltar der Basilika geweiht. 1042 wird der Bau vollendet und zum heiligen Kreuz, der heiligen Mutter Gottes Maria, dem Evangelisten Johannes und der heiligen Luzia geweiht. 1042 erh\u00e4lt das Kloster von Heinrich III. eine Kreuzreliqiue.<\/p>\n<p>\u00dcber die Jahrhunderte erfolgten mehrfach Zerst\u00f6rungen und Umbauten der Abtei, bis diese 1504 im Landshuter Erbfolgekrieg niedergebrannt wurde. Notd\u00fcrftig wieder in Stand gesetzt erf\u00fcllte die Abtei nur noch wenige Jahre ihren Aufgabe bevor sie, durch S\u00e4kularisation (1571) und 30 j\u00e4hrigem Krieg . Aus dieser Zeit stammt die Trennwand des Chores, der als Notkirche diente.<br \/>\nIn den 1980er Jahren erfolgten zahlreiche Sanierungen, so wurde das Gew\u00f6lbe der Krypta wieder hergestellt, die seit dem als Au\u00dfenstelle des Standesamtes Bad D\u00fcrkheim dient.<\/p>\n<p>Der Kirchenbau ist, gemeinsam mit dem Speyrer Dom eines der ersten Gro\u00dfprojekte der salischen Herrscher, mit dem es auch eine Sage verbindet. Konrad habe morgens den Grundstein f\u00fcr die Klosterkirche gelegt, sein dann nach Speyer geritten und habe am Mittag des selben Tages den dortigen Grundstein gelegt.<br \/>\nDoch beide Bauten verbindet noch mehr.Es ist der selbe Sandstein \u00a0der im Speyrer Dom in Kombination mit Odenw\u00e4lder Kalkstein den Farbrythums der B\u00f6gen der Krypta des Doms bestimmt.<\/p>\n<p>Auch am Querhaus erkennt man die \u00c4hnlichkeit mit Speyer durch die Lisenen, Bugenfriede und und Anordnung der Fenster.<\/p>\n<p>Kleiner Tipp f\u00fcr den Fall eines Besuches: Es lohnt wirklich sich in der Klostersch\u00e4nke f\u00fcr 1,-\u20ac\/Person den Schl\u00fcssel zum gotischen Turm zu holen und diesen zu besteigen. Die Weitsicht ist wirklich grandios und man kann die ganze Anlage \u00fcberblicken.<\/p>\n<p>&nbsp;<\/p>\n","protected":false},"excerpt":{"rendered":"<p>Das sch\u00f6ne Herbstwetter am vergangenen Wochenende bot die M\u00f6glichkeit f\u00fcr einen Ausflug, den ich nutzte um eines der weniger beachtete salischen Baudenkm\u00e4ler zu besuchen. Die Salier waren seit dem 9. Jahrhundert Grafen im Wormsgau&#46;&#46;&#46;<\/p>\n","protected":false},"author":2,"featured_media":0,"comment_status":"open","ping_status":"open","sticky":false,"template":"","format":"standard","meta":{"jetpack_post_was_ever_published":false,"_jetpack_newsletter_access":"","_jetpack_dont_email_post_to_subs":false,"_jetpack_newsletter_tier_id":0,"_jetpack_memberships_contains_paywalled_content":false,"_jetpack_memberships_contains_paid_content":false,"footnotes":"","jetpack_publicize_message":"","jetpack_publicize_feature_enabled":true,"jetpack_social_post_already_shared":false,"jetpack_social_options":{"image_generator_settings":{"template":"highway","default_image_id":0,"font":"","enabled":false},"version":2}},"categories":[1],"tags":[61,12,47],"class_list":["post-22394","post","type-post","status-publish","format-standard","hentry","category-geschichte","tag-architektur","tag-hochmittelalter","tag-salisch"],"yoast_head":"<!-- This site is optimized with the Yoast SEO plugin v27.4 - https:\/\/yoast.com\/product\/yoast-seo-wordpress\/ -->\n<title>Kloster Limburg - Tribur.de<\/title>\n<meta name=\"robots\" content=\"index, follow, max-snippet:-1, max-image-preview:large, max-video-preview:-1\" \/>\n<link rel=\"canonical\" href=\"https:\/\/www.tribur.de\/blog\/2012\/10\/23\/kloster-limburg\/\" \/>\n<meta property=\"og:locale\" content=\"de_DE\" \/>\n<meta property=\"og:type\" content=\"article\" \/>\n<meta property=\"og:title\" content=\"Kloster Limburg - Tribur.de\" \/>\n<meta property=\"og:description\" content=\"Das sch\u00f6ne Herbstwetter am vergangenen Wochenende bot die M\u00f6glichkeit f\u00fcr einen Ausflug, den ich nutzte um eines der weniger beachtete salischen Baudenkm\u00e4ler zu besuchen. Die Salier waren seit dem 9. Jahrhundert Grafen im Wormsgau&#046;&#046;&#046;\" \/>\n<meta property=\"og:url\" content=\"https:\/\/www.tribur.de\/blog\/2012\/10\/23\/kloster-limburg\/\" \/>\n<meta property=\"og:site_name\" content=\"Tribur.de\" \/>\n<meta property=\"article:publisher\" content=\"http:\/\/www.facebook.com\/pages\/Triburde\/184352328288771\" \/>\n<meta property=\"article:author\" content=\"http:\/\/www.facebook.com\/pages\/Triburde\/184352328288771\" \/>\n<meta property=\"article:published_time\" content=\"2012-10-23T09:22:16+00:00\" \/>\n<meta property=\"og:image\" content=\"http:\/\/www.tribur.de\/blog\/wp-content\/uploads\/2012\/10\/upladlimburg1.jpg\" \/>\n<meta name=\"author\" content=\"Markus Zwittmeier\" \/>\n<meta name=\"twitter:card\" content=\"summary_large_image\" \/>\n<meta name=\"twitter:creator\" content=\"@https:\/\/twitter.com\/tribur\" \/>\n<meta name=\"twitter:site\" content=\"@tribur\" \/>\n<meta name=\"twitter:label1\" content=\"Verfasst von\" \/>\n\t<meta name=\"twitter:data1\" content=\"Markus Zwittmeier\" \/>\n\t<meta name=\"twitter:label2\" content=\"Gesch\u00e4tzte Lesezeit\" \/>\n\t<meta name=\"twitter:data2\" content=\"3\u00a0Minuten\" \/>\n<script type=\"application\/ld+json\" class=\"yoast-schema-graph\">{\"@context\":\"https:\\\/\\\/schema.org\",\"@graph\":[{\"@type\":\"Article\",\"@id\":\"https:\\\/\\\/www.tribur.de\\\/blog\\\/2012\\\/10\\\/23\\\/kloster-limburg\\\/#article\",\"isPartOf\":{\"@id\":\"https:\\\/\\\/www.tribur.de\\\/blog\\\/2012\\\/10\\\/23\\\/kloster-limburg\\\/\"},\"author\":{\"name\":\"Markus Zwittmeier\",\"@id\":\"https:\\\/\\\/www.tribur.de\\\/blog\\\/#\\\/schema\\\/person\\\/3119997f09f43791809c2d1af27bba6c\"},\"headline\":\"Kloster Limburg\",\"datePublished\":\"2012-10-23T09:22:16+00:00\",\"mainEntityOfPage\":{\"@id\":\"https:\\\/\\\/www.tribur.de\\\/blog\\\/2012\\\/10\\\/23\\\/kloster-limburg\\\/\"},\"wordCount\":692,\"commentCount\":0,\"publisher\":{\"@id\":\"https:\\\/\\\/www.tribur.de\\\/blog\\\/#\\\/schema\\\/person\\\/3119997f09f43791809c2d1af27bba6c\"},\"image\":{\"@id\":\"https:\\\/\\\/www.tribur.de\\\/blog\\\/2012\\\/10\\\/23\\\/kloster-limburg\\\/#primaryimage\"},\"thumbnailUrl\":\"http:\\\/\\\/www.tribur.de\\\/blog\\\/wp-content\\\/uploads\\\/2012\\\/10\\\/upladlimburg1.jpg\",\"keywords\":[\"Architektur\",\"Hochmittelalter\",\"salisch\"],\"articleSection\":[\"Geschichte\"],\"inLanguage\":\"de\",\"potentialAction\":[{\"@type\":\"CommentAction\",\"name\":\"Comment\",\"target\":[\"https:\\\/\\\/www.tribur.de\\\/blog\\\/2012\\\/10\\\/23\\\/kloster-limburg\\\/#respond\"]}]},{\"@type\":\"WebPage\",\"@id\":\"https:\\\/\\\/www.tribur.de\\\/blog\\\/2012\\\/10\\\/23\\\/kloster-limburg\\\/\",\"url\":\"https:\\\/\\\/www.tribur.de\\\/blog\\\/2012\\\/10\\\/23\\\/kloster-limburg\\\/\",\"name\":\"Kloster Limburg - Tribur.de\",\"isPartOf\":{\"@id\":\"https:\\\/\\\/www.tribur.de\\\/blog\\\/#website\"},\"primaryImageOfPage\":{\"@id\":\"https:\\\/\\\/www.tribur.de\\\/blog\\\/2012\\\/10\\\/23\\\/kloster-limburg\\\/#primaryimage\"},\"image\":{\"@id\":\"https:\\\/\\\/www.tribur.de\\\/blog\\\/2012\\\/10\\\/23\\\/kloster-limburg\\\/#primaryimage\"},\"thumbnailUrl\":\"http:\\\/\\\/www.tribur.de\\\/blog\\\/wp-content\\\/uploads\\\/2012\\\/10\\\/upladlimburg1.jpg\",\"datePublished\":\"2012-10-23T09:22:16+00:00\",\"breadcrumb\":{\"@id\":\"https:\\\/\\\/www.tribur.de\\\/blog\\\/2012\\\/10\\\/23\\\/kloster-limburg\\\/#breadcrumb\"},\"inLanguage\":\"de\",\"potentialAction\":[{\"@type\":\"ReadAction\",\"target\":[\"https:\\\/\\\/www.tribur.de\\\/blog\\\/2012\\\/10\\\/23\\\/kloster-limburg\\\/\"]}]},{\"@type\":\"ImageObject\",\"inLanguage\":\"de\",\"@id\":\"https:\\\/\\\/www.tribur.de\\\/blog\\\/2012\\\/10\\\/23\\\/kloster-limburg\\\/#primaryimage\",\"url\":\"https:\\\/\\\/i0.wp.com\\\/www.tribur.de\\\/blog\\\/wp-content\\\/uploads\\\/2012\\\/10\\\/upladlimburg1.jpg?fit=300%2C400&ssl=1\",\"contentUrl\":\"https:\\\/\\\/i0.wp.com\\\/www.tribur.de\\\/blog\\\/wp-content\\\/uploads\\\/2012\\\/10\\\/upladlimburg1.jpg?fit=300%2C400&ssl=1\",\"width\":\"300\",\"height\":\"400\"},{\"@type\":\"BreadcrumbList\",\"@id\":\"https:\\\/\\\/www.tribur.de\\\/blog\\\/2012\\\/10\\\/23\\\/kloster-limburg\\\/#breadcrumb\",\"itemListElement\":[{\"@type\":\"ListItem\",\"position\":1,\"name\":\"Home\",\"item\":\"https:\\\/\\\/www.tribur.de\\\/blog\\\/\"},{\"@type\":\"ListItem\",\"position\":2,\"name\":\"Kloster Limburg\"}]},{\"@type\":\"WebSite\",\"@id\":\"https:\\\/\\\/www.tribur.de\\\/blog\\\/#website\",\"url\":\"https:\\\/\\\/www.tribur.de\\\/blog\\\/\",\"name\":\"Tribur.de\",\"description\":\"Tribur.de - Geschichte und so Zeugs\",\"publisher\":{\"@id\":\"https:\\\/\\\/www.tribur.de\\\/blog\\\/#\\\/schema\\\/person\\\/3119997f09f43791809c2d1af27bba6c\"},\"potentialAction\":[{\"@type\":\"SearchAction\",\"target\":{\"@type\":\"EntryPoint\",\"urlTemplate\":\"https:\\\/\\\/www.tribur.de\\\/blog\\\/?s={search_term_string}\"},\"query-input\":{\"@type\":\"PropertyValueSpecification\",\"valueRequired\":true,\"valueName\":\"search_term_string\"}}],\"inLanguage\":\"de\"},{\"@type\":[\"Person\",\"Organization\"],\"@id\":\"https:\\\/\\\/www.tribur.de\\\/blog\\\/#\\\/schema\\\/person\\\/3119997f09f43791809c2d1af27bba6c\",\"name\":\"Markus Zwittmeier\",\"image\":{\"@type\":\"ImageObject\",\"inLanguage\":\"de\",\"@id\":\"https:\\\/\\\/i0.wp.com\\\/www.tribur.de\\\/blog\\\/wp-content\\\/uploads\\\/2018\\\/09\\\/cropped-logotest-4.jpg?fit=200%2C200&ssl=1\",\"url\":\"https:\\\/\\\/i0.wp.com\\\/www.tribur.de\\\/blog\\\/wp-content\\\/uploads\\\/2018\\\/09\\\/cropped-logotest-4.jpg?fit=200%2C200&ssl=1\",\"contentUrl\":\"https:\\\/\\\/i0.wp.com\\\/www.tribur.de\\\/blog\\\/wp-content\\\/uploads\\\/2018\\\/09\\\/cropped-logotest-4.jpg?fit=200%2C200&ssl=1\",\"width\":200,\"height\":200,\"caption\":\"Markus Zwittmeier\"},\"logo\":{\"@id\":\"https:\\\/\\\/i0.wp.com\\\/www.tribur.de\\\/blog\\\/wp-content\\\/uploads\\\/2018\\\/09\\\/cropped-logotest-4.jpg?fit=200%2C200&ssl=1\"},\"sameAs\":[\"http:\\\/\\\/www.Tribur.de\",\"http:\\\/\\\/www.facebook.com\\\/pages\\\/Triburde\\\/184352328288771\",\"https:\\\/\\\/www.instagram.com\\\/tribur.de\\\/\",\"https:\\\/\\\/x.com\\\/https:\\\/\\\/twitter.com\\\/tribur\",\"https:\\\/\\\/www.youtube.com\\\/channel\\\/UCnEonou-x6_P4XPjBk2htCA\"],\"url\":\"https:\\\/\\\/www.tribur.de\\\/blog\\\/author\\\/markus\\\/\"}]}<\/script>\n<!-- \/ Yoast SEO plugin. -->","yoast_head_json":{"title":"Kloster Limburg - Tribur.de","robots":{"index":"index","follow":"follow","max-snippet":"max-snippet:-1","max-image-preview":"max-image-preview:large","max-video-preview":"max-video-preview:-1"},"canonical":"https:\/\/www.tribur.de\/blog\/2012\/10\/23\/kloster-limburg\/","og_locale":"de_DE","og_type":"article","og_title":"Kloster Limburg - Tribur.de","og_description":"Das sch\u00f6ne Herbstwetter am vergangenen Wochenende bot die M\u00f6glichkeit f\u00fcr einen Ausflug, den ich nutzte um eines der weniger beachtete salischen Baudenkm\u00e4ler zu besuchen. Die Salier waren seit dem 9. Jahrhundert Grafen im Wormsgau&#46;&#46;&#46;","og_url":"https:\/\/www.tribur.de\/blog\/2012\/10\/23\/kloster-limburg\/","og_site_name":"Tribur.de","article_publisher":"http:\/\/www.facebook.com\/pages\/Triburde\/184352328288771","article_author":"http:\/\/www.facebook.com\/pages\/Triburde\/184352328288771","article_published_time":"2012-10-23T09:22:16+00:00","og_image":[{"url":"http:\/\/www.tribur.de\/blog\/wp-content\/uploads\/2012\/10\/upladlimburg1.jpg","type":"","width":"","height":""}],"author":"Markus Zwittmeier","twitter_card":"summary_large_image","twitter_creator":"@https:\/\/twitter.com\/tribur","twitter_site":"@tribur","twitter_misc":{"Verfasst von":"Markus Zwittmeier","Gesch\u00e4tzte Lesezeit":"3\u00a0Minuten"},"schema":{"@context":"https:\/\/schema.org","@graph":[{"@type":"Article","@id":"https:\/\/www.tribur.de\/blog\/2012\/10\/23\/kloster-limburg\/#article","isPartOf":{"@id":"https:\/\/www.tribur.de\/blog\/2012\/10\/23\/kloster-limburg\/"},"author":{"name":"Markus Zwittmeier","@id":"https:\/\/www.tribur.de\/blog\/#\/schema\/person\/3119997f09f43791809c2d1af27bba6c"},"headline":"Kloster Limburg","datePublished":"2012-10-23T09:22:16+00:00","mainEntityOfPage":{"@id":"https:\/\/www.tribur.de\/blog\/2012\/10\/23\/kloster-limburg\/"},"wordCount":692,"commentCount":0,"publisher":{"@id":"https:\/\/www.tribur.de\/blog\/#\/schema\/person\/3119997f09f43791809c2d1af27bba6c"},"image":{"@id":"https:\/\/www.tribur.de\/blog\/2012\/10\/23\/kloster-limburg\/#primaryimage"},"thumbnailUrl":"http:\/\/www.tribur.de\/blog\/wp-content\/uploads\/2012\/10\/upladlimburg1.jpg","keywords":["Architektur","Hochmittelalter","salisch"],"articleSection":["Geschichte"],"inLanguage":"de","potentialAction":[{"@type":"CommentAction","name":"Comment","target":["https:\/\/www.tribur.de\/blog\/2012\/10\/23\/kloster-limburg\/#respond"]}]},{"@type":"WebPage","@id":"https:\/\/www.tribur.de\/blog\/2012\/10\/23\/kloster-limburg\/","url":"https:\/\/www.tribur.de\/blog\/2012\/10\/23\/kloster-limburg\/","name":"Kloster Limburg - Tribur.de","isPartOf":{"@id":"https:\/\/www.tribur.de\/blog\/#website"},"primaryImageOfPage":{"@id":"https:\/\/www.tribur.de\/blog\/2012\/10\/23\/kloster-limburg\/#primaryimage"},"image":{"@id":"https:\/\/www.tribur.de\/blog\/2012\/10\/23\/kloster-limburg\/#primaryimage"},"thumbnailUrl":"http:\/\/www.tribur.de\/blog\/wp-content\/uploads\/2012\/10\/upladlimburg1.jpg","datePublished":"2012-10-23T09:22:16+00:00","breadcrumb":{"@id":"https:\/\/www.tribur.de\/blog\/2012\/10\/23\/kloster-limburg\/#breadcrumb"},"inLanguage":"de","potentialAction":[{"@type":"ReadAction","target":["https:\/\/www.tribur.de\/blog\/2012\/10\/23\/kloster-limburg\/"]}]},{"@type":"ImageObject","inLanguage":"de","@id":"https:\/\/www.tribur.de\/blog\/2012\/10\/23\/kloster-limburg\/#primaryimage","url":"https:\/\/i0.wp.com\/www.tribur.de\/blog\/wp-content\/uploads\/2012\/10\/upladlimburg1.jpg?fit=300%2C400&ssl=1","contentUrl":"https:\/\/i0.wp.com\/www.tribur.de\/blog\/wp-content\/uploads\/2012\/10\/upladlimburg1.jpg?fit=300%2C400&ssl=1","width":"300","height":"400"},{"@type":"BreadcrumbList","@id":"https:\/\/www.tribur.de\/blog\/2012\/10\/23\/kloster-limburg\/#breadcrumb","itemListElement":[{"@type":"ListItem","position":1,"name":"Home","item":"https:\/\/www.tribur.de\/blog\/"},{"@type":"ListItem","position":2,"name":"Kloster Limburg"}]},{"@type":"WebSite","@id":"https:\/\/www.tribur.de\/blog\/#website","url":"https:\/\/www.tribur.de\/blog\/","name":"Tribur.de","description":"Tribur.de - Geschichte und so Zeugs","publisher":{"@id":"https:\/\/www.tribur.de\/blog\/#\/schema\/person\/3119997f09f43791809c2d1af27bba6c"},"potentialAction":[{"@type":"SearchAction","target":{"@type":"EntryPoint","urlTemplate":"https:\/\/www.tribur.de\/blog\/?s={search_term_string}"},"query-input":{"@type":"PropertyValueSpecification","valueRequired":true,"valueName":"search_term_string"}}],"inLanguage":"de"},{"@type":["Person","Organization"],"@id":"https:\/\/www.tribur.de\/blog\/#\/schema\/person\/3119997f09f43791809c2d1af27bba6c","name":"Markus Zwittmeier","image":{"@type":"ImageObject","inLanguage":"de","@id":"https:\/\/i0.wp.com\/www.tribur.de\/blog\/wp-content\/uploads\/2018\/09\/cropped-logotest-4.jpg?fit=200%2C200&ssl=1","url":"https:\/\/i0.wp.com\/www.tribur.de\/blog\/wp-content\/uploads\/2018\/09\/cropped-logotest-4.jpg?fit=200%2C200&ssl=1","contentUrl":"https:\/\/i0.wp.com\/www.tribur.de\/blog\/wp-content\/uploads\/2018\/09\/cropped-logotest-4.jpg?fit=200%2C200&ssl=1","width":200,"height":200,"caption":"Markus Zwittmeier"},"logo":{"@id":"https:\/\/i0.wp.com\/www.tribur.de\/blog\/wp-content\/uploads\/2018\/09\/cropped-logotest-4.jpg?fit=200%2C200&ssl=1"},"sameAs":["http:\/\/www.Tribur.de","http:\/\/www.facebook.com\/pages\/Triburde\/184352328288771","https:\/\/www.instagram.com\/tribur.de\/","https:\/\/x.com\/https:\/\/twitter.com\/tribur","https:\/\/www.youtube.com\/channel\/UCnEonou-x6_P4XPjBk2htCA"],"url":"https:\/\/www.tribur.de\/blog\/author\/markus\/"}]}},"jetpack_publicize_connections":[],"jetpack_featured_media_url":"","jetpack_shortlink":"https:\/\/wp.me\/p1mHPu-5Pc","jetpack_sharing_enabled":true,"_links":{"self":[{"href":"https:\/\/www.tribur.de\/blog\/wp-json\/wp\/v2\/posts\/22394","targetHints":{"allow":["GET"]}}],"collection":[{"href":"https:\/\/www.tribur.de\/blog\/wp-json\/wp\/v2\/posts"}],"about":[{"href":"https:\/\/www.tribur.de\/blog\/wp-json\/wp\/v2\/types\/post"}],"author":[{"embeddable":true,"href":"https:\/\/www.tribur.de\/blog\/wp-json\/wp\/v2\/users\/2"}],"replies":[{"embeddable":true,"href":"https:\/\/www.tribur.de\/blog\/wp-json\/wp\/v2\/comments?post=22394"}],"version-history":[{"count":16,"href":"https:\/\/www.tribur.de\/blog\/wp-json\/wp\/v2\/posts\/22394\/revisions"}],"predecessor-version":[{"id":22440,"href":"https:\/\/www.tribur.de\/blog\/wp-json\/wp\/v2\/posts\/22394\/revisions\/22440"}],"wp:attachment":[{"href":"https:\/\/www.tribur.de\/blog\/wp-json\/wp\/v2\/media?parent=22394"}],"wp:term":[{"taxonomy":"category","embeddable":true,"href":"https:\/\/www.tribur.de\/blog\/wp-json\/wp\/v2\/categories?post=22394"},{"taxonomy":"post_tag","embeddable":true,"href":"https:\/\/www.tribur.de\/blog\/wp-json\/wp\/v2\/tags?post=22394"}],"curies":[{"name":"wp","href":"https:\/\/api.w.org\/{rel}","templated":true}]}}