{"id":22388,"date":"2012-10-22T10:57:23","date_gmt":"2012-10-22T08:57:23","guid":{"rendered":"http:\/\/www.tribur.de\/blog\/?p=22388"},"modified":"2012-10-22T11:00:54","modified_gmt":"2012-10-22T09:00:54","slug":"vortrag-dr-maurer-das-nordliche-hessische-ried-in-romischer-zeit-video","status":"publish","type":"post","link":"https:\/\/www.tribur.de\/blog\/2012\/10\/22\/vortrag-dr-maurer-das-nordliche-hessische-ried-in-romischer-zeit-video\/","title":{"rendered":"Vortrag Dr. Maurer &#8211; Das n\u00f6rdliche hessische Ried in r\u00f6mischer Zeit (Video)"},"content":{"rendered":"<p>Vergangen Freitag war war ich auf einem Vortrag von Dr. Thomas Mauer mit dem Thema &#8222;Das n\u00f6rdliche hessische Ried in r\u00f6mischer Zeit&#8220;, der vom F\u00f6rderverein der Eugen Schenkel Stiftung veranstaltet wurde. Ich fragte Dr. Maurer ob ich den Vortrag mitschneiden und ins Blogstellen d\u00fcrfte. Und ratet mal was er sagte! Ja, sagte er! Wow das ist klasse und ich w\u00fcnschte mir das das auch andere Wissenschaftler erlauben w\u00fcrden. Los gebt Euch alle nen ruck! Hier nun das Video (der Raum war etwas klein, weshalb Dr. Maurer irgendwie kaum zu sehen ist, aber daf\u00fcr die Pr\u00e4sentation):<br \/>\n<iframe loading=\"lazy\" src=\"http:\/\/www.youtube.com\/embed\/XP30kVO-Ljk\" frameborder=\"0\" width=\"560\" height=\"420\"><\/iframe><\/p>\n<p>Das Buch, also die Dissertation von Dr. Maurer, von der er spricht findet sich als: \u00a0Thomas Maurer:\u00a0<em>Das n\u00f6rdliche Hessische Ried in r\u00f6mischer Zeit. Untersuchungen zur Landschafts- und Siedlungsgeschichte im rechtsrheinischen Vorfeld von Mainz vom 1. bis 5. Jahrhundert n. Chr.<\/em>\u00a0Habelt, Bonn 2011,\u00a0ISBN 978-3-7749-3660-7<\/p>\n","protected":false},"excerpt":{"rendered":"<p>Vergangen Freitag war war ich auf einem Vortrag von Dr. Thomas Mauer mit dem Thema &#8222;Das n\u00f6rdliche hessische Ried in r\u00f6mischer Zeit&#8220;, der vom F\u00f6rderverein der Eugen Schenkel Stiftung veranstaltet wurde. Ich fragte Dr.&#46;&#46;&#46;<\/p>\n","protected":false},"author":2,"featured_media":0,"comment_status":"open","ping_status":"open","sticky":false,"template":"","format":"standard","meta":{"jetpack_post_was_ever_published":false,"_jetpack_newsletter_access":"","_jetpack_dont_email_post_to_subs":false,"_jetpack_newsletter_tier_id":0,"_jetpack_memberships_contains_paywalled_content":false,"_jetpack_memberships_contains_paid_content":false,"footnotes":"","jetpack_publicize_message":"","jetpack_publicize_feature_enabled":true,"jetpack_social_post_already_shared":false,"jetpack_social_options":{"image_generator_settings":{"template":"highway","default_image_id":0,"font":"","enabled":false},"version":2}},"categories":[1],"tags":[31,16,26],"class_list":["post-22388","post","type-post","status-publish","format-standard","hentry","category-geschichte","tag-romisch","tag-trebur","tag-vortrag"],"yoast_head":"<!-- This site is optimized with the Yoast SEO plugin v27.4 - https:\/\/yoast.com\/product\/yoast-seo-wordpress\/ -->\n<title>Vortrag Dr. Maurer - Das n\u00f6rdliche hessische Ried in r\u00f6mischer Zeit (Video) - Tribur.de<\/title>\n<meta name=\"robots\" content=\"index, follow, max-snippet:-1, max-image-preview:large, max-video-preview:-1\" \/>\n<link rel=\"canonical\" href=\"https:\/\/www.tribur.de\/blog\/2012\/10\/22\/vortrag-dr-maurer-das-nordliche-hessische-ried-in-romischer-zeit-video\/\" \/>\n<meta property=\"og:locale\" content=\"de_DE\" \/>\n<meta property=\"og:type\" content=\"article\" \/>\n<meta property=\"og:title\" content=\"Vortrag Dr. Maurer - Das n\u00f6rdliche hessische Ried in r\u00f6mischer Zeit (Video) - Tribur.de\" \/>\n<meta property=\"og:description\" content=\"Vergangen Freitag war war ich auf einem Vortrag von Dr. Thomas Mauer mit dem Thema &#8222;Das n\u00f6rdliche hessische Ried in r\u00f6mischer Zeit&#8220;, der vom F\u00f6rderverein der Eugen Schenkel Stiftung veranstaltet wurde. Ich fragte Dr.&#046;&#046;&#046;\" \/>\n<meta property=\"og:url\" content=\"https:\/\/www.tribur.de\/blog\/2012\/10\/22\/vortrag-dr-maurer-das-nordliche-hessische-ried-in-romischer-zeit-video\/\" \/>\n<meta property=\"og:site_name\" content=\"Tribur.de\" \/>\n<meta property=\"article:publisher\" content=\"http:\/\/www.facebook.com\/pages\/Triburde\/184352328288771\" \/>\n<meta property=\"article:author\" content=\"http:\/\/www.facebook.com\/pages\/Triburde\/184352328288771\" \/>\n<meta property=\"article:published_time\" content=\"2012-10-22T08:57:23+00:00\" \/>\n<meta property=\"article:modified_time\" content=\"2012-10-22T09:00:54+00:00\" \/>\n<meta property=\"og:image\" content=\"https:\/\/i0.wp.com\/www.tribur.de\/blog\/wp-content\/uploads\/2018\/09\/cropped-logotest-2.jpg?fit=200%2C200&ssl=1\" \/>\n\t<meta property=\"og:image:width\" content=\"200\" \/>\n\t<meta property=\"og:image:height\" content=\"200\" \/>\n\t<meta property=\"og:image:type\" content=\"image\/jpeg\" \/>\n<meta name=\"author\" content=\"Markus Zwittmeier\" \/>\n<meta name=\"twitter:card\" content=\"summary_large_image\" \/>\n<meta name=\"twitter:creator\" content=\"@https:\/\/twitter.com\/tribur\" \/>\n<meta name=\"twitter:site\" content=\"@tribur\" \/>\n<meta name=\"twitter:label1\" content=\"Verfasst von\" \/>\n\t<meta name=\"twitter:data1\" content=\"Markus Zwittmeier\" \/>\n\t<meta name=\"twitter:label2\" content=\"Gesch\u00e4tzte Lesezeit\" \/>\n\t<meta name=\"twitter:data2\" content=\"1\u00a0Minute\" \/>\n<script type=\"application\/ld+json\" class=\"yoast-schema-graph\">{\"@context\":\"https:\\\/\\\/schema.org\",\"@graph\":[{\"@type\":\"Article\",\"@id\":\"https:\\\/\\\/www.tribur.de\\\/blog\\\/2012\\\/10\\\/22\\\/vortrag-dr-maurer-das-nordliche-hessische-ried-in-romischer-zeit-video\\\/#article\",\"isPartOf\":{\"@id\":\"https:\\\/\\\/www.tribur.de\\\/blog\\\/2012\\\/10\\\/22\\\/vortrag-dr-maurer-das-nordliche-hessische-ried-in-romischer-zeit-video\\\/\"},\"author\":{\"name\":\"Markus Zwittmeier\",\"@id\":\"https:\\\/\\\/www.tribur.de\\\/blog\\\/#\\\/schema\\\/person\\\/3119997f09f43791809c2d1af27bba6c\"},\"headline\":\"Vortrag Dr. Maurer &#8211; Das n\u00f6rdliche hessische Ried in r\u00f6mischer Zeit (Video)\",\"datePublished\":\"2012-10-22T08:57:23+00:00\",\"dateModified\":\"2012-10-22T09:00:54+00:00\",\"mainEntityOfPage\":{\"@id\":\"https:\\\/\\\/www.tribur.de\\\/blog\\\/2012\\\/10\\\/22\\\/vortrag-dr-maurer-das-nordliche-hessische-ried-in-romischer-zeit-video\\\/\"},\"wordCount\":165,\"commentCount\":0,\"publisher\":{\"@id\":\"https:\\\/\\\/www.tribur.de\\\/blog\\\/#\\\/schema\\\/person\\\/3119997f09f43791809c2d1af27bba6c\"},\"keywords\":[\"r\u00f6misch\",\"Trebur\\\/Tribur\",\"Vortrag\"],\"articleSection\":[\"Geschichte\"],\"inLanguage\":\"de\",\"potentialAction\":[{\"@type\":\"CommentAction\",\"name\":\"Comment\",\"target\":[\"https:\\\/\\\/www.tribur.de\\\/blog\\\/2012\\\/10\\\/22\\\/vortrag-dr-maurer-das-nordliche-hessische-ried-in-romischer-zeit-video\\\/#respond\"]}]},{\"@type\":\"WebPage\",\"@id\":\"https:\\\/\\\/www.tribur.de\\\/blog\\\/2012\\\/10\\\/22\\\/vortrag-dr-maurer-das-nordliche-hessische-ried-in-romischer-zeit-video\\\/\",\"url\":\"https:\\\/\\\/www.tribur.de\\\/blog\\\/2012\\\/10\\\/22\\\/vortrag-dr-maurer-das-nordliche-hessische-ried-in-romischer-zeit-video\\\/\",\"name\":\"Vortrag Dr. Maurer - Das n\u00f6rdliche hessische Ried in r\u00f6mischer Zeit (Video) - Tribur.de\",\"isPartOf\":{\"@id\":\"https:\\\/\\\/www.tribur.de\\\/blog\\\/#website\"},\"datePublished\":\"2012-10-22T08:57:23+00:00\",\"dateModified\":\"2012-10-22T09:00:54+00:00\",\"breadcrumb\":{\"@id\":\"https:\\\/\\\/www.tribur.de\\\/blog\\\/2012\\\/10\\\/22\\\/vortrag-dr-maurer-das-nordliche-hessische-ried-in-romischer-zeit-video\\\/#breadcrumb\"},\"inLanguage\":\"de\",\"potentialAction\":[{\"@type\":\"ReadAction\",\"target\":[\"https:\\\/\\\/www.tribur.de\\\/blog\\\/2012\\\/10\\\/22\\\/vortrag-dr-maurer-das-nordliche-hessische-ried-in-romischer-zeit-video\\\/\"]}]},{\"@type\":\"BreadcrumbList\",\"@id\":\"https:\\\/\\\/www.tribur.de\\\/blog\\\/2012\\\/10\\\/22\\\/vortrag-dr-maurer-das-nordliche-hessische-ried-in-romischer-zeit-video\\\/#breadcrumb\",\"itemListElement\":[{\"@type\":\"ListItem\",\"position\":1,\"name\":\"Home\",\"item\":\"https:\\\/\\\/www.tribur.de\\\/blog\\\/\"},{\"@type\":\"ListItem\",\"position\":2,\"name\":\"Vortrag Dr. Maurer &#8211; Das n\u00f6rdliche hessische Ried in r\u00f6mischer Zeit (Video)\"}]},{\"@type\":\"WebSite\",\"@id\":\"https:\\\/\\\/www.tribur.de\\\/blog\\\/#website\",\"url\":\"https:\\\/\\\/www.tribur.de\\\/blog\\\/\",\"name\":\"Tribur.de\",\"description\":\"Tribur.de - Geschichte und so Zeugs\",\"publisher\":{\"@id\":\"https:\\\/\\\/www.tribur.de\\\/blog\\\/#\\\/schema\\\/person\\\/3119997f09f43791809c2d1af27bba6c\"},\"potentialAction\":[{\"@type\":\"SearchAction\",\"target\":{\"@type\":\"EntryPoint\",\"urlTemplate\":\"https:\\\/\\\/www.tribur.de\\\/blog\\\/?s={search_term_string}\"},\"query-input\":{\"@type\":\"PropertyValueSpecification\",\"valueRequired\":true,\"valueName\":\"search_term_string\"}}],\"inLanguage\":\"de\"},{\"@type\":[\"Person\",\"Organization\"],\"@id\":\"https:\\\/\\\/www.tribur.de\\\/blog\\\/#\\\/schema\\\/person\\\/3119997f09f43791809c2d1af27bba6c\",\"name\":\"Markus Zwittmeier\",\"image\":{\"@type\":\"ImageObject\",\"inLanguage\":\"de\",\"@id\":\"https:\\\/\\\/i0.wp.com\\\/www.tribur.de\\\/blog\\\/wp-content\\\/uploads\\\/2018\\\/09\\\/cropped-logotest-4.jpg?fit=200%2C200&ssl=1\",\"url\":\"https:\\\/\\\/i0.wp.com\\\/www.tribur.de\\\/blog\\\/wp-content\\\/uploads\\\/2018\\\/09\\\/cropped-logotest-4.jpg?fit=200%2C200&ssl=1\",\"contentUrl\":\"https:\\\/\\\/i0.wp.com\\\/www.tribur.de\\\/blog\\\/wp-content\\\/uploads\\\/2018\\\/09\\\/cropped-logotest-4.jpg?fit=200%2C200&ssl=1\",\"width\":200,\"height\":200,\"caption\":\"Markus Zwittmeier\"},\"logo\":{\"@id\":\"https:\\\/\\\/i0.wp.com\\\/www.tribur.de\\\/blog\\\/wp-content\\\/uploads\\\/2018\\\/09\\\/cropped-logotest-4.jpg?fit=200%2C200&ssl=1\"},\"sameAs\":[\"http:\\\/\\\/www.Tribur.de\",\"http:\\\/\\\/www.facebook.com\\\/pages\\\/Triburde\\\/184352328288771\",\"https:\\\/\\\/www.instagram.com\\\/tribur.de\\\/\",\"https:\\\/\\\/x.com\\\/https:\\\/\\\/twitter.com\\\/tribur\",\"https:\\\/\\\/www.youtube.com\\\/channel\\\/UCnEonou-x6_P4XPjBk2htCA\"],\"url\":\"https:\\\/\\\/www.tribur.de\\\/blog\\\/author\\\/markus\\\/\"}]}<\/script>\n<!-- \/ Yoast SEO plugin. -->","yoast_head_json":{"title":"Vortrag Dr. Maurer - Das n\u00f6rdliche hessische Ried in r\u00f6mischer Zeit (Video) - Tribur.de","robots":{"index":"index","follow":"follow","max-snippet":"max-snippet:-1","max-image-preview":"max-image-preview:large","max-video-preview":"max-video-preview:-1"},"canonical":"https:\/\/www.tribur.de\/blog\/2012\/10\/22\/vortrag-dr-maurer-das-nordliche-hessische-ried-in-romischer-zeit-video\/","og_locale":"de_DE","og_type":"article","og_title":"Vortrag Dr. Maurer - Das n\u00f6rdliche hessische Ried in r\u00f6mischer Zeit (Video) - Tribur.de","og_description":"Vergangen Freitag war war ich auf einem Vortrag von Dr. Thomas Mauer mit dem Thema &#8222;Das n\u00f6rdliche hessische Ried in r\u00f6mischer Zeit&#8220;, der vom F\u00f6rderverein der Eugen Schenkel Stiftung veranstaltet wurde. Ich fragte Dr.&#46;&#46;&#46;","og_url":"https:\/\/www.tribur.de\/blog\/2012\/10\/22\/vortrag-dr-maurer-das-nordliche-hessische-ried-in-romischer-zeit-video\/","og_site_name":"Tribur.de","article_publisher":"http:\/\/www.facebook.com\/pages\/Triburde\/184352328288771","article_author":"http:\/\/www.facebook.com\/pages\/Triburde\/184352328288771","article_published_time":"2012-10-22T08:57:23+00:00","article_modified_time":"2012-10-22T09:00:54+00:00","og_image":[{"width":200,"height":200,"url":"https:\/\/i0.wp.com\/www.tribur.de\/blog\/wp-content\/uploads\/2018\/09\/cropped-logotest-2.jpg?fit=200%2C200&ssl=1","type":"image\/jpeg"}],"author":"Markus Zwittmeier","twitter_card":"summary_large_image","twitter_creator":"@https:\/\/twitter.com\/tribur","twitter_site":"@tribur","twitter_misc":{"Verfasst von":"Markus Zwittmeier","Gesch\u00e4tzte Lesezeit":"1\u00a0Minute"},"schema":{"@context":"https:\/\/schema.org","@graph":[{"@type":"Article","@id":"https:\/\/www.tribur.de\/blog\/2012\/10\/22\/vortrag-dr-maurer-das-nordliche-hessische-ried-in-romischer-zeit-video\/#article","isPartOf":{"@id":"https:\/\/www.tribur.de\/blog\/2012\/10\/22\/vortrag-dr-maurer-das-nordliche-hessische-ried-in-romischer-zeit-video\/"},"author":{"name":"Markus Zwittmeier","@id":"https:\/\/www.tribur.de\/blog\/#\/schema\/person\/3119997f09f43791809c2d1af27bba6c"},"headline":"Vortrag Dr. Maurer &#8211; Das n\u00f6rdliche hessische Ried in r\u00f6mischer Zeit (Video)","datePublished":"2012-10-22T08:57:23+00:00","dateModified":"2012-10-22T09:00:54+00:00","mainEntityOfPage":{"@id":"https:\/\/www.tribur.de\/blog\/2012\/10\/22\/vortrag-dr-maurer-das-nordliche-hessische-ried-in-romischer-zeit-video\/"},"wordCount":165,"commentCount":0,"publisher":{"@id":"https:\/\/www.tribur.de\/blog\/#\/schema\/person\/3119997f09f43791809c2d1af27bba6c"},"keywords":["r\u00f6misch","Trebur\/Tribur","Vortrag"],"articleSection":["Geschichte"],"inLanguage":"de","potentialAction":[{"@type":"CommentAction","name":"Comment","target":["https:\/\/www.tribur.de\/blog\/2012\/10\/22\/vortrag-dr-maurer-das-nordliche-hessische-ried-in-romischer-zeit-video\/#respond"]}]},{"@type":"WebPage","@id":"https:\/\/www.tribur.de\/blog\/2012\/10\/22\/vortrag-dr-maurer-das-nordliche-hessische-ried-in-romischer-zeit-video\/","url":"https:\/\/www.tribur.de\/blog\/2012\/10\/22\/vortrag-dr-maurer-das-nordliche-hessische-ried-in-romischer-zeit-video\/","name":"Vortrag Dr. Maurer - Das n\u00f6rdliche hessische Ried in r\u00f6mischer Zeit (Video) - Tribur.de","isPartOf":{"@id":"https:\/\/www.tribur.de\/blog\/#website"},"datePublished":"2012-10-22T08:57:23+00:00","dateModified":"2012-10-22T09:00:54+00:00","breadcrumb":{"@id":"https:\/\/www.tribur.de\/blog\/2012\/10\/22\/vortrag-dr-maurer-das-nordliche-hessische-ried-in-romischer-zeit-video\/#breadcrumb"},"inLanguage":"de","potentialAction":[{"@type":"ReadAction","target":["https:\/\/www.tribur.de\/blog\/2012\/10\/22\/vortrag-dr-maurer-das-nordliche-hessische-ried-in-romischer-zeit-video\/"]}]},{"@type":"BreadcrumbList","@id":"https:\/\/www.tribur.de\/blog\/2012\/10\/22\/vortrag-dr-maurer-das-nordliche-hessische-ried-in-romischer-zeit-video\/#breadcrumb","itemListElement":[{"@type":"ListItem","position":1,"name":"Home","item":"https:\/\/www.tribur.de\/blog\/"},{"@type":"ListItem","position":2,"name":"Vortrag Dr. Maurer &#8211; Das n\u00f6rdliche hessische Ried in r\u00f6mischer Zeit (Video)"}]},{"@type":"WebSite","@id":"https:\/\/www.tribur.de\/blog\/#website","url":"https:\/\/www.tribur.de\/blog\/","name":"Tribur.de","description":"Tribur.de - Geschichte und so Zeugs","publisher":{"@id":"https:\/\/www.tribur.de\/blog\/#\/schema\/person\/3119997f09f43791809c2d1af27bba6c"},"potentialAction":[{"@type":"SearchAction","target":{"@type":"EntryPoint","urlTemplate":"https:\/\/www.tribur.de\/blog\/?s={search_term_string}"},"query-input":{"@type":"PropertyValueSpecification","valueRequired":true,"valueName":"search_term_string"}}],"inLanguage":"de"},{"@type":["Person","Organization"],"@id":"https:\/\/www.tribur.de\/blog\/#\/schema\/person\/3119997f09f43791809c2d1af27bba6c","name":"Markus Zwittmeier","image":{"@type":"ImageObject","inLanguage":"de","@id":"https:\/\/i0.wp.com\/www.tribur.de\/blog\/wp-content\/uploads\/2018\/09\/cropped-logotest-4.jpg?fit=200%2C200&ssl=1","url":"https:\/\/i0.wp.com\/www.tribur.de\/blog\/wp-content\/uploads\/2018\/09\/cropped-logotest-4.jpg?fit=200%2C200&ssl=1","contentUrl":"https:\/\/i0.wp.com\/www.tribur.de\/blog\/wp-content\/uploads\/2018\/09\/cropped-logotest-4.jpg?fit=200%2C200&ssl=1","width":200,"height":200,"caption":"Markus Zwittmeier"},"logo":{"@id":"https:\/\/i0.wp.com\/www.tribur.de\/blog\/wp-content\/uploads\/2018\/09\/cropped-logotest-4.jpg?fit=200%2C200&ssl=1"},"sameAs":["http:\/\/www.Tribur.de","http:\/\/www.facebook.com\/pages\/Triburde\/184352328288771","https:\/\/www.instagram.com\/tribur.de\/","https:\/\/x.com\/https:\/\/twitter.com\/tribur","https:\/\/www.youtube.com\/channel\/UCnEonou-x6_P4XPjBk2htCA"],"url":"https:\/\/www.tribur.de\/blog\/author\/markus\/"}]}},"jetpack_publicize_connections":[],"jetpack_featured_media_url":"","jetpack_shortlink":"https:\/\/wp.me\/p1mHPu-5P6","jetpack_sharing_enabled":true,"_links":{"self":[{"href":"https:\/\/www.tribur.de\/blog\/wp-json\/wp\/v2\/posts\/22388","targetHints":{"allow":["GET"]}}],"collection":[{"href":"https:\/\/www.tribur.de\/blog\/wp-json\/wp\/v2\/posts"}],"about":[{"href":"https:\/\/www.tribur.de\/blog\/wp-json\/wp\/v2\/types\/post"}],"author":[{"embeddable":true,"href":"https:\/\/www.tribur.de\/blog\/wp-json\/wp\/v2\/users\/2"}],"replies":[{"embeddable":true,"href":"https:\/\/www.tribur.de\/blog\/wp-json\/wp\/v2\/comments?post=22388"}],"version-history":[{"count":9,"href":"https:\/\/www.tribur.de\/blog\/wp-json\/wp\/v2\/posts\/22388\/revisions"}],"predecessor-version":[{"id":22428,"href":"https:\/\/www.tribur.de\/blog\/wp-json\/wp\/v2\/posts\/22388\/revisions\/22428"}],"wp:attachment":[{"href":"https:\/\/www.tribur.de\/blog\/wp-json\/wp\/v2\/media?parent=22388"}],"wp:term":[{"taxonomy":"category","embeddable":true,"href":"https:\/\/www.tribur.de\/blog\/wp-json\/wp\/v2\/categories?post=22388"},{"taxonomy":"post_tag","embeddable":true,"href":"https:\/\/www.tribur.de\/blog\/wp-json\/wp\/v2\/tags?post=22388"}],"curies":[{"name":"wp","href":"https:\/\/api.w.org\/{rel}","templated":true}]}}