{"id":21812,"date":"2012-09-03T11:02:46","date_gmt":"2012-09-03T09:02:46","guid":{"rendered":"http:\/\/www.tribur.de\/blog\/?p=21812"},"modified":"2012-09-03T11:02:46","modified_gmt":"2012-09-03T09:02:46","slug":"lehrgrabung-im-romerlager-wallerstadten","status":"publish","type":"post","link":"https:\/\/www.tribur.de\/blog\/2012\/09\/03\/lehrgrabung-im-romerlager-wallerstadten\/","title":{"rendered":"Lehrgrabung im R\u00f6merlager Wallerst\u00e4dten"},"content":{"rendered":"<p>Dr. Thomas Maurer hat in den vergangenen Wochen ernaut eine Lehrgrabung im Bereich des r\u00f6mishen Lagers Wallerst\u00e4dten durchgef\u00fchrt. Eigentlich sollte die Grabung vergangenen Freitag beendet gewesen sein, man hat sich jedoch entschlossen auch noch am Samstag zu graben.<\/p>\n<p><a href=\"https:\/\/i0.wp.com\/www.tribur.de\/blog\/wp-content\/uploads\/2012\/08\/wallerst%C3%A4dten.jpg?ssl=1\"><img data-recalc-dims=\"1\" loading=\"lazy\" decoding=\"async\" class=\"aligncenter size-full wp-image-21815\" title=\"wallerst\u00e4dten\" src=\"https:\/\/i0.wp.com\/www.tribur.de\/blog\/wp-content\/uploads\/2012\/08\/wallerst%C3%A4dten.jpg?resize=560%2C187&#038;ssl=1\" alt=\"\" width=\"560\" height=\"187\" srcset=\"https:\/\/i0.wp.com\/www.tribur.de\/blog\/wp-content\/uploads\/2012\/08\/wallerst%C3%A4dten.jpg?w=560&amp;ssl=1 560w, https:\/\/i0.wp.com\/www.tribur.de\/blog\/wp-content\/uploads\/2012\/08\/wallerst%C3%A4dten.jpg?resize=300%2C100&amp;ssl=1 300w\" sizes=\"auto, (max-width: 560px) 100vw, 560px\" \/><\/a><\/p>\n<p>Vergangenen Freitag habe ich der Grabung einen Besuch abgestattet. Dr. Maurer war so freundlich mir die Grabung zu erl\u00e4utern. Die Grabungsfl\u00e4che erstreckte sich dieses mal westlich der letzten Grabung.<\/p>\n<p>Geb\u00e4udereste konnten nicht gefunden, kein Pfostenloch wurde gefunden, daf\u00fcr einige \u00d6fen. Da keine Metallschlacke gefunden wurde und die zerscherbte Terra Sigillata aus sp\u00e4ter Zeit stammt geht man davon aus das es sich um Back\u00f6fen <a href=\"https:\/\/i0.wp.com\/www.tribur.de\/blog\/wp-content\/uploads\/2012\/08\/ofen.jpg?ssl=1\"><img data-recalc-dims=\"1\" loading=\"lazy\" decoding=\"async\" class=\"alignleft size-full wp-image-21816\" title=\"ofen\" src=\"https:\/\/i0.wp.com\/www.tribur.de\/blog\/wp-content\/uploads\/2012\/08\/ofen.jpg?resize=320%2C293&#038;ssl=1\" alt=\"\" width=\"320\" height=\"293\" srcset=\"https:\/\/i0.wp.com\/www.tribur.de\/blog\/wp-content\/uploads\/2012\/08\/ofen.jpg?w=320&amp;ssl=1 320w, https:\/\/i0.wp.com\/www.tribur.de\/blog\/wp-content\/uploads\/2012\/08\/ofen.jpg?resize=300%2C274&amp;ssl=1 300w\" sizes=\"auto, (max-width: 320px) 100vw, 320px\" \/><\/a>handelt. Diese waren, so der jetzige Stand, einfach in dem Lehmboden eingetieft worden und nicht gemauert.<\/p>\n<p>Maurer erl\u00e4utete, das man m\u00f6glicherweise den Innenhof einer <em>fabrica\u00a0<\/em>aufgedeckt haben k\u00f6nnte, ohne dabei das umschlie\u00dfende Geb\u00e4ude angeschnitten zu haben.<\/p>\n<p>Die Funde datieren wahrscheinlich in neroisch\/claudische Zeit ohne dies allerdings n\u00e4her definieren zu k\u00f6nnen. Es besteht auch die m\u00f6glichkeit das die \u00d6fen bereits vor Einrichtung des Lagers existierten. Eine gefundene Fibel (keine Ahnung welche) kann nur schwer einen Hinweis geben, da diese durchaus \u00fcber einen l\u00e4ngeren Zeitraum genutzt worden sein k\u00f6nnte.<\/p>\n","protected":false},"excerpt":{"rendered":"<p>Dr. Thomas Maurer hat in den vergangenen Wochen ernaut eine Lehrgrabung im Bereich des r\u00f6mishen Lagers Wallerst\u00e4dten durchgef\u00fchrt. Eigentlich sollte die Grabung vergangenen Freitag beendet gewesen sein, man hat sich jedoch entschlossen auch noch&#46;&#46;&#46;<\/p>\n","protected":false},"author":2,"featured_media":0,"comment_status":"open","ping_status":"open","sticky":false,"template":"","format":"standard","meta":{"jetpack_post_was_ever_published":false,"_jetpack_newsletter_access":"","_jetpack_dont_email_post_to_subs":false,"_jetpack_newsletter_tier_id":0,"_jetpack_memberships_contains_paywalled_content":false,"_jetpack_memberships_contains_paid_content":false,"footnotes":"","jetpack_publicize_message":"","jetpack_publicize_feature_enabled":true,"jetpack_social_post_already_shared":false,"jetpack_social_options":{"image_generator_settings":{"template":"highway","default_image_id":0,"font":"","enabled":false},"version":2}},"categories":[1],"tags":[54,31],"class_list":["post-21812","post","type-post","status-publish","format-standard","hentry","category-geschichte","tag-archaologie","tag-romisch"],"yoast_head":"<!-- This site is optimized with the Yoast SEO plugin v27.4 - https:\/\/yoast.com\/product\/yoast-seo-wordpress\/ -->\n<title>Lehrgrabung im R\u00f6merlager Wallerst\u00e4dten - Tribur.de<\/title>\n<meta name=\"robots\" content=\"index, follow, max-snippet:-1, max-image-preview:large, max-video-preview:-1\" \/>\n<link rel=\"canonical\" href=\"https:\/\/www.tribur.de\/blog\/2012\/09\/03\/lehrgrabung-im-romerlager-wallerstadten\/\" \/>\n<meta property=\"og:locale\" content=\"de_DE\" \/>\n<meta property=\"og:type\" content=\"article\" \/>\n<meta property=\"og:title\" content=\"Lehrgrabung im R\u00f6merlager Wallerst\u00e4dten - Tribur.de\" \/>\n<meta property=\"og:description\" content=\"Dr. Thomas Maurer hat in den vergangenen Wochen ernaut eine Lehrgrabung im Bereich des r\u00f6mishen Lagers Wallerst\u00e4dten durchgef\u00fchrt. Eigentlich sollte die Grabung vergangenen Freitag beendet gewesen sein, man hat sich jedoch entschlossen auch noch&#046;&#046;&#046;\" \/>\n<meta property=\"og:url\" content=\"https:\/\/www.tribur.de\/blog\/2012\/09\/03\/lehrgrabung-im-romerlager-wallerstadten\/\" \/>\n<meta property=\"og:site_name\" content=\"Tribur.de\" \/>\n<meta property=\"article:publisher\" content=\"http:\/\/www.facebook.com\/pages\/Triburde\/184352328288771\" \/>\n<meta property=\"article:author\" content=\"http:\/\/www.facebook.com\/pages\/Triburde\/184352328288771\" \/>\n<meta property=\"article:published_time\" content=\"2012-09-03T09:02:46+00:00\" \/>\n<meta property=\"og:image\" content=\"http:\/\/www.tribur.de\/blog\/wp-content\/uploads\/2012\/08\/ofen.jpg\" \/>\n<meta name=\"author\" content=\"Markus Zwittmeier\" \/>\n<meta name=\"twitter:card\" content=\"summary_large_image\" \/>\n<meta name=\"twitter:creator\" content=\"@https:\/\/twitter.com\/tribur\" \/>\n<meta name=\"twitter:site\" content=\"@tribur\" \/>\n<meta name=\"twitter:label1\" content=\"Verfasst von\" \/>\n\t<meta name=\"twitter:data1\" content=\"Markus Zwittmeier\" \/>\n\t<meta name=\"twitter:label2\" content=\"Gesch\u00e4tzte Lesezeit\" \/>\n\t<meta name=\"twitter:data2\" content=\"1\u00a0Minute\" \/>\n<script type=\"application\/ld+json\" class=\"yoast-schema-graph\">{\"@context\":\"https:\\\/\\\/schema.org\",\"@graph\":[{\"@type\":\"Article\",\"@id\":\"https:\\\/\\\/www.tribur.de\\\/blog\\\/2012\\\/09\\\/03\\\/lehrgrabung-im-romerlager-wallerstadten\\\/#article\",\"isPartOf\":{\"@id\":\"https:\\\/\\\/www.tribur.de\\\/blog\\\/2012\\\/09\\\/03\\\/lehrgrabung-im-romerlager-wallerstadten\\\/\"},\"author\":{\"name\":\"Markus Zwittmeier\",\"@id\":\"https:\\\/\\\/www.tribur.de\\\/blog\\\/#\\\/schema\\\/person\\\/3119997f09f43791809c2d1af27bba6c\"},\"headline\":\"Lehrgrabung im R\u00f6merlager Wallerst\u00e4dten\",\"datePublished\":\"2012-09-03T09:02:46+00:00\",\"mainEntityOfPage\":{\"@id\":\"https:\\\/\\\/www.tribur.de\\\/blog\\\/2012\\\/09\\\/03\\\/lehrgrabung-im-romerlager-wallerstadten\\\/\"},\"wordCount\":214,\"commentCount\":2,\"publisher\":{\"@id\":\"https:\\\/\\\/www.tribur.de\\\/blog\\\/#\\\/schema\\\/person\\\/3119997f09f43791809c2d1af27bba6c\"},\"image\":{\"@id\":\"https:\\\/\\\/www.tribur.de\\\/blog\\\/2012\\\/09\\\/03\\\/lehrgrabung-im-romerlager-wallerstadten\\\/#primaryimage\"},\"thumbnailUrl\":\"http:\\\/\\\/www.tribur.de\\\/blog\\\/wp-content\\\/uploads\\\/2012\\\/08\\\/ofen.jpg\",\"keywords\":[\"Arch\u00e4ologie\",\"r\u00f6misch\"],\"articleSection\":[\"Geschichte\"],\"inLanguage\":\"de\",\"potentialAction\":[{\"@type\":\"CommentAction\",\"name\":\"Comment\",\"target\":[\"https:\\\/\\\/www.tribur.de\\\/blog\\\/2012\\\/09\\\/03\\\/lehrgrabung-im-romerlager-wallerstadten\\\/#respond\"]}]},{\"@type\":\"WebPage\",\"@id\":\"https:\\\/\\\/www.tribur.de\\\/blog\\\/2012\\\/09\\\/03\\\/lehrgrabung-im-romerlager-wallerstadten\\\/\",\"url\":\"https:\\\/\\\/www.tribur.de\\\/blog\\\/2012\\\/09\\\/03\\\/lehrgrabung-im-romerlager-wallerstadten\\\/\",\"name\":\"Lehrgrabung im R\u00f6merlager Wallerst\u00e4dten - Tribur.de\",\"isPartOf\":{\"@id\":\"https:\\\/\\\/www.tribur.de\\\/blog\\\/#website\"},\"primaryImageOfPage\":{\"@id\":\"https:\\\/\\\/www.tribur.de\\\/blog\\\/2012\\\/09\\\/03\\\/lehrgrabung-im-romerlager-wallerstadten\\\/#primaryimage\"},\"image\":{\"@id\":\"https:\\\/\\\/www.tribur.de\\\/blog\\\/2012\\\/09\\\/03\\\/lehrgrabung-im-romerlager-wallerstadten\\\/#primaryimage\"},\"thumbnailUrl\":\"http:\\\/\\\/www.tribur.de\\\/blog\\\/wp-content\\\/uploads\\\/2012\\\/08\\\/ofen.jpg\",\"datePublished\":\"2012-09-03T09:02:46+00:00\",\"breadcrumb\":{\"@id\":\"https:\\\/\\\/www.tribur.de\\\/blog\\\/2012\\\/09\\\/03\\\/lehrgrabung-im-romerlager-wallerstadten\\\/#breadcrumb\"},\"inLanguage\":\"de\",\"potentialAction\":[{\"@type\":\"ReadAction\",\"target\":[\"https:\\\/\\\/www.tribur.de\\\/blog\\\/2012\\\/09\\\/03\\\/lehrgrabung-im-romerlager-wallerstadten\\\/\"]}]},{\"@type\":\"ImageObject\",\"inLanguage\":\"de\",\"@id\":\"https:\\\/\\\/www.tribur.de\\\/blog\\\/2012\\\/09\\\/03\\\/lehrgrabung-im-romerlager-wallerstadten\\\/#primaryimage\",\"url\":\"https:\\\/\\\/i0.wp.com\\\/www.tribur.de\\\/blog\\\/wp-content\\\/uploads\\\/2012\\\/08\\\/ofen.jpg?fit=320%2C293&ssl=1\",\"contentUrl\":\"https:\\\/\\\/i0.wp.com\\\/www.tribur.de\\\/blog\\\/wp-content\\\/uploads\\\/2012\\\/08\\\/ofen.jpg?fit=320%2C293&ssl=1\",\"width\":\"320\",\"height\":\"293\"},{\"@type\":\"BreadcrumbList\",\"@id\":\"https:\\\/\\\/www.tribur.de\\\/blog\\\/2012\\\/09\\\/03\\\/lehrgrabung-im-romerlager-wallerstadten\\\/#breadcrumb\",\"itemListElement\":[{\"@type\":\"ListItem\",\"position\":1,\"name\":\"Home\",\"item\":\"https:\\\/\\\/www.tribur.de\\\/blog\\\/\"},{\"@type\":\"ListItem\",\"position\":2,\"name\":\"Lehrgrabung im R\u00f6merlager Wallerst\u00e4dten\"}]},{\"@type\":\"WebSite\",\"@id\":\"https:\\\/\\\/www.tribur.de\\\/blog\\\/#website\",\"url\":\"https:\\\/\\\/www.tribur.de\\\/blog\\\/\",\"name\":\"Tribur.de\",\"description\":\"Tribur.de - Geschichte und so Zeugs\",\"publisher\":{\"@id\":\"https:\\\/\\\/www.tribur.de\\\/blog\\\/#\\\/schema\\\/person\\\/3119997f09f43791809c2d1af27bba6c\"},\"potentialAction\":[{\"@type\":\"SearchAction\",\"target\":{\"@type\":\"EntryPoint\",\"urlTemplate\":\"https:\\\/\\\/www.tribur.de\\\/blog\\\/?s={search_term_string}\"},\"query-input\":{\"@type\":\"PropertyValueSpecification\",\"valueRequired\":true,\"valueName\":\"search_term_string\"}}],\"inLanguage\":\"de\"},{\"@type\":[\"Person\",\"Organization\"],\"@id\":\"https:\\\/\\\/www.tribur.de\\\/blog\\\/#\\\/schema\\\/person\\\/3119997f09f43791809c2d1af27bba6c\",\"name\":\"Markus Zwittmeier\",\"image\":{\"@type\":\"ImageObject\",\"inLanguage\":\"de\",\"@id\":\"https:\\\/\\\/i0.wp.com\\\/www.tribur.de\\\/blog\\\/wp-content\\\/uploads\\\/2018\\\/09\\\/cropped-logotest-4.jpg?fit=200%2C200&ssl=1\",\"url\":\"https:\\\/\\\/i0.wp.com\\\/www.tribur.de\\\/blog\\\/wp-content\\\/uploads\\\/2018\\\/09\\\/cropped-logotest-4.jpg?fit=200%2C200&ssl=1\",\"contentUrl\":\"https:\\\/\\\/i0.wp.com\\\/www.tribur.de\\\/blog\\\/wp-content\\\/uploads\\\/2018\\\/09\\\/cropped-logotest-4.jpg?fit=200%2C200&ssl=1\",\"width\":200,\"height\":200,\"caption\":\"Markus Zwittmeier\"},\"logo\":{\"@id\":\"https:\\\/\\\/i0.wp.com\\\/www.tribur.de\\\/blog\\\/wp-content\\\/uploads\\\/2018\\\/09\\\/cropped-logotest-4.jpg?fit=200%2C200&ssl=1\"},\"sameAs\":[\"http:\\\/\\\/www.Tribur.de\",\"http:\\\/\\\/www.facebook.com\\\/pages\\\/Triburde\\\/184352328288771\",\"https:\\\/\\\/www.instagram.com\\\/tribur.de\\\/\",\"https:\\\/\\\/x.com\\\/https:\\\/\\\/twitter.com\\\/tribur\",\"https:\\\/\\\/www.youtube.com\\\/channel\\\/UCnEonou-x6_P4XPjBk2htCA\"],\"url\":\"https:\\\/\\\/www.tribur.de\\\/blog\\\/author\\\/markus\\\/\"}]}<\/script>\n<!-- \/ Yoast SEO plugin. -->","yoast_head_json":{"title":"Lehrgrabung im R\u00f6merlager Wallerst\u00e4dten - Tribur.de","robots":{"index":"index","follow":"follow","max-snippet":"max-snippet:-1","max-image-preview":"max-image-preview:large","max-video-preview":"max-video-preview:-1"},"canonical":"https:\/\/www.tribur.de\/blog\/2012\/09\/03\/lehrgrabung-im-romerlager-wallerstadten\/","og_locale":"de_DE","og_type":"article","og_title":"Lehrgrabung im R\u00f6merlager Wallerst\u00e4dten - Tribur.de","og_description":"Dr. Thomas Maurer hat in den vergangenen Wochen ernaut eine Lehrgrabung im Bereich des r\u00f6mishen Lagers Wallerst\u00e4dten durchgef\u00fchrt. Eigentlich sollte die Grabung vergangenen Freitag beendet gewesen sein, man hat sich jedoch entschlossen auch noch&#46;&#46;&#46;","og_url":"https:\/\/www.tribur.de\/blog\/2012\/09\/03\/lehrgrabung-im-romerlager-wallerstadten\/","og_site_name":"Tribur.de","article_publisher":"http:\/\/www.facebook.com\/pages\/Triburde\/184352328288771","article_author":"http:\/\/www.facebook.com\/pages\/Triburde\/184352328288771","article_published_time":"2012-09-03T09:02:46+00:00","og_image":[{"url":"http:\/\/www.tribur.de\/blog\/wp-content\/uploads\/2012\/08\/ofen.jpg","type":"","width":"","height":""}],"author":"Markus Zwittmeier","twitter_card":"summary_large_image","twitter_creator":"@https:\/\/twitter.com\/tribur","twitter_site":"@tribur","twitter_misc":{"Verfasst von":"Markus Zwittmeier","Gesch\u00e4tzte Lesezeit":"1\u00a0Minute"},"schema":{"@context":"https:\/\/schema.org","@graph":[{"@type":"Article","@id":"https:\/\/www.tribur.de\/blog\/2012\/09\/03\/lehrgrabung-im-romerlager-wallerstadten\/#article","isPartOf":{"@id":"https:\/\/www.tribur.de\/blog\/2012\/09\/03\/lehrgrabung-im-romerlager-wallerstadten\/"},"author":{"name":"Markus Zwittmeier","@id":"https:\/\/www.tribur.de\/blog\/#\/schema\/person\/3119997f09f43791809c2d1af27bba6c"},"headline":"Lehrgrabung im R\u00f6merlager Wallerst\u00e4dten","datePublished":"2012-09-03T09:02:46+00:00","mainEntityOfPage":{"@id":"https:\/\/www.tribur.de\/blog\/2012\/09\/03\/lehrgrabung-im-romerlager-wallerstadten\/"},"wordCount":214,"commentCount":2,"publisher":{"@id":"https:\/\/www.tribur.de\/blog\/#\/schema\/person\/3119997f09f43791809c2d1af27bba6c"},"image":{"@id":"https:\/\/www.tribur.de\/blog\/2012\/09\/03\/lehrgrabung-im-romerlager-wallerstadten\/#primaryimage"},"thumbnailUrl":"http:\/\/www.tribur.de\/blog\/wp-content\/uploads\/2012\/08\/ofen.jpg","keywords":["Arch\u00e4ologie","r\u00f6misch"],"articleSection":["Geschichte"],"inLanguage":"de","potentialAction":[{"@type":"CommentAction","name":"Comment","target":["https:\/\/www.tribur.de\/blog\/2012\/09\/03\/lehrgrabung-im-romerlager-wallerstadten\/#respond"]}]},{"@type":"WebPage","@id":"https:\/\/www.tribur.de\/blog\/2012\/09\/03\/lehrgrabung-im-romerlager-wallerstadten\/","url":"https:\/\/www.tribur.de\/blog\/2012\/09\/03\/lehrgrabung-im-romerlager-wallerstadten\/","name":"Lehrgrabung im R\u00f6merlager Wallerst\u00e4dten - Tribur.de","isPartOf":{"@id":"https:\/\/www.tribur.de\/blog\/#website"},"primaryImageOfPage":{"@id":"https:\/\/www.tribur.de\/blog\/2012\/09\/03\/lehrgrabung-im-romerlager-wallerstadten\/#primaryimage"},"image":{"@id":"https:\/\/www.tribur.de\/blog\/2012\/09\/03\/lehrgrabung-im-romerlager-wallerstadten\/#primaryimage"},"thumbnailUrl":"http:\/\/www.tribur.de\/blog\/wp-content\/uploads\/2012\/08\/ofen.jpg","datePublished":"2012-09-03T09:02:46+00:00","breadcrumb":{"@id":"https:\/\/www.tribur.de\/blog\/2012\/09\/03\/lehrgrabung-im-romerlager-wallerstadten\/#breadcrumb"},"inLanguage":"de","potentialAction":[{"@type":"ReadAction","target":["https:\/\/www.tribur.de\/blog\/2012\/09\/03\/lehrgrabung-im-romerlager-wallerstadten\/"]}]},{"@type":"ImageObject","inLanguage":"de","@id":"https:\/\/www.tribur.de\/blog\/2012\/09\/03\/lehrgrabung-im-romerlager-wallerstadten\/#primaryimage","url":"https:\/\/i0.wp.com\/www.tribur.de\/blog\/wp-content\/uploads\/2012\/08\/ofen.jpg?fit=320%2C293&ssl=1","contentUrl":"https:\/\/i0.wp.com\/www.tribur.de\/blog\/wp-content\/uploads\/2012\/08\/ofen.jpg?fit=320%2C293&ssl=1","width":"320","height":"293"},{"@type":"BreadcrumbList","@id":"https:\/\/www.tribur.de\/blog\/2012\/09\/03\/lehrgrabung-im-romerlager-wallerstadten\/#breadcrumb","itemListElement":[{"@type":"ListItem","position":1,"name":"Home","item":"https:\/\/www.tribur.de\/blog\/"},{"@type":"ListItem","position":2,"name":"Lehrgrabung im R\u00f6merlager Wallerst\u00e4dten"}]},{"@type":"WebSite","@id":"https:\/\/www.tribur.de\/blog\/#website","url":"https:\/\/www.tribur.de\/blog\/","name":"Tribur.de","description":"Tribur.de - Geschichte und so Zeugs","publisher":{"@id":"https:\/\/www.tribur.de\/blog\/#\/schema\/person\/3119997f09f43791809c2d1af27bba6c"},"potentialAction":[{"@type":"SearchAction","target":{"@type":"EntryPoint","urlTemplate":"https:\/\/www.tribur.de\/blog\/?s={search_term_string}"},"query-input":{"@type":"PropertyValueSpecification","valueRequired":true,"valueName":"search_term_string"}}],"inLanguage":"de"},{"@type":["Person","Organization"],"@id":"https:\/\/www.tribur.de\/blog\/#\/schema\/person\/3119997f09f43791809c2d1af27bba6c","name":"Markus Zwittmeier","image":{"@type":"ImageObject","inLanguage":"de","@id":"https:\/\/i0.wp.com\/www.tribur.de\/blog\/wp-content\/uploads\/2018\/09\/cropped-logotest-4.jpg?fit=200%2C200&ssl=1","url":"https:\/\/i0.wp.com\/www.tribur.de\/blog\/wp-content\/uploads\/2018\/09\/cropped-logotest-4.jpg?fit=200%2C200&ssl=1","contentUrl":"https:\/\/i0.wp.com\/www.tribur.de\/blog\/wp-content\/uploads\/2018\/09\/cropped-logotest-4.jpg?fit=200%2C200&ssl=1","width":200,"height":200,"caption":"Markus Zwittmeier"},"logo":{"@id":"https:\/\/i0.wp.com\/www.tribur.de\/blog\/wp-content\/uploads\/2018\/09\/cropped-logotest-4.jpg?fit=200%2C200&ssl=1"},"sameAs":["http:\/\/www.Tribur.de","http:\/\/www.facebook.com\/pages\/Triburde\/184352328288771","https:\/\/www.instagram.com\/tribur.de\/","https:\/\/x.com\/https:\/\/twitter.com\/tribur","https:\/\/www.youtube.com\/channel\/UCnEonou-x6_P4XPjBk2htCA"],"url":"https:\/\/www.tribur.de\/blog\/author\/markus\/"}]}},"jetpack_publicize_connections":[],"jetpack_featured_media_url":"","jetpack_shortlink":"https:\/\/wp.me\/p1mHPu-5FO","jetpack_sharing_enabled":true,"_links":{"self":[{"href":"https:\/\/www.tribur.de\/blog\/wp-json\/wp\/v2\/posts\/21812","targetHints":{"allow":["GET"]}}],"collection":[{"href":"https:\/\/www.tribur.de\/blog\/wp-json\/wp\/v2\/posts"}],"about":[{"href":"https:\/\/www.tribur.de\/blog\/wp-json\/wp\/v2\/types\/post"}],"author":[{"embeddable":true,"href":"https:\/\/www.tribur.de\/blog\/wp-json\/wp\/v2\/users\/2"}],"replies":[{"embeddable":true,"href":"https:\/\/www.tribur.de\/blog\/wp-json\/wp\/v2\/comments?post=21812"}],"version-history":[{"count":4,"href":"https:\/\/www.tribur.de\/blog\/wp-json\/wp\/v2\/posts\/21812\/revisions"}],"predecessor-version":[{"id":21824,"href":"https:\/\/www.tribur.de\/blog\/wp-json\/wp\/v2\/posts\/21812\/revisions\/21824"}],"wp:attachment":[{"href":"https:\/\/www.tribur.de\/blog\/wp-json\/wp\/v2\/media?parent=21812"}],"wp:term":[{"taxonomy":"category","embeddable":true,"href":"https:\/\/www.tribur.de\/blog\/wp-json\/wp\/v2\/categories?post=21812"},{"taxonomy":"post_tag","embeddable":true,"href":"https:\/\/www.tribur.de\/blog\/wp-json\/wp\/v2\/tags?post=21812"}],"curies":[{"name":"wp","href":"https:\/\/api.w.org\/{rel}","templated":true}]}}