{"id":21315,"date":"2012-07-11T11:16:43","date_gmt":"2012-07-11T09:16:43","guid":{"rendered":"http:\/\/www.tribur.de\/blog\/?p=21315"},"modified":"2012-07-11T11:16:43","modified_gmt":"2012-07-11T09:16:43","slug":"weitere-gedanken-zur-landnahme-landschaft-des-5-6-jahrhunderts","status":"publish","type":"post","link":"https:\/\/www.tribur.de\/blog\/2012\/07\/11\/weitere-gedanken-zur-landnahme-landschaft-des-5-6-jahrhunderts\/","title":{"rendered":"Weitere Gedanken zur Landnahme &#8211; Landschaft des  5.\/6. Jahrhunderts"},"content":{"rendered":"<p>Ich m\u00f6chte nun, weil ja auch die Frage nach den r\u00f6mischen Stra\u00dfen aufkommt nun noch einmal auf die Landschaft und Wege genauer eingehen. Ich werde Trebur oder Irgendwelche Linien nur erw\u00e4hnen wenn es um bestimmte Lokalisierungen geht! Ich werde auch nur nackte Fakten hier hin schreiben und keinerlei Spekulationen durchf\u00fchren. Leider hatte ich gestern allerdings nicht so viel Zeit, so dass es etwas k\u00fcrzer als geplant wird.<\/p>\n<p>Germanischer Urwald? \u00a0Gab es im hessischen Ried nicht, bzw. schon lange nicht mehr \u00a0und \u00fcberhaupt hatten \u00a0die Germanen selbst hier wohl schon keinen Urwald mehr im Altsiedelland vorgefunden.<\/p>\n<p>W\u00e4hrend ab dem 3. Jahrhundert und der Aufgabe des Limes \u00a0in der Wetterau wieder zunehmend B\u00e4ume wachsen, die ab dem 5. Jahrhundert \u00a0zu einer Waldregeneration f\u00fchrt, wird das Ried weiter besiedelt und bewirtschaftet, lediglich in Wassern\u00e4he konnte durch Pollenanalysen eine Verbuschung festgetsellt werden. \u00a0Mit dem Ende der R\u00f6mer bis zum fr\u00fchen Mittelalter verlandet auch der urspr\u00fcngliche r\u00f6mische Landgraben. Der Altneckar war bis sp\u00e4testens zum Beginn des 4. Jahrhunderts f\u00fcr Schiffe mit geringen Tiefgang (&lt;1m) schiffbar, verlandete aber schlie\u00dflich. \u00a0Die gro\u00dfen Rheinschlingen die man zwischen Trebur und Geinsheim \u00a0sowie zwischen Geinsheim und Leeheim z.B. bei Google Maps sehen kann waren bereits seit mindestens 3000 Jahren verlandet, jedoch \u00a0konnten sie durchaus kleine Seen und Sumpffl\u00e4chen \u00a0enthalten, wie es wohl bei Trebur der Fall war. (nach Singer)<\/p>\n<p>Stra\u00dfen: Mit dem Beginn der V\u00f6lkerwanderungszeit wird die &#8222;Steinstra\u00dfe&#8220; aus Richtung Mainz nach GG Auf Esch aufgegeben, an ihre Stelle tritt die &#8220; Mainzer Stra\u00dfe&#8220;, die m\u00f6glicherweise auf eine fr\u00fchere Stra\u00dfe zur\u00fcckgeht. Sie f\u00fchrt weiter westlich durch Trebur selbst und dann \u00fcber Wallerst\u00e4dten nach GG und umgeht somit einen Gro\u00dfteil der Altmainschlingen.<br \/>\nR\u00f6mische Br\u00fccken \u00fcber das Sumpfland des Altneckargebietes waren bereits seit Beginn des 3 Jahrhunderts marode und wurden durch einen provisorischen Damm aus H\u00f6lzern, Sand und Kies befestigt (Gernsheim in Richtung Bergstra\u00dfe\/ S\u00fcmpfbr\u00fccke von Bickenbach) (G\u00f6ldner) Wie lang dieser Damm bestand hatte ist unbekannt.Bekannt ist jedoch das die h\u00f6lzernen Br\u00fccken, wenn sie nicht &#8222;gewartet&#8220; wurden verrotteten. In einem pers\u00f6nlichen Gespr\u00e4ch deutete Dr. Maurer mir gegen\u00fcber an, dass die gro\u00dfe Anzahl von r\u00f6mischen Stra\u00dfen f\u00fcr den s\u00fcdlichen hessischen Bereich, wie sie einige Heimatforscher &#8222;spinnennetzartig&#8220; rekonstruierten hatten, bei weitem nicht mehr haltbar sei.<\/p>\n<p>Irgendwo, leider finde ich es im Moment nicht, wurde auch die Vermutung ge\u00e4u\u00dfert die R\u00f6mer h\u00e4tten mit Abzug vom Limes auch Teile der Stra\u00dfen und Br\u00fccken an strategischen Stellen mutwillig zerst\u00f6rt um Gegner am vorankommen zu hindern. \u00a0Ich werde noch mal nachschauen wo ich das las und ob das \u00fcberhaupt noch aktuell ist.<\/p>\n","protected":false},"excerpt":{"rendered":"<p>Ich m\u00f6chte nun, weil ja auch die Frage nach den r\u00f6mischen Stra\u00dfen aufkommt nun noch einmal auf die Landschaft und Wege genauer eingehen. Ich werde Trebur oder Irgendwelche Linien nur erw\u00e4hnen wenn es um&#46;&#46;&#46;<\/p>\n","protected":false},"author":2,"featured_media":0,"comment_status":"open","ping_status":"open","sticky":false,"template":"","format":"standard","meta":{"jetpack_post_was_ever_published":false,"_jetpack_newsletter_access":"","_jetpack_dont_email_post_to_subs":false,"_jetpack_newsletter_tier_id":0,"_jetpack_memberships_contains_paywalled_content":false,"_jetpack_memberships_contains_paid_content":false,"footnotes":"","jetpack_publicize_message":"","jetpack_publicize_feature_enabled":true,"jetpack_social_post_already_shared":false,"jetpack_social_options":{"image_generator_settings":{"template":"highway","default_image_id":0,"font":"","enabled":false},"version":2}},"categories":[1],"tags":[25,54,11,49,31],"class_list":["post-21315","post","type-post","status-publish","format-standard","hentry","category-geschichte","tag-antike","tag-archaologie","tag-fruhmittelalter","tag-recherche","tag-romisch"],"yoast_head":"<!-- This site is optimized with the Yoast SEO plugin v27.4 - https:\/\/yoast.com\/product\/yoast-seo-wordpress\/ -->\n<title>Weitere Gedanken zur Landnahme - Landschaft des 5.\/6. Jahrhunderts - Tribur.de<\/title>\n<meta name=\"robots\" content=\"index, follow, max-snippet:-1, max-image-preview:large, max-video-preview:-1\" \/>\n<link rel=\"canonical\" href=\"https:\/\/www.tribur.de\/blog\/2012\/07\/11\/weitere-gedanken-zur-landnahme-landschaft-des-5-6-jahrhunderts\/\" \/>\n<meta property=\"og:locale\" content=\"de_DE\" \/>\n<meta property=\"og:type\" content=\"article\" \/>\n<meta property=\"og:title\" content=\"Weitere Gedanken zur Landnahme - Landschaft des 5.\/6. Jahrhunderts - Tribur.de\" \/>\n<meta property=\"og:description\" content=\"Ich m\u00f6chte nun, weil ja auch die Frage nach den r\u00f6mischen Stra\u00dfen aufkommt nun noch einmal auf die Landschaft und Wege genauer eingehen. Ich werde Trebur oder Irgendwelche Linien nur erw\u00e4hnen wenn es um&#046;&#046;&#046;\" \/>\n<meta property=\"og:url\" content=\"https:\/\/www.tribur.de\/blog\/2012\/07\/11\/weitere-gedanken-zur-landnahme-landschaft-des-5-6-jahrhunderts\/\" \/>\n<meta property=\"og:site_name\" content=\"Tribur.de\" \/>\n<meta property=\"article:publisher\" content=\"http:\/\/www.facebook.com\/pages\/Triburde\/184352328288771\" \/>\n<meta property=\"article:author\" content=\"http:\/\/www.facebook.com\/pages\/Triburde\/184352328288771\" \/>\n<meta property=\"article:published_time\" content=\"2012-07-11T09:16:43+00:00\" \/>\n<meta property=\"og:image\" content=\"https:\/\/i0.wp.com\/www.tribur.de\/blog\/wp-content\/uploads\/2018\/09\/cropped-logotest-2.jpg?fit=200%2C200&ssl=1\" \/>\n\t<meta property=\"og:image:width\" content=\"200\" \/>\n\t<meta property=\"og:image:height\" content=\"200\" \/>\n\t<meta property=\"og:image:type\" content=\"image\/jpeg\" \/>\n<meta name=\"author\" content=\"Markus Zwittmeier\" \/>\n<meta name=\"twitter:card\" content=\"summary_large_image\" \/>\n<meta name=\"twitter:creator\" content=\"@https:\/\/twitter.com\/tribur\" \/>\n<meta name=\"twitter:site\" content=\"@tribur\" \/>\n<meta name=\"twitter:label1\" content=\"Verfasst von\" \/>\n\t<meta name=\"twitter:data1\" content=\"Markus Zwittmeier\" \/>\n\t<meta name=\"twitter:label2\" content=\"Gesch\u00e4tzte Lesezeit\" \/>\n\t<meta name=\"twitter:data2\" content=\"2\u00a0Minuten\" \/>\n<script type=\"application\/ld+json\" class=\"yoast-schema-graph\">{\"@context\":\"https:\\\/\\\/schema.org\",\"@graph\":[{\"@type\":\"Article\",\"@id\":\"https:\\\/\\\/www.tribur.de\\\/blog\\\/2012\\\/07\\\/11\\\/weitere-gedanken-zur-landnahme-landschaft-des-5-6-jahrhunderts\\\/#article\",\"isPartOf\":{\"@id\":\"https:\\\/\\\/www.tribur.de\\\/blog\\\/2012\\\/07\\\/11\\\/weitere-gedanken-zur-landnahme-landschaft-des-5-6-jahrhunderts\\\/\"},\"author\":{\"name\":\"Markus Zwittmeier\",\"@id\":\"https:\\\/\\\/www.tribur.de\\\/blog\\\/#\\\/schema\\\/person\\\/3119997f09f43791809c2d1af27bba6c\"},\"headline\":\"Weitere Gedanken zur Landnahme &#8211; Landschaft des 5.\\\/6. Jahrhunderts\",\"datePublished\":\"2012-07-11T09:16:43+00:00\",\"mainEntityOfPage\":{\"@id\":\"https:\\\/\\\/www.tribur.de\\\/blog\\\/2012\\\/07\\\/11\\\/weitere-gedanken-zur-landnahme-landschaft-des-5-6-jahrhunderts\\\/\"},\"wordCount\":473,\"commentCount\":1,\"publisher\":{\"@id\":\"https:\\\/\\\/www.tribur.de\\\/blog\\\/#\\\/schema\\\/person\\\/3119997f09f43791809c2d1af27bba6c\"},\"keywords\":[\"Antike\",\"Arch\u00e4ologie\",\"Fr\u00fchmittelalter\",\"Recherche\",\"r\u00f6misch\"],\"articleSection\":[\"Geschichte\"],\"inLanguage\":\"de\",\"potentialAction\":[{\"@type\":\"CommentAction\",\"name\":\"Comment\",\"target\":[\"https:\\\/\\\/www.tribur.de\\\/blog\\\/2012\\\/07\\\/11\\\/weitere-gedanken-zur-landnahme-landschaft-des-5-6-jahrhunderts\\\/#respond\"]}]},{\"@type\":\"WebPage\",\"@id\":\"https:\\\/\\\/www.tribur.de\\\/blog\\\/2012\\\/07\\\/11\\\/weitere-gedanken-zur-landnahme-landschaft-des-5-6-jahrhunderts\\\/\",\"url\":\"https:\\\/\\\/www.tribur.de\\\/blog\\\/2012\\\/07\\\/11\\\/weitere-gedanken-zur-landnahme-landschaft-des-5-6-jahrhunderts\\\/\",\"name\":\"Weitere Gedanken zur Landnahme - Landschaft des 5.\\\/6. Jahrhunderts - Tribur.de\",\"isPartOf\":{\"@id\":\"https:\\\/\\\/www.tribur.de\\\/blog\\\/#website\"},\"datePublished\":\"2012-07-11T09:16:43+00:00\",\"breadcrumb\":{\"@id\":\"https:\\\/\\\/www.tribur.de\\\/blog\\\/2012\\\/07\\\/11\\\/weitere-gedanken-zur-landnahme-landschaft-des-5-6-jahrhunderts\\\/#breadcrumb\"},\"inLanguage\":\"de\",\"potentialAction\":[{\"@type\":\"ReadAction\",\"target\":[\"https:\\\/\\\/www.tribur.de\\\/blog\\\/2012\\\/07\\\/11\\\/weitere-gedanken-zur-landnahme-landschaft-des-5-6-jahrhunderts\\\/\"]}]},{\"@type\":\"BreadcrumbList\",\"@id\":\"https:\\\/\\\/www.tribur.de\\\/blog\\\/2012\\\/07\\\/11\\\/weitere-gedanken-zur-landnahme-landschaft-des-5-6-jahrhunderts\\\/#breadcrumb\",\"itemListElement\":[{\"@type\":\"ListItem\",\"position\":1,\"name\":\"Home\",\"item\":\"https:\\\/\\\/www.tribur.de\\\/blog\\\/\"},{\"@type\":\"ListItem\",\"position\":2,\"name\":\"Weitere Gedanken zur Landnahme &#8211; Landschaft des 5.\\\/6. Jahrhunderts\"}]},{\"@type\":\"WebSite\",\"@id\":\"https:\\\/\\\/www.tribur.de\\\/blog\\\/#website\",\"url\":\"https:\\\/\\\/www.tribur.de\\\/blog\\\/\",\"name\":\"Tribur.de\",\"description\":\"Tribur.de - Geschichte und so Zeugs\",\"publisher\":{\"@id\":\"https:\\\/\\\/www.tribur.de\\\/blog\\\/#\\\/schema\\\/person\\\/3119997f09f43791809c2d1af27bba6c\"},\"potentialAction\":[{\"@type\":\"SearchAction\",\"target\":{\"@type\":\"EntryPoint\",\"urlTemplate\":\"https:\\\/\\\/www.tribur.de\\\/blog\\\/?s={search_term_string}\"},\"query-input\":{\"@type\":\"PropertyValueSpecification\",\"valueRequired\":true,\"valueName\":\"search_term_string\"}}],\"inLanguage\":\"de\"},{\"@type\":[\"Person\",\"Organization\"],\"@id\":\"https:\\\/\\\/www.tribur.de\\\/blog\\\/#\\\/schema\\\/person\\\/3119997f09f43791809c2d1af27bba6c\",\"name\":\"Markus Zwittmeier\",\"image\":{\"@type\":\"ImageObject\",\"inLanguage\":\"de\",\"@id\":\"https:\\\/\\\/i0.wp.com\\\/www.tribur.de\\\/blog\\\/wp-content\\\/uploads\\\/2018\\\/09\\\/cropped-logotest-4.jpg?fit=200%2C200&ssl=1\",\"url\":\"https:\\\/\\\/i0.wp.com\\\/www.tribur.de\\\/blog\\\/wp-content\\\/uploads\\\/2018\\\/09\\\/cropped-logotest-4.jpg?fit=200%2C200&ssl=1\",\"contentUrl\":\"https:\\\/\\\/i0.wp.com\\\/www.tribur.de\\\/blog\\\/wp-content\\\/uploads\\\/2018\\\/09\\\/cropped-logotest-4.jpg?fit=200%2C200&ssl=1\",\"width\":200,\"height\":200,\"caption\":\"Markus Zwittmeier\"},\"logo\":{\"@id\":\"https:\\\/\\\/i0.wp.com\\\/www.tribur.de\\\/blog\\\/wp-content\\\/uploads\\\/2018\\\/09\\\/cropped-logotest-4.jpg?fit=200%2C200&ssl=1\"},\"sameAs\":[\"http:\\\/\\\/www.Tribur.de\",\"http:\\\/\\\/www.facebook.com\\\/pages\\\/Triburde\\\/184352328288771\",\"https:\\\/\\\/www.instagram.com\\\/tribur.de\\\/\",\"https:\\\/\\\/x.com\\\/https:\\\/\\\/twitter.com\\\/tribur\",\"https:\\\/\\\/www.youtube.com\\\/channel\\\/UCnEonou-x6_P4XPjBk2htCA\"],\"url\":\"https:\\\/\\\/www.tribur.de\\\/blog\\\/author\\\/markus\\\/\"}]}<\/script>\n<!-- \/ Yoast SEO plugin. -->","yoast_head_json":{"title":"Weitere Gedanken zur Landnahme - Landschaft des 5.\/6. Jahrhunderts - Tribur.de","robots":{"index":"index","follow":"follow","max-snippet":"max-snippet:-1","max-image-preview":"max-image-preview:large","max-video-preview":"max-video-preview:-1"},"canonical":"https:\/\/www.tribur.de\/blog\/2012\/07\/11\/weitere-gedanken-zur-landnahme-landschaft-des-5-6-jahrhunderts\/","og_locale":"de_DE","og_type":"article","og_title":"Weitere Gedanken zur Landnahme - Landschaft des 5.\/6. Jahrhunderts - Tribur.de","og_description":"Ich m\u00f6chte nun, weil ja auch die Frage nach den r\u00f6mischen Stra\u00dfen aufkommt nun noch einmal auf die Landschaft und Wege genauer eingehen. Ich werde Trebur oder Irgendwelche Linien nur erw\u00e4hnen wenn es um&#46;&#46;&#46;","og_url":"https:\/\/www.tribur.de\/blog\/2012\/07\/11\/weitere-gedanken-zur-landnahme-landschaft-des-5-6-jahrhunderts\/","og_site_name":"Tribur.de","article_publisher":"http:\/\/www.facebook.com\/pages\/Triburde\/184352328288771","article_author":"http:\/\/www.facebook.com\/pages\/Triburde\/184352328288771","article_published_time":"2012-07-11T09:16:43+00:00","og_image":[{"width":200,"height":200,"url":"https:\/\/i0.wp.com\/www.tribur.de\/blog\/wp-content\/uploads\/2018\/09\/cropped-logotest-2.jpg?fit=200%2C200&ssl=1","type":"image\/jpeg"}],"author":"Markus Zwittmeier","twitter_card":"summary_large_image","twitter_creator":"@https:\/\/twitter.com\/tribur","twitter_site":"@tribur","twitter_misc":{"Verfasst von":"Markus Zwittmeier","Gesch\u00e4tzte Lesezeit":"2\u00a0Minuten"},"schema":{"@context":"https:\/\/schema.org","@graph":[{"@type":"Article","@id":"https:\/\/www.tribur.de\/blog\/2012\/07\/11\/weitere-gedanken-zur-landnahme-landschaft-des-5-6-jahrhunderts\/#article","isPartOf":{"@id":"https:\/\/www.tribur.de\/blog\/2012\/07\/11\/weitere-gedanken-zur-landnahme-landschaft-des-5-6-jahrhunderts\/"},"author":{"name":"Markus Zwittmeier","@id":"https:\/\/www.tribur.de\/blog\/#\/schema\/person\/3119997f09f43791809c2d1af27bba6c"},"headline":"Weitere Gedanken zur Landnahme &#8211; Landschaft des 5.\/6. Jahrhunderts","datePublished":"2012-07-11T09:16:43+00:00","mainEntityOfPage":{"@id":"https:\/\/www.tribur.de\/blog\/2012\/07\/11\/weitere-gedanken-zur-landnahme-landschaft-des-5-6-jahrhunderts\/"},"wordCount":473,"commentCount":1,"publisher":{"@id":"https:\/\/www.tribur.de\/blog\/#\/schema\/person\/3119997f09f43791809c2d1af27bba6c"},"keywords":["Antike","Arch\u00e4ologie","Fr\u00fchmittelalter","Recherche","r\u00f6misch"],"articleSection":["Geschichte"],"inLanguage":"de","potentialAction":[{"@type":"CommentAction","name":"Comment","target":["https:\/\/www.tribur.de\/blog\/2012\/07\/11\/weitere-gedanken-zur-landnahme-landschaft-des-5-6-jahrhunderts\/#respond"]}]},{"@type":"WebPage","@id":"https:\/\/www.tribur.de\/blog\/2012\/07\/11\/weitere-gedanken-zur-landnahme-landschaft-des-5-6-jahrhunderts\/","url":"https:\/\/www.tribur.de\/blog\/2012\/07\/11\/weitere-gedanken-zur-landnahme-landschaft-des-5-6-jahrhunderts\/","name":"Weitere Gedanken zur Landnahme - Landschaft des 5.\/6. Jahrhunderts - Tribur.de","isPartOf":{"@id":"https:\/\/www.tribur.de\/blog\/#website"},"datePublished":"2012-07-11T09:16:43+00:00","breadcrumb":{"@id":"https:\/\/www.tribur.de\/blog\/2012\/07\/11\/weitere-gedanken-zur-landnahme-landschaft-des-5-6-jahrhunderts\/#breadcrumb"},"inLanguage":"de","potentialAction":[{"@type":"ReadAction","target":["https:\/\/www.tribur.de\/blog\/2012\/07\/11\/weitere-gedanken-zur-landnahme-landschaft-des-5-6-jahrhunderts\/"]}]},{"@type":"BreadcrumbList","@id":"https:\/\/www.tribur.de\/blog\/2012\/07\/11\/weitere-gedanken-zur-landnahme-landschaft-des-5-6-jahrhunderts\/#breadcrumb","itemListElement":[{"@type":"ListItem","position":1,"name":"Home","item":"https:\/\/www.tribur.de\/blog\/"},{"@type":"ListItem","position":2,"name":"Weitere Gedanken zur Landnahme &#8211; Landschaft des 5.\/6. Jahrhunderts"}]},{"@type":"WebSite","@id":"https:\/\/www.tribur.de\/blog\/#website","url":"https:\/\/www.tribur.de\/blog\/","name":"Tribur.de","description":"Tribur.de - Geschichte und so Zeugs","publisher":{"@id":"https:\/\/www.tribur.de\/blog\/#\/schema\/person\/3119997f09f43791809c2d1af27bba6c"},"potentialAction":[{"@type":"SearchAction","target":{"@type":"EntryPoint","urlTemplate":"https:\/\/www.tribur.de\/blog\/?s={search_term_string}"},"query-input":{"@type":"PropertyValueSpecification","valueRequired":true,"valueName":"search_term_string"}}],"inLanguage":"de"},{"@type":["Person","Organization"],"@id":"https:\/\/www.tribur.de\/blog\/#\/schema\/person\/3119997f09f43791809c2d1af27bba6c","name":"Markus Zwittmeier","image":{"@type":"ImageObject","inLanguage":"de","@id":"https:\/\/i0.wp.com\/www.tribur.de\/blog\/wp-content\/uploads\/2018\/09\/cropped-logotest-4.jpg?fit=200%2C200&ssl=1","url":"https:\/\/i0.wp.com\/www.tribur.de\/blog\/wp-content\/uploads\/2018\/09\/cropped-logotest-4.jpg?fit=200%2C200&ssl=1","contentUrl":"https:\/\/i0.wp.com\/www.tribur.de\/blog\/wp-content\/uploads\/2018\/09\/cropped-logotest-4.jpg?fit=200%2C200&ssl=1","width":200,"height":200,"caption":"Markus Zwittmeier"},"logo":{"@id":"https:\/\/i0.wp.com\/www.tribur.de\/blog\/wp-content\/uploads\/2018\/09\/cropped-logotest-4.jpg?fit=200%2C200&ssl=1"},"sameAs":["http:\/\/www.Tribur.de","http:\/\/www.facebook.com\/pages\/Triburde\/184352328288771","https:\/\/www.instagram.com\/tribur.de\/","https:\/\/x.com\/https:\/\/twitter.com\/tribur","https:\/\/www.youtube.com\/channel\/UCnEonou-x6_P4XPjBk2htCA"],"url":"https:\/\/www.tribur.de\/blog\/author\/markus\/"}]}},"jetpack_publicize_connections":[],"jetpack_featured_media_url":"","jetpack_shortlink":"https:\/\/wp.me\/p1mHPu-5xN","jetpack_sharing_enabled":true,"_links":{"self":[{"href":"https:\/\/www.tribur.de\/blog\/wp-json\/wp\/v2\/posts\/21315","targetHints":{"allow":["GET"]}}],"collection":[{"href":"https:\/\/www.tribur.de\/blog\/wp-json\/wp\/v2\/posts"}],"about":[{"href":"https:\/\/www.tribur.de\/blog\/wp-json\/wp\/v2\/types\/post"}],"author":[{"embeddable":true,"href":"https:\/\/www.tribur.de\/blog\/wp-json\/wp\/v2\/users\/2"}],"replies":[{"embeddable":true,"href":"https:\/\/www.tribur.de\/blog\/wp-json\/wp\/v2\/comments?post=21315"}],"version-history":[{"count":20,"href":"https:\/\/www.tribur.de\/blog\/wp-json\/wp\/v2\/posts\/21315\/revisions"}],"predecessor-version":[{"id":21355,"href":"https:\/\/www.tribur.de\/blog\/wp-json\/wp\/v2\/posts\/21315\/revisions\/21355"}],"wp:attachment":[{"href":"https:\/\/www.tribur.de\/blog\/wp-json\/wp\/v2\/media?parent=21315"}],"wp:term":[{"taxonomy":"category","embeddable":true,"href":"https:\/\/www.tribur.de\/blog\/wp-json\/wp\/v2\/categories?post=21315"},{"taxonomy":"post_tag","embeddable":true,"href":"https:\/\/www.tribur.de\/blog\/wp-json\/wp\/v2\/tags?post=21315"}],"curies":[{"name":"wp","href":"https:\/\/api.w.org\/{rel}","templated":true}]}}