{"id":21282,"date":"2012-07-09T11:09:09","date_gmt":"2012-07-09T09:09:09","guid":{"rendered":"http:\/\/www.tribur.de\/blog\/?p=21282"},"modified":"2012-07-09T11:09:09","modified_gmt":"2012-07-09T09:09:09","slug":"gedanken-zur-frankischen-landahme-im-ried","status":"publish","type":"post","link":"https:\/\/www.tribur.de\/blog\/2012\/07\/09\/gedanken-zur-frankischen-landahme-im-ried\/","title":{"rendered":"Gedanken zur Fr\u00e4nkischen Landahme im Ried"},"content":{"rendered":"<p>Zum Durchsehen des Fundkataloges kam ich am Wochenende leider nicht, aber einige Gedanken habe ich mir gemacht.<\/p>\n<p>Der Franken Katalog sieht die Rheinebene von Mainz nach Worms als Pufferzone der Franken gegen die Alamannen. Erst mit dem Eroberungszug der Franken soll die Ebene von den Franken in direkten Besitzt genommen werde.<\/p>\n<p>Die Karte des alamannischen Siedlungsgebietes und der Fr\u00e4nkischen Landnahme die die Eschborner in ihren Museumsschriften von Prof. em. Dr. Hermann Ament darstellen, zeigt ein etwas anderes Bild. (<a href=\"http:\/\/www.historische-eschborn.de\/berichte\/Alamannenfunde\/Alamannen-Text\/entdeckualamannen-text.html\" target=\"_blank\">Link hier<\/a>) Hier dehnen sich die Franken entlang des Rheins bis Mainz aus, und Schwenken dann nach Osten entlang des Mains \u00a0und in die Wetterau. Entlang des Mains dehnt sich die Siedlungsfl\u00e4che auch nach S\u00fcden aus, der alamannische Siedlungsbereich beginnt dann etwa wieder ab der Linie Gernsheim-Seeheim.<\/p>\n<p>Doch lassen sich diese beiden, recht ungenauen Darstellungen\/Angaben in irgendeiner Weise kombinieren?<br \/>\nVielleicht schon. Zumindest wenn ich mir so einige Gedanken um die Topographie mache.<\/p>\n<p>Zuerst aber etwas anderes, grundlegendes. Ich glaube oftmals h\u00e4ngt in unseren K\u00f6pfen eine falsches Bilde des Landnahmevorganges und um die kriegerischen Auseinandersetzungen zwischen Alamannen und Franken. Weder die eine, noch die andere Seite hatte f\u00fcr unsere Verh\u00e4ltnisse gro\u00dfe Truppenverb\u00e4nde. Eine Absicherung von Grenzverl\u00e4ufen konnte gar nicht erfolgen. Absicherungen von mehreren T\u00e4lern konnten von Bergen erfolgen, in etwa wie es die Franken gegen die Sachsen taten. So konnte es auch kommen das ein Alamannentrupp tief ins eigentlich fr\u00e4nkische Hinterland kam, etwa nach Z\u00fclpich.<\/p>\n<p>Beim Vordringen beider Seiten spielten Fl\u00fcsse ein gro\u00dfe Rolle. Sie\u00a0erm\u00f6glichten schnelles Vorkommen, Nachschub\u00a0und auch R\u00fcckzug und Schutz. D.h. die Landnahme erfolgte von den Fl\u00fcssen ausgehend.<\/p>\n<p>Wenn man nun in die Rheinebene will gibt es 2 gro\u00dfe Hindernisse. Zuerst des sumpfige Gebiet, das durch den Altneckar gebildet wird und weiter \u00f6stlich der Odenwald. Beides eher gut \u00a0geeignet f\u00fcr Hinterhalte oder als Puffer. Dagegen die Untermaineben s\u00fcdliche des Mains. Sie bietet bis auf die Altmainl\u00e4ufe eine flache Ebene mit recht gutem Vorankommen, zumal sie sowohl \u00fcber Mainz, \u00fcber Frankfurt und zum Teil \u00fcber den alten Neckarlauf gut zug\u00e4nglich.<\/p>\n<p>War also die Untermainebene vor dem Rest des Rieds von Franken besiedelt?\u00a0Ich brauche also, um diese Idee (ich trau mich nicht mal es Theorie zu nennen) einen Gegenstand aus dem Fundgut, der zeitlich eng einzugrenzen ist (ca. 500+-10Jahre) und ein Alleinstellungsmerkmal der jeweiligen Gruppen darstellt um hier irgendetwas \u00e4u\u00dfern zu k\u00f6nnen.<\/p>\n","protected":false},"excerpt":{"rendered":"<p>Zum Durchsehen des Fundkataloges kam ich am Wochenende leider nicht, aber einige Gedanken habe ich mir gemacht. Der Franken Katalog sieht die Rheinebene von Mainz nach Worms als Pufferzone der Franken gegen die Alamannen.&#46;&#46;&#46;<\/p>\n","protected":false},"author":2,"featured_media":0,"comment_status":"open","ping_status":"open","sticky":false,"template":"","format":"standard","meta":{"jetpack_post_was_ever_published":false,"_jetpack_newsletter_access":"","_jetpack_dont_email_post_to_subs":false,"_jetpack_newsletter_tier_id":0,"_jetpack_memberships_contains_paywalled_content":false,"_jetpack_memberships_contains_paid_content":false,"footnotes":"","jetpack_publicize_message":"","jetpack_publicize_feature_enabled":true,"jetpack_social_post_already_shared":false,"jetpack_social_options":{"image_generator_settings":{"template":"highway","default_image_id":0,"font":"","enabled":false},"version":2}},"categories":[1],"tags":[],"class_list":["post-21282","post","type-post","status-publish","format-standard","hentry","category-geschichte"],"yoast_head":"<!-- This site is optimized with the Yoast SEO plugin v27.4 - https:\/\/yoast.com\/product\/yoast-seo-wordpress\/ -->\n<title>Gedanken zur Fr\u00e4nkischen Landahme im Ried - Tribur.de<\/title>\n<meta name=\"robots\" content=\"index, follow, max-snippet:-1, max-image-preview:large, max-video-preview:-1\" \/>\n<link rel=\"canonical\" href=\"https:\/\/www.tribur.de\/blog\/2012\/07\/09\/gedanken-zur-frankischen-landahme-im-ried\/\" \/>\n<meta property=\"og:locale\" content=\"de_DE\" \/>\n<meta property=\"og:type\" content=\"article\" \/>\n<meta property=\"og:title\" content=\"Gedanken zur Fr\u00e4nkischen Landahme im Ried - Tribur.de\" \/>\n<meta property=\"og:description\" content=\"Zum Durchsehen des Fundkataloges kam ich am Wochenende leider nicht, aber einige Gedanken habe ich mir gemacht. Der Franken Katalog sieht die Rheinebene von Mainz nach Worms als Pufferzone der Franken gegen die Alamannen.&#046;&#046;&#046;\" \/>\n<meta property=\"og:url\" content=\"https:\/\/www.tribur.de\/blog\/2012\/07\/09\/gedanken-zur-frankischen-landahme-im-ried\/\" \/>\n<meta property=\"og:site_name\" content=\"Tribur.de\" \/>\n<meta property=\"article:publisher\" content=\"http:\/\/www.facebook.com\/pages\/Triburde\/184352328288771\" \/>\n<meta property=\"article:author\" content=\"http:\/\/www.facebook.com\/pages\/Triburde\/184352328288771\" \/>\n<meta property=\"article:published_time\" content=\"2012-07-09T09:09:09+00:00\" \/>\n<meta property=\"og:image\" content=\"https:\/\/i0.wp.com\/www.tribur.de\/blog\/wp-content\/uploads\/2018\/09\/cropped-logotest-2.jpg?fit=200%2C200&ssl=1\" \/>\n\t<meta property=\"og:image:width\" content=\"200\" \/>\n\t<meta property=\"og:image:height\" content=\"200\" \/>\n\t<meta property=\"og:image:type\" content=\"image\/jpeg\" \/>\n<meta name=\"author\" content=\"Markus Zwittmeier\" \/>\n<meta name=\"twitter:card\" content=\"summary_large_image\" \/>\n<meta name=\"twitter:creator\" content=\"@https:\/\/twitter.com\/tribur\" \/>\n<meta name=\"twitter:site\" content=\"@tribur\" \/>\n<meta name=\"twitter:label1\" content=\"Verfasst von\" \/>\n\t<meta name=\"twitter:data1\" content=\"Markus Zwittmeier\" \/>\n\t<meta name=\"twitter:label2\" content=\"Gesch\u00e4tzte Lesezeit\" \/>\n\t<meta name=\"twitter:data2\" content=\"2\u00a0Minuten\" \/>\n<script type=\"application\/ld+json\" class=\"yoast-schema-graph\">{\"@context\":\"https:\\\/\\\/schema.org\",\"@graph\":[{\"@type\":\"Article\",\"@id\":\"https:\\\/\\\/www.tribur.de\\\/blog\\\/2012\\\/07\\\/09\\\/gedanken-zur-frankischen-landahme-im-ried\\\/#article\",\"isPartOf\":{\"@id\":\"https:\\\/\\\/www.tribur.de\\\/blog\\\/2012\\\/07\\\/09\\\/gedanken-zur-frankischen-landahme-im-ried\\\/\"},\"author\":{\"name\":\"Markus Zwittmeier\",\"@id\":\"https:\\\/\\\/www.tribur.de\\\/blog\\\/#\\\/schema\\\/person\\\/3119997f09f43791809c2d1af27bba6c\"},\"headline\":\"Gedanken zur Fr\u00e4nkischen Landahme im Ried\",\"datePublished\":\"2012-07-09T09:09:09+00:00\",\"mainEntityOfPage\":{\"@id\":\"https:\\\/\\\/www.tribur.de\\\/blog\\\/2012\\\/07\\\/09\\\/gedanken-zur-frankischen-landahme-im-ried\\\/\"},\"wordCount\":416,\"commentCount\":17,\"publisher\":{\"@id\":\"https:\\\/\\\/www.tribur.de\\\/blog\\\/#\\\/schema\\\/person\\\/3119997f09f43791809c2d1af27bba6c\"},\"articleSection\":[\"Geschichte\"],\"inLanguage\":\"de\",\"potentialAction\":[{\"@type\":\"CommentAction\",\"name\":\"Comment\",\"target\":[\"https:\\\/\\\/www.tribur.de\\\/blog\\\/2012\\\/07\\\/09\\\/gedanken-zur-frankischen-landahme-im-ried\\\/#respond\"]}]},{\"@type\":\"WebPage\",\"@id\":\"https:\\\/\\\/www.tribur.de\\\/blog\\\/2012\\\/07\\\/09\\\/gedanken-zur-frankischen-landahme-im-ried\\\/\",\"url\":\"https:\\\/\\\/www.tribur.de\\\/blog\\\/2012\\\/07\\\/09\\\/gedanken-zur-frankischen-landahme-im-ried\\\/\",\"name\":\"Gedanken zur Fr\u00e4nkischen Landahme im Ried - Tribur.de\",\"isPartOf\":{\"@id\":\"https:\\\/\\\/www.tribur.de\\\/blog\\\/#website\"},\"datePublished\":\"2012-07-09T09:09:09+00:00\",\"breadcrumb\":{\"@id\":\"https:\\\/\\\/www.tribur.de\\\/blog\\\/2012\\\/07\\\/09\\\/gedanken-zur-frankischen-landahme-im-ried\\\/#breadcrumb\"},\"inLanguage\":\"de\",\"potentialAction\":[{\"@type\":\"ReadAction\",\"target\":[\"https:\\\/\\\/www.tribur.de\\\/blog\\\/2012\\\/07\\\/09\\\/gedanken-zur-frankischen-landahme-im-ried\\\/\"]}]},{\"@type\":\"BreadcrumbList\",\"@id\":\"https:\\\/\\\/www.tribur.de\\\/blog\\\/2012\\\/07\\\/09\\\/gedanken-zur-frankischen-landahme-im-ried\\\/#breadcrumb\",\"itemListElement\":[{\"@type\":\"ListItem\",\"position\":1,\"name\":\"Home\",\"item\":\"https:\\\/\\\/www.tribur.de\\\/blog\\\/\"},{\"@type\":\"ListItem\",\"position\":2,\"name\":\"Gedanken zur Fr\u00e4nkischen Landahme im Ried\"}]},{\"@type\":\"WebSite\",\"@id\":\"https:\\\/\\\/www.tribur.de\\\/blog\\\/#website\",\"url\":\"https:\\\/\\\/www.tribur.de\\\/blog\\\/\",\"name\":\"Tribur.de\",\"description\":\"Tribur.de - Geschichte und so Zeugs\",\"publisher\":{\"@id\":\"https:\\\/\\\/www.tribur.de\\\/blog\\\/#\\\/schema\\\/person\\\/3119997f09f43791809c2d1af27bba6c\"},\"potentialAction\":[{\"@type\":\"SearchAction\",\"target\":{\"@type\":\"EntryPoint\",\"urlTemplate\":\"https:\\\/\\\/www.tribur.de\\\/blog\\\/?s={search_term_string}\"},\"query-input\":{\"@type\":\"PropertyValueSpecification\",\"valueRequired\":true,\"valueName\":\"search_term_string\"}}],\"inLanguage\":\"de\"},{\"@type\":[\"Person\",\"Organization\"],\"@id\":\"https:\\\/\\\/www.tribur.de\\\/blog\\\/#\\\/schema\\\/person\\\/3119997f09f43791809c2d1af27bba6c\",\"name\":\"Markus Zwittmeier\",\"image\":{\"@type\":\"ImageObject\",\"inLanguage\":\"de\",\"@id\":\"https:\\\/\\\/i0.wp.com\\\/www.tribur.de\\\/blog\\\/wp-content\\\/uploads\\\/2018\\\/09\\\/cropped-logotest-4.jpg?fit=200%2C200&ssl=1\",\"url\":\"https:\\\/\\\/i0.wp.com\\\/www.tribur.de\\\/blog\\\/wp-content\\\/uploads\\\/2018\\\/09\\\/cropped-logotest-4.jpg?fit=200%2C200&ssl=1\",\"contentUrl\":\"https:\\\/\\\/i0.wp.com\\\/www.tribur.de\\\/blog\\\/wp-content\\\/uploads\\\/2018\\\/09\\\/cropped-logotest-4.jpg?fit=200%2C200&ssl=1\",\"width\":200,\"height\":200,\"caption\":\"Markus Zwittmeier\"},\"logo\":{\"@id\":\"https:\\\/\\\/i0.wp.com\\\/www.tribur.de\\\/blog\\\/wp-content\\\/uploads\\\/2018\\\/09\\\/cropped-logotest-4.jpg?fit=200%2C200&ssl=1\"},\"sameAs\":[\"http:\\\/\\\/www.Tribur.de\",\"http:\\\/\\\/www.facebook.com\\\/pages\\\/Triburde\\\/184352328288771\",\"https:\\\/\\\/www.instagram.com\\\/tribur.de\\\/\",\"https:\\\/\\\/x.com\\\/https:\\\/\\\/twitter.com\\\/tribur\",\"https:\\\/\\\/www.youtube.com\\\/channel\\\/UCnEonou-x6_P4XPjBk2htCA\"],\"url\":\"https:\\\/\\\/www.tribur.de\\\/blog\\\/author\\\/markus\\\/\"}]}<\/script>\n<!-- \/ Yoast SEO plugin. -->","yoast_head_json":{"title":"Gedanken zur Fr\u00e4nkischen Landahme im Ried - Tribur.de","robots":{"index":"index","follow":"follow","max-snippet":"max-snippet:-1","max-image-preview":"max-image-preview:large","max-video-preview":"max-video-preview:-1"},"canonical":"https:\/\/www.tribur.de\/blog\/2012\/07\/09\/gedanken-zur-frankischen-landahme-im-ried\/","og_locale":"de_DE","og_type":"article","og_title":"Gedanken zur Fr\u00e4nkischen Landahme im Ried - Tribur.de","og_description":"Zum Durchsehen des Fundkataloges kam ich am Wochenende leider nicht, aber einige Gedanken habe ich mir gemacht. Der Franken Katalog sieht die Rheinebene von Mainz nach Worms als Pufferzone der Franken gegen die Alamannen.&#46;&#46;&#46;","og_url":"https:\/\/www.tribur.de\/blog\/2012\/07\/09\/gedanken-zur-frankischen-landahme-im-ried\/","og_site_name":"Tribur.de","article_publisher":"http:\/\/www.facebook.com\/pages\/Triburde\/184352328288771","article_author":"http:\/\/www.facebook.com\/pages\/Triburde\/184352328288771","article_published_time":"2012-07-09T09:09:09+00:00","og_image":[{"width":200,"height":200,"url":"https:\/\/i0.wp.com\/www.tribur.de\/blog\/wp-content\/uploads\/2018\/09\/cropped-logotest-2.jpg?fit=200%2C200&ssl=1","type":"image\/jpeg"}],"author":"Markus Zwittmeier","twitter_card":"summary_large_image","twitter_creator":"@https:\/\/twitter.com\/tribur","twitter_site":"@tribur","twitter_misc":{"Verfasst von":"Markus Zwittmeier","Gesch\u00e4tzte Lesezeit":"2\u00a0Minuten"},"schema":{"@context":"https:\/\/schema.org","@graph":[{"@type":"Article","@id":"https:\/\/www.tribur.de\/blog\/2012\/07\/09\/gedanken-zur-frankischen-landahme-im-ried\/#article","isPartOf":{"@id":"https:\/\/www.tribur.de\/blog\/2012\/07\/09\/gedanken-zur-frankischen-landahme-im-ried\/"},"author":{"name":"Markus Zwittmeier","@id":"https:\/\/www.tribur.de\/blog\/#\/schema\/person\/3119997f09f43791809c2d1af27bba6c"},"headline":"Gedanken zur Fr\u00e4nkischen Landahme im Ried","datePublished":"2012-07-09T09:09:09+00:00","mainEntityOfPage":{"@id":"https:\/\/www.tribur.de\/blog\/2012\/07\/09\/gedanken-zur-frankischen-landahme-im-ried\/"},"wordCount":416,"commentCount":17,"publisher":{"@id":"https:\/\/www.tribur.de\/blog\/#\/schema\/person\/3119997f09f43791809c2d1af27bba6c"},"articleSection":["Geschichte"],"inLanguage":"de","potentialAction":[{"@type":"CommentAction","name":"Comment","target":["https:\/\/www.tribur.de\/blog\/2012\/07\/09\/gedanken-zur-frankischen-landahme-im-ried\/#respond"]}]},{"@type":"WebPage","@id":"https:\/\/www.tribur.de\/blog\/2012\/07\/09\/gedanken-zur-frankischen-landahme-im-ried\/","url":"https:\/\/www.tribur.de\/blog\/2012\/07\/09\/gedanken-zur-frankischen-landahme-im-ried\/","name":"Gedanken zur Fr\u00e4nkischen Landahme im Ried - Tribur.de","isPartOf":{"@id":"https:\/\/www.tribur.de\/blog\/#website"},"datePublished":"2012-07-09T09:09:09+00:00","breadcrumb":{"@id":"https:\/\/www.tribur.de\/blog\/2012\/07\/09\/gedanken-zur-frankischen-landahme-im-ried\/#breadcrumb"},"inLanguage":"de","potentialAction":[{"@type":"ReadAction","target":["https:\/\/www.tribur.de\/blog\/2012\/07\/09\/gedanken-zur-frankischen-landahme-im-ried\/"]}]},{"@type":"BreadcrumbList","@id":"https:\/\/www.tribur.de\/blog\/2012\/07\/09\/gedanken-zur-frankischen-landahme-im-ried\/#breadcrumb","itemListElement":[{"@type":"ListItem","position":1,"name":"Home","item":"https:\/\/www.tribur.de\/blog\/"},{"@type":"ListItem","position":2,"name":"Gedanken zur Fr\u00e4nkischen Landahme im Ried"}]},{"@type":"WebSite","@id":"https:\/\/www.tribur.de\/blog\/#website","url":"https:\/\/www.tribur.de\/blog\/","name":"Tribur.de","description":"Tribur.de - Geschichte und so Zeugs","publisher":{"@id":"https:\/\/www.tribur.de\/blog\/#\/schema\/person\/3119997f09f43791809c2d1af27bba6c"},"potentialAction":[{"@type":"SearchAction","target":{"@type":"EntryPoint","urlTemplate":"https:\/\/www.tribur.de\/blog\/?s={search_term_string}"},"query-input":{"@type":"PropertyValueSpecification","valueRequired":true,"valueName":"search_term_string"}}],"inLanguage":"de"},{"@type":["Person","Organization"],"@id":"https:\/\/www.tribur.de\/blog\/#\/schema\/person\/3119997f09f43791809c2d1af27bba6c","name":"Markus Zwittmeier","image":{"@type":"ImageObject","inLanguage":"de","@id":"https:\/\/i0.wp.com\/www.tribur.de\/blog\/wp-content\/uploads\/2018\/09\/cropped-logotest-4.jpg?fit=200%2C200&ssl=1","url":"https:\/\/i0.wp.com\/www.tribur.de\/blog\/wp-content\/uploads\/2018\/09\/cropped-logotest-4.jpg?fit=200%2C200&ssl=1","contentUrl":"https:\/\/i0.wp.com\/www.tribur.de\/blog\/wp-content\/uploads\/2018\/09\/cropped-logotest-4.jpg?fit=200%2C200&ssl=1","width":200,"height":200,"caption":"Markus Zwittmeier"},"logo":{"@id":"https:\/\/i0.wp.com\/www.tribur.de\/blog\/wp-content\/uploads\/2018\/09\/cropped-logotest-4.jpg?fit=200%2C200&ssl=1"},"sameAs":["http:\/\/www.Tribur.de","http:\/\/www.facebook.com\/pages\/Triburde\/184352328288771","https:\/\/www.instagram.com\/tribur.de\/","https:\/\/x.com\/https:\/\/twitter.com\/tribur","https:\/\/www.youtube.com\/channel\/UCnEonou-x6_P4XPjBk2htCA"],"url":"https:\/\/www.tribur.de\/blog\/author\/markus\/"}]}},"jetpack_publicize_connections":[],"jetpack_featured_media_url":"","jetpack_shortlink":"https:\/\/wp.me\/p1mHPu-5xg","jetpack_sharing_enabled":true,"_links":{"self":[{"href":"https:\/\/www.tribur.de\/blog\/wp-json\/wp\/v2\/posts\/21282","targetHints":{"allow":["GET"]}}],"collection":[{"href":"https:\/\/www.tribur.de\/blog\/wp-json\/wp\/v2\/posts"}],"about":[{"href":"https:\/\/www.tribur.de\/blog\/wp-json\/wp\/v2\/types\/post"}],"author":[{"embeddable":true,"href":"https:\/\/www.tribur.de\/blog\/wp-json\/wp\/v2\/users\/2"}],"replies":[{"embeddable":true,"href":"https:\/\/www.tribur.de\/blog\/wp-json\/wp\/v2\/comments?post=21282"}],"version-history":[{"count":15,"href":"https:\/\/www.tribur.de\/blog\/wp-json\/wp\/v2\/posts\/21282\/revisions"}],"predecessor-version":[{"id":21299,"href":"https:\/\/www.tribur.de\/blog\/wp-json\/wp\/v2\/posts\/21282\/revisions\/21299"}],"wp:attachment":[{"href":"https:\/\/www.tribur.de\/blog\/wp-json\/wp\/v2\/media?parent=21282"}],"wp:term":[{"taxonomy":"category","embeddable":true,"href":"https:\/\/www.tribur.de\/blog\/wp-json\/wp\/v2\/categories?post=21282"},{"taxonomy":"post_tag","embeddable":true,"href":"https:\/\/www.tribur.de\/blog\/wp-json\/wp\/v2\/tags?post=21282"}],"curies":[{"name":"wp","href":"https:\/\/api.w.org\/{rel}","templated":true}]}}