{"id":21056,"date":"2012-06-21T10:48:08","date_gmt":"2012-06-21T08:48:08","guid":{"rendered":"http:\/\/www.tribur.de\/blog\/?p=21056"},"modified":"2012-06-21T10:48:08","modified_gmt":"2012-06-21T08:48:08","slug":"die-romische-hohenbefestigung-auf-dem-burgberg-in-bernkastel-kues","status":"publish","type":"post","link":"https:\/\/www.tribur.de\/blog\/2012\/06\/21\/die-romische-hohenbefestigung-auf-dem-burgberg-in-bernkastel-kues\/","title":{"rendered":"Die r\u00f6mische H\u00f6henbefestigung auf dem Burgberg in Bernkastel-Kues"},"content":{"rendered":"<p>Ich habe gestern Abend noch eine Email erhalten die mich auf die Pressemitteilung des Generaldirektion Kulturelles Erbe Rheinland Pfalz zu den Grabungen auf dem Burgberg in Bernkastel-Kues hingewiesen hat. Diese ist wesentlich ausf\u00fchrlicher und nicht so\u00a0effekthascherisch wie die Artikel in der Presse und dabei viel spannender, da dabei auch z.B. Bema\u00dfungen angegeben werden !<\/p>\n<p>Vorallem gibt mir ein Teil zu denken:<\/p>\n<blockquote><p>Es liegt nahe, die neu entdeckte Befestigung mit dem vom \u201eGeographen von Ravenna\u201c in seiner \u201eCosmographia\u201c \u00fcberlieferten \u201ePrincastellum\u201c in Verbindung zu bringen. Sein Text lautet: \u201e\u2026ebenso liegen an dem Fluss Mosel, den wir in der Francia Rinensis (Rheinfranken) erw\u00e4hnt haben, die Orte \u2026Treoris (Trier), Nobia (Neumagen), Princastellum (Bernkastel), Cardena (Karden), Cobulantia (Koblenz)\u201c. Der unbekannte Geograph verfasste seine \u201eWeltbeschreibung\u201c in den ersten Jahrzehnten des 8. Jahrhunderts, wobei er sich aber teilweise \u00e4lterer Quellen bediente. Da er Worms und Speyer als \u201ealamannische St\u00e4dte\u201c bezeichnet, gibt er offenbar einen Zustand aus der Zeit vor dem Sieg des Frankenk\u00f6nigs Chlodwig \u00fcber die Alamannen im Jahre 496 wieder.<\/p><\/blockquote>\n<p>Es sind eigentlich genau solche Hinweise die ich suche. Es scheint sehr wahrscheinlich das Chlodwigs Franken \u00a0und zuvor nat\u00fcrlich Childerich eben solche Festungen kannten. Viele wahrcheinlich nur im verfallenen Zustand. Aber einige werden mit Sicherheit weitergenutzt bzw. umgenutzt worden sein.<\/p>\n<p><a href=\"http:\/\/gdke.webseiten.cc\/index.php?id=19300&amp;tx_ttnews%5Btt_news%5D=18634&amp;tx_ttnews%5Byear%5D=2012&amp;tx_ttnews%5Bmonth%5D=06&amp;cHash=c4a55f9be0544e75e0110ecf870e8447\" target=\"_blank\">Hier der direkte Link zur Pressemitteilung<\/a><\/p>\n","protected":false},"excerpt":{"rendered":"<p>Ich habe gestern Abend noch eine Email erhalten die mich auf die Pressemitteilung des Generaldirektion Kulturelles Erbe Rheinland Pfalz zu den Grabungen auf dem Burgberg in Bernkastel-Kues hingewiesen hat. Diese ist wesentlich ausf\u00fchrlicher und&#46;&#46;&#46;<\/p>\n","protected":false},"author":2,"featured_media":0,"comment_status":"open","ping_status":"open","sticky":false,"template":"","format":"standard","meta":{"jetpack_post_was_ever_published":false,"_jetpack_newsletter_access":"","_jetpack_dont_email_post_to_subs":false,"_jetpack_newsletter_tier_id":0,"_jetpack_memberships_contains_paywalled_content":false,"_jetpack_memberships_contains_paid_content":false,"footnotes":"","jetpack_publicize_message":"","jetpack_publicize_feature_enabled":true,"jetpack_social_post_already_shared":false,"jetpack_social_options":{"image_generator_settings":{"template":"highway","default_image_id":0,"font":"","enabled":false},"version":2}},"categories":[1],"tags":[25,54,61,33,11,30,31],"class_list":["post-21056","post","type-post","status-publish","format-standard","hentry","category-geschichte","tag-antike","tag-archaologie","tag-architektur","tag-ausgrabung","tag-fruhmittelalter","tag-merowingisch","tag-romisch"],"yoast_head":"<!-- This site is optimized with the Yoast SEO plugin v27.4 - https:\/\/yoast.com\/product\/yoast-seo-wordpress\/ -->\n<title>Die r\u00f6mische H\u00f6henbefestigung auf dem Burgberg in Bernkastel-Kues - Tribur.de<\/title>\n<meta name=\"robots\" content=\"index, follow, max-snippet:-1, max-image-preview:large, max-video-preview:-1\" \/>\n<link rel=\"canonical\" href=\"https:\/\/www.tribur.de\/blog\/2012\/06\/21\/die-romische-hohenbefestigung-auf-dem-burgberg-in-bernkastel-kues\/\" \/>\n<meta property=\"og:locale\" content=\"de_DE\" \/>\n<meta property=\"og:type\" content=\"article\" \/>\n<meta property=\"og:title\" content=\"Die r\u00f6mische H\u00f6henbefestigung auf dem Burgberg in Bernkastel-Kues - Tribur.de\" \/>\n<meta property=\"og:description\" content=\"Ich habe gestern Abend noch eine Email erhalten die mich auf die Pressemitteilung des Generaldirektion Kulturelles Erbe Rheinland Pfalz zu den Grabungen auf dem Burgberg in Bernkastel-Kues hingewiesen hat. Diese ist wesentlich ausf\u00fchrlicher und&#046;&#046;&#046;\" \/>\n<meta property=\"og:url\" content=\"https:\/\/www.tribur.de\/blog\/2012\/06\/21\/die-romische-hohenbefestigung-auf-dem-burgberg-in-bernkastel-kues\/\" \/>\n<meta property=\"og:site_name\" content=\"Tribur.de\" \/>\n<meta property=\"article:publisher\" content=\"http:\/\/www.facebook.com\/pages\/Triburde\/184352328288771\" \/>\n<meta property=\"article:author\" content=\"http:\/\/www.facebook.com\/pages\/Triburde\/184352328288771\" \/>\n<meta property=\"article:published_time\" content=\"2012-06-21T08:48:08+00:00\" \/>\n<meta property=\"og:image\" content=\"https:\/\/i0.wp.com\/www.tribur.de\/blog\/wp-content\/uploads\/2018\/09\/cropped-logotest-2.jpg?fit=200%2C200&ssl=1\" \/>\n\t<meta property=\"og:image:width\" content=\"200\" \/>\n\t<meta property=\"og:image:height\" content=\"200\" \/>\n\t<meta property=\"og:image:type\" content=\"image\/jpeg\" \/>\n<meta name=\"author\" content=\"Markus Zwittmeier\" \/>\n<meta name=\"twitter:card\" content=\"summary_large_image\" \/>\n<meta name=\"twitter:creator\" content=\"@https:\/\/twitter.com\/tribur\" \/>\n<meta name=\"twitter:site\" content=\"@tribur\" \/>\n<meta name=\"twitter:label1\" content=\"Verfasst von\" \/>\n\t<meta name=\"twitter:data1\" content=\"Markus Zwittmeier\" \/>\n\t<meta name=\"twitter:label2\" content=\"Gesch\u00e4tzte Lesezeit\" \/>\n\t<meta name=\"twitter:data2\" content=\"1\u00a0Minute\" \/>\n<script type=\"application\/ld+json\" class=\"yoast-schema-graph\">{\"@context\":\"https:\\\/\\\/schema.org\",\"@graph\":[{\"@type\":\"Article\",\"@id\":\"https:\\\/\\\/www.tribur.de\\\/blog\\\/2012\\\/06\\\/21\\\/die-romische-hohenbefestigung-auf-dem-burgberg-in-bernkastel-kues\\\/#article\",\"isPartOf\":{\"@id\":\"https:\\\/\\\/www.tribur.de\\\/blog\\\/2012\\\/06\\\/21\\\/die-romische-hohenbefestigung-auf-dem-burgberg-in-bernkastel-kues\\\/\"},\"author\":{\"name\":\"Markus Zwittmeier\",\"@id\":\"https:\\\/\\\/www.tribur.de\\\/blog\\\/#\\\/schema\\\/person\\\/3119997f09f43791809c2d1af27bba6c\"},\"headline\":\"Die r\u00f6mische H\u00f6henbefestigung auf dem Burgberg in Bernkastel-Kues\",\"datePublished\":\"2012-06-21T08:48:08+00:00\",\"mainEntityOfPage\":{\"@id\":\"https:\\\/\\\/www.tribur.de\\\/blog\\\/2012\\\/06\\\/21\\\/die-romische-hohenbefestigung-auf-dem-burgberg-in-bernkastel-kues\\\/\"},\"wordCount\":225,\"commentCount\":3,\"publisher\":{\"@id\":\"https:\\\/\\\/www.tribur.de\\\/blog\\\/#\\\/schema\\\/person\\\/3119997f09f43791809c2d1af27bba6c\"},\"keywords\":[\"Antike\",\"Arch\u00e4ologie\",\"Architektur\",\"Ausgrabung\",\"Fr\u00fchmittelalter\",\"merowingisch\",\"r\u00f6misch\"],\"articleSection\":[\"Geschichte\"],\"inLanguage\":\"de\",\"potentialAction\":[{\"@type\":\"CommentAction\",\"name\":\"Comment\",\"target\":[\"https:\\\/\\\/www.tribur.de\\\/blog\\\/2012\\\/06\\\/21\\\/die-romische-hohenbefestigung-auf-dem-burgberg-in-bernkastel-kues\\\/#respond\"]}]},{\"@type\":\"WebPage\",\"@id\":\"https:\\\/\\\/www.tribur.de\\\/blog\\\/2012\\\/06\\\/21\\\/die-romische-hohenbefestigung-auf-dem-burgberg-in-bernkastel-kues\\\/\",\"url\":\"https:\\\/\\\/www.tribur.de\\\/blog\\\/2012\\\/06\\\/21\\\/die-romische-hohenbefestigung-auf-dem-burgberg-in-bernkastel-kues\\\/\",\"name\":\"Die r\u00f6mische H\u00f6henbefestigung auf dem Burgberg in Bernkastel-Kues - Tribur.de\",\"isPartOf\":{\"@id\":\"https:\\\/\\\/www.tribur.de\\\/blog\\\/#website\"},\"datePublished\":\"2012-06-21T08:48:08+00:00\",\"breadcrumb\":{\"@id\":\"https:\\\/\\\/www.tribur.de\\\/blog\\\/2012\\\/06\\\/21\\\/die-romische-hohenbefestigung-auf-dem-burgberg-in-bernkastel-kues\\\/#breadcrumb\"},\"inLanguage\":\"de\",\"potentialAction\":[{\"@type\":\"ReadAction\",\"target\":[\"https:\\\/\\\/www.tribur.de\\\/blog\\\/2012\\\/06\\\/21\\\/die-romische-hohenbefestigung-auf-dem-burgberg-in-bernkastel-kues\\\/\"]}]},{\"@type\":\"BreadcrumbList\",\"@id\":\"https:\\\/\\\/www.tribur.de\\\/blog\\\/2012\\\/06\\\/21\\\/die-romische-hohenbefestigung-auf-dem-burgberg-in-bernkastel-kues\\\/#breadcrumb\",\"itemListElement\":[{\"@type\":\"ListItem\",\"position\":1,\"name\":\"Home\",\"item\":\"https:\\\/\\\/www.tribur.de\\\/blog\\\/\"},{\"@type\":\"ListItem\",\"position\":2,\"name\":\"Die r\u00f6mische H\u00f6henbefestigung auf dem Burgberg in Bernkastel-Kues\"}]},{\"@type\":\"WebSite\",\"@id\":\"https:\\\/\\\/www.tribur.de\\\/blog\\\/#website\",\"url\":\"https:\\\/\\\/www.tribur.de\\\/blog\\\/\",\"name\":\"Tribur.de\",\"description\":\"Tribur.de - Geschichte und so Zeugs\",\"publisher\":{\"@id\":\"https:\\\/\\\/www.tribur.de\\\/blog\\\/#\\\/schema\\\/person\\\/3119997f09f43791809c2d1af27bba6c\"},\"potentialAction\":[{\"@type\":\"SearchAction\",\"target\":{\"@type\":\"EntryPoint\",\"urlTemplate\":\"https:\\\/\\\/www.tribur.de\\\/blog\\\/?s={search_term_string}\"},\"query-input\":{\"@type\":\"PropertyValueSpecification\",\"valueRequired\":true,\"valueName\":\"search_term_string\"}}],\"inLanguage\":\"de\"},{\"@type\":[\"Person\",\"Organization\"],\"@id\":\"https:\\\/\\\/www.tribur.de\\\/blog\\\/#\\\/schema\\\/person\\\/3119997f09f43791809c2d1af27bba6c\",\"name\":\"Markus Zwittmeier\",\"image\":{\"@type\":\"ImageObject\",\"inLanguage\":\"de\",\"@id\":\"https:\\\/\\\/i0.wp.com\\\/www.tribur.de\\\/blog\\\/wp-content\\\/uploads\\\/2018\\\/09\\\/cropped-logotest-4.jpg?fit=200%2C200&ssl=1\",\"url\":\"https:\\\/\\\/i0.wp.com\\\/www.tribur.de\\\/blog\\\/wp-content\\\/uploads\\\/2018\\\/09\\\/cropped-logotest-4.jpg?fit=200%2C200&ssl=1\",\"contentUrl\":\"https:\\\/\\\/i0.wp.com\\\/www.tribur.de\\\/blog\\\/wp-content\\\/uploads\\\/2018\\\/09\\\/cropped-logotest-4.jpg?fit=200%2C200&ssl=1\",\"width\":200,\"height\":200,\"caption\":\"Markus Zwittmeier\"},\"logo\":{\"@id\":\"https:\\\/\\\/i0.wp.com\\\/www.tribur.de\\\/blog\\\/wp-content\\\/uploads\\\/2018\\\/09\\\/cropped-logotest-4.jpg?fit=200%2C200&ssl=1\"},\"sameAs\":[\"http:\\\/\\\/www.Tribur.de\",\"http:\\\/\\\/www.facebook.com\\\/pages\\\/Triburde\\\/184352328288771\",\"https:\\\/\\\/www.instagram.com\\\/tribur.de\\\/\",\"https:\\\/\\\/x.com\\\/https:\\\/\\\/twitter.com\\\/tribur\",\"https:\\\/\\\/www.youtube.com\\\/channel\\\/UCnEonou-x6_P4XPjBk2htCA\"],\"url\":\"https:\\\/\\\/www.tribur.de\\\/blog\\\/author\\\/markus\\\/\"}]}<\/script>\n<!-- \/ Yoast SEO plugin. -->","yoast_head_json":{"title":"Die r\u00f6mische H\u00f6henbefestigung auf dem Burgberg in Bernkastel-Kues - Tribur.de","robots":{"index":"index","follow":"follow","max-snippet":"max-snippet:-1","max-image-preview":"max-image-preview:large","max-video-preview":"max-video-preview:-1"},"canonical":"https:\/\/www.tribur.de\/blog\/2012\/06\/21\/die-romische-hohenbefestigung-auf-dem-burgberg-in-bernkastel-kues\/","og_locale":"de_DE","og_type":"article","og_title":"Die r\u00f6mische H\u00f6henbefestigung auf dem Burgberg in Bernkastel-Kues - Tribur.de","og_description":"Ich habe gestern Abend noch eine Email erhalten die mich auf die Pressemitteilung des Generaldirektion Kulturelles Erbe Rheinland Pfalz zu den Grabungen auf dem Burgberg in Bernkastel-Kues hingewiesen hat. Diese ist wesentlich ausf\u00fchrlicher und&#46;&#46;&#46;","og_url":"https:\/\/www.tribur.de\/blog\/2012\/06\/21\/die-romische-hohenbefestigung-auf-dem-burgberg-in-bernkastel-kues\/","og_site_name":"Tribur.de","article_publisher":"http:\/\/www.facebook.com\/pages\/Triburde\/184352328288771","article_author":"http:\/\/www.facebook.com\/pages\/Triburde\/184352328288771","article_published_time":"2012-06-21T08:48:08+00:00","og_image":[{"width":200,"height":200,"url":"https:\/\/i0.wp.com\/www.tribur.de\/blog\/wp-content\/uploads\/2018\/09\/cropped-logotest-2.jpg?fit=200%2C200&ssl=1","type":"image\/jpeg"}],"author":"Markus Zwittmeier","twitter_card":"summary_large_image","twitter_creator":"@https:\/\/twitter.com\/tribur","twitter_site":"@tribur","twitter_misc":{"Verfasst von":"Markus Zwittmeier","Gesch\u00e4tzte Lesezeit":"1\u00a0Minute"},"schema":{"@context":"https:\/\/schema.org","@graph":[{"@type":"Article","@id":"https:\/\/www.tribur.de\/blog\/2012\/06\/21\/die-romische-hohenbefestigung-auf-dem-burgberg-in-bernkastel-kues\/#article","isPartOf":{"@id":"https:\/\/www.tribur.de\/blog\/2012\/06\/21\/die-romische-hohenbefestigung-auf-dem-burgberg-in-bernkastel-kues\/"},"author":{"name":"Markus Zwittmeier","@id":"https:\/\/www.tribur.de\/blog\/#\/schema\/person\/3119997f09f43791809c2d1af27bba6c"},"headline":"Die r\u00f6mische H\u00f6henbefestigung auf dem Burgberg in Bernkastel-Kues","datePublished":"2012-06-21T08:48:08+00:00","mainEntityOfPage":{"@id":"https:\/\/www.tribur.de\/blog\/2012\/06\/21\/die-romische-hohenbefestigung-auf-dem-burgberg-in-bernkastel-kues\/"},"wordCount":225,"commentCount":3,"publisher":{"@id":"https:\/\/www.tribur.de\/blog\/#\/schema\/person\/3119997f09f43791809c2d1af27bba6c"},"keywords":["Antike","Arch\u00e4ologie","Architektur","Ausgrabung","Fr\u00fchmittelalter","merowingisch","r\u00f6misch"],"articleSection":["Geschichte"],"inLanguage":"de","potentialAction":[{"@type":"CommentAction","name":"Comment","target":["https:\/\/www.tribur.de\/blog\/2012\/06\/21\/die-romische-hohenbefestigung-auf-dem-burgberg-in-bernkastel-kues\/#respond"]}]},{"@type":"WebPage","@id":"https:\/\/www.tribur.de\/blog\/2012\/06\/21\/die-romische-hohenbefestigung-auf-dem-burgberg-in-bernkastel-kues\/","url":"https:\/\/www.tribur.de\/blog\/2012\/06\/21\/die-romische-hohenbefestigung-auf-dem-burgberg-in-bernkastel-kues\/","name":"Die r\u00f6mische H\u00f6henbefestigung auf dem Burgberg in Bernkastel-Kues - Tribur.de","isPartOf":{"@id":"https:\/\/www.tribur.de\/blog\/#website"},"datePublished":"2012-06-21T08:48:08+00:00","breadcrumb":{"@id":"https:\/\/www.tribur.de\/blog\/2012\/06\/21\/die-romische-hohenbefestigung-auf-dem-burgberg-in-bernkastel-kues\/#breadcrumb"},"inLanguage":"de","potentialAction":[{"@type":"ReadAction","target":["https:\/\/www.tribur.de\/blog\/2012\/06\/21\/die-romische-hohenbefestigung-auf-dem-burgberg-in-bernkastel-kues\/"]}]},{"@type":"BreadcrumbList","@id":"https:\/\/www.tribur.de\/blog\/2012\/06\/21\/die-romische-hohenbefestigung-auf-dem-burgberg-in-bernkastel-kues\/#breadcrumb","itemListElement":[{"@type":"ListItem","position":1,"name":"Home","item":"https:\/\/www.tribur.de\/blog\/"},{"@type":"ListItem","position":2,"name":"Die r\u00f6mische H\u00f6henbefestigung auf dem Burgberg in Bernkastel-Kues"}]},{"@type":"WebSite","@id":"https:\/\/www.tribur.de\/blog\/#website","url":"https:\/\/www.tribur.de\/blog\/","name":"Tribur.de","description":"Tribur.de - Geschichte und so Zeugs","publisher":{"@id":"https:\/\/www.tribur.de\/blog\/#\/schema\/person\/3119997f09f43791809c2d1af27bba6c"},"potentialAction":[{"@type":"SearchAction","target":{"@type":"EntryPoint","urlTemplate":"https:\/\/www.tribur.de\/blog\/?s={search_term_string}"},"query-input":{"@type":"PropertyValueSpecification","valueRequired":true,"valueName":"search_term_string"}}],"inLanguage":"de"},{"@type":["Person","Organization"],"@id":"https:\/\/www.tribur.de\/blog\/#\/schema\/person\/3119997f09f43791809c2d1af27bba6c","name":"Markus Zwittmeier","image":{"@type":"ImageObject","inLanguage":"de","@id":"https:\/\/i0.wp.com\/www.tribur.de\/blog\/wp-content\/uploads\/2018\/09\/cropped-logotest-4.jpg?fit=200%2C200&ssl=1","url":"https:\/\/i0.wp.com\/www.tribur.de\/blog\/wp-content\/uploads\/2018\/09\/cropped-logotest-4.jpg?fit=200%2C200&ssl=1","contentUrl":"https:\/\/i0.wp.com\/www.tribur.de\/blog\/wp-content\/uploads\/2018\/09\/cropped-logotest-4.jpg?fit=200%2C200&ssl=1","width":200,"height":200,"caption":"Markus Zwittmeier"},"logo":{"@id":"https:\/\/i0.wp.com\/www.tribur.de\/blog\/wp-content\/uploads\/2018\/09\/cropped-logotest-4.jpg?fit=200%2C200&ssl=1"},"sameAs":["http:\/\/www.Tribur.de","http:\/\/www.facebook.com\/pages\/Triburde\/184352328288771","https:\/\/www.instagram.com\/tribur.de\/","https:\/\/x.com\/https:\/\/twitter.com\/tribur","https:\/\/www.youtube.com\/channel\/UCnEonou-x6_P4XPjBk2htCA"],"url":"https:\/\/www.tribur.de\/blog\/author\/markus\/"}]}},"jetpack_publicize_connections":[],"jetpack_featured_media_url":"","jetpack_shortlink":"https:\/\/wp.me\/p1mHPu-5tC","jetpack_sharing_enabled":true,"_links":{"self":[{"href":"https:\/\/www.tribur.de\/blog\/wp-json\/wp\/v2\/posts\/21056","targetHints":{"allow":["GET"]}}],"collection":[{"href":"https:\/\/www.tribur.de\/blog\/wp-json\/wp\/v2\/posts"}],"about":[{"href":"https:\/\/www.tribur.de\/blog\/wp-json\/wp\/v2\/types\/post"}],"author":[{"embeddable":true,"href":"https:\/\/www.tribur.de\/blog\/wp-json\/wp\/v2\/users\/2"}],"replies":[{"embeddable":true,"href":"https:\/\/www.tribur.de\/blog\/wp-json\/wp\/v2\/comments?post=21056"}],"version-history":[{"count":5,"href":"https:\/\/www.tribur.de\/blog\/wp-json\/wp\/v2\/posts\/21056\/revisions"}],"predecessor-version":[{"id":21061,"href":"https:\/\/www.tribur.de\/blog\/wp-json\/wp\/v2\/posts\/21056\/revisions\/21061"}],"wp:attachment":[{"href":"https:\/\/www.tribur.de\/blog\/wp-json\/wp\/v2\/media?parent=21056"}],"wp:term":[{"taxonomy":"category","embeddable":true,"href":"https:\/\/www.tribur.de\/blog\/wp-json\/wp\/v2\/categories?post=21056"},{"taxonomy":"post_tag","embeddable":true,"href":"https:\/\/www.tribur.de\/blog\/wp-json\/wp\/v2\/tags?post=21056"}],"curies":[{"name":"wp","href":"https:\/\/api.w.org\/{rel}","templated":true}]}}