{"id":21048,"date":"2012-06-21T14:56:46","date_gmt":"2012-06-21T12:56:46","guid":{"rendered":"http:\/\/www.tribur.de\/blog\/?p=21048"},"modified":"2012-06-21T14:56:46","modified_gmt":"2012-06-21T12:56:46","slug":"wuste-muhlen-im-kreis-gros-gerau","status":"publish","type":"post","link":"https:\/\/www.tribur.de\/blog\/2012\/06\/21\/wuste-muhlen-im-kreis-gros-gerau\/","title":{"rendered":"W\u00fcste M\u00fchlen im Kreis Gro\u00df Gerau"},"content":{"rendered":"<p>M\u00fchlen gab es im Kreis Gro\u00df Gerau wie Sand am Meer, die vielen kleinen B\u00e4che die vom Odenwald in Richtung Rhein und mein Flie\u00dfen boten sich gerade zu an das im Kreis gemahlene Korn gleich vor Ort weiter zu\u00a0verarbeiten. \u00a0Das f\u00fchrte soweit das fast jeder Bach irgendwann und irgendwo einmal als M\u00fchlbach bezeichnet wurde.<\/p>\n<p>Vereinzelt stehen noch die alten M\u00fchlengeb\u00e4ude, wie etwa in Wallerst\u00e4dten, die meisten sind jedoch sp\u00e4testens mit dem Aufkommen der Dampfm\u00fchle verschwunden. Die sind im \u00fcbrigen inzwischen auch verschwunden. Eine der letzten die verschwand war die Dampfm\u00fchle am Kornsand, die \u00fcbrigens sehr spektakul\u00e4r gesprengt wurde.<\/p>\n<p>Die M\u00fcller, die oftmals abseits der D\u00f6rfer in ihren M\u00fchlen wohnten, hatten keinen besonders guten Ruf. Sie galten als Eigenbr\u00f6dler und Geizh\u00e4lse, die nur auf ihren eigenen Vorteil bedacht waren, das Korn falsch wogen, das Mehl streckten usw.<\/p>\n<p>Es verwundert daher nicht das es viele Sagen und Geschichten \u00a0um &#8222;Teufelsm\u00fcller&#8220; oder \u00e4hnliches gibt. Da kann der Kreis \u00a0Gro\u00df Gerau nicht hinten anstehen:<\/p>\n<blockquote><p>Bei der F\u00f6rsterei Mitteldick (bei Zeppelinheim), am Hengstbach \u00f6stlich des Flughafens soll einstmals die Waldm\u00fchle gelegen haben. Der Waldm\u00fcller war ein geiziger Mann, der betrog wo er nur konnte. Eines Abends klopfte es an sein Fenster und ein alter Mann mit langem Bart sprach zu dem M\u00fcller: &#8220; Ich komme in Gottes Namen und erbitte ein wenig Mehl , das ich den Hungernden bringen will.&#8220; &#8222;Das k\u00e4me mir gerade recht, ich habe Mehl zu verkaufen, aber nicht zu verschenken. Ehe ich den Armen etwas von meinem Mehl gebe soll der Hengstbach kein Wasser mehr f\u00fchren!&#8220; entgegnete der Waldm\u00fcller.Traurig erwiderte der Alte: &#8222;Gut, dein Wunsch soll in Erf\u00fcllung gehen&#8220; und verschwand im Wald.<br \/>\nAls der M\u00fcller nun wieder an die Arbeit ging und das Korn in den Trichter sch\u00fcttete, da stand die M\u00fchle pl\u00f6tzlich still, denn das Wasser des Hengstbaches versickerte weit vo der M\u00fchle im sumpfigen Wald.<br \/>\nDa fluchte der M\u00fcller &#8222;Das Wasser hast du mir genommen, mein Mehl aber kannst du mir nicht nehmen&#8220; Da stand pl\u00f6tzlich der alte Mann wieder vor ihm und bat erneut um Mehl, doch der M\u00fcller jagte ihn fort.<br \/>\nUm Mitternacht zog von Westen ein schweres Gewitter mit Blitz und Donner auf. Da lachte der M\u00fcller:&#8220;Schieb nur deine Kegelkugeln da oben im Himmel, aber lass mich in Ruhe mit meinem Mehl!&#8220;.<br \/>\nKaum hatte er dies gesagt schlug krachend ein Blitz in der M\u00fchle ein und die M\u00fchle stand in hellen Flammen. Der M\u00fcller ergriff 2 Eimer und wollte Wasser zum L\u00f6schen holen, doch der Hengstbach f\u00fchrte ja kein Wasser mehr und er schrie um Hilfe. Da stand pl\u00f6tzlich der alte Mann wieder vor ihm. &#8222;Es soll dir geholfen werden wenn du barmherzig bist!&#8220; Doch der M\u00fcller war ganz von Sinnenund schrie &#8222;Zum Teufel mit deiner Hilfe! Mein Wasser hast du genommen, , meine M\u00fchle hast du mir genommen, aber ich bleibe der Waldm\u00fcller vom Hengstbach&#8220; und rannte wie toll in den Wald.<br \/>\nAm n\u00e4chsten Morgen fanden Waldarbeiter den M\u00fcller mit klaffendem Sch\u00e4del an einem Baum lehnend.<br \/>\nNoch heute soll er nachts durch den Wald irren und seine M\u00fchle und sein Geld suchen [1]<\/p><\/blockquote>\n<p>Doch zur\u00fcck zu den verschwundenen M\u00fchlen.<br \/>\nDie Altbachm\u00fchle lagt am Altbach, der eigentlich gar kein Bach ist, sondern ein Abzugsgraben der zwei Altneckarschlingen verbindet, wobei die n\u00f6rdliche Teil des Landgrabens ist. S\u00fcdlich von Berkach lag sie am Zufluss und war in herrschaftlichen Besitz. Die Pacht betrug 1428 und 1451 7 Malter Weizen. 1792 existierte sie nicht mehr. Sie war abgebrochen worden um dem Altbach einen besseren Abfluss zu gew\u00e4hren [2] [3]<\/p>\n<p>Die Niederm\u00fchle, wie sie in &#8222;Unser Heimatkreis&#8220; f\u00fcr Worfelden nennt soll man gefundenhaben als man den M\u00fchlbach regulierte und Mauerreste im Bachbett gefunden wurden. Einzig ein Flurname erinnert nach an sie.<\/p>\n<p>Die Rappenm\u00fchle, ebenfalls bei Worfelden gelegen, befand sich 800m s\u00fcdlich vom Ort befunden haben. Das Lagis vermerkt nur &#8222;1280: locus, dictus Rappenmulen&#8220;. Noch heute findet sich hier ein Bauernhof der auf den Namen Rappm\u00fchle hort, so wie auch die umliegende Flur.<\/p>\n<p>[1] nach &#8222;Unser Heimatkreis Gro\u00df Gerau&#8220; S. 120<br \/>\n[2] Gerog Wilhelm Justin Wagner &#8222;Die W\u00fcstungen im Gro\u00dfherzogtum Hessen&#8220; 1854 ,S.142<br \/>\n[3] &#8222;Lebendige Heimat- Der Kreis Gro\u00df Gerau&#8220; S.127<\/p>\n<p>&nbsp;<\/p>\n","protected":false},"excerpt":{"rendered":"<p>M\u00fchlen gab es im Kreis Gro\u00df Gerau wie Sand am Meer, die vielen kleinen B\u00e4che die vom Odenwald in Richtung Rhein und mein Flie\u00dfen boten sich gerade zu an das im Kreis gemahlene Korn&#46;&#46;&#46;<\/p>\n","protected":false},"author":2,"featured_media":0,"comment_status":"open","ping_status":"open","sticky":false,"template":"","format":"standard","meta":{"jetpack_post_was_ever_published":false,"_jetpack_newsletter_access":"","_jetpack_dont_email_post_to_subs":false,"_jetpack_newsletter_tier_id":0,"_jetpack_memberships_contains_paywalled_content":false,"_jetpack_memberships_contains_paid_content":false,"footnotes":"","jetpack_publicize_message":"","jetpack_publicize_feature_enabled":true,"jetpack_social_post_already_shared":false,"jetpack_social_options":{"image_generator_settings":{"template":"highway","default_image_id":0,"font":"","enabled":false},"version":2}},"categories":[1],"tags":[],"class_list":["post-21048","post","type-post","status-publish","format-standard","hentry","category-geschichte"],"yoast_head":"<!-- This site is optimized with the Yoast SEO plugin v27.4 - https:\/\/yoast.com\/product\/yoast-seo-wordpress\/ -->\n<title>W\u00fcste M\u00fchlen im Kreis Gro\u00df Gerau - Tribur.de<\/title>\n<meta name=\"robots\" content=\"index, follow, max-snippet:-1, max-image-preview:large, max-video-preview:-1\" \/>\n<link rel=\"canonical\" href=\"https:\/\/www.tribur.de\/blog\/2012\/06\/21\/wuste-muhlen-im-kreis-gros-gerau\/\" \/>\n<meta property=\"og:locale\" content=\"de_DE\" \/>\n<meta property=\"og:type\" content=\"article\" \/>\n<meta property=\"og:title\" content=\"W\u00fcste M\u00fchlen im Kreis Gro\u00df Gerau - Tribur.de\" \/>\n<meta property=\"og:description\" content=\"M\u00fchlen gab es im Kreis Gro\u00df Gerau wie Sand am Meer, die vielen kleinen B\u00e4che die vom Odenwald in Richtung Rhein und mein Flie\u00dfen boten sich gerade zu an das im Kreis gemahlene Korn&#046;&#046;&#046;\" \/>\n<meta property=\"og:url\" content=\"https:\/\/www.tribur.de\/blog\/2012\/06\/21\/wuste-muhlen-im-kreis-gros-gerau\/\" \/>\n<meta property=\"og:site_name\" content=\"Tribur.de\" \/>\n<meta property=\"article:publisher\" content=\"http:\/\/www.facebook.com\/pages\/Triburde\/184352328288771\" \/>\n<meta property=\"article:author\" content=\"http:\/\/www.facebook.com\/pages\/Triburde\/184352328288771\" \/>\n<meta property=\"article:published_time\" content=\"2012-06-21T12:56:46+00:00\" \/>\n<meta property=\"og:image\" content=\"https:\/\/i0.wp.com\/www.tribur.de\/blog\/wp-content\/uploads\/2018\/09\/cropped-logotest-2.jpg?fit=200%2C200&ssl=1\" \/>\n\t<meta property=\"og:image:width\" content=\"200\" \/>\n\t<meta property=\"og:image:height\" content=\"200\" \/>\n\t<meta property=\"og:image:type\" content=\"image\/jpeg\" \/>\n<meta name=\"author\" content=\"Markus Zwittmeier\" \/>\n<meta name=\"twitter:card\" content=\"summary_large_image\" \/>\n<meta name=\"twitter:creator\" content=\"@https:\/\/twitter.com\/tribur\" \/>\n<meta name=\"twitter:site\" content=\"@tribur\" \/>\n<meta name=\"twitter:label1\" content=\"Verfasst von\" \/>\n\t<meta name=\"twitter:data1\" content=\"Markus Zwittmeier\" \/>\n\t<meta name=\"twitter:label2\" content=\"Gesch\u00e4tzte Lesezeit\" \/>\n\t<meta name=\"twitter:data2\" content=\"4\u00a0Minuten\" \/>\n<script type=\"application\/ld+json\" class=\"yoast-schema-graph\">{\"@context\":\"https:\\\/\\\/schema.org\",\"@graph\":[{\"@type\":\"Article\",\"@id\":\"https:\\\/\\\/www.tribur.de\\\/blog\\\/2012\\\/06\\\/21\\\/wuste-muhlen-im-kreis-gros-gerau\\\/#article\",\"isPartOf\":{\"@id\":\"https:\\\/\\\/www.tribur.de\\\/blog\\\/2012\\\/06\\\/21\\\/wuste-muhlen-im-kreis-gros-gerau\\\/\"},\"author\":{\"name\":\"Markus Zwittmeier\",\"@id\":\"https:\\\/\\\/www.tribur.de\\\/blog\\\/#\\\/schema\\\/person\\\/3119997f09f43791809c2d1af27bba6c\"},\"headline\":\"W\u00fcste M\u00fchlen im Kreis Gro\u00df Gerau\",\"datePublished\":\"2012-06-21T12:56:46+00:00\",\"mainEntityOfPage\":{\"@id\":\"https:\\\/\\\/www.tribur.de\\\/blog\\\/2012\\\/06\\\/21\\\/wuste-muhlen-im-kreis-gros-gerau\\\/\"},\"wordCount\":737,\"commentCount\":2,\"publisher\":{\"@id\":\"https:\\\/\\\/www.tribur.de\\\/blog\\\/#\\\/schema\\\/person\\\/3119997f09f43791809c2d1af27bba6c\"},\"articleSection\":[\"Geschichte\"],\"inLanguage\":\"de\",\"potentialAction\":[{\"@type\":\"CommentAction\",\"name\":\"Comment\",\"target\":[\"https:\\\/\\\/www.tribur.de\\\/blog\\\/2012\\\/06\\\/21\\\/wuste-muhlen-im-kreis-gros-gerau\\\/#respond\"]}]},{\"@type\":\"WebPage\",\"@id\":\"https:\\\/\\\/www.tribur.de\\\/blog\\\/2012\\\/06\\\/21\\\/wuste-muhlen-im-kreis-gros-gerau\\\/\",\"url\":\"https:\\\/\\\/www.tribur.de\\\/blog\\\/2012\\\/06\\\/21\\\/wuste-muhlen-im-kreis-gros-gerau\\\/\",\"name\":\"W\u00fcste M\u00fchlen im Kreis Gro\u00df Gerau - Tribur.de\",\"isPartOf\":{\"@id\":\"https:\\\/\\\/www.tribur.de\\\/blog\\\/#website\"},\"datePublished\":\"2012-06-21T12:56:46+00:00\",\"breadcrumb\":{\"@id\":\"https:\\\/\\\/www.tribur.de\\\/blog\\\/2012\\\/06\\\/21\\\/wuste-muhlen-im-kreis-gros-gerau\\\/#breadcrumb\"},\"inLanguage\":\"de\",\"potentialAction\":[{\"@type\":\"ReadAction\",\"target\":[\"https:\\\/\\\/www.tribur.de\\\/blog\\\/2012\\\/06\\\/21\\\/wuste-muhlen-im-kreis-gros-gerau\\\/\"]}]},{\"@type\":\"BreadcrumbList\",\"@id\":\"https:\\\/\\\/www.tribur.de\\\/blog\\\/2012\\\/06\\\/21\\\/wuste-muhlen-im-kreis-gros-gerau\\\/#breadcrumb\",\"itemListElement\":[{\"@type\":\"ListItem\",\"position\":1,\"name\":\"Home\",\"item\":\"https:\\\/\\\/www.tribur.de\\\/blog\\\/\"},{\"@type\":\"ListItem\",\"position\":2,\"name\":\"W\u00fcste M\u00fchlen im Kreis Gro\u00df Gerau\"}]},{\"@type\":\"WebSite\",\"@id\":\"https:\\\/\\\/www.tribur.de\\\/blog\\\/#website\",\"url\":\"https:\\\/\\\/www.tribur.de\\\/blog\\\/\",\"name\":\"Tribur.de\",\"description\":\"Tribur.de - Geschichte und so Zeugs\",\"publisher\":{\"@id\":\"https:\\\/\\\/www.tribur.de\\\/blog\\\/#\\\/schema\\\/person\\\/3119997f09f43791809c2d1af27bba6c\"},\"potentialAction\":[{\"@type\":\"SearchAction\",\"target\":{\"@type\":\"EntryPoint\",\"urlTemplate\":\"https:\\\/\\\/www.tribur.de\\\/blog\\\/?s={search_term_string}\"},\"query-input\":{\"@type\":\"PropertyValueSpecification\",\"valueRequired\":true,\"valueName\":\"search_term_string\"}}],\"inLanguage\":\"de\"},{\"@type\":[\"Person\",\"Organization\"],\"@id\":\"https:\\\/\\\/www.tribur.de\\\/blog\\\/#\\\/schema\\\/person\\\/3119997f09f43791809c2d1af27bba6c\",\"name\":\"Markus Zwittmeier\",\"image\":{\"@type\":\"ImageObject\",\"inLanguage\":\"de\",\"@id\":\"https:\\\/\\\/i0.wp.com\\\/www.tribur.de\\\/blog\\\/wp-content\\\/uploads\\\/2018\\\/09\\\/cropped-logotest-4.jpg?fit=200%2C200&ssl=1\",\"url\":\"https:\\\/\\\/i0.wp.com\\\/www.tribur.de\\\/blog\\\/wp-content\\\/uploads\\\/2018\\\/09\\\/cropped-logotest-4.jpg?fit=200%2C200&ssl=1\",\"contentUrl\":\"https:\\\/\\\/i0.wp.com\\\/www.tribur.de\\\/blog\\\/wp-content\\\/uploads\\\/2018\\\/09\\\/cropped-logotest-4.jpg?fit=200%2C200&ssl=1\",\"width\":200,\"height\":200,\"caption\":\"Markus Zwittmeier\"},\"logo\":{\"@id\":\"https:\\\/\\\/i0.wp.com\\\/www.tribur.de\\\/blog\\\/wp-content\\\/uploads\\\/2018\\\/09\\\/cropped-logotest-4.jpg?fit=200%2C200&ssl=1\"},\"sameAs\":[\"http:\\\/\\\/www.Tribur.de\",\"http:\\\/\\\/www.facebook.com\\\/pages\\\/Triburde\\\/184352328288771\",\"https:\\\/\\\/www.instagram.com\\\/tribur.de\\\/\",\"https:\\\/\\\/x.com\\\/https:\\\/\\\/twitter.com\\\/tribur\",\"https:\\\/\\\/www.youtube.com\\\/channel\\\/UCnEonou-x6_P4XPjBk2htCA\"],\"url\":\"https:\\\/\\\/www.tribur.de\\\/blog\\\/author\\\/markus\\\/\"}]}<\/script>\n<!-- \/ Yoast SEO plugin. -->","yoast_head_json":{"title":"W\u00fcste M\u00fchlen im Kreis Gro\u00df Gerau - Tribur.de","robots":{"index":"index","follow":"follow","max-snippet":"max-snippet:-1","max-image-preview":"max-image-preview:large","max-video-preview":"max-video-preview:-1"},"canonical":"https:\/\/www.tribur.de\/blog\/2012\/06\/21\/wuste-muhlen-im-kreis-gros-gerau\/","og_locale":"de_DE","og_type":"article","og_title":"W\u00fcste M\u00fchlen im Kreis Gro\u00df Gerau - Tribur.de","og_description":"M\u00fchlen gab es im Kreis Gro\u00df Gerau wie Sand am Meer, die vielen kleinen B\u00e4che die vom Odenwald in Richtung Rhein und mein Flie\u00dfen boten sich gerade zu an das im Kreis gemahlene Korn&#46;&#46;&#46;","og_url":"https:\/\/www.tribur.de\/blog\/2012\/06\/21\/wuste-muhlen-im-kreis-gros-gerau\/","og_site_name":"Tribur.de","article_publisher":"http:\/\/www.facebook.com\/pages\/Triburde\/184352328288771","article_author":"http:\/\/www.facebook.com\/pages\/Triburde\/184352328288771","article_published_time":"2012-06-21T12:56:46+00:00","og_image":[{"width":200,"height":200,"url":"https:\/\/i0.wp.com\/www.tribur.de\/blog\/wp-content\/uploads\/2018\/09\/cropped-logotest-2.jpg?fit=200%2C200&ssl=1","type":"image\/jpeg"}],"author":"Markus Zwittmeier","twitter_card":"summary_large_image","twitter_creator":"@https:\/\/twitter.com\/tribur","twitter_site":"@tribur","twitter_misc":{"Verfasst von":"Markus Zwittmeier","Gesch\u00e4tzte Lesezeit":"4\u00a0Minuten"},"schema":{"@context":"https:\/\/schema.org","@graph":[{"@type":"Article","@id":"https:\/\/www.tribur.de\/blog\/2012\/06\/21\/wuste-muhlen-im-kreis-gros-gerau\/#article","isPartOf":{"@id":"https:\/\/www.tribur.de\/blog\/2012\/06\/21\/wuste-muhlen-im-kreis-gros-gerau\/"},"author":{"name":"Markus Zwittmeier","@id":"https:\/\/www.tribur.de\/blog\/#\/schema\/person\/3119997f09f43791809c2d1af27bba6c"},"headline":"W\u00fcste M\u00fchlen im Kreis Gro\u00df Gerau","datePublished":"2012-06-21T12:56:46+00:00","mainEntityOfPage":{"@id":"https:\/\/www.tribur.de\/blog\/2012\/06\/21\/wuste-muhlen-im-kreis-gros-gerau\/"},"wordCount":737,"commentCount":2,"publisher":{"@id":"https:\/\/www.tribur.de\/blog\/#\/schema\/person\/3119997f09f43791809c2d1af27bba6c"},"articleSection":["Geschichte"],"inLanguage":"de","potentialAction":[{"@type":"CommentAction","name":"Comment","target":["https:\/\/www.tribur.de\/blog\/2012\/06\/21\/wuste-muhlen-im-kreis-gros-gerau\/#respond"]}]},{"@type":"WebPage","@id":"https:\/\/www.tribur.de\/blog\/2012\/06\/21\/wuste-muhlen-im-kreis-gros-gerau\/","url":"https:\/\/www.tribur.de\/blog\/2012\/06\/21\/wuste-muhlen-im-kreis-gros-gerau\/","name":"W\u00fcste M\u00fchlen im Kreis Gro\u00df Gerau - Tribur.de","isPartOf":{"@id":"https:\/\/www.tribur.de\/blog\/#website"},"datePublished":"2012-06-21T12:56:46+00:00","breadcrumb":{"@id":"https:\/\/www.tribur.de\/blog\/2012\/06\/21\/wuste-muhlen-im-kreis-gros-gerau\/#breadcrumb"},"inLanguage":"de","potentialAction":[{"@type":"ReadAction","target":["https:\/\/www.tribur.de\/blog\/2012\/06\/21\/wuste-muhlen-im-kreis-gros-gerau\/"]}]},{"@type":"BreadcrumbList","@id":"https:\/\/www.tribur.de\/blog\/2012\/06\/21\/wuste-muhlen-im-kreis-gros-gerau\/#breadcrumb","itemListElement":[{"@type":"ListItem","position":1,"name":"Home","item":"https:\/\/www.tribur.de\/blog\/"},{"@type":"ListItem","position":2,"name":"W\u00fcste M\u00fchlen im Kreis Gro\u00df Gerau"}]},{"@type":"WebSite","@id":"https:\/\/www.tribur.de\/blog\/#website","url":"https:\/\/www.tribur.de\/blog\/","name":"Tribur.de","description":"Tribur.de - Geschichte und so Zeugs","publisher":{"@id":"https:\/\/www.tribur.de\/blog\/#\/schema\/person\/3119997f09f43791809c2d1af27bba6c"},"potentialAction":[{"@type":"SearchAction","target":{"@type":"EntryPoint","urlTemplate":"https:\/\/www.tribur.de\/blog\/?s={search_term_string}"},"query-input":{"@type":"PropertyValueSpecification","valueRequired":true,"valueName":"search_term_string"}}],"inLanguage":"de"},{"@type":["Person","Organization"],"@id":"https:\/\/www.tribur.de\/blog\/#\/schema\/person\/3119997f09f43791809c2d1af27bba6c","name":"Markus Zwittmeier","image":{"@type":"ImageObject","inLanguage":"de","@id":"https:\/\/i0.wp.com\/www.tribur.de\/blog\/wp-content\/uploads\/2018\/09\/cropped-logotest-4.jpg?fit=200%2C200&ssl=1","url":"https:\/\/i0.wp.com\/www.tribur.de\/blog\/wp-content\/uploads\/2018\/09\/cropped-logotest-4.jpg?fit=200%2C200&ssl=1","contentUrl":"https:\/\/i0.wp.com\/www.tribur.de\/blog\/wp-content\/uploads\/2018\/09\/cropped-logotest-4.jpg?fit=200%2C200&ssl=1","width":200,"height":200,"caption":"Markus Zwittmeier"},"logo":{"@id":"https:\/\/i0.wp.com\/www.tribur.de\/blog\/wp-content\/uploads\/2018\/09\/cropped-logotest-4.jpg?fit=200%2C200&ssl=1"},"sameAs":["http:\/\/www.Tribur.de","http:\/\/www.facebook.com\/pages\/Triburde\/184352328288771","https:\/\/www.instagram.com\/tribur.de\/","https:\/\/x.com\/https:\/\/twitter.com\/tribur","https:\/\/www.youtube.com\/channel\/UCnEonou-x6_P4XPjBk2htCA"],"url":"https:\/\/www.tribur.de\/blog\/author\/markus\/"}]}},"jetpack_publicize_connections":[],"jetpack_featured_media_url":"","jetpack_shortlink":"https:\/\/wp.me\/p1mHPu-5tu","jetpack_sharing_enabled":true,"_links":{"self":[{"href":"https:\/\/www.tribur.de\/blog\/wp-json\/wp\/v2\/posts\/21048","targetHints":{"allow":["GET"]}}],"collection":[{"href":"https:\/\/www.tribur.de\/blog\/wp-json\/wp\/v2\/posts"}],"about":[{"href":"https:\/\/www.tribur.de\/blog\/wp-json\/wp\/v2\/types\/post"}],"author":[{"embeddable":true,"href":"https:\/\/www.tribur.de\/blog\/wp-json\/wp\/v2\/users\/2"}],"replies":[{"embeddable":true,"href":"https:\/\/www.tribur.de\/blog\/wp-json\/wp\/v2\/comments?post=21048"}],"version-history":[{"count":8,"href":"https:\/\/www.tribur.de\/blog\/wp-json\/wp\/v2\/posts\/21048\/revisions"}],"predecessor-version":[{"id":21063,"href":"https:\/\/www.tribur.de\/blog\/wp-json\/wp\/v2\/posts\/21048\/revisions\/21063"}],"wp:attachment":[{"href":"https:\/\/www.tribur.de\/blog\/wp-json\/wp\/v2\/media?parent=21048"}],"wp:term":[{"taxonomy":"category","embeddable":true,"href":"https:\/\/www.tribur.de\/blog\/wp-json\/wp\/v2\/categories?post=21048"},{"taxonomy":"post_tag","embeddable":true,"href":"https:\/\/www.tribur.de\/blog\/wp-json\/wp\/v2\/tags?post=21048"}],"curies":[{"name":"wp","href":"https:\/\/api.w.org\/{rel}","templated":true}]}}