{"id":20865,"date":"2012-06-13T11:12:56","date_gmt":"2012-06-13T09:12:56","guid":{"rendered":"http:\/\/www.tribur.de\/blog\/?p=20865"},"modified":"2012-06-13T11:12:56","modified_gmt":"2012-06-13T09:12:56","slug":"der-lutticher-raum-in-fruhkarolingischer-zeit-buch","status":"publish","type":"post","link":"https:\/\/www.tribur.de\/blog\/2012\/06\/13\/der-lutticher-raum-in-fruhkarolingischer-zeit-buch\/","title":{"rendered":"Der L\u00fctticher Raum in fr\u00fchkarolingischer Zeit &#8211; Buch"},"content":{"rendered":"<p><a href=\"https:\/\/i0.wp.com\/www.tribur.de\/blog\/wp-content\/uploads\/2012\/06\/uploadl%C3%BCtticher.jpg?ssl=1\"><img data-recalc-dims=\"1\" loading=\"lazy\" decoding=\"async\" class=\"alignleft size-full wp-image-20866\" title=\"uploadl\u00fctticher\" src=\"https:\/\/i0.wp.com\/www.tribur.de\/blog\/wp-content\/uploads\/2012\/06\/uploadl%C3%BCtticher.jpg?resize=350%2C481&#038;ssl=1\" alt=\"\" width=\"350\" height=\"481\" srcset=\"https:\/\/i0.wp.com\/www.tribur.de\/blog\/wp-content\/uploads\/2012\/06\/uploadl%C3%BCtticher.jpg?w=350&amp;ssl=1 350w, https:\/\/i0.wp.com\/www.tribur.de\/blog\/wp-content\/uploads\/2012\/06\/uploadl%C3%BCtticher.jpg?resize=218%2C300&amp;ssl=1 218w\" sizes=\"auto, (max-width: 350px) 100vw, 350px\" \/><\/a><\/p>\n<p>Auf Anraten eines befreundeten Historikers zum Thema fr\u00fche Karolinger, Siedlungst\u00e4tig, Landesausbau und Burgen habe ich mir von Matthia Werner &#8222;Der L\u00fctticher Raum in fr\u00fchkarolingischer Zeit -Untersuchungen zur Geschichte einer karolingischen Stammlandschaft&#8220; \u00a0zugelegt.<\/p>\n<p>Das in Leinen gebundene Buch mit 539 Seiten gliedert sich in 5 Kapitel.<br \/>\nDas erste Kapitel widmet sich in wenigen Seiten den &#8222;Landschaft, Siedlungsgeschichte und Verkehrslage&#8220;, w\u00e4hrend das zweite Kapitel uns dann sehr ausf\u00fchrlich \u00fcber die Familiem im L\u00fctticher Raum des 7. und fr\u00fchen 8. Jahrhundert informiert.<br \/>\nDas dritte Kapitel widmet sich dann ebenso ausf\u00fchrlich dem Bistum \u00a0Tongeren-Maastricht und seinen Bisch\u00f6fen, darunter auch dem heiligen Lambert., Besitzungen und der Verlegung des Bischofsitzes.<br \/>\nKapitel 4 behandelt schlie\u00dflich Arnulfinger -Pippiniden im behandelten Raum, also den direkten Vorfahren Karls des Gro\u00dfen.<br \/>\nEs folgt ein Schlu\u00dftext, sowie die obligatorischen Register und Quellenverweise.<\/p>\n<p>Wer in dem Werk arch\u00e4ologische Funde sucht, ist hier fehl am Platze. Diese tauchen, wenn \u00fcberhaupt, nur zur Nachwei\u00df von Siedlungst\u00e4tigkeit und Kontinuit\u00e4t auf. Hier werden Verwandtschaftsverh\u00e4ltnisse \u00a0gekl\u00e4rt, Urkunden ausgewertet und Kirchenstiftungen in Beziehung gesetzt. Es ist das Werk eines Historikers, das sich an Historiker richtet und nicht etwa eine Sammlung kurzer Aufs\u00e4tze. Es werden in m\u00fchevoller Kleinarbeit einzelne Zusammenh\u00e4nge erforscht und \u00e4ltere Publikationen neu ausgewertet und auch schon einmal wiederlegt.<\/p>\n<p>Dies allein weist schon darauf hin, das es sich nicht um ein Buch handelt, in das man mal kurz vor zu Bett gehen reinbl\u00e4ttert um mal ein Kapitel zu lesen. Es handelt sich um ein Publikation, die man am Besten mit einem\u00a0Notizblock\u00a0an der Seite aufmerksam und mehrmals liest.<\/p>\n<p>Wer also ein Buch sucht um sich mal mit Pippiniden und Arnulfingern auseinander zusetztem ist sicher mit Taschenb\u00fcchern wie &#8222;Die Karolinger&#8220; von Rudolf Schieffer \u00a0besser aufgehoben. Wer aber tats\u00e4chlich tief in die Materie von Siedlung, Herrschaft und Siedlungsausbau aus Historikersicht einl\u00e4sst,\u00a0erh\u00e4lt\u00a0mit &#8222;Der \u00a0L\u00fctticher Raum in fr\u00fchkarolingischer Zeit&#8220; ein scharfes Schwert!<\/p>\n<p>Das Buch ist erschienen bei <a href=\"http:\/\/www.v-r.de\/de\/title-1-1\/der_luetticher_raum_in_fruehkarolingischer_zeit-101884\/\" target=\"_blank\">Vandenhoeck &amp; Ruprecht<\/a>, besitzt 539 Seiten , leinengebunden mit 13\u00a0Karten und 2 Faltkarten. 1. Auflage 1980 ISBN 978-3-525-35373-8 und kostet 62,95, ist aber mitunter auch gebraucht zu erhalten.<\/p>\n<p>&nbsp;<\/p>\n<p><em>Offenlegung: Ich habe das Buch nicht als Rezensionsexemplar erhalten, sondern selbst gekauft. Falls Verlage auf die tolle Idee kommen sollten mir Rezensionsexemplare zuzuschicken w\u00e4re ich dar\u00fcber sehr erfreut!\u00a0<\/em><\/p>\n","protected":false},"excerpt":{"rendered":"<p>Auf Anraten eines befreundeten Historikers zum Thema fr\u00fche Karolinger, Siedlungst\u00e4tig, Landesausbau und Burgen habe ich mir von Matthia Werner &#8222;Der L\u00fctticher Raum in fr\u00fchkarolingischer Zeit -Untersuchungen zur Geschichte einer karolingischen Stammlandschaft&#8220; \u00a0zugelegt. Das in&#46;&#46;&#46;<\/p>\n","protected":false},"author":2,"featured_media":0,"comment_status":"open","ping_status":"open","sticky":false,"template":"","format":"standard","meta":{"jetpack_post_was_ever_published":false,"_jetpack_newsletter_access":"","_jetpack_dont_email_post_to_subs":false,"_jetpack_newsletter_tier_id":0,"_jetpack_memberships_contains_paywalled_content":false,"_jetpack_memberships_contains_paid_content":false,"footnotes":"","jetpack_publicize_message":"","jetpack_publicize_feature_enabled":true,"jetpack_social_post_already_shared":false,"jetpack_social_options":{"image_generator_settings":{"template":"highway","default_image_id":0,"font":"","enabled":false},"version":2}},"categories":[1],"tags":[],"class_list":["post-20865","post","type-post","status-publish","format-standard","hentry","category-geschichte"],"yoast_head":"<!-- This site is optimized with the Yoast SEO plugin v27.4 - https:\/\/yoast.com\/product\/yoast-seo-wordpress\/ -->\n<title>Der L\u00fctticher Raum in fr\u00fchkarolingischer Zeit - Buch - Tribur.de<\/title>\n<meta name=\"robots\" content=\"index, follow, max-snippet:-1, max-image-preview:large, max-video-preview:-1\" \/>\n<link rel=\"canonical\" href=\"https:\/\/www.tribur.de\/blog\/2012\/06\/13\/der-lutticher-raum-in-fruhkarolingischer-zeit-buch\/\" \/>\n<meta property=\"og:locale\" content=\"de_DE\" \/>\n<meta property=\"og:type\" content=\"article\" \/>\n<meta property=\"og:title\" content=\"Der L\u00fctticher Raum in fr\u00fchkarolingischer Zeit - Buch - Tribur.de\" \/>\n<meta property=\"og:description\" content=\"Auf Anraten eines befreundeten Historikers zum Thema fr\u00fche Karolinger, Siedlungst\u00e4tig, Landesausbau und Burgen habe ich mir von Matthia Werner &#8222;Der L\u00fctticher Raum in fr\u00fchkarolingischer Zeit -Untersuchungen zur Geschichte einer karolingischen Stammlandschaft&#8220; \u00a0zugelegt. Das in&#046;&#046;&#046;\" \/>\n<meta property=\"og:url\" content=\"https:\/\/www.tribur.de\/blog\/2012\/06\/13\/der-lutticher-raum-in-fruhkarolingischer-zeit-buch\/\" \/>\n<meta property=\"og:site_name\" content=\"Tribur.de\" \/>\n<meta property=\"article:publisher\" content=\"http:\/\/www.facebook.com\/pages\/Triburde\/184352328288771\" \/>\n<meta property=\"article:author\" content=\"http:\/\/www.facebook.com\/pages\/Triburde\/184352328288771\" \/>\n<meta property=\"article:published_time\" content=\"2012-06-13T09:12:56+00:00\" \/>\n<meta property=\"og:image\" content=\"https:\/\/i0.wp.com\/www.tribur.de\/blog\/wp-content\/uploads\/2018\/09\/cropped-logotest-2.jpg?fit=200%2C200&ssl=1\" \/>\n\t<meta property=\"og:image:width\" content=\"200\" \/>\n\t<meta property=\"og:image:height\" content=\"200\" \/>\n\t<meta property=\"og:image:type\" content=\"image\/jpeg\" \/>\n<meta name=\"author\" content=\"Markus Zwittmeier\" \/>\n<meta name=\"twitter:card\" content=\"summary_large_image\" \/>\n<meta name=\"twitter:creator\" content=\"@https:\/\/twitter.com\/tribur\" \/>\n<meta name=\"twitter:site\" content=\"@tribur\" \/>\n<meta name=\"twitter:label1\" content=\"Verfasst von\" \/>\n\t<meta name=\"twitter:data1\" content=\"Markus Zwittmeier\" \/>\n\t<meta name=\"twitter:label2\" content=\"Gesch\u00e4tzte Lesezeit\" \/>\n\t<meta name=\"twitter:data2\" content=\"2\u00a0Minuten\" \/>\n<script type=\"application\/ld+json\" class=\"yoast-schema-graph\">{\"@context\":\"https:\\\/\\\/schema.org\",\"@graph\":[{\"@type\":\"Article\",\"@id\":\"https:\\\/\\\/www.tribur.de\\\/blog\\\/2012\\\/06\\\/13\\\/der-lutticher-raum-in-fruhkarolingischer-zeit-buch\\\/#article\",\"isPartOf\":{\"@id\":\"https:\\\/\\\/www.tribur.de\\\/blog\\\/2012\\\/06\\\/13\\\/der-lutticher-raum-in-fruhkarolingischer-zeit-buch\\\/\"},\"author\":{\"name\":\"Markus Zwittmeier\",\"@id\":\"https:\\\/\\\/www.tribur.de\\\/blog\\\/#\\\/schema\\\/person\\\/3119997f09f43791809c2d1af27bba6c\"},\"headline\":\"Der L\u00fctticher Raum in fr\u00fchkarolingischer Zeit &#8211; Buch\",\"datePublished\":\"2012-06-13T09:12:56+00:00\",\"mainEntityOfPage\":{\"@id\":\"https:\\\/\\\/www.tribur.de\\\/blog\\\/2012\\\/06\\\/13\\\/der-lutticher-raum-in-fruhkarolingischer-zeit-buch\\\/\"},\"wordCount\":397,\"commentCount\":0,\"publisher\":{\"@id\":\"https:\\\/\\\/www.tribur.de\\\/blog\\\/#\\\/schema\\\/person\\\/3119997f09f43791809c2d1af27bba6c\"},\"articleSection\":[\"Geschichte\"],\"inLanguage\":\"de\",\"potentialAction\":[{\"@type\":\"CommentAction\",\"name\":\"Comment\",\"target\":[\"https:\\\/\\\/www.tribur.de\\\/blog\\\/2012\\\/06\\\/13\\\/der-lutticher-raum-in-fruhkarolingischer-zeit-buch\\\/#respond\"]}]},{\"@type\":\"WebPage\",\"@id\":\"https:\\\/\\\/www.tribur.de\\\/blog\\\/2012\\\/06\\\/13\\\/der-lutticher-raum-in-fruhkarolingischer-zeit-buch\\\/\",\"url\":\"https:\\\/\\\/www.tribur.de\\\/blog\\\/2012\\\/06\\\/13\\\/der-lutticher-raum-in-fruhkarolingischer-zeit-buch\\\/\",\"name\":\"Der L\u00fctticher Raum in fr\u00fchkarolingischer Zeit - Buch - Tribur.de\",\"isPartOf\":{\"@id\":\"https:\\\/\\\/www.tribur.de\\\/blog\\\/#website\"},\"datePublished\":\"2012-06-13T09:12:56+00:00\",\"breadcrumb\":{\"@id\":\"https:\\\/\\\/www.tribur.de\\\/blog\\\/2012\\\/06\\\/13\\\/der-lutticher-raum-in-fruhkarolingischer-zeit-buch\\\/#breadcrumb\"},\"inLanguage\":\"de\",\"potentialAction\":[{\"@type\":\"ReadAction\",\"target\":[\"https:\\\/\\\/www.tribur.de\\\/blog\\\/2012\\\/06\\\/13\\\/der-lutticher-raum-in-fruhkarolingischer-zeit-buch\\\/\"]}]},{\"@type\":\"BreadcrumbList\",\"@id\":\"https:\\\/\\\/www.tribur.de\\\/blog\\\/2012\\\/06\\\/13\\\/der-lutticher-raum-in-fruhkarolingischer-zeit-buch\\\/#breadcrumb\",\"itemListElement\":[{\"@type\":\"ListItem\",\"position\":1,\"name\":\"Home\",\"item\":\"https:\\\/\\\/www.tribur.de\\\/blog\\\/\"},{\"@type\":\"ListItem\",\"position\":2,\"name\":\"Der L\u00fctticher Raum in fr\u00fchkarolingischer Zeit &#8211; Buch\"}]},{\"@type\":\"WebSite\",\"@id\":\"https:\\\/\\\/www.tribur.de\\\/blog\\\/#website\",\"url\":\"https:\\\/\\\/www.tribur.de\\\/blog\\\/\",\"name\":\"Tribur.de\",\"description\":\"Tribur.de - Geschichte und so Zeugs\",\"publisher\":{\"@id\":\"https:\\\/\\\/www.tribur.de\\\/blog\\\/#\\\/schema\\\/person\\\/3119997f09f43791809c2d1af27bba6c\"},\"potentialAction\":[{\"@type\":\"SearchAction\",\"target\":{\"@type\":\"EntryPoint\",\"urlTemplate\":\"https:\\\/\\\/www.tribur.de\\\/blog\\\/?s={search_term_string}\"},\"query-input\":{\"@type\":\"PropertyValueSpecification\",\"valueRequired\":true,\"valueName\":\"search_term_string\"}}],\"inLanguage\":\"de\"},{\"@type\":[\"Person\",\"Organization\"],\"@id\":\"https:\\\/\\\/www.tribur.de\\\/blog\\\/#\\\/schema\\\/person\\\/3119997f09f43791809c2d1af27bba6c\",\"name\":\"Markus Zwittmeier\",\"image\":{\"@type\":\"ImageObject\",\"inLanguage\":\"de\",\"@id\":\"https:\\\/\\\/i0.wp.com\\\/www.tribur.de\\\/blog\\\/wp-content\\\/uploads\\\/2018\\\/09\\\/cropped-logotest-4.jpg?fit=200%2C200&ssl=1\",\"url\":\"https:\\\/\\\/i0.wp.com\\\/www.tribur.de\\\/blog\\\/wp-content\\\/uploads\\\/2018\\\/09\\\/cropped-logotest-4.jpg?fit=200%2C200&ssl=1\",\"contentUrl\":\"https:\\\/\\\/i0.wp.com\\\/www.tribur.de\\\/blog\\\/wp-content\\\/uploads\\\/2018\\\/09\\\/cropped-logotest-4.jpg?fit=200%2C200&ssl=1\",\"width\":200,\"height\":200,\"caption\":\"Markus Zwittmeier\"},\"logo\":{\"@id\":\"https:\\\/\\\/i0.wp.com\\\/www.tribur.de\\\/blog\\\/wp-content\\\/uploads\\\/2018\\\/09\\\/cropped-logotest-4.jpg?fit=200%2C200&ssl=1\"},\"sameAs\":[\"http:\\\/\\\/www.Tribur.de\",\"http:\\\/\\\/www.facebook.com\\\/pages\\\/Triburde\\\/184352328288771\",\"https:\\\/\\\/www.instagram.com\\\/tribur.de\\\/\",\"https:\\\/\\\/x.com\\\/https:\\\/\\\/twitter.com\\\/tribur\",\"https:\\\/\\\/www.youtube.com\\\/channel\\\/UCnEonou-x6_P4XPjBk2htCA\"],\"url\":\"https:\\\/\\\/www.tribur.de\\\/blog\\\/author\\\/markus\\\/\"}]}<\/script>\n<!-- \/ Yoast SEO plugin. -->","yoast_head_json":{"title":"Der L\u00fctticher Raum in fr\u00fchkarolingischer Zeit - Buch - Tribur.de","robots":{"index":"index","follow":"follow","max-snippet":"max-snippet:-1","max-image-preview":"max-image-preview:large","max-video-preview":"max-video-preview:-1"},"canonical":"https:\/\/www.tribur.de\/blog\/2012\/06\/13\/der-lutticher-raum-in-fruhkarolingischer-zeit-buch\/","og_locale":"de_DE","og_type":"article","og_title":"Der L\u00fctticher Raum in fr\u00fchkarolingischer Zeit - Buch - Tribur.de","og_description":"Auf Anraten eines befreundeten Historikers zum Thema fr\u00fche Karolinger, Siedlungst\u00e4tig, Landesausbau und Burgen habe ich mir von Matthia Werner &#8222;Der L\u00fctticher Raum in fr\u00fchkarolingischer Zeit -Untersuchungen zur Geschichte einer karolingischen Stammlandschaft&#8220; \u00a0zugelegt. Das in&#46;&#46;&#46;","og_url":"https:\/\/www.tribur.de\/blog\/2012\/06\/13\/der-lutticher-raum-in-fruhkarolingischer-zeit-buch\/","og_site_name":"Tribur.de","article_publisher":"http:\/\/www.facebook.com\/pages\/Triburde\/184352328288771","article_author":"http:\/\/www.facebook.com\/pages\/Triburde\/184352328288771","article_published_time":"2012-06-13T09:12:56+00:00","og_image":[{"width":200,"height":200,"url":"https:\/\/i0.wp.com\/www.tribur.de\/blog\/wp-content\/uploads\/2018\/09\/cropped-logotest-2.jpg?fit=200%2C200&ssl=1","type":"image\/jpeg"}],"author":"Markus Zwittmeier","twitter_card":"summary_large_image","twitter_creator":"@https:\/\/twitter.com\/tribur","twitter_site":"@tribur","twitter_misc":{"Verfasst von":"Markus Zwittmeier","Gesch\u00e4tzte Lesezeit":"2\u00a0Minuten"},"schema":{"@context":"https:\/\/schema.org","@graph":[{"@type":"Article","@id":"https:\/\/www.tribur.de\/blog\/2012\/06\/13\/der-lutticher-raum-in-fruhkarolingischer-zeit-buch\/#article","isPartOf":{"@id":"https:\/\/www.tribur.de\/blog\/2012\/06\/13\/der-lutticher-raum-in-fruhkarolingischer-zeit-buch\/"},"author":{"name":"Markus Zwittmeier","@id":"https:\/\/www.tribur.de\/blog\/#\/schema\/person\/3119997f09f43791809c2d1af27bba6c"},"headline":"Der L\u00fctticher Raum in fr\u00fchkarolingischer Zeit &#8211; Buch","datePublished":"2012-06-13T09:12:56+00:00","mainEntityOfPage":{"@id":"https:\/\/www.tribur.de\/blog\/2012\/06\/13\/der-lutticher-raum-in-fruhkarolingischer-zeit-buch\/"},"wordCount":397,"commentCount":0,"publisher":{"@id":"https:\/\/www.tribur.de\/blog\/#\/schema\/person\/3119997f09f43791809c2d1af27bba6c"},"articleSection":["Geschichte"],"inLanguage":"de","potentialAction":[{"@type":"CommentAction","name":"Comment","target":["https:\/\/www.tribur.de\/blog\/2012\/06\/13\/der-lutticher-raum-in-fruhkarolingischer-zeit-buch\/#respond"]}]},{"@type":"WebPage","@id":"https:\/\/www.tribur.de\/blog\/2012\/06\/13\/der-lutticher-raum-in-fruhkarolingischer-zeit-buch\/","url":"https:\/\/www.tribur.de\/blog\/2012\/06\/13\/der-lutticher-raum-in-fruhkarolingischer-zeit-buch\/","name":"Der L\u00fctticher Raum in fr\u00fchkarolingischer Zeit - Buch - Tribur.de","isPartOf":{"@id":"https:\/\/www.tribur.de\/blog\/#website"},"datePublished":"2012-06-13T09:12:56+00:00","breadcrumb":{"@id":"https:\/\/www.tribur.de\/blog\/2012\/06\/13\/der-lutticher-raum-in-fruhkarolingischer-zeit-buch\/#breadcrumb"},"inLanguage":"de","potentialAction":[{"@type":"ReadAction","target":["https:\/\/www.tribur.de\/blog\/2012\/06\/13\/der-lutticher-raum-in-fruhkarolingischer-zeit-buch\/"]}]},{"@type":"BreadcrumbList","@id":"https:\/\/www.tribur.de\/blog\/2012\/06\/13\/der-lutticher-raum-in-fruhkarolingischer-zeit-buch\/#breadcrumb","itemListElement":[{"@type":"ListItem","position":1,"name":"Home","item":"https:\/\/www.tribur.de\/blog\/"},{"@type":"ListItem","position":2,"name":"Der L\u00fctticher Raum in fr\u00fchkarolingischer Zeit &#8211; Buch"}]},{"@type":"WebSite","@id":"https:\/\/www.tribur.de\/blog\/#website","url":"https:\/\/www.tribur.de\/blog\/","name":"Tribur.de","description":"Tribur.de - Geschichte und so Zeugs","publisher":{"@id":"https:\/\/www.tribur.de\/blog\/#\/schema\/person\/3119997f09f43791809c2d1af27bba6c"},"potentialAction":[{"@type":"SearchAction","target":{"@type":"EntryPoint","urlTemplate":"https:\/\/www.tribur.de\/blog\/?s={search_term_string}"},"query-input":{"@type":"PropertyValueSpecification","valueRequired":true,"valueName":"search_term_string"}}],"inLanguage":"de"},{"@type":["Person","Organization"],"@id":"https:\/\/www.tribur.de\/blog\/#\/schema\/person\/3119997f09f43791809c2d1af27bba6c","name":"Markus Zwittmeier","image":{"@type":"ImageObject","inLanguage":"de","@id":"https:\/\/i0.wp.com\/www.tribur.de\/blog\/wp-content\/uploads\/2018\/09\/cropped-logotest-4.jpg?fit=200%2C200&ssl=1","url":"https:\/\/i0.wp.com\/www.tribur.de\/blog\/wp-content\/uploads\/2018\/09\/cropped-logotest-4.jpg?fit=200%2C200&ssl=1","contentUrl":"https:\/\/i0.wp.com\/www.tribur.de\/blog\/wp-content\/uploads\/2018\/09\/cropped-logotest-4.jpg?fit=200%2C200&ssl=1","width":200,"height":200,"caption":"Markus Zwittmeier"},"logo":{"@id":"https:\/\/i0.wp.com\/www.tribur.de\/blog\/wp-content\/uploads\/2018\/09\/cropped-logotest-4.jpg?fit=200%2C200&ssl=1"},"sameAs":["http:\/\/www.Tribur.de","http:\/\/www.facebook.com\/pages\/Triburde\/184352328288771","https:\/\/www.instagram.com\/tribur.de\/","https:\/\/x.com\/https:\/\/twitter.com\/tribur","https:\/\/www.youtube.com\/channel\/UCnEonou-x6_P4XPjBk2htCA"],"url":"https:\/\/www.tribur.de\/blog\/author\/markus\/"}]}},"jetpack_publicize_connections":[],"jetpack_featured_media_url":"","jetpack_shortlink":"https:\/\/wp.me\/p1mHPu-5qx","jetpack_sharing_enabled":true,"_links":{"self":[{"href":"https:\/\/www.tribur.de\/blog\/wp-json\/wp\/v2\/posts\/20865","targetHints":{"allow":["GET"]}}],"collection":[{"href":"https:\/\/www.tribur.de\/blog\/wp-json\/wp\/v2\/posts"}],"about":[{"href":"https:\/\/www.tribur.de\/blog\/wp-json\/wp\/v2\/types\/post"}],"author":[{"embeddable":true,"href":"https:\/\/www.tribur.de\/blog\/wp-json\/wp\/v2\/users\/2"}],"replies":[{"embeddable":true,"href":"https:\/\/www.tribur.de\/blog\/wp-json\/wp\/v2\/comments?post=20865"}],"version-history":[{"count":21,"href":"https:\/\/www.tribur.de\/blog\/wp-json\/wp\/v2\/posts\/20865\/revisions"}],"predecessor-version":[{"id":20958,"href":"https:\/\/www.tribur.de\/blog\/wp-json\/wp\/v2\/posts\/20865\/revisions\/20958"}],"wp:attachment":[{"href":"https:\/\/www.tribur.de\/blog\/wp-json\/wp\/v2\/media?parent=20865"}],"wp:term":[{"taxonomy":"category","embeddable":true,"href":"https:\/\/www.tribur.de\/blog\/wp-json\/wp\/v2\/categories?post=20865"},{"taxonomy":"post_tag","embeddable":true,"href":"https:\/\/www.tribur.de\/blog\/wp-json\/wp\/v2\/tags?post=20865"}],"curies":[{"name":"wp","href":"https:\/\/api.w.org\/{rel}","templated":true}]}}